{"id":21125,"date":"2022-05-17T00:05:00","date_gmt":"2022-05-16T23:05:00","guid":{"rendered":"https:\/\/lasentinelle.dz\/?p=21125"},"modified":"2022-05-16T17:29:01","modified_gmt":"2022-05-16T16:29:01","slug":"equipe-nationale-pas-de-match-face-a-luruguay","status":"publish","type":"post","link":"https:\/\/lasentinelle.dz\/index.php\/2022\/05\/17\/equipe-nationale-pas-de-match-face-a-luruguay\/","title":{"rendered":"\u00c9quipe nationale\u00a0:\u00a0Pas de match face \u00e0 l\u2019Uruguay\u00a0"},"content":{"rendered":"\n<p>L\u2019Equipe nationale de football retrouvera prochainement le chemin des&nbsp;comp\u00e9titions&nbsp;&nbsp;officielles, avec le coup du starter des Eliminatoires de la Coupe d\u2019Afrique des nations (CAN-2023). Elle d\u00e9butera au nouveau stade d\u2019Oran face \u00e0 l\u2019Ouganda, le 4 juins prochain, avant un d\u00e9placement en Tanzanie pour affronter la s\u00e9lection locale, le 8 du m\u00eame mois.&nbsp;<\/p>\n\n\n\n<p>\u00c0&nbsp;l\u2019occasion de cette fen\u00eatre FIFA, plusieurs s\u00e9lections qualifi\u00e9es pour le Mondial-2022 au Qatar souhaitent donner la r\u00e9plique aux Verts en matchs de pr\u00e9paration. Selon des sources, une proposition aurait atterri sur le bureau de la F\u00e9d\u00e9ration alg\u00e9rienne (FAF) \u00e9manant de son homologue de l\u2019Uruguay. Cette derni\u00e8re veut organiser une joute amicale entre les s\u00e9lections des deux pays, le 13 ou le 14 juin \u00e0 Montevideo, la capitale uruguayenne. Une proposition qui semble int\u00e9ressante pour la bande \u00e0 Djamel Belmadi face au 13e du dernier classement FIFA. Seulement, et \u00e0 en croire des sources, le coach national a d\u00e9clin\u00e9 cette proposition pour des raisons organisationnelles. En r\u00e9alit\u00e9, il refuse surtout le long d\u00e9placement jusqu\u2019\u00e0 Montevideo, sachant que son \u00e9quipe effectuera d\u00e9j\u00e0 un tr\u00e8s long d\u00e9placement en Tanzanie. La tendance va, apprend-on de m\u00eames sources, vers l\u2019Arabie saoudite, o\u00f9 les Verts devraient affronter un adversaire asiatique qui reste \u00e0 d\u00e9terminer. Il faut dire que la piste des Alg\u00e9riens int\u00e9ressent plusieurs s\u00e9lections et Belmadi aura, donc, l\u2019embarras du choix dans ce sens. Seulement, sa concentration va surtout vers les \u00e9liminatoires de la CAN et \u00e0 la meilleure formule \u00e0 trouver afin de permettre \u00e0 son \u00e9quipe de se relever apr\u00e8s deux \u00e9checs cuisants lors de la CAN-2021 au Cameroun, avec une sortie au premier tour, suivie de l\u2019\u00e9limination d\u2019une qualification \u00e0 la Coupe du Monde au Qatar. Apr\u00e8s les deux matchs face \u00e0 l\u2019Ouganda et la Tanzanie les co\u00e9quipiers du capitaine Mahrez reprendront les qualifications en septembre (17-29 septembre) en recevant le Niger, avant de se rendre \u00e0 Niamey pour croiser le fer avec le m\u00eame adversaire. Les deux derni\u00e8res journ\u00e9es sont programm\u00e9es entre les 20 et 28 mars 2023. L&rsquo;Alg\u00e9rie sera en appel \u00e0 Kampala pour affronter l&rsquo;Ouganda, avant de boucler sa campagne \u00e0 domicile face \u00e0 la Tanzanie.<\/p>\n\n\n\n<p>Abderrahim Mahious<\/p>\n","protected":false},"excerpt":{"rendered":"<p>L\u2019Equipe nationale de football retrouvera prochainement le chemin des&nbsp;comp\u00e9titions&nbsp;&nbsp;officielles, avec le coup du starter des Eliminatoires de la Coupe d\u2019Afrique<\/p>\n","protected":false},"author":3,"featured_media":21132,"comment_status":"open","ping_status":"closed","sticky":false,"template":"","format":"standard","meta":{"colormag_page_container_layout":"default_layout","colormag_page_sidebar_layout":"default_layout","om_disable_all_campaigns":false,"_monsterinsights_skip_tracking":false,"_monsterinsights_sitenote_active":false,"_monsterinsights_sitenote_note":"","_monsterinsights_sitenote_category":0,"footnotes":"","_wpscppro_dont_share_socialmedia":false,"_wpscppro_custom_social_share_image":0,"_facebook_share_type":"","_twitter_share_type":"","_linkedin_share_type":"","_pinterest_share_type":"","_linkedin_share_type_page":"","_instagram_share_type":"","_medium_share_type":"","_threads_share_type":"","_google_business_share_type":"","_selected_social_profile":[],"_wpsp_enable_custom_social_template":false,"_wpsp_social_scheduling":{"enabled":false,"datetime":null,"platforms":[],"status":"template_only","dateOption":"today","timeOption":"now","customDays":"","customHours":"","customDate":"","customTime":"","schedulingType":"absolute"},"_wpsp_active_default_template":true},"categories":[52,33],"tags":[],"class_list":["post-21125","post","type-post","status-publish","format-standard","has-post-thumbnail","hentry","category-a-la-une","category-sports"],"aioseo_notices":[],"yoast_head":"<!-- This site is optimized with the Yoast SEO plugin v27.5 - https:\/\/yoast.com\/product\/yoast-seo-wordpress\/ -->\n<title>\u00c9quipe nationale\u00a0:\u00a0Pas de match face \u00e0 l\u2019Uruguay\u00a0 - La Sentinelle<\/title>\n<meta name=\"robots\" content=\"index, follow, max-snippet:-1, max-image-preview:large, max-video-preview:-1\" \/>\n<link rel=\"canonical\" href=\"https:\/\/lasentinelle.dz\/index.php\/2022\/05\/17\/equipe-nationale-pas-de-match-face-a-luruguay\/\" \/>\n<meta property=\"og:locale\" content=\"fr_FR\" \/>\n<meta property=\"og:type\" content=\"article\" \/>\n<meta property=\"og:title\" content=\"\u00c9quipe nationale\u00a0:\u00a0Pas de match face \u00e0 l\u2019Uruguay\u00a0 - La Sentinelle\" \/>\n<meta property=\"og:description\" content=\"L\u2019Equipe nationale de football retrouvera prochainement le chemin des&nbsp;comp\u00e9titions&nbsp;&nbsp;officielles, avec le coup du starter des Eliminatoires de la Coupe d\u2019Afrique\" \/>\n<meta property=\"og:url\" content=\"https:\/\/lasentinelle.dz\/index.php\/2022\/05\/17\/equipe-nationale-pas-de-match-face-a-luruguay\/\" \/>\n<meta property=\"og:site_name\" content=\"La Sentinelle\" \/>\n<meta property=\"article:publisher\" content=\"https:\/\/www.facebook.com\/La-Sentinelle-104059864394773\" \/>\n<meta property=\"article:published_time\" content=\"2022-05-16T23:05:00+00:00\" \/>\n<meta property=\"og:image\" content=\"https:\/\/lasentinelle.dz\/wp-content\/uploads\/2022\/05\/Equipe-nationale.png\" \/>\n\t<meta property=\"og:image:width\" content=\"1065\" \/>\n\t<meta property=\"og:image:height\" content=\"900\" \/>\n\t<meta property=\"og:image:type\" content=\"image\/png\" \/>\n<meta name=\"author\" content=\"La Sentinelle\" \/>\n<meta name=\"twitter:card\" content=\"summary_large_image\" \/>\n<meta name=\"twitter:label1\" content=\"\u00c9crit par\" \/>\n\t<meta name=\"twitter:data1\" content=\"La Sentinelle\" \/>\n\t<meta name=\"twitter:label2\" content=\"Dur\u00e9e de lecture estim\u00e9e\" \/>\n\t<meta name=\"twitter:data2\" content=\"2 minutes\" \/>\n<script type=\"application\/ld+json\" class=\"yoast-schema-graph\">{\"@context\":\"https:\\\/\\\/schema.org\",\"@graph\":[{\"@type\":\"Article\",\"@id\":\"https:\\\/\\\/lasentinelle.dz\\\/index.php\\\/2022\\\/05\\\/17\\\/equipe-nationale-pas-de-match-face-a-luruguay\\\/#article\",\"isPartOf\":{\"@id\":\"https:\\\/\\\/lasentinelle.dz\\\/index.php\\\/2022\\\/05\\\/17\\\/equipe-nationale-pas-de-match-face-a-luruguay\\\/\"},\"author\":{\"name\":\"La Sentinelle\",\"@id\":\"https:\\\/\\\/lasentinelle.dz\\\/#\\\/schema\\\/person\\\/d865044e22e70a75174ce8bcad3acfb3\"},\"headline\":\"\u00c9quipe nationale\u00a0:\u00a0Pas de match face \u00e0 l\u2019Uruguay\u00a0\",\"datePublished\":\"2022-05-16T23:05:00+00:00\",\"mainEntityOfPage\":{\"@id\":\"https:\\\/\\\/lasentinelle.dz\\\/index.php\\\/2022\\\/05\\\/17\\\/equipe-nationale-pas-de-match-face-a-luruguay\\\/\"},\"wordCount\":392,\"commentCount\":0,\"publisher\":{\"@id\":\"https:\\\/\\\/lasentinelle.dz\\\/#organization\"},\"image\":{\"@id\":\"https:\\\/\\\/lasentinelle.dz\\\/index.php\\\/2022\\\/05\\\/17\\\/equipe-nationale-pas-de-match-face-a-luruguay\\\/#primaryimage\"},\"thumbnailUrl\":\"https:\\\/\\\/lasentinelle.dz\\\/wp-content\\\/uploads\\\/2022\\\/05\\\/Equipe-nationale.png\",\"articleSection\":[\"\u00c0 la Une\",\"Sports\"],\"inLanguage\":\"fr-FR\",\"potentialAction\":[{\"@type\":\"CommentAction\",\"name\":\"Comment\",\"target\":[\"https:\\\/\\\/lasentinelle.dz\\\/index.php\\\/2022\\\/05\\\/17\\\/equipe-nationale-pas-de-match-face-a-luruguay\\\/#respond\"]}]},{\"@type\":\"WebPage\",\"@id\":\"https:\\\/\\\/lasentinelle.dz\\\/index.php\\\/2022\\\/05\\\/17\\\/equipe-nationale-pas-de-match-face-a-luruguay\\\/\",\"url\":\"https:\\\/\\\/lasentinelle.dz\\\/index.php\\\/2022\\\/05\\\/17\\\/equipe-nationale-pas-de-match-face-a-luruguay\\\/\",\"name\":\"\u00c9quipe nationale\u00a0:\u00a0Pas de match face \u00e0 l\u2019Uruguay\u00a0 - La Sentinelle\",\"isPartOf\":{\"@id\":\"https:\\\/\\\/lasentinelle.dz\\\/#website\"},\"primaryImageOfPage\":{\"@id\":\"https:\\\/\\\/lasentinelle.dz\\\/index.php\\\/2022\\\/05\\\/17\\\/equipe-nationale-pas-de-match-face-a-luruguay\\\/#primaryimage\"},\"image\":{\"@id\":\"https:\\\/\\\/lasentinelle.dz\\\/index.php\\\/2022\\\/05\\\/17\\\/equipe-nationale-pas-de-match-face-a-luruguay\\\/#primaryimage\"},\"thumbnailUrl\":\"https:\\\/\\\/lasentinelle.dz\\\/wp-content\\\/uploads\\\/2022\\\/05\\\/Equipe-nationale.png\",\"datePublished\":\"2022-05-16T23:05:00+00:00\",\"breadcrumb\":{\"@id\":\"https:\\\/\\\/lasentinelle.dz\\\/index.php\\\/2022\\\/05\\\/17\\\/equipe-nationale-pas-de-match-face-a-luruguay\\\/#breadcrumb\"},\"inLanguage\":\"fr-FR\",\"potentialAction\":[{\"@type\":\"ReadAction\",\"target\":[\"https:\\\/\\\/lasentinelle.dz\\\/index.php\\\/2022\\\/05\\\/17\\\/equipe-nationale-pas-de-match-face-a-luruguay\\\/\"]}]},{\"@type\":\"ImageObject\",\"inLanguage\":\"fr-FR\",\"@id\":\"https:\\\/\\\/lasentinelle.dz\\\/index.php\\\/2022\\\/05\\\/17\\\/equipe-nationale-pas-de-match-face-a-luruguay\\\/#primaryimage\",\"url\":\"https:\\\/\\\/lasentinelle.dz\\\/wp-content\\\/uploads\\\/2022\\\/05\\\/Equipe-nationale.png\",\"contentUrl\":\"https:\\\/\\\/lasentinelle.dz\\\/wp-content\\\/uploads\\\/2022\\\/05\\\/Equipe-nationale.png\",\"width\":1065,\"height\":900},{\"@type\":\"BreadcrumbList\",\"@id\":\"https:\\\/\\\/lasentinelle.dz\\\/index.php\\\/2022\\\/05\\\/17\\\/equipe-nationale-pas-de-match-face-a-luruguay\\\/#breadcrumb\",\"itemListElement\":[{\"@type\":\"ListItem\",\"position\":1,\"name\":\"Accueil\",\"item\":\"https:\\\/\\\/lasentinelle.dz\\\/\"},{\"@type\":\"ListItem\",\"position\":2,\"name\":\"\u00c9quipe nationale\u00a0:\u00a0Pas de match face \u00e0 l\u2019Uruguay\u00a0\"}]},{\"@type\":\"WebSite\",\"@id\":\"https:\\\/\\\/lasentinelle.dz\\\/#website\",\"url\":\"https:\\\/\\\/lasentinelle.dz\\\/\",\"name\":\"La Sentinelle\",\"description\":\"Quotidien national d&#039;information\",\"publisher\":{\"@id\":\"https:\\\/\\\/lasentinelle.dz\\\/#organization\"},\"potentialAction\":[{\"@type\":\"SearchAction\",\"target\":{\"@type\":\"EntryPoint\",\"urlTemplate\":\"https:\\\/\\\/lasentinelle.dz\\\/?s={search_term_string}\"},\"query-input\":{\"@type\":\"PropertyValueSpecification\",\"valueRequired\":true,\"valueName\":\"search_term_string\"}}],\"inLanguage\":\"fr-FR\"},{\"@type\":\"Organization\",\"@id\":\"https:\\\/\\\/lasentinelle.dz\\\/#organization\",\"name\":\"Quotidien La Sentinelle\",\"url\":\"https:\\\/\\\/lasentinelle.dz\\\/\",\"logo\":{\"@type\":\"ImageObject\",\"inLanguage\":\"fr-FR\",\"@id\":\"https:\\\/\\\/lasentinelle.dz\\\/#\\\/schema\\\/logo\\\/image\\\/\",\"url\":\"https:\\\/\\\/lasentinelle.dz\\\/wp-content\\\/uploads\\\/2021\\\/09\\\/logo-sentinelleSLOGAN-1.png\",\"contentUrl\":\"https:\\\/\\\/lasentinelle.dz\\\/wp-content\\\/uploads\\\/2021\\\/09\\\/logo-sentinelleSLOGAN-1.png\",\"width\":615,\"height\":142,\"caption\":\"Quotidien La Sentinelle\"},\"image\":{\"@id\":\"https:\\\/\\\/lasentinelle.dz\\\/#\\\/schema\\\/logo\\\/image\\\/\"},\"sameAs\":[\"https:\\\/\\\/www.facebook.com\\\/La-Sentinelle-104059864394773\"]},{\"@type\":\"Person\",\"@id\":\"https:\\\/\\\/lasentinelle.dz\\\/#\\\/schema\\\/person\\\/d865044e22e70a75174ce8bcad3acfb3\",\"name\":\"La Sentinelle\",\"image\":{\"@type\":\"ImageObject\",\"inLanguage\":\"fr-FR\",\"@id\":\"https:\\\/\\\/secure.gravatar.com\\\/avatar\\\/57de8e5d4b15d43fb361a71fbb36338450fe67865b528a43dd10ef7c51a20392?s=96&d=mm&r=g\",\"url\":\"https:\\\/\\\/secure.gravatar.com\\\/avatar\\\/57de8e5d4b15d43fb361a71fbb36338450fe67865b528a43dd10ef7c51a20392?s=96&d=mm&r=g\",\"contentUrl\":\"https:\\\/\\\/secure.gravatar.com\\\/avatar\\\/57de8e5d4b15d43fb361a71fbb36338450fe67865b528a43dd10ef7c51a20392?s=96&d=mm&r=g\",\"caption\":\"La Sentinelle\"},\"sameAs\":[\"http:\\\/\\\/www.lasentinelle.dz\"],\"url\":\"https:\\\/\\\/lasentinelle.dz\\\/author\\\/redaction\\\/\"}]}<\/script>\n<!-- \/ Yoast SEO plugin. -->","yoast_head_json":{"title":"\u00c9quipe nationale\u00a0:\u00a0Pas de match face \u00e0 l\u2019Uruguay\u00a0 - La Sentinelle","robots":{"index":"index","follow":"follow","max-snippet":"max-snippet:-1","max-image-preview":"max-image-preview:large","max-video-preview":"max-video-preview:-1"},"canonical":"https:\/\/lasentinelle.dz\/index.php\/2022\/05\/17\/equipe-nationale-pas-de-match-face-a-luruguay\/","og_locale":"fr_FR","og_type":"article","og_title":"\u00c9quipe nationale\u00a0:\u00a0Pas de match face \u00e0 l\u2019Uruguay\u00a0 - La Sentinelle","og_description":"L\u2019Equipe nationale de football retrouvera prochainement le chemin des&nbsp;comp\u00e9titions&nbsp;&nbsp;officielles, avec le coup du starter des Eliminatoires de la Coupe d\u2019Afrique","og_url":"https:\/\/lasentinelle.dz\/index.php\/2022\/05\/17\/equipe-nationale-pas-de-match-face-a-luruguay\/","og_site_name":"La Sentinelle","article_publisher":"https:\/\/www.facebook.com\/La-Sentinelle-104059864394773","article_published_time":"2022-05-16T23:05:00+00:00","og_image":[{"width":1065,"height":900,"url":"https:\/\/lasentinelle.dz\/wp-content\/uploads\/2022\/05\/Equipe-nationale.png","type":"image\/png"}],"author":"La Sentinelle","twitter_card":"summary_large_image","twitter_misc":{"\u00c9crit par":"La Sentinelle","Dur\u00e9e de lecture estim\u00e9e":"2 minutes"},"schema":{"@context":"https:\/\/schema.org","@graph":[{"@type":"Article","@id":"https:\/\/lasentinelle.dz\/index.php\/2022\/05\/17\/equipe-nationale-pas-de-match-face-a-luruguay\/#article","isPartOf":{"@id":"https:\/\/lasentinelle.dz\/index.php\/2022\/05\/17\/equipe-nationale-pas-de-match-face-a-luruguay\/"},"author":{"name":"La Sentinelle","@id":"https:\/\/lasentinelle.dz\/#\/schema\/person\/d865044e22e70a75174ce8bcad3acfb3"},"headline":"\u00c9quipe nationale\u00a0:\u00a0Pas de match face \u00e0 l\u2019Uruguay\u00a0","datePublished":"2022-05-16T23:05:00+00:00","mainEntityOfPage":{"@id":"https:\/\/lasentinelle.dz\/index.php\/2022\/05\/17\/equipe-nationale-pas-de-match-face-a-luruguay\/"},"wordCount":392,"commentCount":0,"publisher":{"@id":"https:\/\/lasentinelle.dz\/#organization"},"image":{"@id":"https:\/\/lasentinelle.dz\/index.php\/2022\/05\/17\/equipe-nationale-pas-de-match-face-a-luruguay\/#primaryimage"},"thumbnailUrl":"https:\/\/lasentinelle.dz\/wp-content\/uploads\/2022\/05\/Equipe-nationale.png","articleSection":["\u00c0 la Une","Sports"],"inLanguage":"fr-FR","potentialAction":[{"@type":"CommentAction","name":"Comment","target":["https:\/\/lasentinelle.dz\/index.php\/2022\/05\/17\/equipe-nationale-pas-de-match-face-a-luruguay\/#respond"]}]},{"@type":"WebPage","@id":"https:\/\/lasentinelle.dz\/index.php\/2022\/05\/17\/equipe-nationale-pas-de-match-face-a-luruguay\/","url":"https:\/\/lasentinelle.dz\/index.php\/2022\/05\/17\/equipe-nationale-pas-de-match-face-a-luruguay\/","name":"\u00c9quipe nationale\u00a0:\u00a0Pas de match face \u00e0 l\u2019Uruguay\u00a0 - La Sentinelle","isPartOf":{"@id":"https:\/\/lasentinelle.dz\/#website"},"primaryImageOfPage":{"@id":"https:\/\/lasentinelle.dz\/index.php\/2022\/05\/17\/equipe-nationale-pas-de-match-face-a-luruguay\/#primaryimage"},"image":{"@id":"https:\/\/lasentinelle.dz\/index.php\/2022\/05\/17\/equipe-nationale-pas-de-match-face-a-luruguay\/#primaryimage"},"thumbnailUrl":"https:\/\/lasentinelle.dz\/wp-content\/uploads\/2022\/05\/Equipe-nationale.png","datePublished":"2022-05-16T23:05:00+00:00","breadcrumb":{"@id":"https:\/\/lasentinelle.dz\/index.php\/2022\/05\/17\/equipe-nationale-pas-de-match-face-a-luruguay\/#breadcrumb"},"inLanguage":"fr-FR","potentialAction":[{"@type":"ReadAction","target":["https:\/\/lasentinelle.dz\/index.php\/2022\/05\/17\/equipe-nationale-pas-de-match-face-a-luruguay\/"]}]},{"@type":"ImageObject","inLanguage":"fr-FR","@id":"https:\/\/lasentinelle.dz\/index.php\/2022\/05\/17\/equipe-nationale-pas-de-match-face-a-luruguay\/#primaryimage","url":"https:\/\/lasentinelle.dz\/wp-content\/uploads\/2022\/05\/Equipe-nationale.png","contentUrl":"https:\/\/lasentinelle.dz\/wp-content\/uploads\/2022\/05\/Equipe-nationale.png","width":1065,"height":900},{"@type":"BreadcrumbList","@id":"https:\/\/lasentinelle.dz\/index.php\/2022\/05\/17\/equipe-nationale-pas-de-match-face-a-luruguay\/#breadcrumb","itemListElement":[{"@type":"ListItem","position":1,"name":"Accueil","item":"https:\/\/lasentinelle.dz\/"},{"@type":"ListItem","position":2,"name":"\u00c9quipe nationale\u00a0:\u00a0Pas de match face \u00e0 l\u2019Uruguay\u00a0"}]},{"@type":"WebSite","@id":"https:\/\/lasentinelle.dz\/#website","url":"https:\/\/lasentinelle.dz\/","name":"La Sentinelle","description":"Quotidien national d&#039;information","publisher":{"@id":"https:\/\/lasentinelle.dz\/#organization"},"potentialAction":[{"@type":"SearchAction","target":{"@type":"EntryPoint","urlTemplate":"https:\/\/lasentinelle.dz\/?s={search_term_string}"},"query-input":{"@type":"PropertyValueSpecification","valueRequired":true,"valueName":"search_term_string"}}],"inLanguage":"fr-FR"},{"@type":"Organization","@id":"https:\/\/lasentinelle.dz\/#organization","name":"Quotidien La Sentinelle","url":"https:\/\/lasentinelle.dz\/","logo":{"@type":"ImageObject","inLanguage":"fr-FR","@id":"https:\/\/lasentinelle.dz\/#\/schema\/logo\/image\/","url":"https:\/\/lasentinelle.dz\/wp-content\/uploads\/2021\/09\/logo-sentinelleSLOGAN-1.png","contentUrl":"https:\/\/lasentinelle.dz\/wp-content\/uploads\/2021\/09\/logo-sentinelleSLOGAN-1.png","width":615,"height":142,"caption":"Quotidien La Sentinelle"},"image":{"@id":"https:\/\/lasentinelle.dz\/#\/schema\/logo\/image\/"},"sameAs":["https:\/\/www.facebook.com\/La-Sentinelle-104059864394773"]},{"@type":"Person","@id":"https:\/\/lasentinelle.dz\/#\/schema\/person\/d865044e22e70a75174ce8bcad3acfb3","name":"La Sentinelle","image":{"@type":"ImageObject","inLanguage":"fr-FR","@id":"https:\/\/secure.gravatar.com\/avatar\/57de8e5d4b15d43fb361a71fbb36338450fe67865b528a43dd10ef7c51a20392?s=96&d=mm&r=g","url":"https:\/\/secure.gravatar.com\/avatar\/57de8e5d4b15d43fb361a71fbb36338450fe67865b528a43dd10ef7c51a20392?s=96&d=mm&r=g","contentUrl":"https:\/\/secure.gravatar.com\/avatar\/57de8e5d4b15d43fb361a71fbb36338450fe67865b528a43dd10ef7c51a20392?s=96&d=mm&r=g","caption":"La Sentinelle"},"sameAs":["http:\/\/www.lasentinelle.dz"],"url":"https:\/\/lasentinelle.dz\/author\/redaction\/"}]}},"_links":{"self":[{"href":"https:\/\/lasentinelle.dz\/index.php\/wp-json\/wp\/v2\/posts\/21125","targetHints":{"allow":["GET"]}}],"collection":[{"href":"https:\/\/lasentinelle.dz\/index.php\/wp-json\/wp\/v2\/posts"}],"about":[{"href":"https:\/\/lasentinelle.dz\/index.php\/wp-json\/wp\/v2\/types\/post"}],"author":[{"embeddable":true,"href":"https:\/\/lasentinelle.dz\/index.php\/wp-json\/wp\/v2\/users\/3"}],"replies":[{"embeddable":true,"href":"https:\/\/lasentinelle.dz\/index.php\/wp-json\/wp\/v2\/comments?post=21125"}],"version-history":[{"count":1,"href":"https:\/\/lasentinelle.dz\/index.php\/wp-json\/wp\/v2\/posts\/21125\/revisions"}],"predecessor-version":[{"id":21133,"href":"https:\/\/lasentinelle.dz\/index.php\/wp-json\/wp\/v2\/posts\/21125\/revisions\/21133"}],"wp:featuredmedia":[{"embeddable":true,"href":"https:\/\/lasentinelle.dz\/index.php\/wp-json\/wp\/v2\/media\/21132"}],"wp:attachment":[{"href":"https:\/\/lasentinelle.dz\/index.php\/wp-json\/wp\/v2\/media?parent=21125"}],"wp:term":[{"taxonomy":"category","embeddable":true,"href":"https:\/\/lasentinelle.dz\/index.php\/wp-json\/wp\/v2\/categories?post=21125"},{"taxonomy":"post_tag","embeddable":true,"href":"https:\/\/lasentinelle.dz\/index.php\/wp-json\/wp\/v2\/tags?post=21125"}],"curies":[{"name":"wp","href":"https:\/\/api.w.org\/{rel}","templated":true}]}}