{"id":21145,"date":"2022-05-17T00:01:00","date_gmt":"2022-05-16T23:01:00","guid":{"rendered":"https:\/\/lasentinelle.dz\/?p=21145"},"modified":"2022-05-16T19:36:53","modified_gmt":"2022-05-16T18:36:53","slug":"greve-nationale-des-inspecteurs-de-travail-plus-de-70-de-taux-de-suivi","status":"publish","type":"post","link":"https:\/\/lasentinelle.dz\/index.php\/2022\/05\/17\/greve-nationale-des-inspecteurs-de-travail-plus-de-70-de-taux-de-suivi\/","title":{"rendered":"Gr\u00e8ve nationale des inspecteurs de travail\u00a0:\u00a0Plus de 70% de taux\u00a0de suivi"},"content":{"rendered":"\n<p>Le Syndicat national autonome des inspecteurs du travail a expliqu\u00e9 dans un communiqu\u00e9 que le taux d\u2019adh\u00e9sion \u00e0 la gr\u00e8ve nationale \u00e0 laquelle il a&nbsp;&nbsp;appel\u00e9 a d\u00e9pass\u00e9 75% le premier jour, expliquant que le taux de participation est calcul\u00e9 sur la base du nombre total de personnes adh\u00e9rant au syndicat et appartenant \u00e0 l&rsquo;organisme d&rsquo;inspection, et non comme le fait actuellement l&rsquo;administration en calculant le nombre total d&#8217;employ\u00e9s pour r\u00e9duire le taux de participation.&nbsp;&nbsp;&nbsp;Le syndicat a&nbsp;&nbsp;indiqu\u00e9 que la gr\u00e8ve&nbsp;est motiv\u00e9e par diverses revendications notamment&nbsp;&nbsp;la n\u00e9cessit\u00e9 de&nbsp;&nbsp;corriger le syst\u00e8me&nbsp;r\u00e9glementant&nbsp;leurs missions. Et&nbsp;d\u2019ajouter&nbsp;que leurs revendications restent simples et faciles \u00e0 mettre en \u0153uvre, surtout que nombre total&nbsp;des&nbsp;inspecteurs du travail ne d\u00e9passe pas 1.200. Le syndicat avait d\u00e9nonc\u00e9 plus t\u00f4t le rejet de la demande li\u00e9e \u00e0 l&rsquo;obtention de la compensation des heures suppl\u00e9mentaires avec les \u00e9quipes duales et mixtes affili\u00e9es \u00e0 la tutelle, ou la demande d&rsquo;activation des textes du d\u00e9cret relatif au b\u00e9n\u00e9fice des primes et privil\u00e8ges pr\u00e9vus par le fonds de la tutelle pour les risques professionnels et accidents de travail, au motif que leur secteur appartient \u00e0 la fonction publique,&nbsp;&nbsp;a expliqu\u00e9 le syndicat dans son communiqu\u00e9.&nbsp;Le&nbsp;syndicat a ajout\u00e9 que la tutelle a d\u00e9cid\u00e9 de ne pas cr\u00e9er le fonds de revenu suppl\u00e9mentaire, dont b\u00e9n\u00e9ficient tous les secteurs de contr\u00f4le, \u00e0 l&rsquo;exception de l&rsquo;inspection du travail, tandis que l&rsquo;obligation de d\u00e9livrer une licence exceptionnelle pour promouvoir tous les inspecteurs du travail qui ont d\u00e9pass\u00e9 10 ans de travail ou qui ont obtenu un dipl\u00f4me sup\u00e9rieur apr\u00e8s leur emploi reste en place. Rappelons que cette gr\u00e8ve de deux jours a paralys\u00e9 le secteur \u00e0 travers l\u2019ensemble du pays dans l\u2019objectif de faire pression sur la tutelle et faire aboutir leurs revendications \u00e0 caract\u00e8re socioprofessionnel.&nbsp;<\/p>\n\n\n\n<p><strong>Sofia&nbsp;<\/strong><strong>Chahine<\/strong><\/p>\n","protected":false},"excerpt":{"rendered":"<p>Le Syndicat national autonome des inspecteurs du travail a expliqu\u00e9 dans un communiqu\u00e9 que le taux d\u2019adh\u00e9sion \u00e0 la gr\u00e8ve<\/p>\n","protected":false},"author":3,"featured_media":21156,"comment_status":"open","ping_status":"closed","sticky":false,"template":"","format":"standard","meta":{"colormag_page_container_layout":"default_layout","colormag_page_sidebar_layout":"default_layout","om_disable_all_campaigns":false,"_monsterinsights_skip_tracking":false,"_monsterinsights_sitenote_active":false,"_monsterinsights_sitenote_note":"","_monsterinsights_sitenote_category":0,"footnotes":"","_wpscppro_dont_share_socialmedia":false,"_wpscppro_custom_social_share_image":0,"_facebook_share_type":"","_twitter_share_type":"","_linkedin_share_type":"","_pinterest_share_type":"","_linkedin_share_type_page":"","_instagram_share_type":"","_medium_share_type":"","_threads_share_type":"","_google_business_share_type":"","_selected_social_profile":[],"_wpsp_enable_custom_social_template":false,"_wpsp_social_scheduling":{"enabled":false,"datetime":null,"platforms":[],"status":"template_only","dateOption":"today","timeOption":"now","customDays":"","customHours":"","customDate":"","customTime":"","schedulingType":"absolute"},"_wpsp_active_default_template":true},"categories":[27],"tags":[],"class_list":["post-21145","post","type-post","status-publish","format-standard","has-post-thumbnail","hentry","category-actualite"],"aioseo_notices":[],"yoast_head":"<!-- This site is optimized with the Yoast SEO plugin v27.5 - https:\/\/yoast.com\/product\/yoast-seo-wordpress\/ -->\n<title>Gr\u00e8ve nationale des inspecteurs de travail\u00a0:\u00a0Plus de 70% de taux\u00a0de suivi - La Sentinelle<\/title>\n<meta name=\"robots\" content=\"index, follow, max-snippet:-1, max-image-preview:large, max-video-preview:-1\" \/>\n<link rel=\"canonical\" href=\"https:\/\/lasentinelle.dz\/index.php\/2022\/05\/17\/greve-nationale-des-inspecteurs-de-travail-plus-de-70-de-taux-de-suivi\/\" \/>\n<meta property=\"og:locale\" content=\"fr_FR\" \/>\n<meta property=\"og:type\" content=\"article\" \/>\n<meta property=\"og:title\" content=\"Gr\u00e8ve nationale des inspecteurs de travail\u00a0:\u00a0Plus de 70% de taux\u00a0de suivi - La Sentinelle\" \/>\n<meta property=\"og:description\" content=\"Le Syndicat national autonome des inspecteurs du travail a expliqu\u00e9 dans un communiqu\u00e9 que le taux d\u2019adh\u00e9sion \u00e0 la gr\u00e8ve\" \/>\n<meta property=\"og:url\" content=\"https:\/\/lasentinelle.dz\/index.php\/2022\/05\/17\/greve-nationale-des-inspecteurs-de-travail-plus-de-70-de-taux-de-suivi\/\" \/>\n<meta property=\"og:site_name\" content=\"La Sentinelle\" \/>\n<meta property=\"article:publisher\" content=\"https:\/\/www.facebook.com\/La-Sentinelle-104059864394773\" \/>\n<meta property=\"article:published_time\" content=\"2022-05-16T23:01:00+00:00\" \/>\n<meta property=\"og:image\" content=\"https:\/\/lasentinelle.dz\/wp-content\/uploads\/2022\/05\/69afcc32eff2446f602976a6d6e0e14f.jpg\" \/>\n\t<meta property=\"og:image:width\" content=\"620\" \/>\n\t<meta property=\"og:image:height\" content=\"410\" \/>\n\t<meta property=\"og:image:type\" content=\"image\/jpeg\" \/>\n<meta name=\"author\" content=\"La Sentinelle\" \/>\n<meta name=\"twitter:card\" content=\"summary_large_image\" \/>\n<meta name=\"twitter:label1\" content=\"\u00c9crit par\" \/>\n\t<meta name=\"twitter:data1\" content=\"La Sentinelle\" \/>\n\t<meta name=\"twitter:label2\" content=\"Dur\u00e9e de lecture estim\u00e9e\" \/>\n\t<meta name=\"twitter:data2\" content=\"2 minutes\" \/>\n<script type=\"application\/ld+json\" class=\"yoast-schema-graph\">{\"@context\":\"https:\\\/\\\/schema.org\",\"@graph\":[{\"@type\":\"Article\",\"@id\":\"https:\\\/\\\/lasentinelle.dz\\\/index.php\\\/2022\\\/05\\\/17\\\/greve-nationale-des-inspecteurs-de-travail-plus-de-70-de-taux-de-suivi\\\/#article\",\"isPartOf\":{\"@id\":\"https:\\\/\\\/lasentinelle.dz\\\/index.php\\\/2022\\\/05\\\/17\\\/greve-nationale-des-inspecteurs-de-travail-plus-de-70-de-taux-de-suivi\\\/\"},\"author\":{\"name\":\"La Sentinelle\",\"@id\":\"https:\\\/\\\/lasentinelle.dz\\\/#\\\/schema\\\/person\\\/d865044e22e70a75174ce8bcad3acfb3\"},\"headline\":\"Gr\u00e8ve nationale des inspecteurs de travail\u00a0:\u00a0Plus de 70% de taux\u00a0de suivi\",\"datePublished\":\"2022-05-16T23:01:00+00:00\",\"mainEntityOfPage\":{\"@id\":\"https:\\\/\\\/lasentinelle.dz\\\/index.php\\\/2022\\\/05\\\/17\\\/greve-nationale-des-inspecteurs-de-travail-plus-de-70-de-taux-de-suivi\\\/\"},\"wordCount\":371,\"commentCount\":0,\"publisher\":{\"@id\":\"https:\\\/\\\/lasentinelle.dz\\\/#organization\"},\"image\":{\"@id\":\"https:\\\/\\\/lasentinelle.dz\\\/index.php\\\/2022\\\/05\\\/17\\\/greve-nationale-des-inspecteurs-de-travail-plus-de-70-de-taux-de-suivi\\\/#primaryimage\"},\"thumbnailUrl\":\"https:\\\/\\\/lasentinelle.dz\\\/wp-content\\\/uploads\\\/2022\\\/05\\\/69afcc32eff2446f602976a6d6e0e14f.jpg\",\"articleSection\":[\"Actualit\u00e9\"],\"inLanguage\":\"fr-FR\",\"potentialAction\":[{\"@type\":\"CommentAction\",\"name\":\"Comment\",\"target\":[\"https:\\\/\\\/lasentinelle.dz\\\/index.php\\\/2022\\\/05\\\/17\\\/greve-nationale-des-inspecteurs-de-travail-plus-de-70-de-taux-de-suivi\\\/#respond\"]}]},{\"@type\":\"WebPage\",\"@id\":\"https:\\\/\\\/lasentinelle.dz\\\/index.php\\\/2022\\\/05\\\/17\\\/greve-nationale-des-inspecteurs-de-travail-plus-de-70-de-taux-de-suivi\\\/\",\"url\":\"https:\\\/\\\/lasentinelle.dz\\\/index.php\\\/2022\\\/05\\\/17\\\/greve-nationale-des-inspecteurs-de-travail-plus-de-70-de-taux-de-suivi\\\/\",\"name\":\"Gr\u00e8ve nationale des inspecteurs de travail\u00a0:\u00a0Plus de 70% de taux\u00a0de suivi - La Sentinelle\",\"isPartOf\":{\"@id\":\"https:\\\/\\\/lasentinelle.dz\\\/#website\"},\"primaryImageOfPage\":{\"@id\":\"https:\\\/\\\/lasentinelle.dz\\\/index.php\\\/2022\\\/05\\\/17\\\/greve-nationale-des-inspecteurs-de-travail-plus-de-70-de-taux-de-suivi\\\/#primaryimage\"},\"image\":{\"@id\":\"https:\\\/\\\/lasentinelle.dz\\\/index.php\\\/2022\\\/05\\\/17\\\/greve-nationale-des-inspecteurs-de-travail-plus-de-70-de-taux-de-suivi\\\/#primaryimage\"},\"thumbnailUrl\":\"https:\\\/\\\/lasentinelle.dz\\\/wp-content\\\/uploads\\\/2022\\\/05\\\/69afcc32eff2446f602976a6d6e0e14f.jpg\",\"datePublished\":\"2022-05-16T23:01:00+00:00\",\"breadcrumb\":{\"@id\":\"https:\\\/\\\/lasentinelle.dz\\\/index.php\\\/2022\\\/05\\\/17\\\/greve-nationale-des-inspecteurs-de-travail-plus-de-70-de-taux-de-suivi\\\/#breadcrumb\"},\"inLanguage\":\"fr-FR\",\"potentialAction\":[{\"@type\":\"ReadAction\",\"target\":[\"https:\\\/\\\/lasentinelle.dz\\\/index.php\\\/2022\\\/05\\\/17\\\/greve-nationale-des-inspecteurs-de-travail-plus-de-70-de-taux-de-suivi\\\/\"]}]},{\"@type\":\"ImageObject\",\"inLanguage\":\"fr-FR\",\"@id\":\"https:\\\/\\\/lasentinelle.dz\\\/index.php\\\/2022\\\/05\\\/17\\\/greve-nationale-des-inspecteurs-de-travail-plus-de-70-de-taux-de-suivi\\\/#primaryimage\",\"url\":\"https:\\\/\\\/lasentinelle.dz\\\/wp-content\\\/uploads\\\/2022\\\/05\\\/69afcc32eff2446f602976a6d6e0e14f.jpg\",\"contentUrl\":\"https:\\\/\\\/lasentinelle.dz\\\/wp-content\\\/uploads\\\/2022\\\/05\\\/69afcc32eff2446f602976a6d6e0e14f.jpg\",\"width\":620,\"height\":410},{\"@type\":\"BreadcrumbList\",\"@id\":\"https:\\\/\\\/lasentinelle.dz\\\/index.php\\\/2022\\\/05\\\/17\\\/greve-nationale-des-inspecteurs-de-travail-plus-de-70-de-taux-de-suivi\\\/#breadcrumb\",\"itemListElement\":[{\"@type\":\"ListItem\",\"position\":1,\"name\":\"Accueil\",\"item\":\"https:\\\/\\\/lasentinelle.dz\\\/\"},{\"@type\":\"ListItem\",\"position\":2,\"name\":\"Gr\u00e8ve nationale des inspecteurs de travail\u00a0:\u00a0Plus de 70% de taux\u00a0de suivi\"}]},{\"@type\":\"WebSite\",\"@id\":\"https:\\\/\\\/lasentinelle.dz\\\/#website\",\"url\":\"https:\\\/\\\/lasentinelle.dz\\\/\",\"name\":\"La Sentinelle\",\"description\":\"Quotidien national d&#039;information\",\"publisher\":{\"@id\":\"https:\\\/\\\/lasentinelle.dz\\\/#organization\"},\"potentialAction\":[{\"@type\":\"SearchAction\",\"target\":{\"@type\":\"EntryPoint\",\"urlTemplate\":\"https:\\\/\\\/lasentinelle.dz\\\/?s={search_term_string}\"},\"query-input\":{\"@type\":\"PropertyValueSpecification\",\"valueRequired\":true,\"valueName\":\"search_term_string\"}}],\"inLanguage\":\"fr-FR\"},{\"@type\":\"Organization\",\"@id\":\"https:\\\/\\\/lasentinelle.dz\\\/#organization\",\"name\":\"Quotidien La Sentinelle\",\"url\":\"https:\\\/\\\/lasentinelle.dz\\\/\",\"logo\":{\"@type\":\"ImageObject\",\"inLanguage\":\"fr-FR\",\"@id\":\"https:\\\/\\\/lasentinelle.dz\\\/#\\\/schema\\\/logo\\\/image\\\/\",\"url\":\"https:\\\/\\\/lasentinelle.dz\\\/wp-content\\\/uploads\\\/2021\\\/09\\\/logo-sentinelleSLOGAN-1.png\",\"contentUrl\":\"https:\\\/\\\/lasentinelle.dz\\\/wp-content\\\/uploads\\\/2021\\\/09\\\/logo-sentinelleSLOGAN-1.png\",\"width\":615,\"height\":142,\"caption\":\"Quotidien La Sentinelle\"},\"image\":{\"@id\":\"https:\\\/\\\/lasentinelle.dz\\\/#\\\/schema\\\/logo\\\/image\\\/\"},\"sameAs\":[\"https:\\\/\\\/www.facebook.com\\\/La-Sentinelle-104059864394773\"]},{\"@type\":\"Person\",\"@id\":\"https:\\\/\\\/lasentinelle.dz\\\/#\\\/schema\\\/person\\\/d865044e22e70a75174ce8bcad3acfb3\",\"name\":\"La Sentinelle\",\"image\":{\"@type\":\"ImageObject\",\"inLanguage\":\"fr-FR\",\"@id\":\"https:\\\/\\\/secure.gravatar.com\\\/avatar\\\/57de8e5d4b15d43fb361a71fbb36338450fe67865b528a43dd10ef7c51a20392?s=96&d=mm&r=g\",\"url\":\"https:\\\/\\\/secure.gravatar.com\\\/avatar\\\/57de8e5d4b15d43fb361a71fbb36338450fe67865b528a43dd10ef7c51a20392?s=96&d=mm&r=g\",\"contentUrl\":\"https:\\\/\\\/secure.gravatar.com\\\/avatar\\\/57de8e5d4b15d43fb361a71fbb36338450fe67865b528a43dd10ef7c51a20392?s=96&d=mm&r=g\",\"caption\":\"La Sentinelle\"},\"sameAs\":[\"http:\\\/\\\/www.lasentinelle.dz\"],\"url\":\"https:\\\/\\\/lasentinelle.dz\\\/author\\\/redaction\\\/\"}]}<\/script>\n<!-- \/ Yoast SEO plugin. -->","yoast_head_json":{"title":"Gr\u00e8ve nationale des inspecteurs de travail\u00a0:\u00a0Plus de 70% de taux\u00a0de suivi - La Sentinelle","robots":{"index":"index","follow":"follow","max-snippet":"max-snippet:-1","max-image-preview":"max-image-preview:large","max-video-preview":"max-video-preview:-1"},"canonical":"https:\/\/lasentinelle.dz\/index.php\/2022\/05\/17\/greve-nationale-des-inspecteurs-de-travail-plus-de-70-de-taux-de-suivi\/","og_locale":"fr_FR","og_type":"article","og_title":"Gr\u00e8ve nationale des inspecteurs de travail\u00a0:\u00a0Plus de 70% de taux\u00a0de suivi - La Sentinelle","og_description":"Le Syndicat national autonome des inspecteurs du travail a expliqu\u00e9 dans un communiqu\u00e9 que le taux d\u2019adh\u00e9sion \u00e0 la gr\u00e8ve","og_url":"https:\/\/lasentinelle.dz\/index.php\/2022\/05\/17\/greve-nationale-des-inspecteurs-de-travail-plus-de-70-de-taux-de-suivi\/","og_site_name":"La Sentinelle","article_publisher":"https:\/\/www.facebook.com\/La-Sentinelle-104059864394773","article_published_time":"2022-05-16T23:01:00+00:00","og_image":[{"width":620,"height":410,"url":"https:\/\/lasentinelle.dz\/wp-content\/uploads\/2022\/05\/69afcc32eff2446f602976a6d6e0e14f.jpg","type":"image\/jpeg"}],"author":"La Sentinelle","twitter_card":"summary_large_image","twitter_misc":{"\u00c9crit par":"La Sentinelle","Dur\u00e9e de lecture estim\u00e9e":"2 minutes"},"schema":{"@context":"https:\/\/schema.org","@graph":[{"@type":"Article","@id":"https:\/\/lasentinelle.dz\/index.php\/2022\/05\/17\/greve-nationale-des-inspecteurs-de-travail-plus-de-70-de-taux-de-suivi\/#article","isPartOf":{"@id":"https:\/\/lasentinelle.dz\/index.php\/2022\/05\/17\/greve-nationale-des-inspecteurs-de-travail-plus-de-70-de-taux-de-suivi\/"},"author":{"name":"La Sentinelle","@id":"https:\/\/lasentinelle.dz\/#\/schema\/person\/d865044e22e70a75174ce8bcad3acfb3"},"headline":"Gr\u00e8ve nationale des inspecteurs de travail\u00a0:\u00a0Plus de 70% de taux\u00a0de suivi","datePublished":"2022-05-16T23:01:00+00:00","mainEntityOfPage":{"@id":"https:\/\/lasentinelle.dz\/index.php\/2022\/05\/17\/greve-nationale-des-inspecteurs-de-travail-plus-de-70-de-taux-de-suivi\/"},"wordCount":371,"commentCount":0,"publisher":{"@id":"https:\/\/lasentinelle.dz\/#organization"},"image":{"@id":"https:\/\/lasentinelle.dz\/index.php\/2022\/05\/17\/greve-nationale-des-inspecteurs-de-travail-plus-de-70-de-taux-de-suivi\/#primaryimage"},"thumbnailUrl":"https:\/\/lasentinelle.dz\/wp-content\/uploads\/2022\/05\/69afcc32eff2446f602976a6d6e0e14f.jpg","articleSection":["Actualit\u00e9"],"inLanguage":"fr-FR","potentialAction":[{"@type":"CommentAction","name":"Comment","target":["https:\/\/lasentinelle.dz\/index.php\/2022\/05\/17\/greve-nationale-des-inspecteurs-de-travail-plus-de-70-de-taux-de-suivi\/#respond"]}]},{"@type":"WebPage","@id":"https:\/\/lasentinelle.dz\/index.php\/2022\/05\/17\/greve-nationale-des-inspecteurs-de-travail-plus-de-70-de-taux-de-suivi\/","url":"https:\/\/lasentinelle.dz\/index.php\/2022\/05\/17\/greve-nationale-des-inspecteurs-de-travail-plus-de-70-de-taux-de-suivi\/","name":"Gr\u00e8ve nationale des inspecteurs de travail\u00a0:\u00a0Plus de 70% de taux\u00a0de suivi - La Sentinelle","isPartOf":{"@id":"https:\/\/lasentinelle.dz\/#website"},"primaryImageOfPage":{"@id":"https:\/\/lasentinelle.dz\/index.php\/2022\/05\/17\/greve-nationale-des-inspecteurs-de-travail-plus-de-70-de-taux-de-suivi\/#primaryimage"},"image":{"@id":"https:\/\/lasentinelle.dz\/index.php\/2022\/05\/17\/greve-nationale-des-inspecteurs-de-travail-plus-de-70-de-taux-de-suivi\/#primaryimage"},"thumbnailUrl":"https:\/\/lasentinelle.dz\/wp-content\/uploads\/2022\/05\/69afcc32eff2446f602976a6d6e0e14f.jpg","datePublished":"2022-05-16T23:01:00+00:00","breadcrumb":{"@id":"https:\/\/lasentinelle.dz\/index.php\/2022\/05\/17\/greve-nationale-des-inspecteurs-de-travail-plus-de-70-de-taux-de-suivi\/#breadcrumb"},"inLanguage":"fr-FR","potentialAction":[{"@type":"ReadAction","target":["https:\/\/lasentinelle.dz\/index.php\/2022\/05\/17\/greve-nationale-des-inspecteurs-de-travail-plus-de-70-de-taux-de-suivi\/"]}]},{"@type":"ImageObject","inLanguage":"fr-FR","@id":"https:\/\/lasentinelle.dz\/index.php\/2022\/05\/17\/greve-nationale-des-inspecteurs-de-travail-plus-de-70-de-taux-de-suivi\/#primaryimage","url":"https:\/\/lasentinelle.dz\/wp-content\/uploads\/2022\/05\/69afcc32eff2446f602976a6d6e0e14f.jpg","contentUrl":"https:\/\/lasentinelle.dz\/wp-content\/uploads\/2022\/05\/69afcc32eff2446f602976a6d6e0e14f.jpg","width":620,"height":410},{"@type":"BreadcrumbList","@id":"https:\/\/lasentinelle.dz\/index.php\/2022\/05\/17\/greve-nationale-des-inspecteurs-de-travail-plus-de-70-de-taux-de-suivi\/#breadcrumb","itemListElement":[{"@type":"ListItem","position":1,"name":"Accueil","item":"https:\/\/lasentinelle.dz\/"},{"@type":"ListItem","position":2,"name":"Gr\u00e8ve nationale des inspecteurs de travail\u00a0:\u00a0Plus de 70% de taux\u00a0de suivi"}]},{"@type":"WebSite","@id":"https:\/\/lasentinelle.dz\/#website","url":"https:\/\/lasentinelle.dz\/","name":"La Sentinelle","description":"Quotidien national d&#039;information","publisher":{"@id":"https:\/\/lasentinelle.dz\/#organization"},"potentialAction":[{"@type":"SearchAction","target":{"@type":"EntryPoint","urlTemplate":"https:\/\/lasentinelle.dz\/?s={search_term_string}"},"query-input":{"@type":"PropertyValueSpecification","valueRequired":true,"valueName":"search_term_string"}}],"inLanguage":"fr-FR"},{"@type":"Organization","@id":"https:\/\/lasentinelle.dz\/#organization","name":"Quotidien La Sentinelle","url":"https:\/\/lasentinelle.dz\/","logo":{"@type":"ImageObject","inLanguage":"fr-FR","@id":"https:\/\/lasentinelle.dz\/#\/schema\/logo\/image\/","url":"https:\/\/lasentinelle.dz\/wp-content\/uploads\/2021\/09\/logo-sentinelleSLOGAN-1.png","contentUrl":"https:\/\/lasentinelle.dz\/wp-content\/uploads\/2021\/09\/logo-sentinelleSLOGAN-1.png","width":615,"height":142,"caption":"Quotidien La Sentinelle"},"image":{"@id":"https:\/\/lasentinelle.dz\/#\/schema\/logo\/image\/"},"sameAs":["https:\/\/www.facebook.com\/La-Sentinelle-104059864394773"]},{"@type":"Person","@id":"https:\/\/lasentinelle.dz\/#\/schema\/person\/d865044e22e70a75174ce8bcad3acfb3","name":"La Sentinelle","image":{"@type":"ImageObject","inLanguage":"fr-FR","@id":"https:\/\/secure.gravatar.com\/avatar\/57de8e5d4b15d43fb361a71fbb36338450fe67865b528a43dd10ef7c51a20392?s=96&d=mm&r=g","url":"https:\/\/secure.gravatar.com\/avatar\/57de8e5d4b15d43fb361a71fbb36338450fe67865b528a43dd10ef7c51a20392?s=96&d=mm&r=g","contentUrl":"https:\/\/secure.gravatar.com\/avatar\/57de8e5d4b15d43fb361a71fbb36338450fe67865b528a43dd10ef7c51a20392?s=96&d=mm&r=g","caption":"La Sentinelle"},"sameAs":["http:\/\/www.lasentinelle.dz"],"url":"https:\/\/lasentinelle.dz\/author\/redaction\/"}]}},"_links":{"self":[{"href":"https:\/\/lasentinelle.dz\/index.php\/wp-json\/wp\/v2\/posts\/21145","targetHints":{"allow":["GET"]}}],"collection":[{"href":"https:\/\/lasentinelle.dz\/index.php\/wp-json\/wp\/v2\/posts"}],"about":[{"href":"https:\/\/lasentinelle.dz\/index.php\/wp-json\/wp\/v2\/types\/post"}],"author":[{"embeddable":true,"href":"https:\/\/lasentinelle.dz\/index.php\/wp-json\/wp\/v2\/users\/3"}],"replies":[{"embeddable":true,"href":"https:\/\/lasentinelle.dz\/index.php\/wp-json\/wp\/v2\/comments?post=21145"}],"version-history":[{"count":1,"href":"https:\/\/lasentinelle.dz\/index.php\/wp-json\/wp\/v2\/posts\/21145\/revisions"}],"predecessor-version":[{"id":21151,"href":"https:\/\/lasentinelle.dz\/index.php\/wp-json\/wp\/v2\/posts\/21145\/revisions\/21151"}],"wp:featuredmedia":[{"embeddable":true,"href":"https:\/\/lasentinelle.dz\/index.php\/wp-json\/wp\/v2\/media\/21156"}],"wp:attachment":[{"href":"https:\/\/lasentinelle.dz\/index.php\/wp-json\/wp\/v2\/media?parent=21145"}],"wp:term":[{"taxonomy":"category","embeddable":true,"href":"https:\/\/lasentinelle.dz\/index.php\/wp-json\/wp\/v2\/categories?post=21145"},{"taxonomy":"post_tag","embeddable":true,"href":"https:\/\/lasentinelle.dz\/index.php\/wp-json\/wp\/v2\/tags?post=21145"}],"curies":[{"name":"wp","href":"https:\/\/api.w.org\/{rel}","templated":true}]}}