{"id":21146,"date":"2022-05-17T00:05:00","date_gmt":"2022-05-16T23:05:00","guid":{"rendered":"https:\/\/lasentinelle.dz\/?p=21146"},"modified":"2022-05-16T20:12:49","modified_gmt":"2022-05-16T19:12:49","slug":"examens-du-bac-et-du-bem-les-risques-de-fuites-sont-nulles","status":"publish","type":"post","link":"https:\/\/lasentinelle.dz\/index.php\/2022\/05\/17\/examens-du-bac-et-du-bem-les-risques-de-fuites-sont-nulles\/","title":{"rendered":"Examens du Bac et du BEM\u00a0: \u00ab\u00a0Les risques de fuites sont nulles\u00a0\u00bb"},"content":{"rendered":"\n<p>Le minist\u00e8re de l\u2019\u00c9ducation nationale acc\u00e9l\u00e8re les pr\u00e9paratifs pour les examens de cycles moyen et secondaire. Il assure que cette ann\u00e9e, il n\u2019y aura aucune fuite des sujets du Baccalaur\u00e9at et du Brevet d\u2019enseignement moyen.&nbsp;<\/p>\n\n\n\n<p>\u00ab&nbsp;Cette ann\u00e9e, la fuite des sujets du BAC et du BEM est quasiment impossible gr\u00e2ce&nbsp;aux&nbsp;mesures&nbsp;prises&nbsp;par le minist\u00e8re de l\u2019\u00c9ducation nationale afin d\u2019assurer une totale protection des&nbsp;sujet&nbsp;\u00bb,&nbsp;a assur\u00e9 hier&nbsp;l\u2019inspecteur central au minist\u00e8re de l\u2019\u00c9ducation nationale, Abbas Bakhtaoui. Invit\u00e9 \u00e0 s\u2019exprimer sur les ondes de la matinale de la premi\u00e8re cha\u00eene de la Radio alg\u00e9rienne, M Bakhtaoui&nbsp;a&nbsp;appel\u00e9 les \u00e9l\u00e8ves et leurs parents \u00e0&nbsp;&nbsp;\u00ab ne pas s\u2019attarder sur les rumeurs propag\u00e9es sur les r\u00e9seaux sociaux dont les desseins sont de perturber les pr\u00e9paratifs des candidats et leur concentration \u00bb. M. Bakhtaoui qui a assur\u00e9 que le taux de risque de fuite&nbsp;des sujets&nbsp;est \u00e9gal \u00e0 z\u00e9ro a fait savoir que les sujets sont pr\u00eats, voir en \u00e9tape d\u2019impression par les commissions en charge dont les membres sont&nbsp;plac\u00e9s&nbsp;actuellement en&nbsp;isolement total.&nbsp;Par ailleurs, en plus des mesures techniques prises&nbsp;afin&nbsp;de r\u00e9duire \u00e0 n\u00e9ant les possibilit\u00e9s de fuite des sujets, l\u2019inspecteur central au minist\u00e8re de l\u2019\u00c9ducation nationale \u00e9voque des sanctions p\u00e9nales allant jusqu\u2019\u00e0 l\u2019emprisonnement des mis en cause, qui devrait r\u00e9duire les tentatives de triche. \u00ab La publication des sujets sur les r\u00e9seaux sociaux n\u2019est permise qu\u2019une fois les \u00e9l\u00e8ves commenceront \u00e0 quitter les salles d\u2019examen apr\u00e8s avoir consomm\u00e9 la moiti\u00e9 du temps imparti \u00e0 chaque discipline \u00bb, avertit-il en expliquant qu\u2019 \u00ab autrement, toute tentative de fuite avant ce temps r\u00e9glementaire est passible de poursuites, allant jusqu\u2019\u00e0 l\u2019emprisonnement. \u00bb. M. Bakhtaoui n\u2019a&nbsp;pas&nbsp;non plus manqu\u00e9 de rappeler que \u00ab l\u2019introduction en salle d\u2019examen des t\u00e9l\u00e9phones est strictement interdite \u00bb.<\/p>\n\n\n\n<p>Sur un autre volet, le minist\u00e8re de l\u2019\u00c9ducation&nbsp;nationale&nbsp;a d\u00e9cid\u00e9 de s\u2019en tenir toujours au protocole sanitaire mis sur pied par les autorit\u00e9s du pays dans le cadre de la lutte contre le Covid 19. Malgr\u00e9 les mesures d\u2019all\u00e8gement prises suite \u00e0 la stabilisation de la situation pand\u00e9mique dans notre pays, le secteur de l\u2019Education reste ainsi attach\u00e9 aux mesures de s\u00e9curit\u00e9 et autres mesures barri\u00e8res jusqu\u2019\u00e0 la fin de l\u2019ann\u00e9e et surtout s\u2019en tient aux d\u00e9cisions de la commission de suivi de l\u2019\u00e9volution de l\u2019\u00e9volution de la pand\u00e9mie, seule \u00e0 m\u00eame de donner des orientations aux pouvoirs publics. Aussi,&nbsp;&nbsp;\u00e9voquant ce chapitre, relatif aux mesures sanitaires mises en place,&nbsp;le responsable&nbsp;du minist\u00e8re de l\u2019Education nationale a fait savoir que \u00ab c\u2019est le m\u00eame protocole appliqu\u00e9 pr\u00e9c\u00e9demment qui est reconduit et qui consiste en la distanciation physique, l\u2019emp\u00eachement des encombrements \u00e0 l\u2019entr\u00e9e et la sortie des centres d\u2019examen et limiter \u00e0 20 le nombre des \u00e9l\u00e8ves par salle \u00bb.<\/p>\n\n\n\n<p>Enfin, au sujet des pr\u00e9paratifs&nbsp;des examens&nbsp;au niveau des dix nouvelles wilayas, M. Bakhtaoui a fait savoir que \u00ab les directions de l\u2019\u00e9ducation ont parachev\u00e9 la pr\u00e9paration des examens, de juin prochain&nbsp;\u00bb. Ces derniers vont se d\u00e9rouler, selon lui,&nbsp;\u00ab&nbsp;dans des conditions ordinaires, tant le minist\u00e8re assure un accompagnement direct dans tous les aspects et dans toutes les \u00e9tapes \u00bb.&nbsp;<\/p>\n\n\n\n<p><strong>Akli Amor<\/strong><\/p>\n","protected":false},"excerpt":{"rendered":"<p>Le minist\u00e8re de l\u2019\u00c9ducation nationale acc\u00e9l\u00e8re les pr\u00e9paratifs pour les examens de cycles moyen et secondaire. Il assure que cette<\/p>\n","protected":false},"author":3,"featured_media":21152,"comment_status":"open","ping_status":"closed","sticky":false,"template":"","format":"standard","meta":{"colormag_page_container_layout":"default_layout","colormag_page_sidebar_layout":"default_layout","om_disable_all_campaigns":false,"_monsterinsights_skip_tracking":false,"_monsterinsights_sitenote_active":false,"_monsterinsights_sitenote_note":"","_monsterinsights_sitenote_category":0,"footnotes":"","_wpscppro_dont_share_socialmedia":false,"_wpscppro_custom_social_share_image":0,"_facebook_share_type":"","_twitter_share_type":"","_linkedin_share_type":"","_pinterest_share_type":"","_linkedin_share_type_page":"","_instagram_share_type":"","_medium_share_type":"","_threads_share_type":"","_google_business_share_type":"","_selected_social_profile":[],"_wpsp_enable_custom_social_template":false,"_wpsp_social_scheduling":{"enabled":false,"datetime":null,"platforms":[],"status":"template_only","dateOption":"today","timeOption":"now","customDays":"","customHours":"","customDate":"","customTime":"","schedulingType":"absolute"},"_wpsp_active_default_template":true},"categories":[52,27],"tags":[],"class_list":["post-21146","post","type-post","status-publish","format-standard","has-post-thumbnail","hentry","category-a-la-une","category-actualite"],"aioseo_notices":[],"yoast_head":"<!-- This site is optimized with the Yoast SEO plugin v27.5 - https:\/\/yoast.com\/product\/yoast-seo-wordpress\/ -->\n<title>Examens du Bac et du BEM\u00a0: \u00ab\u00a0Les risques de fuites sont nulles\u00a0\u00bb - La Sentinelle<\/title>\n<meta name=\"robots\" content=\"index, follow, max-snippet:-1, max-image-preview:large, max-video-preview:-1\" \/>\n<link rel=\"canonical\" href=\"https:\/\/lasentinelle.dz\/index.php\/2022\/05\/17\/examens-du-bac-et-du-bem-les-risques-de-fuites-sont-nulles\/\" \/>\n<meta property=\"og:locale\" content=\"fr_FR\" \/>\n<meta property=\"og:type\" content=\"article\" \/>\n<meta property=\"og:title\" content=\"Examens du Bac et du BEM\u00a0: \u00ab\u00a0Les risques de fuites sont nulles\u00a0\u00bb - La Sentinelle\" \/>\n<meta property=\"og:description\" content=\"Le minist\u00e8re de l\u2019\u00c9ducation nationale acc\u00e9l\u00e8re les pr\u00e9paratifs pour les examens de cycles moyen et secondaire. Il assure que cette\" \/>\n<meta property=\"og:url\" content=\"https:\/\/lasentinelle.dz\/index.php\/2022\/05\/17\/examens-du-bac-et-du-bem-les-risques-de-fuites-sont-nulles\/\" \/>\n<meta property=\"og:site_name\" content=\"La Sentinelle\" \/>\n<meta property=\"article:publisher\" content=\"https:\/\/www.facebook.com\/La-Sentinelle-104059864394773\" \/>\n<meta property=\"article:published_time\" content=\"2022-05-16T23:05:00+00:00\" \/>\n<meta property=\"og:image\" content=\"https:\/\/lasentinelle.dz\/wp-content\/uploads\/2022\/05\/Bac.png\" \/>\n\t<meta property=\"og:image:width\" content=\"1491\" \/>\n\t<meta property=\"og:image:height\" content=\"900\" \/>\n\t<meta property=\"og:image:type\" content=\"image\/png\" \/>\n<meta name=\"author\" content=\"La Sentinelle\" \/>\n<meta name=\"twitter:card\" content=\"summary_large_image\" \/>\n<meta name=\"twitter:label1\" content=\"\u00c9crit par\" \/>\n\t<meta name=\"twitter:data1\" content=\"La Sentinelle\" \/>\n\t<meta name=\"twitter:label2\" content=\"Dur\u00e9e de lecture estim\u00e9e\" \/>\n\t<meta name=\"twitter:data2\" content=\"3 minutes\" \/>\n<script type=\"application\/ld+json\" class=\"yoast-schema-graph\">{\"@context\":\"https:\\\/\\\/schema.org\",\"@graph\":[{\"@type\":\"Article\",\"@id\":\"https:\\\/\\\/lasentinelle.dz\\\/index.php\\\/2022\\\/05\\\/17\\\/examens-du-bac-et-du-bem-les-risques-de-fuites-sont-nulles\\\/#article\",\"isPartOf\":{\"@id\":\"https:\\\/\\\/lasentinelle.dz\\\/index.php\\\/2022\\\/05\\\/17\\\/examens-du-bac-et-du-bem-les-risques-de-fuites-sont-nulles\\\/\"},\"author\":{\"name\":\"La Sentinelle\",\"@id\":\"https:\\\/\\\/lasentinelle.dz\\\/#\\\/schema\\\/person\\\/d865044e22e70a75174ce8bcad3acfb3\"},\"headline\":\"Examens du Bac et du BEM\u00a0: \u00ab\u00a0Les risques de fuites sont nulles\u00a0\u00bb\",\"datePublished\":\"2022-05-16T23:05:00+00:00\",\"mainEntityOfPage\":{\"@id\":\"https:\\\/\\\/lasentinelle.dz\\\/index.php\\\/2022\\\/05\\\/17\\\/examens-du-bac-et-du-bem-les-risques-de-fuites-sont-nulles\\\/\"},\"wordCount\":631,\"commentCount\":0,\"publisher\":{\"@id\":\"https:\\\/\\\/lasentinelle.dz\\\/#organization\"},\"image\":{\"@id\":\"https:\\\/\\\/lasentinelle.dz\\\/index.php\\\/2022\\\/05\\\/17\\\/examens-du-bac-et-du-bem-les-risques-de-fuites-sont-nulles\\\/#primaryimage\"},\"thumbnailUrl\":\"https:\\\/\\\/lasentinelle.dz\\\/wp-content\\\/uploads\\\/2022\\\/05\\\/Bac.png\",\"articleSection\":[\"\u00c0 la Une\",\"Actualit\u00e9\"],\"inLanguage\":\"fr-FR\",\"potentialAction\":[{\"@type\":\"CommentAction\",\"name\":\"Comment\",\"target\":[\"https:\\\/\\\/lasentinelle.dz\\\/index.php\\\/2022\\\/05\\\/17\\\/examens-du-bac-et-du-bem-les-risques-de-fuites-sont-nulles\\\/#respond\"]}]},{\"@type\":\"WebPage\",\"@id\":\"https:\\\/\\\/lasentinelle.dz\\\/index.php\\\/2022\\\/05\\\/17\\\/examens-du-bac-et-du-bem-les-risques-de-fuites-sont-nulles\\\/\",\"url\":\"https:\\\/\\\/lasentinelle.dz\\\/index.php\\\/2022\\\/05\\\/17\\\/examens-du-bac-et-du-bem-les-risques-de-fuites-sont-nulles\\\/\",\"name\":\"Examens du Bac et du BEM\u00a0: \u00ab\u00a0Les risques de fuites sont nulles\u00a0\u00bb - La Sentinelle\",\"isPartOf\":{\"@id\":\"https:\\\/\\\/lasentinelle.dz\\\/#website\"},\"primaryImageOfPage\":{\"@id\":\"https:\\\/\\\/lasentinelle.dz\\\/index.php\\\/2022\\\/05\\\/17\\\/examens-du-bac-et-du-bem-les-risques-de-fuites-sont-nulles\\\/#primaryimage\"},\"image\":{\"@id\":\"https:\\\/\\\/lasentinelle.dz\\\/index.php\\\/2022\\\/05\\\/17\\\/examens-du-bac-et-du-bem-les-risques-de-fuites-sont-nulles\\\/#primaryimage\"},\"thumbnailUrl\":\"https:\\\/\\\/lasentinelle.dz\\\/wp-content\\\/uploads\\\/2022\\\/05\\\/Bac.png\",\"datePublished\":\"2022-05-16T23:05:00+00:00\",\"breadcrumb\":{\"@id\":\"https:\\\/\\\/lasentinelle.dz\\\/index.php\\\/2022\\\/05\\\/17\\\/examens-du-bac-et-du-bem-les-risques-de-fuites-sont-nulles\\\/#breadcrumb\"},\"inLanguage\":\"fr-FR\",\"potentialAction\":[{\"@type\":\"ReadAction\",\"target\":[\"https:\\\/\\\/lasentinelle.dz\\\/index.php\\\/2022\\\/05\\\/17\\\/examens-du-bac-et-du-bem-les-risques-de-fuites-sont-nulles\\\/\"]}]},{\"@type\":\"ImageObject\",\"inLanguage\":\"fr-FR\",\"@id\":\"https:\\\/\\\/lasentinelle.dz\\\/index.php\\\/2022\\\/05\\\/17\\\/examens-du-bac-et-du-bem-les-risques-de-fuites-sont-nulles\\\/#primaryimage\",\"url\":\"https:\\\/\\\/lasentinelle.dz\\\/wp-content\\\/uploads\\\/2022\\\/05\\\/Bac.png\",\"contentUrl\":\"https:\\\/\\\/lasentinelle.dz\\\/wp-content\\\/uploads\\\/2022\\\/05\\\/Bac.png\",\"width\":1491,\"height\":900},{\"@type\":\"BreadcrumbList\",\"@id\":\"https:\\\/\\\/lasentinelle.dz\\\/index.php\\\/2022\\\/05\\\/17\\\/examens-du-bac-et-du-bem-les-risques-de-fuites-sont-nulles\\\/#breadcrumb\",\"itemListElement\":[{\"@type\":\"ListItem\",\"position\":1,\"name\":\"Accueil\",\"item\":\"https:\\\/\\\/lasentinelle.dz\\\/\"},{\"@type\":\"ListItem\",\"position\":2,\"name\":\"Examens du Bac et du BEM\u00a0: \u00ab\u00a0Les risques de fuites sont nulles\u00a0\u00bb\"}]},{\"@type\":\"WebSite\",\"@id\":\"https:\\\/\\\/lasentinelle.dz\\\/#website\",\"url\":\"https:\\\/\\\/lasentinelle.dz\\\/\",\"name\":\"La Sentinelle\",\"description\":\"Quotidien national d&#039;information\",\"publisher\":{\"@id\":\"https:\\\/\\\/lasentinelle.dz\\\/#organization\"},\"potentialAction\":[{\"@type\":\"SearchAction\",\"target\":{\"@type\":\"EntryPoint\",\"urlTemplate\":\"https:\\\/\\\/lasentinelle.dz\\\/?s={search_term_string}\"},\"query-input\":{\"@type\":\"PropertyValueSpecification\",\"valueRequired\":true,\"valueName\":\"search_term_string\"}}],\"inLanguage\":\"fr-FR\"},{\"@type\":\"Organization\",\"@id\":\"https:\\\/\\\/lasentinelle.dz\\\/#organization\",\"name\":\"Quotidien La Sentinelle\",\"url\":\"https:\\\/\\\/lasentinelle.dz\\\/\",\"logo\":{\"@type\":\"ImageObject\",\"inLanguage\":\"fr-FR\",\"@id\":\"https:\\\/\\\/lasentinelle.dz\\\/#\\\/schema\\\/logo\\\/image\\\/\",\"url\":\"https:\\\/\\\/lasentinelle.dz\\\/wp-content\\\/uploads\\\/2021\\\/09\\\/logo-sentinelleSLOGAN-1.png\",\"contentUrl\":\"https:\\\/\\\/lasentinelle.dz\\\/wp-content\\\/uploads\\\/2021\\\/09\\\/logo-sentinelleSLOGAN-1.png\",\"width\":615,\"height\":142,\"caption\":\"Quotidien La Sentinelle\"},\"image\":{\"@id\":\"https:\\\/\\\/lasentinelle.dz\\\/#\\\/schema\\\/logo\\\/image\\\/\"},\"sameAs\":[\"https:\\\/\\\/www.facebook.com\\\/La-Sentinelle-104059864394773\"]},{\"@type\":\"Person\",\"@id\":\"https:\\\/\\\/lasentinelle.dz\\\/#\\\/schema\\\/person\\\/d865044e22e70a75174ce8bcad3acfb3\",\"name\":\"La Sentinelle\",\"image\":{\"@type\":\"ImageObject\",\"inLanguage\":\"fr-FR\",\"@id\":\"https:\\\/\\\/secure.gravatar.com\\\/avatar\\\/57de8e5d4b15d43fb361a71fbb36338450fe67865b528a43dd10ef7c51a20392?s=96&d=mm&r=g\",\"url\":\"https:\\\/\\\/secure.gravatar.com\\\/avatar\\\/57de8e5d4b15d43fb361a71fbb36338450fe67865b528a43dd10ef7c51a20392?s=96&d=mm&r=g\",\"contentUrl\":\"https:\\\/\\\/secure.gravatar.com\\\/avatar\\\/57de8e5d4b15d43fb361a71fbb36338450fe67865b528a43dd10ef7c51a20392?s=96&d=mm&r=g\",\"caption\":\"La Sentinelle\"},\"sameAs\":[\"http:\\\/\\\/www.lasentinelle.dz\"],\"url\":\"https:\\\/\\\/lasentinelle.dz\\\/author\\\/redaction\\\/\"}]}<\/script>\n<!-- \/ Yoast SEO plugin. -->","yoast_head_json":{"title":"Examens du Bac et du BEM\u00a0: \u00ab\u00a0Les risques de fuites sont nulles\u00a0\u00bb - La Sentinelle","robots":{"index":"index","follow":"follow","max-snippet":"max-snippet:-1","max-image-preview":"max-image-preview:large","max-video-preview":"max-video-preview:-1"},"canonical":"https:\/\/lasentinelle.dz\/index.php\/2022\/05\/17\/examens-du-bac-et-du-bem-les-risques-de-fuites-sont-nulles\/","og_locale":"fr_FR","og_type":"article","og_title":"Examens du Bac et du BEM\u00a0: \u00ab\u00a0Les risques de fuites sont nulles\u00a0\u00bb - La Sentinelle","og_description":"Le minist\u00e8re de l\u2019\u00c9ducation nationale acc\u00e9l\u00e8re les pr\u00e9paratifs pour les examens de cycles moyen et secondaire. Il assure que cette","og_url":"https:\/\/lasentinelle.dz\/index.php\/2022\/05\/17\/examens-du-bac-et-du-bem-les-risques-de-fuites-sont-nulles\/","og_site_name":"La Sentinelle","article_publisher":"https:\/\/www.facebook.com\/La-Sentinelle-104059864394773","article_published_time":"2022-05-16T23:05:00+00:00","og_image":[{"width":1491,"height":900,"url":"https:\/\/lasentinelle.dz\/wp-content\/uploads\/2022\/05\/Bac.png","type":"image\/png"}],"author":"La Sentinelle","twitter_card":"summary_large_image","twitter_misc":{"\u00c9crit par":"La Sentinelle","Dur\u00e9e de lecture estim\u00e9e":"3 minutes"},"schema":{"@context":"https:\/\/schema.org","@graph":[{"@type":"Article","@id":"https:\/\/lasentinelle.dz\/index.php\/2022\/05\/17\/examens-du-bac-et-du-bem-les-risques-de-fuites-sont-nulles\/#article","isPartOf":{"@id":"https:\/\/lasentinelle.dz\/index.php\/2022\/05\/17\/examens-du-bac-et-du-bem-les-risques-de-fuites-sont-nulles\/"},"author":{"name":"La Sentinelle","@id":"https:\/\/lasentinelle.dz\/#\/schema\/person\/d865044e22e70a75174ce8bcad3acfb3"},"headline":"Examens du Bac et du BEM\u00a0: \u00ab\u00a0Les risques de fuites sont nulles\u00a0\u00bb","datePublished":"2022-05-16T23:05:00+00:00","mainEntityOfPage":{"@id":"https:\/\/lasentinelle.dz\/index.php\/2022\/05\/17\/examens-du-bac-et-du-bem-les-risques-de-fuites-sont-nulles\/"},"wordCount":631,"commentCount":0,"publisher":{"@id":"https:\/\/lasentinelle.dz\/#organization"},"image":{"@id":"https:\/\/lasentinelle.dz\/index.php\/2022\/05\/17\/examens-du-bac-et-du-bem-les-risques-de-fuites-sont-nulles\/#primaryimage"},"thumbnailUrl":"https:\/\/lasentinelle.dz\/wp-content\/uploads\/2022\/05\/Bac.png","articleSection":["\u00c0 la Une","Actualit\u00e9"],"inLanguage":"fr-FR","potentialAction":[{"@type":"CommentAction","name":"Comment","target":["https:\/\/lasentinelle.dz\/index.php\/2022\/05\/17\/examens-du-bac-et-du-bem-les-risques-de-fuites-sont-nulles\/#respond"]}]},{"@type":"WebPage","@id":"https:\/\/lasentinelle.dz\/index.php\/2022\/05\/17\/examens-du-bac-et-du-bem-les-risques-de-fuites-sont-nulles\/","url":"https:\/\/lasentinelle.dz\/index.php\/2022\/05\/17\/examens-du-bac-et-du-bem-les-risques-de-fuites-sont-nulles\/","name":"Examens du Bac et du BEM\u00a0: \u00ab\u00a0Les risques de fuites sont nulles\u00a0\u00bb - La Sentinelle","isPartOf":{"@id":"https:\/\/lasentinelle.dz\/#website"},"primaryImageOfPage":{"@id":"https:\/\/lasentinelle.dz\/index.php\/2022\/05\/17\/examens-du-bac-et-du-bem-les-risques-de-fuites-sont-nulles\/#primaryimage"},"image":{"@id":"https:\/\/lasentinelle.dz\/index.php\/2022\/05\/17\/examens-du-bac-et-du-bem-les-risques-de-fuites-sont-nulles\/#primaryimage"},"thumbnailUrl":"https:\/\/lasentinelle.dz\/wp-content\/uploads\/2022\/05\/Bac.png","datePublished":"2022-05-16T23:05:00+00:00","breadcrumb":{"@id":"https:\/\/lasentinelle.dz\/index.php\/2022\/05\/17\/examens-du-bac-et-du-bem-les-risques-de-fuites-sont-nulles\/#breadcrumb"},"inLanguage":"fr-FR","potentialAction":[{"@type":"ReadAction","target":["https:\/\/lasentinelle.dz\/index.php\/2022\/05\/17\/examens-du-bac-et-du-bem-les-risques-de-fuites-sont-nulles\/"]}]},{"@type":"ImageObject","inLanguage":"fr-FR","@id":"https:\/\/lasentinelle.dz\/index.php\/2022\/05\/17\/examens-du-bac-et-du-bem-les-risques-de-fuites-sont-nulles\/#primaryimage","url":"https:\/\/lasentinelle.dz\/wp-content\/uploads\/2022\/05\/Bac.png","contentUrl":"https:\/\/lasentinelle.dz\/wp-content\/uploads\/2022\/05\/Bac.png","width":1491,"height":900},{"@type":"BreadcrumbList","@id":"https:\/\/lasentinelle.dz\/index.php\/2022\/05\/17\/examens-du-bac-et-du-bem-les-risques-de-fuites-sont-nulles\/#breadcrumb","itemListElement":[{"@type":"ListItem","position":1,"name":"Accueil","item":"https:\/\/lasentinelle.dz\/"},{"@type":"ListItem","position":2,"name":"Examens du Bac et du BEM\u00a0: \u00ab\u00a0Les risques de fuites sont nulles\u00a0\u00bb"}]},{"@type":"WebSite","@id":"https:\/\/lasentinelle.dz\/#website","url":"https:\/\/lasentinelle.dz\/","name":"La Sentinelle","description":"Quotidien national d&#039;information","publisher":{"@id":"https:\/\/lasentinelle.dz\/#organization"},"potentialAction":[{"@type":"SearchAction","target":{"@type":"EntryPoint","urlTemplate":"https:\/\/lasentinelle.dz\/?s={search_term_string}"},"query-input":{"@type":"PropertyValueSpecification","valueRequired":true,"valueName":"search_term_string"}}],"inLanguage":"fr-FR"},{"@type":"Organization","@id":"https:\/\/lasentinelle.dz\/#organization","name":"Quotidien La Sentinelle","url":"https:\/\/lasentinelle.dz\/","logo":{"@type":"ImageObject","inLanguage":"fr-FR","@id":"https:\/\/lasentinelle.dz\/#\/schema\/logo\/image\/","url":"https:\/\/lasentinelle.dz\/wp-content\/uploads\/2021\/09\/logo-sentinelleSLOGAN-1.png","contentUrl":"https:\/\/lasentinelle.dz\/wp-content\/uploads\/2021\/09\/logo-sentinelleSLOGAN-1.png","width":615,"height":142,"caption":"Quotidien La Sentinelle"},"image":{"@id":"https:\/\/lasentinelle.dz\/#\/schema\/logo\/image\/"},"sameAs":["https:\/\/www.facebook.com\/La-Sentinelle-104059864394773"]},{"@type":"Person","@id":"https:\/\/lasentinelle.dz\/#\/schema\/person\/d865044e22e70a75174ce8bcad3acfb3","name":"La Sentinelle","image":{"@type":"ImageObject","inLanguage":"fr-FR","@id":"https:\/\/secure.gravatar.com\/avatar\/57de8e5d4b15d43fb361a71fbb36338450fe67865b528a43dd10ef7c51a20392?s=96&d=mm&r=g","url":"https:\/\/secure.gravatar.com\/avatar\/57de8e5d4b15d43fb361a71fbb36338450fe67865b528a43dd10ef7c51a20392?s=96&d=mm&r=g","contentUrl":"https:\/\/secure.gravatar.com\/avatar\/57de8e5d4b15d43fb361a71fbb36338450fe67865b528a43dd10ef7c51a20392?s=96&d=mm&r=g","caption":"La Sentinelle"},"sameAs":["http:\/\/www.lasentinelle.dz"],"url":"https:\/\/lasentinelle.dz\/author\/redaction\/"}]}},"_links":{"self":[{"href":"https:\/\/lasentinelle.dz\/index.php\/wp-json\/wp\/v2\/posts\/21146","targetHints":{"allow":["GET"]}}],"collection":[{"href":"https:\/\/lasentinelle.dz\/index.php\/wp-json\/wp\/v2\/posts"}],"about":[{"href":"https:\/\/lasentinelle.dz\/index.php\/wp-json\/wp\/v2\/types\/post"}],"author":[{"embeddable":true,"href":"https:\/\/lasentinelle.dz\/index.php\/wp-json\/wp\/v2\/users\/3"}],"replies":[{"embeddable":true,"href":"https:\/\/lasentinelle.dz\/index.php\/wp-json\/wp\/v2\/comments?post=21146"}],"version-history":[{"count":1,"href":"https:\/\/lasentinelle.dz\/index.php\/wp-json\/wp\/v2\/posts\/21146\/revisions"}],"predecessor-version":[{"id":21149,"href":"https:\/\/lasentinelle.dz\/index.php\/wp-json\/wp\/v2\/posts\/21146\/revisions\/21149"}],"wp:featuredmedia":[{"embeddable":true,"href":"https:\/\/lasentinelle.dz\/index.php\/wp-json\/wp\/v2\/media\/21152"}],"wp:attachment":[{"href":"https:\/\/lasentinelle.dz\/index.php\/wp-json\/wp\/v2\/media?parent=21146"}],"wp:term":[{"taxonomy":"category","embeddable":true,"href":"https:\/\/lasentinelle.dz\/index.php\/wp-json\/wp\/v2\/categories?post=21146"},{"taxonomy":"post_tag","embeddable":true,"href":"https:\/\/lasentinelle.dz\/index.php\/wp-json\/wp\/v2\/tags?post=21146"}],"curies":[{"name":"wp","href":"https:\/\/api.w.org\/{rel}","templated":true}]}}