{"id":21206,"date":"2022-05-18T00:05:00","date_gmt":"2022-05-17T23:05:00","guid":{"rendered":"https:\/\/lasentinelle.dz\/?p=21206"},"modified":"2022-05-17T19:43:35","modified_gmt":"2022-05-17T18:43:35","slug":"sider-el-hadjar-annaba-100-000-tonnes-de-dechets-ferreux-proposes-a-la-vente","status":"publish","type":"post","link":"https:\/\/lasentinelle.dz\/index.php\/2022\/05\/18\/sider-el-hadjar-annaba-100-000-tonnes-de-dechets-ferreux-proposes-a-la-vente\/","title":{"rendered":"Sider El Hadjar Annaba\u00a0\u00a0\u00a0: 100.000 tonnes de d\u00e9chets ferreux propos\u00e9s \u00e0 la vente"},"content":{"rendered":"\n<p>L\u2019op\u00e9rations&rsquo;inscrit dans le cadre d\u2019une vision \u00e9conomique visant l\u2019exploitation des&nbsp;r\u00e9sidus de mat\u00e9riaux ferreux inexploit\u00e9s.<\/p>\n\n\n\n<p>Le complexe sid\u00e9rurgique Sider El Hadjar propose \u00e0 la vente pr\u00e8s 100.000 tonnes de d\u00e9chets ferreux qu\u2019il ne peut exploiter sur site afin de remettre de l\u2019ordre dans ses structures et de d\u00e9gager les assiettes fonci\u00e8res qui \u00e9taient occup\u00e9es par ces d\u00e9chets et ce, en application des derni\u00e8res orientations des plus hautes autorit\u00e9s du pays.&nbsp;<\/p>\n\n\n\n<p>Le complexe Sider El Hadjar&nbsp;d\u2019Annaba propose \u00e0 la r\u00e9cup\u00e9ration par les op\u00e9rateurs \u00e9conomiques pr\u00e8s de100.000 tonnes de d\u00e9chets ferreux non-r\u00e9cup\u00e9rables au niveau de ses unit\u00e9s, a annonc\u00e9, le directeur-g\u00e9n\u00e9ral du complexe&nbsp;Lotfi Kamel Menaa.&nbsp;\u00ab&nbsp;Le processus de production du complexe g\u00e9n\u00e8re des d\u00e9chets susceptibles d\u2019\u00eatre r\u00e9cup\u00e9r\u00e9s par Sider El Hadjar, comme c\u2019est le cas de la carcasse du Haut fourneau n\u00b01 du complexe sid\u00e9rurgique El Hadjar et la r\u00e9cup\u00e9ration des r\u00e9sidus de minerais de fer amoncel\u00e9s comme mati\u00e8re premi\u00e8re pour la production de mat\u00e9riaux industriels au&nbsp;sein du complexe. Les autres d\u00e9chets ne peuvent pas faire l\u2019objet de r\u00e9cup\u00e9ration par l\u2019usine Sider&nbsp;et&nbsp;sont collect\u00e9s et tri\u00e9s par l\u2019unit\u00e9 Fersid relevant du complexe&nbsp;\u00bb,&nbsp;a&nbsp;expliqu\u00e9&nbsp;le m\u00eame&nbsp;&nbsp;responsable qui a soulign\u00e9 qu\u2019une aire de deux hectares est&nbsp;mobilis\u00e9e&nbsp;pour entreposer ces d\u00e9chets. Ces d\u00e9chets non-r\u00e9cup\u00e9rables par Sider El Hadjar peuvent \u00eatre exploit\u00e9s en dehors du complexe apr\u00e8s transformation dans les secteurs des travaux publics, le b\u00e2timent et certaines activit\u00e9s industrielles, a expliqu\u00e9 le&nbsp;premier responsable du complexe. L\u2019op\u00e9ration de recyclage de la ferraille issue de la r\u00e9forme du haut fourneau n\u00b0 1 sera effectu\u00e9e au niveau du complexe Sider El Hadjar, a-t-on soutenu, pr\u00e9cisant que l\u2019ossature du haut fourneau num\u00e9ro 1, r\u00e9form\u00e9e et mise hors service, repr\u00e9sente pr\u00e8s de 20.000 tonnes de ferraille r\u00e9cup\u00e9rable, selon le m\u00eame responsable. Or, cens\u00e9e \u00eatre d\u00e9mantel\u00e9e en 2020, la carcasse du HF n\u00b01 en vue de la r\u00e9cup\u00e9ration des ses r\u00e9sidus de fer non utilis\u00e9s et susceptibles de couvrir les besoins du complexe sid\u00e9rurgique pendant une dur\u00e9e d&rsquo;environ 6 mois,&nbsp;n\u2019a pas \u00e9t\u00e9 op\u00e9r\u00e9e \u00e0 ce jour. Une proc\u00e9dure s&rsquo;inscrivant dans le cadre d&rsquo;une vision s\u2019appuyant sur l&rsquo;exploitation des ressources disponibles et inexploit\u00e9es pour relancer l&rsquo;activit\u00e9 \u00e9conomique du complexe.&nbsp;&nbsp;Par ailleurs, outre les revenus g\u00e9n\u00e9r\u00e9s par la vente de ces d\u00e9chets, stock inexploit\u00e9 de mat\u00e9riaux ferreux (ferrailles)accumul\u00e9s au niveau du complexe qui s&rsquo;\u00e9tend sur une superficie de plus de 900 ha, l\u2019activit\u00e9 de r\u00e9cup\u00e9ration permettra de lib\u00e9rer des terrains susceptibles d&rsquo;accueillir des activit\u00e9s industrielles secondaires.&nbsp;&nbsp;Une d\u00e9marche qui convient-il de le rappeler,&nbsp;&nbsp;s\u2019inscrit dans le cadre des recommandations&nbsp;du pr\u00e9sident de la R\u00e9publique, lors du dernier conseil des ministres. Des orientations portant sur, convient-il de le rappeler, sur l\u2019assainissement des assiettes fonci\u00e8res dans le p\u00e9rim\u00e8tre du complexe d&rsquo;El Hadjar des d\u00e9chets ferreux en vue de les utiliser comme mati\u00e8re premi\u00e8re par le complexe permettant ainsi de cr\u00e9er d&rsquo;autres industries et activit\u00e9s.&nbsp;C\u2019est&nbsp;le cas du site des travaux neufs ou de l\u2019ENSID o\u00f9, des tonnes de milliers de d\u00e9chets ferreux, sont entass\u00e9s depuis des ann\u00e9es, r\u00e9quisitionnant par ce fait des d\u2019hectares non exploit\u00e9s.&nbsp;Dans ce contexte, on rappelle,&nbsp;&nbsp;l\u2019op\u00e9ration d\u2019assainissement en 2020 de la situation des biens immobiliers du complexe Sider El Hadjar rest\u00e9e suspendue \u00e0 cause des op\u00e9rations de restructuration du complexe qui remonte \u00e0 fin 2018. Toutes ses d\u00e9marches s\u2019articulent autour de la volont\u00e9 de l\u2019exploitation rationnelle des ressources et des capacit\u00e9s disponibles du complexe. Cette entit\u00e9 \u00e9conomique emploie plus de 5.500 travailleurs,dont la production pr\u00e9visionnelle pour&nbsp;&nbsp;2022 devrait avoisiner 800.000 tonnes de produits ferreux (ronds \u00e0 b\u00e9ton, t\u00f4les, tubes et bobines).&nbsp;&nbsp;&nbsp;&nbsp;&nbsp;&nbsp;&nbsp;&nbsp;&nbsp;&nbsp;&nbsp;&nbsp;&nbsp;&nbsp;&nbsp;&nbsp;&nbsp;&nbsp;&nbsp;&nbsp;&nbsp;&nbsp;&nbsp;&nbsp;&nbsp;&nbsp;&nbsp;&nbsp;<\/p>\n\n\n\n<p><strong>Sofia Chahine&nbsp;&nbsp;&nbsp;&nbsp;<\/strong><\/p>\n","protected":false},"excerpt":{"rendered":"<p>L\u2019op\u00e9rations&rsquo;inscrit dans le cadre d\u2019une vision \u00e9conomique visant l\u2019exploitation des&nbsp;r\u00e9sidus de mat\u00e9riaux ferreux inexploit\u00e9s. Le complexe sid\u00e9rurgique Sider El Hadjar<\/p>\n","protected":false},"author":3,"featured_media":21219,"comment_status":"open","ping_status":"closed","sticky":false,"template":"","format":"standard","meta":{"colormag_page_container_layout":"default_layout","colormag_page_sidebar_layout":"default_layout","om_disable_all_campaigns":false,"_monsterinsights_skip_tracking":false,"_monsterinsights_sitenote_active":false,"_monsterinsights_sitenote_note":"","_monsterinsights_sitenote_category":0,"footnotes":"","_wpscppro_dont_share_socialmedia":false,"_wpscppro_custom_social_share_image":0,"_facebook_share_type":"","_twitter_share_type":"","_linkedin_share_type":"","_pinterest_share_type":"","_linkedin_share_type_page":"","_instagram_share_type":"","_medium_share_type":"","_threads_share_type":"","_google_business_share_type":"","_selected_social_profile":[],"_wpsp_enable_custom_social_template":false,"_wpsp_social_scheduling":{"enabled":false,"datetime":null,"platforms":[],"status":"template_only","dateOption":"today","timeOption":"now","customDays":"","customHours":"","customDate":"","customTime":"","schedulingType":"absolute"},"_wpsp_active_default_template":true},"categories":[52,29],"tags":[],"class_list":["post-21206","post","type-post","status-publish","format-standard","has-post-thumbnail","hentry","category-a-la-une","category-economie"],"aioseo_notices":[],"yoast_head":"<!-- This site is optimized with the Yoast SEO plugin v27.5 - https:\/\/yoast.com\/product\/yoast-seo-wordpress\/ -->\n<title>Sider El Hadjar Annaba\u00a0\u00a0\u00a0: 100.000 tonnes de d\u00e9chets ferreux propos\u00e9s \u00e0 la vente - La Sentinelle<\/title>\n<meta name=\"robots\" content=\"index, follow, max-snippet:-1, max-image-preview:large, max-video-preview:-1\" \/>\n<link rel=\"canonical\" href=\"https:\/\/lasentinelle.dz\/index.php\/2022\/05\/18\/sider-el-hadjar-annaba-100-000-tonnes-de-dechets-ferreux-proposes-a-la-vente\/\" \/>\n<meta property=\"og:locale\" content=\"fr_FR\" \/>\n<meta property=\"og:type\" content=\"article\" \/>\n<meta property=\"og:title\" content=\"Sider El Hadjar Annaba\u00a0\u00a0\u00a0: 100.000 tonnes de d\u00e9chets ferreux propos\u00e9s \u00e0 la vente - La Sentinelle\" \/>\n<meta property=\"og:description\" content=\"L\u2019op\u00e9rations&rsquo;inscrit dans le cadre d\u2019une vision \u00e9conomique visant l\u2019exploitation des&nbsp;r\u00e9sidus de mat\u00e9riaux ferreux inexploit\u00e9s. Le complexe sid\u00e9rurgique Sider El Hadjar\" \/>\n<meta property=\"og:url\" content=\"https:\/\/lasentinelle.dz\/index.php\/2022\/05\/18\/sider-el-hadjar-annaba-100-000-tonnes-de-dechets-ferreux-proposes-a-la-vente\/\" \/>\n<meta property=\"og:site_name\" content=\"La Sentinelle\" \/>\n<meta property=\"article:publisher\" content=\"https:\/\/www.facebook.com\/La-Sentinelle-104059864394773\" \/>\n<meta property=\"article:published_time\" content=\"2022-05-17T23:05:00+00:00\" \/>\n<meta property=\"og:image\" content=\"https:\/\/lasentinelle.dz\/wp-content\/uploads\/2022\/05\/dechen-1024x386.png\" \/>\n\t<meta property=\"og:image:width\" content=\"1024\" \/>\n\t<meta property=\"og:image:height\" content=\"386\" \/>\n\t<meta property=\"og:image:type\" content=\"image\/png\" \/>\n<meta name=\"author\" content=\"La Sentinelle\" \/>\n<meta name=\"twitter:card\" content=\"summary_large_image\" \/>\n<meta name=\"twitter:label1\" content=\"\u00c9crit par\" \/>\n\t<meta name=\"twitter:data1\" content=\"La Sentinelle\" \/>\n\t<meta name=\"twitter:label2\" content=\"Dur\u00e9e de lecture estim\u00e9e\" \/>\n\t<meta name=\"twitter:data2\" content=\"3 minutes\" \/>\n<script type=\"application\/ld+json\" class=\"yoast-schema-graph\">{\"@context\":\"https:\\\/\\\/schema.org\",\"@graph\":[{\"@type\":\"Article\",\"@id\":\"https:\\\/\\\/lasentinelle.dz\\\/index.php\\\/2022\\\/05\\\/18\\\/sider-el-hadjar-annaba-100-000-tonnes-de-dechets-ferreux-proposes-a-la-vente\\\/#article\",\"isPartOf\":{\"@id\":\"https:\\\/\\\/lasentinelle.dz\\\/index.php\\\/2022\\\/05\\\/18\\\/sider-el-hadjar-annaba-100-000-tonnes-de-dechets-ferreux-proposes-a-la-vente\\\/\"},\"author\":{\"name\":\"La Sentinelle\",\"@id\":\"https:\\\/\\\/lasentinelle.dz\\\/#\\\/schema\\\/person\\\/d865044e22e70a75174ce8bcad3acfb3\"},\"headline\":\"Sider El Hadjar Annaba\u00a0\u00a0\u00a0: 100.000 tonnes de d\u00e9chets ferreux propos\u00e9s \u00e0 la vente\",\"datePublished\":\"2022-05-17T23:05:00+00:00\",\"mainEntityOfPage\":{\"@id\":\"https:\\\/\\\/lasentinelle.dz\\\/index.php\\\/2022\\\/05\\\/18\\\/sider-el-hadjar-annaba-100-000-tonnes-de-dechets-ferreux-proposes-a-la-vente\\\/\"},\"wordCount\":792,\"commentCount\":0,\"publisher\":{\"@id\":\"https:\\\/\\\/lasentinelle.dz\\\/#organization\"},\"image\":{\"@id\":\"https:\\\/\\\/lasentinelle.dz\\\/index.php\\\/2022\\\/05\\\/18\\\/sider-el-hadjar-annaba-100-000-tonnes-de-dechets-ferreux-proposes-a-la-vente\\\/#primaryimage\"},\"thumbnailUrl\":\"https:\\\/\\\/lasentinelle.dz\\\/wp-content\\\/uploads\\\/2022\\\/05\\\/dechen.png\",\"articleSection\":[\"\u00c0 la Une\",\"\u00c9conomie\"],\"inLanguage\":\"fr-FR\",\"potentialAction\":[{\"@type\":\"CommentAction\",\"name\":\"Comment\",\"target\":[\"https:\\\/\\\/lasentinelle.dz\\\/index.php\\\/2022\\\/05\\\/18\\\/sider-el-hadjar-annaba-100-000-tonnes-de-dechets-ferreux-proposes-a-la-vente\\\/#respond\"]}]},{\"@type\":\"WebPage\",\"@id\":\"https:\\\/\\\/lasentinelle.dz\\\/index.php\\\/2022\\\/05\\\/18\\\/sider-el-hadjar-annaba-100-000-tonnes-de-dechets-ferreux-proposes-a-la-vente\\\/\",\"url\":\"https:\\\/\\\/lasentinelle.dz\\\/index.php\\\/2022\\\/05\\\/18\\\/sider-el-hadjar-annaba-100-000-tonnes-de-dechets-ferreux-proposes-a-la-vente\\\/\",\"name\":\"Sider El Hadjar Annaba\u00a0\u00a0\u00a0: 100.000 tonnes de d\u00e9chets ferreux propos\u00e9s \u00e0 la vente - La Sentinelle\",\"isPartOf\":{\"@id\":\"https:\\\/\\\/lasentinelle.dz\\\/#website\"},\"primaryImageOfPage\":{\"@id\":\"https:\\\/\\\/lasentinelle.dz\\\/index.php\\\/2022\\\/05\\\/18\\\/sider-el-hadjar-annaba-100-000-tonnes-de-dechets-ferreux-proposes-a-la-vente\\\/#primaryimage\"},\"image\":{\"@id\":\"https:\\\/\\\/lasentinelle.dz\\\/index.php\\\/2022\\\/05\\\/18\\\/sider-el-hadjar-annaba-100-000-tonnes-de-dechets-ferreux-proposes-a-la-vente\\\/#primaryimage\"},\"thumbnailUrl\":\"https:\\\/\\\/lasentinelle.dz\\\/wp-content\\\/uploads\\\/2022\\\/05\\\/dechen.png\",\"datePublished\":\"2022-05-17T23:05:00+00:00\",\"breadcrumb\":{\"@id\":\"https:\\\/\\\/lasentinelle.dz\\\/index.php\\\/2022\\\/05\\\/18\\\/sider-el-hadjar-annaba-100-000-tonnes-de-dechets-ferreux-proposes-a-la-vente\\\/#breadcrumb\"},\"inLanguage\":\"fr-FR\",\"potentialAction\":[{\"@type\":\"ReadAction\",\"target\":[\"https:\\\/\\\/lasentinelle.dz\\\/index.php\\\/2022\\\/05\\\/18\\\/sider-el-hadjar-annaba-100-000-tonnes-de-dechets-ferreux-proposes-a-la-vente\\\/\"]}]},{\"@type\":\"ImageObject\",\"inLanguage\":\"fr-FR\",\"@id\":\"https:\\\/\\\/lasentinelle.dz\\\/index.php\\\/2022\\\/05\\\/18\\\/sider-el-hadjar-annaba-100-000-tonnes-de-dechets-ferreux-proposes-a-la-vente\\\/#primaryimage\",\"url\":\"https:\\\/\\\/lasentinelle.dz\\\/wp-content\\\/uploads\\\/2022\\\/05\\\/dechen.png\",\"contentUrl\":\"https:\\\/\\\/lasentinelle.dz\\\/wp-content\\\/uploads\\\/2022\\\/05\\\/dechen.png\",\"width\":2386,\"height\":900},{\"@type\":\"BreadcrumbList\",\"@id\":\"https:\\\/\\\/lasentinelle.dz\\\/index.php\\\/2022\\\/05\\\/18\\\/sider-el-hadjar-annaba-100-000-tonnes-de-dechets-ferreux-proposes-a-la-vente\\\/#breadcrumb\",\"itemListElement\":[{\"@type\":\"ListItem\",\"position\":1,\"name\":\"Accueil\",\"item\":\"https:\\\/\\\/lasentinelle.dz\\\/\"},{\"@type\":\"ListItem\",\"position\":2,\"name\":\"Sider El Hadjar Annaba\u00a0\u00a0\u00a0: 100.000 tonnes de d\u00e9chets ferreux propos\u00e9s \u00e0 la vente\"}]},{\"@type\":\"WebSite\",\"@id\":\"https:\\\/\\\/lasentinelle.dz\\\/#website\",\"url\":\"https:\\\/\\\/lasentinelle.dz\\\/\",\"name\":\"La Sentinelle\",\"description\":\"Quotidien national d&#039;information\",\"publisher\":{\"@id\":\"https:\\\/\\\/lasentinelle.dz\\\/#organization\"},\"potentialAction\":[{\"@type\":\"SearchAction\",\"target\":{\"@type\":\"EntryPoint\",\"urlTemplate\":\"https:\\\/\\\/lasentinelle.dz\\\/?s={search_term_string}\"},\"query-input\":{\"@type\":\"PropertyValueSpecification\",\"valueRequired\":true,\"valueName\":\"search_term_string\"}}],\"inLanguage\":\"fr-FR\"},{\"@type\":\"Organization\",\"@id\":\"https:\\\/\\\/lasentinelle.dz\\\/#organization\",\"name\":\"Quotidien La Sentinelle\",\"url\":\"https:\\\/\\\/lasentinelle.dz\\\/\",\"logo\":{\"@type\":\"ImageObject\",\"inLanguage\":\"fr-FR\",\"@id\":\"https:\\\/\\\/lasentinelle.dz\\\/#\\\/schema\\\/logo\\\/image\\\/\",\"url\":\"https:\\\/\\\/lasentinelle.dz\\\/wp-content\\\/uploads\\\/2021\\\/09\\\/logo-sentinelleSLOGAN-1.png\",\"contentUrl\":\"https:\\\/\\\/lasentinelle.dz\\\/wp-content\\\/uploads\\\/2021\\\/09\\\/logo-sentinelleSLOGAN-1.png\",\"width\":615,\"height\":142,\"caption\":\"Quotidien La Sentinelle\"},\"image\":{\"@id\":\"https:\\\/\\\/lasentinelle.dz\\\/#\\\/schema\\\/logo\\\/image\\\/\"},\"sameAs\":[\"https:\\\/\\\/www.facebook.com\\\/La-Sentinelle-104059864394773\"]},{\"@type\":\"Person\",\"@id\":\"https:\\\/\\\/lasentinelle.dz\\\/#\\\/schema\\\/person\\\/d865044e22e70a75174ce8bcad3acfb3\",\"name\":\"La Sentinelle\",\"image\":{\"@type\":\"ImageObject\",\"inLanguage\":\"fr-FR\",\"@id\":\"https:\\\/\\\/secure.gravatar.com\\\/avatar\\\/57de8e5d4b15d43fb361a71fbb36338450fe67865b528a43dd10ef7c51a20392?s=96&d=mm&r=g\",\"url\":\"https:\\\/\\\/secure.gravatar.com\\\/avatar\\\/57de8e5d4b15d43fb361a71fbb36338450fe67865b528a43dd10ef7c51a20392?s=96&d=mm&r=g\",\"contentUrl\":\"https:\\\/\\\/secure.gravatar.com\\\/avatar\\\/57de8e5d4b15d43fb361a71fbb36338450fe67865b528a43dd10ef7c51a20392?s=96&d=mm&r=g\",\"caption\":\"La Sentinelle\"},\"sameAs\":[\"http:\\\/\\\/www.lasentinelle.dz\"],\"url\":\"https:\\\/\\\/lasentinelle.dz\\\/author\\\/redaction\\\/\"}]}<\/script>\n<!-- \/ Yoast SEO plugin. -->","yoast_head_json":{"title":"Sider El Hadjar Annaba\u00a0\u00a0\u00a0: 100.000 tonnes de d\u00e9chets ferreux propos\u00e9s \u00e0 la vente - La Sentinelle","robots":{"index":"index","follow":"follow","max-snippet":"max-snippet:-1","max-image-preview":"max-image-preview:large","max-video-preview":"max-video-preview:-1"},"canonical":"https:\/\/lasentinelle.dz\/index.php\/2022\/05\/18\/sider-el-hadjar-annaba-100-000-tonnes-de-dechets-ferreux-proposes-a-la-vente\/","og_locale":"fr_FR","og_type":"article","og_title":"Sider El Hadjar Annaba\u00a0\u00a0\u00a0: 100.000 tonnes de d\u00e9chets ferreux propos\u00e9s \u00e0 la vente - La Sentinelle","og_description":"L\u2019op\u00e9rations&rsquo;inscrit dans le cadre d\u2019une vision \u00e9conomique visant l\u2019exploitation des&nbsp;r\u00e9sidus de mat\u00e9riaux ferreux inexploit\u00e9s. Le complexe sid\u00e9rurgique Sider El Hadjar","og_url":"https:\/\/lasentinelle.dz\/index.php\/2022\/05\/18\/sider-el-hadjar-annaba-100-000-tonnes-de-dechets-ferreux-proposes-a-la-vente\/","og_site_name":"La Sentinelle","article_publisher":"https:\/\/www.facebook.com\/La-Sentinelle-104059864394773","article_published_time":"2022-05-17T23:05:00+00:00","og_image":[{"width":1024,"height":386,"url":"https:\/\/lasentinelle.dz\/wp-content\/uploads\/2022\/05\/dechen-1024x386.png","type":"image\/png"}],"author":"La Sentinelle","twitter_card":"summary_large_image","twitter_misc":{"\u00c9crit par":"La Sentinelle","Dur\u00e9e de lecture estim\u00e9e":"3 minutes"},"schema":{"@context":"https:\/\/schema.org","@graph":[{"@type":"Article","@id":"https:\/\/lasentinelle.dz\/index.php\/2022\/05\/18\/sider-el-hadjar-annaba-100-000-tonnes-de-dechets-ferreux-proposes-a-la-vente\/#article","isPartOf":{"@id":"https:\/\/lasentinelle.dz\/index.php\/2022\/05\/18\/sider-el-hadjar-annaba-100-000-tonnes-de-dechets-ferreux-proposes-a-la-vente\/"},"author":{"name":"La Sentinelle","@id":"https:\/\/lasentinelle.dz\/#\/schema\/person\/d865044e22e70a75174ce8bcad3acfb3"},"headline":"Sider El Hadjar Annaba\u00a0\u00a0\u00a0: 100.000 tonnes de d\u00e9chets ferreux propos\u00e9s \u00e0 la vente","datePublished":"2022-05-17T23:05:00+00:00","mainEntityOfPage":{"@id":"https:\/\/lasentinelle.dz\/index.php\/2022\/05\/18\/sider-el-hadjar-annaba-100-000-tonnes-de-dechets-ferreux-proposes-a-la-vente\/"},"wordCount":792,"commentCount":0,"publisher":{"@id":"https:\/\/lasentinelle.dz\/#organization"},"image":{"@id":"https:\/\/lasentinelle.dz\/index.php\/2022\/05\/18\/sider-el-hadjar-annaba-100-000-tonnes-de-dechets-ferreux-proposes-a-la-vente\/#primaryimage"},"thumbnailUrl":"https:\/\/lasentinelle.dz\/wp-content\/uploads\/2022\/05\/dechen.png","articleSection":["\u00c0 la Une","\u00c9conomie"],"inLanguage":"fr-FR","potentialAction":[{"@type":"CommentAction","name":"Comment","target":["https:\/\/lasentinelle.dz\/index.php\/2022\/05\/18\/sider-el-hadjar-annaba-100-000-tonnes-de-dechets-ferreux-proposes-a-la-vente\/#respond"]}]},{"@type":"WebPage","@id":"https:\/\/lasentinelle.dz\/index.php\/2022\/05\/18\/sider-el-hadjar-annaba-100-000-tonnes-de-dechets-ferreux-proposes-a-la-vente\/","url":"https:\/\/lasentinelle.dz\/index.php\/2022\/05\/18\/sider-el-hadjar-annaba-100-000-tonnes-de-dechets-ferreux-proposes-a-la-vente\/","name":"Sider El Hadjar Annaba\u00a0\u00a0\u00a0: 100.000 tonnes de d\u00e9chets ferreux propos\u00e9s \u00e0 la vente - La Sentinelle","isPartOf":{"@id":"https:\/\/lasentinelle.dz\/#website"},"primaryImageOfPage":{"@id":"https:\/\/lasentinelle.dz\/index.php\/2022\/05\/18\/sider-el-hadjar-annaba-100-000-tonnes-de-dechets-ferreux-proposes-a-la-vente\/#primaryimage"},"image":{"@id":"https:\/\/lasentinelle.dz\/index.php\/2022\/05\/18\/sider-el-hadjar-annaba-100-000-tonnes-de-dechets-ferreux-proposes-a-la-vente\/#primaryimage"},"thumbnailUrl":"https:\/\/lasentinelle.dz\/wp-content\/uploads\/2022\/05\/dechen.png","datePublished":"2022-05-17T23:05:00+00:00","breadcrumb":{"@id":"https:\/\/lasentinelle.dz\/index.php\/2022\/05\/18\/sider-el-hadjar-annaba-100-000-tonnes-de-dechets-ferreux-proposes-a-la-vente\/#breadcrumb"},"inLanguage":"fr-FR","potentialAction":[{"@type":"ReadAction","target":["https:\/\/lasentinelle.dz\/index.php\/2022\/05\/18\/sider-el-hadjar-annaba-100-000-tonnes-de-dechets-ferreux-proposes-a-la-vente\/"]}]},{"@type":"ImageObject","inLanguage":"fr-FR","@id":"https:\/\/lasentinelle.dz\/index.php\/2022\/05\/18\/sider-el-hadjar-annaba-100-000-tonnes-de-dechets-ferreux-proposes-a-la-vente\/#primaryimage","url":"https:\/\/lasentinelle.dz\/wp-content\/uploads\/2022\/05\/dechen.png","contentUrl":"https:\/\/lasentinelle.dz\/wp-content\/uploads\/2022\/05\/dechen.png","width":2386,"height":900},{"@type":"BreadcrumbList","@id":"https:\/\/lasentinelle.dz\/index.php\/2022\/05\/18\/sider-el-hadjar-annaba-100-000-tonnes-de-dechets-ferreux-proposes-a-la-vente\/#breadcrumb","itemListElement":[{"@type":"ListItem","position":1,"name":"Accueil","item":"https:\/\/lasentinelle.dz\/"},{"@type":"ListItem","position":2,"name":"Sider El Hadjar Annaba\u00a0\u00a0\u00a0: 100.000 tonnes de d\u00e9chets ferreux propos\u00e9s \u00e0 la vente"}]},{"@type":"WebSite","@id":"https:\/\/lasentinelle.dz\/#website","url":"https:\/\/lasentinelle.dz\/","name":"La Sentinelle","description":"Quotidien national d&#039;information","publisher":{"@id":"https:\/\/lasentinelle.dz\/#organization"},"potentialAction":[{"@type":"SearchAction","target":{"@type":"EntryPoint","urlTemplate":"https:\/\/lasentinelle.dz\/?s={search_term_string}"},"query-input":{"@type":"PropertyValueSpecification","valueRequired":true,"valueName":"search_term_string"}}],"inLanguage":"fr-FR"},{"@type":"Organization","@id":"https:\/\/lasentinelle.dz\/#organization","name":"Quotidien La Sentinelle","url":"https:\/\/lasentinelle.dz\/","logo":{"@type":"ImageObject","inLanguage":"fr-FR","@id":"https:\/\/lasentinelle.dz\/#\/schema\/logo\/image\/","url":"https:\/\/lasentinelle.dz\/wp-content\/uploads\/2021\/09\/logo-sentinelleSLOGAN-1.png","contentUrl":"https:\/\/lasentinelle.dz\/wp-content\/uploads\/2021\/09\/logo-sentinelleSLOGAN-1.png","width":615,"height":142,"caption":"Quotidien La Sentinelle"},"image":{"@id":"https:\/\/lasentinelle.dz\/#\/schema\/logo\/image\/"},"sameAs":["https:\/\/www.facebook.com\/La-Sentinelle-104059864394773"]},{"@type":"Person","@id":"https:\/\/lasentinelle.dz\/#\/schema\/person\/d865044e22e70a75174ce8bcad3acfb3","name":"La Sentinelle","image":{"@type":"ImageObject","inLanguage":"fr-FR","@id":"https:\/\/secure.gravatar.com\/avatar\/57de8e5d4b15d43fb361a71fbb36338450fe67865b528a43dd10ef7c51a20392?s=96&d=mm&r=g","url":"https:\/\/secure.gravatar.com\/avatar\/57de8e5d4b15d43fb361a71fbb36338450fe67865b528a43dd10ef7c51a20392?s=96&d=mm&r=g","contentUrl":"https:\/\/secure.gravatar.com\/avatar\/57de8e5d4b15d43fb361a71fbb36338450fe67865b528a43dd10ef7c51a20392?s=96&d=mm&r=g","caption":"La Sentinelle"},"sameAs":["http:\/\/www.lasentinelle.dz"],"url":"https:\/\/lasentinelle.dz\/author\/redaction\/"}]}},"_links":{"self":[{"href":"https:\/\/lasentinelle.dz\/index.php\/wp-json\/wp\/v2\/posts\/21206","targetHints":{"allow":["GET"]}}],"collection":[{"href":"https:\/\/lasentinelle.dz\/index.php\/wp-json\/wp\/v2\/posts"}],"about":[{"href":"https:\/\/lasentinelle.dz\/index.php\/wp-json\/wp\/v2\/types\/post"}],"author":[{"embeddable":true,"href":"https:\/\/lasentinelle.dz\/index.php\/wp-json\/wp\/v2\/users\/3"}],"replies":[{"embeddable":true,"href":"https:\/\/lasentinelle.dz\/index.php\/wp-json\/wp\/v2\/comments?post=21206"}],"version-history":[{"count":1,"href":"https:\/\/lasentinelle.dz\/index.php\/wp-json\/wp\/v2\/posts\/21206\/revisions"}],"predecessor-version":[{"id":21226,"href":"https:\/\/lasentinelle.dz\/index.php\/wp-json\/wp\/v2\/posts\/21206\/revisions\/21226"}],"wp:featuredmedia":[{"embeddable":true,"href":"https:\/\/lasentinelle.dz\/index.php\/wp-json\/wp\/v2\/media\/21219"}],"wp:attachment":[{"href":"https:\/\/lasentinelle.dz\/index.php\/wp-json\/wp\/v2\/media?parent=21206"}],"wp:term":[{"taxonomy":"category","embeddable":true,"href":"https:\/\/lasentinelle.dz\/index.php\/wp-json\/wp\/v2\/categories?post=21206"},{"taxonomy":"post_tag","embeddable":true,"href":"https:\/\/lasentinelle.dz\/index.php\/wp-json\/wp\/v2\/tags?post=21206"}],"curies":[{"name":"wp","href":"https:\/\/api.w.org\/{rel}","templated":true}]}}