{"id":21208,"date":"2022-05-18T00:01:00","date_gmt":"2022-05-17T23:01:00","guid":{"rendered":"https:\/\/lasentinelle.dz\/?p=21208"},"modified":"2022-05-17T18:40:42","modified_gmt":"2022-05-17T17:40:42","slug":"ali-kefaifi-expert-en-energie-et-ancien-cadre-dirigeant-a-sonatrach-lalgerie-peut-etre-une-terre-de-relocalisation-des-ide","status":"publish","type":"post","link":"https:\/\/lasentinelle.dz\/index.php\/2022\/05\/18\/ali-kefaifi-expert-en-energie-et-ancien-cadre-dirigeant-a-sonatrach-lalgerie-peut-etre-une-terre-de-relocalisation-des-ide\/","title":{"rendered":"Ali Kefaifi, expert en \u00e9nergie et ancien cadre dirigeant \u00e0 Sonatrach\u00a0:\u00a0\u00ab\u00a0L\u2019Alg\u00e9rie peut \u00eatre une terre de relocalisation des IDE\u00bb"},"content":{"rendered":"\n<p>L\u2019expert en \u00e9nergie et ancien cadre dirigeant \u00e0 Sonatrach, Ali Kefaifi,&nbsp;a indiqu\u00e9 hier qu\u2019\u00abavec ses richesses \u00e9nerg\u00e9tiques, mini\u00e8res et naturelles, l\u2019Alg\u00e9rie peut se transformer en un pays de relocalisation des IDE et de l\u2019investissement de la diaspora\u00bb.&nbsp;&nbsp;Intervenant&nbsp;sur les ondes&nbsp;de la chaine 3 de la&nbsp;Radio nationale, l\u2019expert a soulign\u00e9&nbsp;que \u00ab2022 consacr\u00e9e ann\u00e9e \u00e9conomique par excellence, est une opportunit\u00e9 offerte et \u00e0 ne pas rater\u00bb, ajoutant que \u00abnous accusons un retard tr\u00e8s important en mati\u00e8re de r\u00e9industrialisation\u00bb. Le m\u00eame intervenant&nbsp;a ajout\u00e9 que \u00abcette opportunit\u00e9 est \u00e9galement une chance presque divine pour entrer dans un nouveau cycle \u00e9conomique mondial et r\u00e9gional&nbsp;\u00bb, soulignant que \u00abce cycle connu en \u00e9conomie sous le nom de cycle de Kondratiev, pour lequel nous devrions nous adapter, veut que chaque 60 ans il y a ce passage du monde du monopolaire au multipolaire avec un&nbsp;&nbsp;renouveau en mati\u00e8re de technologie, en \u00e9nergie et en environnement\u00bb. \u00abPour nous c\u2019est une chance extraordinaire\u00bb, s\u2019est-il r\u00e9joui. Pour l\u2019expert&nbsp;en \u00e9nergie, \u00abcette chance, de part son c\u00f4t\u00e9 positif, c&rsquo;est-\u00e0-dire, transformer les menaces externes en opportunit\u00e9s incite&nbsp;\u00e0 analyser, dans le diagnostic strat\u00e9gique, les points forts et les points faibles\u00bb. En revanche, d\u00e9montre Ali Kefaifi, il \u00aby a aussi un c\u00f4t\u00e9 non n\u00e9gatif du fait qu\u2019on n\u2019a pas beaucoup fait en mati\u00e8re d\u2019industrialisation (ces vingt derni\u00e8res ann\u00e9es) \u00bb, ce qui est, selon&nbsp;lui, \u00aben soi un avantage puisque tout est \u00e0 faire\u00bb.&nbsp;<\/p>\n\n\n\n<p>Evoquant le secteur minier, M. Kefaifi indique que \u00absi nous avions 1% des r\u00e9serves mondiales \u00e7a serait extraordinaire, nous serions tr\u00e8s riches \u00bb. \u00abOr, nous poss\u00e9dons 20%&nbsp;des r\u00e9serves&nbsp;\u00e0 valoriser, estime-t-il, et \u00abc\u2019est faramineux\u00bb, a-t-il ajout\u00e9. L\u2019invit\u00e9 de la Radio alg\u00e9rienne<\/p>\n\n\n\n<p>Turquie est un autre exemple tr\u00e8s int\u00e9ressant pour l\u2019Alg\u00e9rie de par leur proximit\u00e9 g\u00e9ographique. Idem pour les Italiens, a-t-il ajout\u00e9 expliquant que \u00abla chose en commun entre les deux est qu\u2019il n y a pas de barri\u00e8res bureaucratiques tout en ayant chacun des entreprises de familles comme Tosyali\u00bb. L\u2019invit\u00e9 de la radio a appel\u00e9 \u00e0 \u00abl\u2019analyse et le conseil. Pourquoi cette soci\u00e9t\u00e9 familiale,&nbsp;&nbsp;install\u00e9e \u00e0 Oran,&nbsp;&nbsp;a r\u00e9ussi \u00e0 exporter son expertise et les points n\u00e9gatifs de la soci\u00e9t\u00e9 nationale SNS qui essaye de se positionner depuis les ann\u00e9es 1980 sans y parvenir ?, s\u2019est-il demand\u00e9, rappelant que \u00abces deux pays ont r\u00e9ussi par leurs tissus de PME respectifs \u00bb. L\u2019ancien dirigeant de la Sonatrach a soulign\u00e9 qu\u2019\u00abavant vingt ans la Turquie n\u2019\u00e9tait pas ce qu\u2019elle est aujourd\u2019hui, notamment en p\u00e9trochimie qui a bien d\u00e9marr\u00e9 en Alg\u00e9rie en 1970 et peut nous donner \u00e9norm\u00e9ment afin de rattraper et vite cet immense retard accumul\u00e9 en la mati\u00e8re\u00bb.&nbsp;&nbsp;<\/p>\n\n\n\n<p><strong>Amar Malki<\/strong><\/p>\n","protected":false},"excerpt":{"rendered":"<p>L\u2019expert en \u00e9nergie et ancien cadre dirigeant \u00e0 Sonatrach, Ali Kefaifi,&nbsp;a indiqu\u00e9 hier qu\u2019\u00abavec ses richesses \u00e9nerg\u00e9tiques, mini\u00e8res et naturelles,<\/p>\n","protected":false},"author":3,"featured_media":21220,"comment_status":"open","ping_status":"closed","sticky":false,"template":"","format":"standard","meta":{"colormag_page_container_layout":"default_layout","colormag_page_sidebar_layout":"default_layout","om_disable_all_campaigns":false,"_monsterinsights_skip_tracking":false,"_monsterinsights_sitenote_active":false,"_monsterinsights_sitenote_note":"","_monsterinsights_sitenote_category":0,"footnotes":"","_wpscppro_dont_share_socialmedia":false,"_wpscppro_custom_social_share_image":0,"_facebook_share_type":"","_twitter_share_type":"","_linkedin_share_type":"","_pinterest_share_type":"","_linkedin_share_type_page":"","_instagram_share_type":"","_medium_share_type":"","_threads_share_type":"","_google_business_share_type":"","_selected_social_profile":[],"_wpsp_enable_custom_social_template":false,"_wpsp_social_scheduling":{"enabled":false,"datetime":null,"platforms":[],"status":"template_only","dateOption":"today","timeOption":"now","customDays":"","customHours":"","customDate":"","customTime":"","schedulingType":"absolute"},"_wpsp_active_default_template":true},"categories":[29],"tags":[],"class_list":["post-21208","post","type-post","status-publish","format-standard","has-post-thumbnail","hentry","category-economie"],"aioseo_notices":[],"yoast_head":"<!-- This site is optimized with the Yoast SEO plugin v27.5 - https:\/\/yoast.com\/product\/yoast-seo-wordpress\/ -->\n<title>Ali Kefaifi, expert en \u00e9nergie et ancien cadre dirigeant \u00e0 Sonatrach\u00a0:\u00a0\u00ab\u00a0L\u2019Alg\u00e9rie peut \u00eatre une terre de relocalisation des IDE\u00bb - La Sentinelle<\/title>\n<meta name=\"robots\" content=\"index, follow, max-snippet:-1, max-image-preview:large, max-video-preview:-1\" \/>\n<link rel=\"canonical\" href=\"https:\/\/lasentinelle.dz\/index.php\/2022\/05\/18\/ali-kefaifi-expert-en-energie-et-ancien-cadre-dirigeant-a-sonatrach-lalgerie-peut-etre-une-terre-de-relocalisation-des-ide\/\" \/>\n<meta property=\"og:locale\" content=\"fr_FR\" \/>\n<meta property=\"og:type\" content=\"article\" \/>\n<meta property=\"og:title\" content=\"Ali Kefaifi, expert en \u00e9nergie et ancien cadre dirigeant \u00e0 Sonatrach\u00a0:\u00a0\u00ab\u00a0L\u2019Alg\u00e9rie peut \u00eatre une terre de relocalisation des IDE\u00bb - La Sentinelle\" \/>\n<meta property=\"og:description\" content=\"L\u2019expert en \u00e9nergie et ancien cadre dirigeant \u00e0 Sonatrach, Ali Kefaifi,&nbsp;a indiqu\u00e9 hier qu\u2019\u00abavec ses richesses \u00e9nerg\u00e9tiques, mini\u00e8res et naturelles,\" \/>\n<meta property=\"og:url\" content=\"https:\/\/lasentinelle.dz\/index.php\/2022\/05\/18\/ali-kefaifi-expert-en-energie-et-ancien-cadre-dirigeant-a-sonatrach-lalgerie-peut-etre-une-terre-de-relocalisation-des-ide\/\" \/>\n<meta property=\"og:site_name\" content=\"La Sentinelle\" \/>\n<meta property=\"article:publisher\" content=\"https:\/\/www.facebook.com\/La-Sentinelle-104059864394773\" \/>\n<meta property=\"article:published_time\" content=\"2022-05-17T23:01:00+00:00\" \/>\n<meta property=\"og:image\" content=\"https:\/\/lasentinelle.dz\/wp-content\/uploads\/2022\/05\/ssss-2.png\" \/>\n\t<meta property=\"og:image:width\" content=\"1308\" \/>\n\t<meta property=\"og:image:height\" content=\"900\" \/>\n\t<meta property=\"og:image:type\" content=\"image\/png\" \/>\n<meta name=\"author\" content=\"La Sentinelle\" \/>\n<meta name=\"twitter:card\" content=\"summary_large_image\" \/>\n<meta name=\"twitter:label1\" content=\"\u00c9crit par\" \/>\n\t<meta name=\"twitter:data1\" content=\"La Sentinelle\" \/>\n\t<meta name=\"twitter:label2\" content=\"Dur\u00e9e de lecture estim\u00e9e\" \/>\n\t<meta name=\"twitter:data2\" content=\"3 minutes\" \/>\n<script type=\"application\/ld+json\" class=\"yoast-schema-graph\">{\"@context\":\"https:\\\/\\\/schema.org\",\"@graph\":[{\"@type\":\"Article\",\"@id\":\"https:\\\/\\\/lasentinelle.dz\\\/index.php\\\/2022\\\/05\\\/18\\\/ali-kefaifi-expert-en-energie-et-ancien-cadre-dirigeant-a-sonatrach-lalgerie-peut-etre-une-terre-de-relocalisation-des-ide\\\/#article\",\"isPartOf\":{\"@id\":\"https:\\\/\\\/lasentinelle.dz\\\/index.php\\\/2022\\\/05\\\/18\\\/ali-kefaifi-expert-en-energie-et-ancien-cadre-dirigeant-a-sonatrach-lalgerie-peut-etre-une-terre-de-relocalisation-des-ide\\\/\"},\"author\":{\"name\":\"La Sentinelle\",\"@id\":\"https:\\\/\\\/lasentinelle.dz\\\/#\\\/schema\\\/person\\\/d865044e22e70a75174ce8bcad3acfb3\"},\"headline\":\"Ali Kefaifi, expert en \u00e9nergie et ancien cadre dirigeant \u00e0 Sonatrach\u00a0:\u00a0\u00ab\u00a0L\u2019Alg\u00e9rie peut \u00eatre une terre de relocalisation des IDE\u00bb\",\"datePublished\":\"2022-05-17T23:01:00+00:00\",\"mainEntityOfPage\":{\"@id\":\"https:\\\/\\\/lasentinelle.dz\\\/index.php\\\/2022\\\/05\\\/18\\\/ali-kefaifi-expert-en-energie-et-ancien-cadre-dirigeant-a-sonatrach-lalgerie-peut-etre-une-terre-de-relocalisation-des-ide\\\/\"},\"wordCount\":528,\"commentCount\":0,\"publisher\":{\"@id\":\"https:\\\/\\\/lasentinelle.dz\\\/#organization\"},\"image\":{\"@id\":\"https:\\\/\\\/lasentinelle.dz\\\/index.php\\\/2022\\\/05\\\/18\\\/ali-kefaifi-expert-en-energie-et-ancien-cadre-dirigeant-a-sonatrach-lalgerie-peut-etre-une-terre-de-relocalisation-des-ide\\\/#primaryimage\"},\"thumbnailUrl\":\"https:\\\/\\\/lasentinelle.dz\\\/wp-content\\\/uploads\\\/2022\\\/05\\\/ssss-2.png\",\"articleSection\":[\"\u00c9conomie\"],\"inLanguage\":\"fr-FR\",\"potentialAction\":[{\"@type\":\"CommentAction\",\"name\":\"Comment\",\"target\":[\"https:\\\/\\\/lasentinelle.dz\\\/index.php\\\/2022\\\/05\\\/18\\\/ali-kefaifi-expert-en-energie-et-ancien-cadre-dirigeant-a-sonatrach-lalgerie-peut-etre-une-terre-de-relocalisation-des-ide\\\/#respond\"]}]},{\"@type\":\"WebPage\",\"@id\":\"https:\\\/\\\/lasentinelle.dz\\\/index.php\\\/2022\\\/05\\\/18\\\/ali-kefaifi-expert-en-energie-et-ancien-cadre-dirigeant-a-sonatrach-lalgerie-peut-etre-une-terre-de-relocalisation-des-ide\\\/\",\"url\":\"https:\\\/\\\/lasentinelle.dz\\\/index.php\\\/2022\\\/05\\\/18\\\/ali-kefaifi-expert-en-energie-et-ancien-cadre-dirigeant-a-sonatrach-lalgerie-peut-etre-une-terre-de-relocalisation-des-ide\\\/\",\"name\":\"Ali Kefaifi, expert en \u00e9nergie et ancien cadre dirigeant \u00e0 Sonatrach\u00a0:\u00a0\u00ab\u00a0L\u2019Alg\u00e9rie peut \u00eatre une terre de relocalisation des IDE\u00bb - La Sentinelle\",\"isPartOf\":{\"@id\":\"https:\\\/\\\/lasentinelle.dz\\\/#website\"},\"primaryImageOfPage\":{\"@id\":\"https:\\\/\\\/lasentinelle.dz\\\/index.php\\\/2022\\\/05\\\/18\\\/ali-kefaifi-expert-en-energie-et-ancien-cadre-dirigeant-a-sonatrach-lalgerie-peut-etre-une-terre-de-relocalisation-des-ide\\\/#primaryimage\"},\"image\":{\"@id\":\"https:\\\/\\\/lasentinelle.dz\\\/index.php\\\/2022\\\/05\\\/18\\\/ali-kefaifi-expert-en-energie-et-ancien-cadre-dirigeant-a-sonatrach-lalgerie-peut-etre-une-terre-de-relocalisation-des-ide\\\/#primaryimage\"},\"thumbnailUrl\":\"https:\\\/\\\/lasentinelle.dz\\\/wp-content\\\/uploads\\\/2022\\\/05\\\/ssss-2.png\",\"datePublished\":\"2022-05-17T23:01:00+00:00\",\"breadcrumb\":{\"@id\":\"https:\\\/\\\/lasentinelle.dz\\\/index.php\\\/2022\\\/05\\\/18\\\/ali-kefaifi-expert-en-energie-et-ancien-cadre-dirigeant-a-sonatrach-lalgerie-peut-etre-une-terre-de-relocalisation-des-ide\\\/#breadcrumb\"},\"inLanguage\":\"fr-FR\",\"potentialAction\":[{\"@type\":\"ReadAction\",\"target\":[\"https:\\\/\\\/lasentinelle.dz\\\/index.php\\\/2022\\\/05\\\/18\\\/ali-kefaifi-expert-en-energie-et-ancien-cadre-dirigeant-a-sonatrach-lalgerie-peut-etre-une-terre-de-relocalisation-des-ide\\\/\"]}]},{\"@type\":\"ImageObject\",\"inLanguage\":\"fr-FR\",\"@id\":\"https:\\\/\\\/lasentinelle.dz\\\/index.php\\\/2022\\\/05\\\/18\\\/ali-kefaifi-expert-en-energie-et-ancien-cadre-dirigeant-a-sonatrach-lalgerie-peut-etre-une-terre-de-relocalisation-des-ide\\\/#primaryimage\",\"url\":\"https:\\\/\\\/lasentinelle.dz\\\/wp-content\\\/uploads\\\/2022\\\/05\\\/ssss-2.png\",\"contentUrl\":\"https:\\\/\\\/lasentinelle.dz\\\/wp-content\\\/uploads\\\/2022\\\/05\\\/ssss-2.png\",\"width\":1308,\"height\":900},{\"@type\":\"BreadcrumbList\",\"@id\":\"https:\\\/\\\/lasentinelle.dz\\\/index.php\\\/2022\\\/05\\\/18\\\/ali-kefaifi-expert-en-energie-et-ancien-cadre-dirigeant-a-sonatrach-lalgerie-peut-etre-une-terre-de-relocalisation-des-ide\\\/#breadcrumb\",\"itemListElement\":[{\"@type\":\"ListItem\",\"position\":1,\"name\":\"Accueil\",\"item\":\"https:\\\/\\\/lasentinelle.dz\\\/\"},{\"@type\":\"ListItem\",\"position\":2,\"name\":\"Ali Kefaifi, expert en \u00e9nergie et ancien cadre dirigeant \u00e0 Sonatrach\u00a0:\u00a0\u00ab\u00a0L\u2019Alg\u00e9rie peut \u00eatre une terre de relocalisation des IDE\u00bb\"}]},{\"@type\":\"WebSite\",\"@id\":\"https:\\\/\\\/lasentinelle.dz\\\/#website\",\"url\":\"https:\\\/\\\/lasentinelle.dz\\\/\",\"name\":\"La Sentinelle\",\"description\":\"Quotidien national d&#039;information\",\"publisher\":{\"@id\":\"https:\\\/\\\/lasentinelle.dz\\\/#organization\"},\"potentialAction\":[{\"@type\":\"SearchAction\",\"target\":{\"@type\":\"EntryPoint\",\"urlTemplate\":\"https:\\\/\\\/lasentinelle.dz\\\/?s={search_term_string}\"},\"query-input\":{\"@type\":\"PropertyValueSpecification\",\"valueRequired\":true,\"valueName\":\"search_term_string\"}}],\"inLanguage\":\"fr-FR\"},{\"@type\":\"Organization\",\"@id\":\"https:\\\/\\\/lasentinelle.dz\\\/#organization\",\"name\":\"Quotidien La Sentinelle\",\"url\":\"https:\\\/\\\/lasentinelle.dz\\\/\",\"logo\":{\"@type\":\"ImageObject\",\"inLanguage\":\"fr-FR\",\"@id\":\"https:\\\/\\\/lasentinelle.dz\\\/#\\\/schema\\\/logo\\\/image\\\/\",\"url\":\"https:\\\/\\\/lasentinelle.dz\\\/wp-content\\\/uploads\\\/2021\\\/09\\\/logo-sentinelleSLOGAN-1.png\",\"contentUrl\":\"https:\\\/\\\/lasentinelle.dz\\\/wp-content\\\/uploads\\\/2021\\\/09\\\/logo-sentinelleSLOGAN-1.png\",\"width\":615,\"height\":142,\"caption\":\"Quotidien La Sentinelle\"},\"image\":{\"@id\":\"https:\\\/\\\/lasentinelle.dz\\\/#\\\/schema\\\/logo\\\/image\\\/\"},\"sameAs\":[\"https:\\\/\\\/www.facebook.com\\\/La-Sentinelle-104059864394773\"]},{\"@type\":\"Person\",\"@id\":\"https:\\\/\\\/lasentinelle.dz\\\/#\\\/schema\\\/person\\\/d865044e22e70a75174ce8bcad3acfb3\",\"name\":\"La Sentinelle\",\"image\":{\"@type\":\"ImageObject\",\"inLanguage\":\"fr-FR\",\"@id\":\"https:\\\/\\\/secure.gravatar.com\\\/avatar\\\/57de8e5d4b15d43fb361a71fbb36338450fe67865b528a43dd10ef7c51a20392?s=96&d=mm&r=g\",\"url\":\"https:\\\/\\\/secure.gravatar.com\\\/avatar\\\/57de8e5d4b15d43fb361a71fbb36338450fe67865b528a43dd10ef7c51a20392?s=96&d=mm&r=g\",\"contentUrl\":\"https:\\\/\\\/secure.gravatar.com\\\/avatar\\\/57de8e5d4b15d43fb361a71fbb36338450fe67865b528a43dd10ef7c51a20392?s=96&d=mm&r=g\",\"caption\":\"La Sentinelle\"},\"sameAs\":[\"http:\\\/\\\/www.lasentinelle.dz\"],\"url\":\"https:\\\/\\\/lasentinelle.dz\\\/author\\\/redaction\\\/\"}]}<\/script>\n<!-- \/ Yoast SEO plugin. -->","yoast_head_json":{"title":"Ali Kefaifi, expert en \u00e9nergie et ancien cadre dirigeant \u00e0 Sonatrach\u00a0:\u00a0\u00ab\u00a0L\u2019Alg\u00e9rie peut \u00eatre une terre de relocalisation des IDE\u00bb - La Sentinelle","robots":{"index":"index","follow":"follow","max-snippet":"max-snippet:-1","max-image-preview":"max-image-preview:large","max-video-preview":"max-video-preview:-1"},"canonical":"https:\/\/lasentinelle.dz\/index.php\/2022\/05\/18\/ali-kefaifi-expert-en-energie-et-ancien-cadre-dirigeant-a-sonatrach-lalgerie-peut-etre-une-terre-de-relocalisation-des-ide\/","og_locale":"fr_FR","og_type":"article","og_title":"Ali Kefaifi, expert en \u00e9nergie et ancien cadre dirigeant \u00e0 Sonatrach\u00a0:\u00a0\u00ab\u00a0L\u2019Alg\u00e9rie peut \u00eatre une terre de relocalisation des IDE\u00bb - La Sentinelle","og_description":"L\u2019expert en \u00e9nergie et ancien cadre dirigeant \u00e0 Sonatrach, Ali Kefaifi,&nbsp;a indiqu\u00e9 hier qu\u2019\u00abavec ses richesses \u00e9nerg\u00e9tiques, mini\u00e8res et naturelles,","og_url":"https:\/\/lasentinelle.dz\/index.php\/2022\/05\/18\/ali-kefaifi-expert-en-energie-et-ancien-cadre-dirigeant-a-sonatrach-lalgerie-peut-etre-une-terre-de-relocalisation-des-ide\/","og_site_name":"La Sentinelle","article_publisher":"https:\/\/www.facebook.com\/La-Sentinelle-104059864394773","article_published_time":"2022-05-17T23:01:00+00:00","og_image":[{"width":1308,"height":900,"url":"https:\/\/lasentinelle.dz\/wp-content\/uploads\/2022\/05\/ssss-2.png","type":"image\/png"}],"author":"La Sentinelle","twitter_card":"summary_large_image","twitter_misc":{"\u00c9crit par":"La Sentinelle","Dur\u00e9e de lecture estim\u00e9e":"3 minutes"},"schema":{"@context":"https:\/\/schema.org","@graph":[{"@type":"Article","@id":"https:\/\/lasentinelle.dz\/index.php\/2022\/05\/18\/ali-kefaifi-expert-en-energie-et-ancien-cadre-dirigeant-a-sonatrach-lalgerie-peut-etre-une-terre-de-relocalisation-des-ide\/#article","isPartOf":{"@id":"https:\/\/lasentinelle.dz\/index.php\/2022\/05\/18\/ali-kefaifi-expert-en-energie-et-ancien-cadre-dirigeant-a-sonatrach-lalgerie-peut-etre-une-terre-de-relocalisation-des-ide\/"},"author":{"name":"La Sentinelle","@id":"https:\/\/lasentinelle.dz\/#\/schema\/person\/d865044e22e70a75174ce8bcad3acfb3"},"headline":"Ali Kefaifi, expert en \u00e9nergie et ancien cadre dirigeant \u00e0 Sonatrach\u00a0:\u00a0\u00ab\u00a0L\u2019Alg\u00e9rie peut \u00eatre une terre de relocalisation des IDE\u00bb","datePublished":"2022-05-17T23:01:00+00:00","mainEntityOfPage":{"@id":"https:\/\/lasentinelle.dz\/index.php\/2022\/05\/18\/ali-kefaifi-expert-en-energie-et-ancien-cadre-dirigeant-a-sonatrach-lalgerie-peut-etre-une-terre-de-relocalisation-des-ide\/"},"wordCount":528,"commentCount":0,"publisher":{"@id":"https:\/\/lasentinelle.dz\/#organization"},"image":{"@id":"https:\/\/lasentinelle.dz\/index.php\/2022\/05\/18\/ali-kefaifi-expert-en-energie-et-ancien-cadre-dirigeant-a-sonatrach-lalgerie-peut-etre-une-terre-de-relocalisation-des-ide\/#primaryimage"},"thumbnailUrl":"https:\/\/lasentinelle.dz\/wp-content\/uploads\/2022\/05\/ssss-2.png","articleSection":["\u00c9conomie"],"inLanguage":"fr-FR","potentialAction":[{"@type":"CommentAction","name":"Comment","target":["https:\/\/lasentinelle.dz\/index.php\/2022\/05\/18\/ali-kefaifi-expert-en-energie-et-ancien-cadre-dirigeant-a-sonatrach-lalgerie-peut-etre-une-terre-de-relocalisation-des-ide\/#respond"]}]},{"@type":"WebPage","@id":"https:\/\/lasentinelle.dz\/index.php\/2022\/05\/18\/ali-kefaifi-expert-en-energie-et-ancien-cadre-dirigeant-a-sonatrach-lalgerie-peut-etre-une-terre-de-relocalisation-des-ide\/","url":"https:\/\/lasentinelle.dz\/index.php\/2022\/05\/18\/ali-kefaifi-expert-en-energie-et-ancien-cadre-dirigeant-a-sonatrach-lalgerie-peut-etre-une-terre-de-relocalisation-des-ide\/","name":"Ali Kefaifi, expert en \u00e9nergie et ancien cadre dirigeant \u00e0 Sonatrach\u00a0:\u00a0\u00ab\u00a0L\u2019Alg\u00e9rie peut \u00eatre une terre de relocalisation des IDE\u00bb - La Sentinelle","isPartOf":{"@id":"https:\/\/lasentinelle.dz\/#website"},"primaryImageOfPage":{"@id":"https:\/\/lasentinelle.dz\/index.php\/2022\/05\/18\/ali-kefaifi-expert-en-energie-et-ancien-cadre-dirigeant-a-sonatrach-lalgerie-peut-etre-une-terre-de-relocalisation-des-ide\/#primaryimage"},"image":{"@id":"https:\/\/lasentinelle.dz\/index.php\/2022\/05\/18\/ali-kefaifi-expert-en-energie-et-ancien-cadre-dirigeant-a-sonatrach-lalgerie-peut-etre-une-terre-de-relocalisation-des-ide\/#primaryimage"},"thumbnailUrl":"https:\/\/lasentinelle.dz\/wp-content\/uploads\/2022\/05\/ssss-2.png","datePublished":"2022-05-17T23:01:00+00:00","breadcrumb":{"@id":"https:\/\/lasentinelle.dz\/index.php\/2022\/05\/18\/ali-kefaifi-expert-en-energie-et-ancien-cadre-dirigeant-a-sonatrach-lalgerie-peut-etre-une-terre-de-relocalisation-des-ide\/#breadcrumb"},"inLanguage":"fr-FR","potentialAction":[{"@type":"ReadAction","target":["https:\/\/lasentinelle.dz\/index.php\/2022\/05\/18\/ali-kefaifi-expert-en-energie-et-ancien-cadre-dirigeant-a-sonatrach-lalgerie-peut-etre-une-terre-de-relocalisation-des-ide\/"]}]},{"@type":"ImageObject","inLanguage":"fr-FR","@id":"https:\/\/lasentinelle.dz\/index.php\/2022\/05\/18\/ali-kefaifi-expert-en-energie-et-ancien-cadre-dirigeant-a-sonatrach-lalgerie-peut-etre-une-terre-de-relocalisation-des-ide\/#primaryimage","url":"https:\/\/lasentinelle.dz\/wp-content\/uploads\/2022\/05\/ssss-2.png","contentUrl":"https:\/\/lasentinelle.dz\/wp-content\/uploads\/2022\/05\/ssss-2.png","width":1308,"height":900},{"@type":"BreadcrumbList","@id":"https:\/\/lasentinelle.dz\/index.php\/2022\/05\/18\/ali-kefaifi-expert-en-energie-et-ancien-cadre-dirigeant-a-sonatrach-lalgerie-peut-etre-une-terre-de-relocalisation-des-ide\/#breadcrumb","itemListElement":[{"@type":"ListItem","position":1,"name":"Accueil","item":"https:\/\/lasentinelle.dz\/"},{"@type":"ListItem","position":2,"name":"Ali Kefaifi, expert en \u00e9nergie et ancien cadre dirigeant \u00e0 Sonatrach\u00a0:\u00a0\u00ab\u00a0L\u2019Alg\u00e9rie peut \u00eatre une terre de relocalisation des IDE\u00bb"}]},{"@type":"WebSite","@id":"https:\/\/lasentinelle.dz\/#website","url":"https:\/\/lasentinelle.dz\/","name":"La Sentinelle","description":"Quotidien national d&#039;information","publisher":{"@id":"https:\/\/lasentinelle.dz\/#organization"},"potentialAction":[{"@type":"SearchAction","target":{"@type":"EntryPoint","urlTemplate":"https:\/\/lasentinelle.dz\/?s={search_term_string}"},"query-input":{"@type":"PropertyValueSpecification","valueRequired":true,"valueName":"search_term_string"}}],"inLanguage":"fr-FR"},{"@type":"Organization","@id":"https:\/\/lasentinelle.dz\/#organization","name":"Quotidien La Sentinelle","url":"https:\/\/lasentinelle.dz\/","logo":{"@type":"ImageObject","inLanguage":"fr-FR","@id":"https:\/\/lasentinelle.dz\/#\/schema\/logo\/image\/","url":"https:\/\/lasentinelle.dz\/wp-content\/uploads\/2021\/09\/logo-sentinelleSLOGAN-1.png","contentUrl":"https:\/\/lasentinelle.dz\/wp-content\/uploads\/2021\/09\/logo-sentinelleSLOGAN-1.png","width":615,"height":142,"caption":"Quotidien La Sentinelle"},"image":{"@id":"https:\/\/lasentinelle.dz\/#\/schema\/logo\/image\/"},"sameAs":["https:\/\/www.facebook.com\/La-Sentinelle-104059864394773"]},{"@type":"Person","@id":"https:\/\/lasentinelle.dz\/#\/schema\/person\/d865044e22e70a75174ce8bcad3acfb3","name":"La Sentinelle","image":{"@type":"ImageObject","inLanguage":"fr-FR","@id":"https:\/\/secure.gravatar.com\/avatar\/57de8e5d4b15d43fb361a71fbb36338450fe67865b528a43dd10ef7c51a20392?s=96&d=mm&r=g","url":"https:\/\/secure.gravatar.com\/avatar\/57de8e5d4b15d43fb361a71fbb36338450fe67865b528a43dd10ef7c51a20392?s=96&d=mm&r=g","contentUrl":"https:\/\/secure.gravatar.com\/avatar\/57de8e5d4b15d43fb361a71fbb36338450fe67865b528a43dd10ef7c51a20392?s=96&d=mm&r=g","caption":"La Sentinelle"},"sameAs":["http:\/\/www.lasentinelle.dz"],"url":"https:\/\/lasentinelle.dz\/author\/redaction\/"}]}},"_links":{"self":[{"href":"https:\/\/lasentinelle.dz\/index.php\/wp-json\/wp\/v2\/posts\/21208","targetHints":{"allow":["GET"]}}],"collection":[{"href":"https:\/\/lasentinelle.dz\/index.php\/wp-json\/wp\/v2\/posts"}],"about":[{"href":"https:\/\/lasentinelle.dz\/index.php\/wp-json\/wp\/v2\/types\/post"}],"author":[{"embeddable":true,"href":"https:\/\/lasentinelle.dz\/index.php\/wp-json\/wp\/v2\/users\/3"}],"replies":[{"embeddable":true,"href":"https:\/\/lasentinelle.dz\/index.php\/wp-json\/wp\/v2\/comments?post=21208"}],"version-history":[{"count":1,"href":"https:\/\/lasentinelle.dz\/index.php\/wp-json\/wp\/v2\/posts\/21208\/revisions"}],"predecessor-version":[{"id":21221,"href":"https:\/\/lasentinelle.dz\/index.php\/wp-json\/wp\/v2\/posts\/21208\/revisions\/21221"}],"wp:featuredmedia":[{"embeddable":true,"href":"https:\/\/lasentinelle.dz\/index.php\/wp-json\/wp\/v2\/media\/21220"}],"wp:attachment":[{"href":"https:\/\/lasentinelle.dz\/index.php\/wp-json\/wp\/v2\/media?parent=21208"}],"wp:term":[{"taxonomy":"category","embeddable":true,"href":"https:\/\/lasentinelle.dz\/index.php\/wp-json\/wp\/v2\/categories?post=21208"},{"taxonomy":"post_tag","embeddable":true,"href":"https:\/\/lasentinelle.dz\/index.php\/wp-json\/wp\/v2\/tags?post=21208"}],"curies":[{"name":"wp","href":"https:\/\/api.w.org\/{rel}","templated":true}]}}