{"id":21284,"date":"2022-05-19T00:05:00","date_gmt":"2022-05-18T23:05:00","guid":{"rendered":"https:\/\/lasentinelle.dz\/?p=21284"},"modified":"2022-05-18T20:25:31","modified_gmt":"2022-05-18T19:25:31","slug":"industrie-pharmaceutique-une-ambition-africaine-qui-saffiche-a-dakar","status":"publish","type":"post","link":"https:\/\/lasentinelle.dz\/index.php\/2022\/05\/19\/industrie-pharmaceutique-une-ambition-africaine-qui-saffiche-a-dakar\/","title":{"rendered":"Industrie pharmaceutique\u00a0: Une ambition africaine qui s\u2019affiche \u00e0 Dakar"},"content":{"rendered":"\n<p>Le groupe pharmaceutique public affiche ses ambitions africaines. Un exemple pour les op\u00e9rateurs qui ont vers\u00e9 dans la production de m\u00e9dicaments et d\u2019\u00e9quipements m\u00e9dicaux qui voient, eux aussi, en l\u2019Afrique d\u2019immenses opportunit\u00e9s. L\u2019organisation du&nbsp;Salon&nbsp;de l\u2019industrie pharmaceutique alg\u00e9rienne&nbsp;El Djazair Healthcare&nbsp;\u00e0 Darkar est en ce sens le fer de lance de cette strat\u00e9gie d\u2019internationalisation.&nbsp;<\/p>\n\n\n\n<p>Les participants au Salon n\u2019ont pas cach\u00e9 leurs ambitions. Sa\u00efdal occupe en ce sens les devants dans cette dimension africaine de l\u2019industrie pharmaceutique alg\u00e9rienne. Ainsi, la directrice du d\u00e9partement Exportation du Groupe Saidal, Lydia Azem, a&nbsp;mis en avant les objectifs du groupe public en marge du Salon. La m\u00eame responsable&nbsp;savoir que \u00abla signature d\u2019une&nbsp;premi\u00e8re&nbsp;convention avec&nbsp;des&nbsp;op\u00e9rateurs&nbsp;s\u00e9n\u00e9galais permettra de promouvoir le produit alg\u00e9rien dans plusieurs pays africains&nbsp;\u00bb, rappelant que la soci\u00e9t\u00e9 Saidal, pr\u00e9sente dans de nombreux pays africains depuis des ann\u00e9es,&nbsp;\u00ab&nbsp;tend \u00e0 \u00e9largir ce partenariat dans un cadre de solidarit\u00e9 avec les pays africains conform\u00e9ment \u00e0 la volont\u00e9 politique de l&rsquo;Etat alg\u00e9rien&nbsp;\u00bb.&nbsp;Il est utile de rappeler dans ce contexte que le groupe Saidal pr\u00e9voit d\u2019augmenter de moiti\u00e9 son chiffre d\u2019affaires en 2022, notamment stimulant le segment export. Le groupe pr\u00e9voit un programme d&rsquo;exportation de plus de 1,5 million d&rsquo;euro en direction des pays d&rsquo;Afrique et du Moyen Orient.<\/p>\n\n\n\n<p>Une exp\u00e9rience qui semble inspirer de nombreux op\u00e9rateurs.&nbsp;Le directeur Marketing de la Soci\u00e9t\u00e9 des industries m\u00e9dico-chirurgicales, Salim Grine, a affirm\u00e9&nbsp;dans ce contexte&nbsp;&nbsp;que \u00abla participation de la soci\u00e9t\u00e9 IMC au Salon de Dakar vise \u00e0 renforcer sa pr\u00e9sence dans la r\u00e9gion de l&rsquo;Afrique de l&rsquo;Ouest \u00bb \u00abD&rsquo;autant que les laboratoires IMC ont une large exp\u00e9rience en mati\u00e8re de mat\u00e9riel de dialyse et sont en t\u00eate des laboratoires de marketing en Mauritanie\u00bb, a-t-il expliqu\u00e9. Ces laboratoires se sont lanc\u00e9 dans la commercialisation des s\u00e9rums concentr\u00e9s au S\u00e9n\u00e9gal depuis 2020 et ont d\u00e9croch\u00e9 un march\u00e9 pour l&rsquo;exportation d&rsquo;une valeur de pr\u00e8s de 800.000 euros. Selon leurs responsables, les laboratoires IMC \u0153uvrent \u00e0 promouvoir des partenariats fructueux et \u00e0 investir dans la production de fournitures m\u00e9dicales dans plusieurs pays africains. M\u00eame de son cloche chez la directrice adjointe du Groupe Clinica, Lydia Brahimi,&nbsp;laquelle&nbsp;affirm\u00e9 que \u00able groupe avait proc\u00e9d\u00e9, \u00e0 l&rsquo;instar des autres op\u00e9rateurs alg\u00e9riens pr\u00e9sents au Salon, \u00e0 la signature d&rsquo;un accord de partenariat pour la prestation de service et la commercialisation de ses produits au S\u00e9n\u00e9gal et dans les Pays de l&rsquo;Afrique centrale et de l&rsquo;Ouest\u00bb. La directrice des march\u00e9s hospitaliers nationaux et internationaux du groupe Biocare, Meriem Ben Kara, a estim\u00e9 que \u00abla participation au Salon de Dakar a \u00e9t\u00e9 l&rsquo;occasion d&rsquo;\u00e9tablir un partenariat avec des op\u00e9rateurs s\u00e9n\u00e9galais, ce qui permettra au groupe Clinica de promouvoir ses produits et d&rsquo;aller vers l&rsquo;exportation. Le responsable du groupe \u00abHydra Pharm\u00bb, sp\u00e9cialis\u00e9 dans la distribution de m\u00e9dicaments, Hakim Ikhlef, s&rsquo;est f\u00e9licit\u00e9 de \u00abla signature d&rsquo;une convention avec des op\u00e9rateurs s\u00e9n\u00e9galais, qui permettra la promotion du produit alg\u00e9rien et l&rsquo;acc\u00e8s aux march\u00e9s africains\u00bb.&nbsp;<\/p>\n\n\n\n<p>Il est clair que le d\u00e9veloppement \u00e0 l\u2019export constitue aujourd\u2019hui la nouvelle phase naturelle de l\u2019\u00e9volution de l\u2019industrie pharmaceutique nationale, laquelle a permis d\u2019atteindre l\u2019autosuffisance pour de nombreux produits. Il est utile de rappeler dans ce contexte que l\u2019industrie pharmaceutique nationale couvre pas moins&nbsp;70% des besoins nationaux. La premi\u00e8re \u00e9dition du salon El Djaza\u00efr Healthcare ; se tenant \u00e0 Dakar du 17 au 20 mai, s\u2019inscrit dans le cadre de la concr\u00e9tisation de cette d\u00e9marche, la commercialisation de la production pharmaceutique dans le march\u00e9 international.&nbsp;<\/p>\n\n\n\n<p><strong>Amar Malki<\/strong><\/p>\n","protected":false},"excerpt":{"rendered":"<p>Le groupe pharmaceutique public affiche ses ambitions africaines. Un exemple pour les op\u00e9rateurs qui ont vers\u00e9 dans la production de<\/p>\n","protected":false},"author":3,"featured_media":21286,"comment_status":"open","ping_status":"closed","sticky":false,"template":"","format":"standard","meta":{"colormag_page_container_layout":"default_layout","colormag_page_sidebar_layout":"default_layout","om_disable_all_campaigns":false,"_monsterinsights_skip_tracking":false,"_monsterinsights_sitenote_active":false,"_monsterinsights_sitenote_note":"","_monsterinsights_sitenote_category":0,"footnotes":"","_wpscppro_dont_share_socialmedia":false,"_wpscppro_custom_social_share_image":0,"_facebook_share_type":"","_twitter_share_type":"","_linkedin_share_type":"","_pinterest_share_type":"","_linkedin_share_type_page":"","_instagram_share_type":"","_medium_share_type":"","_threads_share_type":"","_google_business_share_type":"","_selected_social_profile":[],"_wpsp_enable_custom_social_template":false,"_wpsp_social_scheduling":{"enabled":false,"datetime":null,"platforms":[],"status":"template_only","dateOption":"today","timeOption":"now","customDays":"","customHours":"","customDate":"","customTime":"","schedulingType":"absolute"},"_wpsp_active_default_template":true},"categories":[52,27],"tags":[],"class_list":["post-21284","post","type-post","status-publish","format-standard","has-post-thumbnail","hentry","category-a-la-une","category-actualite"],"aioseo_notices":[],"yoast_head":"<!-- This site is optimized with the Yoast SEO plugin v27.5 - https:\/\/yoast.com\/product\/yoast-seo-wordpress\/ -->\n<title>Industrie pharmaceutique\u00a0: Une ambition africaine qui s\u2019affiche \u00e0 Dakar - La Sentinelle<\/title>\n<meta name=\"robots\" content=\"index, follow, max-snippet:-1, max-image-preview:large, max-video-preview:-1\" \/>\n<link rel=\"canonical\" href=\"https:\/\/lasentinelle.dz\/index.php\/2022\/05\/19\/industrie-pharmaceutique-une-ambition-africaine-qui-saffiche-a-dakar\/\" \/>\n<meta property=\"og:locale\" content=\"fr_FR\" \/>\n<meta property=\"og:type\" content=\"article\" \/>\n<meta property=\"og:title\" content=\"Industrie pharmaceutique\u00a0: Une ambition africaine qui s\u2019affiche \u00e0 Dakar - La Sentinelle\" \/>\n<meta property=\"og:description\" content=\"Le groupe pharmaceutique public affiche ses ambitions africaines. Un exemple pour les op\u00e9rateurs qui ont vers\u00e9 dans la production de\" \/>\n<meta property=\"og:url\" content=\"https:\/\/lasentinelle.dz\/index.php\/2022\/05\/19\/industrie-pharmaceutique-une-ambition-africaine-qui-saffiche-a-dakar\/\" \/>\n<meta property=\"og:site_name\" content=\"La Sentinelle\" \/>\n<meta property=\"article:publisher\" content=\"https:\/\/www.facebook.com\/La-Sentinelle-104059864394773\" \/>\n<meta property=\"article:published_time\" content=\"2022-05-18T23:05:00+00:00\" \/>\n<meta property=\"og:image\" content=\"https:\/\/lasentinelle.dz\/wp-content\/uploads\/2022\/05\/saidal-NP.png\" \/>\n\t<meta property=\"og:image:width\" content=\"602\" \/>\n\t<meta property=\"og:image:height\" content=\"900\" \/>\n\t<meta property=\"og:image:type\" content=\"image\/png\" \/>\n<meta name=\"author\" content=\"La Sentinelle\" \/>\n<meta name=\"twitter:card\" content=\"summary_large_image\" \/>\n<meta name=\"twitter:label1\" content=\"\u00c9crit par\" \/>\n\t<meta name=\"twitter:data1\" content=\"La Sentinelle\" \/>\n\t<meta name=\"twitter:label2\" content=\"Dur\u00e9e de lecture estim\u00e9e\" \/>\n\t<meta name=\"twitter:data2\" content=\"3 minutes\" \/>\n<script type=\"application\/ld+json\" class=\"yoast-schema-graph\">{\"@context\":\"https:\\\/\\\/schema.org\",\"@graph\":[{\"@type\":\"Article\",\"@id\":\"https:\\\/\\\/lasentinelle.dz\\\/index.php\\\/2022\\\/05\\\/19\\\/industrie-pharmaceutique-une-ambition-africaine-qui-saffiche-a-dakar\\\/#article\",\"isPartOf\":{\"@id\":\"https:\\\/\\\/lasentinelle.dz\\\/index.php\\\/2022\\\/05\\\/19\\\/industrie-pharmaceutique-une-ambition-africaine-qui-saffiche-a-dakar\\\/\"},\"author\":{\"name\":\"La Sentinelle\",\"@id\":\"https:\\\/\\\/lasentinelle.dz\\\/#\\\/schema\\\/person\\\/d865044e22e70a75174ce8bcad3acfb3\"},\"headline\":\"Industrie pharmaceutique\u00a0: Une ambition africaine qui s\u2019affiche \u00e0 Dakar\",\"datePublished\":\"2022-05-18T23:05:00+00:00\",\"mainEntityOfPage\":{\"@id\":\"https:\\\/\\\/lasentinelle.dz\\\/index.php\\\/2022\\\/05\\\/19\\\/industrie-pharmaceutique-une-ambition-africaine-qui-saffiche-a-dakar\\\/\"},\"wordCount\":691,\"commentCount\":0,\"publisher\":{\"@id\":\"https:\\\/\\\/lasentinelle.dz\\\/#organization\"},\"image\":{\"@id\":\"https:\\\/\\\/lasentinelle.dz\\\/index.php\\\/2022\\\/05\\\/19\\\/industrie-pharmaceutique-une-ambition-africaine-qui-saffiche-a-dakar\\\/#primaryimage\"},\"thumbnailUrl\":\"https:\\\/\\\/lasentinelle.dz\\\/wp-content\\\/uploads\\\/2022\\\/05\\\/saidal-NP.png\",\"articleSection\":[\"\u00c0 la Une\",\"Actualit\u00e9\"],\"inLanguage\":\"fr-FR\",\"potentialAction\":[{\"@type\":\"CommentAction\",\"name\":\"Comment\",\"target\":[\"https:\\\/\\\/lasentinelle.dz\\\/index.php\\\/2022\\\/05\\\/19\\\/industrie-pharmaceutique-une-ambition-africaine-qui-saffiche-a-dakar\\\/#respond\"]}]},{\"@type\":\"WebPage\",\"@id\":\"https:\\\/\\\/lasentinelle.dz\\\/index.php\\\/2022\\\/05\\\/19\\\/industrie-pharmaceutique-une-ambition-africaine-qui-saffiche-a-dakar\\\/\",\"url\":\"https:\\\/\\\/lasentinelle.dz\\\/index.php\\\/2022\\\/05\\\/19\\\/industrie-pharmaceutique-une-ambition-africaine-qui-saffiche-a-dakar\\\/\",\"name\":\"Industrie pharmaceutique\u00a0: Une ambition africaine qui s\u2019affiche \u00e0 Dakar - La Sentinelle\",\"isPartOf\":{\"@id\":\"https:\\\/\\\/lasentinelle.dz\\\/#website\"},\"primaryImageOfPage\":{\"@id\":\"https:\\\/\\\/lasentinelle.dz\\\/index.php\\\/2022\\\/05\\\/19\\\/industrie-pharmaceutique-une-ambition-africaine-qui-saffiche-a-dakar\\\/#primaryimage\"},\"image\":{\"@id\":\"https:\\\/\\\/lasentinelle.dz\\\/index.php\\\/2022\\\/05\\\/19\\\/industrie-pharmaceutique-une-ambition-africaine-qui-saffiche-a-dakar\\\/#primaryimage\"},\"thumbnailUrl\":\"https:\\\/\\\/lasentinelle.dz\\\/wp-content\\\/uploads\\\/2022\\\/05\\\/saidal-NP.png\",\"datePublished\":\"2022-05-18T23:05:00+00:00\",\"breadcrumb\":{\"@id\":\"https:\\\/\\\/lasentinelle.dz\\\/index.php\\\/2022\\\/05\\\/19\\\/industrie-pharmaceutique-une-ambition-africaine-qui-saffiche-a-dakar\\\/#breadcrumb\"},\"inLanguage\":\"fr-FR\",\"potentialAction\":[{\"@type\":\"ReadAction\",\"target\":[\"https:\\\/\\\/lasentinelle.dz\\\/index.php\\\/2022\\\/05\\\/19\\\/industrie-pharmaceutique-une-ambition-africaine-qui-saffiche-a-dakar\\\/\"]}]},{\"@type\":\"ImageObject\",\"inLanguage\":\"fr-FR\",\"@id\":\"https:\\\/\\\/lasentinelle.dz\\\/index.php\\\/2022\\\/05\\\/19\\\/industrie-pharmaceutique-une-ambition-africaine-qui-saffiche-a-dakar\\\/#primaryimage\",\"url\":\"https:\\\/\\\/lasentinelle.dz\\\/wp-content\\\/uploads\\\/2022\\\/05\\\/saidal-NP.png\",\"contentUrl\":\"https:\\\/\\\/lasentinelle.dz\\\/wp-content\\\/uploads\\\/2022\\\/05\\\/saidal-NP.png\",\"width\":602,\"height\":900},{\"@type\":\"BreadcrumbList\",\"@id\":\"https:\\\/\\\/lasentinelle.dz\\\/index.php\\\/2022\\\/05\\\/19\\\/industrie-pharmaceutique-une-ambition-africaine-qui-saffiche-a-dakar\\\/#breadcrumb\",\"itemListElement\":[{\"@type\":\"ListItem\",\"position\":1,\"name\":\"Accueil\",\"item\":\"https:\\\/\\\/lasentinelle.dz\\\/\"},{\"@type\":\"ListItem\",\"position\":2,\"name\":\"Industrie pharmaceutique\u00a0: Une ambition africaine qui s\u2019affiche \u00e0 Dakar\"}]},{\"@type\":\"WebSite\",\"@id\":\"https:\\\/\\\/lasentinelle.dz\\\/#website\",\"url\":\"https:\\\/\\\/lasentinelle.dz\\\/\",\"name\":\"La Sentinelle\",\"description\":\"Quotidien national d&#039;information\",\"publisher\":{\"@id\":\"https:\\\/\\\/lasentinelle.dz\\\/#organization\"},\"potentialAction\":[{\"@type\":\"SearchAction\",\"target\":{\"@type\":\"EntryPoint\",\"urlTemplate\":\"https:\\\/\\\/lasentinelle.dz\\\/?s={search_term_string}\"},\"query-input\":{\"@type\":\"PropertyValueSpecification\",\"valueRequired\":true,\"valueName\":\"search_term_string\"}}],\"inLanguage\":\"fr-FR\"},{\"@type\":\"Organization\",\"@id\":\"https:\\\/\\\/lasentinelle.dz\\\/#organization\",\"name\":\"Quotidien La Sentinelle\",\"url\":\"https:\\\/\\\/lasentinelle.dz\\\/\",\"logo\":{\"@type\":\"ImageObject\",\"inLanguage\":\"fr-FR\",\"@id\":\"https:\\\/\\\/lasentinelle.dz\\\/#\\\/schema\\\/logo\\\/image\\\/\",\"url\":\"https:\\\/\\\/lasentinelle.dz\\\/wp-content\\\/uploads\\\/2021\\\/09\\\/logo-sentinelleSLOGAN-1.png\",\"contentUrl\":\"https:\\\/\\\/lasentinelle.dz\\\/wp-content\\\/uploads\\\/2021\\\/09\\\/logo-sentinelleSLOGAN-1.png\",\"width\":615,\"height\":142,\"caption\":\"Quotidien La Sentinelle\"},\"image\":{\"@id\":\"https:\\\/\\\/lasentinelle.dz\\\/#\\\/schema\\\/logo\\\/image\\\/\"},\"sameAs\":[\"https:\\\/\\\/www.facebook.com\\\/La-Sentinelle-104059864394773\"]},{\"@type\":\"Person\",\"@id\":\"https:\\\/\\\/lasentinelle.dz\\\/#\\\/schema\\\/person\\\/d865044e22e70a75174ce8bcad3acfb3\",\"name\":\"La Sentinelle\",\"image\":{\"@type\":\"ImageObject\",\"inLanguage\":\"fr-FR\",\"@id\":\"https:\\\/\\\/secure.gravatar.com\\\/avatar\\\/57de8e5d4b15d43fb361a71fbb36338450fe67865b528a43dd10ef7c51a20392?s=96&d=mm&r=g\",\"url\":\"https:\\\/\\\/secure.gravatar.com\\\/avatar\\\/57de8e5d4b15d43fb361a71fbb36338450fe67865b528a43dd10ef7c51a20392?s=96&d=mm&r=g\",\"contentUrl\":\"https:\\\/\\\/secure.gravatar.com\\\/avatar\\\/57de8e5d4b15d43fb361a71fbb36338450fe67865b528a43dd10ef7c51a20392?s=96&d=mm&r=g\",\"caption\":\"La Sentinelle\"},\"sameAs\":[\"http:\\\/\\\/www.lasentinelle.dz\"],\"url\":\"https:\\\/\\\/lasentinelle.dz\\\/author\\\/redaction\\\/\"}]}<\/script>\n<!-- \/ Yoast SEO plugin. -->","yoast_head_json":{"title":"Industrie pharmaceutique\u00a0: Une ambition africaine qui s\u2019affiche \u00e0 Dakar - La Sentinelle","robots":{"index":"index","follow":"follow","max-snippet":"max-snippet:-1","max-image-preview":"max-image-preview:large","max-video-preview":"max-video-preview:-1"},"canonical":"https:\/\/lasentinelle.dz\/index.php\/2022\/05\/19\/industrie-pharmaceutique-une-ambition-africaine-qui-saffiche-a-dakar\/","og_locale":"fr_FR","og_type":"article","og_title":"Industrie pharmaceutique\u00a0: Une ambition africaine qui s\u2019affiche \u00e0 Dakar - La Sentinelle","og_description":"Le groupe pharmaceutique public affiche ses ambitions africaines. Un exemple pour les op\u00e9rateurs qui ont vers\u00e9 dans la production de","og_url":"https:\/\/lasentinelle.dz\/index.php\/2022\/05\/19\/industrie-pharmaceutique-une-ambition-africaine-qui-saffiche-a-dakar\/","og_site_name":"La Sentinelle","article_publisher":"https:\/\/www.facebook.com\/La-Sentinelle-104059864394773","article_published_time":"2022-05-18T23:05:00+00:00","og_image":[{"width":602,"height":900,"url":"https:\/\/lasentinelle.dz\/wp-content\/uploads\/2022\/05\/saidal-NP.png","type":"image\/png"}],"author":"La Sentinelle","twitter_card":"summary_large_image","twitter_misc":{"\u00c9crit par":"La Sentinelle","Dur\u00e9e de lecture estim\u00e9e":"3 minutes"},"schema":{"@context":"https:\/\/schema.org","@graph":[{"@type":"Article","@id":"https:\/\/lasentinelle.dz\/index.php\/2022\/05\/19\/industrie-pharmaceutique-une-ambition-africaine-qui-saffiche-a-dakar\/#article","isPartOf":{"@id":"https:\/\/lasentinelle.dz\/index.php\/2022\/05\/19\/industrie-pharmaceutique-une-ambition-africaine-qui-saffiche-a-dakar\/"},"author":{"name":"La Sentinelle","@id":"https:\/\/lasentinelle.dz\/#\/schema\/person\/d865044e22e70a75174ce8bcad3acfb3"},"headline":"Industrie pharmaceutique\u00a0: Une ambition africaine qui s\u2019affiche \u00e0 Dakar","datePublished":"2022-05-18T23:05:00+00:00","mainEntityOfPage":{"@id":"https:\/\/lasentinelle.dz\/index.php\/2022\/05\/19\/industrie-pharmaceutique-une-ambition-africaine-qui-saffiche-a-dakar\/"},"wordCount":691,"commentCount":0,"publisher":{"@id":"https:\/\/lasentinelle.dz\/#organization"},"image":{"@id":"https:\/\/lasentinelle.dz\/index.php\/2022\/05\/19\/industrie-pharmaceutique-une-ambition-africaine-qui-saffiche-a-dakar\/#primaryimage"},"thumbnailUrl":"https:\/\/lasentinelle.dz\/wp-content\/uploads\/2022\/05\/saidal-NP.png","articleSection":["\u00c0 la Une","Actualit\u00e9"],"inLanguage":"fr-FR","potentialAction":[{"@type":"CommentAction","name":"Comment","target":["https:\/\/lasentinelle.dz\/index.php\/2022\/05\/19\/industrie-pharmaceutique-une-ambition-africaine-qui-saffiche-a-dakar\/#respond"]}]},{"@type":"WebPage","@id":"https:\/\/lasentinelle.dz\/index.php\/2022\/05\/19\/industrie-pharmaceutique-une-ambition-africaine-qui-saffiche-a-dakar\/","url":"https:\/\/lasentinelle.dz\/index.php\/2022\/05\/19\/industrie-pharmaceutique-une-ambition-africaine-qui-saffiche-a-dakar\/","name":"Industrie pharmaceutique\u00a0: Une ambition africaine qui s\u2019affiche \u00e0 Dakar - La Sentinelle","isPartOf":{"@id":"https:\/\/lasentinelle.dz\/#website"},"primaryImageOfPage":{"@id":"https:\/\/lasentinelle.dz\/index.php\/2022\/05\/19\/industrie-pharmaceutique-une-ambition-africaine-qui-saffiche-a-dakar\/#primaryimage"},"image":{"@id":"https:\/\/lasentinelle.dz\/index.php\/2022\/05\/19\/industrie-pharmaceutique-une-ambition-africaine-qui-saffiche-a-dakar\/#primaryimage"},"thumbnailUrl":"https:\/\/lasentinelle.dz\/wp-content\/uploads\/2022\/05\/saidal-NP.png","datePublished":"2022-05-18T23:05:00+00:00","breadcrumb":{"@id":"https:\/\/lasentinelle.dz\/index.php\/2022\/05\/19\/industrie-pharmaceutique-une-ambition-africaine-qui-saffiche-a-dakar\/#breadcrumb"},"inLanguage":"fr-FR","potentialAction":[{"@type":"ReadAction","target":["https:\/\/lasentinelle.dz\/index.php\/2022\/05\/19\/industrie-pharmaceutique-une-ambition-africaine-qui-saffiche-a-dakar\/"]}]},{"@type":"ImageObject","inLanguage":"fr-FR","@id":"https:\/\/lasentinelle.dz\/index.php\/2022\/05\/19\/industrie-pharmaceutique-une-ambition-africaine-qui-saffiche-a-dakar\/#primaryimage","url":"https:\/\/lasentinelle.dz\/wp-content\/uploads\/2022\/05\/saidal-NP.png","contentUrl":"https:\/\/lasentinelle.dz\/wp-content\/uploads\/2022\/05\/saidal-NP.png","width":602,"height":900},{"@type":"BreadcrumbList","@id":"https:\/\/lasentinelle.dz\/index.php\/2022\/05\/19\/industrie-pharmaceutique-une-ambition-africaine-qui-saffiche-a-dakar\/#breadcrumb","itemListElement":[{"@type":"ListItem","position":1,"name":"Accueil","item":"https:\/\/lasentinelle.dz\/"},{"@type":"ListItem","position":2,"name":"Industrie pharmaceutique\u00a0: Une ambition africaine qui s\u2019affiche \u00e0 Dakar"}]},{"@type":"WebSite","@id":"https:\/\/lasentinelle.dz\/#website","url":"https:\/\/lasentinelle.dz\/","name":"La Sentinelle","description":"Quotidien national d&#039;information","publisher":{"@id":"https:\/\/lasentinelle.dz\/#organization"},"potentialAction":[{"@type":"SearchAction","target":{"@type":"EntryPoint","urlTemplate":"https:\/\/lasentinelle.dz\/?s={search_term_string}"},"query-input":{"@type":"PropertyValueSpecification","valueRequired":true,"valueName":"search_term_string"}}],"inLanguage":"fr-FR"},{"@type":"Organization","@id":"https:\/\/lasentinelle.dz\/#organization","name":"Quotidien La Sentinelle","url":"https:\/\/lasentinelle.dz\/","logo":{"@type":"ImageObject","inLanguage":"fr-FR","@id":"https:\/\/lasentinelle.dz\/#\/schema\/logo\/image\/","url":"https:\/\/lasentinelle.dz\/wp-content\/uploads\/2021\/09\/logo-sentinelleSLOGAN-1.png","contentUrl":"https:\/\/lasentinelle.dz\/wp-content\/uploads\/2021\/09\/logo-sentinelleSLOGAN-1.png","width":615,"height":142,"caption":"Quotidien La Sentinelle"},"image":{"@id":"https:\/\/lasentinelle.dz\/#\/schema\/logo\/image\/"},"sameAs":["https:\/\/www.facebook.com\/La-Sentinelle-104059864394773"]},{"@type":"Person","@id":"https:\/\/lasentinelle.dz\/#\/schema\/person\/d865044e22e70a75174ce8bcad3acfb3","name":"La Sentinelle","image":{"@type":"ImageObject","inLanguage":"fr-FR","@id":"https:\/\/secure.gravatar.com\/avatar\/57de8e5d4b15d43fb361a71fbb36338450fe67865b528a43dd10ef7c51a20392?s=96&d=mm&r=g","url":"https:\/\/secure.gravatar.com\/avatar\/57de8e5d4b15d43fb361a71fbb36338450fe67865b528a43dd10ef7c51a20392?s=96&d=mm&r=g","contentUrl":"https:\/\/secure.gravatar.com\/avatar\/57de8e5d4b15d43fb361a71fbb36338450fe67865b528a43dd10ef7c51a20392?s=96&d=mm&r=g","caption":"La Sentinelle"},"sameAs":["http:\/\/www.lasentinelle.dz"],"url":"https:\/\/lasentinelle.dz\/author\/redaction\/"}]}},"_links":{"self":[{"href":"https:\/\/lasentinelle.dz\/index.php\/wp-json\/wp\/v2\/posts\/21284","targetHints":{"allow":["GET"]}}],"collection":[{"href":"https:\/\/lasentinelle.dz\/index.php\/wp-json\/wp\/v2\/posts"}],"about":[{"href":"https:\/\/lasentinelle.dz\/index.php\/wp-json\/wp\/v2\/types\/post"}],"author":[{"embeddable":true,"href":"https:\/\/lasentinelle.dz\/index.php\/wp-json\/wp\/v2\/users\/3"}],"replies":[{"embeddable":true,"href":"https:\/\/lasentinelle.dz\/index.php\/wp-json\/wp\/v2\/comments?post=21284"}],"version-history":[{"count":1,"href":"https:\/\/lasentinelle.dz\/index.php\/wp-json\/wp\/v2\/posts\/21284\/revisions"}],"predecessor-version":[{"id":21287,"href":"https:\/\/lasentinelle.dz\/index.php\/wp-json\/wp\/v2\/posts\/21284\/revisions\/21287"}],"wp:featuredmedia":[{"embeddable":true,"href":"https:\/\/lasentinelle.dz\/index.php\/wp-json\/wp\/v2\/media\/21286"}],"wp:attachment":[{"href":"https:\/\/lasentinelle.dz\/index.php\/wp-json\/wp\/v2\/media?parent=21284"}],"wp:term":[{"taxonomy":"category","embeddable":true,"href":"https:\/\/lasentinelle.dz\/index.php\/wp-json\/wp\/v2\/categories?post=21284"},{"taxonomy":"post_tag","embeddable":true,"href":"https:\/\/lasentinelle.dz\/index.php\/wp-json\/wp\/v2\/tags?post=21284"}],"curies":[{"name":"wp","href":"https:\/\/api.w.org\/{rel}","templated":true}]}}