{"id":21330,"date":"2022-05-22T00:01:00","date_gmt":"2022-05-21T23:01:00","guid":{"rendered":"https:\/\/lasentinelle.dz\/?p=21330"},"modified":"2022-05-21T17:54:15","modified_gmt":"2022-05-21T16:54:15","slug":"brest-belaili-parti-pour-rester-en-france","status":"publish","type":"post","link":"https:\/\/lasentinelle.dz\/index.php\/2022\/05\/22\/brest-belaili-parti-pour-rester-en-france\/","title":{"rendered":"Brest\u00a0:\u00a0Belaili parti pour rester en France\u00a0"},"content":{"rendered":"\n<p>Arriv\u00e9 \u00e0 Brest apr\u00e8s la derni\u00e8re CAN-2022 au Cameroun, Bela\u00efli (2 buts) s&rsquo;est engag\u00e9 avec le club breton pour une dur\u00e9e de 5 mois.<\/p>\n\n\n\n<p>L&rsquo;ailier international alg\u00e9rien du Stade brestois 29, Youcef Bela\u00efli, a exprim\u00e9 le v\u0153ux de prolonger son aventure en Ligue 1 fran\u00e7aise de football, estimant qu&rsquo;il s&rsquo;\u00e9tait adapt\u00e9 avec la formation bretonne qu&rsquo;il avait rejoint au mercato d&rsquo;hiver. \u00ab Tout va bien. Petit \u00e0 petit, j&rsquo;ai pris confiance en moi, j\u2019ai compris comment jouer en Ligue 1, je me suis adapt\u00e9 et je vais faire encore mieux. Normalement l\u2019ann\u00e9e prochaine je reste en Ligue 1, pour marquer beaucoup de buts et faire des passes d\u00e9cisives \u00bb, a indiqu\u00e9 Bela\u00efli dans une interview donn\u00e9e \u00e0 Ouest France et au T\u00e9l\u00e9gramme. Arriv\u00e9 \u00e0 Brest apr\u00e8s la derni\u00e8re CAN-2021 (report\u00e9e \u00e0 2022) au Cameroun, Bela\u00efli (2 buts) s&rsquo;est engag\u00e9 avec le club breton pour une dur\u00e9e de 5 mois. Son contrat qui prendra fin en juin 2022, comprend une option de deux ans suppl\u00e9mentaires chez les \u00ab Pirates \u00bb. La presse fran\u00e7aise a soulign\u00e9 que le retour en gr\u00e2ce aurait convaincu ses dirigeants de lui offrir un nouveau bail. \u00ab Le climat \u00e0 Brest est un peu bizarre mais \u00e7a va, je suis bien avec le groupe, le staff technique, les supporters. J\u2019ai mes qualit\u00e9s, j\u2019ai tout pour jouer en Ligue 1 \u00bb, a ajout\u00e9 Bela\u00efli, \u00e9lu meilleur joueur de son \u00e9quipe du mois de mai. Et d&rsquo;encha\u00eener: \u00ab J&rsquo;ai un public qui m&rsquo;aime, ils me suivent en \u00e9quipe nationale et d\u00e9j\u00e0 quand j&rsquo;\u00e9tais \u00e0 Tunis. Ils m&rsquo;encouragent, \u00e7a fait plaisir. Quand je suis venu en Europe, j\u2019ai compris qu\u2019ils regardaient beaucoup plus mes matchs, \u00e7a ne me g\u00eane pas, au contraire. Ca me donne de la confiance \u00e0 travers leur support. J\u2019ai envie de les rendre heureux. \u00bb Par ailleurs, le natif d&rsquo;Oran est revenu sur l&rsquo;\u00e9limination de l&rsquo;\u00e9quipe nationale en barrages de la Coupe du monde 2022, au terme de la double confrontation disput\u00e9e face au Cameroun en mars dernier (aller : 1-0, retour : 1-2). \u00ab C\u2019\u00e9tait difficile pour moi, surtout moralement apr\u00e8s le match face au Cameroun. J\u2019\u00e9tais tr\u00e8s d\u00e9\u00e7u, on voulait gagner pour se qualifier en Coupe du Monde, \u00e7a ne l\u2019a pas fait. On va mettre toutes nos forces pour la Coupe d\u2019Afrique et la Coupe du Monde 2026. On fait tout pour le peuple \u00bb, a-t-il conclu.&nbsp;<\/p>\n\n\n\n<p>R. S.<\/p>\n","protected":false},"excerpt":{"rendered":"<p>Arriv\u00e9 \u00e0 Brest apr\u00e8s la derni\u00e8re CAN-2022 au Cameroun, Bela\u00efli (2 buts) s&rsquo;est engag\u00e9 avec le club breton pour une<\/p>\n","protected":false},"author":3,"featured_media":21345,"comment_status":"open","ping_status":"closed","sticky":false,"template":"","format":"standard","meta":{"colormag_page_container_layout":"default_layout","colormag_page_sidebar_layout":"default_layout","om_disable_all_campaigns":false,"_monsterinsights_skip_tracking":false,"_monsterinsights_sitenote_active":false,"_monsterinsights_sitenote_note":"","_monsterinsights_sitenote_category":0,"footnotes":"","_wpscppro_dont_share_socialmedia":false,"_wpscppro_custom_social_share_image":0,"_facebook_share_type":"","_twitter_share_type":"","_linkedin_share_type":"","_pinterest_share_type":"","_linkedin_share_type_page":"","_instagram_share_type":"","_medium_share_type":"","_threads_share_type":"","_google_business_share_type":"","_selected_social_profile":[],"_wpsp_enable_custom_social_template":false,"_wpsp_social_scheduling":{"enabled":false,"datetime":null,"platforms":[],"status":"template_only","dateOption":"today","timeOption":"now","customDays":"","customHours":"","customDate":"","customTime":"","schedulingType":"absolute"},"_wpsp_active_default_template":true},"categories":[33],"tags":[],"class_list":["post-21330","post","type-post","status-publish","format-standard","has-post-thumbnail","hentry","category-sports"],"aioseo_notices":[],"yoast_head":"<!-- This site is optimized with the Yoast SEO plugin v27.5 - https:\/\/yoast.com\/product\/yoast-seo-wordpress\/ -->\n<title>Brest\u00a0:\u00a0Belaili parti pour rester en France\u00a0 - La Sentinelle<\/title>\n<meta name=\"robots\" content=\"index, follow, max-snippet:-1, max-image-preview:large, max-video-preview:-1\" \/>\n<link rel=\"canonical\" href=\"https:\/\/lasentinelle.dz\/index.php\/2022\/05\/22\/brest-belaili-parti-pour-rester-en-france\/\" \/>\n<meta property=\"og:locale\" content=\"fr_FR\" \/>\n<meta property=\"og:type\" content=\"article\" \/>\n<meta property=\"og:title\" content=\"Brest\u00a0:\u00a0Belaili parti pour rester en France\u00a0 - La Sentinelle\" \/>\n<meta property=\"og:description\" content=\"Arriv\u00e9 \u00e0 Brest apr\u00e8s la derni\u00e8re CAN-2022 au Cameroun, Bela\u00efli (2 buts) s&rsquo;est engag\u00e9 avec le club breton pour une\" \/>\n<meta property=\"og:url\" content=\"https:\/\/lasentinelle.dz\/index.php\/2022\/05\/22\/brest-belaili-parti-pour-rester-en-france\/\" \/>\n<meta property=\"og:site_name\" content=\"La Sentinelle\" \/>\n<meta property=\"article:publisher\" content=\"https:\/\/www.facebook.com\/La-Sentinelle-104059864394773\" \/>\n<meta property=\"article:published_time\" content=\"2022-05-21T23:01:00+00:00\" \/>\n<meta property=\"og:image\" content=\"https:\/\/lasentinelle.dz\/wp-content\/uploads\/2022\/05\/belaili.jpg\" \/>\n\t<meta property=\"og:image:width\" content=\"2000\" \/>\n\t<meta property=\"og:image:height\" content=\"1333\" \/>\n\t<meta property=\"og:image:type\" content=\"image\/jpeg\" \/>\n<meta name=\"author\" content=\"La Sentinelle\" \/>\n<meta name=\"twitter:card\" content=\"summary_large_image\" \/>\n<meta name=\"twitter:label1\" content=\"\u00c9crit par\" \/>\n\t<meta name=\"twitter:data1\" content=\"La Sentinelle\" \/>\n\t<meta name=\"twitter:label2\" content=\"Dur\u00e9e de lecture estim\u00e9e\" \/>\n\t<meta name=\"twitter:data2\" content=\"2 minutes\" \/>\n<script type=\"application\/ld+json\" class=\"yoast-schema-graph\">{\"@context\":\"https:\\\/\\\/schema.org\",\"@graph\":[{\"@type\":\"Article\",\"@id\":\"https:\\\/\\\/lasentinelle.dz\\\/index.php\\\/2022\\\/05\\\/22\\\/brest-belaili-parti-pour-rester-en-france\\\/#article\",\"isPartOf\":{\"@id\":\"https:\\\/\\\/lasentinelle.dz\\\/index.php\\\/2022\\\/05\\\/22\\\/brest-belaili-parti-pour-rester-en-france\\\/\"},\"author\":{\"name\":\"La Sentinelle\",\"@id\":\"https:\\\/\\\/lasentinelle.dz\\\/#\\\/schema\\\/person\\\/d865044e22e70a75174ce8bcad3acfb3\"},\"headline\":\"Brest\u00a0:\u00a0Belaili parti pour rester en France\u00a0\",\"datePublished\":\"2022-05-21T23:01:00+00:00\",\"mainEntityOfPage\":{\"@id\":\"https:\\\/\\\/lasentinelle.dz\\\/index.php\\\/2022\\\/05\\\/22\\\/brest-belaili-parti-pour-rester-en-france\\\/\"},\"wordCount\":429,\"commentCount\":0,\"publisher\":{\"@id\":\"https:\\\/\\\/lasentinelle.dz\\\/#organization\"},\"image\":{\"@id\":\"https:\\\/\\\/lasentinelle.dz\\\/index.php\\\/2022\\\/05\\\/22\\\/brest-belaili-parti-pour-rester-en-france\\\/#primaryimage\"},\"thumbnailUrl\":\"https:\\\/\\\/lasentinelle.dz\\\/wp-content\\\/uploads\\\/2022\\\/05\\\/belaili.jpg\",\"articleSection\":[\"Sports\"],\"inLanguage\":\"fr-FR\",\"potentialAction\":[{\"@type\":\"CommentAction\",\"name\":\"Comment\",\"target\":[\"https:\\\/\\\/lasentinelle.dz\\\/index.php\\\/2022\\\/05\\\/22\\\/brest-belaili-parti-pour-rester-en-france\\\/#respond\"]}]},{\"@type\":\"WebPage\",\"@id\":\"https:\\\/\\\/lasentinelle.dz\\\/index.php\\\/2022\\\/05\\\/22\\\/brest-belaili-parti-pour-rester-en-france\\\/\",\"url\":\"https:\\\/\\\/lasentinelle.dz\\\/index.php\\\/2022\\\/05\\\/22\\\/brest-belaili-parti-pour-rester-en-france\\\/\",\"name\":\"Brest\u00a0:\u00a0Belaili parti pour rester en France\u00a0 - La Sentinelle\",\"isPartOf\":{\"@id\":\"https:\\\/\\\/lasentinelle.dz\\\/#website\"},\"primaryImageOfPage\":{\"@id\":\"https:\\\/\\\/lasentinelle.dz\\\/index.php\\\/2022\\\/05\\\/22\\\/brest-belaili-parti-pour-rester-en-france\\\/#primaryimage\"},\"image\":{\"@id\":\"https:\\\/\\\/lasentinelle.dz\\\/index.php\\\/2022\\\/05\\\/22\\\/brest-belaili-parti-pour-rester-en-france\\\/#primaryimage\"},\"thumbnailUrl\":\"https:\\\/\\\/lasentinelle.dz\\\/wp-content\\\/uploads\\\/2022\\\/05\\\/belaili.jpg\",\"datePublished\":\"2022-05-21T23:01:00+00:00\",\"breadcrumb\":{\"@id\":\"https:\\\/\\\/lasentinelle.dz\\\/index.php\\\/2022\\\/05\\\/22\\\/brest-belaili-parti-pour-rester-en-france\\\/#breadcrumb\"},\"inLanguage\":\"fr-FR\",\"potentialAction\":[{\"@type\":\"ReadAction\",\"target\":[\"https:\\\/\\\/lasentinelle.dz\\\/index.php\\\/2022\\\/05\\\/22\\\/brest-belaili-parti-pour-rester-en-france\\\/\"]}]},{\"@type\":\"ImageObject\",\"inLanguage\":\"fr-FR\",\"@id\":\"https:\\\/\\\/lasentinelle.dz\\\/index.php\\\/2022\\\/05\\\/22\\\/brest-belaili-parti-pour-rester-en-france\\\/#primaryimage\",\"url\":\"https:\\\/\\\/lasentinelle.dz\\\/wp-content\\\/uploads\\\/2022\\\/05\\\/belaili.jpg\",\"contentUrl\":\"https:\\\/\\\/lasentinelle.dz\\\/wp-content\\\/uploads\\\/2022\\\/05\\\/belaili.jpg\",\"width\":2000,\"height\":1333,\"caption\":\"24 Youcef BELAILI (sb29) during the Ligue 1 Uber Eats match between Metz and Brest at Stade Saint-Symphorien on April 24, 2022 in Metz, France. (Photo by Anthony Bibard\\\/FEP\\\/Icon Sport) - Photo by Icon sport\"},{\"@type\":\"BreadcrumbList\",\"@id\":\"https:\\\/\\\/lasentinelle.dz\\\/index.php\\\/2022\\\/05\\\/22\\\/brest-belaili-parti-pour-rester-en-france\\\/#breadcrumb\",\"itemListElement\":[{\"@type\":\"ListItem\",\"position\":1,\"name\":\"Accueil\",\"item\":\"https:\\\/\\\/lasentinelle.dz\\\/\"},{\"@type\":\"ListItem\",\"position\":2,\"name\":\"Brest\u00a0:\u00a0Belaili parti pour rester en France\u00a0\"}]},{\"@type\":\"WebSite\",\"@id\":\"https:\\\/\\\/lasentinelle.dz\\\/#website\",\"url\":\"https:\\\/\\\/lasentinelle.dz\\\/\",\"name\":\"La Sentinelle\",\"description\":\"Quotidien national d&#039;information\",\"publisher\":{\"@id\":\"https:\\\/\\\/lasentinelle.dz\\\/#organization\"},\"potentialAction\":[{\"@type\":\"SearchAction\",\"target\":{\"@type\":\"EntryPoint\",\"urlTemplate\":\"https:\\\/\\\/lasentinelle.dz\\\/?s={search_term_string}\"},\"query-input\":{\"@type\":\"PropertyValueSpecification\",\"valueRequired\":true,\"valueName\":\"search_term_string\"}}],\"inLanguage\":\"fr-FR\"},{\"@type\":\"Organization\",\"@id\":\"https:\\\/\\\/lasentinelle.dz\\\/#organization\",\"name\":\"Quotidien La Sentinelle\",\"url\":\"https:\\\/\\\/lasentinelle.dz\\\/\",\"logo\":{\"@type\":\"ImageObject\",\"inLanguage\":\"fr-FR\",\"@id\":\"https:\\\/\\\/lasentinelle.dz\\\/#\\\/schema\\\/logo\\\/image\\\/\",\"url\":\"https:\\\/\\\/lasentinelle.dz\\\/wp-content\\\/uploads\\\/2021\\\/09\\\/logo-sentinelleSLOGAN-1.png\",\"contentUrl\":\"https:\\\/\\\/lasentinelle.dz\\\/wp-content\\\/uploads\\\/2021\\\/09\\\/logo-sentinelleSLOGAN-1.png\",\"width\":615,\"height\":142,\"caption\":\"Quotidien La Sentinelle\"},\"image\":{\"@id\":\"https:\\\/\\\/lasentinelle.dz\\\/#\\\/schema\\\/logo\\\/image\\\/\"},\"sameAs\":[\"https:\\\/\\\/www.facebook.com\\\/La-Sentinelle-104059864394773\"]},{\"@type\":\"Person\",\"@id\":\"https:\\\/\\\/lasentinelle.dz\\\/#\\\/schema\\\/person\\\/d865044e22e70a75174ce8bcad3acfb3\",\"name\":\"La Sentinelle\",\"image\":{\"@type\":\"ImageObject\",\"inLanguage\":\"fr-FR\",\"@id\":\"https:\\\/\\\/secure.gravatar.com\\\/avatar\\\/57de8e5d4b15d43fb361a71fbb36338450fe67865b528a43dd10ef7c51a20392?s=96&d=mm&r=g\",\"url\":\"https:\\\/\\\/secure.gravatar.com\\\/avatar\\\/57de8e5d4b15d43fb361a71fbb36338450fe67865b528a43dd10ef7c51a20392?s=96&d=mm&r=g\",\"contentUrl\":\"https:\\\/\\\/secure.gravatar.com\\\/avatar\\\/57de8e5d4b15d43fb361a71fbb36338450fe67865b528a43dd10ef7c51a20392?s=96&d=mm&r=g\",\"caption\":\"La Sentinelle\"},\"sameAs\":[\"http:\\\/\\\/www.lasentinelle.dz\"],\"url\":\"https:\\\/\\\/lasentinelle.dz\\\/author\\\/redaction\\\/\"}]}<\/script>\n<!-- \/ Yoast SEO plugin. -->","yoast_head_json":{"title":"Brest\u00a0:\u00a0Belaili parti pour rester en France\u00a0 - La Sentinelle","robots":{"index":"index","follow":"follow","max-snippet":"max-snippet:-1","max-image-preview":"max-image-preview:large","max-video-preview":"max-video-preview:-1"},"canonical":"https:\/\/lasentinelle.dz\/index.php\/2022\/05\/22\/brest-belaili-parti-pour-rester-en-france\/","og_locale":"fr_FR","og_type":"article","og_title":"Brest\u00a0:\u00a0Belaili parti pour rester en France\u00a0 - La Sentinelle","og_description":"Arriv\u00e9 \u00e0 Brest apr\u00e8s la derni\u00e8re CAN-2022 au Cameroun, Bela\u00efli (2 buts) s&rsquo;est engag\u00e9 avec le club breton pour une","og_url":"https:\/\/lasentinelle.dz\/index.php\/2022\/05\/22\/brest-belaili-parti-pour-rester-en-france\/","og_site_name":"La Sentinelle","article_publisher":"https:\/\/www.facebook.com\/La-Sentinelle-104059864394773","article_published_time":"2022-05-21T23:01:00+00:00","og_image":[{"width":2000,"height":1333,"url":"https:\/\/lasentinelle.dz\/wp-content\/uploads\/2022\/05\/belaili.jpg","type":"image\/jpeg"}],"author":"La Sentinelle","twitter_card":"summary_large_image","twitter_misc":{"\u00c9crit par":"La Sentinelle","Dur\u00e9e de lecture estim\u00e9e":"2 minutes"},"schema":{"@context":"https:\/\/schema.org","@graph":[{"@type":"Article","@id":"https:\/\/lasentinelle.dz\/index.php\/2022\/05\/22\/brest-belaili-parti-pour-rester-en-france\/#article","isPartOf":{"@id":"https:\/\/lasentinelle.dz\/index.php\/2022\/05\/22\/brest-belaili-parti-pour-rester-en-france\/"},"author":{"name":"La Sentinelle","@id":"https:\/\/lasentinelle.dz\/#\/schema\/person\/d865044e22e70a75174ce8bcad3acfb3"},"headline":"Brest\u00a0:\u00a0Belaili parti pour rester en France\u00a0","datePublished":"2022-05-21T23:01:00+00:00","mainEntityOfPage":{"@id":"https:\/\/lasentinelle.dz\/index.php\/2022\/05\/22\/brest-belaili-parti-pour-rester-en-france\/"},"wordCount":429,"commentCount":0,"publisher":{"@id":"https:\/\/lasentinelle.dz\/#organization"},"image":{"@id":"https:\/\/lasentinelle.dz\/index.php\/2022\/05\/22\/brest-belaili-parti-pour-rester-en-france\/#primaryimage"},"thumbnailUrl":"https:\/\/lasentinelle.dz\/wp-content\/uploads\/2022\/05\/belaili.jpg","articleSection":["Sports"],"inLanguage":"fr-FR","potentialAction":[{"@type":"CommentAction","name":"Comment","target":["https:\/\/lasentinelle.dz\/index.php\/2022\/05\/22\/brest-belaili-parti-pour-rester-en-france\/#respond"]}]},{"@type":"WebPage","@id":"https:\/\/lasentinelle.dz\/index.php\/2022\/05\/22\/brest-belaili-parti-pour-rester-en-france\/","url":"https:\/\/lasentinelle.dz\/index.php\/2022\/05\/22\/brest-belaili-parti-pour-rester-en-france\/","name":"Brest\u00a0:\u00a0Belaili parti pour rester en France\u00a0 - La Sentinelle","isPartOf":{"@id":"https:\/\/lasentinelle.dz\/#website"},"primaryImageOfPage":{"@id":"https:\/\/lasentinelle.dz\/index.php\/2022\/05\/22\/brest-belaili-parti-pour-rester-en-france\/#primaryimage"},"image":{"@id":"https:\/\/lasentinelle.dz\/index.php\/2022\/05\/22\/brest-belaili-parti-pour-rester-en-france\/#primaryimage"},"thumbnailUrl":"https:\/\/lasentinelle.dz\/wp-content\/uploads\/2022\/05\/belaili.jpg","datePublished":"2022-05-21T23:01:00+00:00","breadcrumb":{"@id":"https:\/\/lasentinelle.dz\/index.php\/2022\/05\/22\/brest-belaili-parti-pour-rester-en-france\/#breadcrumb"},"inLanguage":"fr-FR","potentialAction":[{"@type":"ReadAction","target":["https:\/\/lasentinelle.dz\/index.php\/2022\/05\/22\/brest-belaili-parti-pour-rester-en-france\/"]}]},{"@type":"ImageObject","inLanguage":"fr-FR","@id":"https:\/\/lasentinelle.dz\/index.php\/2022\/05\/22\/brest-belaili-parti-pour-rester-en-france\/#primaryimage","url":"https:\/\/lasentinelle.dz\/wp-content\/uploads\/2022\/05\/belaili.jpg","contentUrl":"https:\/\/lasentinelle.dz\/wp-content\/uploads\/2022\/05\/belaili.jpg","width":2000,"height":1333,"caption":"24 Youcef BELAILI (sb29) during the Ligue 1 Uber Eats match between Metz and Brest at Stade Saint-Symphorien on April 24, 2022 in Metz, France. (Photo by Anthony Bibard\/FEP\/Icon Sport) - Photo by Icon sport"},{"@type":"BreadcrumbList","@id":"https:\/\/lasentinelle.dz\/index.php\/2022\/05\/22\/brest-belaili-parti-pour-rester-en-france\/#breadcrumb","itemListElement":[{"@type":"ListItem","position":1,"name":"Accueil","item":"https:\/\/lasentinelle.dz\/"},{"@type":"ListItem","position":2,"name":"Brest\u00a0:\u00a0Belaili parti pour rester en France\u00a0"}]},{"@type":"WebSite","@id":"https:\/\/lasentinelle.dz\/#website","url":"https:\/\/lasentinelle.dz\/","name":"La Sentinelle","description":"Quotidien national d&#039;information","publisher":{"@id":"https:\/\/lasentinelle.dz\/#organization"},"potentialAction":[{"@type":"SearchAction","target":{"@type":"EntryPoint","urlTemplate":"https:\/\/lasentinelle.dz\/?s={search_term_string}"},"query-input":{"@type":"PropertyValueSpecification","valueRequired":true,"valueName":"search_term_string"}}],"inLanguage":"fr-FR"},{"@type":"Organization","@id":"https:\/\/lasentinelle.dz\/#organization","name":"Quotidien La Sentinelle","url":"https:\/\/lasentinelle.dz\/","logo":{"@type":"ImageObject","inLanguage":"fr-FR","@id":"https:\/\/lasentinelle.dz\/#\/schema\/logo\/image\/","url":"https:\/\/lasentinelle.dz\/wp-content\/uploads\/2021\/09\/logo-sentinelleSLOGAN-1.png","contentUrl":"https:\/\/lasentinelle.dz\/wp-content\/uploads\/2021\/09\/logo-sentinelleSLOGAN-1.png","width":615,"height":142,"caption":"Quotidien La Sentinelle"},"image":{"@id":"https:\/\/lasentinelle.dz\/#\/schema\/logo\/image\/"},"sameAs":["https:\/\/www.facebook.com\/La-Sentinelle-104059864394773"]},{"@type":"Person","@id":"https:\/\/lasentinelle.dz\/#\/schema\/person\/d865044e22e70a75174ce8bcad3acfb3","name":"La Sentinelle","image":{"@type":"ImageObject","inLanguage":"fr-FR","@id":"https:\/\/secure.gravatar.com\/avatar\/57de8e5d4b15d43fb361a71fbb36338450fe67865b528a43dd10ef7c51a20392?s=96&d=mm&r=g","url":"https:\/\/secure.gravatar.com\/avatar\/57de8e5d4b15d43fb361a71fbb36338450fe67865b528a43dd10ef7c51a20392?s=96&d=mm&r=g","contentUrl":"https:\/\/secure.gravatar.com\/avatar\/57de8e5d4b15d43fb361a71fbb36338450fe67865b528a43dd10ef7c51a20392?s=96&d=mm&r=g","caption":"La Sentinelle"},"sameAs":["http:\/\/www.lasentinelle.dz"],"url":"https:\/\/lasentinelle.dz\/author\/redaction\/"}]}},"_links":{"self":[{"href":"https:\/\/lasentinelle.dz\/index.php\/wp-json\/wp\/v2\/posts\/21330","targetHints":{"allow":["GET"]}}],"collection":[{"href":"https:\/\/lasentinelle.dz\/index.php\/wp-json\/wp\/v2\/posts"}],"about":[{"href":"https:\/\/lasentinelle.dz\/index.php\/wp-json\/wp\/v2\/types\/post"}],"author":[{"embeddable":true,"href":"https:\/\/lasentinelle.dz\/index.php\/wp-json\/wp\/v2\/users\/3"}],"replies":[{"embeddable":true,"href":"https:\/\/lasentinelle.dz\/index.php\/wp-json\/wp\/v2\/comments?post=21330"}],"version-history":[{"count":1,"href":"https:\/\/lasentinelle.dz\/index.php\/wp-json\/wp\/v2\/posts\/21330\/revisions"}],"predecessor-version":[{"id":21346,"href":"https:\/\/lasentinelle.dz\/index.php\/wp-json\/wp\/v2\/posts\/21330\/revisions\/21346"}],"wp:featuredmedia":[{"embeddable":true,"href":"https:\/\/lasentinelle.dz\/index.php\/wp-json\/wp\/v2\/media\/21345"}],"wp:attachment":[{"href":"https:\/\/lasentinelle.dz\/index.php\/wp-json\/wp\/v2\/media?parent=21330"}],"wp:term":[{"taxonomy":"category","embeddable":true,"href":"https:\/\/lasentinelle.dz\/index.php\/wp-json\/wp\/v2\/categories?post=21330"},{"taxonomy":"post_tag","embeddable":true,"href":"https:\/\/lasentinelle.dz\/index.php\/wp-json\/wp\/v2\/tags?post=21330"}],"curies":[{"name":"wp","href":"https:\/\/api.w.org\/{rel}","templated":true}]}}