{"id":21369,"date":"2022-05-22T00:01:00","date_gmt":"2022-05-21T23:01:00","guid":{"rendered":"https:\/\/lasentinelle.dz\/?p=21369"},"modified":"2022-05-21T19:43:01","modified_gmt":"2022-05-21T18:43:01","slug":"camps-de-refugies-sahraouis-belani-demolit-la-propagande-du-makhzen","status":"publish","type":"post","link":"https:\/\/lasentinelle.dz\/index.php\/2022\/05\/22\/camps-de-refugies-sahraouis-belani-demolit-la-propagande-du-makhzen\/","title":{"rendered":"Camps de r\u00e9fugi\u00e9s sahraouis\u00a0: Belani d\u00e9molit la propagande du Makhzen"},"content":{"rendered":"\n<p>Alors que le r\u00e9gime du Makhzen poursuit sa \u00abpolitique\u00bb bas\u00e9e sur la provocation et le mensonge, la diplomatie alg\u00e9rienne apporte, dans chacune des ses sorties et selon chacun des contextes, des r\u00e9ponses document\u00e9es dans lesquelles elle d\u00e9monte, avec force de d\u00e9tails,&nbsp;le caract\u00e8re fantaisiste des all\u00e9gations mensong\u00e8res marocaines. L&rsquo;Envoy\u00e9 sp\u00e9cial charg\u00e9 de la question du Sahara occidental et des pays du Maghreb, Amar Belani, a d\u00e9moli l\u2019argumentaire fallacieux du Maroc sur la situation dans les camps de r\u00e9fugi\u00e9s sahraouis. Il a affirm\u00e9 que \u00able Makhzen a \u00e9t\u00e9 encore une fois pris en flagrant d\u00e9lit d\u2019escroquerie diplomatique\u00bb, ajoutant qu\u2019\u00abapr\u00e8s le fameux \u00e9pisode du souk de Marrakech, o\u00f9 les d\u00e9clarations de certains ministres des Affaires \u00e9trang\u00e8res ont \u00e9t\u00e9 sciemment falsifi\u00e9es et d\u00e9contextualis\u00e9es, c\u2019est au tour du Parlement europ\u00e9en de faire les frais de mystifications similaires de la part d\u2019une d\u00e9l\u00e9gation d\u2019\u00e9lus marocains qui s\u2019est d\u00e9plac\u00e9e \u00e0 Bruxelles dans le cadre de la r\u00e9union de la commission parlementaire mixte Maroc\/UE \u00bb.&nbsp;Il a pr\u00e9cis\u00e9 que \u00able communiqu\u00e9 conjoint, publi\u00e9 \u00e0 l\u2019issue de cette r\u00e9union, consacr\u00e9e exclusivement \u00e0 la relation bilat\u00e9rale entre le Maroc et l\u2019Union europ\u00e9enne (UE), ne contient pas un seul mot sur le Sahara occidental \u00bb. \u00abMais cela n\u2019a pas emp\u00each\u00e9 cette d\u00e9l\u00e9gation de relayer, via l\u2019agence de presse marocaine, des \u00e9l\u00e9ments obsol\u00e8tes tir\u00e9s de la propagande \u00e9cul\u00e9e de la diplomatie marocaine \u00bb, a-t-il expliqu\u00e9. Belani a signal\u00e9 que \u00able pr\u00e9sident de cette commission du c\u00f4t\u00e9 europ\u00e9en, le d\u00e9put\u00e9 Andrea Cozzolino, qui occupe \u00e9galement le poste de pr\u00e9sident de la d\u00e9l\u00e9gation pour les relations avec des pays du Maghreb et l\u2019Union du Maghreb arabe, et qui, \u00e0 ce titre, est astreint \u00e0 la neutralit\u00e9\u00bb. \u00abIl a insist\u00e9 d\u00e8s le d\u00e9but de ladite rencontre sur le caract\u00e8re exclusivement bilat\u00e9ral de cette \u00e9ch\u00e9ance, refusant tout d\u00e9bat mettant en cause une partie tierce\u00bb, a&nbsp;expliqu\u00e9&nbsp;Amar Belani. \u00abFrustr\u00e9s par cette fin de non-recevoir du Parlement europ\u00e9en, les d\u00e9put\u00e9s marocains, se sont investis dans une op\u00e9ration de manipulation \u00e0 travers une lettre ouverte qui recycle les poncifs p\u00e9rim\u00e9s \u00bb, a-t-il ajout\u00e9. \u00abProf\u00e9rer, de mani\u00e8re aussi mensong\u00e8re, que l\u2019Alg\u00e9rie n\u2019applique pas aux r\u00e9fugi\u00e9s sahraouis pr\u00e9sents dans les camps de Tindouf, ni la Convention de Gen\u00e8ve de 1951, ni son Protocole de 1967, n\u2019est autre qu\u2019une \u00e9ni\u00e8me diversion car l\u2019Alg\u00e9rie \u00bb, a soulign\u00e9 le diplomate alg\u00e9rien \u00aben tant que pays d\u2019asile, n\u2019a jamais manqu\u00e9 \u00e0 ses obligations d\u00e9coulant des instruments internationaux r\u00e9gissant le droit des r\u00e9fugi\u00e9s auxquels elle a adh\u00e9r\u00e9\u00bb. Amar Belani a rappel\u00e9 que \u00able gouvernement alg\u00e9rien avait d\u00e8s le d\u00e9clenchement du conflit au Sahara occidental, autoris\u00e9 l\u2019Office du Haut-commissaire aux r\u00e9fugi\u00e9s \u00e0 se d\u00e9ployer en Alg\u00e9rie, pour apporter secours, protection et assistance aux r\u00e9fugi\u00e9s sahraouis, tout en veillant \u00e0 lui fournir toutes les facilitations devant concourir \u00e0 la mise en \u0153uvre de son mandat\u00bb. L\u2019Envoy\u00e9 sp\u00e9cial charg\u00e9 de la question du Sahara occidental et des pays du Maghreb a&nbsp;affirm\u00e9&nbsp;qu\u2019\u00abil en est de m\u00eame pour les all\u00e9gations autour d\u2019un suppos\u00e9 refus de l\u2019Alg\u00e9rie d\u2019autoriser des op\u00e9rations de recensement des r\u00e9fugi\u00e9s pr\u00e9sents dans les camps de Tindouf \u00bb, estimant que \u00abcette question, qui fait l\u2019objet d\u2019une fixation marocaine obsessionnelle et maladive, n\u2019est qu\u2019un simple \u00e9l\u00e9ment technique relevant d\u2019un plus large package politique, interd\u00e9pendant et indissociable du plan de paix adopt\u00e9 par les Nations unies en 1990\u00bb. En ce sens, le diplomate alg\u00e9rien a indiqu\u00e9 que \u00able recensement ne serait envisageable que dans le cadre de la convocation effective d\u2019un r\u00e9f\u00e9rendum \u00e0 choix multiple et sans contraintes administratives et\/ou militaires, visant \u00e0 permettre au peuple du Sahara occidental d\u2019exercer son droit l\u00e9gitime et imprescriptible \u00e0 l\u2019autod\u00e9termination et de choisir librement son destin conform\u00e9ment \u00e0 la l\u00e9galit\u00e9 internationale\u00bb. Evoquant le pr\u00e9tendu \u00abd\u00e9tournement \u00bb de l\u2019aide humanitaire de l\u2019UE destin\u00e9e aux camps de r\u00e9fugi\u00e9s sahraouis \u00e0 Tindouf, Amar Belani a affirm\u00e9 qu\u2019 \u00abil n\u2019y avait pas meilleure r\u00e9ponse \u00e0 ces accusations ridicules que les multiples d\u00e9clarations des responsables et commissaires europ\u00e9ens eux-m\u00eames, qui \u00e0 chaque fois interpell\u00e9s sur ce sujet, ont constamment r\u00e9fut\u00e9 toute all\u00e9gation d\u2019un quelconque d\u00e9tournement des financements europ\u00e9ens, tout en soulignant, arguments \u00e0 l\u2019appui, le caract\u00e8re rigoureux et complet du dispositif de contr\u00f4le de l\u2019acheminement de ces aides humanitaires\u00bb. \u00c0 ce titre, le diplomate&nbsp;alg\u00e9rien n\u2019a pas rat\u00e9 l\u2019occasion pour rappeler \u00able d\u00e9menti cinglant apport\u00e9 par le Commissaire europ\u00e9en charg\u00e9 de l\u2019aide humanitaire et de la r\u00e9action aux crises, Christos Stylianides, aux all\u00e9gations de d\u00e9tournement des aides europ\u00e9ennes\u00bb. Belani a expliqu\u00e9 que \u00abledit responsable europ\u00e9en a, non seulement confirm\u00e9 la ma\u00eetrise totale par la Commission de l\u2019UE de l\u2019acheminement s\u00e9curis\u00e9 de l\u2019aide humanitaire, mais aussi battu en br\u00e8che les allusions sournoises faites par le Maroc au sujet d\u2019une pr\u00e9tendue implication de l\u2019Alg\u00e9rie et du Front Polisario \u00bb, soulignant que \u00abcette aide humanitaire n\u2019est ni g\u00e9r\u00e9e, ni contr\u00f4l\u00e9e par une quelconque autorit\u00e9 politique tierce\u00bb. Il a \u00e9galement cit\u00e9 \u00able document circul\u00e9 aux membres de la Commission du contr\u00f4le budg\u00e9taire du Parlement europ\u00e9en, dat\u00e9 du 25 juillet 2016, par la Commission europ\u00e9enne, dans lequel cette derni\u00e8re affirme avoir effectu\u00e9 24 missions de suivi et de contr\u00f4le durant l\u2019ann\u00e9e 2015 dans les camps des r\u00e9fugi\u00e9s sahraouis \u00e0 Tindouf et que ses repr\u00e9sentants sont pr\u00e9sents sur les lieux deux semaines par mois, afin d\u2019assurer l\u2019utilisation la plus efficace des financements de l\u2019Union europ\u00e9enne \u00bb. Le diplomate alg\u00e9rien a fustig\u00e9 le mensonge perfide du Makhzen faisant \u00e9tat d\u2019un pr\u00e9tendu enr\u00f4lement d\u2019enfants soldats dans les camps de Tindouf. Et d\u2019ajouter que \u00abcette all\u00e9gation a \u00e9t\u00e9 d\u00e9mentie pourtant, \u00e0 maintes reprises, par les diff\u00e9rents organismes et organisations non gouvernementales pr\u00e9sents \u00e0 Tindouf depuis des d\u00e9cennies, qui n\u2019ont jamais, dans les p\u00e9riodiques rapports adress\u00e9s \u00e0 leurs hi\u00e9rarchies respectives dont le Secr\u00e9taire g\u00e9n\u00e9ral des Nations unies et le Conseil de s\u00e9curit\u00e9, mentionn\u00e9 la pr\u00e9sence d\u2019enfants soldats dans les camps de r\u00e9fugi\u00e9s de Tindouf.<\/p>\n\n\n\n<p><strong>Amar Malki<\/strong><\/p>\n","protected":false},"excerpt":{"rendered":"<p>Alors que le r\u00e9gime du Makhzen poursuit sa \u00abpolitique\u00bb bas\u00e9e sur la provocation et le mensonge, la diplomatie alg\u00e9rienne apporte,<\/p>\n","protected":false},"author":3,"featured_media":15571,"comment_status":"open","ping_status":"closed","sticky":false,"template":"","format":"standard","meta":{"colormag_page_container_layout":"default_layout","colormag_page_sidebar_layout":"default_layout","om_disable_all_campaigns":false,"_monsterinsights_skip_tracking":false,"_monsterinsights_sitenote_active":false,"_monsterinsights_sitenote_note":"","_monsterinsights_sitenote_category":0,"footnotes":"","_wpscppro_dont_share_socialmedia":false,"_wpscppro_custom_social_share_image":0,"_facebook_share_type":"","_twitter_share_type":"","_linkedin_share_type":"","_pinterest_share_type":"","_linkedin_share_type_page":"","_instagram_share_type":"","_medium_share_type":"","_threads_share_type":"","_google_business_share_type":"","_selected_social_profile":[],"_wpsp_enable_custom_social_template":false,"_wpsp_social_scheduling":{"enabled":false,"datetime":null,"platforms":[],"status":"template_only","dateOption":"today","timeOption":"now","customDays":"","customHours":"","customDate":"","customTime":"","schedulingType":"absolute"},"_wpsp_active_default_template":true},"categories":[27],"tags":[],"class_list":["post-21369","post","type-post","status-publish","format-standard","has-post-thumbnail","hentry","category-actualite"],"aioseo_notices":[],"yoast_head":"<!-- This site is optimized with the Yoast SEO plugin v27.5 - https:\/\/yoast.com\/product\/yoast-seo-wordpress\/ -->\n<title>Camps de r\u00e9fugi\u00e9s sahraouis\u00a0: Belani d\u00e9molit la propagande du Makhzen - La Sentinelle<\/title>\n<meta name=\"robots\" content=\"index, follow, max-snippet:-1, max-image-preview:large, max-video-preview:-1\" \/>\n<link rel=\"canonical\" href=\"https:\/\/lasentinelle.dz\/index.php\/2022\/05\/22\/camps-de-refugies-sahraouis-belani-demolit-la-propagande-du-makhzen\/\" \/>\n<meta property=\"og:locale\" content=\"fr_FR\" \/>\n<meta property=\"og:type\" content=\"article\" \/>\n<meta property=\"og:title\" content=\"Camps de r\u00e9fugi\u00e9s sahraouis\u00a0: Belani d\u00e9molit la propagande du Makhzen - La Sentinelle\" \/>\n<meta property=\"og:description\" content=\"Alors que le r\u00e9gime du Makhzen poursuit sa \u00abpolitique\u00bb bas\u00e9e sur la provocation et le mensonge, la diplomatie alg\u00e9rienne apporte,\" \/>\n<meta property=\"og:url\" content=\"https:\/\/lasentinelle.dz\/index.php\/2022\/05\/22\/camps-de-refugies-sahraouis-belani-demolit-la-propagande-du-makhzen\/\" \/>\n<meta property=\"og:site_name\" content=\"La Sentinelle\" \/>\n<meta property=\"article:publisher\" content=\"https:\/\/www.facebook.com\/La-Sentinelle-104059864394773\" \/>\n<meta property=\"article:published_time\" content=\"2022-05-21T23:01:00+00:00\" \/>\n<meta property=\"og:image\" content=\"https:\/\/lasentinelle.dz\/wp-content\/uploads\/2021\/12\/amar-belani.png\" \/>\n\t<meta property=\"og:image:width\" content=\"1543\" \/>\n\t<meta property=\"og:image:height\" content=\"900\" \/>\n\t<meta property=\"og:image:type\" content=\"image\/png\" \/>\n<meta name=\"author\" content=\"La Sentinelle\" \/>\n<meta name=\"twitter:card\" content=\"summary_large_image\" \/>\n<meta name=\"twitter:label1\" content=\"\u00c9crit par\" \/>\n\t<meta name=\"twitter:data1\" content=\"La Sentinelle\" \/>\n\t<meta name=\"twitter:label2\" content=\"Dur\u00e9e de lecture estim\u00e9e\" \/>\n\t<meta name=\"twitter:data2\" content=\"5 minutes\" \/>\n<script type=\"application\/ld+json\" class=\"yoast-schema-graph\">{\"@context\":\"https:\\\/\\\/schema.org\",\"@graph\":[{\"@type\":\"Article\",\"@id\":\"https:\\\/\\\/lasentinelle.dz\\\/index.php\\\/2022\\\/05\\\/22\\\/camps-de-refugies-sahraouis-belani-demolit-la-propagande-du-makhzen\\\/#article\",\"isPartOf\":{\"@id\":\"https:\\\/\\\/lasentinelle.dz\\\/index.php\\\/2022\\\/05\\\/22\\\/camps-de-refugies-sahraouis-belani-demolit-la-propagande-du-makhzen\\\/\"},\"author\":{\"name\":\"La Sentinelle\",\"@id\":\"https:\\\/\\\/lasentinelle.dz\\\/#\\\/schema\\\/person\\\/d865044e22e70a75174ce8bcad3acfb3\"},\"headline\":\"Camps de r\u00e9fugi\u00e9s sahraouis\u00a0: Belani d\u00e9molit la propagande du Makhzen\",\"datePublished\":\"2022-05-21T23:01:00+00:00\",\"mainEntityOfPage\":{\"@id\":\"https:\\\/\\\/lasentinelle.dz\\\/index.php\\\/2022\\\/05\\\/22\\\/camps-de-refugies-sahraouis-belani-demolit-la-propagande-du-makhzen\\\/\"},\"wordCount\":1156,\"commentCount\":0,\"publisher\":{\"@id\":\"https:\\\/\\\/lasentinelle.dz\\\/#organization\"},\"image\":{\"@id\":\"https:\\\/\\\/lasentinelle.dz\\\/index.php\\\/2022\\\/05\\\/22\\\/camps-de-refugies-sahraouis-belani-demolit-la-propagande-du-makhzen\\\/#primaryimage\"},\"thumbnailUrl\":\"https:\\\/\\\/lasentinelle.dz\\\/wp-content\\\/uploads\\\/2021\\\/12\\\/amar-belani.png\",\"articleSection\":[\"Actualit\u00e9\"],\"inLanguage\":\"fr-FR\",\"potentialAction\":[{\"@type\":\"CommentAction\",\"name\":\"Comment\",\"target\":[\"https:\\\/\\\/lasentinelle.dz\\\/index.php\\\/2022\\\/05\\\/22\\\/camps-de-refugies-sahraouis-belani-demolit-la-propagande-du-makhzen\\\/#respond\"]}]},{\"@type\":\"WebPage\",\"@id\":\"https:\\\/\\\/lasentinelle.dz\\\/index.php\\\/2022\\\/05\\\/22\\\/camps-de-refugies-sahraouis-belani-demolit-la-propagande-du-makhzen\\\/\",\"url\":\"https:\\\/\\\/lasentinelle.dz\\\/index.php\\\/2022\\\/05\\\/22\\\/camps-de-refugies-sahraouis-belani-demolit-la-propagande-du-makhzen\\\/\",\"name\":\"Camps de r\u00e9fugi\u00e9s sahraouis\u00a0: Belani d\u00e9molit la propagande du Makhzen - La Sentinelle\",\"isPartOf\":{\"@id\":\"https:\\\/\\\/lasentinelle.dz\\\/#website\"},\"primaryImageOfPage\":{\"@id\":\"https:\\\/\\\/lasentinelle.dz\\\/index.php\\\/2022\\\/05\\\/22\\\/camps-de-refugies-sahraouis-belani-demolit-la-propagande-du-makhzen\\\/#primaryimage\"},\"image\":{\"@id\":\"https:\\\/\\\/lasentinelle.dz\\\/index.php\\\/2022\\\/05\\\/22\\\/camps-de-refugies-sahraouis-belani-demolit-la-propagande-du-makhzen\\\/#primaryimage\"},\"thumbnailUrl\":\"https:\\\/\\\/lasentinelle.dz\\\/wp-content\\\/uploads\\\/2021\\\/12\\\/amar-belani.png\",\"datePublished\":\"2022-05-21T23:01:00+00:00\",\"breadcrumb\":{\"@id\":\"https:\\\/\\\/lasentinelle.dz\\\/index.php\\\/2022\\\/05\\\/22\\\/camps-de-refugies-sahraouis-belani-demolit-la-propagande-du-makhzen\\\/#breadcrumb\"},\"inLanguage\":\"fr-FR\",\"potentialAction\":[{\"@type\":\"ReadAction\",\"target\":[\"https:\\\/\\\/lasentinelle.dz\\\/index.php\\\/2022\\\/05\\\/22\\\/camps-de-refugies-sahraouis-belani-demolit-la-propagande-du-makhzen\\\/\"]}]},{\"@type\":\"ImageObject\",\"inLanguage\":\"fr-FR\",\"@id\":\"https:\\\/\\\/lasentinelle.dz\\\/index.php\\\/2022\\\/05\\\/22\\\/camps-de-refugies-sahraouis-belani-demolit-la-propagande-du-makhzen\\\/#primaryimage\",\"url\":\"https:\\\/\\\/lasentinelle.dz\\\/wp-content\\\/uploads\\\/2021\\\/12\\\/amar-belani.png\",\"contentUrl\":\"https:\\\/\\\/lasentinelle.dz\\\/wp-content\\\/uploads\\\/2021\\\/12\\\/amar-belani.png\",\"width\":1543,\"height\":900},{\"@type\":\"BreadcrumbList\",\"@id\":\"https:\\\/\\\/lasentinelle.dz\\\/index.php\\\/2022\\\/05\\\/22\\\/camps-de-refugies-sahraouis-belani-demolit-la-propagande-du-makhzen\\\/#breadcrumb\",\"itemListElement\":[{\"@type\":\"ListItem\",\"position\":1,\"name\":\"Accueil\",\"item\":\"https:\\\/\\\/lasentinelle.dz\\\/\"},{\"@type\":\"ListItem\",\"position\":2,\"name\":\"Camps de r\u00e9fugi\u00e9s sahraouis\u00a0: Belani d\u00e9molit la propagande du Makhzen\"}]},{\"@type\":\"WebSite\",\"@id\":\"https:\\\/\\\/lasentinelle.dz\\\/#website\",\"url\":\"https:\\\/\\\/lasentinelle.dz\\\/\",\"name\":\"La Sentinelle\",\"description\":\"Quotidien national d&#039;information\",\"publisher\":{\"@id\":\"https:\\\/\\\/lasentinelle.dz\\\/#organization\"},\"potentialAction\":[{\"@type\":\"SearchAction\",\"target\":{\"@type\":\"EntryPoint\",\"urlTemplate\":\"https:\\\/\\\/lasentinelle.dz\\\/?s={search_term_string}\"},\"query-input\":{\"@type\":\"PropertyValueSpecification\",\"valueRequired\":true,\"valueName\":\"search_term_string\"}}],\"inLanguage\":\"fr-FR\"},{\"@type\":\"Organization\",\"@id\":\"https:\\\/\\\/lasentinelle.dz\\\/#organization\",\"name\":\"Quotidien La Sentinelle\",\"url\":\"https:\\\/\\\/lasentinelle.dz\\\/\",\"logo\":{\"@type\":\"ImageObject\",\"inLanguage\":\"fr-FR\",\"@id\":\"https:\\\/\\\/lasentinelle.dz\\\/#\\\/schema\\\/logo\\\/image\\\/\",\"url\":\"https:\\\/\\\/lasentinelle.dz\\\/wp-content\\\/uploads\\\/2021\\\/09\\\/logo-sentinelleSLOGAN-1.png\",\"contentUrl\":\"https:\\\/\\\/lasentinelle.dz\\\/wp-content\\\/uploads\\\/2021\\\/09\\\/logo-sentinelleSLOGAN-1.png\",\"width\":615,\"height\":142,\"caption\":\"Quotidien La Sentinelle\"},\"image\":{\"@id\":\"https:\\\/\\\/lasentinelle.dz\\\/#\\\/schema\\\/logo\\\/image\\\/\"},\"sameAs\":[\"https:\\\/\\\/www.facebook.com\\\/La-Sentinelle-104059864394773\"]},{\"@type\":\"Person\",\"@id\":\"https:\\\/\\\/lasentinelle.dz\\\/#\\\/schema\\\/person\\\/d865044e22e70a75174ce8bcad3acfb3\",\"name\":\"La Sentinelle\",\"image\":{\"@type\":\"ImageObject\",\"inLanguage\":\"fr-FR\",\"@id\":\"https:\\\/\\\/secure.gravatar.com\\\/avatar\\\/57de8e5d4b15d43fb361a71fbb36338450fe67865b528a43dd10ef7c51a20392?s=96&d=mm&r=g\",\"url\":\"https:\\\/\\\/secure.gravatar.com\\\/avatar\\\/57de8e5d4b15d43fb361a71fbb36338450fe67865b528a43dd10ef7c51a20392?s=96&d=mm&r=g\",\"contentUrl\":\"https:\\\/\\\/secure.gravatar.com\\\/avatar\\\/57de8e5d4b15d43fb361a71fbb36338450fe67865b528a43dd10ef7c51a20392?s=96&d=mm&r=g\",\"caption\":\"La Sentinelle\"},\"sameAs\":[\"http:\\\/\\\/www.lasentinelle.dz\"],\"url\":\"https:\\\/\\\/lasentinelle.dz\\\/author\\\/redaction\\\/\"}]}<\/script>\n<!-- \/ Yoast SEO plugin. -->","yoast_head_json":{"title":"Camps de r\u00e9fugi\u00e9s sahraouis\u00a0: Belani d\u00e9molit la propagande du Makhzen - La Sentinelle","robots":{"index":"index","follow":"follow","max-snippet":"max-snippet:-1","max-image-preview":"max-image-preview:large","max-video-preview":"max-video-preview:-1"},"canonical":"https:\/\/lasentinelle.dz\/index.php\/2022\/05\/22\/camps-de-refugies-sahraouis-belani-demolit-la-propagande-du-makhzen\/","og_locale":"fr_FR","og_type":"article","og_title":"Camps de r\u00e9fugi\u00e9s sahraouis\u00a0: Belani d\u00e9molit la propagande du Makhzen - La Sentinelle","og_description":"Alors que le r\u00e9gime du Makhzen poursuit sa \u00abpolitique\u00bb bas\u00e9e sur la provocation et le mensonge, la diplomatie alg\u00e9rienne apporte,","og_url":"https:\/\/lasentinelle.dz\/index.php\/2022\/05\/22\/camps-de-refugies-sahraouis-belani-demolit-la-propagande-du-makhzen\/","og_site_name":"La Sentinelle","article_publisher":"https:\/\/www.facebook.com\/La-Sentinelle-104059864394773","article_published_time":"2022-05-21T23:01:00+00:00","og_image":[{"width":1543,"height":900,"url":"https:\/\/lasentinelle.dz\/wp-content\/uploads\/2021\/12\/amar-belani.png","type":"image\/png"}],"author":"La Sentinelle","twitter_card":"summary_large_image","twitter_misc":{"\u00c9crit par":"La Sentinelle","Dur\u00e9e de lecture estim\u00e9e":"5 minutes"},"schema":{"@context":"https:\/\/schema.org","@graph":[{"@type":"Article","@id":"https:\/\/lasentinelle.dz\/index.php\/2022\/05\/22\/camps-de-refugies-sahraouis-belani-demolit-la-propagande-du-makhzen\/#article","isPartOf":{"@id":"https:\/\/lasentinelle.dz\/index.php\/2022\/05\/22\/camps-de-refugies-sahraouis-belani-demolit-la-propagande-du-makhzen\/"},"author":{"name":"La Sentinelle","@id":"https:\/\/lasentinelle.dz\/#\/schema\/person\/d865044e22e70a75174ce8bcad3acfb3"},"headline":"Camps de r\u00e9fugi\u00e9s sahraouis\u00a0: Belani d\u00e9molit la propagande du Makhzen","datePublished":"2022-05-21T23:01:00+00:00","mainEntityOfPage":{"@id":"https:\/\/lasentinelle.dz\/index.php\/2022\/05\/22\/camps-de-refugies-sahraouis-belani-demolit-la-propagande-du-makhzen\/"},"wordCount":1156,"commentCount":0,"publisher":{"@id":"https:\/\/lasentinelle.dz\/#organization"},"image":{"@id":"https:\/\/lasentinelle.dz\/index.php\/2022\/05\/22\/camps-de-refugies-sahraouis-belani-demolit-la-propagande-du-makhzen\/#primaryimage"},"thumbnailUrl":"https:\/\/lasentinelle.dz\/wp-content\/uploads\/2021\/12\/amar-belani.png","articleSection":["Actualit\u00e9"],"inLanguage":"fr-FR","potentialAction":[{"@type":"CommentAction","name":"Comment","target":["https:\/\/lasentinelle.dz\/index.php\/2022\/05\/22\/camps-de-refugies-sahraouis-belani-demolit-la-propagande-du-makhzen\/#respond"]}]},{"@type":"WebPage","@id":"https:\/\/lasentinelle.dz\/index.php\/2022\/05\/22\/camps-de-refugies-sahraouis-belani-demolit-la-propagande-du-makhzen\/","url":"https:\/\/lasentinelle.dz\/index.php\/2022\/05\/22\/camps-de-refugies-sahraouis-belani-demolit-la-propagande-du-makhzen\/","name":"Camps de r\u00e9fugi\u00e9s sahraouis\u00a0: Belani d\u00e9molit la propagande du Makhzen - La Sentinelle","isPartOf":{"@id":"https:\/\/lasentinelle.dz\/#website"},"primaryImageOfPage":{"@id":"https:\/\/lasentinelle.dz\/index.php\/2022\/05\/22\/camps-de-refugies-sahraouis-belani-demolit-la-propagande-du-makhzen\/#primaryimage"},"image":{"@id":"https:\/\/lasentinelle.dz\/index.php\/2022\/05\/22\/camps-de-refugies-sahraouis-belani-demolit-la-propagande-du-makhzen\/#primaryimage"},"thumbnailUrl":"https:\/\/lasentinelle.dz\/wp-content\/uploads\/2021\/12\/amar-belani.png","datePublished":"2022-05-21T23:01:00+00:00","breadcrumb":{"@id":"https:\/\/lasentinelle.dz\/index.php\/2022\/05\/22\/camps-de-refugies-sahraouis-belani-demolit-la-propagande-du-makhzen\/#breadcrumb"},"inLanguage":"fr-FR","potentialAction":[{"@type":"ReadAction","target":["https:\/\/lasentinelle.dz\/index.php\/2022\/05\/22\/camps-de-refugies-sahraouis-belani-demolit-la-propagande-du-makhzen\/"]}]},{"@type":"ImageObject","inLanguage":"fr-FR","@id":"https:\/\/lasentinelle.dz\/index.php\/2022\/05\/22\/camps-de-refugies-sahraouis-belani-demolit-la-propagande-du-makhzen\/#primaryimage","url":"https:\/\/lasentinelle.dz\/wp-content\/uploads\/2021\/12\/amar-belani.png","contentUrl":"https:\/\/lasentinelle.dz\/wp-content\/uploads\/2021\/12\/amar-belani.png","width":1543,"height":900},{"@type":"BreadcrumbList","@id":"https:\/\/lasentinelle.dz\/index.php\/2022\/05\/22\/camps-de-refugies-sahraouis-belani-demolit-la-propagande-du-makhzen\/#breadcrumb","itemListElement":[{"@type":"ListItem","position":1,"name":"Accueil","item":"https:\/\/lasentinelle.dz\/"},{"@type":"ListItem","position":2,"name":"Camps de r\u00e9fugi\u00e9s sahraouis\u00a0: Belani d\u00e9molit la propagande du Makhzen"}]},{"@type":"WebSite","@id":"https:\/\/lasentinelle.dz\/#website","url":"https:\/\/lasentinelle.dz\/","name":"La Sentinelle","description":"Quotidien national d&#039;information","publisher":{"@id":"https:\/\/lasentinelle.dz\/#organization"},"potentialAction":[{"@type":"SearchAction","target":{"@type":"EntryPoint","urlTemplate":"https:\/\/lasentinelle.dz\/?s={search_term_string}"},"query-input":{"@type":"PropertyValueSpecification","valueRequired":true,"valueName":"search_term_string"}}],"inLanguage":"fr-FR"},{"@type":"Organization","@id":"https:\/\/lasentinelle.dz\/#organization","name":"Quotidien La Sentinelle","url":"https:\/\/lasentinelle.dz\/","logo":{"@type":"ImageObject","inLanguage":"fr-FR","@id":"https:\/\/lasentinelle.dz\/#\/schema\/logo\/image\/","url":"https:\/\/lasentinelle.dz\/wp-content\/uploads\/2021\/09\/logo-sentinelleSLOGAN-1.png","contentUrl":"https:\/\/lasentinelle.dz\/wp-content\/uploads\/2021\/09\/logo-sentinelleSLOGAN-1.png","width":615,"height":142,"caption":"Quotidien La Sentinelle"},"image":{"@id":"https:\/\/lasentinelle.dz\/#\/schema\/logo\/image\/"},"sameAs":["https:\/\/www.facebook.com\/La-Sentinelle-104059864394773"]},{"@type":"Person","@id":"https:\/\/lasentinelle.dz\/#\/schema\/person\/d865044e22e70a75174ce8bcad3acfb3","name":"La Sentinelle","image":{"@type":"ImageObject","inLanguage":"fr-FR","@id":"https:\/\/secure.gravatar.com\/avatar\/57de8e5d4b15d43fb361a71fbb36338450fe67865b528a43dd10ef7c51a20392?s=96&d=mm&r=g","url":"https:\/\/secure.gravatar.com\/avatar\/57de8e5d4b15d43fb361a71fbb36338450fe67865b528a43dd10ef7c51a20392?s=96&d=mm&r=g","contentUrl":"https:\/\/secure.gravatar.com\/avatar\/57de8e5d4b15d43fb361a71fbb36338450fe67865b528a43dd10ef7c51a20392?s=96&d=mm&r=g","caption":"La Sentinelle"},"sameAs":["http:\/\/www.lasentinelle.dz"],"url":"https:\/\/lasentinelle.dz\/author\/redaction\/"}]}},"_links":{"self":[{"href":"https:\/\/lasentinelle.dz\/index.php\/wp-json\/wp\/v2\/posts\/21369","targetHints":{"allow":["GET"]}}],"collection":[{"href":"https:\/\/lasentinelle.dz\/index.php\/wp-json\/wp\/v2\/posts"}],"about":[{"href":"https:\/\/lasentinelle.dz\/index.php\/wp-json\/wp\/v2\/types\/post"}],"author":[{"embeddable":true,"href":"https:\/\/lasentinelle.dz\/index.php\/wp-json\/wp\/v2\/users\/3"}],"replies":[{"embeddable":true,"href":"https:\/\/lasentinelle.dz\/index.php\/wp-json\/wp\/v2\/comments?post=21369"}],"version-history":[{"count":1,"href":"https:\/\/lasentinelle.dz\/index.php\/wp-json\/wp\/v2\/posts\/21369\/revisions"}],"predecessor-version":[{"id":21377,"href":"https:\/\/lasentinelle.dz\/index.php\/wp-json\/wp\/v2\/posts\/21369\/revisions\/21377"}],"wp:featuredmedia":[{"embeddable":true,"href":"https:\/\/lasentinelle.dz\/index.php\/wp-json\/wp\/v2\/media\/15571"}],"wp:attachment":[{"href":"https:\/\/lasentinelle.dz\/index.php\/wp-json\/wp\/v2\/media?parent=21369"}],"wp:term":[{"taxonomy":"category","embeddable":true,"href":"https:\/\/lasentinelle.dz\/index.php\/wp-json\/wp\/v2\/categories?post=21369"},{"taxonomy":"post_tag","embeddable":true,"href":"https:\/\/lasentinelle.dz\/index.php\/wp-json\/wp\/v2\/tags?post=21369"}],"curies":[{"name":"wp","href":"https:\/\/api.w.org\/{rel}","templated":true}]}}