{"id":21613,"date":"2022-05-26T00:01:00","date_gmt":"2022-05-25T23:01:00","guid":{"rendered":"https:\/\/lasentinelle.dz\/?p=21613"},"modified":"2022-05-25T18:25:57","modified_gmt":"2022-05-25T17:25:57","slug":"habitat-vers-la-reduction-des-delais-de-delivrance-des-permis-de-construire","status":"publish","type":"post","link":"https:\/\/lasentinelle.dz\/index.php\/2022\/05\/26\/habitat-vers-la-reduction-des-delais-de-delivrance-des-permis-de-construire\/","title":{"rendered":"Habitat\u00a0: Vers la r\u00e9duction des d\u00e9lais de d\u00e9livrance des permis de construire"},"content":{"rendered":"\n<p>Le gouvernement, r\u00e9uni mardi sous la pr\u00e9sidence du Premier ministre, A\u00efmene Benabderrahmane, a examin\u00e9 les mesures prises pour la r\u00e9duction des d\u00e9lais de d\u00e9livrance des permis de construire.&nbsp;Dans ce contexte,&nbsp;A\u00efmene Abderrahmane, a rappel\u00e9 les instructions du Pr\u00e9sident de la R\u00e9publique, mettant en avant la n\u00e9cessit\u00e9 d\u2019acc\u00e9l\u00e9rer le processus de d\u00e9mat\u00e9rialisation des proc\u00e9dures et de d\u00e9bureaucratiser davantage la d\u00e9livrance des diff\u00e9rents documents administratifs au profit du citoyen. Il a \u00e9galement mis l\u2019accent&nbsp;&nbsp;sur \u00abl\u2019importance d\u2019engager, en coordination entre les secteurs concern\u00e9s, la mise en place de la plateforme num\u00e9rique d\u00e9di\u00e9e \u00e0 la d\u00e9livrance du permis de construire et ce, au niveau des communes s\u00e9lectionn\u00e9es en premi\u00e8re phase pour le lancement de cette op\u00e9ration\u00bb.&nbsp;&nbsp;Le ministre de l\u2019Habitat, de l\u2019Urbanisme et de la Ville a pr\u00e9sent\u00e9 un expos\u00e9 ax\u00e9 sur les mesures prises dans le cadre de la r\u00e9duction des d\u00e9lais de d\u00e9livrance des permis de construire et revenu sur les \u00e9valuations p\u00e9riodiques op\u00e9r\u00e9es par le secteur de l\u2019habitat pour identifier les contraintes retardant la d\u00e9livrance des actes d\u2019urbanisme, particuli\u00e8rement le permis de construire, les mesures ci-apr\u00e8s ont \u00e9t\u00e9 mises en \u0153uvre, ayant permis une r\u00e9duction consid\u00e9rable des d\u00e9lais. Ces derni\u00e8res se traduisent par la d\u00e9centralisation de la d\u00e9livrance de certains permis de construire ainsi que les recours, dans le cadre du D\u00e9cret ex\u00e9cutif n\u00b020-342 du 22\/11\/2020 modifiant et compl\u00e9tant le D\u00e9cret ex\u00e9cutif n\u00b015-19 du 25\/01\/2015, fixant les modalit\u00e9s d\u2019instruction et de d\u00e9livrance des actes d\u2019urbanisme, l\u2019organisation des de missions d\u2019inspection au niveau des services concern\u00e9s (guichets uniques), la poursuite&nbsp;de l\u2019op\u00e9ration qui permettra de num\u00e9riser l\u2019ensemble de la proc\u00e9dure d\u2019instruction des documents d\u2019urbanisme (d\u00e9p\u00f4t des demandes sur un Portail \u00e9lectronique, l\u2019\u00e9mission des avis des services concern\u00e9s, le paiement \u00e9lectronique de la taxe, le choix de la date du retrait de l\u2019acte au niveau de la commune, la notification en cas d\u2019avis d\u00e9favorable, le d\u00e9p\u00f4t des recours.<\/p>\n\n\n\n<p><strong>Salim Abdenour<\/strong><\/p>\n","protected":false},"excerpt":{"rendered":"<p>Le gouvernement, r\u00e9uni mardi sous la pr\u00e9sidence du Premier ministre, A\u00efmene Benabderrahmane, a examin\u00e9 les mesures prises pour la r\u00e9duction<\/p>\n","protected":false},"author":3,"featured_media":21622,"comment_status":"open","ping_status":"closed","sticky":false,"template":"","format":"standard","meta":{"colormag_page_container_layout":"default_layout","colormag_page_sidebar_layout":"default_layout","om_disable_all_campaigns":false,"_monsterinsights_skip_tracking":false,"_monsterinsights_sitenote_active":false,"_monsterinsights_sitenote_note":"","_monsterinsights_sitenote_category":0,"footnotes":"","_wpscppro_dont_share_socialmedia":false,"_wpscppro_custom_social_share_image":0,"_facebook_share_type":"","_twitter_share_type":"","_linkedin_share_type":"","_pinterest_share_type":"","_linkedin_share_type_page":"","_instagram_share_type":"","_medium_share_type":"","_threads_share_type":"","_google_business_share_type":"","_selected_social_profile":[],"_wpsp_enable_custom_social_template":false,"_wpsp_social_scheduling":{"enabled":false,"datetime":null,"platforms":[],"status":"template_only","dateOption":"today","timeOption":"now","customDays":"","customHours":"","customDate":"","customTime":"","schedulingType":"absolute"},"_wpsp_active_default_template":true},"categories":[27],"tags":[],"class_list":["post-21613","post","type-post","status-publish","format-standard","has-post-thumbnail","hentry","category-actualite"],"aioseo_notices":[],"yoast_head":"<!-- This site is optimized with the Yoast SEO plugin v27.5 - https:\/\/yoast.com\/product\/yoast-seo-wordpress\/ -->\n<title>Habitat\u00a0: Vers la r\u00e9duction des d\u00e9lais de d\u00e9livrance des permis de construire - La Sentinelle<\/title>\n<meta name=\"robots\" content=\"index, follow, max-snippet:-1, max-image-preview:large, max-video-preview:-1\" \/>\n<link rel=\"canonical\" href=\"https:\/\/lasentinelle.dz\/index.php\/2022\/05\/26\/habitat-vers-la-reduction-des-delais-de-delivrance-des-permis-de-construire\/\" \/>\n<meta property=\"og:locale\" content=\"fr_FR\" \/>\n<meta property=\"og:type\" content=\"article\" \/>\n<meta property=\"og:title\" content=\"Habitat\u00a0: Vers la r\u00e9duction des d\u00e9lais de d\u00e9livrance des permis de construire - La Sentinelle\" \/>\n<meta property=\"og:description\" content=\"Le gouvernement, r\u00e9uni mardi sous la pr\u00e9sidence du Premier ministre, A\u00efmene Benabderrahmane, a examin\u00e9 les mesures prises pour la r\u00e9duction\" \/>\n<meta property=\"og:url\" content=\"https:\/\/lasentinelle.dz\/index.php\/2022\/05\/26\/habitat-vers-la-reduction-des-delais-de-delivrance-des-permis-de-construire\/\" \/>\n<meta property=\"og:site_name\" content=\"La Sentinelle\" \/>\n<meta property=\"article:publisher\" content=\"https:\/\/www.facebook.com\/La-Sentinelle-104059864394773\" \/>\n<meta property=\"article:published_time\" content=\"2022-05-25T23:01:00+00:00\" \/>\n<meta property=\"og:image\" content=\"https:\/\/lasentinelle.dz\/wp-content\/uploads\/2022\/05\/logement.png\" \/>\n\t<meta property=\"og:image:width\" content=\"1491\" \/>\n\t<meta property=\"og:image:height\" content=\"900\" \/>\n\t<meta property=\"og:image:type\" content=\"image\/png\" \/>\n<meta name=\"author\" content=\"La Sentinelle\" \/>\n<meta name=\"twitter:card\" content=\"summary_large_image\" \/>\n<meta name=\"twitter:label1\" content=\"\u00c9crit par\" \/>\n\t<meta name=\"twitter:data1\" content=\"La Sentinelle\" \/>\n\t<meta name=\"twitter:label2\" content=\"Dur\u00e9e de lecture estim\u00e9e\" \/>\n\t<meta name=\"twitter:data2\" content=\"2 minutes\" \/>\n<script type=\"application\/ld+json\" class=\"yoast-schema-graph\">{\"@context\":\"https:\\\/\\\/schema.org\",\"@graph\":[{\"@type\":\"Article\",\"@id\":\"https:\\\/\\\/lasentinelle.dz\\\/index.php\\\/2022\\\/05\\\/26\\\/habitat-vers-la-reduction-des-delais-de-delivrance-des-permis-de-construire\\\/#article\",\"isPartOf\":{\"@id\":\"https:\\\/\\\/lasentinelle.dz\\\/index.php\\\/2022\\\/05\\\/26\\\/habitat-vers-la-reduction-des-delais-de-delivrance-des-permis-de-construire\\\/\"},\"author\":{\"name\":\"La Sentinelle\",\"@id\":\"https:\\\/\\\/lasentinelle.dz\\\/#\\\/schema\\\/person\\\/d865044e22e70a75174ce8bcad3acfb3\"},\"headline\":\"Habitat\u00a0: Vers la r\u00e9duction des d\u00e9lais de d\u00e9livrance des permis de construire\",\"datePublished\":\"2022-05-25T23:01:00+00:00\",\"mainEntityOfPage\":{\"@id\":\"https:\\\/\\\/lasentinelle.dz\\\/index.php\\\/2022\\\/05\\\/26\\\/habitat-vers-la-reduction-des-delais-de-delivrance-des-permis-de-construire\\\/\"},\"wordCount\":409,\"commentCount\":0,\"publisher\":{\"@id\":\"https:\\\/\\\/lasentinelle.dz\\\/#organization\"},\"image\":{\"@id\":\"https:\\\/\\\/lasentinelle.dz\\\/index.php\\\/2022\\\/05\\\/26\\\/habitat-vers-la-reduction-des-delais-de-delivrance-des-permis-de-construire\\\/#primaryimage\"},\"thumbnailUrl\":\"https:\\\/\\\/lasentinelle.dz\\\/wp-content\\\/uploads\\\/2022\\\/05\\\/logement.png\",\"articleSection\":[\"Actualit\u00e9\"],\"inLanguage\":\"fr-FR\",\"potentialAction\":[{\"@type\":\"CommentAction\",\"name\":\"Comment\",\"target\":[\"https:\\\/\\\/lasentinelle.dz\\\/index.php\\\/2022\\\/05\\\/26\\\/habitat-vers-la-reduction-des-delais-de-delivrance-des-permis-de-construire\\\/#respond\"]}]},{\"@type\":\"WebPage\",\"@id\":\"https:\\\/\\\/lasentinelle.dz\\\/index.php\\\/2022\\\/05\\\/26\\\/habitat-vers-la-reduction-des-delais-de-delivrance-des-permis-de-construire\\\/\",\"url\":\"https:\\\/\\\/lasentinelle.dz\\\/index.php\\\/2022\\\/05\\\/26\\\/habitat-vers-la-reduction-des-delais-de-delivrance-des-permis-de-construire\\\/\",\"name\":\"Habitat\u00a0: Vers la r\u00e9duction des d\u00e9lais de d\u00e9livrance des permis de construire - La Sentinelle\",\"isPartOf\":{\"@id\":\"https:\\\/\\\/lasentinelle.dz\\\/#website\"},\"primaryImageOfPage\":{\"@id\":\"https:\\\/\\\/lasentinelle.dz\\\/index.php\\\/2022\\\/05\\\/26\\\/habitat-vers-la-reduction-des-delais-de-delivrance-des-permis-de-construire\\\/#primaryimage\"},\"image\":{\"@id\":\"https:\\\/\\\/lasentinelle.dz\\\/index.php\\\/2022\\\/05\\\/26\\\/habitat-vers-la-reduction-des-delais-de-delivrance-des-permis-de-construire\\\/#primaryimage\"},\"thumbnailUrl\":\"https:\\\/\\\/lasentinelle.dz\\\/wp-content\\\/uploads\\\/2022\\\/05\\\/logement.png\",\"datePublished\":\"2022-05-25T23:01:00+00:00\",\"breadcrumb\":{\"@id\":\"https:\\\/\\\/lasentinelle.dz\\\/index.php\\\/2022\\\/05\\\/26\\\/habitat-vers-la-reduction-des-delais-de-delivrance-des-permis-de-construire\\\/#breadcrumb\"},\"inLanguage\":\"fr-FR\",\"potentialAction\":[{\"@type\":\"ReadAction\",\"target\":[\"https:\\\/\\\/lasentinelle.dz\\\/index.php\\\/2022\\\/05\\\/26\\\/habitat-vers-la-reduction-des-delais-de-delivrance-des-permis-de-construire\\\/\"]}]},{\"@type\":\"ImageObject\",\"inLanguage\":\"fr-FR\",\"@id\":\"https:\\\/\\\/lasentinelle.dz\\\/index.php\\\/2022\\\/05\\\/26\\\/habitat-vers-la-reduction-des-delais-de-delivrance-des-permis-de-construire\\\/#primaryimage\",\"url\":\"https:\\\/\\\/lasentinelle.dz\\\/wp-content\\\/uploads\\\/2022\\\/05\\\/logement.png\",\"contentUrl\":\"https:\\\/\\\/lasentinelle.dz\\\/wp-content\\\/uploads\\\/2022\\\/05\\\/logement.png\",\"width\":1491,\"height\":900},{\"@type\":\"BreadcrumbList\",\"@id\":\"https:\\\/\\\/lasentinelle.dz\\\/index.php\\\/2022\\\/05\\\/26\\\/habitat-vers-la-reduction-des-delais-de-delivrance-des-permis-de-construire\\\/#breadcrumb\",\"itemListElement\":[{\"@type\":\"ListItem\",\"position\":1,\"name\":\"Accueil\",\"item\":\"https:\\\/\\\/lasentinelle.dz\\\/\"},{\"@type\":\"ListItem\",\"position\":2,\"name\":\"Habitat\u00a0: Vers la r\u00e9duction des d\u00e9lais de d\u00e9livrance des permis de construire\"}]},{\"@type\":\"WebSite\",\"@id\":\"https:\\\/\\\/lasentinelle.dz\\\/#website\",\"url\":\"https:\\\/\\\/lasentinelle.dz\\\/\",\"name\":\"La Sentinelle\",\"description\":\"Quotidien national d&#039;information\",\"publisher\":{\"@id\":\"https:\\\/\\\/lasentinelle.dz\\\/#organization\"},\"potentialAction\":[{\"@type\":\"SearchAction\",\"target\":{\"@type\":\"EntryPoint\",\"urlTemplate\":\"https:\\\/\\\/lasentinelle.dz\\\/?s={search_term_string}\"},\"query-input\":{\"@type\":\"PropertyValueSpecification\",\"valueRequired\":true,\"valueName\":\"search_term_string\"}}],\"inLanguage\":\"fr-FR\"},{\"@type\":\"Organization\",\"@id\":\"https:\\\/\\\/lasentinelle.dz\\\/#organization\",\"name\":\"Quotidien La Sentinelle\",\"url\":\"https:\\\/\\\/lasentinelle.dz\\\/\",\"logo\":{\"@type\":\"ImageObject\",\"inLanguage\":\"fr-FR\",\"@id\":\"https:\\\/\\\/lasentinelle.dz\\\/#\\\/schema\\\/logo\\\/image\\\/\",\"url\":\"https:\\\/\\\/lasentinelle.dz\\\/wp-content\\\/uploads\\\/2021\\\/09\\\/logo-sentinelleSLOGAN-1.png\",\"contentUrl\":\"https:\\\/\\\/lasentinelle.dz\\\/wp-content\\\/uploads\\\/2021\\\/09\\\/logo-sentinelleSLOGAN-1.png\",\"width\":615,\"height\":142,\"caption\":\"Quotidien La Sentinelle\"},\"image\":{\"@id\":\"https:\\\/\\\/lasentinelle.dz\\\/#\\\/schema\\\/logo\\\/image\\\/\"},\"sameAs\":[\"https:\\\/\\\/www.facebook.com\\\/La-Sentinelle-104059864394773\"]},{\"@type\":\"Person\",\"@id\":\"https:\\\/\\\/lasentinelle.dz\\\/#\\\/schema\\\/person\\\/d865044e22e70a75174ce8bcad3acfb3\",\"name\":\"La Sentinelle\",\"image\":{\"@type\":\"ImageObject\",\"inLanguage\":\"fr-FR\",\"@id\":\"https:\\\/\\\/secure.gravatar.com\\\/avatar\\\/57de8e5d4b15d43fb361a71fbb36338450fe67865b528a43dd10ef7c51a20392?s=96&d=mm&r=g\",\"url\":\"https:\\\/\\\/secure.gravatar.com\\\/avatar\\\/57de8e5d4b15d43fb361a71fbb36338450fe67865b528a43dd10ef7c51a20392?s=96&d=mm&r=g\",\"contentUrl\":\"https:\\\/\\\/secure.gravatar.com\\\/avatar\\\/57de8e5d4b15d43fb361a71fbb36338450fe67865b528a43dd10ef7c51a20392?s=96&d=mm&r=g\",\"caption\":\"La Sentinelle\"},\"sameAs\":[\"http:\\\/\\\/www.lasentinelle.dz\"],\"url\":\"https:\\\/\\\/lasentinelle.dz\\\/author\\\/redaction\\\/\"}]}<\/script>\n<!-- \/ Yoast SEO plugin. -->","yoast_head_json":{"title":"Habitat\u00a0: Vers la r\u00e9duction des d\u00e9lais de d\u00e9livrance des permis de construire - La Sentinelle","robots":{"index":"index","follow":"follow","max-snippet":"max-snippet:-1","max-image-preview":"max-image-preview:large","max-video-preview":"max-video-preview:-1"},"canonical":"https:\/\/lasentinelle.dz\/index.php\/2022\/05\/26\/habitat-vers-la-reduction-des-delais-de-delivrance-des-permis-de-construire\/","og_locale":"fr_FR","og_type":"article","og_title":"Habitat\u00a0: Vers la r\u00e9duction des d\u00e9lais de d\u00e9livrance des permis de construire - La Sentinelle","og_description":"Le gouvernement, r\u00e9uni mardi sous la pr\u00e9sidence du Premier ministre, A\u00efmene Benabderrahmane, a examin\u00e9 les mesures prises pour la r\u00e9duction","og_url":"https:\/\/lasentinelle.dz\/index.php\/2022\/05\/26\/habitat-vers-la-reduction-des-delais-de-delivrance-des-permis-de-construire\/","og_site_name":"La Sentinelle","article_publisher":"https:\/\/www.facebook.com\/La-Sentinelle-104059864394773","article_published_time":"2022-05-25T23:01:00+00:00","og_image":[{"width":1491,"height":900,"url":"https:\/\/lasentinelle.dz\/wp-content\/uploads\/2022\/05\/logement.png","type":"image\/png"}],"author":"La Sentinelle","twitter_card":"summary_large_image","twitter_misc":{"\u00c9crit par":"La Sentinelle","Dur\u00e9e de lecture estim\u00e9e":"2 minutes"},"schema":{"@context":"https:\/\/schema.org","@graph":[{"@type":"Article","@id":"https:\/\/lasentinelle.dz\/index.php\/2022\/05\/26\/habitat-vers-la-reduction-des-delais-de-delivrance-des-permis-de-construire\/#article","isPartOf":{"@id":"https:\/\/lasentinelle.dz\/index.php\/2022\/05\/26\/habitat-vers-la-reduction-des-delais-de-delivrance-des-permis-de-construire\/"},"author":{"name":"La Sentinelle","@id":"https:\/\/lasentinelle.dz\/#\/schema\/person\/d865044e22e70a75174ce8bcad3acfb3"},"headline":"Habitat\u00a0: Vers la r\u00e9duction des d\u00e9lais de d\u00e9livrance des permis de construire","datePublished":"2022-05-25T23:01:00+00:00","mainEntityOfPage":{"@id":"https:\/\/lasentinelle.dz\/index.php\/2022\/05\/26\/habitat-vers-la-reduction-des-delais-de-delivrance-des-permis-de-construire\/"},"wordCount":409,"commentCount":0,"publisher":{"@id":"https:\/\/lasentinelle.dz\/#organization"},"image":{"@id":"https:\/\/lasentinelle.dz\/index.php\/2022\/05\/26\/habitat-vers-la-reduction-des-delais-de-delivrance-des-permis-de-construire\/#primaryimage"},"thumbnailUrl":"https:\/\/lasentinelle.dz\/wp-content\/uploads\/2022\/05\/logement.png","articleSection":["Actualit\u00e9"],"inLanguage":"fr-FR","potentialAction":[{"@type":"CommentAction","name":"Comment","target":["https:\/\/lasentinelle.dz\/index.php\/2022\/05\/26\/habitat-vers-la-reduction-des-delais-de-delivrance-des-permis-de-construire\/#respond"]}]},{"@type":"WebPage","@id":"https:\/\/lasentinelle.dz\/index.php\/2022\/05\/26\/habitat-vers-la-reduction-des-delais-de-delivrance-des-permis-de-construire\/","url":"https:\/\/lasentinelle.dz\/index.php\/2022\/05\/26\/habitat-vers-la-reduction-des-delais-de-delivrance-des-permis-de-construire\/","name":"Habitat\u00a0: Vers la r\u00e9duction des d\u00e9lais de d\u00e9livrance des permis de construire - La Sentinelle","isPartOf":{"@id":"https:\/\/lasentinelle.dz\/#website"},"primaryImageOfPage":{"@id":"https:\/\/lasentinelle.dz\/index.php\/2022\/05\/26\/habitat-vers-la-reduction-des-delais-de-delivrance-des-permis-de-construire\/#primaryimage"},"image":{"@id":"https:\/\/lasentinelle.dz\/index.php\/2022\/05\/26\/habitat-vers-la-reduction-des-delais-de-delivrance-des-permis-de-construire\/#primaryimage"},"thumbnailUrl":"https:\/\/lasentinelle.dz\/wp-content\/uploads\/2022\/05\/logement.png","datePublished":"2022-05-25T23:01:00+00:00","breadcrumb":{"@id":"https:\/\/lasentinelle.dz\/index.php\/2022\/05\/26\/habitat-vers-la-reduction-des-delais-de-delivrance-des-permis-de-construire\/#breadcrumb"},"inLanguage":"fr-FR","potentialAction":[{"@type":"ReadAction","target":["https:\/\/lasentinelle.dz\/index.php\/2022\/05\/26\/habitat-vers-la-reduction-des-delais-de-delivrance-des-permis-de-construire\/"]}]},{"@type":"ImageObject","inLanguage":"fr-FR","@id":"https:\/\/lasentinelle.dz\/index.php\/2022\/05\/26\/habitat-vers-la-reduction-des-delais-de-delivrance-des-permis-de-construire\/#primaryimage","url":"https:\/\/lasentinelle.dz\/wp-content\/uploads\/2022\/05\/logement.png","contentUrl":"https:\/\/lasentinelle.dz\/wp-content\/uploads\/2022\/05\/logement.png","width":1491,"height":900},{"@type":"BreadcrumbList","@id":"https:\/\/lasentinelle.dz\/index.php\/2022\/05\/26\/habitat-vers-la-reduction-des-delais-de-delivrance-des-permis-de-construire\/#breadcrumb","itemListElement":[{"@type":"ListItem","position":1,"name":"Accueil","item":"https:\/\/lasentinelle.dz\/"},{"@type":"ListItem","position":2,"name":"Habitat\u00a0: Vers la r\u00e9duction des d\u00e9lais de d\u00e9livrance des permis de construire"}]},{"@type":"WebSite","@id":"https:\/\/lasentinelle.dz\/#website","url":"https:\/\/lasentinelle.dz\/","name":"La Sentinelle","description":"Quotidien national d&#039;information","publisher":{"@id":"https:\/\/lasentinelle.dz\/#organization"},"potentialAction":[{"@type":"SearchAction","target":{"@type":"EntryPoint","urlTemplate":"https:\/\/lasentinelle.dz\/?s={search_term_string}"},"query-input":{"@type":"PropertyValueSpecification","valueRequired":true,"valueName":"search_term_string"}}],"inLanguage":"fr-FR"},{"@type":"Organization","@id":"https:\/\/lasentinelle.dz\/#organization","name":"Quotidien La Sentinelle","url":"https:\/\/lasentinelle.dz\/","logo":{"@type":"ImageObject","inLanguage":"fr-FR","@id":"https:\/\/lasentinelle.dz\/#\/schema\/logo\/image\/","url":"https:\/\/lasentinelle.dz\/wp-content\/uploads\/2021\/09\/logo-sentinelleSLOGAN-1.png","contentUrl":"https:\/\/lasentinelle.dz\/wp-content\/uploads\/2021\/09\/logo-sentinelleSLOGAN-1.png","width":615,"height":142,"caption":"Quotidien La Sentinelle"},"image":{"@id":"https:\/\/lasentinelle.dz\/#\/schema\/logo\/image\/"},"sameAs":["https:\/\/www.facebook.com\/La-Sentinelle-104059864394773"]},{"@type":"Person","@id":"https:\/\/lasentinelle.dz\/#\/schema\/person\/d865044e22e70a75174ce8bcad3acfb3","name":"La Sentinelle","image":{"@type":"ImageObject","inLanguage":"fr-FR","@id":"https:\/\/secure.gravatar.com\/avatar\/57de8e5d4b15d43fb361a71fbb36338450fe67865b528a43dd10ef7c51a20392?s=96&d=mm&r=g","url":"https:\/\/secure.gravatar.com\/avatar\/57de8e5d4b15d43fb361a71fbb36338450fe67865b528a43dd10ef7c51a20392?s=96&d=mm&r=g","contentUrl":"https:\/\/secure.gravatar.com\/avatar\/57de8e5d4b15d43fb361a71fbb36338450fe67865b528a43dd10ef7c51a20392?s=96&d=mm&r=g","caption":"La Sentinelle"},"sameAs":["http:\/\/www.lasentinelle.dz"],"url":"https:\/\/lasentinelle.dz\/author\/redaction\/"}]}},"_links":{"self":[{"href":"https:\/\/lasentinelle.dz\/index.php\/wp-json\/wp\/v2\/posts\/21613","targetHints":{"allow":["GET"]}}],"collection":[{"href":"https:\/\/lasentinelle.dz\/index.php\/wp-json\/wp\/v2\/posts"}],"about":[{"href":"https:\/\/lasentinelle.dz\/index.php\/wp-json\/wp\/v2\/types\/post"}],"author":[{"embeddable":true,"href":"https:\/\/lasentinelle.dz\/index.php\/wp-json\/wp\/v2\/users\/3"}],"replies":[{"embeddable":true,"href":"https:\/\/lasentinelle.dz\/index.php\/wp-json\/wp\/v2\/comments?post=21613"}],"version-history":[{"count":1,"href":"https:\/\/lasentinelle.dz\/index.php\/wp-json\/wp\/v2\/posts\/21613\/revisions"}],"predecessor-version":[{"id":21623,"href":"https:\/\/lasentinelle.dz\/index.php\/wp-json\/wp\/v2\/posts\/21613\/revisions\/21623"}],"wp:featuredmedia":[{"embeddable":true,"href":"https:\/\/lasentinelle.dz\/index.php\/wp-json\/wp\/v2\/media\/21622"}],"wp:attachment":[{"href":"https:\/\/lasentinelle.dz\/index.php\/wp-json\/wp\/v2\/media?parent=21613"}],"wp:term":[{"taxonomy":"category","embeddable":true,"href":"https:\/\/lasentinelle.dz\/index.php\/wp-json\/wp\/v2\/categories?post=21613"},{"taxonomy":"post_tag","embeddable":true,"href":"https:\/\/lasentinelle.dz\/index.php\/wp-json\/wp\/v2\/tags?post=21613"}],"curies":[{"name":"wp","href":"https:\/\/api.w.org\/{rel}","templated":true}]}}