{"id":21656,"date":"2022-05-29T00:05:00","date_gmt":"2022-05-28T23:05:00","guid":{"rendered":"https:\/\/lasentinelle.dz\/?p=21656"},"modified":"2022-05-28T16:38:23","modified_gmt":"2022-05-28T15:38:23","slug":"equipe-nationale-belmadi-entame-sa-revolution","status":"publish","type":"post","link":"https:\/\/lasentinelle.dz\/index.php\/2022\/05\/29\/equipe-nationale-belmadi-entame-sa-revolution\/","title":{"rendered":"\u00c9quipe nationale\u00a0:\u00a0Belmadi entame sa r\u00e9volution \u00a0"},"content":{"rendered":"\n<p>Apr\u00e8s une p\u00e9riode d\u2019attente, qui n\u2019a que trop dur\u00e9, le s\u00e9lectionneur national, Djamel Belmadi, a rendu publique, vendredi soir, la liste des joueurs retenus pour les deux premiers matchs&nbsp;&nbsp;des&nbsp;\u00c9liminatoires de la CAN-2023.&nbsp;<\/p>\n\n\n\n<p>Le premier match aura lieu le 4 juin au stade du 5-Juillet face \u00e0 l\u2019Ouganda, avant de se d\u00e9placer en Tanzanie, pour affronter la s\u00e9lection locale, le 8 du m\u00eame mois. Le coach national a retenu 25 joueurs, dont 7 nouveaux.&nbsp;&nbsp;En effet, il a convoqu\u00e9 pour la premi\u00e8re fois le gardien de but d\u2019Angers SCO, Anthony Mandrea, ainsi que les d\u00e9fenseurs Akim Zedadka (Clermont Foot 63\/ France), Yanis Hamache (Boavista FC\/ Portugal), le milieu de terrain Abdelkahar Kadri (Courtrai KV\/ Belgique), et les attaquants Billel Brahimi (OGC Nice\/ France), Billel Omrani (Cluj\/ Roumanie), et Riyad Benayad (ES S\u00e9tif). Ce dernier est le seul joueur \u00e9voluant en championnat local. Par contre, plusieurs joueurs ont saut\u00e9 de la liste, \u00e0 l&rsquo;image du portier Alexandre Oukidja, Djamel Benlamri, Baghdad Bounedjah, Adll\u00e8ne Guedioura, Said Benrahma, ou encore Sofiane Feghouli. Le capitaine Riyad Mahrez, lui, a d\u00e9clar\u00e9 forfait pour \u00ab blessure \u00bb. Apr\u00e8s les deux cuisants \u00e9checs de l\u2019EN lors de la CAN-2021 au Cameroun, ainsi que l\u2019\u00e9limination de la course \u00e0 une place en Coupe du Monde, tous les Alg\u00e9riens s\u2019attendaient \u00e0 des changements progressifs dans l\u2019effectif de Belmadi. Ce dernier, lui-m\u00eame, avait laiss\u00e9 entendre cela lors d\u2019une r\u00e9cente d\u00e9claration. Mais, faut-il le reconna\u00eetre, personne ne s\u2019attendait \u00e0 autant de changements. Belmadi veut, \u00e0 priori, permettre aux nouveaux joueurs, de s\u2019int\u00e9grer le plus rapidement possible \u00e0 la vie de leur nouveau groupe, estimant que le fait de jouer face \u00e0 deux s\u00e9lection loin de constituer un foudre de guerre est la meilleure occasion. Seulement, et selon la conception du coach, cela ne veut pas dire que l\u2019Ouganda et la Tanzanie sont \u00e0 prendre \u00e0 la l\u00e9g\u00e8re, d\u2019autant plus que \u00ab le facteur surprise \u00bb, n\u2019est jamais \u00e0 \u00e9carter, et les derni\u00e8res sorties des Verts en sont la parfaite illustration. Nouveaux objectifs, nouveaux joueurs. Belmadi commence, donc, sa r\u00e9volution au sein de son \u00e9quipe, avec l\u2019espoir de repartir du bon pied.<\/p>\n\n\n\n<p><strong>Abderrahim Mahious<\/strong><\/p>\n","protected":false},"excerpt":{"rendered":"<p>Apr\u00e8s une p\u00e9riode d\u2019attente, qui n\u2019a que trop dur\u00e9, le s\u00e9lectionneur national, Djamel Belmadi, a rendu publique, vendredi soir, la<\/p>\n","protected":false},"author":3,"featured_media":21663,"comment_status":"open","ping_status":"closed","sticky":false,"template":"","format":"standard","meta":{"colormag_page_container_layout":"default_layout","colormag_page_sidebar_layout":"default_layout","om_disable_all_campaigns":false,"_monsterinsights_skip_tracking":false,"_monsterinsights_sitenote_active":false,"_monsterinsights_sitenote_note":"","_monsterinsights_sitenote_category":0,"footnotes":"","_wpscppro_dont_share_socialmedia":false,"_wpscppro_custom_social_share_image":0,"_facebook_share_type":"","_twitter_share_type":"","_linkedin_share_type":"","_pinterest_share_type":"","_linkedin_share_type_page":"","_instagram_share_type":"","_medium_share_type":"","_threads_share_type":"","_google_business_share_type":"","_selected_social_profile":[],"_wpsp_enable_custom_social_template":false,"_wpsp_social_scheduling":{"enabled":false,"datetime":null,"platforms":[],"status":"template_only","dateOption":"today","timeOption":"now","customDays":"","customHours":"","customDate":"","customTime":"","schedulingType":"absolute"},"_wpsp_active_default_template":true},"categories":[52,33],"tags":[],"class_list":["post-21656","post","type-post","status-publish","format-standard","has-post-thumbnail","hentry","category-a-la-une","category-sports"],"aioseo_notices":[],"yoast_head":"<!-- This site is optimized with the Yoast SEO plugin v27.5 - https:\/\/yoast.com\/product\/yoast-seo-wordpress\/ -->\n<title>\u00c9quipe nationale\u00a0:\u00a0Belmadi entame sa r\u00e9volution \u00a0 - La Sentinelle<\/title>\n<meta name=\"robots\" content=\"index, follow, max-snippet:-1, max-image-preview:large, max-video-preview:-1\" \/>\n<link rel=\"canonical\" href=\"https:\/\/lasentinelle.dz\/index.php\/2022\/05\/29\/equipe-nationale-belmadi-entame-sa-revolution\/\" \/>\n<meta property=\"og:locale\" content=\"fr_FR\" \/>\n<meta property=\"og:type\" content=\"article\" \/>\n<meta property=\"og:title\" content=\"\u00c9quipe nationale\u00a0:\u00a0Belmadi entame sa r\u00e9volution \u00a0 - La Sentinelle\" \/>\n<meta property=\"og:description\" content=\"Apr\u00e8s une p\u00e9riode d\u2019attente, qui n\u2019a que trop dur\u00e9, le s\u00e9lectionneur national, Djamel Belmadi, a rendu publique, vendredi soir, la\" \/>\n<meta property=\"og:url\" content=\"https:\/\/lasentinelle.dz\/index.php\/2022\/05\/29\/equipe-nationale-belmadi-entame-sa-revolution\/\" \/>\n<meta property=\"og:site_name\" content=\"La Sentinelle\" \/>\n<meta property=\"article:publisher\" content=\"https:\/\/www.facebook.com\/La-Sentinelle-104059864394773\" \/>\n<meta property=\"article:published_time\" content=\"2022-05-28T23:05:00+00:00\" \/>\n<meta property=\"og:image\" content=\"https:\/\/lasentinelle.dz\/wp-content\/uploads\/2022\/05\/EN.png\" \/>\n\t<meta property=\"og:image:width\" content=\"1433\" \/>\n\t<meta property=\"og:image:height\" content=\"900\" \/>\n\t<meta property=\"og:image:type\" content=\"image\/png\" \/>\n<meta name=\"author\" content=\"La Sentinelle\" \/>\n<meta name=\"twitter:card\" content=\"summary_large_image\" \/>\n<meta name=\"twitter:label1\" content=\"\u00c9crit par\" \/>\n\t<meta name=\"twitter:data1\" content=\"La Sentinelle\" \/>\n\t<meta name=\"twitter:label2\" content=\"Dur\u00e9e de lecture estim\u00e9e\" \/>\n\t<meta name=\"twitter:data2\" content=\"2 minutes\" \/>\n<script type=\"application\/ld+json\" class=\"yoast-schema-graph\">{\"@context\":\"https:\\\/\\\/schema.org\",\"@graph\":[{\"@type\":\"Article\",\"@id\":\"https:\\\/\\\/lasentinelle.dz\\\/index.php\\\/2022\\\/05\\\/29\\\/equipe-nationale-belmadi-entame-sa-revolution\\\/#article\",\"isPartOf\":{\"@id\":\"https:\\\/\\\/lasentinelle.dz\\\/index.php\\\/2022\\\/05\\\/29\\\/equipe-nationale-belmadi-entame-sa-revolution\\\/\"},\"author\":{\"name\":\"La Sentinelle\",\"@id\":\"https:\\\/\\\/lasentinelle.dz\\\/#\\\/schema\\\/person\\\/d865044e22e70a75174ce8bcad3acfb3\"},\"headline\":\"\u00c9quipe nationale\u00a0:\u00a0Belmadi entame sa r\u00e9volution \u00a0\",\"datePublished\":\"2022-05-28T23:05:00+00:00\",\"mainEntityOfPage\":{\"@id\":\"https:\\\/\\\/lasentinelle.dz\\\/index.php\\\/2022\\\/05\\\/29\\\/equipe-nationale-belmadi-entame-sa-revolution\\\/\"},\"wordCount\":385,\"commentCount\":0,\"publisher\":{\"@id\":\"https:\\\/\\\/lasentinelle.dz\\\/#organization\"},\"image\":{\"@id\":\"https:\\\/\\\/lasentinelle.dz\\\/index.php\\\/2022\\\/05\\\/29\\\/equipe-nationale-belmadi-entame-sa-revolution\\\/#primaryimage\"},\"thumbnailUrl\":\"https:\\\/\\\/lasentinelle.dz\\\/wp-content\\\/uploads\\\/2022\\\/05\\\/EN.png\",\"articleSection\":[\"\u00c0 la Une\",\"Sports\"],\"inLanguage\":\"fr-FR\",\"potentialAction\":[{\"@type\":\"CommentAction\",\"name\":\"Comment\",\"target\":[\"https:\\\/\\\/lasentinelle.dz\\\/index.php\\\/2022\\\/05\\\/29\\\/equipe-nationale-belmadi-entame-sa-revolution\\\/#respond\"]}]},{\"@type\":\"WebPage\",\"@id\":\"https:\\\/\\\/lasentinelle.dz\\\/index.php\\\/2022\\\/05\\\/29\\\/equipe-nationale-belmadi-entame-sa-revolution\\\/\",\"url\":\"https:\\\/\\\/lasentinelle.dz\\\/index.php\\\/2022\\\/05\\\/29\\\/equipe-nationale-belmadi-entame-sa-revolution\\\/\",\"name\":\"\u00c9quipe nationale\u00a0:\u00a0Belmadi entame sa r\u00e9volution \u00a0 - La Sentinelle\",\"isPartOf\":{\"@id\":\"https:\\\/\\\/lasentinelle.dz\\\/#website\"},\"primaryImageOfPage\":{\"@id\":\"https:\\\/\\\/lasentinelle.dz\\\/index.php\\\/2022\\\/05\\\/29\\\/equipe-nationale-belmadi-entame-sa-revolution\\\/#primaryimage\"},\"image\":{\"@id\":\"https:\\\/\\\/lasentinelle.dz\\\/index.php\\\/2022\\\/05\\\/29\\\/equipe-nationale-belmadi-entame-sa-revolution\\\/#primaryimage\"},\"thumbnailUrl\":\"https:\\\/\\\/lasentinelle.dz\\\/wp-content\\\/uploads\\\/2022\\\/05\\\/EN.png\",\"datePublished\":\"2022-05-28T23:05:00+00:00\",\"breadcrumb\":{\"@id\":\"https:\\\/\\\/lasentinelle.dz\\\/index.php\\\/2022\\\/05\\\/29\\\/equipe-nationale-belmadi-entame-sa-revolution\\\/#breadcrumb\"},\"inLanguage\":\"fr-FR\",\"potentialAction\":[{\"@type\":\"ReadAction\",\"target\":[\"https:\\\/\\\/lasentinelle.dz\\\/index.php\\\/2022\\\/05\\\/29\\\/equipe-nationale-belmadi-entame-sa-revolution\\\/\"]}]},{\"@type\":\"ImageObject\",\"inLanguage\":\"fr-FR\",\"@id\":\"https:\\\/\\\/lasentinelle.dz\\\/index.php\\\/2022\\\/05\\\/29\\\/equipe-nationale-belmadi-entame-sa-revolution\\\/#primaryimage\",\"url\":\"https:\\\/\\\/lasentinelle.dz\\\/wp-content\\\/uploads\\\/2022\\\/05\\\/EN.png\",\"contentUrl\":\"https:\\\/\\\/lasentinelle.dz\\\/wp-content\\\/uploads\\\/2022\\\/05\\\/EN.png\",\"width\":1433,\"height\":900},{\"@type\":\"BreadcrumbList\",\"@id\":\"https:\\\/\\\/lasentinelle.dz\\\/index.php\\\/2022\\\/05\\\/29\\\/equipe-nationale-belmadi-entame-sa-revolution\\\/#breadcrumb\",\"itemListElement\":[{\"@type\":\"ListItem\",\"position\":1,\"name\":\"Accueil\",\"item\":\"https:\\\/\\\/lasentinelle.dz\\\/\"},{\"@type\":\"ListItem\",\"position\":2,\"name\":\"\u00c9quipe nationale\u00a0:\u00a0Belmadi entame sa r\u00e9volution \u00a0\"}]},{\"@type\":\"WebSite\",\"@id\":\"https:\\\/\\\/lasentinelle.dz\\\/#website\",\"url\":\"https:\\\/\\\/lasentinelle.dz\\\/\",\"name\":\"La Sentinelle\",\"description\":\"Quotidien national d&#039;information\",\"publisher\":{\"@id\":\"https:\\\/\\\/lasentinelle.dz\\\/#organization\"},\"potentialAction\":[{\"@type\":\"SearchAction\",\"target\":{\"@type\":\"EntryPoint\",\"urlTemplate\":\"https:\\\/\\\/lasentinelle.dz\\\/?s={search_term_string}\"},\"query-input\":{\"@type\":\"PropertyValueSpecification\",\"valueRequired\":true,\"valueName\":\"search_term_string\"}}],\"inLanguage\":\"fr-FR\"},{\"@type\":\"Organization\",\"@id\":\"https:\\\/\\\/lasentinelle.dz\\\/#organization\",\"name\":\"Quotidien La Sentinelle\",\"url\":\"https:\\\/\\\/lasentinelle.dz\\\/\",\"logo\":{\"@type\":\"ImageObject\",\"inLanguage\":\"fr-FR\",\"@id\":\"https:\\\/\\\/lasentinelle.dz\\\/#\\\/schema\\\/logo\\\/image\\\/\",\"url\":\"https:\\\/\\\/lasentinelle.dz\\\/wp-content\\\/uploads\\\/2021\\\/09\\\/logo-sentinelleSLOGAN-1.png\",\"contentUrl\":\"https:\\\/\\\/lasentinelle.dz\\\/wp-content\\\/uploads\\\/2021\\\/09\\\/logo-sentinelleSLOGAN-1.png\",\"width\":615,\"height\":142,\"caption\":\"Quotidien La Sentinelle\"},\"image\":{\"@id\":\"https:\\\/\\\/lasentinelle.dz\\\/#\\\/schema\\\/logo\\\/image\\\/\"},\"sameAs\":[\"https:\\\/\\\/www.facebook.com\\\/La-Sentinelle-104059864394773\"]},{\"@type\":\"Person\",\"@id\":\"https:\\\/\\\/lasentinelle.dz\\\/#\\\/schema\\\/person\\\/d865044e22e70a75174ce8bcad3acfb3\",\"name\":\"La Sentinelle\",\"image\":{\"@type\":\"ImageObject\",\"inLanguage\":\"fr-FR\",\"@id\":\"https:\\\/\\\/secure.gravatar.com\\\/avatar\\\/57de8e5d4b15d43fb361a71fbb36338450fe67865b528a43dd10ef7c51a20392?s=96&d=mm&r=g\",\"url\":\"https:\\\/\\\/secure.gravatar.com\\\/avatar\\\/57de8e5d4b15d43fb361a71fbb36338450fe67865b528a43dd10ef7c51a20392?s=96&d=mm&r=g\",\"contentUrl\":\"https:\\\/\\\/secure.gravatar.com\\\/avatar\\\/57de8e5d4b15d43fb361a71fbb36338450fe67865b528a43dd10ef7c51a20392?s=96&d=mm&r=g\",\"caption\":\"La Sentinelle\"},\"sameAs\":[\"http:\\\/\\\/www.lasentinelle.dz\"],\"url\":\"https:\\\/\\\/lasentinelle.dz\\\/author\\\/redaction\\\/\"}]}<\/script>\n<!-- \/ Yoast SEO plugin. -->","yoast_head_json":{"title":"\u00c9quipe nationale\u00a0:\u00a0Belmadi entame sa r\u00e9volution \u00a0 - La Sentinelle","robots":{"index":"index","follow":"follow","max-snippet":"max-snippet:-1","max-image-preview":"max-image-preview:large","max-video-preview":"max-video-preview:-1"},"canonical":"https:\/\/lasentinelle.dz\/index.php\/2022\/05\/29\/equipe-nationale-belmadi-entame-sa-revolution\/","og_locale":"fr_FR","og_type":"article","og_title":"\u00c9quipe nationale\u00a0:\u00a0Belmadi entame sa r\u00e9volution \u00a0 - La Sentinelle","og_description":"Apr\u00e8s une p\u00e9riode d\u2019attente, qui n\u2019a que trop dur\u00e9, le s\u00e9lectionneur national, Djamel Belmadi, a rendu publique, vendredi soir, la","og_url":"https:\/\/lasentinelle.dz\/index.php\/2022\/05\/29\/equipe-nationale-belmadi-entame-sa-revolution\/","og_site_name":"La Sentinelle","article_publisher":"https:\/\/www.facebook.com\/La-Sentinelle-104059864394773","article_published_time":"2022-05-28T23:05:00+00:00","og_image":[{"width":1433,"height":900,"url":"https:\/\/lasentinelle.dz\/wp-content\/uploads\/2022\/05\/EN.png","type":"image\/png"}],"author":"La Sentinelle","twitter_card":"summary_large_image","twitter_misc":{"\u00c9crit par":"La Sentinelle","Dur\u00e9e de lecture estim\u00e9e":"2 minutes"},"schema":{"@context":"https:\/\/schema.org","@graph":[{"@type":"Article","@id":"https:\/\/lasentinelle.dz\/index.php\/2022\/05\/29\/equipe-nationale-belmadi-entame-sa-revolution\/#article","isPartOf":{"@id":"https:\/\/lasentinelle.dz\/index.php\/2022\/05\/29\/equipe-nationale-belmadi-entame-sa-revolution\/"},"author":{"name":"La Sentinelle","@id":"https:\/\/lasentinelle.dz\/#\/schema\/person\/d865044e22e70a75174ce8bcad3acfb3"},"headline":"\u00c9quipe nationale\u00a0:\u00a0Belmadi entame sa r\u00e9volution \u00a0","datePublished":"2022-05-28T23:05:00+00:00","mainEntityOfPage":{"@id":"https:\/\/lasentinelle.dz\/index.php\/2022\/05\/29\/equipe-nationale-belmadi-entame-sa-revolution\/"},"wordCount":385,"commentCount":0,"publisher":{"@id":"https:\/\/lasentinelle.dz\/#organization"},"image":{"@id":"https:\/\/lasentinelle.dz\/index.php\/2022\/05\/29\/equipe-nationale-belmadi-entame-sa-revolution\/#primaryimage"},"thumbnailUrl":"https:\/\/lasentinelle.dz\/wp-content\/uploads\/2022\/05\/EN.png","articleSection":["\u00c0 la Une","Sports"],"inLanguage":"fr-FR","potentialAction":[{"@type":"CommentAction","name":"Comment","target":["https:\/\/lasentinelle.dz\/index.php\/2022\/05\/29\/equipe-nationale-belmadi-entame-sa-revolution\/#respond"]}]},{"@type":"WebPage","@id":"https:\/\/lasentinelle.dz\/index.php\/2022\/05\/29\/equipe-nationale-belmadi-entame-sa-revolution\/","url":"https:\/\/lasentinelle.dz\/index.php\/2022\/05\/29\/equipe-nationale-belmadi-entame-sa-revolution\/","name":"\u00c9quipe nationale\u00a0:\u00a0Belmadi entame sa r\u00e9volution \u00a0 - La Sentinelle","isPartOf":{"@id":"https:\/\/lasentinelle.dz\/#website"},"primaryImageOfPage":{"@id":"https:\/\/lasentinelle.dz\/index.php\/2022\/05\/29\/equipe-nationale-belmadi-entame-sa-revolution\/#primaryimage"},"image":{"@id":"https:\/\/lasentinelle.dz\/index.php\/2022\/05\/29\/equipe-nationale-belmadi-entame-sa-revolution\/#primaryimage"},"thumbnailUrl":"https:\/\/lasentinelle.dz\/wp-content\/uploads\/2022\/05\/EN.png","datePublished":"2022-05-28T23:05:00+00:00","breadcrumb":{"@id":"https:\/\/lasentinelle.dz\/index.php\/2022\/05\/29\/equipe-nationale-belmadi-entame-sa-revolution\/#breadcrumb"},"inLanguage":"fr-FR","potentialAction":[{"@type":"ReadAction","target":["https:\/\/lasentinelle.dz\/index.php\/2022\/05\/29\/equipe-nationale-belmadi-entame-sa-revolution\/"]}]},{"@type":"ImageObject","inLanguage":"fr-FR","@id":"https:\/\/lasentinelle.dz\/index.php\/2022\/05\/29\/equipe-nationale-belmadi-entame-sa-revolution\/#primaryimage","url":"https:\/\/lasentinelle.dz\/wp-content\/uploads\/2022\/05\/EN.png","contentUrl":"https:\/\/lasentinelle.dz\/wp-content\/uploads\/2022\/05\/EN.png","width":1433,"height":900},{"@type":"BreadcrumbList","@id":"https:\/\/lasentinelle.dz\/index.php\/2022\/05\/29\/equipe-nationale-belmadi-entame-sa-revolution\/#breadcrumb","itemListElement":[{"@type":"ListItem","position":1,"name":"Accueil","item":"https:\/\/lasentinelle.dz\/"},{"@type":"ListItem","position":2,"name":"\u00c9quipe nationale\u00a0:\u00a0Belmadi entame sa r\u00e9volution \u00a0"}]},{"@type":"WebSite","@id":"https:\/\/lasentinelle.dz\/#website","url":"https:\/\/lasentinelle.dz\/","name":"La Sentinelle","description":"Quotidien national d&#039;information","publisher":{"@id":"https:\/\/lasentinelle.dz\/#organization"},"potentialAction":[{"@type":"SearchAction","target":{"@type":"EntryPoint","urlTemplate":"https:\/\/lasentinelle.dz\/?s={search_term_string}"},"query-input":{"@type":"PropertyValueSpecification","valueRequired":true,"valueName":"search_term_string"}}],"inLanguage":"fr-FR"},{"@type":"Organization","@id":"https:\/\/lasentinelle.dz\/#organization","name":"Quotidien La Sentinelle","url":"https:\/\/lasentinelle.dz\/","logo":{"@type":"ImageObject","inLanguage":"fr-FR","@id":"https:\/\/lasentinelle.dz\/#\/schema\/logo\/image\/","url":"https:\/\/lasentinelle.dz\/wp-content\/uploads\/2021\/09\/logo-sentinelleSLOGAN-1.png","contentUrl":"https:\/\/lasentinelle.dz\/wp-content\/uploads\/2021\/09\/logo-sentinelleSLOGAN-1.png","width":615,"height":142,"caption":"Quotidien La Sentinelle"},"image":{"@id":"https:\/\/lasentinelle.dz\/#\/schema\/logo\/image\/"},"sameAs":["https:\/\/www.facebook.com\/La-Sentinelle-104059864394773"]},{"@type":"Person","@id":"https:\/\/lasentinelle.dz\/#\/schema\/person\/d865044e22e70a75174ce8bcad3acfb3","name":"La Sentinelle","image":{"@type":"ImageObject","inLanguage":"fr-FR","@id":"https:\/\/secure.gravatar.com\/avatar\/57de8e5d4b15d43fb361a71fbb36338450fe67865b528a43dd10ef7c51a20392?s=96&d=mm&r=g","url":"https:\/\/secure.gravatar.com\/avatar\/57de8e5d4b15d43fb361a71fbb36338450fe67865b528a43dd10ef7c51a20392?s=96&d=mm&r=g","contentUrl":"https:\/\/secure.gravatar.com\/avatar\/57de8e5d4b15d43fb361a71fbb36338450fe67865b528a43dd10ef7c51a20392?s=96&d=mm&r=g","caption":"La Sentinelle"},"sameAs":["http:\/\/www.lasentinelle.dz"],"url":"https:\/\/lasentinelle.dz\/author\/redaction\/"}]}},"_links":{"self":[{"href":"https:\/\/lasentinelle.dz\/index.php\/wp-json\/wp\/v2\/posts\/21656","targetHints":{"allow":["GET"]}}],"collection":[{"href":"https:\/\/lasentinelle.dz\/index.php\/wp-json\/wp\/v2\/posts"}],"about":[{"href":"https:\/\/lasentinelle.dz\/index.php\/wp-json\/wp\/v2\/types\/post"}],"author":[{"embeddable":true,"href":"https:\/\/lasentinelle.dz\/index.php\/wp-json\/wp\/v2\/users\/3"}],"replies":[{"embeddable":true,"href":"https:\/\/lasentinelle.dz\/index.php\/wp-json\/wp\/v2\/comments?post=21656"}],"version-history":[{"count":1,"href":"https:\/\/lasentinelle.dz\/index.php\/wp-json\/wp\/v2\/posts\/21656\/revisions"}],"predecessor-version":[{"id":21664,"href":"https:\/\/lasentinelle.dz\/index.php\/wp-json\/wp\/v2\/posts\/21656\/revisions\/21664"}],"wp:featuredmedia":[{"embeddable":true,"href":"https:\/\/lasentinelle.dz\/index.php\/wp-json\/wp\/v2\/media\/21663"}],"wp:attachment":[{"href":"https:\/\/lasentinelle.dz\/index.php\/wp-json\/wp\/v2\/media?parent=21656"}],"wp:term":[{"taxonomy":"category","embeddable":true,"href":"https:\/\/lasentinelle.dz\/index.php\/wp-json\/wp\/v2\/categories?post=21656"},{"taxonomy":"post_tag","embeddable":true,"href":"https:\/\/lasentinelle.dz\/index.php\/wp-json\/wp\/v2\/tags?post=21656"}],"curies":[{"name":"wp","href":"https:\/\/api.w.org\/{rel}","templated":true}]}}