{"id":21658,"date":"2022-05-29T00:01:00","date_gmt":"2022-05-28T23:01:00","guid":{"rendered":"https:\/\/lasentinelle.dz\/?p=21658"},"modified":"2022-05-28T16:40:35","modified_gmt":"2022-05-28T15:40:35","slug":"jijel-6-mois-de-prison-avec-sursis-pour-deux-employes-de-la-ccls","status":"publish","type":"post","link":"https:\/\/lasentinelle.dz\/index.php\/2022\/05\/29\/jijel-6-mois-de-prison-avec-sursis-pour-deux-employes-de-la-ccls\/","title":{"rendered":"Jijel\u00a0:\u00a06 mois de prison avec sursis pour deux\u00a0employ\u00e9s de la CCLS"},"content":{"rendered":"\n<p>Des employ\u00e9s&nbsp;de la coop\u00e9rative&nbsp;des&nbsp;c\u00e9r\u00e9ales et des&nbsp;l\u00e9gumes&nbsp;secs&nbsp;de&nbsp;&nbsp;Bazoul (&nbsp;wilaya de&nbsp;Jijel), ont \u00e9t\u00e9 condamn\u00e9s, par le tribunal correctionnel de Jijel, \u00e0 six mois de prison avec sursis, avons-nous appris de source judiciaire.&nbsp;<\/p>\n\n\n\n<p>Il s\u2019agit de deux fonctionnaires charg\u00e9s de la vente dans les communes de Tahir et Jijel et du chauffeur, a pr\u00e9cis\u00e9 la m\u00eame source. Selon la m\u00eame source, la m\u00eame instance de justice a acquitt\u00e9 deux autres employ\u00e9s, dont un originaire d\u2019une wilaya du&nbsp;Sud.&nbsp;&nbsp;Selon nos sources, l&rsquo;affaire impliquant les mis en causes, est li\u00e9e \u00e0 la fausse d\u00e9claration sur les informations li\u00e9es au processus de vente des c\u00e9r\u00e9ales et des l\u00e9gumes&nbsp;secs.&nbsp;Les marchandises&nbsp;sortaient&nbsp;&nbsp;du complexe afin d\u2019\u00eatre expos\u00e9es au niveau des deux points de vente \u00e0 Tahir et Jijel, a-t-on expliqu\u00e9. Or, nous dit-on, les ind\u00e9licats fonctionnaires s&rsquo;adonnaient \u00e0 la vente en gros des produits c\u00e9r\u00e9aliers,&nbsp;&nbsp;au profit de certains commer\u00e7ants, en empochant une marge b\u00e9n\u00e9ficiaire ill\u00e9gale, avant que les services de s\u00e9curit\u00e9 comp\u00e9tents ne prennent connaissance de cet acte malveillant. Dans un premier temps, les services de s\u00e9curit\u00e9 ont intercept\u00e9 un camion transportant une importante quantit\u00e9 de c\u00e9r\u00e9ales et de l\u00e9gumineuses sans facturation. Aussit\u00f4t une information judiciaire a \u00e9t\u00e9 ouverte par les services de s\u00e9curit\u00e9 de la circonscription de comp\u00e9tence, aboutissant \u00e0 la d\u00e9couverte du&nbsp;d\u00e9tournement de produits c\u00e9r\u00e9aliers subventionn\u00e9s par l\u2019\u00c9tat. Une fois l\u2019enqu\u00eate achev\u00e9e, le dossier de l\u2019affaire a \u00e9t\u00e9 remis aux instances de justice, avec la pr\u00e9sentation de plusieurs mis en causes. \u00c0&nbsp;&nbsp;l\u2019issue de l\u2019instruction, le magistrat charg\u00e9 de l\u2019affaire, avait, rappelons-le, ordonn\u00e9, le placement en d\u00e9tention provisoire de certains d&rsquo;entre les pr\u00e9venus, dont le conducteur et les deux fonctionnaires&nbsp;&nbsp;afin d\u2019\u00eatre jug\u00e9s pour les griefs cit\u00e9s&nbsp;ci-dessus.<\/p>\n\n\n\n<p><strong>Sofia Chahine<\/strong><\/p>\n","protected":false},"excerpt":{"rendered":"<p>Des employ\u00e9s&nbsp;de la coop\u00e9rative&nbsp;des&nbsp;c\u00e9r\u00e9ales et des&nbsp;l\u00e9gumes&nbsp;secs&nbsp;de&nbsp;&nbsp;Bazoul (&nbsp;wilaya de&nbsp;Jijel), ont \u00e9t\u00e9 condamn\u00e9s, par le tribunal correctionnel de Jijel, \u00e0 six mois<\/p>\n","protected":false},"author":3,"featured_media":21669,"comment_status":"open","ping_status":"closed","sticky":false,"template":"","format":"standard","meta":{"colormag_page_container_layout":"default_layout","colormag_page_sidebar_layout":"default_layout","om_disable_all_campaigns":false,"_monsterinsights_skip_tracking":false,"_monsterinsights_sitenote_active":false,"_monsterinsights_sitenote_note":"","_monsterinsights_sitenote_category":0,"footnotes":"","_wpscppro_dont_share_socialmedia":false,"_wpscppro_custom_social_share_image":0,"_facebook_share_type":"","_twitter_share_type":"","_linkedin_share_type":"","_pinterest_share_type":"","_linkedin_share_type_page":"","_instagram_share_type":"","_medium_share_type":"","_threads_share_type":"","_google_business_share_type":"","_selected_social_profile":[],"_wpsp_enable_custom_social_template":false,"_wpsp_social_scheduling":{"enabled":false,"datetime":null,"platforms":[],"status":"template_only","dateOption":"today","timeOption":"now","customDays":"","customHours":"","customDate":"","customTime":"","schedulingType":"absolute"},"_wpsp_active_default_template":true},"categories":[31],"tags":[],"class_list":["post-21658","post","type-post","status-publish","format-standard","has-post-thumbnail","hentry","category-regions"],"aioseo_notices":[],"yoast_head":"<!-- This site is optimized with the Yoast SEO plugin v27.5 - https:\/\/yoast.com\/product\/yoast-seo-wordpress\/ -->\n<title>Jijel\u00a0:\u00a06 mois de prison avec sursis pour deux\u00a0employ\u00e9s de la CCLS - La Sentinelle<\/title>\n<meta name=\"robots\" content=\"index, follow, max-snippet:-1, max-image-preview:large, max-video-preview:-1\" \/>\n<link rel=\"canonical\" href=\"https:\/\/lasentinelle.dz\/index.php\/2022\/05\/29\/jijel-6-mois-de-prison-avec-sursis-pour-deux-employes-de-la-ccls\/\" \/>\n<meta property=\"og:locale\" content=\"fr_FR\" \/>\n<meta property=\"og:type\" content=\"article\" \/>\n<meta property=\"og:title\" content=\"Jijel\u00a0:\u00a06 mois de prison avec sursis pour deux\u00a0employ\u00e9s de la CCLS - La Sentinelle\" \/>\n<meta property=\"og:description\" content=\"Des employ\u00e9s&nbsp;de la coop\u00e9rative&nbsp;des&nbsp;c\u00e9r\u00e9ales et des&nbsp;l\u00e9gumes&nbsp;secs&nbsp;de&nbsp;&nbsp;Bazoul (&nbsp;wilaya de&nbsp;Jijel), ont \u00e9t\u00e9 condamn\u00e9s, par le tribunal correctionnel de Jijel, \u00e0 six mois\" \/>\n<meta property=\"og:url\" content=\"https:\/\/lasentinelle.dz\/index.php\/2022\/05\/29\/jijel-6-mois-de-prison-avec-sursis-pour-deux-employes-de-la-ccls\/\" \/>\n<meta property=\"og:site_name\" content=\"La Sentinelle\" \/>\n<meta property=\"article:publisher\" content=\"https:\/\/www.facebook.com\/La-Sentinelle-104059864394773\" \/>\n<meta property=\"article:published_time\" content=\"2022-05-28T23:01:00+00:00\" \/>\n<meta property=\"og:image\" content=\"https:\/\/lasentinelle.dz\/wp-content\/uploads\/2022\/05\/d_f6573314900deb2f8164c80a955ceb41-copie-768x434-1.jpg\" \/>\n\t<meta property=\"og:image:width\" content=\"768\" \/>\n\t<meta property=\"og:image:height\" content=\"434\" \/>\n\t<meta property=\"og:image:type\" content=\"image\/jpeg\" \/>\n<meta name=\"author\" content=\"La Sentinelle\" \/>\n<meta name=\"twitter:card\" content=\"summary_large_image\" \/>\n<meta name=\"twitter:label1\" content=\"\u00c9crit par\" \/>\n\t<meta name=\"twitter:data1\" content=\"La Sentinelle\" \/>\n\t<meta name=\"twitter:label2\" content=\"Dur\u00e9e de lecture estim\u00e9e\" \/>\n\t<meta name=\"twitter:data2\" content=\"2 minutes\" \/>\n<script type=\"application\/ld+json\" class=\"yoast-schema-graph\">{\"@context\":\"https:\\\/\\\/schema.org\",\"@graph\":[{\"@type\":\"Article\",\"@id\":\"https:\\\/\\\/lasentinelle.dz\\\/index.php\\\/2022\\\/05\\\/29\\\/jijel-6-mois-de-prison-avec-sursis-pour-deux-employes-de-la-ccls\\\/#article\",\"isPartOf\":{\"@id\":\"https:\\\/\\\/lasentinelle.dz\\\/index.php\\\/2022\\\/05\\\/29\\\/jijel-6-mois-de-prison-avec-sursis-pour-deux-employes-de-la-ccls\\\/\"},\"author\":{\"name\":\"La Sentinelle\",\"@id\":\"https:\\\/\\\/lasentinelle.dz\\\/#\\\/schema\\\/person\\\/d865044e22e70a75174ce8bcad3acfb3\"},\"headline\":\"Jijel\u00a0:\u00a06 mois de prison avec sursis pour deux\u00a0employ\u00e9s de la CCLS\",\"datePublished\":\"2022-05-28T23:01:00+00:00\",\"mainEntityOfPage\":{\"@id\":\"https:\\\/\\\/lasentinelle.dz\\\/index.php\\\/2022\\\/05\\\/29\\\/jijel-6-mois-de-prison-avec-sursis-pour-deux-employes-de-la-ccls\\\/\"},\"wordCount\":380,\"commentCount\":0,\"publisher\":{\"@id\":\"https:\\\/\\\/lasentinelle.dz\\\/#organization\"},\"image\":{\"@id\":\"https:\\\/\\\/lasentinelle.dz\\\/index.php\\\/2022\\\/05\\\/29\\\/jijel-6-mois-de-prison-avec-sursis-pour-deux-employes-de-la-ccls\\\/#primaryimage\"},\"thumbnailUrl\":\"https:\\\/\\\/lasentinelle.dz\\\/wp-content\\\/uploads\\\/2022\\\/05\\\/d_f6573314900deb2f8164c80a955ceb41-copie-768x434-1.jpg\",\"articleSection\":[\"R\u00e9gions\"],\"inLanguage\":\"fr-FR\",\"potentialAction\":[{\"@type\":\"CommentAction\",\"name\":\"Comment\",\"target\":[\"https:\\\/\\\/lasentinelle.dz\\\/index.php\\\/2022\\\/05\\\/29\\\/jijel-6-mois-de-prison-avec-sursis-pour-deux-employes-de-la-ccls\\\/#respond\"]}]},{\"@type\":\"WebPage\",\"@id\":\"https:\\\/\\\/lasentinelle.dz\\\/index.php\\\/2022\\\/05\\\/29\\\/jijel-6-mois-de-prison-avec-sursis-pour-deux-employes-de-la-ccls\\\/\",\"url\":\"https:\\\/\\\/lasentinelle.dz\\\/index.php\\\/2022\\\/05\\\/29\\\/jijel-6-mois-de-prison-avec-sursis-pour-deux-employes-de-la-ccls\\\/\",\"name\":\"Jijel\u00a0:\u00a06 mois de prison avec sursis pour deux\u00a0employ\u00e9s de la CCLS - La Sentinelle\",\"isPartOf\":{\"@id\":\"https:\\\/\\\/lasentinelle.dz\\\/#website\"},\"primaryImageOfPage\":{\"@id\":\"https:\\\/\\\/lasentinelle.dz\\\/index.php\\\/2022\\\/05\\\/29\\\/jijel-6-mois-de-prison-avec-sursis-pour-deux-employes-de-la-ccls\\\/#primaryimage\"},\"image\":{\"@id\":\"https:\\\/\\\/lasentinelle.dz\\\/index.php\\\/2022\\\/05\\\/29\\\/jijel-6-mois-de-prison-avec-sursis-pour-deux-employes-de-la-ccls\\\/#primaryimage\"},\"thumbnailUrl\":\"https:\\\/\\\/lasentinelle.dz\\\/wp-content\\\/uploads\\\/2022\\\/05\\\/d_f6573314900deb2f8164c80a955ceb41-copie-768x434-1.jpg\",\"datePublished\":\"2022-05-28T23:01:00+00:00\",\"breadcrumb\":{\"@id\":\"https:\\\/\\\/lasentinelle.dz\\\/index.php\\\/2022\\\/05\\\/29\\\/jijel-6-mois-de-prison-avec-sursis-pour-deux-employes-de-la-ccls\\\/#breadcrumb\"},\"inLanguage\":\"fr-FR\",\"potentialAction\":[{\"@type\":\"ReadAction\",\"target\":[\"https:\\\/\\\/lasentinelle.dz\\\/index.php\\\/2022\\\/05\\\/29\\\/jijel-6-mois-de-prison-avec-sursis-pour-deux-employes-de-la-ccls\\\/\"]}]},{\"@type\":\"ImageObject\",\"inLanguage\":\"fr-FR\",\"@id\":\"https:\\\/\\\/lasentinelle.dz\\\/index.php\\\/2022\\\/05\\\/29\\\/jijel-6-mois-de-prison-avec-sursis-pour-deux-employes-de-la-ccls\\\/#primaryimage\",\"url\":\"https:\\\/\\\/lasentinelle.dz\\\/wp-content\\\/uploads\\\/2022\\\/05\\\/d_f6573314900deb2f8164c80a955ceb41-copie-768x434-1.jpg\",\"contentUrl\":\"https:\\\/\\\/lasentinelle.dz\\\/wp-content\\\/uploads\\\/2022\\\/05\\\/d_f6573314900deb2f8164c80a955ceb41-copie-768x434-1.jpg\",\"width\":768,\"height\":434},{\"@type\":\"BreadcrumbList\",\"@id\":\"https:\\\/\\\/lasentinelle.dz\\\/index.php\\\/2022\\\/05\\\/29\\\/jijel-6-mois-de-prison-avec-sursis-pour-deux-employes-de-la-ccls\\\/#breadcrumb\",\"itemListElement\":[{\"@type\":\"ListItem\",\"position\":1,\"name\":\"Accueil\",\"item\":\"https:\\\/\\\/lasentinelle.dz\\\/\"},{\"@type\":\"ListItem\",\"position\":2,\"name\":\"Jijel\u00a0:\u00a06 mois de prison avec sursis pour deux\u00a0employ\u00e9s de la CCLS\"}]},{\"@type\":\"WebSite\",\"@id\":\"https:\\\/\\\/lasentinelle.dz\\\/#website\",\"url\":\"https:\\\/\\\/lasentinelle.dz\\\/\",\"name\":\"La Sentinelle\",\"description\":\"Quotidien national d&#039;information\",\"publisher\":{\"@id\":\"https:\\\/\\\/lasentinelle.dz\\\/#organization\"},\"potentialAction\":[{\"@type\":\"SearchAction\",\"target\":{\"@type\":\"EntryPoint\",\"urlTemplate\":\"https:\\\/\\\/lasentinelle.dz\\\/?s={search_term_string}\"},\"query-input\":{\"@type\":\"PropertyValueSpecification\",\"valueRequired\":true,\"valueName\":\"search_term_string\"}}],\"inLanguage\":\"fr-FR\"},{\"@type\":\"Organization\",\"@id\":\"https:\\\/\\\/lasentinelle.dz\\\/#organization\",\"name\":\"Quotidien La Sentinelle\",\"url\":\"https:\\\/\\\/lasentinelle.dz\\\/\",\"logo\":{\"@type\":\"ImageObject\",\"inLanguage\":\"fr-FR\",\"@id\":\"https:\\\/\\\/lasentinelle.dz\\\/#\\\/schema\\\/logo\\\/image\\\/\",\"url\":\"https:\\\/\\\/lasentinelle.dz\\\/wp-content\\\/uploads\\\/2021\\\/09\\\/logo-sentinelleSLOGAN-1.png\",\"contentUrl\":\"https:\\\/\\\/lasentinelle.dz\\\/wp-content\\\/uploads\\\/2021\\\/09\\\/logo-sentinelleSLOGAN-1.png\",\"width\":615,\"height\":142,\"caption\":\"Quotidien La Sentinelle\"},\"image\":{\"@id\":\"https:\\\/\\\/lasentinelle.dz\\\/#\\\/schema\\\/logo\\\/image\\\/\"},\"sameAs\":[\"https:\\\/\\\/www.facebook.com\\\/La-Sentinelle-104059864394773\"]},{\"@type\":\"Person\",\"@id\":\"https:\\\/\\\/lasentinelle.dz\\\/#\\\/schema\\\/person\\\/d865044e22e70a75174ce8bcad3acfb3\",\"name\":\"La Sentinelle\",\"image\":{\"@type\":\"ImageObject\",\"inLanguage\":\"fr-FR\",\"@id\":\"https:\\\/\\\/secure.gravatar.com\\\/avatar\\\/57de8e5d4b15d43fb361a71fbb36338450fe67865b528a43dd10ef7c51a20392?s=96&d=mm&r=g\",\"url\":\"https:\\\/\\\/secure.gravatar.com\\\/avatar\\\/57de8e5d4b15d43fb361a71fbb36338450fe67865b528a43dd10ef7c51a20392?s=96&d=mm&r=g\",\"contentUrl\":\"https:\\\/\\\/secure.gravatar.com\\\/avatar\\\/57de8e5d4b15d43fb361a71fbb36338450fe67865b528a43dd10ef7c51a20392?s=96&d=mm&r=g\",\"caption\":\"La Sentinelle\"},\"sameAs\":[\"http:\\\/\\\/www.lasentinelle.dz\"],\"url\":\"https:\\\/\\\/lasentinelle.dz\\\/author\\\/redaction\\\/\"}]}<\/script>\n<!-- \/ Yoast SEO plugin. -->","yoast_head_json":{"title":"Jijel\u00a0:\u00a06 mois de prison avec sursis pour deux\u00a0employ\u00e9s de la CCLS - La Sentinelle","robots":{"index":"index","follow":"follow","max-snippet":"max-snippet:-1","max-image-preview":"max-image-preview:large","max-video-preview":"max-video-preview:-1"},"canonical":"https:\/\/lasentinelle.dz\/index.php\/2022\/05\/29\/jijel-6-mois-de-prison-avec-sursis-pour-deux-employes-de-la-ccls\/","og_locale":"fr_FR","og_type":"article","og_title":"Jijel\u00a0:\u00a06 mois de prison avec sursis pour deux\u00a0employ\u00e9s de la CCLS - La Sentinelle","og_description":"Des employ\u00e9s&nbsp;de la coop\u00e9rative&nbsp;des&nbsp;c\u00e9r\u00e9ales et des&nbsp;l\u00e9gumes&nbsp;secs&nbsp;de&nbsp;&nbsp;Bazoul (&nbsp;wilaya de&nbsp;Jijel), ont \u00e9t\u00e9 condamn\u00e9s, par le tribunal correctionnel de Jijel, \u00e0 six mois","og_url":"https:\/\/lasentinelle.dz\/index.php\/2022\/05\/29\/jijel-6-mois-de-prison-avec-sursis-pour-deux-employes-de-la-ccls\/","og_site_name":"La Sentinelle","article_publisher":"https:\/\/www.facebook.com\/La-Sentinelle-104059864394773","article_published_time":"2022-05-28T23:01:00+00:00","og_image":[{"width":768,"height":434,"url":"https:\/\/lasentinelle.dz\/wp-content\/uploads\/2022\/05\/d_f6573314900deb2f8164c80a955ceb41-copie-768x434-1.jpg","type":"image\/jpeg"}],"author":"La Sentinelle","twitter_card":"summary_large_image","twitter_misc":{"\u00c9crit par":"La Sentinelle","Dur\u00e9e de lecture estim\u00e9e":"2 minutes"},"schema":{"@context":"https:\/\/schema.org","@graph":[{"@type":"Article","@id":"https:\/\/lasentinelle.dz\/index.php\/2022\/05\/29\/jijel-6-mois-de-prison-avec-sursis-pour-deux-employes-de-la-ccls\/#article","isPartOf":{"@id":"https:\/\/lasentinelle.dz\/index.php\/2022\/05\/29\/jijel-6-mois-de-prison-avec-sursis-pour-deux-employes-de-la-ccls\/"},"author":{"name":"La Sentinelle","@id":"https:\/\/lasentinelle.dz\/#\/schema\/person\/d865044e22e70a75174ce8bcad3acfb3"},"headline":"Jijel\u00a0:\u00a06 mois de prison avec sursis pour deux\u00a0employ\u00e9s de la CCLS","datePublished":"2022-05-28T23:01:00+00:00","mainEntityOfPage":{"@id":"https:\/\/lasentinelle.dz\/index.php\/2022\/05\/29\/jijel-6-mois-de-prison-avec-sursis-pour-deux-employes-de-la-ccls\/"},"wordCount":380,"commentCount":0,"publisher":{"@id":"https:\/\/lasentinelle.dz\/#organization"},"image":{"@id":"https:\/\/lasentinelle.dz\/index.php\/2022\/05\/29\/jijel-6-mois-de-prison-avec-sursis-pour-deux-employes-de-la-ccls\/#primaryimage"},"thumbnailUrl":"https:\/\/lasentinelle.dz\/wp-content\/uploads\/2022\/05\/d_f6573314900deb2f8164c80a955ceb41-copie-768x434-1.jpg","articleSection":["R\u00e9gions"],"inLanguage":"fr-FR","potentialAction":[{"@type":"CommentAction","name":"Comment","target":["https:\/\/lasentinelle.dz\/index.php\/2022\/05\/29\/jijel-6-mois-de-prison-avec-sursis-pour-deux-employes-de-la-ccls\/#respond"]}]},{"@type":"WebPage","@id":"https:\/\/lasentinelle.dz\/index.php\/2022\/05\/29\/jijel-6-mois-de-prison-avec-sursis-pour-deux-employes-de-la-ccls\/","url":"https:\/\/lasentinelle.dz\/index.php\/2022\/05\/29\/jijel-6-mois-de-prison-avec-sursis-pour-deux-employes-de-la-ccls\/","name":"Jijel\u00a0:\u00a06 mois de prison avec sursis pour deux\u00a0employ\u00e9s de la CCLS - La Sentinelle","isPartOf":{"@id":"https:\/\/lasentinelle.dz\/#website"},"primaryImageOfPage":{"@id":"https:\/\/lasentinelle.dz\/index.php\/2022\/05\/29\/jijel-6-mois-de-prison-avec-sursis-pour-deux-employes-de-la-ccls\/#primaryimage"},"image":{"@id":"https:\/\/lasentinelle.dz\/index.php\/2022\/05\/29\/jijel-6-mois-de-prison-avec-sursis-pour-deux-employes-de-la-ccls\/#primaryimage"},"thumbnailUrl":"https:\/\/lasentinelle.dz\/wp-content\/uploads\/2022\/05\/d_f6573314900deb2f8164c80a955ceb41-copie-768x434-1.jpg","datePublished":"2022-05-28T23:01:00+00:00","breadcrumb":{"@id":"https:\/\/lasentinelle.dz\/index.php\/2022\/05\/29\/jijel-6-mois-de-prison-avec-sursis-pour-deux-employes-de-la-ccls\/#breadcrumb"},"inLanguage":"fr-FR","potentialAction":[{"@type":"ReadAction","target":["https:\/\/lasentinelle.dz\/index.php\/2022\/05\/29\/jijel-6-mois-de-prison-avec-sursis-pour-deux-employes-de-la-ccls\/"]}]},{"@type":"ImageObject","inLanguage":"fr-FR","@id":"https:\/\/lasentinelle.dz\/index.php\/2022\/05\/29\/jijel-6-mois-de-prison-avec-sursis-pour-deux-employes-de-la-ccls\/#primaryimage","url":"https:\/\/lasentinelle.dz\/wp-content\/uploads\/2022\/05\/d_f6573314900deb2f8164c80a955ceb41-copie-768x434-1.jpg","contentUrl":"https:\/\/lasentinelle.dz\/wp-content\/uploads\/2022\/05\/d_f6573314900deb2f8164c80a955ceb41-copie-768x434-1.jpg","width":768,"height":434},{"@type":"BreadcrumbList","@id":"https:\/\/lasentinelle.dz\/index.php\/2022\/05\/29\/jijel-6-mois-de-prison-avec-sursis-pour-deux-employes-de-la-ccls\/#breadcrumb","itemListElement":[{"@type":"ListItem","position":1,"name":"Accueil","item":"https:\/\/lasentinelle.dz\/"},{"@type":"ListItem","position":2,"name":"Jijel\u00a0:\u00a06 mois de prison avec sursis pour deux\u00a0employ\u00e9s de la CCLS"}]},{"@type":"WebSite","@id":"https:\/\/lasentinelle.dz\/#website","url":"https:\/\/lasentinelle.dz\/","name":"La Sentinelle","description":"Quotidien national d&#039;information","publisher":{"@id":"https:\/\/lasentinelle.dz\/#organization"},"potentialAction":[{"@type":"SearchAction","target":{"@type":"EntryPoint","urlTemplate":"https:\/\/lasentinelle.dz\/?s={search_term_string}"},"query-input":{"@type":"PropertyValueSpecification","valueRequired":true,"valueName":"search_term_string"}}],"inLanguage":"fr-FR"},{"@type":"Organization","@id":"https:\/\/lasentinelle.dz\/#organization","name":"Quotidien La Sentinelle","url":"https:\/\/lasentinelle.dz\/","logo":{"@type":"ImageObject","inLanguage":"fr-FR","@id":"https:\/\/lasentinelle.dz\/#\/schema\/logo\/image\/","url":"https:\/\/lasentinelle.dz\/wp-content\/uploads\/2021\/09\/logo-sentinelleSLOGAN-1.png","contentUrl":"https:\/\/lasentinelle.dz\/wp-content\/uploads\/2021\/09\/logo-sentinelleSLOGAN-1.png","width":615,"height":142,"caption":"Quotidien La Sentinelle"},"image":{"@id":"https:\/\/lasentinelle.dz\/#\/schema\/logo\/image\/"},"sameAs":["https:\/\/www.facebook.com\/La-Sentinelle-104059864394773"]},{"@type":"Person","@id":"https:\/\/lasentinelle.dz\/#\/schema\/person\/d865044e22e70a75174ce8bcad3acfb3","name":"La Sentinelle","image":{"@type":"ImageObject","inLanguage":"fr-FR","@id":"https:\/\/secure.gravatar.com\/avatar\/57de8e5d4b15d43fb361a71fbb36338450fe67865b528a43dd10ef7c51a20392?s=96&d=mm&r=g","url":"https:\/\/secure.gravatar.com\/avatar\/57de8e5d4b15d43fb361a71fbb36338450fe67865b528a43dd10ef7c51a20392?s=96&d=mm&r=g","contentUrl":"https:\/\/secure.gravatar.com\/avatar\/57de8e5d4b15d43fb361a71fbb36338450fe67865b528a43dd10ef7c51a20392?s=96&d=mm&r=g","caption":"La Sentinelle"},"sameAs":["http:\/\/www.lasentinelle.dz"],"url":"https:\/\/lasentinelle.dz\/author\/redaction\/"}]}},"_links":{"self":[{"href":"https:\/\/lasentinelle.dz\/index.php\/wp-json\/wp\/v2\/posts\/21658","targetHints":{"allow":["GET"]}}],"collection":[{"href":"https:\/\/lasentinelle.dz\/index.php\/wp-json\/wp\/v2\/posts"}],"about":[{"href":"https:\/\/lasentinelle.dz\/index.php\/wp-json\/wp\/v2\/types\/post"}],"author":[{"embeddable":true,"href":"https:\/\/lasentinelle.dz\/index.php\/wp-json\/wp\/v2\/users\/3"}],"replies":[{"embeddable":true,"href":"https:\/\/lasentinelle.dz\/index.php\/wp-json\/wp\/v2\/comments?post=21658"}],"version-history":[{"count":1,"href":"https:\/\/lasentinelle.dz\/index.php\/wp-json\/wp\/v2\/posts\/21658\/revisions"}],"predecessor-version":[{"id":21670,"href":"https:\/\/lasentinelle.dz\/index.php\/wp-json\/wp\/v2\/posts\/21658\/revisions\/21670"}],"wp:featuredmedia":[{"embeddable":true,"href":"https:\/\/lasentinelle.dz\/index.php\/wp-json\/wp\/v2\/media\/21669"}],"wp:attachment":[{"href":"https:\/\/lasentinelle.dz\/index.php\/wp-json\/wp\/v2\/media?parent=21658"}],"wp:term":[{"taxonomy":"category","embeddable":true,"href":"https:\/\/lasentinelle.dz\/index.php\/wp-json\/wp\/v2\/categories?post=21658"},{"taxonomy":"post_tag","embeddable":true,"href":"https:\/\/lasentinelle.dz\/index.php\/wp-json\/wp\/v2\/tags?post=21658"}],"curies":[{"name":"wp","href":"https:\/\/api.w.org\/{rel}","templated":true}]}}