{"id":2167,"date":"2021-07-25T00:01:00","date_gmt":"2021-07-24T23:01:00","guid":{"rendered":"https:\/\/lasentinelle.dz\/?p=2167"},"modified":"2021-07-24T18:57:19","modified_gmt":"2021-07-24T17:57:19","slug":"vaccination-contre-le-covid-19-la-campagne-sintensifie","status":"publish","type":"post","link":"https:\/\/lasentinelle.dz\/index.php\/2021\/07\/25\/vaccination-contre-le-covid-19-la-campagne-sintensifie\/","title":{"rendered":"Vaccination contre le covid-19 : La campagne s\u2019intensifie"},"content":{"rendered":"\n<p>Dans l\u2019objectif de g\u00e9n\u00e9raliserla vaccination contre le covid-19 et assurer l\u2019immunit\u00e9 collective, le minist\u00e8re de la Sant\u00e9, de la Population et de la R\u00e9forme hospitali\u00e8re a donn\u00e9 des instructions pour multiplier les points de vaccinations y compris dans les quartiers.<\/p>\n\n\n\n<p>C\u2019est dans ce sens que les autorit\u00e9s locales, au niveau de plusieurs wilaya, ont pris des mesures pour acc\u00e9l\u00e9rer la campagne de vaccination.&nbsp; \u00c0 titre d\u2019exemple dans la wilaya de S\u00e9tif, plusieurs nouveaux points de vaccination, y compris dans les lieux de culte, comme la mosqu\u00e9e Omar Ben Khatab, ont \u00e9t\u00e9 ouverts durant ces derni\u00e8res vingt quatre heures. Et la campagne susciteun&nbsp; grand engouement.<\/p>\n\n\n\n<p>Ces points de vaccinationsont situ\u00e9s au niveau de l\u2019\u00e9cole primaire Maiza, sise au quartier Yahaoui au lieu dit Tanger, dans les salles des f\u00eates situ\u00e9es au niveau du parc des loisirs, \u00e0 la maison de jeunes \u00e0 la cit\u00e9 Bel Air, au complexe sportif du 8-Mai 1945 sis au quartier \u00ab El Djenan \u00bb, \u00e0 l\u2019\u00e9cole des sports olympiques au quartier El Baz ainsi que sur la place publique attenante \u00e0 la mosqu\u00e9e Omar Ben El Khettab et \u00e0 la cit\u00e9 des 1.000logements ou trois chapiteaux d\u00e9di\u00e9s \u00e0 la vaccination ont \u00e9t\u00e9 install\u00e9s.<\/p>\n\n\n\n<p>Au niveau de la wilaya d\u2019Alger, le minist\u00e8re de la Sant\u00e9, de la Population et de la R\u00e9forme hospitali\u00e8re a lanc\u00e9 hier une vaste campagne pilote de vaccination \u00e0 travers les quartiers populaires de la Capitale sous le slogan \u00ab la vaccination, une protection pour tous \u00bb.Cette op\u00e9ration initi\u00e9e par la Direction de la sant\u00e9 de la wilaya d\u2019Alger appuy\u00e9e par les personnels soignants, des cadres et des agents de la Protection civile, est pr\u00e9sent\u00e9e comme une op\u00e9ration pilote, \u00e0 destination des quartiers populaires, en attendant qu\u2019elle soit g\u00e9n\u00e9ralis\u00e9e \u00e0 d\u2019autres wilayas du pays, tenaient \u00e0 pr\u00e9ciser les organisateurs de cette initiative.<\/p>\n\n\n\n<p>\u00c0 cette occasion, le Directeur de la sant\u00e9 de la wilaya d\u2019Alger a affirm\u00e9 que le but recherch\u00e9 \u00e0 travers une telle initiative c\u2019est celui de \u00ab se rapprocher davantage du citoyen, en d\u00e9pit de l\u2019existence de structures sanitaires de proximit\u00e9 \u00bb, estimant que \u00ab la pr\u00e9sence des \u00e9quipes m\u00e9dicales et des ambulances de la Protection civile au niveau des esplanades de la cit\u00e9, est \u00e0 m\u00eame de susciter la curiosit\u00e9 des citoyens et de les inciter \u00e0 se faire vacciner et ce pour endiguer la propagation du virus \u00bb, tout en se montrant rassurant quant \u00e0 la disponibilit\u00e9 des vaccins en grandes quantit\u00e9s.<\/p>\n\n\n\n<p>Au niveau du quartier d\u2019Alger-Centre, une affluence des citoyens, touts \u00e2ges confondus, est perceptible avant m\u00eame le lancement de cette op\u00e9ration.Cette op\u00e9ration pilote, concerne selon les responsables du secteur sanitaire de la Capitale, trois quartiers \u00e0 savoir, la cit\u00e9 Mahiedine, la cit\u00e9 Ben Telha et la cit\u00e9 AADL de Reghaia, laquelle op\u00e9ration se poursuivra aujourd\u2019hui \u00e0 travers les grandes cit\u00e9s comme Sidi Abdellah, Sorecal \u00e0 Bab Ezzouar et Dergana.<\/p>\n\n\n\n<p>Quant au niveau de la wilaya de B\u00e9ja\u00efa, apr\u00e8s l\u2019ouverture en janvier pass\u00e9 du centre de r\u00e9f\u00e9rence sis \u00e0 la cit\u00e9 Sidi Ali Labhar, les responsables du secteur sanitaire avaient commenc\u00e9 il ya de cela un peu plus d\u2019un mois, \u00e0 installer un chapiteau au niveau de l\u2019esplanade de la Maison de la culture.Seulement, en constatant une grande affluence, que connait depuis quelques semaines la campagne vaccinale, les responsables locaux de ce secteuront vite proc\u00e9der \u00e0 l\u2019ouverture d\u2019autres points comme au niveau de la gare maritime, au niveau de l\u2019EPSP sis au quartier populaire d\u2019Oued Aceh\u00e2alal et au niveau de l\u2019\u00e9cole primaire Ibn Rochd en attendant l\u2019autorisation de l\u2019ouverture d\u2019un autre point situ\u00e9 au niveau du th\u00e9\u00e2tre r\u00e9gionale de B\u00e9ja\u00efa.En plus des ces points de vaccinations, des brigades mobiles, sillonnent, comme nous l\u2019ont indiqu\u00e9 des responsables charg\u00e9s de cette campagne, des quartiers situ\u00e9s \u00e0 la p\u00e9riph\u00e9rie de la ville comme Targa Ouzemmour, Tizi et la zone rurale sis au niveau du grand douar de Mezaia.Depuis la matin\u00e9e d\u2019hier, d\u2019autres points ont \u00e9t\u00e9 install\u00e9s au niveau de la r\u00e9gion de la vall\u00e9e de la Soummam, comme dans l\u2019Akfadou, Ait Maouche, Seddouk en plus de&nbsp; quelques localit\u00e9s relevant de la commune d\u2019Akbou et de celle de Tazmalt, afin de permettre aux citoyens habitant les villages de se faire vacciner.Les villes situ\u00e9es \u00e9galement \u00e0 l\u2019est de la wilaya, comme Souk El Tenine, Aokas, Melbou ou Kherata, ont-elles aussi vu l\u2019installation de points destin\u00e9s \u00e0 la vaccination en plus de ceux d\u00e9j\u00e0 existant au niveau des structures sanitaires.<\/p>\n\n\n\n<p><strong>Boubekeur Amrani<\/strong><\/p>\n","protected":false},"excerpt":{"rendered":"<p>Dans l\u2019objectif de g\u00e9n\u00e9raliserla vaccination contre le covid-19 et assurer l\u2019immunit\u00e9 collective, le minist\u00e8re de la Sant\u00e9, de la Population<\/p>\n","protected":false},"author":3,"featured_media":2169,"comment_status":"open","ping_status":"closed","sticky":false,"template":"","format":"standard","meta":{"colormag_page_container_layout":"default_layout","colormag_page_sidebar_layout":"default_layout","om_disable_all_campaigns":false,"_monsterinsights_skip_tracking":false,"_monsterinsights_sitenote_active":false,"_monsterinsights_sitenote_note":"","_monsterinsights_sitenote_category":0,"footnotes":"","_wpscppro_dont_share_socialmedia":false,"_wpscppro_custom_social_share_image":0,"_facebook_share_type":"","_twitter_share_type":"","_linkedin_share_type":"","_pinterest_share_type":"","_linkedin_share_type_page":"","_instagram_share_type":"","_medium_share_type":"","_threads_share_type":"","_google_business_share_type":"","_selected_social_profile":[],"_wpsp_enable_custom_social_template":false,"_wpsp_social_scheduling":{"enabled":false,"datetime":null,"platforms":[],"status":"template_only","dateOption":"today","timeOption":"now","customDays":"","customHours":"","customDate":"","customTime":"","schedulingType":"absolute"},"_wpsp_active_default_template":true},"categories":[27],"tags":[],"class_list":["post-2167","post","type-post","status-publish","format-standard","has-post-thumbnail","hentry","category-actualite"],"aioseo_notices":[],"yoast_head":"<!-- This site is optimized with the Yoast SEO plugin v27.5 - https:\/\/yoast.com\/product\/yoast-seo-wordpress\/ -->\n<title>Vaccination contre le covid-19 : La campagne s\u2019intensifie - La Sentinelle<\/title>\n<meta name=\"robots\" content=\"index, follow, max-snippet:-1, max-image-preview:large, max-video-preview:-1\" \/>\n<link rel=\"canonical\" href=\"https:\/\/lasentinelle.dz\/index.php\/2021\/07\/25\/vaccination-contre-le-covid-19-la-campagne-sintensifie\/\" \/>\n<meta property=\"og:locale\" content=\"fr_FR\" \/>\n<meta property=\"og:type\" content=\"article\" \/>\n<meta property=\"og:title\" content=\"Vaccination contre le covid-19 : La campagne s\u2019intensifie - La Sentinelle\" \/>\n<meta property=\"og:description\" content=\"Dans l\u2019objectif de g\u00e9n\u00e9raliserla vaccination contre le covid-19 et assurer l\u2019immunit\u00e9 collective, le minist\u00e8re de la Sant\u00e9, de la Population\" \/>\n<meta property=\"og:url\" content=\"https:\/\/lasentinelle.dz\/index.php\/2021\/07\/25\/vaccination-contre-le-covid-19-la-campagne-sintensifie\/\" \/>\n<meta property=\"og:site_name\" content=\"La Sentinelle\" \/>\n<meta property=\"article:publisher\" content=\"https:\/\/www.facebook.com\/La-Sentinelle-104059864394773\" \/>\n<meta property=\"article:published_time\" content=\"2021-07-24T23:01:00+00:00\" \/>\n<meta property=\"og:image\" content=\"https:\/\/lasentinelle.dz\/wp-content\/uploads\/2021\/07\/vaccination-2.png\" \/>\n\t<meta property=\"og:image:width\" content=\"1348\" \/>\n\t<meta property=\"og:image:height\" content=\"900\" \/>\n\t<meta property=\"og:image:type\" content=\"image\/png\" \/>\n<meta name=\"author\" content=\"La Sentinelle\" \/>\n<meta name=\"twitter:card\" content=\"summary_large_image\" \/>\n<meta name=\"twitter:label1\" content=\"\u00c9crit par\" \/>\n\t<meta name=\"twitter:data1\" content=\"La Sentinelle\" \/>\n\t<meta name=\"twitter:label2\" content=\"Dur\u00e9e de lecture estim\u00e9e\" \/>\n\t<meta name=\"twitter:data2\" content=\"4 minutes\" \/>\n<script type=\"application\/ld+json\" class=\"yoast-schema-graph\">{\"@context\":\"https:\\\/\\\/schema.org\",\"@graph\":[{\"@type\":\"Article\",\"@id\":\"https:\\\/\\\/lasentinelle.dz\\\/index.php\\\/2021\\\/07\\\/25\\\/vaccination-contre-le-covid-19-la-campagne-sintensifie\\\/#article\",\"isPartOf\":{\"@id\":\"https:\\\/\\\/lasentinelle.dz\\\/index.php\\\/2021\\\/07\\\/25\\\/vaccination-contre-le-covid-19-la-campagne-sintensifie\\\/\"},\"author\":{\"name\":\"La Sentinelle\",\"@id\":\"https:\\\/\\\/lasentinelle.dz\\\/#\\\/schema\\\/person\\\/d865044e22e70a75174ce8bcad3acfb3\"},\"headline\":\"Vaccination contre le covid-19 : La campagne s\u2019intensifie\",\"datePublished\":\"2021-07-24T23:01:00+00:00\",\"mainEntityOfPage\":{\"@id\":\"https:\\\/\\\/lasentinelle.dz\\\/index.php\\\/2021\\\/07\\\/25\\\/vaccination-contre-le-covid-19-la-campagne-sintensifie\\\/\"},\"wordCount\":808,\"commentCount\":0,\"publisher\":{\"@id\":\"https:\\\/\\\/lasentinelle.dz\\\/#organization\"},\"image\":{\"@id\":\"https:\\\/\\\/lasentinelle.dz\\\/index.php\\\/2021\\\/07\\\/25\\\/vaccination-contre-le-covid-19-la-campagne-sintensifie\\\/#primaryimage\"},\"thumbnailUrl\":\"https:\\\/\\\/lasentinelle.dz\\\/wp-content\\\/uploads\\\/2021\\\/07\\\/vaccination-2.png\",\"articleSection\":[\"Actualit\u00e9\"],\"inLanguage\":\"fr-FR\",\"potentialAction\":[{\"@type\":\"CommentAction\",\"name\":\"Comment\",\"target\":[\"https:\\\/\\\/lasentinelle.dz\\\/index.php\\\/2021\\\/07\\\/25\\\/vaccination-contre-le-covid-19-la-campagne-sintensifie\\\/#respond\"]}]},{\"@type\":\"WebPage\",\"@id\":\"https:\\\/\\\/lasentinelle.dz\\\/index.php\\\/2021\\\/07\\\/25\\\/vaccination-contre-le-covid-19-la-campagne-sintensifie\\\/\",\"url\":\"https:\\\/\\\/lasentinelle.dz\\\/index.php\\\/2021\\\/07\\\/25\\\/vaccination-contre-le-covid-19-la-campagne-sintensifie\\\/\",\"name\":\"Vaccination contre le covid-19 : La campagne s\u2019intensifie - La Sentinelle\",\"isPartOf\":{\"@id\":\"https:\\\/\\\/lasentinelle.dz\\\/#website\"},\"primaryImageOfPage\":{\"@id\":\"https:\\\/\\\/lasentinelle.dz\\\/index.php\\\/2021\\\/07\\\/25\\\/vaccination-contre-le-covid-19-la-campagne-sintensifie\\\/#primaryimage\"},\"image\":{\"@id\":\"https:\\\/\\\/lasentinelle.dz\\\/index.php\\\/2021\\\/07\\\/25\\\/vaccination-contre-le-covid-19-la-campagne-sintensifie\\\/#primaryimage\"},\"thumbnailUrl\":\"https:\\\/\\\/lasentinelle.dz\\\/wp-content\\\/uploads\\\/2021\\\/07\\\/vaccination-2.png\",\"datePublished\":\"2021-07-24T23:01:00+00:00\",\"breadcrumb\":{\"@id\":\"https:\\\/\\\/lasentinelle.dz\\\/index.php\\\/2021\\\/07\\\/25\\\/vaccination-contre-le-covid-19-la-campagne-sintensifie\\\/#breadcrumb\"},\"inLanguage\":\"fr-FR\",\"potentialAction\":[{\"@type\":\"ReadAction\",\"target\":[\"https:\\\/\\\/lasentinelle.dz\\\/index.php\\\/2021\\\/07\\\/25\\\/vaccination-contre-le-covid-19-la-campagne-sintensifie\\\/\"]}]},{\"@type\":\"ImageObject\",\"inLanguage\":\"fr-FR\",\"@id\":\"https:\\\/\\\/lasentinelle.dz\\\/index.php\\\/2021\\\/07\\\/25\\\/vaccination-contre-le-covid-19-la-campagne-sintensifie\\\/#primaryimage\",\"url\":\"https:\\\/\\\/lasentinelle.dz\\\/wp-content\\\/uploads\\\/2021\\\/07\\\/vaccination-2.png\",\"contentUrl\":\"https:\\\/\\\/lasentinelle.dz\\\/wp-content\\\/uploads\\\/2021\\\/07\\\/vaccination-2.png\",\"width\":1348,\"height\":900},{\"@type\":\"BreadcrumbList\",\"@id\":\"https:\\\/\\\/lasentinelle.dz\\\/index.php\\\/2021\\\/07\\\/25\\\/vaccination-contre-le-covid-19-la-campagne-sintensifie\\\/#breadcrumb\",\"itemListElement\":[{\"@type\":\"ListItem\",\"position\":1,\"name\":\"Accueil\",\"item\":\"https:\\\/\\\/lasentinelle.dz\\\/\"},{\"@type\":\"ListItem\",\"position\":2,\"name\":\"Vaccination contre le covid-19 : La campagne s\u2019intensifie\"}]},{\"@type\":\"WebSite\",\"@id\":\"https:\\\/\\\/lasentinelle.dz\\\/#website\",\"url\":\"https:\\\/\\\/lasentinelle.dz\\\/\",\"name\":\"La Sentinelle\",\"description\":\"Quotidien national d&#039;information\",\"publisher\":{\"@id\":\"https:\\\/\\\/lasentinelle.dz\\\/#organization\"},\"potentialAction\":[{\"@type\":\"SearchAction\",\"target\":{\"@type\":\"EntryPoint\",\"urlTemplate\":\"https:\\\/\\\/lasentinelle.dz\\\/?s={search_term_string}\"},\"query-input\":{\"@type\":\"PropertyValueSpecification\",\"valueRequired\":true,\"valueName\":\"search_term_string\"}}],\"inLanguage\":\"fr-FR\"},{\"@type\":\"Organization\",\"@id\":\"https:\\\/\\\/lasentinelle.dz\\\/#organization\",\"name\":\"Quotidien La Sentinelle\",\"url\":\"https:\\\/\\\/lasentinelle.dz\\\/\",\"logo\":{\"@type\":\"ImageObject\",\"inLanguage\":\"fr-FR\",\"@id\":\"https:\\\/\\\/lasentinelle.dz\\\/#\\\/schema\\\/logo\\\/image\\\/\",\"url\":\"https:\\\/\\\/lasentinelle.dz\\\/wp-content\\\/uploads\\\/2021\\\/09\\\/logo-sentinelleSLOGAN-1.png\",\"contentUrl\":\"https:\\\/\\\/lasentinelle.dz\\\/wp-content\\\/uploads\\\/2021\\\/09\\\/logo-sentinelleSLOGAN-1.png\",\"width\":615,\"height\":142,\"caption\":\"Quotidien La Sentinelle\"},\"image\":{\"@id\":\"https:\\\/\\\/lasentinelle.dz\\\/#\\\/schema\\\/logo\\\/image\\\/\"},\"sameAs\":[\"https:\\\/\\\/www.facebook.com\\\/La-Sentinelle-104059864394773\"]},{\"@type\":\"Person\",\"@id\":\"https:\\\/\\\/lasentinelle.dz\\\/#\\\/schema\\\/person\\\/d865044e22e70a75174ce8bcad3acfb3\",\"name\":\"La Sentinelle\",\"image\":{\"@type\":\"ImageObject\",\"inLanguage\":\"fr-FR\",\"@id\":\"https:\\\/\\\/secure.gravatar.com\\\/avatar\\\/57de8e5d4b15d43fb361a71fbb36338450fe67865b528a43dd10ef7c51a20392?s=96&d=mm&r=g\",\"url\":\"https:\\\/\\\/secure.gravatar.com\\\/avatar\\\/57de8e5d4b15d43fb361a71fbb36338450fe67865b528a43dd10ef7c51a20392?s=96&d=mm&r=g\",\"contentUrl\":\"https:\\\/\\\/secure.gravatar.com\\\/avatar\\\/57de8e5d4b15d43fb361a71fbb36338450fe67865b528a43dd10ef7c51a20392?s=96&d=mm&r=g\",\"caption\":\"La Sentinelle\"},\"sameAs\":[\"http:\\\/\\\/www.lasentinelle.dz\"],\"url\":\"https:\\\/\\\/lasentinelle.dz\\\/author\\\/redaction\\\/\"}]}<\/script>\n<!-- \/ Yoast SEO plugin. -->","yoast_head_json":{"title":"Vaccination contre le covid-19 : La campagne s\u2019intensifie - La Sentinelle","robots":{"index":"index","follow":"follow","max-snippet":"max-snippet:-1","max-image-preview":"max-image-preview:large","max-video-preview":"max-video-preview:-1"},"canonical":"https:\/\/lasentinelle.dz\/index.php\/2021\/07\/25\/vaccination-contre-le-covid-19-la-campagne-sintensifie\/","og_locale":"fr_FR","og_type":"article","og_title":"Vaccination contre le covid-19 : La campagne s\u2019intensifie - La Sentinelle","og_description":"Dans l\u2019objectif de g\u00e9n\u00e9raliserla vaccination contre le covid-19 et assurer l\u2019immunit\u00e9 collective, le minist\u00e8re de la Sant\u00e9, de la Population","og_url":"https:\/\/lasentinelle.dz\/index.php\/2021\/07\/25\/vaccination-contre-le-covid-19-la-campagne-sintensifie\/","og_site_name":"La Sentinelle","article_publisher":"https:\/\/www.facebook.com\/La-Sentinelle-104059864394773","article_published_time":"2021-07-24T23:01:00+00:00","og_image":[{"width":1348,"height":900,"url":"https:\/\/lasentinelle.dz\/wp-content\/uploads\/2021\/07\/vaccination-2.png","type":"image\/png"}],"author":"La Sentinelle","twitter_card":"summary_large_image","twitter_misc":{"\u00c9crit par":"La Sentinelle","Dur\u00e9e de lecture estim\u00e9e":"4 minutes"},"schema":{"@context":"https:\/\/schema.org","@graph":[{"@type":"Article","@id":"https:\/\/lasentinelle.dz\/index.php\/2021\/07\/25\/vaccination-contre-le-covid-19-la-campagne-sintensifie\/#article","isPartOf":{"@id":"https:\/\/lasentinelle.dz\/index.php\/2021\/07\/25\/vaccination-contre-le-covid-19-la-campagne-sintensifie\/"},"author":{"name":"La Sentinelle","@id":"https:\/\/lasentinelle.dz\/#\/schema\/person\/d865044e22e70a75174ce8bcad3acfb3"},"headline":"Vaccination contre le covid-19 : La campagne s\u2019intensifie","datePublished":"2021-07-24T23:01:00+00:00","mainEntityOfPage":{"@id":"https:\/\/lasentinelle.dz\/index.php\/2021\/07\/25\/vaccination-contre-le-covid-19-la-campagne-sintensifie\/"},"wordCount":808,"commentCount":0,"publisher":{"@id":"https:\/\/lasentinelle.dz\/#organization"},"image":{"@id":"https:\/\/lasentinelle.dz\/index.php\/2021\/07\/25\/vaccination-contre-le-covid-19-la-campagne-sintensifie\/#primaryimage"},"thumbnailUrl":"https:\/\/lasentinelle.dz\/wp-content\/uploads\/2021\/07\/vaccination-2.png","articleSection":["Actualit\u00e9"],"inLanguage":"fr-FR","potentialAction":[{"@type":"CommentAction","name":"Comment","target":["https:\/\/lasentinelle.dz\/index.php\/2021\/07\/25\/vaccination-contre-le-covid-19-la-campagne-sintensifie\/#respond"]}]},{"@type":"WebPage","@id":"https:\/\/lasentinelle.dz\/index.php\/2021\/07\/25\/vaccination-contre-le-covid-19-la-campagne-sintensifie\/","url":"https:\/\/lasentinelle.dz\/index.php\/2021\/07\/25\/vaccination-contre-le-covid-19-la-campagne-sintensifie\/","name":"Vaccination contre le covid-19 : La campagne s\u2019intensifie - La Sentinelle","isPartOf":{"@id":"https:\/\/lasentinelle.dz\/#website"},"primaryImageOfPage":{"@id":"https:\/\/lasentinelle.dz\/index.php\/2021\/07\/25\/vaccination-contre-le-covid-19-la-campagne-sintensifie\/#primaryimage"},"image":{"@id":"https:\/\/lasentinelle.dz\/index.php\/2021\/07\/25\/vaccination-contre-le-covid-19-la-campagne-sintensifie\/#primaryimage"},"thumbnailUrl":"https:\/\/lasentinelle.dz\/wp-content\/uploads\/2021\/07\/vaccination-2.png","datePublished":"2021-07-24T23:01:00+00:00","breadcrumb":{"@id":"https:\/\/lasentinelle.dz\/index.php\/2021\/07\/25\/vaccination-contre-le-covid-19-la-campagne-sintensifie\/#breadcrumb"},"inLanguage":"fr-FR","potentialAction":[{"@type":"ReadAction","target":["https:\/\/lasentinelle.dz\/index.php\/2021\/07\/25\/vaccination-contre-le-covid-19-la-campagne-sintensifie\/"]}]},{"@type":"ImageObject","inLanguage":"fr-FR","@id":"https:\/\/lasentinelle.dz\/index.php\/2021\/07\/25\/vaccination-contre-le-covid-19-la-campagne-sintensifie\/#primaryimage","url":"https:\/\/lasentinelle.dz\/wp-content\/uploads\/2021\/07\/vaccination-2.png","contentUrl":"https:\/\/lasentinelle.dz\/wp-content\/uploads\/2021\/07\/vaccination-2.png","width":1348,"height":900},{"@type":"BreadcrumbList","@id":"https:\/\/lasentinelle.dz\/index.php\/2021\/07\/25\/vaccination-contre-le-covid-19-la-campagne-sintensifie\/#breadcrumb","itemListElement":[{"@type":"ListItem","position":1,"name":"Accueil","item":"https:\/\/lasentinelle.dz\/"},{"@type":"ListItem","position":2,"name":"Vaccination contre le covid-19 : La campagne s\u2019intensifie"}]},{"@type":"WebSite","@id":"https:\/\/lasentinelle.dz\/#website","url":"https:\/\/lasentinelle.dz\/","name":"La Sentinelle","description":"Quotidien national d&#039;information","publisher":{"@id":"https:\/\/lasentinelle.dz\/#organization"},"potentialAction":[{"@type":"SearchAction","target":{"@type":"EntryPoint","urlTemplate":"https:\/\/lasentinelle.dz\/?s={search_term_string}"},"query-input":{"@type":"PropertyValueSpecification","valueRequired":true,"valueName":"search_term_string"}}],"inLanguage":"fr-FR"},{"@type":"Organization","@id":"https:\/\/lasentinelle.dz\/#organization","name":"Quotidien La Sentinelle","url":"https:\/\/lasentinelle.dz\/","logo":{"@type":"ImageObject","inLanguage":"fr-FR","@id":"https:\/\/lasentinelle.dz\/#\/schema\/logo\/image\/","url":"https:\/\/lasentinelle.dz\/wp-content\/uploads\/2021\/09\/logo-sentinelleSLOGAN-1.png","contentUrl":"https:\/\/lasentinelle.dz\/wp-content\/uploads\/2021\/09\/logo-sentinelleSLOGAN-1.png","width":615,"height":142,"caption":"Quotidien La Sentinelle"},"image":{"@id":"https:\/\/lasentinelle.dz\/#\/schema\/logo\/image\/"},"sameAs":["https:\/\/www.facebook.com\/La-Sentinelle-104059864394773"]},{"@type":"Person","@id":"https:\/\/lasentinelle.dz\/#\/schema\/person\/d865044e22e70a75174ce8bcad3acfb3","name":"La Sentinelle","image":{"@type":"ImageObject","inLanguage":"fr-FR","@id":"https:\/\/secure.gravatar.com\/avatar\/57de8e5d4b15d43fb361a71fbb36338450fe67865b528a43dd10ef7c51a20392?s=96&d=mm&r=g","url":"https:\/\/secure.gravatar.com\/avatar\/57de8e5d4b15d43fb361a71fbb36338450fe67865b528a43dd10ef7c51a20392?s=96&d=mm&r=g","contentUrl":"https:\/\/secure.gravatar.com\/avatar\/57de8e5d4b15d43fb361a71fbb36338450fe67865b528a43dd10ef7c51a20392?s=96&d=mm&r=g","caption":"La Sentinelle"},"sameAs":["http:\/\/www.lasentinelle.dz"],"url":"https:\/\/lasentinelle.dz\/author\/redaction\/"}]}},"_links":{"self":[{"href":"https:\/\/lasentinelle.dz\/index.php\/wp-json\/wp\/v2\/posts\/2167","targetHints":{"allow":["GET"]}}],"collection":[{"href":"https:\/\/lasentinelle.dz\/index.php\/wp-json\/wp\/v2\/posts"}],"about":[{"href":"https:\/\/lasentinelle.dz\/index.php\/wp-json\/wp\/v2\/types\/post"}],"author":[{"embeddable":true,"href":"https:\/\/lasentinelle.dz\/index.php\/wp-json\/wp\/v2\/users\/3"}],"replies":[{"embeddable":true,"href":"https:\/\/lasentinelle.dz\/index.php\/wp-json\/wp\/v2\/comments?post=2167"}],"version-history":[{"count":1,"href":"https:\/\/lasentinelle.dz\/index.php\/wp-json\/wp\/v2\/posts\/2167\/revisions"}],"predecessor-version":[{"id":2174,"href":"https:\/\/lasentinelle.dz\/index.php\/wp-json\/wp\/v2\/posts\/2167\/revisions\/2174"}],"wp:featuredmedia":[{"embeddable":true,"href":"https:\/\/lasentinelle.dz\/index.php\/wp-json\/wp\/v2\/media\/2169"}],"wp:attachment":[{"href":"https:\/\/lasentinelle.dz\/index.php\/wp-json\/wp\/v2\/media?parent=2167"}],"wp:term":[{"taxonomy":"category","embeddable":true,"href":"https:\/\/lasentinelle.dz\/index.php\/wp-json\/wp\/v2\/categories?post=2167"},{"taxonomy":"post_tag","embeddable":true,"href":"https:\/\/lasentinelle.dz\/index.php\/wp-json\/wp\/v2\/tags?post=2167"}],"curies":[{"name":"wp","href":"https:\/\/api.w.org\/{rel}","templated":true}]}}