{"id":21770,"date":"2022-05-30T00:05:00","date_gmt":"2022-05-29T23:05:00","guid":{"rendered":"https:\/\/lasentinelle.dz\/?p=21770"},"modified":"2022-05-29T20:26:07","modified_gmt":"2022-05-29T19:26:07","slug":"lutte-contre-le-terrorisme-en-afrique-lamamra-alerte-sur-la-menace-des-combattants-etrangers","status":"publish","type":"post","link":"https:\/\/lasentinelle.dz\/index.php\/2022\/05\/30\/lutte-contre-le-terrorisme-en-afrique-lamamra-alerte-sur-la-menace-des-combattants-etrangers\/","title":{"rendered":"Lutte contre le terrorisme en Afrique\u00a0: Lamamra alerte sur la menace des combattants \u00e9trangers"},"content":{"rendered":"\n<p>Le ministre des Affaires \u00e9trang\u00e8res et de la Communaut\u00e9 nationale \u00e0 l\u2019\u00e9tranger, Ramtane Lamamra a pr\u00e9sent\u00e9,&nbsp;lors du 16<sup>e<\/sup>&nbsp;Sommet extraordinaire de l\u2019Union africaine, un expos\u00e9 sur le rapport soumis par le pr\u00e9sident de la R\u00e9publique, Abdelmadjid Tebboune sur le terrorisme et les changements anticonstitutionnels de gouvernement en Afrique, en sa qualit\u00e9 de leader de l\u2019UA en mati\u00e8re de pr\u00e9vention et de lutte contre le terrorisme et l\u2019extr\u00e9misme violent.<\/p>\n\n\n\n<p>Ramtane Lamamra a indiqu\u00e9 que \u00abce 16\u00e8me&nbsp;&nbsp;Sommet extraordinaire rev\u00eat une importance extr\u00eame et intervient \u00e0 point nomm\u00e9, \u00e0 la lumi\u00e8re de d\u00e9fis croissants et effr\u00e9n\u00e9s impos\u00e9s par les&nbsp;&nbsp;menaces croissantes que font peser le terrorisme et l&rsquo;extr\u00e9misme violent en&nbsp;&nbsp;Afrique\u00bb. D\u2019ailleurs, il a mis en garde contre \u00abla propagation de ce fl\u00e9au dans le continent africain qui est tributaire de l&rsquo;ampleur du volume et de l&rsquo;intensit\u00e9 des attaques terroristes qui ciblent aussi bien les forces arm\u00e9es des pays membres que les civiles \u00bb. \u00abNous faisons face aux menaces les plus dangereuses sur la paix, la stabilit\u00e9 et&nbsp;&nbsp;le d\u00e9veloppement dans le continent\u00bb, a-t-il alert\u00e9, appelant \u00ab\u00e0 s&rsquo;int\u00e9resser de plus pr\u00e8s \u00e0 nombre de facteurs qui ont favoris\u00e9 la propagation de ce fl\u00e9au violent \u00bb. Il s\u2019agit, selon le repr\u00e9sentant diplomatique de l\u2019Alg\u00e9rie \u00abdu d\u00e9placement et du retour des combattants \u00e9trangers, vaincus dans d&rsquo;autres&nbsp;&nbsp;zones de conflits, particuli\u00e8rement au Proche orient, du red\u00e9ploiement des groupes terroristes et l&rsquo;exploitation de l&rsquo;espace virtuel pour faire l&rsquo;apologie de leurs actes, ce qui l&rsquo;\u00e9rige en nouveau front dans notre guerre contre le terrorisme et l&rsquo;extr\u00e9misme violent, sans oublier les liens de plus en plus larges entre le terrorisme et le crime organis\u00e9 transfrontalier, comme le trafic de drogue, la traite d&rsquo;humains, la&nbsp;&nbsp;migration clandestine, l&rsquo;exploitation illicite des ressources naturelles et le paiement de ran\u00e7ons\u00bb. Il a&nbsp;&nbsp;&nbsp;ajout\u00e9 que ces \u00abfacteurs renforcent les capacit\u00e9s des groupes arm\u00e9es, auxquels s&rsquo;ajoute l&rsquo;impact n\u00e9gatif du ph\u00e9nom\u00e8ne de changements anticonstitutionnels de gouvernement en Afrique, en termes d&rsquo;affaiblissement des institutions publiques (institutions relevant des&nbsp;&nbsp;Etats), d&rsquo;escalades sur la sc\u00e8ne s\u00e9curitaire d\u00e9j\u00e0 vuln\u00e9rable dans de nombreux pays africains, notamment dans la r\u00e9gion sah\u00e9lo-saharienne\u00bb, rappelant que \u00abla lutte contre le terrorisme nous interpelle \u00e0 l&rsquo;effet de faire montre d&rsquo;un haut degr\u00e9 de vigilance, de mobilisation et de coop\u00e9ration\u00bb. Lamamra a \u00e9voqu\u00e9 la douloureuse, mais r\u00e9ussie, exp\u00e9rience en mati\u00e8re de lutte antiterroriste,&nbsp;de&nbsp;l&rsquo;Alg\u00e9rie qui&nbsp;\u00ab&nbsp;a pay\u00e9 un lourd tribut durant les ann\u00e9es 90, face au mutisme combien retentissant de la communaut\u00e9 internationale, n&rsquo;a eu de cesse d&rsquo;affirmer que devant une menace aux proportions mondiales, la coop\u00e9ration internationale et la solidarit\u00e9 deviennent deux n\u00e9cessit\u00e9s imp\u00e9rieuses\u00bb.&nbsp;&nbsp;&nbsp;Prenant en compte le net recul de l&rsquo;int\u00e9r\u00eat mondiale pour cette question, Lamamra a plaid\u00e9 \u00e0 \u00ab\u0153uvrer de concert \u00e0 cr\u00e9er une dynamique internationale, en confirmant que l&rsquo;Afrique fait face \u00e0 une menace mondiale sans fronti\u00e8res, un danger qu&rsquo;il ne convient pas d&rsquo;associer \u00e0 une religion ou \u00e0 une nationalit\u00e9 donn\u00e9e, ni assimiler \u00e0 la lutte l\u00e9gitime des peules colonis\u00e9s pour acc\u00e9der \u00e0 leur droit inali\u00e9nable \u00e0 l&rsquo;autod\u00e9termination et \u00e0 l&rsquo;ind\u00e9pendance, tel que stipul\u00e9 dans la convention de l&rsquo;OUA sur la pr\u00e9vention et la lutte contre le terrorisme de 1999\u00bb. Il a \u00e9galement appel\u00e9 les partenaires internationaux \u00ab\u00e0 augmenter leurs aides en faveur des pays africains membres pour soutenir&nbsp;&nbsp;leurs efforts en mati\u00e8re de lutte antiterroriste, en se focalisant sur le traitement des principales causes de ce fl\u00e9au\u00bb. Lamamra a r\u00e9it\u00e9r\u00e9 \u00able besoin davantage de coop\u00e9ration de la part de nos partenaires en&nbsp;&nbsp;pr\u00e9servant leurs terres de toute exploitation par des terroristes, pour mener des actes subversifs ou soutenir des actes terroristes d&rsquo;une quelconque mani\u00e8re contre d&rsquo;autres pays\u00bb.&nbsp;&nbsp;<\/p>\n\n\n\n<p><strong>Tarir les sources de financement<\/strong><\/p>\n\n\n\n<p>Il a appel\u00e9 pour \u00able tarissement des sources de financement du terrorisme qui exige une coop\u00e9ration internationale forte et conforme au cadre juridique actuel\u00bb, soutenant que \u00abl&rsquo;Afrique doit \u00eatre&nbsp;&nbsp;plus d\u00e9termin\u00e9e \u00e0 exprimer le besoin pressant d&rsquo;op\u00e9rer des changements et mutations indispensables en vue de former un nouveau mod\u00e8le des op\u00e9rations de paix onusiennes, mieux adapt\u00e9 au contexte de lutte contre le terrorisme\u00bb. \u00abSi nous reconnaissons avoir \u00e9norm\u00e9ment investi \u00e0 titre individuel et collectif dans le d\u00e9veloppement des outils juridiques et pratiques n\u00e9cessaires, nous devons n\u00e9anmoins admettre que nos efforts sont demeur\u00e9s divis\u00e9s et il est clair qu&rsquo;ils ne s&rsquo;accordent ni \u00e0 l&rsquo;ampleur&nbsp;&nbsp;ni \u00e0 la gravit\u00e9 de la menace terroriste\u00bb, a-t-il d\u00e9plor\u00e9, insistant sur l&rsquo;imp\u00e9ratif \u00abd&rsquo;adapter et de mieux cibler nos outils et interventions pour une riposte collective efficace et durable\u00bb. Il a pr\u00e9conis\u00e9 \u00abl&rsquo;acc\u00e9l\u00e9ration de la mise en application de plusieurs d\u00e9cisions importantes en suspens li\u00e9es \u00e0 l&rsquo;\u00e9laboration d&rsquo;une liste africaine des groupes terroristes, des entit\u00e9s et individus y compris les combattants terroristes \u00e9trangers\u00bb. Le repr\u00e9sentant du pr\u00e9sident de la R\u00e9publique aux travaux du sommet extraordinaire africain a \u00e9voqu\u00e9 \u00abl&rsquo;importance du d\u00e9veloppement et de l&rsquo;activation d&rsquo;un mandat d&rsquo;arr\u00eat africain contre les accus\u00e9s et condamn\u00e9s pour des actes terroristes et du fonds de l&rsquo;Union africaine de pr\u00e9vention et de lutte contre le terrorisme, et la r\u00e9activation de la commission du Conseil de paix et de s\u00e9curit\u00e9 sur la lutte contre le terrorisme, voire l&rsquo;\u00e9laboration&nbsp;&nbsp;d&rsquo;un 2e plan d&rsquo;action africain de pr\u00e9vention et de lutte contre le terrorisme\u00bb.&nbsp;&nbsp;Il a \u00e9galement mis l\u2019accent sur \u00abl&rsquo;importance de consentir davantage d&rsquo;efforts&nbsp;pour lib\u00e9rer et encourager les m\u00e9canismes et agences sp\u00e9cialis\u00e9s d\u00e9j\u00e0 en place \u00bb. Il s\u2019agit, selon Lamamra, du Centre Africain d\u2019Etudes et de Recherches sur le Terrorisme, d\u2019AFRIPOL (M\u00e9canisme africain de la Coop\u00e9ration Polici\u00e8re) et du Comit\u00e9 des Services de Renseignement et de S\u00e9curit\u00e9 en Afrique, afin de leur permettre d&rsquo;accomplir pleinement leurs missions en tant que composantes essentielles de la strat\u00e9gie de l\u2019UA de lutte contre le terrorisme et l\u2019extr\u00e9misme violent, en plus de l\u2019activation en urgence \u00abdes processus de Nouakchott et Djibouti en vue de r\u00e9aliser les capacit\u00e9s op\u00e9rationnelles de ces cadres pr\u00e9cieux en mati\u00e8re de renforcement de la coop\u00e9ration s\u00e9curitaire&nbsp;&nbsp;territoriale et l&rsquo;\u00e9change d&rsquo;informations\u00bb.&nbsp;<\/p>\n\n\n\n<p><strong>L\u2019exp\u00e9rience alg\u00e9rienne mise en avant<\/strong><\/p>\n\n\n\n<p>\u00c9voquant l&rsquo;exp\u00e9rience de l&rsquo;Alg\u00e9rie, Lamamra a affirm\u00e9 que \u00abnous sommes parvenus aussi \u00e0 r\u00e9aliser que vaincre le terrorisme seulement par des moyens militaires est insuffisant \u00bb. Car, a-t-il expliqu\u00e9 \u00abce fl\u00e9au trouvera toujours un moyen pour ressurgir\u00bb, soulignant que \u00abnotre r\u00e9ponse collective doit reposer sur une strat\u00e9gie compl\u00e9mentaire et globale \u00e0 mettre en \u0153uvre en amont et en aval\u00bb. En ce sens, il a mis l&rsquo;accent sur \u00abla n\u00e9cessit\u00e9 de traiter les v\u00e9ritables causes du terrorisme et lutter contre l&rsquo;extr\u00e9misme et la propagande terroriste, notamment aupr\u00e8s des jeunes\u00bb, en plus du \u00abtraitement des r\u00e9percussions d\u00e9sastreuses induites par le terrorisme sur la soci\u00e9t\u00e9 (tarissement du bourbier), y compris par le soutien aux victimes et le traitement de la question de r\u00e9insertion de mani\u00e8re convenable ainsi que la n\u00e9cessit\u00e9 de r\u00e9tablir et renforcer la confiance des peuples en la capacit\u00e9s de leurs gouvernements \u00e0 r\u00e9pondre \u00e0 leurs besoins\u00bb.&nbsp;&nbsp;Le chef de la diplomatie alg\u00e9rienne&nbsp;&nbsp;a soulign\u00e9 que \u00ables pays du continent sont appel\u00e9s \u00e0 renouveler leur engagement \u00e0 travailler dans l&rsquo;unit\u00e9 et la solidarit\u00e9 avec un v\u00e9ritable esprit africain en vue de vaincre le fl\u00e9au du terrorisme, soulignant l&rsquo;importance de \u00abla mise en \u0153uvre s\u00e9rieuse des d\u00e9cisions prises pour qu&rsquo;elles ne deviennent pas lettre morte\u00bb, appelant \u00e0 \u00abla restauration de la confiance en l&rsquo;importance strat\u00e9gique des solutions africaines aux probl\u00e8mes africains tout en \u0153uvrant et \u00e0 asseoir un partenariat \u00e9quilibr\u00e9 et responsable qui tienne compte des domaines d&rsquo;int\u00e9r\u00eat et des besoins de l&rsquo;Afrique. Le plus important demeure le fait de mettre fin \u00e0 la longue marginalisation de l&rsquo;Afrique sur toutes les sc\u00e8nes internationales\u00bb. Il a cl\u00f4tur\u00e9 son intervention en assurant que \u00abl&rsquo;Alg\u00e9rie restera attach\u00e9e de mani\u00e8re active et efficace \u00e0 cet engagement important et ne m\u00e9nagera aucun effort pour assumer la haute mission que lui a confi\u00e9e ce Conseil depuis 2017\u00bb.<\/p>\n\n\n\n<p><strong>Amar Malki<\/strong><\/p>\n","protected":false},"excerpt":{"rendered":"<p>Le ministre des Affaires \u00e9trang\u00e8res et de la Communaut\u00e9 nationale \u00e0 l\u2019\u00e9tranger, Ramtane Lamamra a pr\u00e9sent\u00e9,&nbsp;lors du 16e&nbsp;Sommet extraordinaire de<\/p>\n","protected":false},"author":3,"featured_media":21772,"comment_status":"open","ping_status":"closed","sticky":false,"template":"","format":"standard","meta":{"colormag_page_container_layout":"default_layout","colormag_page_sidebar_layout":"default_layout","om_disable_all_campaigns":false,"_monsterinsights_skip_tracking":false,"_monsterinsights_sitenote_active":false,"_monsterinsights_sitenote_note":"","_monsterinsights_sitenote_category":0,"footnotes":"","_wpscppro_dont_share_socialmedia":false,"_wpscppro_custom_social_share_image":0,"_facebook_share_type":"","_twitter_share_type":"","_linkedin_share_type":"","_pinterest_share_type":"","_linkedin_share_type_page":"","_instagram_share_type":"","_medium_share_type":"","_threads_share_type":"","_google_business_share_type":"","_selected_social_profile":[],"_wpsp_enable_custom_social_template":false,"_wpsp_social_scheduling":{"enabled":false,"datetime":null,"platforms":[],"status":"template_only","dateOption":"today","timeOption":"now","customDays":"","customHours":"","customDate":"","customTime":"","schedulingType":"absolute"},"_wpsp_active_default_template":true},"categories":[52,27],"tags":[],"class_list":["post-21770","post","type-post","status-publish","format-standard","has-post-thumbnail","hentry","category-a-la-une","category-actualite"],"aioseo_notices":[],"yoast_head":"<!-- This site is optimized with the Yoast SEO plugin v27.5 - https:\/\/yoast.com\/product\/yoast-seo-wordpress\/ -->\n<title>Lutte contre le terrorisme en Afrique\u00a0: Lamamra alerte sur la menace des combattants \u00e9trangers - La Sentinelle<\/title>\n<meta name=\"robots\" content=\"index, follow, max-snippet:-1, max-image-preview:large, max-video-preview:-1\" \/>\n<link rel=\"canonical\" href=\"https:\/\/lasentinelle.dz\/index.php\/2022\/05\/30\/lutte-contre-le-terrorisme-en-afrique-lamamra-alerte-sur-la-menace-des-combattants-etrangers\/\" \/>\n<meta property=\"og:locale\" content=\"fr_FR\" \/>\n<meta property=\"og:type\" content=\"article\" \/>\n<meta property=\"og:title\" content=\"Lutte contre le terrorisme en Afrique\u00a0: Lamamra alerte sur la menace des combattants \u00e9trangers - La Sentinelle\" \/>\n<meta property=\"og:description\" content=\"Le ministre des Affaires \u00e9trang\u00e8res et de la Communaut\u00e9 nationale \u00e0 l\u2019\u00e9tranger, Ramtane Lamamra a pr\u00e9sent\u00e9,&nbsp;lors du 16e&nbsp;Sommet extraordinaire de\" \/>\n<meta property=\"og:url\" content=\"https:\/\/lasentinelle.dz\/index.php\/2022\/05\/30\/lutte-contre-le-terrorisme-en-afrique-lamamra-alerte-sur-la-menace-des-combattants-etrangers\/\" \/>\n<meta property=\"og:site_name\" content=\"La Sentinelle\" \/>\n<meta property=\"article:publisher\" content=\"https:\/\/www.facebook.com\/La-Sentinelle-104059864394773\" \/>\n<meta property=\"article:published_time\" content=\"2022-05-29T23:05:00+00:00\" \/>\n<meta property=\"og:image\" content=\"https:\/\/lasentinelle.dz\/wp-content\/uploads\/2022\/05\/Lamamra-1.png\" \/>\n\t<meta property=\"og:image:width\" content=\"1200\" \/>\n\t<meta property=\"og:image:height\" content=\"900\" \/>\n\t<meta property=\"og:image:type\" content=\"image\/png\" \/>\n<meta name=\"author\" content=\"La Sentinelle\" \/>\n<meta name=\"twitter:card\" content=\"summary_large_image\" \/>\n<meta name=\"twitter:label1\" content=\"\u00c9crit par\" \/>\n\t<meta name=\"twitter:data1\" content=\"La Sentinelle\" \/>\n\t<meta name=\"twitter:label2\" content=\"Dur\u00e9e de lecture estim\u00e9e\" \/>\n\t<meta name=\"twitter:data2\" content=\"7 minutes\" \/>\n<script type=\"application\/ld+json\" class=\"yoast-schema-graph\">{\"@context\":\"https:\\\/\\\/schema.org\",\"@graph\":[{\"@type\":\"Article\",\"@id\":\"https:\\\/\\\/lasentinelle.dz\\\/index.php\\\/2022\\\/05\\\/30\\\/lutte-contre-le-terrorisme-en-afrique-lamamra-alerte-sur-la-menace-des-combattants-etrangers\\\/#article\",\"isPartOf\":{\"@id\":\"https:\\\/\\\/lasentinelle.dz\\\/index.php\\\/2022\\\/05\\\/30\\\/lutte-contre-le-terrorisme-en-afrique-lamamra-alerte-sur-la-menace-des-combattants-etrangers\\\/\"},\"author\":{\"name\":\"La Sentinelle\",\"@id\":\"https:\\\/\\\/lasentinelle.dz\\\/#\\\/schema\\\/person\\\/d865044e22e70a75174ce8bcad3acfb3\"},\"headline\":\"Lutte contre le terrorisme en Afrique\u00a0: Lamamra alerte sur la menace des combattants \u00e9trangers\",\"datePublished\":\"2022-05-29T23:05:00+00:00\",\"mainEntityOfPage\":{\"@id\":\"https:\\\/\\\/lasentinelle.dz\\\/index.php\\\/2022\\\/05\\\/30\\\/lutte-contre-le-terrorisme-en-afrique-lamamra-alerte-sur-la-menace-des-combattants-etrangers\\\/\"},\"wordCount\":1526,\"commentCount\":0,\"publisher\":{\"@id\":\"https:\\\/\\\/lasentinelle.dz\\\/#organization\"},\"image\":{\"@id\":\"https:\\\/\\\/lasentinelle.dz\\\/index.php\\\/2022\\\/05\\\/30\\\/lutte-contre-le-terrorisme-en-afrique-lamamra-alerte-sur-la-menace-des-combattants-etrangers\\\/#primaryimage\"},\"thumbnailUrl\":\"https:\\\/\\\/lasentinelle.dz\\\/wp-content\\\/uploads\\\/2022\\\/05\\\/Lamamra-1.png\",\"articleSection\":[\"\u00c0 la Une\",\"Actualit\u00e9\"],\"inLanguage\":\"fr-FR\",\"potentialAction\":[{\"@type\":\"CommentAction\",\"name\":\"Comment\",\"target\":[\"https:\\\/\\\/lasentinelle.dz\\\/index.php\\\/2022\\\/05\\\/30\\\/lutte-contre-le-terrorisme-en-afrique-lamamra-alerte-sur-la-menace-des-combattants-etrangers\\\/#respond\"]}]},{\"@type\":\"WebPage\",\"@id\":\"https:\\\/\\\/lasentinelle.dz\\\/index.php\\\/2022\\\/05\\\/30\\\/lutte-contre-le-terrorisme-en-afrique-lamamra-alerte-sur-la-menace-des-combattants-etrangers\\\/\",\"url\":\"https:\\\/\\\/lasentinelle.dz\\\/index.php\\\/2022\\\/05\\\/30\\\/lutte-contre-le-terrorisme-en-afrique-lamamra-alerte-sur-la-menace-des-combattants-etrangers\\\/\",\"name\":\"Lutte contre le terrorisme en Afrique\u00a0: Lamamra alerte sur la menace des combattants \u00e9trangers - La Sentinelle\",\"isPartOf\":{\"@id\":\"https:\\\/\\\/lasentinelle.dz\\\/#website\"},\"primaryImageOfPage\":{\"@id\":\"https:\\\/\\\/lasentinelle.dz\\\/index.php\\\/2022\\\/05\\\/30\\\/lutte-contre-le-terrorisme-en-afrique-lamamra-alerte-sur-la-menace-des-combattants-etrangers\\\/#primaryimage\"},\"image\":{\"@id\":\"https:\\\/\\\/lasentinelle.dz\\\/index.php\\\/2022\\\/05\\\/30\\\/lutte-contre-le-terrorisme-en-afrique-lamamra-alerte-sur-la-menace-des-combattants-etrangers\\\/#primaryimage\"},\"thumbnailUrl\":\"https:\\\/\\\/lasentinelle.dz\\\/wp-content\\\/uploads\\\/2022\\\/05\\\/Lamamra-1.png\",\"datePublished\":\"2022-05-29T23:05:00+00:00\",\"breadcrumb\":{\"@id\":\"https:\\\/\\\/lasentinelle.dz\\\/index.php\\\/2022\\\/05\\\/30\\\/lutte-contre-le-terrorisme-en-afrique-lamamra-alerte-sur-la-menace-des-combattants-etrangers\\\/#breadcrumb\"},\"inLanguage\":\"fr-FR\",\"potentialAction\":[{\"@type\":\"ReadAction\",\"target\":[\"https:\\\/\\\/lasentinelle.dz\\\/index.php\\\/2022\\\/05\\\/30\\\/lutte-contre-le-terrorisme-en-afrique-lamamra-alerte-sur-la-menace-des-combattants-etrangers\\\/\"]}]},{\"@type\":\"ImageObject\",\"inLanguage\":\"fr-FR\",\"@id\":\"https:\\\/\\\/lasentinelle.dz\\\/index.php\\\/2022\\\/05\\\/30\\\/lutte-contre-le-terrorisme-en-afrique-lamamra-alerte-sur-la-menace-des-combattants-etrangers\\\/#primaryimage\",\"url\":\"https:\\\/\\\/lasentinelle.dz\\\/wp-content\\\/uploads\\\/2022\\\/05\\\/Lamamra-1.png\",\"contentUrl\":\"https:\\\/\\\/lasentinelle.dz\\\/wp-content\\\/uploads\\\/2022\\\/05\\\/Lamamra-1.png\",\"width\":1200,\"height\":900},{\"@type\":\"BreadcrumbList\",\"@id\":\"https:\\\/\\\/lasentinelle.dz\\\/index.php\\\/2022\\\/05\\\/30\\\/lutte-contre-le-terrorisme-en-afrique-lamamra-alerte-sur-la-menace-des-combattants-etrangers\\\/#breadcrumb\",\"itemListElement\":[{\"@type\":\"ListItem\",\"position\":1,\"name\":\"Accueil\",\"item\":\"https:\\\/\\\/lasentinelle.dz\\\/\"},{\"@type\":\"ListItem\",\"position\":2,\"name\":\"Lutte contre le terrorisme en Afrique\u00a0: Lamamra alerte sur la menace des combattants \u00e9trangers\"}]},{\"@type\":\"WebSite\",\"@id\":\"https:\\\/\\\/lasentinelle.dz\\\/#website\",\"url\":\"https:\\\/\\\/lasentinelle.dz\\\/\",\"name\":\"La Sentinelle\",\"description\":\"Quotidien national d&#039;information\",\"publisher\":{\"@id\":\"https:\\\/\\\/lasentinelle.dz\\\/#organization\"},\"potentialAction\":[{\"@type\":\"SearchAction\",\"target\":{\"@type\":\"EntryPoint\",\"urlTemplate\":\"https:\\\/\\\/lasentinelle.dz\\\/?s={search_term_string}\"},\"query-input\":{\"@type\":\"PropertyValueSpecification\",\"valueRequired\":true,\"valueName\":\"search_term_string\"}}],\"inLanguage\":\"fr-FR\"},{\"@type\":\"Organization\",\"@id\":\"https:\\\/\\\/lasentinelle.dz\\\/#organization\",\"name\":\"Quotidien La Sentinelle\",\"url\":\"https:\\\/\\\/lasentinelle.dz\\\/\",\"logo\":{\"@type\":\"ImageObject\",\"inLanguage\":\"fr-FR\",\"@id\":\"https:\\\/\\\/lasentinelle.dz\\\/#\\\/schema\\\/logo\\\/image\\\/\",\"url\":\"https:\\\/\\\/lasentinelle.dz\\\/wp-content\\\/uploads\\\/2021\\\/09\\\/logo-sentinelleSLOGAN-1.png\",\"contentUrl\":\"https:\\\/\\\/lasentinelle.dz\\\/wp-content\\\/uploads\\\/2021\\\/09\\\/logo-sentinelleSLOGAN-1.png\",\"width\":615,\"height\":142,\"caption\":\"Quotidien La Sentinelle\"},\"image\":{\"@id\":\"https:\\\/\\\/lasentinelle.dz\\\/#\\\/schema\\\/logo\\\/image\\\/\"},\"sameAs\":[\"https:\\\/\\\/www.facebook.com\\\/La-Sentinelle-104059864394773\"]},{\"@type\":\"Person\",\"@id\":\"https:\\\/\\\/lasentinelle.dz\\\/#\\\/schema\\\/person\\\/d865044e22e70a75174ce8bcad3acfb3\",\"name\":\"La Sentinelle\",\"image\":{\"@type\":\"ImageObject\",\"inLanguage\":\"fr-FR\",\"@id\":\"https:\\\/\\\/secure.gravatar.com\\\/avatar\\\/57de8e5d4b15d43fb361a71fbb36338450fe67865b528a43dd10ef7c51a20392?s=96&d=mm&r=g\",\"url\":\"https:\\\/\\\/secure.gravatar.com\\\/avatar\\\/57de8e5d4b15d43fb361a71fbb36338450fe67865b528a43dd10ef7c51a20392?s=96&d=mm&r=g\",\"contentUrl\":\"https:\\\/\\\/secure.gravatar.com\\\/avatar\\\/57de8e5d4b15d43fb361a71fbb36338450fe67865b528a43dd10ef7c51a20392?s=96&d=mm&r=g\",\"caption\":\"La Sentinelle\"},\"sameAs\":[\"http:\\\/\\\/www.lasentinelle.dz\"],\"url\":\"https:\\\/\\\/lasentinelle.dz\\\/author\\\/redaction\\\/\"}]}<\/script>\n<!-- \/ Yoast SEO plugin. -->","yoast_head_json":{"title":"Lutte contre le terrorisme en Afrique\u00a0: Lamamra alerte sur la menace des combattants \u00e9trangers - La Sentinelle","robots":{"index":"index","follow":"follow","max-snippet":"max-snippet:-1","max-image-preview":"max-image-preview:large","max-video-preview":"max-video-preview:-1"},"canonical":"https:\/\/lasentinelle.dz\/index.php\/2022\/05\/30\/lutte-contre-le-terrorisme-en-afrique-lamamra-alerte-sur-la-menace-des-combattants-etrangers\/","og_locale":"fr_FR","og_type":"article","og_title":"Lutte contre le terrorisme en Afrique\u00a0: Lamamra alerte sur la menace des combattants \u00e9trangers - La Sentinelle","og_description":"Le ministre des Affaires \u00e9trang\u00e8res et de la Communaut\u00e9 nationale \u00e0 l\u2019\u00e9tranger, Ramtane Lamamra a pr\u00e9sent\u00e9,&nbsp;lors du 16e&nbsp;Sommet extraordinaire de","og_url":"https:\/\/lasentinelle.dz\/index.php\/2022\/05\/30\/lutte-contre-le-terrorisme-en-afrique-lamamra-alerte-sur-la-menace-des-combattants-etrangers\/","og_site_name":"La Sentinelle","article_publisher":"https:\/\/www.facebook.com\/La-Sentinelle-104059864394773","article_published_time":"2022-05-29T23:05:00+00:00","og_image":[{"width":1200,"height":900,"url":"https:\/\/lasentinelle.dz\/wp-content\/uploads\/2022\/05\/Lamamra-1.png","type":"image\/png"}],"author":"La Sentinelle","twitter_card":"summary_large_image","twitter_misc":{"\u00c9crit par":"La Sentinelle","Dur\u00e9e de lecture estim\u00e9e":"7 minutes"},"schema":{"@context":"https:\/\/schema.org","@graph":[{"@type":"Article","@id":"https:\/\/lasentinelle.dz\/index.php\/2022\/05\/30\/lutte-contre-le-terrorisme-en-afrique-lamamra-alerte-sur-la-menace-des-combattants-etrangers\/#article","isPartOf":{"@id":"https:\/\/lasentinelle.dz\/index.php\/2022\/05\/30\/lutte-contre-le-terrorisme-en-afrique-lamamra-alerte-sur-la-menace-des-combattants-etrangers\/"},"author":{"name":"La Sentinelle","@id":"https:\/\/lasentinelle.dz\/#\/schema\/person\/d865044e22e70a75174ce8bcad3acfb3"},"headline":"Lutte contre le terrorisme en Afrique\u00a0: Lamamra alerte sur la menace des combattants \u00e9trangers","datePublished":"2022-05-29T23:05:00+00:00","mainEntityOfPage":{"@id":"https:\/\/lasentinelle.dz\/index.php\/2022\/05\/30\/lutte-contre-le-terrorisme-en-afrique-lamamra-alerte-sur-la-menace-des-combattants-etrangers\/"},"wordCount":1526,"commentCount":0,"publisher":{"@id":"https:\/\/lasentinelle.dz\/#organization"},"image":{"@id":"https:\/\/lasentinelle.dz\/index.php\/2022\/05\/30\/lutte-contre-le-terrorisme-en-afrique-lamamra-alerte-sur-la-menace-des-combattants-etrangers\/#primaryimage"},"thumbnailUrl":"https:\/\/lasentinelle.dz\/wp-content\/uploads\/2022\/05\/Lamamra-1.png","articleSection":["\u00c0 la Une","Actualit\u00e9"],"inLanguage":"fr-FR","potentialAction":[{"@type":"CommentAction","name":"Comment","target":["https:\/\/lasentinelle.dz\/index.php\/2022\/05\/30\/lutte-contre-le-terrorisme-en-afrique-lamamra-alerte-sur-la-menace-des-combattants-etrangers\/#respond"]}]},{"@type":"WebPage","@id":"https:\/\/lasentinelle.dz\/index.php\/2022\/05\/30\/lutte-contre-le-terrorisme-en-afrique-lamamra-alerte-sur-la-menace-des-combattants-etrangers\/","url":"https:\/\/lasentinelle.dz\/index.php\/2022\/05\/30\/lutte-contre-le-terrorisme-en-afrique-lamamra-alerte-sur-la-menace-des-combattants-etrangers\/","name":"Lutte contre le terrorisme en Afrique\u00a0: Lamamra alerte sur la menace des combattants \u00e9trangers - La Sentinelle","isPartOf":{"@id":"https:\/\/lasentinelle.dz\/#website"},"primaryImageOfPage":{"@id":"https:\/\/lasentinelle.dz\/index.php\/2022\/05\/30\/lutte-contre-le-terrorisme-en-afrique-lamamra-alerte-sur-la-menace-des-combattants-etrangers\/#primaryimage"},"image":{"@id":"https:\/\/lasentinelle.dz\/index.php\/2022\/05\/30\/lutte-contre-le-terrorisme-en-afrique-lamamra-alerte-sur-la-menace-des-combattants-etrangers\/#primaryimage"},"thumbnailUrl":"https:\/\/lasentinelle.dz\/wp-content\/uploads\/2022\/05\/Lamamra-1.png","datePublished":"2022-05-29T23:05:00+00:00","breadcrumb":{"@id":"https:\/\/lasentinelle.dz\/index.php\/2022\/05\/30\/lutte-contre-le-terrorisme-en-afrique-lamamra-alerte-sur-la-menace-des-combattants-etrangers\/#breadcrumb"},"inLanguage":"fr-FR","potentialAction":[{"@type":"ReadAction","target":["https:\/\/lasentinelle.dz\/index.php\/2022\/05\/30\/lutte-contre-le-terrorisme-en-afrique-lamamra-alerte-sur-la-menace-des-combattants-etrangers\/"]}]},{"@type":"ImageObject","inLanguage":"fr-FR","@id":"https:\/\/lasentinelle.dz\/index.php\/2022\/05\/30\/lutte-contre-le-terrorisme-en-afrique-lamamra-alerte-sur-la-menace-des-combattants-etrangers\/#primaryimage","url":"https:\/\/lasentinelle.dz\/wp-content\/uploads\/2022\/05\/Lamamra-1.png","contentUrl":"https:\/\/lasentinelle.dz\/wp-content\/uploads\/2022\/05\/Lamamra-1.png","width":1200,"height":900},{"@type":"BreadcrumbList","@id":"https:\/\/lasentinelle.dz\/index.php\/2022\/05\/30\/lutte-contre-le-terrorisme-en-afrique-lamamra-alerte-sur-la-menace-des-combattants-etrangers\/#breadcrumb","itemListElement":[{"@type":"ListItem","position":1,"name":"Accueil","item":"https:\/\/lasentinelle.dz\/"},{"@type":"ListItem","position":2,"name":"Lutte contre le terrorisme en Afrique\u00a0: Lamamra alerte sur la menace des combattants \u00e9trangers"}]},{"@type":"WebSite","@id":"https:\/\/lasentinelle.dz\/#website","url":"https:\/\/lasentinelle.dz\/","name":"La Sentinelle","description":"Quotidien national d&#039;information","publisher":{"@id":"https:\/\/lasentinelle.dz\/#organization"},"potentialAction":[{"@type":"SearchAction","target":{"@type":"EntryPoint","urlTemplate":"https:\/\/lasentinelle.dz\/?s={search_term_string}"},"query-input":{"@type":"PropertyValueSpecification","valueRequired":true,"valueName":"search_term_string"}}],"inLanguage":"fr-FR"},{"@type":"Organization","@id":"https:\/\/lasentinelle.dz\/#organization","name":"Quotidien La Sentinelle","url":"https:\/\/lasentinelle.dz\/","logo":{"@type":"ImageObject","inLanguage":"fr-FR","@id":"https:\/\/lasentinelle.dz\/#\/schema\/logo\/image\/","url":"https:\/\/lasentinelle.dz\/wp-content\/uploads\/2021\/09\/logo-sentinelleSLOGAN-1.png","contentUrl":"https:\/\/lasentinelle.dz\/wp-content\/uploads\/2021\/09\/logo-sentinelleSLOGAN-1.png","width":615,"height":142,"caption":"Quotidien La Sentinelle"},"image":{"@id":"https:\/\/lasentinelle.dz\/#\/schema\/logo\/image\/"},"sameAs":["https:\/\/www.facebook.com\/La-Sentinelle-104059864394773"]},{"@type":"Person","@id":"https:\/\/lasentinelle.dz\/#\/schema\/person\/d865044e22e70a75174ce8bcad3acfb3","name":"La Sentinelle","image":{"@type":"ImageObject","inLanguage":"fr-FR","@id":"https:\/\/secure.gravatar.com\/avatar\/57de8e5d4b15d43fb361a71fbb36338450fe67865b528a43dd10ef7c51a20392?s=96&d=mm&r=g","url":"https:\/\/secure.gravatar.com\/avatar\/57de8e5d4b15d43fb361a71fbb36338450fe67865b528a43dd10ef7c51a20392?s=96&d=mm&r=g","contentUrl":"https:\/\/secure.gravatar.com\/avatar\/57de8e5d4b15d43fb361a71fbb36338450fe67865b528a43dd10ef7c51a20392?s=96&d=mm&r=g","caption":"La Sentinelle"},"sameAs":["http:\/\/www.lasentinelle.dz"],"url":"https:\/\/lasentinelle.dz\/author\/redaction\/"}]}},"_links":{"self":[{"href":"https:\/\/lasentinelle.dz\/index.php\/wp-json\/wp\/v2\/posts\/21770","targetHints":{"allow":["GET"]}}],"collection":[{"href":"https:\/\/lasentinelle.dz\/index.php\/wp-json\/wp\/v2\/posts"}],"about":[{"href":"https:\/\/lasentinelle.dz\/index.php\/wp-json\/wp\/v2\/types\/post"}],"author":[{"embeddable":true,"href":"https:\/\/lasentinelle.dz\/index.php\/wp-json\/wp\/v2\/users\/3"}],"replies":[{"embeddable":true,"href":"https:\/\/lasentinelle.dz\/index.php\/wp-json\/wp\/v2\/comments?post=21770"}],"version-history":[{"count":1,"href":"https:\/\/lasentinelle.dz\/index.php\/wp-json\/wp\/v2\/posts\/21770\/revisions"}],"predecessor-version":[{"id":21773,"href":"https:\/\/lasentinelle.dz\/index.php\/wp-json\/wp\/v2\/posts\/21770\/revisions\/21773"}],"wp:featuredmedia":[{"embeddable":true,"href":"https:\/\/lasentinelle.dz\/index.php\/wp-json\/wp\/v2\/media\/21772"}],"wp:attachment":[{"href":"https:\/\/lasentinelle.dz\/index.php\/wp-json\/wp\/v2\/media?parent=21770"}],"wp:term":[{"taxonomy":"category","embeddable":true,"href":"https:\/\/lasentinelle.dz\/index.php\/wp-json\/wp\/v2\/categories?post=21770"},{"taxonomy":"post_tag","embeddable":true,"href":"https:\/\/lasentinelle.dz\/index.php\/wp-json\/wp\/v2\/tags?post=21770"}],"curies":[{"name":"wp","href":"https:\/\/api.w.org\/{rel}","templated":true}]}}