{"id":21775,"date":"2022-05-30T00:01:00","date_gmt":"2022-05-29T23:01:00","guid":{"rendered":"https:\/\/lasentinelle.dz\/?p=21775"},"modified":"2022-05-29T20:17:58","modified_gmt":"2022-05-29T19:17:58","slug":"penurie-de-ventoline-180-000-unites-distribuees-dans-les-prochaines-48-heures","status":"publish","type":"post","link":"https:\/\/lasentinelle.dz\/index.php\/2022\/05\/30\/penurie-de-ventoline-180-000-unites-distribuees-dans-les-prochaines-48-heures\/","title":{"rendered":"P\u00e9nurie de Ventoline\u00a0:\u00a0180 000 unit\u00e9s\u00a0distribu\u00e9es\u00a0dans les prochaines 48 heures"},"content":{"rendered":"\n<p>Face \u00e0 p\u00e9nurie de Ventoline constat\u00e9e depuis quelques jours, les autorit\u00e9s promettent des mesures. Le directeur de l\u2019Observatoire national de veille sur la disponibilit\u00e9 des m\u00e9dicaments, Reda Belkacemi a rassur\u00e9 les malades souffrant&nbsp;d\u2019asthme que \u00ab la&nbsp;Ventoline sera disponible dans les pharmacies dans les 48h.&nbsp;Dans une d\u00e9claration \u00e0 la Radio alg\u00e9rienne, le m\u00eame responsable a fait savoir que le minist\u00e8re de l\u2019Industrie pharmaceutique&nbsp;lib\u00e8rera&nbsp;quelques 740.000unit\u00e9s sur les 5 millions pr\u00e9vues pour l\u2019importation, dans les prochains jours&nbsp;\u00bb.&nbsp;&nbsp;Une quantit\u00e9 de 180.000&nbsp;unit\u00e9s vient d\u2019\u00eatre lib\u00e9r\u00e9e pour \u00eatre disponible chez les grossistes dans les 48 heures qui viennent pour palier \u00e0 la p\u00e9nurie constat\u00e9e sur ces appareils indispensables pour les malades, explique-t-il pr\u00e9cisant que les 580.000&nbsp;unit\u00e9s restantes seront lib\u00e9r\u00e9es apr\u00e8s l\u2019ach\u00e8vement des contr\u00f4les administratifs et techniques.&nbsp;La Ventoline \u00e9tait en rupture de stocks au niveau des pharmacies depuis quelques jours d\u00e9j\u00e0, alors que les cargaisons attendaient la finalisation des proc\u00e9dures de d\u00e9douanement. Une proc\u00e9dure qui semble-t-il a \u00e9t\u00e9 retard\u00e9e par les nouvelles restrictions impos\u00e9es par le minist\u00e8re du Commerce sur les importations soumises \u00e0 la pr\u00e9sentation d\u2019un document d\u2019Algex. Il a fallu l\u2019intervention du minist\u00e8re de l\u2019Industrie pharmaceutique pour d\u00e9bloquer la situation.&nbsp;<\/p>\n\n\n\n<p>Notons que&nbsp;les p\u00e9nuries sur certains m\u00e9dicaments restent toujours le cauchemar des malades malgr\u00e9 les multiples mesures prises par le minist\u00e8re de l\u2019Industrie pharmaceutique. Malgr\u00e9 les mesures incitatives et dissuasives prises pour lutter contre ce ph\u00e9nom\u00e8ne, les citoyens continuent de souffrir pour trouver certains m\u00e9dicaments n\u00e9cessaires et dont ils ne peuvent&nbsp;&nbsp;se&nbsp;passer. Ces derni\u00e8res semaines, c\u2019\u00e9tait au tour des personnes souffrant d\u2019asthme de constater l\u2019absence dans les pharmacies de la&nbsp;Ventoline, appareils utilis\u00e9s par cette cat\u00e9gorie quotidiennement. Introuvable, cet appareil constitue pourtant l\u2019unique parade en cas de crise.<\/p>\n\n\n\n<p>Ce n\u2019est pas uniquement cette cat\u00e9gorie qui souffre de la fr\u00e9quence des p\u00e9nuries mais m\u00eame les personnes en traitement du cancer passent par ces difficult\u00e9s relatives \u00e0 l\u2019absence de m\u00e9dicaments anticanc\u00e9reux dans les pharmacies. D\u2019ailleurs, ces p\u00e9nuries a fait r\u00e9agir le pr\u00e9sident de la&nbsp;R\u00e9publique, Abdelmadjid Tebboune qui instruit l&rsquo;Inspection g\u00e9n\u00e9rale de la Pr\u00e9sidence de la R\u00e9publique pour enqu\u00eater sur les raisons de la p\u00e9nurie de certains m\u00e9dicaments.&nbsp;<\/p>\n\n\n\n<p><strong>Kamel Nait Ameur<\/strong><\/p>\n","protected":false},"excerpt":{"rendered":"<p>Face \u00e0 p\u00e9nurie de Ventoline constat\u00e9e depuis quelques jours, les autorit\u00e9s promettent des mesures. Le directeur de l\u2019Observatoire national de<\/p>\n","protected":false},"author":3,"featured_media":21781,"comment_status":"open","ping_status":"closed","sticky":false,"template":"","format":"standard","meta":{"colormag_page_container_layout":"default_layout","colormag_page_sidebar_layout":"default_layout","om_disable_all_campaigns":false,"_monsterinsights_skip_tracking":false,"_monsterinsights_sitenote_active":false,"_monsterinsights_sitenote_note":"","_monsterinsights_sitenote_category":0,"footnotes":"","_wpscppro_dont_share_socialmedia":false,"_wpscppro_custom_social_share_image":0,"_facebook_share_type":"","_twitter_share_type":"","_linkedin_share_type":"","_pinterest_share_type":"","_linkedin_share_type_page":"","_instagram_share_type":"","_medium_share_type":"","_threads_share_type":"","_google_business_share_type":"","_selected_social_profile":[],"_wpsp_enable_custom_social_template":false,"_wpsp_social_scheduling":{"enabled":false,"datetime":null,"platforms":[],"status":"template_only","dateOption":"today","timeOption":"now","customDays":"","customHours":"","customDate":"","customTime":"","schedulingType":"absolute"},"_wpsp_active_default_template":true},"categories":[27],"tags":[],"class_list":["post-21775","post","type-post","status-publish","format-standard","has-post-thumbnail","hentry","category-actualite"],"aioseo_notices":[],"yoast_head":"<!-- This site is optimized with the Yoast SEO plugin v27.5 - https:\/\/yoast.com\/product\/yoast-seo-wordpress\/ -->\n<title>P\u00e9nurie de Ventoline\u00a0:\u00a0180 000 unit\u00e9s\u00a0distribu\u00e9es\u00a0dans les prochaines 48 heures - La Sentinelle<\/title>\n<meta name=\"robots\" content=\"index, follow, max-snippet:-1, max-image-preview:large, max-video-preview:-1\" \/>\n<link rel=\"canonical\" href=\"https:\/\/lasentinelle.dz\/index.php\/2022\/05\/30\/penurie-de-ventoline-180-000-unites-distribuees-dans-les-prochaines-48-heures\/\" \/>\n<meta property=\"og:locale\" content=\"fr_FR\" \/>\n<meta property=\"og:type\" content=\"article\" \/>\n<meta property=\"og:title\" content=\"P\u00e9nurie de Ventoline\u00a0:\u00a0180 000 unit\u00e9s\u00a0distribu\u00e9es\u00a0dans les prochaines 48 heures - La Sentinelle\" \/>\n<meta property=\"og:description\" content=\"Face \u00e0 p\u00e9nurie de Ventoline constat\u00e9e depuis quelques jours, les autorit\u00e9s promettent des mesures. Le directeur de l\u2019Observatoire national de\" \/>\n<meta property=\"og:url\" content=\"https:\/\/lasentinelle.dz\/index.php\/2022\/05\/30\/penurie-de-ventoline-180-000-unites-distribuees-dans-les-prochaines-48-heures\/\" \/>\n<meta property=\"og:site_name\" content=\"La Sentinelle\" \/>\n<meta property=\"article:publisher\" content=\"https:\/\/www.facebook.com\/La-Sentinelle-104059864394773\" \/>\n<meta property=\"article:published_time\" content=\"2022-05-29T23:01:00+00:00\" \/>\n<meta property=\"og:image\" content=\"https:\/\/lasentinelle.dz\/wp-content\/uploads\/2022\/05\/60550be3-6ef9-4e94-96fe-59e2954868a1.jpg\" \/>\n\t<meta property=\"og:image:width\" content=\"2560\" \/>\n\t<meta property=\"og:image:height\" content=\"1536\" \/>\n\t<meta property=\"og:image:type\" content=\"image\/jpeg\" \/>\n<meta name=\"author\" content=\"La Sentinelle\" \/>\n<meta name=\"twitter:card\" content=\"summary_large_image\" \/>\n<meta name=\"twitter:label1\" content=\"\u00c9crit par\" \/>\n\t<meta name=\"twitter:data1\" content=\"La Sentinelle\" \/>\n\t<meta name=\"twitter:label2\" content=\"Dur\u00e9e de lecture estim\u00e9e\" \/>\n\t<meta name=\"twitter:data2\" content=\"2 minutes\" \/>\n<script type=\"application\/ld+json\" class=\"yoast-schema-graph\">{\"@context\":\"https:\\\/\\\/schema.org\",\"@graph\":[{\"@type\":\"Article\",\"@id\":\"https:\\\/\\\/lasentinelle.dz\\\/index.php\\\/2022\\\/05\\\/30\\\/penurie-de-ventoline-180-000-unites-distribuees-dans-les-prochaines-48-heures\\\/#article\",\"isPartOf\":{\"@id\":\"https:\\\/\\\/lasentinelle.dz\\\/index.php\\\/2022\\\/05\\\/30\\\/penurie-de-ventoline-180-000-unites-distribuees-dans-les-prochaines-48-heures\\\/\"},\"author\":{\"name\":\"La Sentinelle\",\"@id\":\"https:\\\/\\\/lasentinelle.dz\\\/#\\\/schema\\\/person\\\/d865044e22e70a75174ce8bcad3acfb3\"},\"headline\":\"P\u00e9nurie de Ventoline\u00a0:\u00a0180 000 unit\u00e9s\u00a0distribu\u00e9es\u00a0dans les prochaines 48 heures\",\"datePublished\":\"2022-05-29T23:01:00+00:00\",\"mainEntityOfPage\":{\"@id\":\"https:\\\/\\\/lasentinelle.dz\\\/index.php\\\/2022\\\/05\\\/30\\\/penurie-de-ventoline-180-000-unites-distribuees-dans-les-prochaines-48-heures\\\/\"},\"wordCount\":455,\"commentCount\":0,\"publisher\":{\"@id\":\"https:\\\/\\\/lasentinelle.dz\\\/#organization\"},\"image\":{\"@id\":\"https:\\\/\\\/lasentinelle.dz\\\/index.php\\\/2022\\\/05\\\/30\\\/penurie-de-ventoline-180-000-unites-distribuees-dans-les-prochaines-48-heures\\\/#primaryimage\"},\"thumbnailUrl\":\"https:\\\/\\\/lasentinelle.dz\\\/wp-content\\\/uploads\\\/2022\\\/05\\\/60550be3-6ef9-4e94-96fe-59e2954868a1.jpg\",\"articleSection\":[\"Actualit\u00e9\"],\"inLanguage\":\"fr-FR\",\"potentialAction\":[{\"@type\":\"CommentAction\",\"name\":\"Comment\",\"target\":[\"https:\\\/\\\/lasentinelle.dz\\\/index.php\\\/2022\\\/05\\\/30\\\/penurie-de-ventoline-180-000-unites-distribuees-dans-les-prochaines-48-heures\\\/#respond\"]}]},{\"@type\":\"WebPage\",\"@id\":\"https:\\\/\\\/lasentinelle.dz\\\/index.php\\\/2022\\\/05\\\/30\\\/penurie-de-ventoline-180-000-unites-distribuees-dans-les-prochaines-48-heures\\\/\",\"url\":\"https:\\\/\\\/lasentinelle.dz\\\/index.php\\\/2022\\\/05\\\/30\\\/penurie-de-ventoline-180-000-unites-distribuees-dans-les-prochaines-48-heures\\\/\",\"name\":\"P\u00e9nurie de Ventoline\u00a0:\u00a0180 000 unit\u00e9s\u00a0distribu\u00e9es\u00a0dans les prochaines 48 heures - La Sentinelle\",\"isPartOf\":{\"@id\":\"https:\\\/\\\/lasentinelle.dz\\\/#website\"},\"primaryImageOfPage\":{\"@id\":\"https:\\\/\\\/lasentinelle.dz\\\/index.php\\\/2022\\\/05\\\/30\\\/penurie-de-ventoline-180-000-unites-distribuees-dans-les-prochaines-48-heures\\\/#primaryimage\"},\"image\":{\"@id\":\"https:\\\/\\\/lasentinelle.dz\\\/index.php\\\/2022\\\/05\\\/30\\\/penurie-de-ventoline-180-000-unites-distribuees-dans-les-prochaines-48-heures\\\/#primaryimage\"},\"thumbnailUrl\":\"https:\\\/\\\/lasentinelle.dz\\\/wp-content\\\/uploads\\\/2022\\\/05\\\/60550be3-6ef9-4e94-96fe-59e2954868a1.jpg\",\"datePublished\":\"2022-05-29T23:01:00+00:00\",\"breadcrumb\":{\"@id\":\"https:\\\/\\\/lasentinelle.dz\\\/index.php\\\/2022\\\/05\\\/30\\\/penurie-de-ventoline-180-000-unites-distribuees-dans-les-prochaines-48-heures\\\/#breadcrumb\"},\"inLanguage\":\"fr-FR\",\"potentialAction\":[{\"@type\":\"ReadAction\",\"target\":[\"https:\\\/\\\/lasentinelle.dz\\\/index.php\\\/2022\\\/05\\\/30\\\/penurie-de-ventoline-180-000-unites-distribuees-dans-les-prochaines-48-heures\\\/\"]}]},{\"@type\":\"ImageObject\",\"inLanguage\":\"fr-FR\",\"@id\":\"https:\\\/\\\/lasentinelle.dz\\\/index.php\\\/2022\\\/05\\\/30\\\/penurie-de-ventoline-180-000-unites-distribuees-dans-les-prochaines-48-heures\\\/#primaryimage\",\"url\":\"https:\\\/\\\/lasentinelle.dz\\\/wp-content\\\/uploads\\\/2022\\\/05\\\/60550be3-6ef9-4e94-96fe-59e2954868a1.jpg\",\"contentUrl\":\"https:\\\/\\\/lasentinelle.dz\\\/wp-content\\\/uploads\\\/2022\\\/05\\\/60550be3-6ef9-4e94-96fe-59e2954868a1.jpg\",\"width\":2560,\"height\":1536},{\"@type\":\"BreadcrumbList\",\"@id\":\"https:\\\/\\\/lasentinelle.dz\\\/index.php\\\/2022\\\/05\\\/30\\\/penurie-de-ventoline-180-000-unites-distribuees-dans-les-prochaines-48-heures\\\/#breadcrumb\",\"itemListElement\":[{\"@type\":\"ListItem\",\"position\":1,\"name\":\"Accueil\",\"item\":\"https:\\\/\\\/lasentinelle.dz\\\/\"},{\"@type\":\"ListItem\",\"position\":2,\"name\":\"P\u00e9nurie de Ventoline\u00a0:\u00a0180 000 unit\u00e9s\u00a0distribu\u00e9es\u00a0dans les prochaines 48 heures\"}]},{\"@type\":\"WebSite\",\"@id\":\"https:\\\/\\\/lasentinelle.dz\\\/#website\",\"url\":\"https:\\\/\\\/lasentinelle.dz\\\/\",\"name\":\"La Sentinelle\",\"description\":\"Quotidien national d&#039;information\",\"publisher\":{\"@id\":\"https:\\\/\\\/lasentinelle.dz\\\/#organization\"},\"potentialAction\":[{\"@type\":\"SearchAction\",\"target\":{\"@type\":\"EntryPoint\",\"urlTemplate\":\"https:\\\/\\\/lasentinelle.dz\\\/?s={search_term_string}\"},\"query-input\":{\"@type\":\"PropertyValueSpecification\",\"valueRequired\":true,\"valueName\":\"search_term_string\"}}],\"inLanguage\":\"fr-FR\"},{\"@type\":\"Organization\",\"@id\":\"https:\\\/\\\/lasentinelle.dz\\\/#organization\",\"name\":\"Quotidien La Sentinelle\",\"url\":\"https:\\\/\\\/lasentinelle.dz\\\/\",\"logo\":{\"@type\":\"ImageObject\",\"inLanguage\":\"fr-FR\",\"@id\":\"https:\\\/\\\/lasentinelle.dz\\\/#\\\/schema\\\/logo\\\/image\\\/\",\"url\":\"https:\\\/\\\/lasentinelle.dz\\\/wp-content\\\/uploads\\\/2021\\\/09\\\/logo-sentinelleSLOGAN-1.png\",\"contentUrl\":\"https:\\\/\\\/lasentinelle.dz\\\/wp-content\\\/uploads\\\/2021\\\/09\\\/logo-sentinelleSLOGAN-1.png\",\"width\":615,\"height\":142,\"caption\":\"Quotidien La Sentinelle\"},\"image\":{\"@id\":\"https:\\\/\\\/lasentinelle.dz\\\/#\\\/schema\\\/logo\\\/image\\\/\"},\"sameAs\":[\"https:\\\/\\\/www.facebook.com\\\/La-Sentinelle-104059864394773\"]},{\"@type\":\"Person\",\"@id\":\"https:\\\/\\\/lasentinelle.dz\\\/#\\\/schema\\\/person\\\/d865044e22e70a75174ce8bcad3acfb3\",\"name\":\"La Sentinelle\",\"image\":{\"@type\":\"ImageObject\",\"inLanguage\":\"fr-FR\",\"@id\":\"https:\\\/\\\/secure.gravatar.com\\\/avatar\\\/57de8e5d4b15d43fb361a71fbb36338450fe67865b528a43dd10ef7c51a20392?s=96&d=mm&r=g\",\"url\":\"https:\\\/\\\/secure.gravatar.com\\\/avatar\\\/57de8e5d4b15d43fb361a71fbb36338450fe67865b528a43dd10ef7c51a20392?s=96&d=mm&r=g\",\"contentUrl\":\"https:\\\/\\\/secure.gravatar.com\\\/avatar\\\/57de8e5d4b15d43fb361a71fbb36338450fe67865b528a43dd10ef7c51a20392?s=96&d=mm&r=g\",\"caption\":\"La Sentinelle\"},\"sameAs\":[\"http:\\\/\\\/www.lasentinelle.dz\"],\"url\":\"https:\\\/\\\/lasentinelle.dz\\\/author\\\/redaction\\\/\"}]}<\/script>\n<!-- \/ Yoast SEO plugin. -->","yoast_head_json":{"title":"P\u00e9nurie de Ventoline\u00a0:\u00a0180 000 unit\u00e9s\u00a0distribu\u00e9es\u00a0dans les prochaines 48 heures - La Sentinelle","robots":{"index":"index","follow":"follow","max-snippet":"max-snippet:-1","max-image-preview":"max-image-preview:large","max-video-preview":"max-video-preview:-1"},"canonical":"https:\/\/lasentinelle.dz\/index.php\/2022\/05\/30\/penurie-de-ventoline-180-000-unites-distribuees-dans-les-prochaines-48-heures\/","og_locale":"fr_FR","og_type":"article","og_title":"P\u00e9nurie de Ventoline\u00a0:\u00a0180 000 unit\u00e9s\u00a0distribu\u00e9es\u00a0dans les prochaines 48 heures - La Sentinelle","og_description":"Face \u00e0 p\u00e9nurie de Ventoline constat\u00e9e depuis quelques jours, les autorit\u00e9s promettent des mesures. Le directeur de l\u2019Observatoire national de","og_url":"https:\/\/lasentinelle.dz\/index.php\/2022\/05\/30\/penurie-de-ventoline-180-000-unites-distribuees-dans-les-prochaines-48-heures\/","og_site_name":"La Sentinelle","article_publisher":"https:\/\/www.facebook.com\/La-Sentinelle-104059864394773","article_published_time":"2022-05-29T23:01:00+00:00","og_image":[{"width":2560,"height":1536,"url":"https:\/\/lasentinelle.dz\/wp-content\/uploads\/2022\/05\/60550be3-6ef9-4e94-96fe-59e2954868a1.jpg","type":"image\/jpeg"}],"author":"La Sentinelle","twitter_card":"summary_large_image","twitter_misc":{"\u00c9crit par":"La Sentinelle","Dur\u00e9e de lecture estim\u00e9e":"2 minutes"},"schema":{"@context":"https:\/\/schema.org","@graph":[{"@type":"Article","@id":"https:\/\/lasentinelle.dz\/index.php\/2022\/05\/30\/penurie-de-ventoline-180-000-unites-distribuees-dans-les-prochaines-48-heures\/#article","isPartOf":{"@id":"https:\/\/lasentinelle.dz\/index.php\/2022\/05\/30\/penurie-de-ventoline-180-000-unites-distribuees-dans-les-prochaines-48-heures\/"},"author":{"name":"La Sentinelle","@id":"https:\/\/lasentinelle.dz\/#\/schema\/person\/d865044e22e70a75174ce8bcad3acfb3"},"headline":"P\u00e9nurie de Ventoline\u00a0:\u00a0180 000 unit\u00e9s\u00a0distribu\u00e9es\u00a0dans les prochaines 48 heures","datePublished":"2022-05-29T23:01:00+00:00","mainEntityOfPage":{"@id":"https:\/\/lasentinelle.dz\/index.php\/2022\/05\/30\/penurie-de-ventoline-180-000-unites-distribuees-dans-les-prochaines-48-heures\/"},"wordCount":455,"commentCount":0,"publisher":{"@id":"https:\/\/lasentinelle.dz\/#organization"},"image":{"@id":"https:\/\/lasentinelle.dz\/index.php\/2022\/05\/30\/penurie-de-ventoline-180-000-unites-distribuees-dans-les-prochaines-48-heures\/#primaryimage"},"thumbnailUrl":"https:\/\/lasentinelle.dz\/wp-content\/uploads\/2022\/05\/60550be3-6ef9-4e94-96fe-59e2954868a1.jpg","articleSection":["Actualit\u00e9"],"inLanguage":"fr-FR","potentialAction":[{"@type":"CommentAction","name":"Comment","target":["https:\/\/lasentinelle.dz\/index.php\/2022\/05\/30\/penurie-de-ventoline-180-000-unites-distribuees-dans-les-prochaines-48-heures\/#respond"]}]},{"@type":"WebPage","@id":"https:\/\/lasentinelle.dz\/index.php\/2022\/05\/30\/penurie-de-ventoline-180-000-unites-distribuees-dans-les-prochaines-48-heures\/","url":"https:\/\/lasentinelle.dz\/index.php\/2022\/05\/30\/penurie-de-ventoline-180-000-unites-distribuees-dans-les-prochaines-48-heures\/","name":"P\u00e9nurie de Ventoline\u00a0:\u00a0180 000 unit\u00e9s\u00a0distribu\u00e9es\u00a0dans les prochaines 48 heures - La Sentinelle","isPartOf":{"@id":"https:\/\/lasentinelle.dz\/#website"},"primaryImageOfPage":{"@id":"https:\/\/lasentinelle.dz\/index.php\/2022\/05\/30\/penurie-de-ventoline-180-000-unites-distribuees-dans-les-prochaines-48-heures\/#primaryimage"},"image":{"@id":"https:\/\/lasentinelle.dz\/index.php\/2022\/05\/30\/penurie-de-ventoline-180-000-unites-distribuees-dans-les-prochaines-48-heures\/#primaryimage"},"thumbnailUrl":"https:\/\/lasentinelle.dz\/wp-content\/uploads\/2022\/05\/60550be3-6ef9-4e94-96fe-59e2954868a1.jpg","datePublished":"2022-05-29T23:01:00+00:00","breadcrumb":{"@id":"https:\/\/lasentinelle.dz\/index.php\/2022\/05\/30\/penurie-de-ventoline-180-000-unites-distribuees-dans-les-prochaines-48-heures\/#breadcrumb"},"inLanguage":"fr-FR","potentialAction":[{"@type":"ReadAction","target":["https:\/\/lasentinelle.dz\/index.php\/2022\/05\/30\/penurie-de-ventoline-180-000-unites-distribuees-dans-les-prochaines-48-heures\/"]}]},{"@type":"ImageObject","inLanguage":"fr-FR","@id":"https:\/\/lasentinelle.dz\/index.php\/2022\/05\/30\/penurie-de-ventoline-180-000-unites-distribuees-dans-les-prochaines-48-heures\/#primaryimage","url":"https:\/\/lasentinelle.dz\/wp-content\/uploads\/2022\/05\/60550be3-6ef9-4e94-96fe-59e2954868a1.jpg","contentUrl":"https:\/\/lasentinelle.dz\/wp-content\/uploads\/2022\/05\/60550be3-6ef9-4e94-96fe-59e2954868a1.jpg","width":2560,"height":1536},{"@type":"BreadcrumbList","@id":"https:\/\/lasentinelle.dz\/index.php\/2022\/05\/30\/penurie-de-ventoline-180-000-unites-distribuees-dans-les-prochaines-48-heures\/#breadcrumb","itemListElement":[{"@type":"ListItem","position":1,"name":"Accueil","item":"https:\/\/lasentinelle.dz\/"},{"@type":"ListItem","position":2,"name":"P\u00e9nurie de Ventoline\u00a0:\u00a0180 000 unit\u00e9s\u00a0distribu\u00e9es\u00a0dans les prochaines 48 heures"}]},{"@type":"WebSite","@id":"https:\/\/lasentinelle.dz\/#website","url":"https:\/\/lasentinelle.dz\/","name":"La Sentinelle","description":"Quotidien national d&#039;information","publisher":{"@id":"https:\/\/lasentinelle.dz\/#organization"},"potentialAction":[{"@type":"SearchAction","target":{"@type":"EntryPoint","urlTemplate":"https:\/\/lasentinelle.dz\/?s={search_term_string}"},"query-input":{"@type":"PropertyValueSpecification","valueRequired":true,"valueName":"search_term_string"}}],"inLanguage":"fr-FR"},{"@type":"Organization","@id":"https:\/\/lasentinelle.dz\/#organization","name":"Quotidien La Sentinelle","url":"https:\/\/lasentinelle.dz\/","logo":{"@type":"ImageObject","inLanguage":"fr-FR","@id":"https:\/\/lasentinelle.dz\/#\/schema\/logo\/image\/","url":"https:\/\/lasentinelle.dz\/wp-content\/uploads\/2021\/09\/logo-sentinelleSLOGAN-1.png","contentUrl":"https:\/\/lasentinelle.dz\/wp-content\/uploads\/2021\/09\/logo-sentinelleSLOGAN-1.png","width":615,"height":142,"caption":"Quotidien La Sentinelle"},"image":{"@id":"https:\/\/lasentinelle.dz\/#\/schema\/logo\/image\/"},"sameAs":["https:\/\/www.facebook.com\/La-Sentinelle-104059864394773"]},{"@type":"Person","@id":"https:\/\/lasentinelle.dz\/#\/schema\/person\/d865044e22e70a75174ce8bcad3acfb3","name":"La Sentinelle","image":{"@type":"ImageObject","inLanguage":"fr-FR","@id":"https:\/\/secure.gravatar.com\/avatar\/57de8e5d4b15d43fb361a71fbb36338450fe67865b528a43dd10ef7c51a20392?s=96&d=mm&r=g","url":"https:\/\/secure.gravatar.com\/avatar\/57de8e5d4b15d43fb361a71fbb36338450fe67865b528a43dd10ef7c51a20392?s=96&d=mm&r=g","contentUrl":"https:\/\/secure.gravatar.com\/avatar\/57de8e5d4b15d43fb361a71fbb36338450fe67865b528a43dd10ef7c51a20392?s=96&d=mm&r=g","caption":"La Sentinelle"},"sameAs":["http:\/\/www.lasentinelle.dz"],"url":"https:\/\/lasentinelle.dz\/author\/redaction\/"}]}},"_links":{"self":[{"href":"https:\/\/lasentinelle.dz\/index.php\/wp-json\/wp\/v2\/posts\/21775","targetHints":{"allow":["GET"]}}],"collection":[{"href":"https:\/\/lasentinelle.dz\/index.php\/wp-json\/wp\/v2\/posts"}],"about":[{"href":"https:\/\/lasentinelle.dz\/index.php\/wp-json\/wp\/v2\/types\/post"}],"author":[{"embeddable":true,"href":"https:\/\/lasentinelle.dz\/index.php\/wp-json\/wp\/v2\/users\/3"}],"replies":[{"embeddable":true,"href":"https:\/\/lasentinelle.dz\/index.php\/wp-json\/wp\/v2\/comments?post=21775"}],"version-history":[{"count":1,"href":"https:\/\/lasentinelle.dz\/index.php\/wp-json\/wp\/v2\/posts\/21775\/revisions"}],"predecessor-version":[{"id":21782,"href":"https:\/\/lasentinelle.dz\/index.php\/wp-json\/wp\/v2\/posts\/21775\/revisions\/21782"}],"wp:featuredmedia":[{"embeddable":true,"href":"https:\/\/lasentinelle.dz\/index.php\/wp-json\/wp\/v2\/media\/21781"}],"wp:attachment":[{"href":"https:\/\/lasentinelle.dz\/index.php\/wp-json\/wp\/v2\/media?parent=21775"}],"wp:term":[{"taxonomy":"category","embeddable":true,"href":"https:\/\/lasentinelle.dz\/index.php\/wp-json\/wp\/v2\/categories?post=21775"},{"taxonomy":"post_tag","embeddable":true,"href":"https:\/\/lasentinelle.dz\/index.php\/wp-json\/wp\/v2\/tags?post=21775"}],"curies":[{"name":"wp","href":"https:\/\/api.w.org\/{rel}","templated":true}]}}