{"id":21816,"date":"2022-05-31T00:01:00","date_gmt":"2022-05-30T23:01:00","guid":{"rendered":"https:\/\/lasentinelle.dz\/?p=21816"},"modified":"2022-05-30T20:28:20","modified_gmt":"2022-05-30T19:28:20","slug":"youcef-mahiout-et-mohamed-mokhbi-nommes-walis-de-khenchela-et-de-tindouf","status":"publish","type":"post","link":"https:\/\/lasentinelle.dz\/index.php\/2022\/05\/31\/youcef-mahiout-et-mohamed-mokhbi-nommes-walis-de-khenchela-et-de-tindouf\/","title":{"rendered":"Youcef Mahiout et Mohamed Mokhbi nomm\u00e9s walis de Khenchela et de Tindouf"},"content":{"rendered":"\n<p class=\"wp-block-paragraph\">Le minist\u00e8re de l&rsquo;Int\u00e9rieur, des Collectivit\u00e9s locales et de l&rsquo;Am\u00e9nagement du Territoire a annonc\u00e9,&nbsp;hier&nbsp;dans un communiqu\u00e9, que MM Youcef Mahiout et Mohamed Mokhbi ont \u00e9t\u00e9 nomm\u00e9s respectivement walis de Khenchela et de Tindouf, apr\u00e8s approbation du Pr\u00e9sident de la R\u00e9publique, M. Abdelmadjid Tebboune.&nbsp;\u00ab\u00a0Le minist\u00e8re de l&rsquo;Int\u00e9rieur, des Collectivit\u00e9s locales et de l&rsquo;Am\u00e9nagement du Territoire a annonc\u00e9 que MM Youcef Mahiout et Mohamed Mokhbi ont \u00e9t\u00e9 nomm\u00e9s respectivement walis de Khenchela et de Tindouf, lundi 29 Chaoual 1443 de l&rsquo;h\u00e9gire correspondant au 30 mai 2022, apr\u00e8s approbation du Pr\u00e9sident de la R\u00e9publique\u00a0\u00bb, lit-on dans le communiqu\u00e9.<\/p>\n\n\n\n<p class=\"wp-block-paragraph\">APS<\/p>\n","protected":false},"excerpt":{"rendered":"<p>Le minist\u00e8re de l&rsquo;Int\u00e9rieur, des Collectivit\u00e9s locales et de l&rsquo;Am\u00e9nagement du Territoire a annonc\u00e9,&nbsp;hier&nbsp;dans un communiqu\u00e9, que MM Youcef Mahiout<\/p>\n","protected":false},"author":3,"featured_media":21844,"comment_status":"open","ping_status":"closed","sticky":false,"template":"","format":"standard","meta":{"colormag_page_container_layout":"default_layout","colormag_page_sidebar_layout":"default_layout","om_disable_all_campaigns":false,"_monsterinsights_skip_tracking":false,"footnotes":"","_wpscppro_dont_share_socialmedia":false,"_wpscppro_custom_social_share_image":0,"_facebook_share_type":"","_twitter_share_type":"","_linkedin_share_type":"","_pinterest_share_type":"","_linkedin_share_type_page":"","_instagram_share_type":"","_medium_share_type":"","_threads_share_type":"","_google_business_share_type":"","_bluesky_share_type":"","_mastodon_share_type":"","_selected_social_profile":[],"_wpsp_enable_custom_social_template":false,"_wpsp_social_scheduling":{"enabled":false,"datetime":null,"platforms":[],"status":"template_only","dateOption":"today","timeOption":"now","customDays":"","customHours":"","customDate":"","customTime":"","schedulingType":"absolute"},"_wpsp_active_default_template":true},"categories":[27],"tags":[],"class_list":["post-21816","post","type-post","status-publish","format-standard","has-post-thumbnail","hentry","category-actualite"],"aioseo_notices":[],"aioseo_head":"\n\t\t<!-- All in One SEO 5.0.0.1 - aioseo.com -->\n\t<meta name=\"description\" content=\"Le minist\u00e8re de l&#039;Int\u00e9rieur, des Collectivit\u00e9s locales et de l&#039;Am\u00e9nagement du Territoire a annonc\u00e9, hier dans un communiqu\u00e9, que MM Youcef Mahiout et Mohamed Mokhbi ont \u00e9t\u00e9 nomm\u00e9s respectivement walis de Khenchela et de Tindouf, apr\u00e8s approbation du Pr\u00e9sident de la R\u00e9publique, M. Abdelmadjid Tebboune. &quot;Le minist\u00e8re de l&#039;Int\u00e9rieur, des Collectivit\u00e9s locales et de l&#039;Am\u00e9nagement du Territoire a\" \/>\n\t<meta name=\"robots\" content=\"max-image-preview:large\" \/>\n\t<meta name=\"author\" content=\"La Sentinelle\"\/>\n\t<link rel=\"canonical\" href=\"https:\/\/lasentinelle.dz\/index.php\/2022\/05\/31\/youcef-mahiout-et-mohamed-mokhbi-nommes-walis-de-khenchela-et-de-tindouf\/\" \/>\n\t<meta name=\"generator\" content=\"All in One SEO (AIOSEO) 5.0.0.1\" \/>\n\t\t<meta property=\"og:locale\" content=\"fr_FR\" \/>\n\t\t<meta property=\"og:site_name\" content=\"La Sentinelle - Quotidien national d&#039;information\" \/>\n\t\t<meta property=\"og:type\" content=\"article\" \/>\n\t\t<meta property=\"og:title\" content=\"Youcef Mahiout et Mohamed Mokhbi nomm\u00e9s walis de Khenchela et de Tindouf - La Sentinelle\" \/>\n\t\t<meta property=\"og:description\" content=\"Le minist\u00e8re de l&#039;Int\u00e9rieur, des Collectivit\u00e9s locales et de l&#039;Am\u00e9nagement du Territoire a annonc\u00e9, hier dans un communiqu\u00e9, que MM Youcef Mahiout et Mohamed Mokhbi ont \u00e9t\u00e9 nomm\u00e9s respectivement walis de Khenchela et de Tindouf, apr\u00e8s approbation du Pr\u00e9sident de la R\u00e9publique, M. Abdelmadjid Tebboune. &quot;Le minist\u00e8re de l&#039;Int\u00e9rieur, des Collectivit\u00e9s locales et de l&#039;Am\u00e9nagement du Territoire a\" \/>\n\t\t<meta property=\"og:url\" content=\"https:\/\/lasentinelle.dz\/index.php\/2022\/05\/31\/youcef-mahiout-et-mohamed-mokhbi-nommes-walis-de-khenchela-et-de-tindouf\/\" \/>\n\t\t<meta property=\"og:image\" content=\"https:\/\/lasentinelle.dz\/wp-content\/uploads\/2021\/09\/cropped-la-sentinelle-earth-golden-anima-5.gif\" \/>\n\t\t<meta property=\"og:image:secure_url\" content=\"https:\/\/lasentinelle.dz\/wp-content\/uploads\/2021\/09\/cropped-la-sentinelle-earth-golden-anima-5.gif\" \/>\n\t\t<meta property=\"og:image:width\" content=\"450\" \/>\n\t\t<meta property=\"og:image:height\" content=\"213\" \/>\n\t\t<meta property=\"article:published_time\" content=\"2022-05-30T23:01:00+00:00\" \/>\n\t\t<meta property=\"article:modified_time\" content=\"2022-05-30T19:28:20+00:00\" \/>\n\t\t<meta property=\"article:publisher\" content=\"https:\/\/www.facebook.com\/azzedine.lasentinelle.1\" \/>\n\t\t<meta name=\"twitter:card\" content=\"summary_large_image\" \/>\n\t\t<meta name=\"twitter:title\" content=\"Youcef Mahiout et Mohamed Mokhbi nomm\u00e9s walis de Khenchela et de Tindouf - La Sentinelle\" \/>\n\t\t<meta name=\"twitter:description\" content=\"Le minist\u00e8re de l&#039;Int\u00e9rieur, des Collectivit\u00e9s locales et de l&#039;Am\u00e9nagement du Territoire a annonc\u00e9, hier dans un communiqu\u00e9, que MM Youcef Mahiout et Mohamed Mokhbi ont \u00e9t\u00e9 nomm\u00e9s respectivement walis de Khenchela et de Tindouf, apr\u00e8s approbation du Pr\u00e9sident de la R\u00e9publique, M. Abdelmadjid Tebboune. &quot;Le minist\u00e8re de l&#039;Int\u00e9rieur, des Collectivit\u00e9s locales et de l&#039;Am\u00e9nagement du Territoire a\" \/>\n\t\t<meta name=\"twitter:image\" content=\"https:\/\/lasentinelle.dz\/wp-content\/uploads\/2021\/09\/cropped-la-sentinelle-earth-golden-anima-5.gif\" \/>\n\t\t<script type=\"application\/ld+json\" class=\"aioseo-schema\">\n\t\t\t{\"@context\":\"https:\\\/\\\/schema.org\",\"@graph\":[{\"@type\":\"BlogPosting\",\"@id\":\"https:\\\/\\\/lasentinelle.dz\\\/index.php\\\/2022\\\/05\\\/31\\\/youcef-mahiout-et-mohamed-mokhbi-nommes-walis-de-khenchela-et-de-tindouf\\\/#blogposting\",\"name\":\"Youcef Mahiout et Mohamed Mokhbi nomm\\u00e9s walis de Khenchela et de Tindouf - La Sentinelle\",\"headline\":\"Youcef Mahiout et Mohamed Mokhbi nomm\\u00e9s walis de Khenchela et de Tindouf\",\"author\":{\"@id\":\"https:\\\/\\\/lasentinelle.dz\\\/author\\\/redaction\\\/#author\"},\"publisher\":{\"@id\":\"https:\\\/\\\/lasentinelle.dz\\\/#organization\"},\"image\":{\"@type\":\"ImageObject\",\"url\":\"https:\\\/\\\/lasentinelle.dz\\\/wp-content\\\/uploads\\\/2022\\\/05\\\/Unknown-8.jpeg\",\"width\":306,\"height\":165},\"datePublished\":\"2022-05-31T00:01:00+01:00\",\"dateModified\":\"2022-05-30T20:28:20+01:00\",\"inLanguage\":\"fr-FR\",\"mainEntityOfPage\":{\"@id\":\"https:\\\/\\\/lasentinelle.dz\\\/index.php\\\/2022\\\/05\\\/31\\\/youcef-mahiout-et-mohamed-mokhbi-nommes-walis-de-khenchela-et-de-tindouf\\\/#webpage\"},\"isPartOf\":{\"@id\":\"https:\\\/\\\/lasentinelle.dz\\\/index.php\\\/2022\\\/05\\\/31\\\/youcef-mahiout-et-mohamed-mokhbi-nommes-walis-de-khenchela-et-de-tindouf\\\/#webpage\"},\"articleSection\":\"Actualit\\u00e9\"},{\"@type\":\"BreadcrumbList\",\"@id\":\"https:\\\/\\\/lasentinelle.dz\\\/index.php\\\/2022\\\/05\\\/31\\\/youcef-mahiout-et-mohamed-mokhbi-nommes-walis-de-khenchela-et-de-tindouf\\\/#breadcrumblist\",\"itemListElement\":[{\"@type\":\"ListItem\",\"@id\":\"https:\\\/\\\/lasentinelle.dz#listItem\",\"position\":1,\"name\":\"Home\",\"item\":\"https:\\\/\\\/lasentinelle.dz\",\"nextItem\":{\"@type\":\"ListItem\",\"@id\":\"https:\\\/\\\/lasentinelle.dz\\\/index.php\\\/category\\\/actualite\\\/#listItem\",\"name\":\"Actualit\\u00e9\"}},{\"@type\":\"ListItem\",\"@id\":\"https:\\\/\\\/lasentinelle.dz\\\/index.php\\\/category\\\/actualite\\\/#listItem\",\"position\":2,\"name\":\"Actualit\\u00e9\",\"item\":\"https:\\\/\\\/lasentinelle.dz\\\/index.php\\\/category\\\/actualite\\\/\",\"nextItem\":{\"@type\":\"ListItem\",\"@id\":\"https:\\\/\\\/lasentinelle.dz\\\/index.php\\\/2022\\\/05\\\/31\\\/youcef-mahiout-et-mohamed-mokhbi-nommes-walis-de-khenchela-et-de-tindouf\\\/#listItem\",\"name\":\"Youcef Mahiout et Mohamed Mokhbi nomm\\u00e9s walis de Khenchela et de Tindouf\"},\"previousItem\":{\"@type\":\"ListItem\",\"@id\":\"https:\\\/\\\/lasentinelle.dz#listItem\",\"name\":\"Home\"}},{\"@type\":\"ListItem\",\"@id\":\"https:\\\/\\\/lasentinelle.dz\\\/index.php\\\/2022\\\/05\\\/31\\\/youcef-mahiout-et-mohamed-mokhbi-nommes-walis-de-khenchela-et-de-tindouf\\\/#listItem\",\"position\":3,\"name\":\"Youcef Mahiout et Mohamed Mokhbi nomm\\u00e9s walis de Khenchela et de Tindouf\",\"previousItem\":{\"@type\":\"ListItem\",\"@id\":\"https:\\\/\\\/lasentinelle.dz\\\/index.php\\\/category\\\/actualite\\\/#listItem\",\"name\":\"Actualit\\u00e9\"}}]},{\"@type\":\"Organization\",\"@id\":\"https:\\\/\\\/lasentinelle.dz\\\/#organization\",\"name\":\"La Sentinelle La Sentinelle\",\"description\":\"Quotidien national d'information\",\"url\":\"https:\\\/\\\/lasentinelle.dz\\\/\",\"logo\":{\"@type\":\"ImageObject\",\"url\":\"https:\\\/\\\/lasentinelle.dz\\\/wp-content\\\/uploads\\\/2021\\\/09\\\/cropped-la-sentinelle-earth-golden-anima-5.gif\",\"@id\":\"https:\\\/\\\/lasentinelle.dz\\\/index.php\\\/2022\\\/05\\\/31\\\/youcef-mahiout-et-mohamed-mokhbi-nommes-walis-de-khenchela-et-de-tindouf\\\/#organizationLogo\",\"width\":450,\"height\":213},\"image\":{\"@id\":\"https:\\\/\\\/lasentinelle.dz\\\/index.php\\\/2022\\\/05\\\/31\\\/youcef-mahiout-et-mohamed-mokhbi-nommes-walis-de-khenchela-et-de-tindouf\\\/#organizationLogo\"},\"sameAs\":[\"https:\\\/\\\/www.facebook.com\\\/azzedine.lasentinelle.1\"]},{\"@type\":\"Person\",\"@id\":\"https:\\\/\\\/lasentinelle.dz\\\/author\\\/redaction\\\/#author\",\"url\":\"https:\\\/\\\/lasentinelle.dz\\\/author\\\/redaction\\\/\",\"name\":\"La Sentinelle\",\"image\":{\"@type\":\"ImageObject\",\"@id\":\"https:\\\/\\\/lasentinelle.dz\\\/index.php\\\/2022\\\/05\\\/31\\\/youcef-mahiout-et-mohamed-mokhbi-nommes-walis-de-khenchela-et-de-tindouf\\\/#authorImage\",\"url\":\"https:\\\/\\\/secure.gravatar.com\\\/avatar\\\/57de8e5d4b15d43fb361a71fbb36338450fe67865b528a43dd10ef7c51a20392?s=96&d=mm&r=g\",\"width\":96,\"height\":96,\"caption\":\"La Sentinelle\"}},{\"@type\":\"WebPage\",\"@id\":\"https:\\\/\\\/lasentinelle.dz\\\/index.php\\\/2022\\\/05\\\/31\\\/youcef-mahiout-et-mohamed-mokhbi-nommes-walis-de-khenchela-et-de-tindouf\\\/#webpage\",\"url\":\"https:\\\/\\\/lasentinelle.dz\\\/index.php\\\/2022\\\/05\\\/31\\\/youcef-mahiout-et-mohamed-mokhbi-nommes-walis-de-khenchela-et-de-tindouf\\\/\",\"name\":\"Youcef Mahiout et Mohamed Mokhbi nomm\\u00e9s walis de Khenchela et de Tindouf - La Sentinelle\",\"description\":\"Le minist\\u00e8re de l'Int\\u00e9rieur, des Collectivit\\u00e9s locales et de l'Am\\u00e9nagement du Territoire a annonc\\u00e9, hier dans un communiqu\\u00e9, que MM Youcef Mahiout et Mohamed Mokhbi ont \\u00e9t\\u00e9 nomm\\u00e9s respectivement walis de Khenchela et de Tindouf, apr\\u00e8s approbation du Pr\\u00e9sident de la R\\u00e9publique, M. Abdelmadjid Tebboune. \\\"Le minist\\u00e8re de l'Int\\u00e9rieur, des Collectivit\\u00e9s locales et de l'Am\\u00e9nagement du Territoire a\",\"inLanguage\":\"fr-FR\",\"isPartOf\":{\"@id\":\"https:\\\/\\\/lasentinelle.dz\\\/#website\"},\"breadcrumb\":{\"@id\":\"https:\\\/\\\/lasentinelle.dz\\\/index.php\\\/2022\\\/05\\\/31\\\/youcef-mahiout-et-mohamed-mokhbi-nommes-walis-de-khenchela-et-de-tindouf\\\/#breadcrumblist\"},\"author\":{\"@id\":\"https:\\\/\\\/lasentinelle.dz\\\/author\\\/redaction\\\/#author\"},\"creator\":{\"@id\":\"https:\\\/\\\/lasentinelle.dz\\\/author\\\/redaction\\\/#author\"},\"image\":{\"@type\":\"ImageObject\",\"url\":\"https:\\\/\\\/lasentinelle.dz\\\/wp-content\\\/uploads\\\/2022\\\/05\\\/Unknown-8.jpeg\",\"@id\":\"https:\\\/\\\/lasentinelle.dz\\\/index.php\\\/2022\\\/05\\\/31\\\/youcef-mahiout-et-mohamed-mokhbi-nommes-walis-de-khenchela-et-de-tindouf\\\/#mainImage\",\"width\":306,\"height\":165},\"primaryImageOfPage\":{\"@id\":\"https:\\\/\\\/lasentinelle.dz\\\/index.php\\\/2022\\\/05\\\/31\\\/youcef-mahiout-et-mohamed-mokhbi-nommes-walis-de-khenchela-et-de-tindouf\\\/#mainImage\"},\"datePublished\":\"2022-05-31T00:01:00+01:00\",\"dateModified\":\"2022-05-30T20:28:20+01:00\"},{\"@type\":\"WebSite\",\"@id\":\"https:\\\/\\\/lasentinelle.dz\\\/#website\",\"url\":\"https:\\\/\\\/lasentinelle.dz\\\/\",\"name\":\"La Sentinelle\",\"description\":\"Quotidien national d'information\",\"inLanguage\":\"fr-FR\",\"publisher\":{\"@id\":\"https:\\\/\\\/lasentinelle.dz\\\/#organization\"}}]}\n\t\t<\/script>\n\t\t<!-- All in One SEO -->\n\n","aioseo_head_json":{"title":"Youcef Mahiout et Mohamed Mokhbi nomm\u00e9s walis de Khenchela et de Tindouf - La Sentinelle","description":"Le minist\u00e8re de l'Int\u00e9rieur, des Collectivit\u00e9s locales et de l'Am\u00e9nagement du Territoire a annonc\u00e9, hier dans un communiqu\u00e9, que MM Youcef Mahiout et Mohamed Mokhbi ont \u00e9t\u00e9 nomm\u00e9s respectivement walis de Khenchela et de Tindouf, apr\u00e8s approbation du Pr\u00e9sident de la R\u00e9publique, M. Abdelmadjid Tebboune. \"Le minist\u00e8re de l'Int\u00e9rieur, des Collectivit\u00e9s locales et de l'Am\u00e9nagement du Territoire a","canonical_url":"https:\/\/lasentinelle.dz\/index.php\/2022\/05\/31\/youcef-mahiout-et-mohamed-mokhbi-nommes-walis-de-khenchela-et-de-tindouf\/","robots":"max-image-preview:large","keywords":"","webmasterTools":{"miscellaneous":""},"schema":{"@context":"https:\/\/schema.org","@graph":[{"@type":"BlogPosting","@id":"https:\/\/lasentinelle.dz\/index.php\/2022\/05\/31\/youcef-mahiout-et-mohamed-mokhbi-nommes-walis-de-khenchela-et-de-tindouf\/#blogposting","name":"Youcef Mahiout et Mohamed Mokhbi nomm\u00e9s walis de Khenchela et de Tindouf - La Sentinelle","headline":"Youcef Mahiout et Mohamed Mokhbi nomm\u00e9s walis de Khenchela et de Tindouf","author":{"@id":"https:\/\/lasentinelle.dz\/author\/redaction\/#author"},"publisher":{"@id":"https:\/\/lasentinelle.dz\/#organization"},"image":{"@type":"ImageObject","url":"https:\/\/lasentinelle.dz\/wp-content\/uploads\/2022\/05\/Unknown-8.jpeg","width":306,"height":165},"datePublished":"2022-05-31T00:01:00+01:00","dateModified":"2022-05-30T20:28:20+01:00","inLanguage":"fr-FR","mainEntityOfPage":{"@id":"https:\/\/lasentinelle.dz\/index.php\/2022\/05\/31\/youcef-mahiout-et-mohamed-mokhbi-nommes-walis-de-khenchela-et-de-tindouf\/#webpage"},"isPartOf":{"@id":"https:\/\/lasentinelle.dz\/index.php\/2022\/05\/31\/youcef-mahiout-et-mohamed-mokhbi-nommes-walis-de-khenchela-et-de-tindouf\/#webpage"},"articleSection":"Actualit\u00e9"},{"@type":"BreadcrumbList","@id":"https:\/\/lasentinelle.dz\/index.php\/2022\/05\/31\/youcef-mahiout-et-mohamed-mokhbi-nommes-walis-de-khenchela-et-de-tindouf\/#breadcrumblist","itemListElement":[{"@type":"ListItem","@id":"https:\/\/lasentinelle.dz#listItem","position":1,"name":"Home","item":"https:\/\/lasentinelle.dz","nextItem":{"@type":"ListItem","@id":"https:\/\/lasentinelle.dz\/index.php\/category\/actualite\/#listItem","name":"Actualit\u00e9"}},{"@type":"ListItem","@id":"https:\/\/lasentinelle.dz\/index.php\/category\/actualite\/#listItem","position":2,"name":"Actualit\u00e9","item":"https:\/\/lasentinelle.dz\/index.php\/category\/actualite\/","nextItem":{"@type":"ListItem","@id":"https:\/\/lasentinelle.dz\/index.php\/2022\/05\/31\/youcef-mahiout-et-mohamed-mokhbi-nommes-walis-de-khenchela-et-de-tindouf\/#listItem","name":"Youcef Mahiout et Mohamed Mokhbi nomm\u00e9s walis de Khenchela et de Tindouf"},"previousItem":{"@type":"ListItem","@id":"https:\/\/lasentinelle.dz#listItem","name":"Home"}},{"@type":"ListItem","@id":"https:\/\/lasentinelle.dz\/index.php\/2022\/05\/31\/youcef-mahiout-et-mohamed-mokhbi-nommes-walis-de-khenchela-et-de-tindouf\/#listItem","position":3,"name":"Youcef Mahiout et Mohamed Mokhbi nomm\u00e9s walis de Khenchela et de Tindouf","previousItem":{"@type":"ListItem","@id":"https:\/\/lasentinelle.dz\/index.php\/category\/actualite\/#listItem","name":"Actualit\u00e9"}}]},{"@type":"Organization","@id":"https:\/\/lasentinelle.dz\/#organization","name":"La Sentinelle La Sentinelle","description":"Quotidien national d'information","url":"https:\/\/lasentinelle.dz\/","logo":{"@type":"ImageObject","url":"https:\/\/lasentinelle.dz\/wp-content\/uploads\/2021\/09\/cropped-la-sentinelle-earth-golden-anima-5.gif","@id":"https:\/\/lasentinelle.dz\/index.php\/2022\/05\/31\/youcef-mahiout-et-mohamed-mokhbi-nommes-walis-de-khenchela-et-de-tindouf\/#organizationLogo","width":450,"height":213},"image":{"@id":"https:\/\/lasentinelle.dz\/index.php\/2022\/05\/31\/youcef-mahiout-et-mohamed-mokhbi-nommes-walis-de-khenchela-et-de-tindouf\/#organizationLogo"},"sameAs":["https:\/\/www.facebook.com\/azzedine.lasentinelle.1"]},{"@type":"Person","@id":"https:\/\/lasentinelle.dz\/author\/redaction\/#author","url":"https:\/\/lasentinelle.dz\/author\/redaction\/","name":"La Sentinelle","image":{"@type":"ImageObject","@id":"https:\/\/lasentinelle.dz\/index.php\/2022\/05\/31\/youcef-mahiout-et-mohamed-mokhbi-nommes-walis-de-khenchela-et-de-tindouf\/#authorImage","url":"https:\/\/secure.gravatar.com\/avatar\/57de8e5d4b15d43fb361a71fbb36338450fe67865b528a43dd10ef7c51a20392?s=96&d=mm&r=g","width":96,"height":96,"caption":"La Sentinelle"}},{"@type":"WebPage","@id":"https:\/\/lasentinelle.dz\/index.php\/2022\/05\/31\/youcef-mahiout-et-mohamed-mokhbi-nommes-walis-de-khenchela-et-de-tindouf\/#webpage","url":"https:\/\/lasentinelle.dz\/index.php\/2022\/05\/31\/youcef-mahiout-et-mohamed-mokhbi-nommes-walis-de-khenchela-et-de-tindouf\/","name":"Youcef Mahiout et Mohamed Mokhbi nomm\u00e9s walis de Khenchela et de Tindouf - La Sentinelle","description":"Le minist\u00e8re de l'Int\u00e9rieur, des Collectivit\u00e9s locales et de l'Am\u00e9nagement du Territoire a annonc\u00e9, hier dans un communiqu\u00e9, que MM Youcef Mahiout et Mohamed Mokhbi ont \u00e9t\u00e9 nomm\u00e9s respectivement walis de Khenchela et de Tindouf, apr\u00e8s approbation du Pr\u00e9sident de la R\u00e9publique, M. Abdelmadjid Tebboune. \"Le minist\u00e8re de l'Int\u00e9rieur, des Collectivit\u00e9s locales et de l'Am\u00e9nagement du Territoire a","inLanguage":"fr-FR","isPartOf":{"@id":"https:\/\/lasentinelle.dz\/#website"},"breadcrumb":{"@id":"https:\/\/lasentinelle.dz\/index.php\/2022\/05\/31\/youcef-mahiout-et-mohamed-mokhbi-nommes-walis-de-khenchela-et-de-tindouf\/#breadcrumblist"},"author":{"@id":"https:\/\/lasentinelle.dz\/author\/redaction\/#author"},"creator":{"@id":"https:\/\/lasentinelle.dz\/author\/redaction\/#author"},"image":{"@type":"ImageObject","url":"https:\/\/lasentinelle.dz\/wp-content\/uploads\/2022\/05\/Unknown-8.jpeg","@id":"https:\/\/lasentinelle.dz\/index.php\/2022\/05\/31\/youcef-mahiout-et-mohamed-mokhbi-nommes-walis-de-khenchela-et-de-tindouf\/#mainImage","width":306,"height":165},"primaryImageOfPage":{"@id":"https:\/\/lasentinelle.dz\/index.php\/2022\/05\/31\/youcef-mahiout-et-mohamed-mokhbi-nommes-walis-de-khenchela-et-de-tindouf\/#mainImage"},"datePublished":"2022-05-31T00:01:00+01:00","dateModified":"2022-05-30T20:28:20+01:00"},{"@type":"WebSite","@id":"https:\/\/lasentinelle.dz\/#website","url":"https:\/\/lasentinelle.dz\/","name":"La Sentinelle","description":"Quotidien national d'information","inLanguage":"fr-FR","publisher":{"@id":"https:\/\/lasentinelle.dz\/#organization"}}]},"og:locale":"fr_FR","og:site_name":"La Sentinelle - Quotidien national d'information","og:type":"article","og:title":"Youcef Mahiout et Mohamed Mokhbi nomm\u00e9s walis de Khenchela et de Tindouf - La Sentinelle","og:description":"Le minist\u00e8re de l'Int\u00e9rieur, des Collectivit\u00e9s locales et de l'Am\u00e9nagement du Territoire a annonc\u00e9, hier dans un communiqu\u00e9, que MM Youcef Mahiout et Mohamed Mokhbi ont \u00e9t\u00e9 nomm\u00e9s respectivement walis de Khenchela et de Tindouf, apr\u00e8s approbation du Pr\u00e9sident de la R\u00e9publique, M. Abdelmadjid Tebboune. &quot;Le minist\u00e8re de l'Int\u00e9rieur, des Collectivit\u00e9s locales et de l'Am\u00e9nagement du Territoire a","og:url":"https:\/\/lasentinelle.dz\/index.php\/2022\/05\/31\/youcef-mahiout-et-mohamed-mokhbi-nommes-walis-de-khenchela-et-de-tindouf\/","og:image":"https:\/\/lasentinelle.dz\/wp-content\/uploads\/2021\/09\/cropped-la-sentinelle-earth-golden-anima-5.gif","og:image:secure_url":"https:\/\/lasentinelle.dz\/wp-content\/uploads\/2021\/09\/cropped-la-sentinelle-earth-golden-anima-5.gif","og:image:width":450,"og:image:height":213,"article:published_time":"2022-05-30T23:01:00+00:00","article:modified_time":"2022-05-30T19:28:20+00:00","article:publisher":"https:\/\/www.facebook.com\/azzedine.lasentinelle.1","twitter:card":"summary_large_image","twitter:title":"Youcef Mahiout et Mohamed Mokhbi nomm\u00e9s walis de Khenchela et de Tindouf - La Sentinelle","twitter:description":"Le minist\u00e8re de l'Int\u00e9rieur, des Collectivit\u00e9s locales et de l'Am\u00e9nagement du Territoire a annonc\u00e9, hier dans un communiqu\u00e9, que MM Youcef Mahiout et Mohamed Mokhbi ont \u00e9t\u00e9 nomm\u00e9s respectivement walis de Khenchela et de Tindouf, apr\u00e8s approbation du Pr\u00e9sident de la R\u00e9publique, M. Abdelmadjid Tebboune. &quot;Le minist\u00e8re de l'Int\u00e9rieur, des Collectivit\u00e9s locales et de l'Am\u00e9nagement du Territoire a","twitter:image":"https:\/\/lasentinelle.dz\/wp-content\/uploads\/2021\/09\/cropped-la-sentinelle-earth-golden-anima-5.gif"},"aioseo_meta_data":{"post_id":"21816","title":null,"description":null,"keywords":null,"keyphrases":null,"primary_term":null,"canonical_url":null,"og_title":null,"og_description":null,"og_object_type":"default","og_image_type":"default","og_image_url":null,"og_image_width":null,"og_image_height":null,"og_image_custom_url":null,"og_image_custom_fields":null,"og_video":null,"og_custom_url":null,"og_article_section":null,"og_article_tags":null,"twitter_use_og":false,"twitter_card":"default","twitter_image_type":"default","twitter_image_url":null,"twitter_image_custom_url":null,"twitter_image_custom_fields":null,"twitter_title":null,"twitter_description":null,"schema":{"blockGraphs":[],"customGraphs":[],"default":{"data":{"Article":[],"Course":[],"Dataset":[],"FAQPage":[],"Movie":[],"Person":[],"Product":[],"ProductReview":[],"Car":[],"Recipe":[],"Service":[],"SoftwareApplication":[],"WebPage":[]},"graphName":"","isEnabled":true},"graphs":[]},"schema_type":"default","schema_type_options":null,"pillar_content":false,"robots_default":true,"robots_noindex":false,"robots_noarchive":false,"robots_nosnippet":false,"robots_nofollow":false,"robots_noimageindex":false,"robots_noodp":false,"robots_notranslate":false,"robots_max_snippet":null,"robots_max_videopreview":null,"robots_max_imagepreview":"large","priority":null,"frequency":null,"local_seo":null,"breadcrumb_settings":null,"limit_modified_date":false,"ai":null,"created":"2026-04-26 13:08:54","updated":"2026-04-26 13:08:54","focus_keyword":null,"additional_keywords":null,"truseo_locale":null,"seo_analyzer_scan_date":null},"aioseo_breadcrumb":"<div class=\"aioseo-breadcrumbs\"><span class=\"aioseo-breadcrumb\">\n\t\t\t<a href=\"https:\/\/lasentinelle.dz\" title=\"Home\">Home<\/a>\n\t\t<\/span><span class=\"aioseo-breadcrumb-separator\">&raquo;<\/span><span class=\"aioseo-breadcrumb\">\n\t\t\t<a href=\"https:\/\/lasentinelle.dz\/index.php\/category\/actualite\/\" title=\"Actualit\u00e9\">Actualit\u00e9<\/a>\n\t\t<\/span><span class=\"aioseo-breadcrumb-separator\">&raquo;<\/span><span class=\"aioseo-breadcrumb\">\n\t\t\tYoucef Mahiout et Mohamed Mokhbi nomm\u00e9s walis de Khenchela et de Tindouf\n\t\t<\/span><\/div>","aioseo_breadcrumb_json":[{"label":"Home","link":"https:\/\/lasentinelle.dz"},{"label":"Actualit\u00e9","link":"https:\/\/lasentinelle.dz\/index.php\/category\/actualite\/"},{"label":"Youcef Mahiout et Mohamed Mokhbi nomm\u00e9s walis de Khenchela et de Tindouf","link":"https:\/\/lasentinelle.dz\/index.php\/2022\/05\/31\/youcef-mahiout-et-mohamed-mokhbi-nommes-walis-de-khenchela-et-de-tindouf\/"}],"yoast_head":"<!-- This site is optimized with the Yoast SEO plugin v28.4 - https:\/\/yoast.com\/product\/yoast-seo-wordpress\/ -->\n<title>Youcef Mahiout et Mohamed Mokhbi nomm\u00e9s walis de Khenchela et de Tindouf - La Sentinelle<\/title>\n<meta name=\"robots\" content=\"index, follow, max-snippet:-1, max-image-preview:large, max-video-preview:-1\" \/>\n<link rel=\"canonical\" href=\"https:\/\/lasentinelle.dz\/index.php\/2022\/05\/31\/youcef-mahiout-et-mohamed-mokhbi-nommes-walis-de-khenchela-et-de-tindouf\/\" \/>\n<meta property=\"og:locale\" content=\"fr_FR\" \/>\n<meta property=\"og:type\" content=\"article\" \/>\n<meta property=\"og:title\" content=\"Youcef Mahiout et Mohamed Mokhbi nomm\u00e9s walis de Khenchela et de Tindouf - La Sentinelle\" \/>\n<meta property=\"og:description\" content=\"Le minist\u00e8re de l&rsquo;Int\u00e9rieur, des Collectivit\u00e9s locales et de l&rsquo;Am\u00e9nagement du Territoire a annonc\u00e9,&nbsp;hier&nbsp;dans un communiqu\u00e9, que MM Youcef Mahiout\" \/>\n<meta property=\"og:url\" content=\"https:\/\/lasentinelle.dz\/index.php\/2022\/05\/31\/youcef-mahiout-et-mohamed-mokhbi-nommes-walis-de-khenchela-et-de-tindouf\/\" \/>\n<meta property=\"og:site_name\" content=\"La Sentinelle\" \/>\n<meta property=\"article:publisher\" content=\"https:\/\/www.facebook.com\/La-Sentinelle-104059864394773\" \/>\n<meta property=\"article:published_time\" content=\"2022-05-30T23:01:00+00:00\" \/>\n<meta property=\"og:image\" content=\"https:\/\/lasentinelle.dz\/wp-content\/uploads\/2022\/05\/Unknown-8.jpeg\" \/>\n\t<meta property=\"og:image:width\" content=\"306\" \/>\n\t<meta property=\"og:image:height\" content=\"165\" \/>\n\t<meta property=\"og:image:type\" content=\"image\/jpeg\" \/>\n<meta name=\"author\" content=\"La Sentinelle\" \/>\n<meta name=\"twitter:card\" content=\"summary_large_image\" \/>\n<meta name=\"twitter:label1\" content=\"\u00c9crit par\" \/>\n\t<meta name=\"twitter:data1\" content=\"La Sentinelle\" \/>\n\t<meta name=\"twitter:label2\" content=\"Dur\u00e9e de lecture estim\u00e9e\" \/>\n\t<meta name=\"twitter:data2\" content=\"1 minute\" \/>\n<script type=\"application\/ld+json\" class=\"yoast-schema-graph\">{\"@context\":\"https:\\\/\\\/schema.org\",\"@graph\":[{\"@type\":\"Article\",\"@id\":\"https:\\\/\\\/lasentinelle.dz\\\/index.php\\\/2022\\\/05\\\/31\\\/youcef-mahiout-et-mohamed-mokhbi-nommes-walis-de-khenchela-et-de-tindouf\\\/#article\",\"isPartOf\":{\"@id\":\"https:\\\/\\\/lasentinelle.dz\\\/index.php\\\/2022\\\/05\\\/31\\\/youcef-mahiout-et-mohamed-mokhbi-nommes-walis-de-khenchela-et-de-tindouf\\\/\"},\"author\":{\"name\":\"La Sentinelle\",\"@id\":\"https:\\\/\\\/lasentinelle.dz\\\/#\\\/schema\\\/person\\\/d865044e22e70a75174ce8bcad3acfb3\"},\"headline\":\"Youcef Mahiout et Mohamed Mokhbi nomm\u00e9s walis de Khenchela et de Tindouf\",\"datePublished\":\"2022-05-30T23:01:00+00:00\",\"mainEntityOfPage\":{\"@id\":\"https:\\\/\\\/lasentinelle.dz\\\/index.php\\\/2022\\\/05\\\/31\\\/youcef-mahiout-et-mohamed-mokhbi-nommes-walis-de-khenchela-et-de-tindouf\\\/\"},\"wordCount\":133,\"commentCount\":0,\"publisher\":{\"@id\":\"https:\\\/\\\/lasentinelle.dz\\\/#organization\"},\"image\":{\"@id\":\"https:\\\/\\\/lasentinelle.dz\\\/index.php\\\/2022\\\/05\\\/31\\\/youcef-mahiout-et-mohamed-mokhbi-nommes-walis-de-khenchela-et-de-tindouf\\\/#primaryimage\"},\"thumbnailUrl\":\"https:\\\/\\\/lasentinelle.dz\\\/wp-content\\\/uploads\\\/2022\\\/05\\\/Unknown-8.jpeg\",\"articleSection\":[\"Actualit\u00e9\"],\"inLanguage\":\"fr-FR\",\"potentialAction\":[{\"@type\":\"CommentAction\",\"name\":\"Comment\",\"target\":[\"https:\\\/\\\/lasentinelle.dz\\\/index.php\\\/2022\\\/05\\\/31\\\/youcef-mahiout-et-mohamed-mokhbi-nommes-walis-de-khenchela-et-de-tindouf\\\/#respond\"]}]},{\"@type\":\"WebPage\",\"@id\":\"https:\\\/\\\/lasentinelle.dz\\\/index.php\\\/2022\\\/05\\\/31\\\/youcef-mahiout-et-mohamed-mokhbi-nommes-walis-de-khenchela-et-de-tindouf\\\/\",\"url\":\"https:\\\/\\\/lasentinelle.dz\\\/index.php\\\/2022\\\/05\\\/31\\\/youcef-mahiout-et-mohamed-mokhbi-nommes-walis-de-khenchela-et-de-tindouf\\\/\",\"name\":\"Youcef Mahiout et Mohamed Mokhbi nomm\u00e9s walis de Khenchela et de Tindouf - La Sentinelle\",\"isPartOf\":{\"@id\":\"https:\\\/\\\/lasentinelle.dz\\\/#website\"},\"primaryImageOfPage\":{\"@id\":\"https:\\\/\\\/lasentinelle.dz\\\/index.php\\\/2022\\\/05\\\/31\\\/youcef-mahiout-et-mohamed-mokhbi-nommes-walis-de-khenchela-et-de-tindouf\\\/#primaryimage\"},\"image\":{\"@id\":\"https:\\\/\\\/lasentinelle.dz\\\/index.php\\\/2022\\\/05\\\/31\\\/youcef-mahiout-et-mohamed-mokhbi-nommes-walis-de-khenchela-et-de-tindouf\\\/#primaryimage\"},\"thumbnailUrl\":\"https:\\\/\\\/lasentinelle.dz\\\/wp-content\\\/uploads\\\/2022\\\/05\\\/Unknown-8.jpeg\",\"datePublished\":\"2022-05-30T23:01:00+00:00\",\"breadcrumb\":{\"@id\":\"https:\\\/\\\/lasentinelle.dz\\\/index.php\\\/2022\\\/05\\\/31\\\/youcef-mahiout-et-mohamed-mokhbi-nommes-walis-de-khenchela-et-de-tindouf\\\/#breadcrumb\"},\"inLanguage\":\"fr-FR\",\"potentialAction\":[{\"@type\":\"ReadAction\",\"target\":[\"https:\\\/\\\/lasentinelle.dz\\\/index.php\\\/2022\\\/05\\\/31\\\/youcef-mahiout-et-mohamed-mokhbi-nommes-walis-de-khenchela-et-de-tindouf\\\/\"]}]},{\"@type\":\"ImageObject\",\"inLanguage\":\"fr-FR\",\"@id\":\"https:\\\/\\\/lasentinelle.dz\\\/index.php\\\/2022\\\/05\\\/31\\\/youcef-mahiout-et-mohamed-mokhbi-nommes-walis-de-khenchela-et-de-tindouf\\\/#primaryimage\",\"url\":\"https:\\\/\\\/lasentinelle.dz\\\/wp-content\\\/uploads\\\/2022\\\/05\\\/Unknown-8.jpeg\",\"contentUrl\":\"https:\\\/\\\/lasentinelle.dz\\\/wp-content\\\/uploads\\\/2022\\\/05\\\/Unknown-8.jpeg\",\"width\":306,\"height\":165},{\"@type\":\"BreadcrumbList\",\"@id\":\"https:\\\/\\\/lasentinelle.dz\\\/index.php\\\/2022\\\/05\\\/31\\\/youcef-mahiout-et-mohamed-mokhbi-nommes-walis-de-khenchela-et-de-tindouf\\\/#breadcrumb\",\"itemListElement\":[{\"@type\":\"ListItem\",\"position\":1,\"name\":\"Accueil\",\"item\":\"https:\\\/\\\/lasentinelle.dz\\\/\"},{\"@type\":\"ListItem\",\"position\":2,\"name\":\"Youcef Mahiout et Mohamed Mokhbi nomm\u00e9s walis de Khenchela et de Tindouf\"}]},{\"@type\":\"WebSite\",\"@id\":\"https:\\\/\\\/lasentinelle.dz\\\/#website\",\"url\":\"https:\\\/\\\/lasentinelle.dz\\\/\",\"name\":\"La Sentinelle\",\"description\":\"Quotidien national d&#039;information\",\"publisher\":{\"@id\":\"https:\\\/\\\/lasentinelle.dz\\\/#organization\"},\"potentialAction\":[{\"@type\":\"SearchAction\",\"target\":{\"@type\":\"EntryPoint\",\"urlTemplate\":\"https:\\\/\\\/lasentinelle.dz\\\/?s={search_term_string}\"},\"query-input\":{\"@type\":\"PropertyValueSpecification\",\"valueRequired\":true,\"valueName\":\"search_term_string\"}}],\"inLanguage\":\"fr-FR\"},{\"@type\":\"Organization\",\"@id\":\"https:\\\/\\\/lasentinelle.dz\\\/#organization\",\"name\":\"Quotidien La Sentinelle\",\"url\":\"https:\\\/\\\/lasentinelle.dz\\\/\",\"logo\":{\"@type\":\"ImageObject\",\"inLanguage\":\"fr-FR\",\"@id\":\"https:\\\/\\\/lasentinelle.dz\\\/#\\\/schema\\\/logo\\\/image\\\/\",\"url\":\"https:\\\/\\\/lasentinelle.dz\\\/wp-content\\\/uploads\\\/2021\\\/09\\\/logo-sentinelleSLOGAN-1.png\",\"contentUrl\":\"https:\\\/\\\/lasentinelle.dz\\\/wp-content\\\/uploads\\\/2021\\\/09\\\/logo-sentinelleSLOGAN-1.png\",\"width\":615,\"height\":142,\"caption\":\"Quotidien La Sentinelle\"},\"image\":{\"@id\":\"https:\\\/\\\/lasentinelle.dz\\\/#\\\/schema\\\/logo\\\/image\\\/\"},\"sameAs\":[\"https:\\\/\\\/www.facebook.com\\\/La-Sentinelle-104059864394773\"]},{\"@type\":\"Person\",\"@id\":\"https:\\\/\\\/lasentinelle.dz\\\/#\\\/schema\\\/person\\\/d865044e22e70a75174ce8bcad3acfb3\",\"name\":\"La Sentinelle\",\"image\":{\"@type\":\"ImageObject\",\"inLanguage\":\"fr-FR\",\"@id\":\"https:\\\/\\\/secure.gravatar.com\\\/avatar\\\/57de8e5d4b15d43fb361a71fbb36338450fe67865b528a43dd10ef7c51a20392?s=96&d=mm&r=g\",\"url\":\"https:\\\/\\\/secure.gravatar.com\\\/avatar\\\/57de8e5d4b15d43fb361a71fbb36338450fe67865b528a43dd10ef7c51a20392?s=96&d=mm&r=g\",\"contentUrl\":\"https:\\\/\\\/secure.gravatar.com\\\/avatar\\\/57de8e5d4b15d43fb361a71fbb36338450fe67865b528a43dd10ef7c51a20392?s=96&d=mm&r=g\",\"caption\":\"La Sentinelle\"},\"sameAs\":[\"http:\\\/\\\/www.lasentinelle.dz\"],\"url\":\"https:\\\/\\\/lasentinelle.dz\\\/author\\\/redaction\\\/\"}]}<\/script>\n<!-- \/ Yoast SEO plugin. -->","yoast_head_json":{"title":"Youcef Mahiout et Mohamed Mokhbi nomm\u00e9s walis de Khenchela et de Tindouf - La Sentinelle","robots":{"index":"index","follow":"follow","max-snippet":"max-snippet:-1","max-image-preview":"max-image-preview:large","max-video-preview":"max-video-preview:-1"},"canonical":"https:\/\/lasentinelle.dz\/index.php\/2022\/05\/31\/youcef-mahiout-et-mohamed-mokhbi-nommes-walis-de-khenchela-et-de-tindouf\/","og_locale":"fr_FR","og_type":"article","og_title":"Youcef Mahiout et Mohamed Mokhbi nomm\u00e9s walis de Khenchela et de Tindouf - La Sentinelle","og_description":"Le minist\u00e8re de l&rsquo;Int\u00e9rieur, des Collectivit\u00e9s locales et de l&rsquo;Am\u00e9nagement du Territoire a annonc\u00e9,&nbsp;hier&nbsp;dans un communiqu\u00e9, que MM Youcef Mahiout","og_url":"https:\/\/lasentinelle.dz\/index.php\/2022\/05\/31\/youcef-mahiout-et-mohamed-mokhbi-nommes-walis-de-khenchela-et-de-tindouf\/","og_site_name":"La Sentinelle","article_publisher":"https:\/\/www.facebook.com\/La-Sentinelle-104059864394773","article_published_time":"2022-05-30T23:01:00+00:00","og_image":[{"width":306,"height":165,"url":"https:\/\/lasentinelle.dz\/wp-content\/uploads\/2022\/05\/Unknown-8.jpeg","type":"image\/jpeg"}],"author":"La Sentinelle","twitter_card":"summary_large_image","twitter_misc":{"\u00c9crit par":"La Sentinelle","Dur\u00e9e de lecture estim\u00e9e":"1 minute"},"schema":{"@context":"https:\/\/schema.org","@graph":[{"@type":"Article","@id":"https:\/\/lasentinelle.dz\/index.php\/2022\/05\/31\/youcef-mahiout-et-mohamed-mokhbi-nommes-walis-de-khenchela-et-de-tindouf\/#article","isPartOf":{"@id":"https:\/\/lasentinelle.dz\/index.php\/2022\/05\/31\/youcef-mahiout-et-mohamed-mokhbi-nommes-walis-de-khenchela-et-de-tindouf\/"},"author":{"name":"La Sentinelle","@id":"https:\/\/lasentinelle.dz\/#\/schema\/person\/d865044e22e70a75174ce8bcad3acfb3"},"headline":"Youcef Mahiout et Mohamed Mokhbi nomm\u00e9s walis de Khenchela et de Tindouf","datePublished":"2022-05-30T23:01:00+00:00","mainEntityOfPage":{"@id":"https:\/\/lasentinelle.dz\/index.php\/2022\/05\/31\/youcef-mahiout-et-mohamed-mokhbi-nommes-walis-de-khenchela-et-de-tindouf\/"},"wordCount":133,"commentCount":0,"publisher":{"@id":"https:\/\/lasentinelle.dz\/#organization"},"image":{"@id":"https:\/\/lasentinelle.dz\/index.php\/2022\/05\/31\/youcef-mahiout-et-mohamed-mokhbi-nommes-walis-de-khenchela-et-de-tindouf\/#primaryimage"},"thumbnailUrl":"https:\/\/lasentinelle.dz\/wp-content\/uploads\/2022\/05\/Unknown-8.jpeg","articleSection":["Actualit\u00e9"],"inLanguage":"fr-FR","potentialAction":[{"@type":"CommentAction","name":"Comment","target":["https:\/\/lasentinelle.dz\/index.php\/2022\/05\/31\/youcef-mahiout-et-mohamed-mokhbi-nommes-walis-de-khenchela-et-de-tindouf\/#respond"]}]},{"@type":"WebPage","@id":"https:\/\/lasentinelle.dz\/index.php\/2022\/05\/31\/youcef-mahiout-et-mohamed-mokhbi-nommes-walis-de-khenchela-et-de-tindouf\/","url":"https:\/\/lasentinelle.dz\/index.php\/2022\/05\/31\/youcef-mahiout-et-mohamed-mokhbi-nommes-walis-de-khenchela-et-de-tindouf\/","name":"Youcef Mahiout et Mohamed Mokhbi nomm\u00e9s walis de Khenchela et de Tindouf - La Sentinelle","isPartOf":{"@id":"https:\/\/lasentinelle.dz\/#website"},"primaryImageOfPage":{"@id":"https:\/\/lasentinelle.dz\/index.php\/2022\/05\/31\/youcef-mahiout-et-mohamed-mokhbi-nommes-walis-de-khenchela-et-de-tindouf\/#primaryimage"},"image":{"@id":"https:\/\/lasentinelle.dz\/index.php\/2022\/05\/31\/youcef-mahiout-et-mohamed-mokhbi-nommes-walis-de-khenchela-et-de-tindouf\/#primaryimage"},"thumbnailUrl":"https:\/\/lasentinelle.dz\/wp-content\/uploads\/2022\/05\/Unknown-8.jpeg","datePublished":"2022-05-30T23:01:00+00:00","breadcrumb":{"@id":"https:\/\/lasentinelle.dz\/index.php\/2022\/05\/31\/youcef-mahiout-et-mohamed-mokhbi-nommes-walis-de-khenchela-et-de-tindouf\/#breadcrumb"},"inLanguage":"fr-FR","potentialAction":[{"@type":"ReadAction","target":["https:\/\/lasentinelle.dz\/index.php\/2022\/05\/31\/youcef-mahiout-et-mohamed-mokhbi-nommes-walis-de-khenchela-et-de-tindouf\/"]}]},{"@type":"ImageObject","inLanguage":"fr-FR","@id":"https:\/\/lasentinelle.dz\/index.php\/2022\/05\/31\/youcef-mahiout-et-mohamed-mokhbi-nommes-walis-de-khenchela-et-de-tindouf\/#primaryimage","url":"https:\/\/lasentinelle.dz\/wp-content\/uploads\/2022\/05\/Unknown-8.jpeg","contentUrl":"https:\/\/lasentinelle.dz\/wp-content\/uploads\/2022\/05\/Unknown-8.jpeg","width":306,"height":165},{"@type":"BreadcrumbList","@id":"https:\/\/lasentinelle.dz\/index.php\/2022\/05\/31\/youcef-mahiout-et-mohamed-mokhbi-nommes-walis-de-khenchela-et-de-tindouf\/#breadcrumb","itemListElement":[{"@type":"ListItem","position":1,"name":"Accueil","item":"https:\/\/lasentinelle.dz\/"},{"@type":"ListItem","position":2,"name":"Youcef Mahiout et Mohamed Mokhbi nomm\u00e9s walis de Khenchela et de Tindouf"}]},{"@type":"WebSite","@id":"https:\/\/lasentinelle.dz\/#website","url":"https:\/\/lasentinelle.dz\/","name":"La Sentinelle","description":"Quotidien national d&#039;information","publisher":{"@id":"https:\/\/lasentinelle.dz\/#organization"},"potentialAction":[{"@type":"SearchAction","target":{"@type":"EntryPoint","urlTemplate":"https:\/\/lasentinelle.dz\/?s={search_term_string}"},"query-input":{"@type":"PropertyValueSpecification","valueRequired":true,"valueName":"search_term_string"}}],"inLanguage":"fr-FR"},{"@type":"Organization","@id":"https:\/\/lasentinelle.dz\/#organization","name":"Quotidien La Sentinelle","url":"https:\/\/lasentinelle.dz\/","logo":{"@type":"ImageObject","inLanguage":"fr-FR","@id":"https:\/\/lasentinelle.dz\/#\/schema\/logo\/image\/","url":"https:\/\/lasentinelle.dz\/wp-content\/uploads\/2021\/09\/logo-sentinelleSLOGAN-1.png","contentUrl":"https:\/\/lasentinelle.dz\/wp-content\/uploads\/2021\/09\/logo-sentinelleSLOGAN-1.png","width":615,"height":142,"caption":"Quotidien La Sentinelle"},"image":{"@id":"https:\/\/lasentinelle.dz\/#\/schema\/logo\/image\/"},"sameAs":["https:\/\/www.facebook.com\/La-Sentinelle-104059864394773"]},{"@type":"Person","@id":"https:\/\/lasentinelle.dz\/#\/schema\/person\/d865044e22e70a75174ce8bcad3acfb3","name":"La Sentinelle","image":{"@type":"ImageObject","inLanguage":"fr-FR","@id":"https:\/\/secure.gravatar.com\/avatar\/57de8e5d4b15d43fb361a71fbb36338450fe67865b528a43dd10ef7c51a20392?s=96&d=mm&r=g","url":"https:\/\/secure.gravatar.com\/avatar\/57de8e5d4b15d43fb361a71fbb36338450fe67865b528a43dd10ef7c51a20392?s=96&d=mm&r=g","contentUrl":"https:\/\/secure.gravatar.com\/avatar\/57de8e5d4b15d43fb361a71fbb36338450fe67865b528a43dd10ef7c51a20392?s=96&d=mm&r=g","caption":"La Sentinelle"},"sameAs":["http:\/\/www.lasentinelle.dz"],"url":"https:\/\/lasentinelle.dz\/author\/redaction\/"}]}},"_links":{"self":[{"href":"https:\/\/lasentinelle.dz\/index.php\/wp-json\/wp\/v2\/posts\/21816","targetHints":{"allow":["GET"]}}],"collection":[{"href":"https:\/\/lasentinelle.dz\/index.php\/wp-json\/wp\/v2\/posts"}],"about":[{"href":"https:\/\/lasentinelle.dz\/index.php\/wp-json\/wp\/v2\/types\/post"}],"author":[{"embeddable":true,"href":"https:\/\/lasentinelle.dz\/index.php\/wp-json\/wp\/v2\/users\/3"}],"replies":[{"embeddable":true,"href":"https:\/\/lasentinelle.dz\/index.php\/wp-json\/wp\/v2\/comments?post=21816"}],"version-history":[{"count":1,"href":"https:\/\/lasentinelle.dz\/index.php\/wp-json\/wp\/v2\/posts\/21816\/revisions"}],"predecessor-version":[{"id":21845,"href":"https:\/\/lasentinelle.dz\/index.php\/wp-json\/wp\/v2\/posts\/21816\/revisions\/21845"}],"wp:featuredmedia":[{"embeddable":true,"href":"https:\/\/lasentinelle.dz\/index.php\/wp-json\/wp\/v2\/media\/21844"}],"wp:attachment":[{"href":"https:\/\/lasentinelle.dz\/index.php\/wp-json\/wp\/v2\/media?parent=21816"}],"wp:term":[{"taxonomy":"category","embeddable":true,"href":"https:\/\/lasentinelle.dz\/index.php\/wp-json\/wp\/v2\/categories?post=21816"},{"taxonomy":"post_tag","embeddable":true,"href":"https:\/\/lasentinelle.dz\/index.php\/wp-json\/wp\/v2\/tags?post=21816"}],"curies":[{"name":"wp","href":"https:\/\/api.w.org\/{rel}","templated":true}]}}