{"id":21825,"date":"2022-05-31T00:01:00","date_gmt":"2022-05-30T23:01:00","guid":{"rendered":"https:\/\/lasentinelle.dz\/?p=21825"},"modified":"2022-05-30T19:54:24","modified_gmt":"2022-05-30T18:54:24","slug":"industrie-pharmaceutique-la-penurie-de-ventoline-bientot-reglee","status":"publish","type":"post","link":"https:\/\/lasentinelle.dz\/index.php\/2022\/05\/31\/industrie-pharmaceutique-la-penurie-de-ventoline-bientot-reglee\/","title":{"rendered":"Industrie pharmaceutique\u00a0: La p\u00e9nurie de Ventoline bient\u00f4t r\u00e9gl\u00e9e"},"content":{"rendered":"\n<p>Le probl\u00e8me de la p\u00e9nurie de&nbsp;Ventoline est en voie&nbsp;de r\u00e8glement&nbsp;suite \u00e0 la lev\u00e9e, par le minist\u00e8re du Commerce et de la Promotion des exportations, des obstacles qui ont caus\u00e9 des retards dans l\u2019importation de ce m\u00e9dicament, a fait savoir hier&nbsp;l\u2019inspectrice g\u00e9n\u00e9rale au minist\u00e8re de l\u2019Industrie pharmaceutique, Mme Ouiza Ladjadj. Invit\u00e9e \u00e0 s\u2019exprimer sur les ondes de la Radio alg\u00e9rienne, la m\u00eame responsable&nbsp;a assur\u00e9 que \u00ab l\u2019Alg\u00e9rie produit actuellement les&nbsp;trois quarts&nbsp;de ses besoins en m\u00e9dicaments outre la grande volont\u00e9 des pouvoirs publics d\u2019accompagner les producteurs locaux dans les op\u00e9rations d\u2019exportation notamment vers les pays du continent africain \u00bb.<\/p>\n\n\n\n<p>Ouiza Ladjadj a,&nbsp;\u00e9galement, \u00e9voqu\u00e9 la participation alg\u00e9rienne au salon de la production pharmaceutique de Dakar&nbsp;au&nbsp;S\u00e9n\u00e9gal. Une participation qu\u2019elle a jug\u00e9e \u00ab tr\u00e8s b\u00e9n\u00e9fique \u00bb pour les producteurs alg\u00e9riens qui ont, selon elle, pu \u00ab parapher de nombreux contrats avec les participants notamment s\u00e9n\u00e9galais en vue de l\u2019exportation du produit national.&nbsp;Mme&nbsp;Ladjadj fera part \u00e9galement \u00ab de contacts et de rencontres entre les laboratoires alg\u00e9riens et africains ayant ouvert des perspectives prometteuses pour l\u2019exportation des m\u00e9dicaments Made in Algeria vers les pays africains avec une toute nouvelle d\u00e9marche bas\u00e9e, explique-t-elle, sur la fabrication de m\u00e9dicament sp\u00e9cialement destin\u00e9s au continent \u00bb.<\/p>\n\n\n\n<p>L\u2019inspectrice g\u00e9n\u00e9rale au minist\u00e8re de l\u2019Industrie pharmaceutique \u00e9voquera&nbsp;en ce qui concerne les m\u00e9dicaments pour le traitement de nombreuses maladies infectieuses disparues dans notre pays \u00e0 l\u2019instar des vaccins et des antibiotiques&nbsp;que&nbsp;\u00ab&nbsp;l\u2019Alg\u00e9rie a les capacit\u00e9s&nbsp;de satisfaire la demande des pays africains en chargeant notamment certains laboratoires producteurs alg\u00e9riens de fabriquer ces produits \u00bb. Pour le moment, d\u00e9plore Mme Ladjadj, \u00ab l\u2019exportation du m\u00e9dicament ne rapporte \u00e0 l\u2019Alg\u00e9rie que 50 millions d\u2019euros par an \u00bb. Un chiffre qui reste, estime-t-elle, loin des&nbsp;capacit\u00e9s nationales en la mati\u00e8re mais qui peut \u00eatre augment\u00e9 consid\u00e9rablement au vu de la qualit\u00e9 des m\u00e9dicaments fabriqu\u00e9s en Alg\u00e9rie&nbsp;&nbsp;&nbsp;et de la bonne r\u00e9putation dont ils&nbsp;jouissent&nbsp;sur les march\u00e9s africains.<\/p>\n\n\n\n<p>Enfin, abordant ce chapitre avec moult d\u00e9tails, l\u2019inspectrice g\u00e9n\u00e9rale au minist\u00e8re de l\u2019Industrie pharmaceutique n\u2019a pas manqu\u00e9 de signaler que \u00ab les produits pharmaceutiques et les m\u00e9dicaments fabriqu\u00e9s en Alg\u00e9rie sont soumis \u00e0 un contr\u00f4le tr\u00e8s stricts et de m\u00eame niveau que celui impos\u00e9s aux m\u00e9dicaments fabriqu\u00e9s dans les pays d\u00e9velopp\u00e9s en la mati\u00e8re \u00bb.&nbsp;Enfin, Mme Adjadj a indiqu\u00e9 qu&rsquo;il a \u00e9t\u00e9 proc\u00e9d\u00e9 au lancement des appels d&rsquo;offres pour la fourniture de m\u00e9dicaments anticanc\u00e9reux destin\u00e9s aux h\u00f4pitaux, ajoutant que leur attribution se fera dans \u00ab\u00a0les prochains jours\u00a0\u00bb.<\/p>\n\n\n\n<p><strong>Akli Amor<\/strong><\/p>\n","protected":false},"excerpt":{"rendered":"<p>Le probl\u00e8me de la p\u00e9nurie de&nbsp;Ventoline est en voie&nbsp;de r\u00e8glement&nbsp;suite \u00e0 la lev\u00e9e, par le minist\u00e8re du Commerce et de<\/p>\n","protected":false},"author":3,"featured_media":21830,"comment_status":"open","ping_status":"closed","sticky":false,"template":"","format":"standard","meta":{"colormag_page_container_layout":"default_layout","colormag_page_sidebar_layout":"default_layout","om_disable_all_campaigns":false,"_monsterinsights_skip_tracking":false,"_monsterinsights_sitenote_active":false,"_monsterinsights_sitenote_note":"","_monsterinsights_sitenote_category":0,"footnotes":"","_wpscppro_dont_share_socialmedia":false,"_wpscppro_custom_social_share_image":0,"_facebook_share_type":"","_twitter_share_type":"","_linkedin_share_type":"","_pinterest_share_type":"","_linkedin_share_type_page":"","_instagram_share_type":"","_medium_share_type":"","_threads_share_type":"","_google_business_share_type":"","_selected_social_profile":[],"_wpsp_enable_custom_social_template":false,"_wpsp_social_scheduling":{"enabled":false,"datetime":null,"platforms":[],"status":"template_only","dateOption":"today","timeOption":"now","customDays":"","customHours":"","customDate":"","customTime":"","schedulingType":"absolute"},"_wpsp_active_default_template":true},"categories":[27],"tags":[],"class_list":["post-21825","post","type-post","status-publish","format-standard","has-post-thumbnail","hentry","category-actualite"],"aioseo_notices":[],"yoast_head":"<!-- This site is optimized with the Yoast SEO plugin v27.5 - https:\/\/yoast.com\/product\/yoast-seo-wordpress\/ -->\n<title>Industrie pharmaceutique\u00a0: La p\u00e9nurie de Ventoline bient\u00f4t r\u00e9gl\u00e9e - La Sentinelle<\/title>\n<meta name=\"robots\" content=\"index, follow, max-snippet:-1, max-image-preview:large, max-video-preview:-1\" \/>\n<link rel=\"canonical\" href=\"https:\/\/lasentinelle.dz\/index.php\/2022\/05\/31\/industrie-pharmaceutique-la-penurie-de-ventoline-bientot-reglee\/\" \/>\n<meta property=\"og:locale\" content=\"fr_FR\" \/>\n<meta property=\"og:type\" content=\"article\" \/>\n<meta property=\"og:title\" content=\"Industrie pharmaceutique\u00a0: La p\u00e9nurie de Ventoline bient\u00f4t r\u00e9gl\u00e9e - La Sentinelle\" \/>\n<meta property=\"og:description\" content=\"Le probl\u00e8me de la p\u00e9nurie de&nbsp;Ventoline est en voie&nbsp;de r\u00e8glement&nbsp;suite \u00e0 la lev\u00e9e, par le minist\u00e8re du Commerce et de\" \/>\n<meta property=\"og:url\" content=\"https:\/\/lasentinelle.dz\/index.php\/2022\/05\/31\/industrie-pharmaceutique-la-penurie-de-ventoline-bientot-reglee\/\" \/>\n<meta property=\"og:site_name\" content=\"La Sentinelle\" \/>\n<meta property=\"article:publisher\" content=\"https:\/\/www.facebook.com\/La-Sentinelle-104059864394773\" \/>\n<meta property=\"article:published_time\" content=\"2022-05-30T23:01:00+00:00\" \/>\n<meta property=\"og:image\" content=\"https:\/\/lasentinelle.dz\/wp-content\/uploads\/2022\/05\/Capture-decran-2022-05-26-020406_0.png\" \/>\n\t<meta property=\"og:image:width\" content=\"1527\" \/>\n\t<meta property=\"og:image:height\" content=\"900\" \/>\n\t<meta property=\"og:image:type\" content=\"image\/png\" \/>\n<meta name=\"author\" content=\"La Sentinelle\" \/>\n<meta name=\"twitter:card\" content=\"summary_large_image\" \/>\n<meta name=\"twitter:label1\" content=\"\u00c9crit par\" \/>\n\t<meta name=\"twitter:data1\" content=\"La Sentinelle\" \/>\n\t<meta name=\"twitter:label2\" content=\"Dur\u00e9e de lecture estim\u00e9e\" \/>\n\t<meta name=\"twitter:data2\" content=\"2 minutes\" \/>\n<script type=\"application\/ld+json\" class=\"yoast-schema-graph\">{\"@context\":\"https:\\\/\\\/schema.org\",\"@graph\":[{\"@type\":\"Article\",\"@id\":\"https:\\\/\\\/lasentinelle.dz\\\/index.php\\\/2022\\\/05\\\/31\\\/industrie-pharmaceutique-la-penurie-de-ventoline-bientot-reglee\\\/#article\",\"isPartOf\":{\"@id\":\"https:\\\/\\\/lasentinelle.dz\\\/index.php\\\/2022\\\/05\\\/31\\\/industrie-pharmaceutique-la-penurie-de-ventoline-bientot-reglee\\\/\"},\"author\":{\"name\":\"La Sentinelle\",\"@id\":\"https:\\\/\\\/lasentinelle.dz\\\/#\\\/schema\\\/person\\\/d865044e22e70a75174ce8bcad3acfb3\"},\"headline\":\"Industrie pharmaceutique\u00a0: La p\u00e9nurie de Ventoline bient\u00f4t r\u00e9gl\u00e9e\",\"datePublished\":\"2022-05-30T23:01:00+00:00\",\"mainEntityOfPage\":{\"@id\":\"https:\\\/\\\/lasentinelle.dz\\\/index.php\\\/2022\\\/05\\\/31\\\/industrie-pharmaceutique-la-penurie-de-ventoline-bientot-reglee\\\/\"},\"wordCount\":525,\"commentCount\":0,\"publisher\":{\"@id\":\"https:\\\/\\\/lasentinelle.dz\\\/#organization\"},\"image\":{\"@id\":\"https:\\\/\\\/lasentinelle.dz\\\/index.php\\\/2022\\\/05\\\/31\\\/industrie-pharmaceutique-la-penurie-de-ventoline-bientot-reglee\\\/#primaryimage\"},\"thumbnailUrl\":\"https:\\\/\\\/lasentinelle.dz\\\/wp-content\\\/uploads\\\/2022\\\/05\\\/Capture-decran-2022-05-26-020406_0.png\",\"articleSection\":[\"Actualit\u00e9\"],\"inLanguage\":\"fr-FR\",\"potentialAction\":[{\"@type\":\"CommentAction\",\"name\":\"Comment\",\"target\":[\"https:\\\/\\\/lasentinelle.dz\\\/index.php\\\/2022\\\/05\\\/31\\\/industrie-pharmaceutique-la-penurie-de-ventoline-bientot-reglee\\\/#respond\"]}]},{\"@type\":\"WebPage\",\"@id\":\"https:\\\/\\\/lasentinelle.dz\\\/index.php\\\/2022\\\/05\\\/31\\\/industrie-pharmaceutique-la-penurie-de-ventoline-bientot-reglee\\\/\",\"url\":\"https:\\\/\\\/lasentinelle.dz\\\/index.php\\\/2022\\\/05\\\/31\\\/industrie-pharmaceutique-la-penurie-de-ventoline-bientot-reglee\\\/\",\"name\":\"Industrie pharmaceutique\u00a0: La p\u00e9nurie de Ventoline bient\u00f4t r\u00e9gl\u00e9e - La Sentinelle\",\"isPartOf\":{\"@id\":\"https:\\\/\\\/lasentinelle.dz\\\/#website\"},\"primaryImageOfPage\":{\"@id\":\"https:\\\/\\\/lasentinelle.dz\\\/index.php\\\/2022\\\/05\\\/31\\\/industrie-pharmaceutique-la-penurie-de-ventoline-bientot-reglee\\\/#primaryimage\"},\"image\":{\"@id\":\"https:\\\/\\\/lasentinelle.dz\\\/index.php\\\/2022\\\/05\\\/31\\\/industrie-pharmaceutique-la-penurie-de-ventoline-bientot-reglee\\\/#primaryimage\"},\"thumbnailUrl\":\"https:\\\/\\\/lasentinelle.dz\\\/wp-content\\\/uploads\\\/2022\\\/05\\\/Capture-decran-2022-05-26-020406_0.png\",\"datePublished\":\"2022-05-30T23:01:00+00:00\",\"breadcrumb\":{\"@id\":\"https:\\\/\\\/lasentinelle.dz\\\/index.php\\\/2022\\\/05\\\/31\\\/industrie-pharmaceutique-la-penurie-de-ventoline-bientot-reglee\\\/#breadcrumb\"},\"inLanguage\":\"fr-FR\",\"potentialAction\":[{\"@type\":\"ReadAction\",\"target\":[\"https:\\\/\\\/lasentinelle.dz\\\/index.php\\\/2022\\\/05\\\/31\\\/industrie-pharmaceutique-la-penurie-de-ventoline-bientot-reglee\\\/\"]}]},{\"@type\":\"ImageObject\",\"inLanguage\":\"fr-FR\",\"@id\":\"https:\\\/\\\/lasentinelle.dz\\\/index.php\\\/2022\\\/05\\\/31\\\/industrie-pharmaceutique-la-penurie-de-ventoline-bientot-reglee\\\/#primaryimage\",\"url\":\"https:\\\/\\\/lasentinelle.dz\\\/wp-content\\\/uploads\\\/2022\\\/05\\\/Capture-decran-2022-05-26-020406_0.png\",\"contentUrl\":\"https:\\\/\\\/lasentinelle.dz\\\/wp-content\\\/uploads\\\/2022\\\/05\\\/Capture-decran-2022-05-26-020406_0.png\",\"width\":1527,\"height\":900},{\"@type\":\"BreadcrumbList\",\"@id\":\"https:\\\/\\\/lasentinelle.dz\\\/index.php\\\/2022\\\/05\\\/31\\\/industrie-pharmaceutique-la-penurie-de-ventoline-bientot-reglee\\\/#breadcrumb\",\"itemListElement\":[{\"@type\":\"ListItem\",\"position\":1,\"name\":\"Accueil\",\"item\":\"https:\\\/\\\/lasentinelle.dz\\\/\"},{\"@type\":\"ListItem\",\"position\":2,\"name\":\"Industrie pharmaceutique\u00a0: La p\u00e9nurie de Ventoline bient\u00f4t r\u00e9gl\u00e9e\"}]},{\"@type\":\"WebSite\",\"@id\":\"https:\\\/\\\/lasentinelle.dz\\\/#website\",\"url\":\"https:\\\/\\\/lasentinelle.dz\\\/\",\"name\":\"La Sentinelle\",\"description\":\"Quotidien national d&#039;information\",\"publisher\":{\"@id\":\"https:\\\/\\\/lasentinelle.dz\\\/#organization\"},\"potentialAction\":[{\"@type\":\"SearchAction\",\"target\":{\"@type\":\"EntryPoint\",\"urlTemplate\":\"https:\\\/\\\/lasentinelle.dz\\\/?s={search_term_string}\"},\"query-input\":{\"@type\":\"PropertyValueSpecification\",\"valueRequired\":true,\"valueName\":\"search_term_string\"}}],\"inLanguage\":\"fr-FR\"},{\"@type\":\"Organization\",\"@id\":\"https:\\\/\\\/lasentinelle.dz\\\/#organization\",\"name\":\"Quotidien La Sentinelle\",\"url\":\"https:\\\/\\\/lasentinelle.dz\\\/\",\"logo\":{\"@type\":\"ImageObject\",\"inLanguage\":\"fr-FR\",\"@id\":\"https:\\\/\\\/lasentinelle.dz\\\/#\\\/schema\\\/logo\\\/image\\\/\",\"url\":\"https:\\\/\\\/lasentinelle.dz\\\/wp-content\\\/uploads\\\/2021\\\/09\\\/logo-sentinelleSLOGAN-1.png\",\"contentUrl\":\"https:\\\/\\\/lasentinelle.dz\\\/wp-content\\\/uploads\\\/2021\\\/09\\\/logo-sentinelleSLOGAN-1.png\",\"width\":615,\"height\":142,\"caption\":\"Quotidien La Sentinelle\"},\"image\":{\"@id\":\"https:\\\/\\\/lasentinelle.dz\\\/#\\\/schema\\\/logo\\\/image\\\/\"},\"sameAs\":[\"https:\\\/\\\/www.facebook.com\\\/La-Sentinelle-104059864394773\"]},{\"@type\":\"Person\",\"@id\":\"https:\\\/\\\/lasentinelle.dz\\\/#\\\/schema\\\/person\\\/d865044e22e70a75174ce8bcad3acfb3\",\"name\":\"La Sentinelle\",\"image\":{\"@type\":\"ImageObject\",\"inLanguage\":\"fr-FR\",\"@id\":\"https:\\\/\\\/secure.gravatar.com\\\/avatar\\\/57de8e5d4b15d43fb361a71fbb36338450fe67865b528a43dd10ef7c51a20392?s=96&d=mm&r=g\",\"url\":\"https:\\\/\\\/secure.gravatar.com\\\/avatar\\\/57de8e5d4b15d43fb361a71fbb36338450fe67865b528a43dd10ef7c51a20392?s=96&d=mm&r=g\",\"contentUrl\":\"https:\\\/\\\/secure.gravatar.com\\\/avatar\\\/57de8e5d4b15d43fb361a71fbb36338450fe67865b528a43dd10ef7c51a20392?s=96&d=mm&r=g\",\"caption\":\"La Sentinelle\"},\"sameAs\":[\"http:\\\/\\\/www.lasentinelle.dz\"],\"url\":\"https:\\\/\\\/lasentinelle.dz\\\/author\\\/redaction\\\/\"}]}<\/script>\n<!-- \/ Yoast SEO plugin. -->","yoast_head_json":{"title":"Industrie pharmaceutique\u00a0: La p\u00e9nurie de Ventoline bient\u00f4t r\u00e9gl\u00e9e - La Sentinelle","robots":{"index":"index","follow":"follow","max-snippet":"max-snippet:-1","max-image-preview":"max-image-preview:large","max-video-preview":"max-video-preview:-1"},"canonical":"https:\/\/lasentinelle.dz\/index.php\/2022\/05\/31\/industrie-pharmaceutique-la-penurie-de-ventoline-bientot-reglee\/","og_locale":"fr_FR","og_type":"article","og_title":"Industrie pharmaceutique\u00a0: La p\u00e9nurie de Ventoline bient\u00f4t r\u00e9gl\u00e9e - La Sentinelle","og_description":"Le probl\u00e8me de la p\u00e9nurie de&nbsp;Ventoline est en voie&nbsp;de r\u00e8glement&nbsp;suite \u00e0 la lev\u00e9e, par le minist\u00e8re du Commerce et de","og_url":"https:\/\/lasentinelle.dz\/index.php\/2022\/05\/31\/industrie-pharmaceutique-la-penurie-de-ventoline-bientot-reglee\/","og_site_name":"La Sentinelle","article_publisher":"https:\/\/www.facebook.com\/La-Sentinelle-104059864394773","article_published_time":"2022-05-30T23:01:00+00:00","og_image":[{"width":1527,"height":900,"url":"https:\/\/lasentinelle.dz\/wp-content\/uploads\/2022\/05\/Capture-decran-2022-05-26-020406_0.png","type":"image\/png"}],"author":"La Sentinelle","twitter_card":"summary_large_image","twitter_misc":{"\u00c9crit par":"La Sentinelle","Dur\u00e9e de lecture estim\u00e9e":"2 minutes"},"schema":{"@context":"https:\/\/schema.org","@graph":[{"@type":"Article","@id":"https:\/\/lasentinelle.dz\/index.php\/2022\/05\/31\/industrie-pharmaceutique-la-penurie-de-ventoline-bientot-reglee\/#article","isPartOf":{"@id":"https:\/\/lasentinelle.dz\/index.php\/2022\/05\/31\/industrie-pharmaceutique-la-penurie-de-ventoline-bientot-reglee\/"},"author":{"name":"La Sentinelle","@id":"https:\/\/lasentinelle.dz\/#\/schema\/person\/d865044e22e70a75174ce8bcad3acfb3"},"headline":"Industrie pharmaceutique\u00a0: La p\u00e9nurie de Ventoline bient\u00f4t r\u00e9gl\u00e9e","datePublished":"2022-05-30T23:01:00+00:00","mainEntityOfPage":{"@id":"https:\/\/lasentinelle.dz\/index.php\/2022\/05\/31\/industrie-pharmaceutique-la-penurie-de-ventoline-bientot-reglee\/"},"wordCount":525,"commentCount":0,"publisher":{"@id":"https:\/\/lasentinelle.dz\/#organization"},"image":{"@id":"https:\/\/lasentinelle.dz\/index.php\/2022\/05\/31\/industrie-pharmaceutique-la-penurie-de-ventoline-bientot-reglee\/#primaryimage"},"thumbnailUrl":"https:\/\/lasentinelle.dz\/wp-content\/uploads\/2022\/05\/Capture-decran-2022-05-26-020406_0.png","articleSection":["Actualit\u00e9"],"inLanguage":"fr-FR","potentialAction":[{"@type":"CommentAction","name":"Comment","target":["https:\/\/lasentinelle.dz\/index.php\/2022\/05\/31\/industrie-pharmaceutique-la-penurie-de-ventoline-bientot-reglee\/#respond"]}]},{"@type":"WebPage","@id":"https:\/\/lasentinelle.dz\/index.php\/2022\/05\/31\/industrie-pharmaceutique-la-penurie-de-ventoline-bientot-reglee\/","url":"https:\/\/lasentinelle.dz\/index.php\/2022\/05\/31\/industrie-pharmaceutique-la-penurie-de-ventoline-bientot-reglee\/","name":"Industrie pharmaceutique\u00a0: La p\u00e9nurie de Ventoline bient\u00f4t r\u00e9gl\u00e9e - La Sentinelle","isPartOf":{"@id":"https:\/\/lasentinelle.dz\/#website"},"primaryImageOfPage":{"@id":"https:\/\/lasentinelle.dz\/index.php\/2022\/05\/31\/industrie-pharmaceutique-la-penurie-de-ventoline-bientot-reglee\/#primaryimage"},"image":{"@id":"https:\/\/lasentinelle.dz\/index.php\/2022\/05\/31\/industrie-pharmaceutique-la-penurie-de-ventoline-bientot-reglee\/#primaryimage"},"thumbnailUrl":"https:\/\/lasentinelle.dz\/wp-content\/uploads\/2022\/05\/Capture-decran-2022-05-26-020406_0.png","datePublished":"2022-05-30T23:01:00+00:00","breadcrumb":{"@id":"https:\/\/lasentinelle.dz\/index.php\/2022\/05\/31\/industrie-pharmaceutique-la-penurie-de-ventoline-bientot-reglee\/#breadcrumb"},"inLanguage":"fr-FR","potentialAction":[{"@type":"ReadAction","target":["https:\/\/lasentinelle.dz\/index.php\/2022\/05\/31\/industrie-pharmaceutique-la-penurie-de-ventoline-bientot-reglee\/"]}]},{"@type":"ImageObject","inLanguage":"fr-FR","@id":"https:\/\/lasentinelle.dz\/index.php\/2022\/05\/31\/industrie-pharmaceutique-la-penurie-de-ventoline-bientot-reglee\/#primaryimage","url":"https:\/\/lasentinelle.dz\/wp-content\/uploads\/2022\/05\/Capture-decran-2022-05-26-020406_0.png","contentUrl":"https:\/\/lasentinelle.dz\/wp-content\/uploads\/2022\/05\/Capture-decran-2022-05-26-020406_0.png","width":1527,"height":900},{"@type":"BreadcrumbList","@id":"https:\/\/lasentinelle.dz\/index.php\/2022\/05\/31\/industrie-pharmaceutique-la-penurie-de-ventoline-bientot-reglee\/#breadcrumb","itemListElement":[{"@type":"ListItem","position":1,"name":"Accueil","item":"https:\/\/lasentinelle.dz\/"},{"@type":"ListItem","position":2,"name":"Industrie pharmaceutique\u00a0: La p\u00e9nurie de Ventoline bient\u00f4t r\u00e9gl\u00e9e"}]},{"@type":"WebSite","@id":"https:\/\/lasentinelle.dz\/#website","url":"https:\/\/lasentinelle.dz\/","name":"La Sentinelle","description":"Quotidien national d&#039;information","publisher":{"@id":"https:\/\/lasentinelle.dz\/#organization"},"potentialAction":[{"@type":"SearchAction","target":{"@type":"EntryPoint","urlTemplate":"https:\/\/lasentinelle.dz\/?s={search_term_string}"},"query-input":{"@type":"PropertyValueSpecification","valueRequired":true,"valueName":"search_term_string"}}],"inLanguage":"fr-FR"},{"@type":"Organization","@id":"https:\/\/lasentinelle.dz\/#organization","name":"Quotidien La Sentinelle","url":"https:\/\/lasentinelle.dz\/","logo":{"@type":"ImageObject","inLanguage":"fr-FR","@id":"https:\/\/lasentinelle.dz\/#\/schema\/logo\/image\/","url":"https:\/\/lasentinelle.dz\/wp-content\/uploads\/2021\/09\/logo-sentinelleSLOGAN-1.png","contentUrl":"https:\/\/lasentinelle.dz\/wp-content\/uploads\/2021\/09\/logo-sentinelleSLOGAN-1.png","width":615,"height":142,"caption":"Quotidien La Sentinelle"},"image":{"@id":"https:\/\/lasentinelle.dz\/#\/schema\/logo\/image\/"},"sameAs":["https:\/\/www.facebook.com\/La-Sentinelle-104059864394773"]},{"@type":"Person","@id":"https:\/\/lasentinelle.dz\/#\/schema\/person\/d865044e22e70a75174ce8bcad3acfb3","name":"La Sentinelle","image":{"@type":"ImageObject","inLanguage":"fr-FR","@id":"https:\/\/secure.gravatar.com\/avatar\/57de8e5d4b15d43fb361a71fbb36338450fe67865b528a43dd10ef7c51a20392?s=96&d=mm&r=g","url":"https:\/\/secure.gravatar.com\/avatar\/57de8e5d4b15d43fb361a71fbb36338450fe67865b528a43dd10ef7c51a20392?s=96&d=mm&r=g","contentUrl":"https:\/\/secure.gravatar.com\/avatar\/57de8e5d4b15d43fb361a71fbb36338450fe67865b528a43dd10ef7c51a20392?s=96&d=mm&r=g","caption":"La Sentinelle"},"sameAs":["http:\/\/www.lasentinelle.dz"],"url":"https:\/\/lasentinelle.dz\/author\/redaction\/"}]}},"_links":{"self":[{"href":"https:\/\/lasentinelle.dz\/index.php\/wp-json\/wp\/v2\/posts\/21825","targetHints":{"allow":["GET"]}}],"collection":[{"href":"https:\/\/lasentinelle.dz\/index.php\/wp-json\/wp\/v2\/posts"}],"about":[{"href":"https:\/\/lasentinelle.dz\/index.php\/wp-json\/wp\/v2\/types\/post"}],"author":[{"embeddable":true,"href":"https:\/\/lasentinelle.dz\/index.php\/wp-json\/wp\/v2\/users\/3"}],"replies":[{"embeddable":true,"href":"https:\/\/lasentinelle.dz\/index.php\/wp-json\/wp\/v2\/comments?post=21825"}],"version-history":[{"count":1,"href":"https:\/\/lasentinelle.dz\/index.php\/wp-json\/wp\/v2\/posts\/21825\/revisions"}],"predecessor-version":[{"id":21831,"href":"https:\/\/lasentinelle.dz\/index.php\/wp-json\/wp\/v2\/posts\/21825\/revisions\/21831"}],"wp:featuredmedia":[{"embeddable":true,"href":"https:\/\/lasentinelle.dz\/index.php\/wp-json\/wp\/v2\/media\/21830"}],"wp:attachment":[{"href":"https:\/\/lasentinelle.dz\/index.php\/wp-json\/wp\/v2\/media?parent=21825"}],"wp:term":[{"taxonomy":"category","embeddable":true,"href":"https:\/\/lasentinelle.dz\/index.php\/wp-json\/wp\/v2\/categories?post=21825"},{"taxonomy":"post_tag","embeddable":true,"href":"https:\/\/lasentinelle.dz\/index.php\/wp-json\/wp\/v2\/tags?post=21825"}],"curies":[{"name":"wp","href":"https:\/\/api.w.org\/{rel}","templated":true}]}}