{"id":21828,"date":"2022-05-31T00:01:00","date_gmt":"2022-05-30T23:01:00","guid":{"rendered":"https:\/\/lasentinelle.dz\/?p=21828"},"modified":"2022-05-30T19:54:27","modified_gmt":"2022-05-30T18:54:27","slug":"examens-du-bac-et-du-bem-de-lourdes-sanctions-seront-prises-contre-les-perturbateurs","status":"publish","type":"post","link":"https:\/\/lasentinelle.dz\/index.php\/2022\/05\/31\/examens-du-bac-et-du-bem-de-lourdes-sanctions-seront-prises-contre-les-perturbateurs\/","title":{"rendered":"Examens du Bac et du BEM\u00a0: De lourdes sanctions seront prises contre les perturbateurs"},"content":{"rendered":"\n<p>Le ministre de l\u2019\u00c9ducation nationale,&nbsp;&nbsp;Abdelhakim Belabed a, lors d\u2019un point de presse tenu en marge de sa visite dans la wilaya de Constantine, averti que \u00ab des mesures strictes seront prises \u00e0 l\u2019encontre de toute personne&nbsp;qui publient&nbsp;sur les r\u00e9seaux sociaux&nbsp;&nbsp;des fausses copies&nbsp;des sujets&nbsp;\u00e0 la veille des examens du BEM et du baccalaur\u00e9at \u00bb. M. Belabed appellerales parents d\u2019\u00e9l\u00e8ves \u00e0 \u00ab ne pas se laisser prendre par l\u2019intox distill\u00e9e via les r\u00e9seaux sociaux \u00bb.&nbsp;Le premier&nbsp;responsable du secteur de l\u2019\u00c9ducation nationale a assur\u00e9&nbsp;aux&nbsp;\u00e9l\u00e8ves et&nbsp;\u00e0&nbsp;leurs parents que \u00ab&nbsp;&nbsp;les sujets et les questions porteront uniquement sur les le\u00e7ons faites en pr\u00e9sentiel \u00bb.<\/p>\n\n\n\n<p>Plus p\u00e9dagogique, le ministre a recommand\u00e9 aux \u00e9l\u00e8ves des classes d\u2019examen de \u00ab r\u00e9viser leurs cours dans le calme absolu pour bien se concentrer tout en se tenant \u00e9loign\u00e9s des r\u00e9seaux sociaux afin d\u2019\u00e9viter d\u2019\u00eatre parasit\u00e9s par un contenu aux antipodes de la p\u00e9dagogie \u00bb. Une intox, explique-t-il, qui se manifeste notamment par la publication de fausses informations et des fausses copies&nbsp;&nbsp;des sujets&nbsp;d\u2019examen \u00e0 la veille de ce grand rendez-vous. Aussi, assurant que l\u2019Etat se tient pr\u00eat \u00e0 assurer un tr\u00e8s bon d\u00e9roulement des examens du d\u00e9but jusqu\u2019\u00e0 la fin des \u00e9preuves, M. Belabed a fait savoir que \u00ab son d\u00e9partement maintient la d\u00e9marche adopt\u00e9e l\u2019ann\u00e9e pass\u00e9e consistant notamment \u00e0 maintenir la demi-heure offerte \u00e0 l\u2019\u00e9l\u00e8ve pour le choix d\u2019un sujet \u00e0 traiter \u00bb.<\/p>\n\n\n\n<p>Par ailleurs, abordant les perspectives de la prochaine ann\u00e9e scolaire, le ministre de l\u2019\u00c9ducation nationale a fait part de nombreuses nouveaut\u00e9s contenues dans les recommandations du pr\u00e9sident de la&nbsp;R\u00e9publique, Abdelmadjid Tebboune, qui a, ajoute-t-il, donn\u00e9 de \u00ab&nbsp;&nbsp;fermes instruction pour all\u00e9ger le poids du cartable, la r\u00e9vision des programmes ainsi qu\u2019une s\u00e9rie d\u2019autres changements qui seront annonc\u00e9s ult\u00e9rieurement \u00bb.<\/p>\n\n\n\n<p>A rappeler que l&rsquo;op\u00e9ration d&rsquo;\u00e9laboration des sujets des \u00e9preuves du baccalaur\u00e9at (session juin 2022) a d\u00e9but\u00e9, le 10&nbsp;mai en cours&nbsp;au niveau de l&rsquo;Office&nbsp;national&nbsp;des examens et concours de Kouba (Alger), avec mise en quarantaine du staff en charge de cette mission pour une dur\u00e9e de 38 jours. Une op\u00e9ration d\u2019une importance capitale car elle exige \u00ab\u00a0de faire preuve de sens de responsabilit\u00e9, de discipline et de concentration dans l&rsquo;application du r\u00e8glement int\u00e9rieur et du protocole sanitaire\u00a0\u00bb, selon M. Belabed qui avait affirm\u00e9 \u00e0 l\u2019occasion, que \u00ab la mission d&rsquo;\u00e9laboration et d&rsquo;impression des sujets des examens du baccalaur\u00e9at est assign\u00e9e \u00e0 des enseignants comp\u00e9tents et int\u00e8gres ayant le sens desresponsabilit\u00e9s&nbsp;\u00bb. Il a&nbsp;appel\u00e9&nbsp;les concern\u00e9s \u00e0 \u00ab\u00a0faire preuve de rigueur et de professionnalisme dans le choix des sujets des examens conform\u00e9ment au programme enseign\u00e9 aux \u00e9l\u00e8ves en pr\u00e9sentiel au cours de l&rsquo;ann\u00e9e scolaire\u00a0\u00bb.&nbsp;<\/p>\n\n\n\n<p><strong>Akli&nbsp;<\/strong><strong>A.<\/strong><\/p>\n","protected":false},"excerpt":{"rendered":"<p>Le ministre de l\u2019\u00c9ducation nationale,&nbsp;&nbsp;Abdelhakim Belabed a, lors d\u2019un point de presse tenu en marge de sa visite dans la<\/p>\n","protected":false},"author":3,"featured_media":21833,"comment_status":"open","ping_status":"closed","sticky":false,"template":"","format":"standard","meta":{"colormag_page_container_layout":"default_layout","colormag_page_sidebar_layout":"default_layout","om_disable_all_campaigns":false,"_monsterinsights_skip_tracking":false,"_monsterinsights_sitenote_active":false,"_monsterinsights_sitenote_note":"","_monsterinsights_sitenote_category":0,"footnotes":"","_wpscppro_dont_share_socialmedia":false,"_wpscppro_custom_social_share_image":0,"_facebook_share_type":"","_twitter_share_type":"","_linkedin_share_type":"","_pinterest_share_type":"","_linkedin_share_type_page":"","_instagram_share_type":"","_medium_share_type":"","_threads_share_type":"","_google_business_share_type":"","_selected_social_profile":[],"_wpsp_enable_custom_social_template":false,"_wpsp_social_scheduling":{"enabled":false,"datetime":null,"platforms":[],"status":"template_only","dateOption":"today","timeOption":"now","customDays":"","customHours":"","customDate":"","customTime":"","schedulingType":"absolute"},"_wpsp_active_default_template":true},"categories":[27],"tags":[],"class_list":["post-21828","post","type-post","status-publish","format-standard","has-post-thumbnail","hentry","category-actualite"],"aioseo_notices":[],"yoast_head":"<!-- This site is optimized with the Yoast SEO plugin v27.5 - https:\/\/yoast.com\/product\/yoast-seo-wordpress\/ -->\n<title>Examens du Bac et du BEM\u00a0: De lourdes sanctions seront prises contre les perturbateurs - La Sentinelle<\/title>\n<meta name=\"robots\" content=\"index, follow, max-snippet:-1, max-image-preview:large, max-video-preview:-1\" \/>\n<link rel=\"canonical\" href=\"https:\/\/lasentinelle.dz\/index.php\/2022\/05\/31\/examens-du-bac-et-du-bem-de-lourdes-sanctions-seront-prises-contre-les-perturbateurs\/\" \/>\n<meta property=\"og:locale\" content=\"fr_FR\" \/>\n<meta property=\"og:type\" content=\"article\" \/>\n<meta property=\"og:title\" content=\"Examens du Bac et du BEM\u00a0: De lourdes sanctions seront prises contre les perturbateurs - La Sentinelle\" \/>\n<meta property=\"og:description\" content=\"Le ministre de l\u2019\u00c9ducation nationale,&nbsp;&nbsp;Abdelhakim Belabed a, lors d\u2019un point de presse tenu en marge de sa visite dans la\" \/>\n<meta property=\"og:url\" content=\"https:\/\/lasentinelle.dz\/index.php\/2022\/05\/31\/examens-du-bac-et-du-bem-de-lourdes-sanctions-seront-prises-contre-les-perturbateurs\/\" \/>\n<meta property=\"og:site_name\" content=\"La Sentinelle\" \/>\n<meta property=\"article:publisher\" content=\"https:\/\/www.facebook.com\/La-Sentinelle-104059864394773\" \/>\n<meta property=\"article:published_time\" content=\"2022-05-30T23:01:00+00:00\" \/>\n<meta property=\"og:image\" content=\"https:\/\/lasentinelle.dz\/wp-content\/uploads\/2022\/05\/BAC-2.png\" \/>\n\t<meta property=\"og:image:width\" content=\"1350\" \/>\n\t<meta property=\"og:image:height\" content=\"900\" \/>\n\t<meta property=\"og:image:type\" content=\"image\/png\" \/>\n<meta name=\"author\" content=\"La Sentinelle\" \/>\n<meta name=\"twitter:card\" content=\"summary_large_image\" \/>\n<meta name=\"twitter:label1\" content=\"\u00c9crit par\" \/>\n\t<meta name=\"twitter:data1\" content=\"La Sentinelle\" \/>\n\t<meta name=\"twitter:label2\" content=\"Dur\u00e9e de lecture estim\u00e9e\" \/>\n\t<meta name=\"twitter:data2\" content=\"3 minutes\" \/>\n<script type=\"application\/ld+json\" class=\"yoast-schema-graph\">{\"@context\":\"https:\\\/\\\/schema.org\",\"@graph\":[{\"@type\":\"Article\",\"@id\":\"https:\\\/\\\/lasentinelle.dz\\\/index.php\\\/2022\\\/05\\\/31\\\/examens-du-bac-et-du-bem-de-lourdes-sanctions-seront-prises-contre-les-perturbateurs\\\/#article\",\"isPartOf\":{\"@id\":\"https:\\\/\\\/lasentinelle.dz\\\/index.php\\\/2022\\\/05\\\/31\\\/examens-du-bac-et-du-bem-de-lourdes-sanctions-seront-prises-contre-les-perturbateurs\\\/\"},\"author\":{\"name\":\"La Sentinelle\",\"@id\":\"https:\\\/\\\/lasentinelle.dz\\\/#\\\/schema\\\/person\\\/d865044e22e70a75174ce8bcad3acfb3\"},\"headline\":\"Examens du Bac et du BEM\u00a0: De lourdes sanctions seront prises contre les perturbateurs\",\"datePublished\":\"2022-05-30T23:01:00+00:00\",\"mainEntityOfPage\":{\"@id\":\"https:\\\/\\\/lasentinelle.dz\\\/index.php\\\/2022\\\/05\\\/31\\\/examens-du-bac-et-du-bem-de-lourdes-sanctions-seront-prises-contre-les-perturbateurs\\\/\"},\"wordCount\":538,\"commentCount\":0,\"publisher\":{\"@id\":\"https:\\\/\\\/lasentinelle.dz\\\/#organization\"},\"image\":{\"@id\":\"https:\\\/\\\/lasentinelle.dz\\\/index.php\\\/2022\\\/05\\\/31\\\/examens-du-bac-et-du-bem-de-lourdes-sanctions-seront-prises-contre-les-perturbateurs\\\/#primaryimage\"},\"thumbnailUrl\":\"https:\\\/\\\/lasentinelle.dz\\\/wp-content\\\/uploads\\\/2022\\\/05\\\/BAC-2.png\",\"articleSection\":[\"Actualit\u00e9\"],\"inLanguage\":\"fr-FR\",\"potentialAction\":[{\"@type\":\"CommentAction\",\"name\":\"Comment\",\"target\":[\"https:\\\/\\\/lasentinelle.dz\\\/index.php\\\/2022\\\/05\\\/31\\\/examens-du-bac-et-du-bem-de-lourdes-sanctions-seront-prises-contre-les-perturbateurs\\\/#respond\"]}]},{\"@type\":\"WebPage\",\"@id\":\"https:\\\/\\\/lasentinelle.dz\\\/index.php\\\/2022\\\/05\\\/31\\\/examens-du-bac-et-du-bem-de-lourdes-sanctions-seront-prises-contre-les-perturbateurs\\\/\",\"url\":\"https:\\\/\\\/lasentinelle.dz\\\/index.php\\\/2022\\\/05\\\/31\\\/examens-du-bac-et-du-bem-de-lourdes-sanctions-seront-prises-contre-les-perturbateurs\\\/\",\"name\":\"Examens du Bac et du BEM\u00a0: De lourdes sanctions seront prises contre les perturbateurs - La Sentinelle\",\"isPartOf\":{\"@id\":\"https:\\\/\\\/lasentinelle.dz\\\/#website\"},\"primaryImageOfPage\":{\"@id\":\"https:\\\/\\\/lasentinelle.dz\\\/index.php\\\/2022\\\/05\\\/31\\\/examens-du-bac-et-du-bem-de-lourdes-sanctions-seront-prises-contre-les-perturbateurs\\\/#primaryimage\"},\"image\":{\"@id\":\"https:\\\/\\\/lasentinelle.dz\\\/index.php\\\/2022\\\/05\\\/31\\\/examens-du-bac-et-du-bem-de-lourdes-sanctions-seront-prises-contre-les-perturbateurs\\\/#primaryimage\"},\"thumbnailUrl\":\"https:\\\/\\\/lasentinelle.dz\\\/wp-content\\\/uploads\\\/2022\\\/05\\\/BAC-2.png\",\"datePublished\":\"2022-05-30T23:01:00+00:00\",\"breadcrumb\":{\"@id\":\"https:\\\/\\\/lasentinelle.dz\\\/index.php\\\/2022\\\/05\\\/31\\\/examens-du-bac-et-du-bem-de-lourdes-sanctions-seront-prises-contre-les-perturbateurs\\\/#breadcrumb\"},\"inLanguage\":\"fr-FR\",\"potentialAction\":[{\"@type\":\"ReadAction\",\"target\":[\"https:\\\/\\\/lasentinelle.dz\\\/index.php\\\/2022\\\/05\\\/31\\\/examens-du-bac-et-du-bem-de-lourdes-sanctions-seront-prises-contre-les-perturbateurs\\\/\"]}]},{\"@type\":\"ImageObject\",\"inLanguage\":\"fr-FR\",\"@id\":\"https:\\\/\\\/lasentinelle.dz\\\/index.php\\\/2022\\\/05\\\/31\\\/examens-du-bac-et-du-bem-de-lourdes-sanctions-seront-prises-contre-les-perturbateurs\\\/#primaryimage\",\"url\":\"https:\\\/\\\/lasentinelle.dz\\\/wp-content\\\/uploads\\\/2022\\\/05\\\/BAC-2.png\",\"contentUrl\":\"https:\\\/\\\/lasentinelle.dz\\\/wp-content\\\/uploads\\\/2022\\\/05\\\/BAC-2.png\",\"width\":1350,\"height\":900},{\"@type\":\"BreadcrumbList\",\"@id\":\"https:\\\/\\\/lasentinelle.dz\\\/index.php\\\/2022\\\/05\\\/31\\\/examens-du-bac-et-du-bem-de-lourdes-sanctions-seront-prises-contre-les-perturbateurs\\\/#breadcrumb\",\"itemListElement\":[{\"@type\":\"ListItem\",\"position\":1,\"name\":\"Accueil\",\"item\":\"https:\\\/\\\/lasentinelle.dz\\\/\"},{\"@type\":\"ListItem\",\"position\":2,\"name\":\"Examens du Bac et du BEM\u00a0: De lourdes sanctions seront prises contre les perturbateurs\"}]},{\"@type\":\"WebSite\",\"@id\":\"https:\\\/\\\/lasentinelle.dz\\\/#website\",\"url\":\"https:\\\/\\\/lasentinelle.dz\\\/\",\"name\":\"La Sentinelle\",\"description\":\"Quotidien national d&#039;information\",\"publisher\":{\"@id\":\"https:\\\/\\\/lasentinelle.dz\\\/#organization\"},\"potentialAction\":[{\"@type\":\"SearchAction\",\"target\":{\"@type\":\"EntryPoint\",\"urlTemplate\":\"https:\\\/\\\/lasentinelle.dz\\\/?s={search_term_string}\"},\"query-input\":{\"@type\":\"PropertyValueSpecification\",\"valueRequired\":true,\"valueName\":\"search_term_string\"}}],\"inLanguage\":\"fr-FR\"},{\"@type\":\"Organization\",\"@id\":\"https:\\\/\\\/lasentinelle.dz\\\/#organization\",\"name\":\"Quotidien La Sentinelle\",\"url\":\"https:\\\/\\\/lasentinelle.dz\\\/\",\"logo\":{\"@type\":\"ImageObject\",\"inLanguage\":\"fr-FR\",\"@id\":\"https:\\\/\\\/lasentinelle.dz\\\/#\\\/schema\\\/logo\\\/image\\\/\",\"url\":\"https:\\\/\\\/lasentinelle.dz\\\/wp-content\\\/uploads\\\/2021\\\/09\\\/logo-sentinelleSLOGAN-1.png\",\"contentUrl\":\"https:\\\/\\\/lasentinelle.dz\\\/wp-content\\\/uploads\\\/2021\\\/09\\\/logo-sentinelleSLOGAN-1.png\",\"width\":615,\"height\":142,\"caption\":\"Quotidien La Sentinelle\"},\"image\":{\"@id\":\"https:\\\/\\\/lasentinelle.dz\\\/#\\\/schema\\\/logo\\\/image\\\/\"},\"sameAs\":[\"https:\\\/\\\/www.facebook.com\\\/La-Sentinelle-104059864394773\"]},{\"@type\":\"Person\",\"@id\":\"https:\\\/\\\/lasentinelle.dz\\\/#\\\/schema\\\/person\\\/d865044e22e70a75174ce8bcad3acfb3\",\"name\":\"La Sentinelle\",\"image\":{\"@type\":\"ImageObject\",\"inLanguage\":\"fr-FR\",\"@id\":\"https:\\\/\\\/secure.gravatar.com\\\/avatar\\\/57de8e5d4b15d43fb361a71fbb36338450fe67865b528a43dd10ef7c51a20392?s=96&d=mm&r=g\",\"url\":\"https:\\\/\\\/secure.gravatar.com\\\/avatar\\\/57de8e5d4b15d43fb361a71fbb36338450fe67865b528a43dd10ef7c51a20392?s=96&d=mm&r=g\",\"contentUrl\":\"https:\\\/\\\/secure.gravatar.com\\\/avatar\\\/57de8e5d4b15d43fb361a71fbb36338450fe67865b528a43dd10ef7c51a20392?s=96&d=mm&r=g\",\"caption\":\"La Sentinelle\"},\"sameAs\":[\"http:\\\/\\\/www.lasentinelle.dz\"],\"url\":\"https:\\\/\\\/lasentinelle.dz\\\/author\\\/redaction\\\/\"}]}<\/script>\n<!-- \/ Yoast SEO plugin. -->","yoast_head_json":{"title":"Examens du Bac et du BEM\u00a0: De lourdes sanctions seront prises contre les perturbateurs - La Sentinelle","robots":{"index":"index","follow":"follow","max-snippet":"max-snippet:-1","max-image-preview":"max-image-preview:large","max-video-preview":"max-video-preview:-1"},"canonical":"https:\/\/lasentinelle.dz\/index.php\/2022\/05\/31\/examens-du-bac-et-du-bem-de-lourdes-sanctions-seront-prises-contre-les-perturbateurs\/","og_locale":"fr_FR","og_type":"article","og_title":"Examens du Bac et du BEM\u00a0: De lourdes sanctions seront prises contre les perturbateurs - La Sentinelle","og_description":"Le ministre de l\u2019\u00c9ducation nationale,&nbsp;&nbsp;Abdelhakim Belabed a, lors d\u2019un point de presse tenu en marge de sa visite dans la","og_url":"https:\/\/lasentinelle.dz\/index.php\/2022\/05\/31\/examens-du-bac-et-du-bem-de-lourdes-sanctions-seront-prises-contre-les-perturbateurs\/","og_site_name":"La Sentinelle","article_publisher":"https:\/\/www.facebook.com\/La-Sentinelle-104059864394773","article_published_time":"2022-05-30T23:01:00+00:00","og_image":[{"width":1350,"height":900,"url":"https:\/\/lasentinelle.dz\/wp-content\/uploads\/2022\/05\/BAC-2.png","type":"image\/png"}],"author":"La Sentinelle","twitter_card":"summary_large_image","twitter_misc":{"\u00c9crit par":"La Sentinelle","Dur\u00e9e de lecture estim\u00e9e":"3 minutes"},"schema":{"@context":"https:\/\/schema.org","@graph":[{"@type":"Article","@id":"https:\/\/lasentinelle.dz\/index.php\/2022\/05\/31\/examens-du-bac-et-du-bem-de-lourdes-sanctions-seront-prises-contre-les-perturbateurs\/#article","isPartOf":{"@id":"https:\/\/lasentinelle.dz\/index.php\/2022\/05\/31\/examens-du-bac-et-du-bem-de-lourdes-sanctions-seront-prises-contre-les-perturbateurs\/"},"author":{"name":"La Sentinelle","@id":"https:\/\/lasentinelle.dz\/#\/schema\/person\/d865044e22e70a75174ce8bcad3acfb3"},"headline":"Examens du Bac et du BEM\u00a0: De lourdes sanctions seront prises contre les perturbateurs","datePublished":"2022-05-30T23:01:00+00:00","mainEntityOfPage":{"@id":"https:\/\/lasentinelle.dz\/index.php\/2022\/05\/31\/examens-du-bac-et-du-bem-de-lourdes-sanctions-seront-prises-contre-les-perturbateurs\/"},"wordCount":538,"commentCount":0,"publisher":{"@id":"https:\/\/lasentinelle.dz\/#organization"},"image":{"@id":"https:\/\/lasentinelle.dz\/index.php\/2022\/05\/31\/examens-du-bac-et-du-bem-de-lourdes-sanctions-seront-prises-contre-les-perturbateurs\/#primaryimage"},"thumbnailUrl":"https:\/\/lasentinelle.dz\/wp-content\/uploads\/2022\/05\/BAC-2.png","articleSection":["Actualit\u00e9"],"inLanguage":"fr-FR","potentialAction":[{"@type":"CommentAction","name":"Comment","target":["https:\/\/lasentinelle.dz\/index.php\/2022\/05\/31\/examens-du-bac-et-du-bem-de-lourdes-sanctions-seront-prises-contre-les-perturbateurs\/#respond"]}]},{"@type":"WebPage","@id":"https:\/\/lasentinelle.dz\/index.php\/2022\/05\/31\/examens-du-bac-et-du-bem-de-lourdes-sanctions-seront-prises-contre-les-perturbateurs\/","url":"https:\/\/lasentinelle.dz\/index.php\/2022\/05\/31\/examens-du-bac-et-du-bem-de-lourdes-sanctions-seront-prises-contre-les-perturbateurs\/","name":"Examens du Bac et du BEM\u00a0: De lourdes sanctions seront prises contre les perturbateurs - La Sentinelle","isPartOf":{"@id":"https:\/\/lasentinelle.dz\/#website"},"primaryImageOfPage":{"@id":"https:\/\/lasentinelle.dz\/index.php\/2022\/05\/31\/examens-du-bac-et-du-bem-de-lourdes-sanctions-seront-prises-contre-les-perturbateurs\/#primaryimage"},"image":{"@id":"https:\/\/lasentinelle.dz\/index.php\/2022\/05\/31\/examens-du-bac-et-du-bem-de-lourdes-sanctions-seront-prises-contre-les-perturbateurs\/#primaryimage"},"thumbnailUrl":"https:\/\/lasentinelle.dz\/wp-content\/uploads\/2022\/05\/BAC-2.png","datePublished":"2022-05-30T23:01:00+00:00","breadcrumb":{"@id":"https:\/\/lasentinelle.dz\/index.php\/2022\/05\/31\/examens-du-bac-et-du-bem-de-lourdes-sanctions-seront-prises-contre-les-perturbateurs\/#breadcrumb"},"inLanguage":"fr-FR","potentialAction":[{"@type":"ReadAction","target":["https:\/\/lasentinelle.dz\/index.php\/2022\/05\/31\/examens-du-bac-et-du-bem-de-lourdes-sanctions-seront-prises-contre-les-perturbateurs\/"]}]},{"@type":"ImageObject","inLanguage":"fr-FR","@id":"https:\/\/lasentinelle.dz\/index.php\/2022\/05\/31\/examens-du-bac-et-du-bem-de-lourdes-sanctions-seront-prises-contre-les-perturbateurs\/#primaryimage","url":"https:\/\/lasentinelle.dz\/wp-content\/uploads\/2022\/05\/BAC-2.png","contentUrl":"https:\/\/lasentinelle.dz\/wp-content\/uploads\/2022\/05\/BAC-2.png","width":1350,"height":900},{"@type":"BreadcrumbList","@id":"https:\/\/lasentinelle.dz\/index.php\/2022\/05\/31\/examens-du-bac-et-du-bem-de-lourdes-sanctions-seront-prises-contre-les-perturbateurs\/#breadcrumb","itemListElement":[{"@type":"ListItem","position":1,"name":"Accueil","item":"https:\/\/lasentinelle.dz\/"},{"@type":"ListItem","position":2,"name":"Examens du Bac et du BEM\u00a0: De lourdes sanctions seront prises contre les perturbateurs"}]},{"@type":"WebSite","@id":"https:\/\/lasentinelle.dz\/#website","url":"https:\/\/lasentinelle.dz\/","name":"La Sentinelle","description":"Quotidien national d&#039;information","publisher":{"@id":"https:\/\/lasentinelle.dz\/#organization"},"potentialAction":[{"@type":"SearchAction","target":{"@type":"EntryPoint","urlTemplate":"https:\/\/lasentinelle.dz\/?s={search_term_string}"},"query-input":{"@type":"PropertyValueSpecification","valueRequired":true,"valueName":"search_term_string"}}],"inLanguage":"fr-FR"},{"@type":"Organization","@id":"https:\/\/lasentinelle.dz\/#organization","name":"Quotidien La Sentinelle","url":"https:\/\/lasentinelle.dz\/","logo":{"@type":"ImageObject","inLanguage":"fr-FR","@id":"https:\/\/lasentinelle.dz\/#\/schema\/logo\/image\/","url":"https:\/\/lasentinelle.dz\/wp-content\/uploads\/2021\/09\/logo-sentinelleSLOGAN-1.png","contentUrl":"https:\/\/lasentinelle.dz\/wp-content\/uploads\/2021\/09\/logo-sentinelleSLOGAN-1.png","width":615,"height":142,"caption":"Quotidien La Sentinelle"},"image":{"@id":"https:\/\/lasentinelle.dz\/#\/schema\/logo\/image\/"},"sameAs":["https:\/\/www.facebook.com\/La-Sentinelle-104059864394773"]},{"@type":"Person","@id":"https:\/\/lasentinelle.dz\/#\/schema\/person\/d865044e22e70a75174ce8bcad3acfb3","name":"La Sentinelle","image":{"@type":"ImageObject","inLanguage":"fr-FR","@id":"https:\/\/secure.gravatar.com\/avatar\/57de8e5d4b15d43fb361a71fbb36338450fe67865b528a43dd10ef7c51a20392?s=96&d=mm&r=g","url":"https:\/\/secure.gravatar.com\/avatar\/57de8e5d4b15d43fb361a71fbb36338450fe67865b528a43dd10ef7c51a20392?s=96&d=mm&r=g","contentUrl":"https:\/\/secure.gravatar.com\/avatar\/57de8e5d4b15d43fb361a71fbb36338450fe67865b528a43dd10ef7c51a20392?s=96&d=mm&r=g","caption":"La Sentinelle"},"sameAs":["http:\/\/www.lasentinelle.dz"],"url":"https:\/\/lasentinelle.dz\/author\/redaction\/"}]}},"_links":{"self":[{"href":"https:\/\/lasentinelle.dz\/index.php\/wp-json\/wp\/v2\/posts\/21828","targetHints":{"allow":["GET"]}}],"collection":[{"href":"https:\/\/lasentinelle.dz\/index.php\/wp-json\/wp\/v2\/posts"}],"about":[{"href":"https:\/\/lasentinelle.dz\/index.php\/wp-json\/wp\/v2\/types\/post"}],"author":[{"embeddable":true,"href":"https:\/\/lasentinelle.dz\/index.php\/wp-json\/wp\/v2\/users\/3"}],"replies":[{"embeddable":true,"href":"https:\/\/lasentinelle.dz\/index.php\/wp-json\/wp\/v2\/comments?post=21828"}],"version-history":[{"count":1,"href":"https:\/\/lasentinelle.dz\/index.php\/wp-json\/wp\/v2\/posts\/21828\/revisions"}],"predecessor-version":[{"id":21834,"href":"https:\/\/lasentinelle.dz\/index.php\/wp-json\/wp\/v2\/posts\/21828\/revisions\/21834"}],"wp:featuredmedia":[{"embeddable":true,"href":"https:\/\/lasentinelle.dz\/index.php\/wp-json\/wp\/v2\/media\/21833"}],"wp:attachment":[{"href":"https:\/\/lasentinelle.dz\/index.php\/wp-json\/wp\/v2\/media?parent=21828"}],"wp:term":[{"taxonomy":"category","embeddable":true,"href":"https:\/\/lasentinelle.dz\/index.php\/wp-json\/wp\/v2\/categories?post=21828"},{"taxonomy":"post_tag","embeddable":true,"href":"https:\/\/lasentinelle.dz\/index.php\/wp-json\/wp\/v2\/tags?post=21828"}],"curies":[{"name":"wp","href":"https:\/\/api.w.org\/{rel}","templated":true}]}}