{"id":21855,"date":"2022-06-01T00:01:00","date_gmt":"2022-05-31T23:01:00","guid":{"rendered":"https:\/\/lasentinelle.dz\/?p=21855"},"modified":"2022-05-31T17:01:29","modified_gmt":"2022-05-31T16:01:29","slug":"equipe-nationale-dans-le-vif-du-sujet-2","status":"publish","type":"post","link":"https:\/\/lasentinelle.dz\/index.php\/2022\/06\/01\/equipe-nationale-dans-le-vif-du-sujet-2\/","title":{"rendered":"\u00c9quipe nationale\u00a0\u00a0\u00a0:\u00a0Dans le vif du sujet\u00a0"},"content":{"rendered":"\n<p>Dans sa causerie introductive, le coach national a salu\u00e9 les nouveaux arriv\u00e9s, leur souhaitant une rapide int\u00e9gration dans le groupe et une grande r\u00e9ussite avec les Verts, comme il a rappel\u00e9 le contexte de ce stage et ses objectifs.<\/p>\n\n\n\n<p>Les joueurs de l\u2019\u00c9quipe nationale&nbsp;de football&nbsp;ont entam\u00e9, lundi au Centre technique national (CTN) de Sidi Moussa, leur stage en pr\u00e9vision des deux matchs des \u00e9liminatoires de la CAN-2023, pr\u00e9vus les 4 et 8 juin face, respectivement, \u00e0 l\u2018Ouganda et \u00e0 la Tanzanie. Sur les 25 joueurs retenus par le s\u00e9lectionneur national, Djamel Belmadi, 21 \u00e9taient au rendez-vous de ce premier regroupement, qui se veut celui d\u2019une nouvelle \u00e8re. Seuls les gardiens Mustapha Zeghba (Damac FC, Arabie Saoudite) et Anthony Mandrea (SCO Angers, France) et les milieux de terrain Sofiane Bendebka (Al Fateh SC, Arabie Saoudite) et Isma\u00ebl Bennacer (AC Milan, Italie) manquaient \u00e0 l\u2019appel, eux qui ont rejoint leurs co\u00e9quipiers hier. Dans sa causerie introductive, le coach national a salu\u00e9 les nouveaux arriv\u00e9s, leur souhaitant une rapide int\u00e9gration dans le groupe et une grande r\u00e9ussite avec les Verts, comme il a rappel\u00e9 le contexte de ce stage et ses objectifs. Avant le coup d\u2019envoi de la premi\u00e8re s\u00e9ance, une zone mixe a \u00e9t\u00e9 organis\u00e9e avec la presse. Plusieurs joueurs se sont exprim\u00e9s, et l\u2019attraction a \u00e9t\u00e9 les nouveaux, et tout le monde \u00e9tait unanime \u00e0 indiquer que l\u2019occasion est propice pour r\u00e9pondre favorablement aux attentes du coach et des Alg\u00e9riens.&nbsp;&nbsp;Riyad Benayad, attaquant de l\u2019ES S\u00e9tif, seul joueur \u00e9voluant dans le championnat national \u00e0 \u00eatre convoqu\u00e9, s\u2019est dit \u00ab honor\u00e9 et fier de faire partie de cette \u00e9quipe \u00bb. \u00ab Je suis l\u00e0 pour saisir ma chance, et prouver que j\u2019ai les qualit\u00e9s pour donner un plus \u00e0 mon pays. J\u2019esp\u00e8re \u00eatre \u00e0 la hauteur des esp\u00e9rances. Aujourd\u2019hui, le s\u00e9lectionneur m\u2019a fait confiance en me convoquant pour ce stage, \u00e0 moi de travailler et d&rsquo;arracher une place comme l\u2019ont fait les attaquants qui m\u2019ont pr\u00e9c\u00e9d\u00e9 \u00e0 l\u2019image de Slimani et Bounedjah \u00bb, promet-il. Billel Omrani, lui, aborde dans le m\u00eame sens en indiquant : \u00ab HamdouAllah, j&rsquo;ai trouv\u00e9 une ambiance chaleureuse, les joueurs sont souriants, tout se passe bien. Mon objectif personnel est de prouver sur le terrain que j&rsquo;ai les capacit\u00e9s de jouer en \u00e9quipe nationale et de faire la diff\u00e9rence \u00bb. Et d\u2019ajouter : Je vais essayer de marquer un but samedi ou le match d&rsquo;apr\u00e8s si je serais align\u00e9. J&rsquo;aurais aim\u00e9 rencontrer le capitaine Riyad Mahrez, mais je ne peux pas commenter son absence. A mon point de vue, l&rsquo;\u00e9quipe nationale ne souffre pas d\u2019inefficacit\u00e9 offensive. Concernant l\u2019\u00e9limination de l\u2019Alg\u00e9rie de la Coupe du monde 2022, je n&rsquo;aime pas trop parler du pass\u00e9, je pr\u00e9f\u00e8re me focaliser sur l\u2019avenir. \u00bb M\u00eame&nbsp;&nbsp;son de cloche chez le d\u00e9fenseur de Boavista, Yanis Hamache : \u00ab&nbsp;&nbsp;Nous avons \u00e9t\u00e9 bien accueillis. Je m&rsquo;appr\u00eate \u00e0 effectuer mon premier entra\u00eenement collectif, c\u2019est un plaisir d\u2019int\u00e9grer cette \u00e9quipe et cet effectif. Le coach Belmadi nous a dit clairement qu\u2019on m\u00e9ritait notre pr\u00e9sence, \u00e0 nous de travailler dur pour pouvoir s\u2019int\u00e9grer au sein du groupe et participer aux matchs. Il y a un groupe en place qui a beaucoup de qualit\u00e9s. On n&rsquo;a pas vu un \u00e9cart entre les nouveaux et les anciens, on compose tous une famille. \u00bb Enfin, Abdelkahar Kadri, transf\u00e9r\u00e9 du Paradou AC vers Courtrai, en Belgique, a indiqu\u00e9 : \u00ab Dieu merci, c\u2019est un honneur pour moi de rejoindre l\u2019\u00e9quipe nationale. J\u2019esp\u00e8re \u00eatre \u00e0 la hauteur et suivre les traces de mes anciens co\u00e9quipiers au Paradou AC \u00e0 l&rsquo;image de Benseba\u00efni et Boudaoui qui sont consid\u00e9r\u00e9s aujourd\u2019hui comme des cadres. Les joueurs issus de l&rsquo;Acad\u00e9mie du PAC ont bien travaill\u00e9 depuis leur jeune \u00e2ge, ce qui explique aujourd\u2019hui leur pr\u00e9sence en \u00e9quipe nationale. J&rsquo;esp\u00e8re que les nouveaux joueurs puissent donner un plus et permettre \u00e0 la s\u00e9lection de retrouver son vrai niveau \u00bb.&nbsp;&nbsp;<\/p>\n\n\n\n<p><strong>R. S.<\/strong><\/p>\n","protected":false},"excerpt":{"rendered":"<p>Dans sa causerie introductive, le coach national a salu\u00e9 les nouveaux arriv\u00e9s, leur souhaitant une rapide int\u00e9gration dans le groupe<\/p>\n","protected":false},"author":3,"featured_media":21865,"comment_status":"open","ping_status":"closed","sticky":false,"template":"","format":"standard","meta":{"colormag_page_container_layout":"default_layout","colormag_page_sidebar_layout":"default_layout","om_disable_all_campaigns":false,"_monsterinsights_skip_tracking":false,"_monsterinsights_sitenote_active":false,"_monsterinsights_sitenote_note":"","_monsterinsights_sitenote_category":0,"footnotes":"","_wpscppro_dont_share_socialmedia":false,"_wpscppro_custom_social_share_image":0,"_facebook_share_type":"","_twitter_share_type":"","_linkedin_share_type":"","_pinterest_share_type":"","_linkedin_share_type_page":"","_instagram_share_type":"","_medium_share_type":"","_threads_share_type":"","_google_business_share_type":"","_selected_social_profile":[],"_wpsp_enable_custom_social_template":false,"_wpsp_social_scheduling":{"enabled":false,"datetime":null,"platforms":[],"status":"template_only","dateOption":"today","timeOption":"now","customDays":"","customHours":"","customDate":"","customTime":"","schedulingType":"absolute"},"_wpsp_active_default_template":true},"categories":[33],"tags":[],"class_list":["post-21855","post","type-post","status-publish","format-standard","has-post-thumbnail","hentry","category-sports"],"aioseo_notices":[],"yoast_head":"<!-- This site is optimized with the Yoast SEO plugin v27.5 - https:\/\/yoast.com\/product\/yoast-seo-wordpress\/ -->\n<title>\u00c9quipe nationale\u00a0\u00a0\u00a0:\u00a0Dans le vif du sujet\u00a0 - La Sentinelle<\/title>\n<meta name=\"robots\" content=\"index, follow, max-snippet:-1, max-image-preview:large, max-video-preview:-1\" \/>\n<link rel=\"canonical\" href=\"https:\/\/lasentinelle.dz\/index.php\/2022\/06\/01\/equipe-nationale-dans-le-vif-du-sujet-2\/\" \/>\n<meta property=\"og:locale\" content=\"fr_FR\" \/>\n<meta property=\"og:type\" content=\"article\" \/>\n<meta property=\"og:title\" content=\"\u00c9quipe nationale\u00a0\u00a0\u00a0:\u00a0Dans le vif du sujet\u00a0 - La Sentinelle\" \/>\n<meta property=\"og:description\" content=\"Dans sa causerie introductive, le coach national a salu\u00e9 les nouveaux arriv\u00e9s, leur souhaitant une rapide int\u00e9gration dans le groupe\" \/>\n<meta property=\"og:url\" content=\"https:\/\/lasentinelle.dz\/index.php\/2022\/06\/01\/equipe-nationale-dans-le-vif-du-sujet-2\/\" \/>\n<meta property=\"og:site_name\" content=\"La Sentinelle\" \/>\n<meta property=\"article:publisher\" content=\"https:\/\/www.facebook.com\/La-Sentinelle-104059864394773\" \/>\n<meta property=\"article:published_time\" content=\"2022-05-31T23:01:00+00:00\" \/>\n<meta property=\"og:image\" content=\"https:\/\/lasentinelle.dz\/wp-content\/uploads\/2022\/05\/EN-2.jpg\" \/>\n\t<meta property=\"og:image:width\" content=\"1792\" \/>\n\t<meta property=\"og:image:height\" content=\"1050\" \/>\n\t<meta property=\"og:image:type\" content=\"image\/jpeg\" \/>\n<meta name=\"author\" content=\"La Sentinelle\" \/>\n<meta name=\"twitter:card\" content=\"summary_large_image\" \/>\n<meta name=\"twitter:label1\" content=\"\u00c9crit par\" \/>\n\t<meta name=\"twitter:data1\" content=\"La Sentinelle\" \/>\n\t<meta name=\"twitter:label2\" content=\"Dur\u00e9e de lecture estim\u00e9e\" \/>\n\t<meta name=\"twitter:data2\" content=\"4 minutes\" \/>\n<script type=\"application\/ld+json\" class=\"yoast-schema-graph\">{\"@context\":\"https:\\\/\\\/schema.org\",\"@graph\":[{\"@type\":\"Article\",\"@id\":\"https:\\\/\\\/lasentinelle.dz\\\/index.php\\\/2022\\\/06\\\/01\\\/equipe-nationale-dans-le-vif-du-sujet-2\\\/#article\",\"isPartOf\":{\"@id\":\"https:\\\/\\\/lasentinelle.dz\\\/index.php\\\/2022\\\/06\\\/01\\\/equipe-nationale-dans-le-vif-du-sujet-2\\\/\"},\"author\":{\"name\":\"La Sentinelle\",\"@id\":\"https:\\\/\\\/lasentinelle.dz\\\/#\\\/schema\\\/person\\\/d865044e22e70a75174ce8bcad3acfb3\"},\"headline\":\"\u00c9quipe nationale\u00a0\u00a0\u00a0:\u00a0Dans le vif du sujet\u00a0\",\"datePublished\":\"2022-05-31T23:01:00+00:00\",\"mainEntityOfPage\":{\"@id\":\"https:\\\/\\\/lasentinelle.dz\\\/index.php\\\/2022\\\/06\\\/01\\\/equipe-nationale-dans-le-vif-du-sujet-2\\\/\"},\"wordCount\":721,\"commentCount\":0,\"publisher\":{\"@id\":\"https:\\\/\\\/lasentinelle.dz\\\/#organization\"},\"image\":{\"@id\":\"https:\\\/\\\/lasentinelle.dz\\\/index.php\\\/2022\\\/06\\\/01\\\/equipe-nationale-dans-le-vif-du-sujet-2\\\/#primaryimage\"},\"thumbnailUrl\":\"https:\\\/\\\/lasentinelle.dz\\\/wp-content\\\/uploads\\\/2022\\\/05\\\/EN-2.jpg\",\"articleSection\":[\"Sports\"],\"inLanguage\":\"fr-FR\",\"potentialAction\":[{\"@type\":\"CommentAction\",\"name\":\"Comment\",\"target\":[\"https:\\\/\\\/lasentinelle.dz\\\/index.php\\\/2022\\\/06\\\/01\\\/equipe-nationale-dans-le-vif-du-sujet-2\\\/#respond\"]}]},{\"@type\":\"WebPage\",\"@id\":\"https:\\\/\\\/lasentinelle.dz\\\/index.php\\\/2022\\\/06\\\/01\\\/equipe-nationale-dans-le-vif-du-sujet-2\\\/\",\"url\":\"https:\\\/\\\/lasentinelle.dz\\\/index.php\\\/2022\\\/06\\\/01\\\/equipe-nationale-dans-le-vif-du-sujet-2\\\/\",\"name\":\"\u00c9quipe nationale\u00a0\u00a0\u00a0:\u00a0Dans le vif du sujet\u00a0 - La Sentinelle\",\"isPartOf\":{\"@id\":\"https:\\\/\\\/lasentinelle.dz\\\/#website\"},\"primaryImageOfPage\":{\"@id\":\"https:\\\/\\\/lasentinelle.dz\\\/index.php\\\/2022\\\/06\\\/01\\\/equipe-nationale-dans-le-vif-du-sujet-2\\\/#primaryimage\"},\"image\":{\"@id\":\"https:\\\/\\\/lasentinelle.dz\\\/index.php\\\/2022\\\/06\\\/01\\\/equipe-nationale-dans-le-vif-du-sujet-2\\\/#primaryimage\"},\"thumbnailUrl\":\"https:\\\/\\\/lasentinelle.dz\\\/wp-content\\\/uploads\\\/2022\\\/05\\\/EN-2.jpg\",\"datePublished\":\"2022-05-31T23:01:00+00:00\",\"breadcrumb\":{\"@id\":\"https:\\\/\\\/lasentinelle.dz\\\/index.php\\\/2022\\\/06\\\/01\\\/equipe-nationale-dans-le-vif-du-sujet-2\\\/#breadcrumb\"},\"inLanguage\":\"fr-FR\",\"potentialAction\":[{\"@type\":\"ReadAction\",\"target\":[\"https:\\\/\\\/lasentinelle.dz\\\/index.php\\\/2022\\\/06\\\/01\\\/equipe-nationale-dans-le-vif-du-sujet-2\\\/\"]}]},{\"@type\":\"ImageObject\",\"inLanguage\":\"fr-FR\",\"@id\":\"https:\\\/\\\/lasentinelle.dz\\\/index.php\\\/2022\\\/06\\\/01\\\/equipe-nationale-dans-le-vif-du-sujet-2\\\/#primaryimage\",\"url\":\"https:\\\/\\\/lasentinelle.dz\\\/wp-content\\\/uploads\\\/2022\\\/05\\\/EN-2.jpg\",\"contentUrl\":\"https:\\\/\\\/lasentinelle.dz\\\/wp-content\\\/uploads\\\/2022\\\/05\\\/EN-2.jpg\",\"width\":1792,\"height\":1050},{\"@type\":\"BreadcrumbList\",\"@id\":\"https:\\\/\\\/lasentinelle.dz\\\/index.php\\\/2022\\\/06\\\/01\\\/equipe-nationale-dans-le-vif-du-sujet-2\\\/#breadcrumb\",\"itemListElement\":[{\"@type\":\"ListItem\",\"position\":1,\"name\":\"Accueil\",\"item\":\"https:\\\/\\\/lasentinelle.dz\\\/\"},{\"@type\":\"ListItem\",\"position\":2,\"name\":\"\u00c9quipe nationale\u00a0\u00a0\u00a0:\u00a0Dans le vif du sujet\u00a0\"}]},{\"@type\":\"WebSite\",\"@id\":\"https:\\\/\\\/lasentinelle.dz\\\/#website\",\"url\":\"https:\\\/\\\/lasentinelle.dz\\\/\",\"name\":\"La Sentinelle\",\"description\":\"Quotidien national d&#039;information\",\"publisher\":{\"@id\":\"https:\\\/\\\/lasentinelle.dz\\\/#organization\"},\"potentialAction\":[{\"@type\":\"SearchAction\",\"target\":{\"@type\":\"EntryPoint\",\"urlTemplate\":\"https:\\\/\\\/lasentinelle.dz\\\/?s={search_term_string}\"},\"query-input\":{\"@type\":\"PropertyValueSpecification\",\"valueRequired\":true,\"valueName\":\"search_term_string\"}}],\"inLanguage\":\"fr-FR\"},{\"@type\":\"Organization\",\"@id\":\"https:\\\/\\\/lasentinelle.dz\\\/#organization\",\"name\":\"Quotidien La Sentinelle\",\"url\":\"https:\\\/\\\/lasentinelle.dz\\\/\",\"logo\":{\"@type\":\"ImageObject\",\"inLanguage\":\"fr-FR\",\"@id\":\"https:\\\/\\\/lasentinelle.dz\\\/#\\\/schema\\\/logo\\\/image\\\/\",\"url\":\"https:\\\/\\\/lasentinelle.dz\\\/wp-content\\\/uploads\\\/2021\\\/09\\\/logo-sentinelleSLOGAN-1.png\",\"contentUrl\":\"https:\\\/\\\/lasentinelle.dz\\\/wp-content\\\/uploads\\\/2021\\\/09\\\/logo-sentinelleSLOGAN-1.png\",\"width\":615,\"height\":142,\"caption\":\"Quotidien La Sentinelle\"},\"image\":{\"@id\":\"https:\\\/\\\/lasentinelle.dz\\\/#\\\/schema\\\/logo\\\/image\\\/\"},\"sameAs\":[\"https:\\\/\\\/www.facebook.com\\\/La-Sentinelle-104059864394773\"]},{\"@type\":\"Person\",\"@id\":\"https:\\\/\\\/lasentinelle.dz\\\/#\\\/schema\\\/person\\\/d865044e22e70a75174ce8bcad3acfb3\",\"name\":\"La Sentinelle\",\"image\":{\"@type\":\"ImageObject\",\"inLanguage\":\"fr-FR\",\"@id\":\"https:\\\/\\\/secure.gravatar.com\\\/avatar\\\/57de8e5d4b15d43fb361a71fbb36338450fe67865b528a43dd10ef7c51a20392?s=96&d=mm&r=g\",\"url\":\"https:\\\/\\\/secure.gravatar.com\\\/avatar\\\/57de8e5d4b15d43fb361a71fbb36338450fe67865b528a43dd10ef7c51a20392?s=96&d=mm&r=g\",\"contentUrl\":\"https:\\\/\\\/secure.gravatar.com\\\/avatar\\\/57de8e5d4b15d43fb361a71fbb36338450fe67865b528a43dd10ef7c51a20392?s=96&d=mm&r=g\",\"caption\":\"La Sentinelle\"},\"sameAs\":[\"http:\\\/\\\/www.lasentinelle.dz\"],\"url\":\"https:\\\/\\\/lasentinelle.dz\\\/author\\\/redaction\\\/\"}]}<\/script>\n<!-- \/ Yoast SEO plugin. -->","yoast_head_json":{"title":"\u00c9quipe nationale\u00a0\u00a0\u00a0:\u00a0Dans le vif du sujet\u00a0 - La Sentinelle","robots":{"index":"index","follow":"follow","max-snippet":"max-snippet:-1","max-image-preview":"max-image-preview:large","max-video-preview":"max-video-preview:-1"},"canonical":"https:\/\/lasentinelle.dz\/index.php\/2022\/06\/01\/equipe-nationale-dans-le-vif-du-sujet-2\/","og_locale":"fr_FR","og_type":"article","og_title":"\u00c9quipe nationale\u00a0\u00a0\u00a0:\u00a0Dans le vif du sujet\u00a0 - La Sentinelle","og_description":"Dans sa causerie introductive, le coach national a salu\u00e9 les nouveaux arriv\u00e9s, leur souhaitant une rapide int\u00e9gration dans le groupe","og_url":"https:\/\/lasentinelle.dz\/index.php\/2022\/06\/01\/equipe-nationale-dans-le-vif-du-sujet-2\/","og_site_name":"La Sentinelle","article_publisher":"https:\/\/www.facebook.com\/La-Sentinelle-104059864394773","article_published_time":"2022-05-31T23:01:00+00:00","og_image":[{"width":1792,"height":1050,"url":"https:\/\/lasentinelle.dz\/wp-content\/uploads\/2022\/05\/EN-2.jpg","type":"image\/jpeg"}],"author":"La Sentinelle","twitter_card":"summary_large_image","twitter_misc":{"\u00c9crit par":"La Sentinelle","Dur\u00e9e de lecture estim\u00e9e":"4 minutes"},"schema":{"@context":"https:\/\/schema.org","@graph":[{"@type":"Article","@id":"https:\/\/lasentinelle.dz\/index.php\/2022\/06\/01\/equipe-nationale-dans-le-vif-du-sujet-2\/#article","isPartOf":{"@id":"https:\/\/lasentinelle.dz\/index.php\/2022\/06\/01\/equipe-nationale-dans-le-vif-du-sujet-2\/"},"author":{"name":"La Sentinelle","@id":"https:\/\/lasentinelle.dz\/#\/schema\/person\/d865044e22e70a75174ce8bcad3acfb3"},"headline":"\u00c9quipe nationale\u00a0\u00a0\u00a0:\u00a0Dans le vif du sujet\u00a0","datePublished":"2022-05-31T23:01:00+00:00","mainEntityOfPage":{"@id":"https:\/\/lasentinelle.dz\/index.php\/2022\/06\/01\/equipe-nationale-dans-le-vif-du-sujet-2\/"},"wordCount":721,"commentCount":0,"publisher":{"@id":"https:\/\/lasentinelle.dz\/#organization"},"image":{"@id":"https:\/\/lasentinelle.dz\/index.php\/2022\/06\/01\/equipe-nationale-dans-le-vif-du-sujet-2\/#primaryimage"},"thumbnailUrl":"https:\/\/lasentinelle.dz\/wp-content\/uploads\/2022\/05\/EN-2.jpg","articleSection":["Sports"],"inLanguage":"fr-FR","potentialAction":[{"@type":"CommentAction","name":"Comment","target":["https:\/\/lasentinelle.dz\/index.php\/2022\/06\/01\/equipe-nationale-dans-le-vif-du-sujet-2\/#respond"]}]},{"@type":"WebPage","@id":"https:\/\/lasentinelle.dz\/index.php\/2022\/06\/01\/equipe-nationale-dans-le-vif-du-sujet-2\/","url":"https:\/\/lasentinelle.dz\/index.php\/2022\/06\/01\/equipe-nationale-dans-le-vif-du-sujet-2\/","name":"\u00c9quipe nationale\u00a0\u00a0\u00a0:\u00a0Dans le vif du sujet\u00a0 - La Sentinelle","isPartOf":{"@id":"https:\/\/lasentinelle.dz\/#website"},"primaryImageOfPage":{"@id":"https:\/\/lasentinelle.dz\/index.php\/2022\/06\/01\/equipe-nationale-dans-le-vif-du-sujet-2\/#primaryimage"},"image":{"@id":"https:\/\/lasentinelle.dz\/index.php\/2022\/06\/01\/equipe-nationale-dans-le-vif-du-sujet-2\/#primaryimage"},"thumbnailUrl":"https:\/\/lasentinelle.dz\/wp-content\/uploads\/2022\/05\/EN-2.jpg","datePublished":"2022-05-31T23:01:00+00:00","breadcrumb":{"@id":"https:\/\/lasentinelle.dz\/index.php\/2022\/06\/01\/equipe-nationale-dans-le-vif-du-sujet-2\/#breadcrumb"},"inLanguage":"fr-FR","potentialAction":[{"@type":"ReadAction","target":["https:\/\/lasentinelle.dz\/index.php\/2022\/06\/01\/equipe-nationale-dans-le-vif-du-sujet-2\/"]}]},{"@type":"ImageObject","inLanguage":"fr-FR","@id":"https:\/\/lasentinelle.dz\/index.php\/2022\/06\/01\/equipe-nationale-dans-le-vif-du-sujet-2\/#primaryimage","url":"https:\/\/lasentinelle.dz\/wp-content\/uploads\/2022\/05\/EN-2.jpg","contentUrl":"https:\/\/lasentinelle.dz\/wp-content\/uploads\/2022\/05\/EN-2.jpg","width":1792,"height":1050},{"@type":"BreadcrumbList","@id":"https:\/\/lasentinelle.dz\/index.php\/2022\/06\/01\/equipe-nationale-dans-le-vif-du-sujet-2\/#breadcrumb","itemListElement":[{"@type":"ListItem","position":1,"name":"Accueil","item":"https:\/\/lasentinelle.dz\/"},{"@type":"ListItem","position":2,"name":"\u00c9quipe nationale\u00a0\u00a0\u00a0:\u00a0Dans le vif du sujet\u00a0"}]},{"@type":"WebSite","@id":"https:\/\/lasentinelle.dz\/#website","url":"https:\/\/lasentinelle.dz\/","name":"La Sentinelle","description":"Quotidien national d&#039;information","publisher":{"@id":"https:\/\/lasentinelle.dz\/#organization"},"potentialAction":[{"@type":"SearchAction","target":{"@type":"EntryPoint","urlTemplate":"https:\/\/lasentinelle.dz\/?s={search_term_string}"},"query-input":{"@type":"PropertyValueSpecification","valueRequired":true,"valueName":"search_term_string"}}],"inLanguage":"fr-FR"},{"@type":"Organization","@id":"https:\/\/lasentinelle.dz\/#organization","name":"Quotidien La Sentinelle","url":"https:\/\/lasentinelle.dz\/","logo":{"@type":"ImageObject","inLanguage":"fr-FR","@id":"https:\/\/lasentinelle.dz\/#\/schema\/logo\/image\/","url":"https:\/\/lasentinelle.dz\/wp-content\/uploads\/2021\/09\/logo-sentinelleSLOGAN-1.png","contentUrl":"https:\/\/lasentinelle.dz\/wp-content\/uploads\/2021\/09\/logo-sentinelleSLOGAN-1.png","width":615,"height":142,"caption":"Quotidien La Sentinelle"},"image":{"@id":"https:\/\/lasentinelle.dz\/#\/schema\/logo\/image\/"},"sameAs":["https:\/\/www.facebook.com\/La-Sentinelle-104059864394773"]},{"@type":"Person","@id":"https:\/\/lasentinelle.dz\/#\/schema\/person\/d865044e22e70a75174ce8bcad3acfb3","name":"La Sentinelle","image":{"@type":"ImageObject","inLanguage":"fr-FR","@id":"https:\/\/secure.gravatar.com\/avatar\/57de8e5d4b15d43fb361a71fbb36338450fe67865b528a43dd10ef7c51a20392?s=96&d=mm&r=g","url":"https:\/\/secure.gravatar.com\/avatar\/57de8e5d4b15d43fb361a71fbb36338450fe67865b528a43dd10ef7c51a20392?s=96&d=mm&r=g","contentUrl":"https:\/\/secure.gravatar.com\/avatar\/57de8e5d4b15d43fb361a71fbb36338450fe67865b528a43dd10ef7c51a20392?s=96&d=mm&r=g","caption":"La Sentinelle"},"sameAs":["http:\/\/www.lasentinelle.dz"],"url":"https:\/\/lasentinelle.dz\/author\/redaction\/"}]}},"_links":{"self":[{"href":"https:\/\/lasentinelle.dz\/index.php\/wp-json\/wp\/v2\/posts\/21855","targetHints":{"allow":["GET"]}}],"collection":[{"href":"https:\/\/lasentinelle.dz\/index.php\/wp-json\/wp\/v2\/posts"}],"about":[{"href":"https:\/\/lasentinelle.dz\/index.php\/wp-json\/wp\/v2\/types\/post"}],"author":[{"embeddable":true,"href":"https:\/\/lasentinelle.dz\/index.php\/wp-json\/wp\/v2\/users\/3"}],"replies":[{"embeddable":true,"href":"https:\/\/lasentinelle.dz\/index.php\/wp-json\/wp\/v2\/comments?post=21855"}],"version-history":[{"count":1,"href":"https:\/\/lasentinelle.dz\/index.php\/wp-json\/wp\/v2\/posts\/21855\/revisions"}],"predecessor-version":[{"id":21866,"href":"https:\/\/lasentinelle.dz\/index.php\/wp-json\/wp\/v2\/posts\/21855\/revisions\/21866"}],"wp:featuredmedia":[{"embeddable":true,"href":"https:\/\/lasentinelle.dz\/index.php\/wp-json\/wp\/v2\/media\/21865"}],"wp:attachment":[{"href":"https:\/\/lasentinelle.dz\/index.php\/wp-json\/wp\/v2\/media?parent=21855"}],"wp:term":[{"taxonomy":"category","embeddable":true,"href":"https:\/\/lasentinelle.dz\/index.php\/wp-json\/wp\/v2\/categories?post=21855"},{"taxonomy":"post_tag","embeddable":true,"href":"https:\/\/lasentinelle.dz\/index.php\/wp-json\/wp\/v2\/tags?post=21855"}],"curies":[{"name":"wp","href":"https:\/\/api.w.org\/{rel}","templated":true}]}}