{"id":21857,"date":"2022-06-01T00:01:00","date_gmt":"2022-05-31T23:01:00","guid":{"rendered":"https:\/\/lasentinelle.dz\/?p=21857"},"modified":"2022-05-31T19:02:58","modified_gmt":"2022-05-31T18:02:58","slug":"atteintes-aux-droits-de-lenfant-400-signalements-recus-depuis-le-debut-de-lannee","status":"publish","type":"post","link":"https:\/\/lasentinelle.dz\/index.php\/2022\/06\/01\/atteintes-aux-droits-de-lenfant-400-signalements-recus-depuis-le-debut-de-lannee\/","title":{"rendered":"Atteintes\u00a0aux droits de l&rsquo;enfant\u00a0:\u00a0400 signalements re\u00e7us\u00a0depuis le d\u00e9but de l\u2019ann\u00e9e"},"content":{"rendered":"\n<p>S\u2019exprimant hier \u00e0 l\u2019occasion de la journ\u00e9e de l\u2019enfance, la&nbsp;D\u00e9l\u00e9gu\u00e9e nationale&nbsp;de&nbsp;l&rsquo;Organe national pour la protection et la promotion de l&rsquo;Enfance (ONPPE), Meriem Cherfi a indiqu\u00e9 que l\u2019Organe&nbsp;a re\u00e7u, depuis le 1<sup>er<\/sup>&nbsp;janvier dernier, via le num\u00e9ro vert 11-11, plus de 400 signalements de cas d&rsquo;atteinte aux droits de l&rsquo;enfant. Mme Cherfi a, dans une d\u00e9claration \u00e0 l\u2019APS, fait \u00e9tat de la r\u00e9ception de \u00a0\u00bb 420 signalements de cas d&rsquo;atteinte aux droits de l&rsquo;enfant avec 1.320 enfants concern\u00e9s dont 717 gar\u00e7ons et 603 filles, au cours des cinq premiers mois de l&rsquo;ann\u00e9e en cours\u00a0\u00bb, soulignant que \u00ab\u00a0parfois un seul appel est re\u00e7u pour le signalement de cas de maltraitance de plusieurs enfants\u00a0\u00bb.<\/p>\n\n\n\n<p>Mme Cherfi a expliqu\u00e9&nbsp;que la plupart de ces signalements ont \u00e9t\u00e9 trait\u00e9s et que les enfants concern\u00e9s sont pris en charge. La&nbsp;D\u00e9l\u00e9gu\u00e9e nationale de la promotion et de la protection de l&rsquo;Enfance a, au chapitre de la r\u00e9partition par tranches d&rsquo;\u00e2ge, pr\u00e9cis\u00e9 que 329 enfants sont \u00e2g\u00e9s de moins de six ans, 740, entre 7 et 13 ans et 251 enfants entre 14 et 18 ans, expliquant que ces signalements sont, entre autres, li\u00e9es \u00e0 \u00ab\u00a0la maltraitance, la violence, l&rsquo;exploitation \u00e9conomique des enfants ou \u00e0 des fins de mendicit\u00e9\u00a0\u00bb. 207 signalements ont d\u2019ailleurs&nbsp;&nbsp;\u00e9t\u00e9 trait\u00e9s par les services du milieu ouvert \u00e0 travers l&rsquo;accompagnement et la prise en charge sociale de cette cat\u00e9gorie, ajoutait-elle. Un service du milieu ouvert relevant du minist\u00e8re de la Solidarit\u00e9 nationale, de la Famille et de la Condition de la femme charg\u00e9, explique Mme Cherfi,&nbsp;et charg\u00e9&nbsp;d\u2019assurer&nbsp;le suivi de la situation des enfants en danger, en prenant les mesures n\u00e9cessaires dans le cadre de leur accompagnement social, apr\u00e8s la v\u00e9rification sur le terrain du bien-fond\u00e9 du cas signal\u00e9.<\/p>\n\n\n\n<p>Soulignant la r\u00e9ception, durant la m\u00eame p\u00e9riode via son num\u00e9ro vert, de plus de 400 appels portant sur des demandes d&rsquo;orientation et sur des pr\u00e9occupations li\u00e9es \u00e0 l&rsquo;enfance ou aux missions de ONPPE, la m\u00eame responsable tenu \u00e0 informer les familles de la mise en place du num\u00e9ro vert 11\/11 et de l&rsquo;adresse \u00e9lectronique destin\u00e9e \u00e0 la r\u00e9ception des signalements relatifs \u00e0 l&rsquo;atteinte aux droits des enfants ainsi que l&rsquo;installation d&rsquo;une cellule d&rsquo;\u00e9coute regroupant des psychologues, des sociologues, des juristes et des m\u00e9decins.&nbsp;Enfin, mettant en exergue les \u00ab\u00a0pas importants\u00a0\u00bb fait par notre pays en mati\u00e8re de protection et de promotion de l&rsquo;enfance en \u00ab\u00a0mettant les moyens et en prenant les mesures n\u00e9cessaires notamment dans les domaines de l&rsquo;\u00e9ducation, de l&rsquo;enseignement, de la sant\u00e9 et des loisirs\u00a0\u00bb, Mme Cherfi n\u2019a pas manqu\u00e9 de mettre \u00e0 profit l\u2019occasion afin de&nbsp;&nbsp;plaider pour d&rsquo;intensifier l&rsquo;action commune avec tous les acteurs et intervenants dans le domaine de l&rsquo;enfance et d&rsquo;assurer la coordination permanente entre les secteurs concern\u00e9s, les acteurs de la soci\u00e9t\u00e9 civile et les sp\u00e9cialistes pour renforcer les mesures de protection de l&rsquo;enfance.&nbsp;<\/p>\n\n\n\n<p><strong>Kamel Nait Ameur<\/strong><\/p>\n","protected":false},"excerpt":{"rendered":"<p>S\u2019exprimant hier \u00e0 l\u2019occasion de la journ\u00e9e de l\u2019enfance, la&nbsp;D\u00e9l\u00e9gu\u00e9e nationale&nbsp;de&nbsp;l&rsquo;Organe national pour la protection et la promotion de l&rsquo;Enfance<\/p>\n","protected":false},"author":3,"featured_media":21884,"comment_status":"open","ping_status":"closed","sticky":false,"template":"","format":"standard","meta":{"colormag_page_container_layout":"default_layout","colormag_page_sidebar_layout":"default_layout","om_disable_all_campaigns":false,"_monsterinsights_skip_tracking":false,"_monsterinsights_sitenote_active":false,"_monsterinsights_sitenote_note":"","_monsterinsights_sitenote_category":0,"footnotes":"","_wpscppro_dont_share_socialmedia":false,"_wpscppro_custom_social_share_image":0,"_facebook_share_type":"","_twitter_share_type":"","_linkedin_share_type":"","_pinterest_share_type":"","_linkedin_share_type_page":"","_instagram_share_type":"","_medium_share_type":"","_threads_share_type":"","_google_business_share_type":"","_selected_social_profile":[],"_wpsp_enable_custom_social_template":false,"_wpsp_social_scheduling":{"enabled":false,"datetime":null,"platforms":[],"status":"template_only","dateOption":"today","timeOption":"now","customDays":"","customHours":"","customDate":"","customTime":"","schedulingType":"absolute"},"_wpsp_active_default_template":true},"categories":[27],"tags":[],"class_list":["post-21857","post","type-post","status-publish","format-standard","has-post-thumbnail","hentry","category-actualite"],"aioseo_notices":[],"yoast_head":"<!-- This site is optimized with the Yoast SEO plugin v27.5 - https:\/\/yoast.com\/product\/yoast-seo-wordpress\/ -->\n<title>Atteintes\u00a0aux droits de l&#039;enfant\u00a0:\u00a0400 signalements re\u00e7us\u00a0depuis le d\u00e9but de l\u2019ann\u00e9e - La Sentinelle<\/title>\n<meta name=\"robots\" content=\"index, follow, max-snippet:-1, max-image-preview:large, max-video-preview:-1\" \/>\n<link rel=\"canonical\" href=\"https:\/\/lasentinelle.dz\/index.php\/2022\/06\/01\/atteintes-aux-droits-de-lenfant-400-signalements-recus-depuis-le-debut-de-lannee\/\" \/>\n<meta property=\"og:locale\" content=\"fr_FR\" \/>\n<meta property=\"og:type\" content=\"article\" \/>\n<meta property=\"og:title\" content=\"Atteintes\u00a0aux droits de l&#039;enfant\u00a0:\u00a0400 signalements re\u00e7us\u00a0depuis le d\u00e9but de l\u2019ann\u00e9e - La Sentinelle\" \/>\n<meta property=\"og:description\" content=\"S\u2019exprimant hier \u00e0 l\u2019occasion de la journ\u00e9e de l\u2019enfance, la&nbsp;D\u00e9l\u00e9gu\u00e9e nationale&nbsp;de&nbsp;l&rsquo;Organe national pour la protection et la promotion de l&rsquo;Enfance\" \/>\n<meta property=\"og:url\" content=\"https:\/\/lasentinelle.dz\/index.php\/2022\/06\/01\/atteintes-aux-droits-de-lenfant-400-signalements-recus-depuis-le-debut-de-lannee\/\" \/>\n<meta property=\"og:site_name\" content=\"La Sentinelle\" \/>\n<meta property=\"article:publisher\" content=\"https:\/\/www.facebook.com\/La-Sentinelle-104059864394773\" \/>\n<meta property=\"article:published_time\" content=\"2022-05-31T23:01:00+00:00\" \/>\n<meta property=\"og:image\" content=\"https:\/\/lasentinelle.dz\/wp-content\/uploads\/2022\/05\/enfant.png\" \/>\n\t<meta property=\"og:image:width\" content=\"1491\" \/>\n\t<meta property=\"og:image:height\" content=\"900\" \/>\n\t<meta property=\"og:image:type\" content=\"image\/png\" \/>\n<meta name=\"author\" content=\"La Sentinelle\" \/>\n<meta name=\"twitter:card\" content=\"summary_large_image\" \/>\n<meta name=\"twitter:label1\" content=\"\u00c9crit par\" \/>\n\t<meta name=\"twitter:data1\" content=\"La Sentinelle\" \/>\n\t<meta name=\"twitter:label2\" content=\"Dur\u00e9e de lecture estim\u00e9e\" \/>\n\t<meta name=\"twitter:data2\" content=\"3 minutes\" \/>\n<script type=\"application\/ld+json\" class=\"yoast-schema-graph\">{\"@context\":\"https:\\\/\\\/schema.org\",\"@graph\":[{\"@type\":\"Article\",\"@id\":\"https:\\\/\\\/lasentinelle.dz\\\/index.php\\\/2022\\\/06\\\/01\\\/atteintes-aux-droits-de-lenfant-400-signalements-recus-depuis-le-debut-de-lannee\\\/#article\",\"isPartOf\":{\"@id\":\"https:\\\/\\\/lasentinelle.dz\\\/index.php\\\/2022\\\/06\\\/01\\\/atteintes-aux-droits-de-lenfant-400-signalements-recus-depuis-le-debut-de-lannee\\\/\"},\"author\":{\"name\":\"La Sentinelle\",\"@id\":\"https:\\\/\\\/lasentinelle.dz\\\/#\\\/schema\\\/person\\\/d865044e22e70a75174ce8bcad3acfb3\"},\"headline\":\"Atteintes\u00a0aux droits de l&rsquo;enfant\u00a0:\u00a0400 signalements re\u00e7us\u00a0depuis le d\u00e9but de l\u2019ann\u00e9e\",\"datePublished\":\"2022-05-31T23:01:00+00:00\",\"mainEntityOfPage\":{\"@id\":\"https:\\\/\\\/lasentinelle.dz\\\/index.php\\\/2022\\\/06\\\/01\\\/atteintes-aux-droits-de-lenfant-400-signalements-recus-depuis-le-debut-de-lannee\\\/\"},\"wordCount\":561,\"commentCount\":0,\"publisher\":{\"@id\":\"https:\\\/\\\/lasentinelle.dz\\\/#organization\"},\"image\":{\"@id\":\"https:\\\/\\\/lasentinelle.dz\\\/index.php\\\/2022\\\/06\\\/01\\\/atteintes-aux-droits-de-lenfant-400-signalements-recus-depuis-le-debut-de-lannee\\\/#primaryimage\"},\"thumbnailUrl\":\"https:\\\/\\\/lasentinelle.dz\\\/wp-content\\\/uploads\\\/2022\\\/05\\\/enfant.png\",\"articleSection\":[\"Actualit\u00e9\"],\"inLanguage\":\"fr-FR\",\"potentialAction\":[{\"@type\":\"CommentAction\",\"name\":\"Comment\",\"target\":[\"https:\\\/\\\/lasentinelle.dz\\\/index.php\\\/2022\\\/06\\\/01\\\/atteintes-aux-droits-de-lenfant-400-signalements-recus-depuis-le-debut-de-lannee\\\/#respond\"]}]},{\"@type\":\"WebPage\",\"@id\":\"https:\\\/\\\/lasentinelle.dz\\\/index.php\\\/2022\\\/06\\\/01\\\/atteintes-aux-droits-de-lenfant-400-signalements-recus-depuis-le-debut-de-lannee\\\/\",\"url\":\"https:\\\/\\\/lasentinelle.dz\\\/index.php\\\/2022\\\/06\\\/01\\\/atteintes-aux-droits-de-lenfant-400-signalements-recus-depuis-le-debut-de-lannee\\\/\",\"name\":\"Atteintes\u00a0aux droits de l'enfant\u00a0:\u00a0400 signalements re\u00e7us\u00a0depuis le d\u00e9but de l\u2019ann\u00e9e - La Sentinelle\",\"isPartOf\":{\"@id\":\"https:\\\/\\\/lasentinelle.dz\\\/#website\"},\"primaryImageOfPage\":{\"@id\":\"https:\\\/\\\/lasentinelle.dz\\\/index.php\\\/2022\\\/06\\\/01\\\/atteintes-aux-droits-de-lenfant-400-signalements-recus-depuis-le-debut-de-lannee\\\/#primaryimage\"},\"image\":{\"@id\":\"https:\\\/\\\/lasentinelle.dz\\\/index.php\\\/2022\\\/06\\\/01\\\/atteintes-aux-droits-de-lenfant-400-signalements-recus-depuis-le-debut-de-lannee\\\/#primaryimage\"},\"thumbnailUrl\":\"https:\\\/\\\/lasentinelle.dz\\\/wp-content\\\/uploads\\\/2022\\\/05\\\/enfant.png\",\"datePublished\":\"2022-05-31T23:01:00+00:00\",\"breadcrumb\":{\"@id\":\"https:\\\/\\\/lasentinelle.dz\\\/index.php\\\/2022\\\/06\\\/01\\\/atteintes-aux-droits-de-lenfant-400-signalements-recus-depuis-le-debut-de-lannee\\\/#breadcrumb\"},\"inLanguage\":\"fr-FR\",\"potentialAction\":[{\"@type\":\"ReadAction\",\"target\":[\"https:\\\/\\\/lasentinelle.dz\\\/index.php\\\/2022\\\/06\\\/01\\\/atteintes-aux-droits-de-lenfant-400-signalements-recus-depuis-le-debut-de-lannee\\\/\"]}]},{\"@type\":\"ImageObject\",\"inLanguage\":\"fr-FR\",\"@id\":\"https:\\\/\\\/lasentinelle.dz\\\/index.php\\\/2022\\\/06\\\/01\\\/atteintes-aux-droits-de-lenfant-400-signalements-recus-depuis-le-debut-de-lannee\\\/#primaryimage\",\"url\":\"https:\\\/\\\/lasentinelle.dz\\\/wp-content\\\/uploads\\\/2022\\\/05\\\/enfant.png\",\"contentUrl\":\"https:\\\/\\\/lasentinelle.dz\\\/wp-content\\\/uploads\\\/2022\\\/05\\\/enfant.png\",\"width\":1491,\"height\":900},{\"@type\":\"BreadcrumbList\",\"@id\":\"https:\\\/\\\/lasentinelle.dz\\\/index.php\\\/2022\\\/06\\\/01\\\/atteintes-aux-droits-de-lenfant-400-signalements-recus-depuis-le-debut-de-lannee\\\/#breadcrumb\",\"itemListElement\":[{\"@type\":\"ListItem\",\"position\":1,\"name\":\"Accueil\",\"item\":\"https:\\\/\\\/lasentinelle.dz\\\/\"},{\"@type\":\"ListItem\",\"position\":2,\"name\":\"Atteintes\u00a0aux droits de l&rsquo;enfant\u00a0:\u00a0400 signalements re\u00e7us\u00a0depuis le d\u00e9but de l\u2019ann\u00e9e\"}]},{\"@type\":\"WebSite\",\"@id\":\"https:\\\/\\\/lasentinelle.dz\\\/#website\",\"url\":\"https:\\\/\\\/lasentinelle.dz\\\/\",\"name\":\"La Sentinelle\",\"description\":\"Quotidien national d&#039;information\",\"publisher\":{\"@id\":\"https:\\\/\\\/lasentinelle.dz\\\/#organization\"},\"potentialAction\":[{\"@type\":\"SearchAction\",\"target\":{\"@type\":\"EntryPoint\",\"urlTemplate\":\"https:\\\/\\\/lasentinelle.dz\\\/?s={search_term_string}\"},\"query-input\":{\"@type\":\"PropertyValueSpecification\",\"valueRequired\":true,\"valueName\":\"search_term_string\"}}],\"inLanguage\":\"fr-FR\"},{\"@type\":\"Organization\",\"@id\":\"https:\\\/\\\/lasentinelle.dz\\\/#organization\",\"name\":\"Quotidien La Sentinelle\",\"url\":\"https:\\\/\\\/lasentinelle.dz\\\/\",\"logo\":{\"@type\":\"ImageObject\",\"inLanguage\":\"fr-FR\",\"@id\":\"https:\\\/\\\/lasentinelle.dz\\\/#\\\/schema\\\/logo\\\/image\\\/\",\"url\":\"https:\\\/\\\/lasentinelle.dz\\\/wp-content\\\/uploads\\\/2021\\\/09\\\/logo-sentinelleSLOGAN-1.png\",\"contentUrl\":\"https:\\\/\\\/lasentinelle.dz\\\/wp-content\\\/uploads\\\/2021\\\/09\\\/logo-sentinelleSLOGAN-1.png\",\"width\":615,\"height\":142,\"caption\":\"Quotidien La Sentinelle\"},\"image\":{\"@id\":\"https:\\\/\\\/lasentinelle.dz\\\/#\\\/schema\\\/logo\\\/image\\\/\"},\"sameAs\":[\"https:\\\/\\\/www.facebook.com\\\/La-Sentinelle-104059864394773\"]},{\"@type\":\"Person\",\"@id\":\"https:\\\/\\\/lasentinelle.dz\\\/#\\\/schema\\\/person\\\/d865044e22e70a75174ce8bcad3acfb3\",\"name\":\"La Sentinelle\",\"image\":{\"@type\":\"ImageObject\",\"inLanguage\":\"fr-FR\",\"@id\":\"https:\\\/\\\/secure.gravatar.com\\\/avatar\\\/57de8e5d4b15d43fb361a71fbb36338450fe67865b528a43dd10ef7c51a20392?s=96&d=mm&r=g\",\"url\":\"https:\\\/\\\/secure.gravatar.com\\\/avatar\\\/57de8e5d4b15d43fb361a71fbb36338450fe67865b528a43dd10ef7c51a20392?s=96&d=mm&r=g\",\"contentUrl\":\"https:\\\/\\\/secure.gravatar.com\\\/avatar\\\/57de8e5d4b15d43fb361a71fbb36338450fe67865b528a43dd10ef7c51a20392?s=96&d=mm&r=g\",\"caption\":\"La Sentinelle\"},\"sameAs\":[\"http:\\\/\\\/www.lasentinelle.dz\"],\"url\":\"https:\\\/\\\/lasentinelle.dz\\\/author\\\/redaction\\\/\"}]}<\/script>\n<!-- \/ Yoast SEO plugin. -->","yoast_head_json":{"title":"Atteintes\u00a0aux droits de l'enfant\u00a0:\u00a0400 signalements re\u00e7us\u00a0depuis le d\u00e9but de l\u2019ann\u00e9e - La Sentinelle","robots":{"index":"index","follow":"follow","max-snippet":"max-snippet:-1","max-image-preview":"max-image-preview:large","max-video-preview":"max-video-preview:-1"},"canonical":"https:\/\/lasentinelle.dz\/index.php\/2022\/06\/01\/atteintes-aux-droits-de-lenfant-400-signalements-recus-depuis-le-debut-de-lannee\/","og_locale":"fr_FR","og_type":"article","og_title":"Atteintes\u00a0aux droits de l'enfant\u00a0:\u00a0400 signalements re\u00e7us\u00a0depuis le d\u00e9but de l\u2019ann\u00e9e - La Sentinelle","og_description":"S\u2019exprimant hier \u00e0 l\u2019occasion de la journ\u00e9e de l\u2019enfance, la&nbsp;D\u00e9l\u00e9gu\u00e9e nationale&nbsp;de&nbsp;l&rsquo;Organe national pour la protection et la promotion de l&rsquo;Enfance","og_url":"https:\/\/lasentinelle.dz\/index.php\/2022\/06\/01\/atteintes-aux-droits-de-lenfant-400-signalements-recus-depuis-le-debut-de-lannee\/","og_site_name":"La Sentinelle","article_publisher":"https:\/\/www.facebook.com\/La-Sentinelle-104059864394773","article_published_time":"2022-05-31T23:01:00+00:00","og_image":[{"width":1491,"height":900,"url":"https:\/\/lasentinelle.dz\/wp-content\/uploads\/2022\/05\/enfant.png","type":"image\/png"}],"author":"La Sentinelle","twitter_card":"summary_large_image","twitter_misc":{"\u00c9crit par":"La Sentinelle","Dur\u00e9e de lecture estim\u00e9e":"3 minutes"},"schema":{"@context":"https:\/\/schema.org","@graph":[{"@type":"Article","@id":"https:\/\/lasentinelle.dz\/index.php\/2022\/06\/01\/atteintes-aux-droits-de-lenfant-400-signalements-recus-depuis-le-debut-de-lannee\/#article","isPartOf":{"@id":"https:\/\/lasentinelle.dz\/index.php\/2022\/06\/01\/atteintes-aux-droits-de-lenfant-400-signalements-recus-depuis-le-debut-de-lannee\/"},"author":{"name":"La Sentinelle","@id":"https:\/\/lasentinelle.dz\/#\/schema\/person\/d865044e22e70a75174ce8bcad3acfb3"},"headline":"Atteintes\u00a0aux droits de l&rsquo;enfant\u00a0:\u00a0400 signalements re\u00e7us\u00a0depuis le d\u00e9but de l\u2019ann\u00e9e","datePublished":"2022-05-31T23:01:00+00:00","mainEntityOfPage":{"@id":"https:\/\/lasentinelle.dz\/index.php\/2022\/06\/01\/atteintes-aux-droits-de-lenfant-400-signalements-recus-depuis-le-debut-de-lannee\/"},"wordCount":561,"commentCount":0,"publisher":{"@id":"https:\/\/lasentinelle.dz\/#organization"},"image":{"@id":"https:\/\/lasentinelle.dz\/index.php\/2022\/06\/01\/atteintes-aux-droits-de-lenfant-400-signalements-recus-depuis-le-debut-de-lannee\/#primaryimage"},"thumbnailUrl":"https:\/\/lasentinelle.dz\/wp-content\/uploads\/2022\/05\/enfant.png","articleSection":["Actualit\u00e9"],"inLanguage":"fr-FR","potentialAction":[{"@type":"CommentAction","name":"Comment","target":["https:\/\/lasentinelle.dz\/index.php\/2022\/06\/01\/atteintes-aux-droits-de-lenfant-400-signalements-recus-depuis-le-debut-de-lannee\/#respond"]}]},{"@type":"WebPage","@id":"https:\/\/lasentinelle.dz\/index.php\/2022\/06\/01\/atteintes-aux-droits-de-lenfant-400-signalements-recus-depuis-le-debut-de-lannee\/","url":"https:\/\/lasentinelle.dz\/index.php\/2022\/06\/01\/atteintes-aux-droits-de-lenfant-400-signalements-recus-depuis-le-debut-de-lannee\/","name":"Atteintes\u00a0aux droits de l'enfant\u00a0:\u00a0400 signalements re\u00e7us\u00a0depuis le d\u00e9but de l\u2019ann\u00e9e - La Sentinelle","isPartOf":{"@id":"https:\/\/lasentinelle.dz\/#website"},"primaryImageOfPage":{"@id":"https:\/\/lasentinelle.dz\/index.php\/2022\/06\/01\/atteintes-aux-droits-de-lenfant-400-signalements-recus-depuis-le-debut-de-lannee\/#primaryimage"},"image":{"@id":"https:\/\/lasentinelle.dz\/index.php\/2022\/06\/01\/atteintes-aux-droits-de-lenfant-400-signalements-recus-depuis-le-debut-de-lannee\/#primaryimage"},"thumbnailUrl":"https:\/\/lasentinelle.dz\/wp-content\/uploads\/2022\/05\/enfant.png","datePublished":"2022-05-31T23:01:00+00:00","breadcrumb":{"@id":"https:\/\/lasentinelle.dz\/index.php\/2022\/06\/01\/atteintes-aux-droits-de-lenfant-400-signalements-recus-depuis-le-debut-de-lannee\/#breadcrumb"},"inLanguage":"fr-FR","potentialAction":[{"@type":"ReadAction","target":["https:\/\/lasentinelle.dz\/index.php\/2022\/06\/01\/atteintes-aux-droits-de-lenfant-400-signalements-recus-depuis-le-debut-de-lannee\/"]}]},{"@type":"ImageObject","inLanguage":"fr-FR","@id":"https:\/\/lasentinelle.dz\/index.php\/2022\/06\/01\/atteintes-aux-droits-de-lenfant-400-signalements-recus-depuis-le-debut-de-lannee\/#primaryimage","url":"https:\/\/lasentinelle.dz\/wp-content\/uploads\/2022\/05\/enfant.png","contentUrl":"https:\/\/lasentinelle.dz\/wp-content\/uploads\/2022\/05\/enfant.png","width":1491,"height":900},{"@type":"BreadcrumbList","@id":"https:\/\/lasentinelle.dz\/index.php\/2022\/06\/01\/atteintes-aux-droits-de-lenfant-400-signalements-recus-depuis-le-debut-de-lannee\/#breadcrumb","itemListElement":[{"@type":"ListItem","position":1,"name":"Accueil","item":"https:\/\/lasentinelle.dz\/"},{"@type":"ListItem","position":2,"name":"Atteintes\u00a0aux droits de l&rsquo;enfant\u00a0:\u00a0400 signalements re\u00e7us\u00a0depuis le d\u00e9but de l\u2019ann\u00e9e"}]},{"@type":"WebSite","@id":"https:\/\/lasentinelle.dz\/#website","url":"https:\/\/lasentinelle.dz\/","name":"La Sentinelle","description":"Quotidien national d&#039;information","publisher":{"@id":"https:\/\/lasentinelle.dz\/#organization"},"potentialAction":[{"@type":"SearchAction","target":{"@type":"EntryPoint","urlTemplate":"https:\/\/lasentinelle.dz\/?s={search_term_string}"},"query-input":{"@type":"PropertyValueSpecification","valueRequired":true,"valueName":"search_term_string"}}],"inLanguage":"fr-FR"},{"@type":"Organization","@id":"https:\/\/lasentinelle.dz\/#organization","name":"Quotidien La Sentinelle","url":"https:\/\/lasentinelle.dz\/","logo":{"@type":"ImageObject","inLanguage":"fr-FR","@id":"https:\/\/lasentinelle.dz\/#\/schema\/logo\/image\/","url":"https:\/\/lasentinelle.dz\/wp-content\/uploads\/2021\/09\/logo-sentinelleSLOGAN-1.png","contentUrl":"https:\/\/lasentinelle.dz\/wp-content\/uploads\/2021\/09\/logo-sentinelleSLOGAN-1.png","width":615,"height":142,"caption":"Quotidien La Sentinelle"},"image":{"@id":"https:\/\/lasentinelle.dz\/#\/schema\/logo\/image\/"},"sameAs":["https:\/\/www.facebook.com\/La-Sentinelle-104059864394773"]},{"@type":"Person","@id":"https:\/\/lasentinelle.dz\/#\/schema\/person\/d865044e22e70a75174ce8bcad3acfb3","name":"La Sentinelle","image":{"@type":"ImageObject","inLanguage":"fr-FR","@id":"https:\/\/secure.gravatar.com\/avatar\/57de8e5d4b15d43fb361a71fbb36338450fe67865b528a43dd10ef7c51a20392?s=96&d=mm&r=g","url":"https:\/\/secure.gravatar.com\/avatar\/57de8e5d4b15d43fb361a71fbb36338450fe67865b528a43dd10ef7c51a20392?s=96&d=mm&r=g","contentUrl":"https:\/\/secure.gravatar.com\/avatar\/57de8e5d4b15d43fb361a71fbb36338450fe67865b528a43dd10ef7c51a20392?s=96&d=mm&r=g","caption":"La Sentinelle"},"sameAs":["http:\/\/www.lasentinelle.dz"],"url":"https:\/\/lasentinelle.dz\/author\/redaction\/"}]}},"_links":{"self":[{"href":"https:\/\/lasentinelle.dz\/index.php\/wp-json\/wp\/v2\/posts\/21857","targetHints":{"allow":["GET"]}}],"collection":[{"href":"https:\/\/lasentinelle.dz\/index.php\/wp-json\/wp\/v2\/posts"}],"about":[{"href":"https:\/\/lasentinelle.dz\/index.php\/wp-json\/wp\/v2\/types\/post"}],"author":[{"embeddable":true,"href":"https:\/\/lasentinelle.dz\/index.php\/wp-json\/wp\/v2\/users\/3"}],"replies":[{"embeddable":true,"href":"https:\/\/lasentinelle.dz\/index.php\/wp-json\/wp\/v2\/comments?post=21857"}],"version-history":[{"count":1,"href":"https:\/\/lasentinelle.dz\/index.php\/wp-json\/wp\/v2\/posts\/21857\/revisions"}],"predecessor-version":[{"id":21885,"href":"https:\/\/lasentinelle.dz\/index.php\/wp-json\/wp\/v2\/posts\/21857\/revisions\/21885"}],"wp:featuredmedia":[{"embeddable":true,"href":"https:\/\/lasentinelle.dz\/index.php\/wp-json\/wp\/v2\/media\/21884"}],"wp:attachment":[{"href":"https:\/\/lasentinelle.dz\/index.php\/wp-json\/wp\/v2\/media?parent=21857"}],"wp:term":[{"taxonomy":"category","embeddable":true,"href":"https:\/\/lasentinelle.dz\/index.php\/wp-json\/wp\/v2\/categories?post=21857"},{"taxonomy":"post_tag","embeddable":true,"href":"https:\/\/lasentinelle.dz\/index.php\/wp-json\/wp\/v2\/tags?post=21857"}],"curies":[{"name":"wp","href":"https:\/\/api.w.org\/{rel}","templated":true}]}}