{"id":21882,"date":"2022-06-01T00:01:00","date_gmt":"2022-05-31T23:01:00","guid":{"rendered":"https:\/\/lasentinelle.dz\/?p=21882"},"modified":"2022-05-31T19:04:43","modified_gmt":"2022-05-31T18:04:43","slug":"transition-energetique-lapport-des-operateurs-algeriens-souligne","status":"publish","type":"post","link":"https:\/\/lasentinelle.dz\/index.php\/2022\/06\/01\/transition-energetique-lapport-des-operateurs-algeriens-souligne\/","title":{"rendered":"Transition \u00e9nerg\u00e9tique\u00a0: L\u2019apport des op\u00e9rateurs alg\u00e9riens soulign\u00e9"},"content":{"rendered":"\n<p>Le ministre de la Transition \u00e9nerg\u00e9tique et des \u00c9nergies renouvelables&nbsp;Benattou Benziane&nbsp;a re\u00e7u hier&nbsp;les responsables respectivement du Cluster Energie Solaire (CES) Mehdi Bendimerad et Boukhalfa Yaissi. La rencontre tenue dans le cadre de la g\u00e9n\u00e9ralisation de l&rsquo;utilisation des \u00e9nergies renouvelables s&rsquo;inscrit dans le cadre des consultations pour la mise en \u0153uvre de la feuille de route de ce d\u00e9partement dans l\u2019optique de recueillir les appr\u00e9ciations et contraintes des industriels de la fili\u00e8re.&nbsp;Selon un communiqu\u00e9&nbsp;minist\u00e8re&nbsp;de la Transition \u00e9nerg\u00e9tique et des \u00c9nergies renouvelables,&nbsp;la rencontre repr\u00e9sente un espace de renforcement d&rsquo;un partenariat entre le minist\u00e8re de la Transition Energ\u00e9tique et des Energies renouvelables et le Cluster Energie Solaire (CES). Un partenariat appel\u00e9 \u00e0 contribuer \u00e0 la r\u00e9alisation des objectifs et des projets visant \u00e0 promouvoir les \u00e9nergies renouvelables.&nbsp;Selon le m\u00eame communiqu\u00e9, M. Bendimerad qui a salu\u00e9 le lancement de l&rsquo;appel d&rsquo;offre du projet Solar 1000, il a pr\u00e9cis\u00e9 que le taux d&rsquo;int\u00e9gration national exig\u00e9 est bien \u00ab\u00a0r\u00e9alisable\u00a0\u00bb, et&nbsp;&nbsp;ce \u00e0 travers l&rsquo;apport des industriels alg\u00e9riens n\u2019a pas manqu\u00e9 de faire part de la volont\u00e9 des industriels de la fili\u00e8re de se regrouper, de rechercher des synergies entre ses membres et de constituer une force de propositions et d&rsquo;appui aux programmes de la transition et efficacit\u00e9 \u00e9nerg\u00e9tiques. Le m\u00eame responsable qui a&nbsp;&nbsp;fait \u00e9tat de l\u2019existence de quelques difficult\u00e9s relatives notamment&nbsp;&nbsp;\u00e0 l&rsquo;exon\u00e9ration d&rsquo;imp\u00f4ts pour les \u00e9l\u00e9ments constitutifs des panneaux solaires a \u00e9galement fait part de son v\u0153u de mettre en place un laboratoire national d&rsquo;essai et de certification avec l&rsquo;implication des industriels priv\u00e9s ainsi que le lancement d&rsquo;appels d&rsquo;offres aux ench\u00e8res pour la production des \u00e9nergies renouvelables, et ce pour une meilleure adh\u00e9sion des industriels alg\u00e9riens \u00e0 la dynamique de la transition \u00e9nerg\u00e9tique.&nbsp;<\/p>\n\n\n\n<p>Par ailleurs, annon\u00e7ant \u00e0 l\u2019occasion la tenue en octobre prochain d\u2019une conf\u00e9rence nationale sur les appels d&rsquo;offres aux ench\u00e8res, M. Bendimerad n\u2019a pas manqu\u00e9 d\u2019exprimer les attentes des investisseurs quant \u00e0 l\u2019accompagnement du minist\u00e8re de la Transition \u00e9nerg\u00e9tique et des Energies renouvelables dans la r\u00e9alisation des projets \u00e9nerg\u00e9tiques inscrits dans le plan de d\u00e9veloppement du cluster, portant notamment sur l&rsquo;utilisation des \u00e9nergies renouvelables dans le domaine agricole lointaines du r\u00e9seau \u00e9lectrique.<\/p>\n\n\n\n<p><strong>Akli Amor<\/strong><\/p>\n","protected":false},"excerpt":{"rendered":"<p>Le ministre de la Transition \u00e9nerg\u00e9tique et des \u00c9nergies renouvelables&nbsp;Benattou Benziane&nbsp;a re\u00e7u hier&nbsp;les responsables respectivement du Cluster Energie Solaire (CES)<\/p>\n","protected":false},"author":3,"featured_media":21887,"comment_status":"open","ping_status":"closed","sticky":false,"template":"","format":"standard","meta":{"colormag_page_container_layout":"default_layout","colormag_page_sidebar_layout":"default_layout","om_disable_all_campaigns":false,"_monsterinsights_skip_tracking":false,"_monsterinsights_sitenote_active":false,"_monsterinsights_sitenote_note":"","_monsterinsights_sitenote_category":0,"footnotes":"","_wpscppro_dont_share_socialmedia":false,"_wpscppro_custom_social_share_image":0,"_facebook_share_type":"","_twitter_share_type":"","_linkedin_share_type":"","_pinterest_share_type":"","_linkedin_share_type_page":"","_instagram_share_type":"","_medium_share_type":"","_threads_share_type":"","_google_business_share_type":"","_selected_social_profile":[],"_wpsp_enable_custom_social_template":false,"_wpsp_social_scheduling":{"enabled":false,"datetime":null,"platforms":[],"status":"template_only","dateOption":"today","timeOption":"now","customDays":"","customHours":"","customDate":"","customTime":"","schedulingType":"absolute"},"_wpsp_active_default_template":true},"categories":[27],"tags":[],"class_list":["post-21882","post","type-post","status-publish","format-standard","has-post-thumbnail","hentry","category-actualite"],"aioseo_notices":[],"yoast_head":"<!-- This site is optimized with the Yoast SEO plugin v27.5 - https:\/\/yoast.com\/product\/yoast-seo-wordpress\/ -->\n<title>Transition \u00e9nerg\u00e9tique\u00a0: L\u2019apport des op\u00e9rateurs alg\u00e9riens soulign\u00e9 - La Sentinelle<\/title>\n<meta name=\"robots\" content=\"index, follow, max-snippet:-1, max-image-preview:large, max-video-preview:-1\" \/>\n<link rel=\"canonical\" href=\"https:\/\/lasentinelle.dz\/index.php\/2022\/06\/01\/transition-energetique-lapport-des-operateurs-algeriens-souligne\/\" \/>\n<meta property=\"og:locale\" content=\"fr_FR\" \/>\n<meta property=\"og:type\" content=\"article\" \/>\n<meta property=\"og:title\" content=\"Transition \u00e9nerg\u00e9tique\u00a0: L\u2019apport des op\u00e9rateurs alg\u00e9riens soulign\u00e9 - La Sentinelle\" \/>\n<meta property=\"og:description\" content=\"Le ministre de la Transition \u00e9nerg\u00e9tique et des \u00c9nergies renouvelables&nbsp;Benattou Benziane&nbsp;a re\u00e7u hier&nbsp;les responsables respectivement du Cluster Energie Solaire (CES)\" \/>\n<meta property=\"og:url\" content=\"https:\/\/lasentinelle.dz\/index.php\/2022\/06\/01\/transition-energetique-lapport-des-operateurs-algeriens-souligne\/\" \/>\n<meta property=\"og:site_name\" content=\"La Sentinelle\" \/>\n<meta property=\"article:publisher\" content=\"https:\/\/www.facebook.com\/La-Sentinelle-104059864394773\" \/>\n<meta property=\"article:published_time\" content=\"2022-05-31T23:01:00+00:00\" \/>\n<meta property=\"og:image\" content=\"https:\/\/lasentinelle.dz\/wp-content\/uploads\/2022\/05\/07f_M.png\" \/>\n\t<meta property=\"og:image:width\" content=\"1377\" \/>\n\t<meta property=\"og:image:height\" content=\"900\" \/>\n\t<meta property=\"og:image:type\" content=\"image\/png\" \/>\n<meta name=\"author\" content=\"La Sentinelle\" \/>\n<meta name=\"twitter:card\" content=\"summary_large_image\" \/>\n<meta name=\"twitter:label1\" content=\"\u00c9crit par\" \/>\n\t<meta name=\"twitter:data1\" content=\"La Sentinelle\" \/>\n\t<meta name=\"twitter:label2\" content=\"Dur\u00e9e de lecture estim\u00e9e\" \/>\n\t<meta name=\"twitter:data2\" content=\"2 minutes\" \/>\n<script type=\"application\/ld+json\" class=\"yoast-schema-graph\">{\"@context\":\"https:\\\/\\\/schema.org\",\"@graph\":[{\"@type\":\"Article\",\"@id\":\"https:\\\/\\\/lasentinelle.dz\\\/index.php\\\/2022\\\/06\\\/01\\\/transition-energetique-lapport-des-operateurs-algeriens-souligne\\\/#article\",\"isPartOf\":{\"@id\":\"https:\\\/\\\/lasentinelle.dz\\\/index.php\\\/2022\\\/06\\\/01\\\/transition-energetique-lapport-des-operateurs-algeriens-souligne\\\/\"},\"author\":{\"name\":\"La Sentinelle\",\"@id\":\"https:\\\/\\\/lasentinelle.dz\\\/#\\\/schema\\\/person\\\/d865044e22e70a75174ce8bcad3acfb3\"},\"headline\":\"Transition \u00e9nerg\u00e9tique\u00a0: L\u2019apport des op\u00e9rateurs alg\u00e9riens soulign\u00e9\",\"datePublished\":\"2022-05-31T23:01:00+00:00\",\"mainEntityOfPage\":{\"@id\":\"https:\\\/\\\/lasentinelle.dz\\\/index.php\\\/2022\\\/06\\\/01\\\/transition-energetique-lapport-des-operateurs-algeriens-souligne\\\/\"},\"wordCount\":441,\"commentCount\":0,\"publisher\":{\"@id\":\"https:\\\/\\\/lasentinelle.dz\\\/#organization\"},\"image\":{\"@id\":\"https:\\\/\\\/lasentinelle.dz\\\/index.php\\\/2022\\\/06\\\/01\\\/transition-energetique-lapport-des-operateurs-algeriens-souligne\\\/#primaryimage\"},\"thumbnailUrl\":\"https:\\\/\\\/lasentinelle.dz\\\/wp-content\\\/uploads\\\/2022\\\/05\\\/07f_M.png\",\"articleSection\":[\"Actualit\u00e9\"],\"inLanguage\":\"fr-FR\",\"potentialAction\":[{\"@type\":\"CommentAction\",\"name\":\"Comment\",\"target\":[\"https:\\\/\\\/lasentinelle.dz\\\/index.php\\\/2022\\\/06\\\/01\\\/transition-energetique-lapport-des-operateurs-algeriens-souligne\\\/#respond\"]}]},{\"@type\":\"WebPage\",\"@id\":\"https:\\\/\\\/lasentinelle.dz\\\/index.php\\\/2022\\\/06\\\/01\\\/transition-energetique-lapport-des-operateurs-algeriens-souligne\\\/\",\"url\":\"https:\\\/\\\/lasentinelle.dz\\\/index.php\\\/2022\\\/06\\\/01\\\/transition-energetique-lapport-des-operateurs-algeriens-souligne\\\/\",\"name\":\"Transition \u00e9nerg\u00e9tique\u00a0: L\u2019apport des op\u00e9rateurs alg\u00e9riens soulign\u00e9 - La Sentinelle\",\"isPartOf\":{\"@id\":\"https:\\\/\\\/lasentinelle.dz\\\/#website\"},\"primaryImageOfPage\":{\"@id\":\"https:\\\/\\\/lasentinelle.dz\\\/index.php\\\/2022\\\/06\\\/01\\\/transition-energetique-lapport-des-operateurs-algeriens-souligne\\\/#primaryimage\"},\"image\":{\"@id\":\"https:\\\/\\\/lasentinelle.dz\\\/index.php\\\/2022\\\/06\\\/01\\\/transition-energetique-lapport-des-operateurs-algeriens-souligne\\\/#primaryimage\"},\"thumbnailUrl\":\"https:\\\/\\\/lasentinelle.dz\\\/wp-content\\\/uploads\\\/2022\\\/05\\\/07f_M.png\",\"datePublished\":\"2022-05-31T23:01:00+00:00\",\"breadcrumb\":{\"@id\":\"https:\\\/\\\/lasentinelle.dz\\\/index.php\\\/2022\\\/06\\\/01\\\/transition-energetique-lapport-des-operateurs-algeriens-souligne\\\/#breadcrumb\"},\"inLanguage\":\"fr-FR\",\"potentialAction\":[{\"@type\":\"ReadAction\",\"target\":[\"https:\\\/\\\/lasentinelle.dz\\\/index.php\\\/2022\\\/06\\\/01\\\/transition-energetique-lapport-des-operateurs-algeriens-souligne\\\/\"]}]},{\"@type\":\"ImageObject\",\"inLanguage\":\"fr-FR\",\"@id\":\"https:\\\/\\\/lasentinelle.dz\\\/index.php\\\/2022\\\/06\\\/01\\\/transition-energetique-lapport-des-operateurs-algeriens-souligne\\\/#primaryimage\",\"url\":\"https:\\\/\\\/lasentinelle.dz\\\/wp-content\\\/uploads\\\/2022\\\/05\\\/07f_M.png\",\"contentUrl\":\"https:\\\/\\\/lasentinelle.dz\\\/wp-content\\\/uploads\\\/2022\\\/05\\\/07f_M.png\",\"width\":1377,\"height\":900},{\"@type\":\"BreadcrumbList\",\"@id\":\"https:\\\/\\\/lasentinelle.dz\\\/index.php\\\/2022\\\/06\\\/01\\\/transition-energetique-lapport-des-operateurs-algeriens-souligne\\\/#breadcrumb\",\"itemListElement\":[{\"@type\":\"ListItem\",\"position\":1,\"name\":\"Accueil\",\"item\":\"https:\\\/\\\/lasentinelle.dz\\\/\"},{\"@type\":\"ListItem\",\"position\":2,\"name\":\"Transition \u00e9nerg\u00e9tique\u00a0: L\u2019apport des op\u00e9rateurs alg\u00e9riens soulign\u00e9\"}]},{\"@type\":\"WebSite\",\"@id\":\"https:\\\/\\\/lasentinelle.dz\\\/#website\",\"url\":\"https:\\\/\\\/lasentinelle.dz\\\/\",\"name\":\"La Sentinelle\",\"description\":\"Quotidien national d&#039;information\",\"publisher\":{\"@id\":\"https:\\\/\\\/lasentinelle.dz\\\/#organization\"},\"potentialAction\":[{\"@type\":\"SearchAction\",\"target\":{\"@type\":\"EntryPoint\",\"urlTemplate\":\"https:\\\/\\\/lasentinelle.dz\\\/?s={search_term_string}\"},\"query-input\":{\"@type\":\"PropertyValueSpecification\",\"valueRequired\":true,\"valueName\":\"search_term_string\"}}],\"inLanguage\":\"fr-FR\"},{\"@type\":\"Organization\",\"@id\":\"https:\\\/\\\/lasentinelle.dz\\\/#organization\",\"name\":\"Quotidien La Sentinelle\",\"url\":\"https:\\\/\\\/lasentinelle.dz\\\/\",\"logo\":{\"@type\":\"ImageObject\",\"inLanguage\":\"fr-FR\",\"@id\":\"https:\\\/\\\/lasentinelle.dz\\\/#\\\/schema\\\/logo\\\/image\\\/\",\"url\":\"https:\\\/\\\/lasentinelle.dz\\\/wp-content\\\/uploads\\\/2021\\\/09\\\/logo-sentinelleSLOGAN-1.png\",\"contentUrl\":\"https:\\\/\\\/lasentinelle.dz\\\/wp-content\\\/uploads\\\/2021\\\/09\\\/logo-sentinelleSLOGAN-1.png\",\"width\":615,\"height\":142,\"caption\":\"Quotidien La Sentinelle\"},\"image\":{\"@id\":\"https:\\\/\\\/lasentinelle.dz\\\/#\\\/schema\\\/logo\\\/image\\\/\"},\"sameAs\":[\"https:\\\/\\\/www.facebook.com\\\/La-Sentinelle-104059864394773\"]},{\"@type\":\"Person\",\"@id\":\"https:\\\/\\\/lasentinelle.dz\\\/#\\\/schema\\\/person\\\/d865044e22e70a75174ce8bcad3acfb3\",\"name\":\"La Sentinelle\",\"image\":{\"@type\":\"ImageObject\",\"inLanguage\":\"fr-FR\",\"@id\":\"https:\\\/\\\/secure.gravatar.com\\\/avatar\\\/57de8e5d4b15d43fb361a71fbb36338450fe67865b528a43dd10ef7c51a20392?s=96&d=mm&r=g\",\"url\":\"https:\\\/\\\/secure.gravatar.com\\\/avatar\\\/57de8e5d4b15d43fb361a71fbb36338450fe67865b528a43dd10ef7c51a20392?s=96&d=mm&r=g\",\"contentUrl\":\"https:\\\/\\\/secure.gravatar.com\\\/avatar\\\/57de8e5d4b15d43fb361a71fbb36338450fe67865b528a43dd10ef7c51a20392?s=96&d=mm&r=g\",\"caption\":\"La Sentinelle\"},\"sameAs\":[\"http:\\\/\\\/www.lasentinelle.dz\"],\"url\":\"https:\\\/\\\/lasentinelle.dz\\\/author\\\/redaction\\\/\"}]}<\/script>\n<!-- \/ Yoast SEO plugin. -->","yoast_head_json":{"title":"Transition \u00e9nerg\u00e9tique\u00a0: L\u2019apport des op\u00e9rateurs alg\u00e9riens soulign\u00e9 - La Sentinelle","robots":{"index":"index","follow":"follow","max-snippet":"max-snippet:-1","max-image-preview":"max-image-preview:large","max-video-preview":"max-video-preview:-1"},"canonical":"https:\/\/lasentinelle.dz\/index.php\/2022\/06\/01\/transition-energetique-lapport-des-operateurs-algeriens-souligne\/","og_locale":"fr_FR","og_type":"article","og_title":"Transition \u00e9nerg\u00e9tique\u00a0: L\u2019apport des op\u00e9rateurs alg\u00e9riens soulign\u00e9 - La Sentinelle","og_description":"Le ministre de la Transition \u00e9nerg\u00e9tique et des \u00c9nergies renouvelables&nbsp;Benattou Benziane&nbsp;a re\u00e7u hier&nbsp;les responsables respectivement du Cluster Energie Solaire (CES)","og_url":"https:\/\/lasentinelle.dz\/index.php\/2022\/06\/01\/transition-energetique-lapport-des-operateurs-algeriens-souligne\/","og_site_name":"La Sentinelle","article_publisher":"https:\/\/www.facebook.com\/La-Sentinelle-104059864394773","article_published_time":"2022-05-31T23:01:00+00:00","og_image":[{"width":1377,"height":900,"url":"https:\/\/lasentinelle.dz\/wp-content\/uploads\/2022\/05\/07f_M.png","type":"image\/png"}],"author":"La Sentinelle","twitter_card":"summary_large_image","twitter_misc":{"\u00c9crit par":"La Sentinelle","Dur\u00e9e de lecture estim\u00e9e":"2 minutes"},"schema":{"@context":"https:\/\/schema.org","@graph":[{"@type":"Article","@id":"https:\/\/lasentinelle.dz\/index.php\/2022\/06\/01\/transition-energetique-lapport-des-operateurs-algeriens-souligne\/#article","isPartOf":{"@id":"https:\/\/lasentinelle.dz\/index.php\/2022\/06\/01\/transition-energetique-lapport-des-operateurs-algeriens-souligne\/"},"author":{"name":"La Sentinelle","@id":"https:\/\/lasentinelle.dz\/#\/schema\/person\/d865044e22e70a75174ce8bcad3acfb3"},"headline":"Transition \u00e9nerg\u00e9tique\u00a0: L\u2019apport des op\u00e9rateurs alg\u00e9riens soulign\u00e9","datePublished":"2022-05-31T23:01:00+00:00","mainEntityOfPage":{"@id":"https:\/\/lasentinelle.dz\/index.php\/2022\/06\/01\/transition-energetique-lapport-des-operateurs-algeriens-souligne\/"},"wordCount":441,"commentCount":0,"publisher":{"@id":"https:\/\/lasentinelle.dz\/#organization"},"image":{"@id":"https:\/\/lasentinelle.dz\/index.php\/2022\/06\/01\/transition-energetique-lapport-des-operateurs-algeriens-souligne\/#primaryimage"},"thumbnailUrl":"https:\/\/lasentinelle.dz\/wp-content\/uploads\/2022\/05\/07f_M.png","articleSection":["Actualit\u00e9"],"inLanguage":"fr-FR","potentialAction":[{"@type":"CommentAction","name":"Comment","target":["https:\/\/lasentinelle.dz\/index.php\/2022\/06\/01\/transition-energetique-lapport-des-operateurs-algeriens-souligne\/#respond"]}]},{"@type":"WebPage","@id":"https:\/\/lasentinelle.dz\/index.php\/2022\/06\/01\/transition-energetique-lapport-des-operateurs-algeriens-souligne\/","url":"https:\/\/lasentinelle.dz\/index.php\/2022\/06\/01\/transition-energetique-lapport-des-operateurs-algeriens-souligne\/","name":"Transition \u00e9nerg\u00e9tique\u00a0: L\u2019apport des op\u00e9rateurs alg\u00e9riens soulign\u00e9 - La Sentinelle","isPartOf":{"@id":"https:\/\/lasentinelle.dz\/#website"},"primaryImageOfPage":{"@id":"https:\/\/lasentinelle.dz\/index.php\/2022\/06\/01\/transition-energetique-lapport-des-operateurs-algeriens-souligne\/#primaryimage"},"image":{"@id":"https:\/\/lasentinelle.dz\/index.php\/2022\/06\/01\/transition-energetique-lapport-des-operateurs-algeriens-souligne\/#primaryimage"},"thumbnailUrl":"https:\/\/lasentinelle.dz\/wp-content\/uploads\/2022\/05\/07f_M.png","datePublished":"2022-05-31T23:01:00+00:00","breadcrumb":{"@id":"https:\/\/lasentinelle.dz\/index.php\/2022\/06\/01\/transition-energetique-lapport-des-operateurs-algeriens-souligne\/#breadcrumb"},"inLanguage":"fr-FR","potentialAction":[{"@type":"ReadAction","target":["https:\/\/lasentinelle.dz\/index.php\/2022\/06\/01\/transition-energetique-lapport-des-operateurs-algeriens-souligne\/"]}]},{"@type":"ImageObject","inLanguage":"fr-FR","@id":"https:\/\/lasentinelle.dz\/index.php\/2022\/06\/01\/transition-energetique-lapport-des-operateurs-algeriens-souligne\/#primaryimage","url":"https:\/\/lasentinelle.dz\/wp-content\/uploads\/2022\/05\/07f_M.png","contentUrl":"https:\/\/lasentinelle.dz\/wp-content\/uploads\/2022\/05\/07f_M.png","width":1377,"height":900},{"@type":"BreadcrumbList","@id":"https:\/\/lasentinelle.dz\/index.php\/2022\/06\/01\/transition-energetique-lapport-des-operateurs-algeriens-souligne\/#breadcrumb","itemListElement":[{"@type":"ListItem","position":1,"name":"Accueil","item":"https:\/\/lasentinelle.dz\/"},{"@type":"ListItem","position":2,"name":"Transition \u00e9nerg\u00e9tique\u00a0: L\u2019apport des op\u00e9rateurs alg\u00e9riens soulign\u00e9"}]},{"@type":"WebSite","@id":"https:\/\/lasentinelle.dz\/#website","url":"https:\/\/lasentinelle.dz\/","name":"La Sentinelle","description":"Quotidien national d&#039;information","publisher":{"@id":"https:\/\/lasentinelle.dz\/#organization"},"potentialAction":[{"@type":"SearchAction","target":{"@type":"EntryPoint","urlTemplate":"https:\/\/lasentinelle.dz\/?s={search_term_string}"},"query-input":{"@type":"PropertyValueSpecification","valueRequired":true,"valueName":"search_term_string"}}],"inLanguage":"fr-FR"},{"@type":"Organization","@id":"https:\/\/lasentinelle.dz\/#organization","name":"Quotidien La Sentinelle","url":"https:\/\/lasentinelle.dz\/","logo":{"@type":"ImageObject","inLanguage":"fr-FR","@id":"https:\/\/lasentinelle.dz\/#\/schema\/logo\/image\/","url":"https:\/\/lasentinelle.dz\/wp-content\/uploads\/2021\/09\/logo-sentinelleSLOGAN-1.png","contentUrl":"https:\/\/lasentinelle.dz\/wp-content\/uploads\/2021\/09\/logo-sentinelleSLOGAN-1.png","width":615,"height":142,"caption":"Quotidien La Sentinelle"},"image":{"@id":"https:\/\/lasentinelle.dz\/#\/schema\/logo\/image\/"},"sameAs":["https:\/\/www.facebook.com\/La-Sentinelle-104059864394773"]},{"@type":"Person","@id":"https:\/\/lasentinelle.dz\/#\/schema\/person\/d865044e22e70a75174ce8bcad3acfb3","name":"La Sentinelle","image":{"@type":"ImageObject","inLanguage":"fr-FR","@id":"https:\/\/secure.gravatar.com\/avatar\/57de8e5d4b15d43fb361a71fbb36338450fe67865b528a43dd10ef7c51a20392?s=96&d=mm&r=g","url":"https:\/\/secure.gravatar.com\/avatar\/57de8e5d4b15d43fb361a71fbb36338450fe67865b528a43dd10ef7c51a20392?s=96&d=mm&r=g","contentUrl":"https:\/\/secure.gravatar.com\/avatar\/57de8e5d4b15d43fb361a71fbb36338450fe67865b528a43dd10ef7c51a20392?s=96&d=mm&r=g","caption":"La Sentinelle"},"sameAs":["http:\/\/www.lasentinelle.dz"],"url":"https:\/\/lasentinelle.dz\/author\/redaction\/"}]}},"_links":{"self":[{"href":"https:\/\/lasentinelle.dz\/index.php\/wp-json\/wp\/v2\/posts\/21882","targetHints":{"allow":["GET"]}}],"collection":[{"href":"https:\/\/lasentinelle.dz\/index.php\/wp-json\/wp\/v2\/posts"}],"about":[{"href":"https:\/\/lasentinelle.dz\/index.php\/wp-json\/wp\/v2\/types\/post"}],"author":[{"embeddable":true,"href":"https:\/\/lasentinelle.dz\/index.php\/wp-json\/wp\/v2\/users\/3"}],"replies":[{"embeddable":true,"href":"https:\/\/lasentinelle.dz\/index.php\/wp-json\/wp\/v2\/comments?post=21882"}],"version-history":[{"count":1,"href":"https:\/\/lasentinelle.dz\/index.php\/wp-json\/wp\/v2\/posts\/21882\/revisions"}],"predecessor-version":[{"id":21889,"href":"https:\/\/lasentinelle.dz\/index.php\/wp-json\/wp\/v2\/posts\/21882\/revisions\/21889"}],"wp:featuredmedia":[{"embeddable":true,"href":"https:\/\/lasentinelle.dz\/index.php\/wp-json\/wp\/v2\/media\/21887"}],"wp:attachment":[{"href":"https:\/\/lasentinelle.dz\/index.php\/wp-json\/wp\/v2\/media?parent=21882"}],"wp:term":[{"taxonomy":"category","embeddable":true,"href":"https:\/\/lasentinelle.dz\/index.php\/wp-json\/wp\/v2\/categories?post=21882"},{"taxonomy":"post_tag","embeddable":true,"href":"https:\/\/lasentinelle.dz\/index.php\/wp-json\/wp\/v2\/tags?post=21882"}],"curies":[{"name":"wp","href":"https:\/\/api.w.org\/{rel}","templated":true}]}}