{"id":22001,"date":"2022-06-05T00:01:00","date_gmt":"2022-06-04T23:01:00","guid":{"rendered":"https:\/\/lasentinelle.dz\/?p=22001"},"modified":"2022-06-04T16:32:47","modified_gmt":"2022-06-04T15:32:47","slug":"batna-le-directeur-de-la-prison-el-hamla-3-en-detention-provisoire","status":"publish","type":"post","link":"https:\/\/lasentinelle.dz\/index.php\/2022\/06\/05\/batna-le-directeur-de-la-prison-el-hamla-3-en-detention-provisoire\/","title":{"rendered":"Batna\u00a0: Le Directeur de la prison El Hamla 3\u00a0en d\u00e9tention provisoire"},"content":{"rendered":"\n<p>Le Directeur de&nbsp;la prison d\u2019El Hamla 3 (Batna)&nbsp;a \u00e9t\u00e9 d\u00e9mis de ses fonctions, avant d\u2019\u00eatre plac\u00e9 en d\u00e9tention provisoire dans la prison de Tazoult (Batna),&nbsp;indique une source proche du dossier. Le pr\u00e9venu est accus\u00e9&nbsp;association&nbsp;de malfaiteurs,&nbsp;agression,&nbsp;&nbsp;coups et blessures ainsi qu\u2019abus de fonction entre autres accusations pesant sur le directeur de cette prison, nous dit-on. Les dessous de cette affaire,&nbsp;premi\u00e8re du genre, ont trait \u00e0 une agression perp\u00e9tr\u00e9e la semaine \u00e9coul\u00e9e, par le directeur et un nombre d\u2019agents et de gardiens de l\u2019\u00e9tablissement p\u00e9nitencier, sur deux repris de justice. Ces derniers&nbsp;&nbsp;cagoul\u00e9s et&nbsp;&nbsp;arm\u00e9s jusqu\u2019aux dents, ont, il y\u2019a une semaine, agress\u00e9, devant l\u2019\u00e9tablissement l\u2019un des agents de l\u2019\u00e9tablissement, nous dit-on. Le directeur de la prison d\u2019El Hamla 3, a d\u00e9pos\u00e9 plainte&nbsp;&nbsp;au niveau des services de s\u00e9curit\u00e9 \u00e0 l\u2019encontre des deux agresseurs, avant d\u2019arr\u00eater, en dehors de la prison, les deux repris de justice en usant des armes et du v\u00e9hicule de l\u2019\u00e9tablissement, a fait savoir notre source. Les pr\u00e9sum\u00e9s impliqu\u00e9s dans l\u2019agression de l\u2019agent de l\u2019\u00e9tablissement p\u00e9nitencier ont \u00e9t\u00e9 arr\u00eat\u00e9s. D\u00e9tenteur chacun d\u2019un certificat m\u00e9dical d\u00e9livr\u00e9 par les services de la m\u00e9decine l\u00e9gale, attestant qu\u2019ils ont bel et bien \u00e9t\u00e9 victime d\u2019agression.&nbsp;Les deux repris de justice ont \u00e9t\u00e9 conduits au 12\u00e9me arrondissement, alors que le directeur de la prison a \u00e9t\u00e9 arr\u00eat\u00e9 et plac\u00e9 en d\u00e9tention provisoire apr\u00e8s avoir \u00e9t\u00e9 d\u00e9mis de ses fonctions, a-t-on fait savoir. Notre source a expliqu\u00e9 que le directeur voulant venger son agent, a outrepass\u00e9 les pr\u00e9rogatives de&nbsp;sa fonction. Surtout que l\u2019agression a lieu&nbsp;&nbsp;en dehors de l\u2019enceinte de l\u2019\u00e9tablissement p\u00e9nitencier. Par ailleurs, l\u2019arrestation du directeur a \u00e9t\u00e9 \u00e0 l\u2019origine d\u2019un large \u00e9lan de soutien et un large mouvement de contestation observ\u00e9 au lendemain de l\u2019incident. Une action qui n&rsquo;a pas \u00e9t\u00e9 sans cons\u00e9quence pour l\u2019ensemble des employ\u00e9s de cette institution relevant des hautes instances de justice,&nbsp;et&nbsp;les sanctions n\u2019ont pas tard\u00e9&nbsp;\u00e0&nbsp;tomber. \u00c0 ce titre, on apprend qu\u2019un nouveau directeur a \u00e9t\u00e9 d\u00e9sign\u00e9 \u00e0 la t\u00eate de la prison d\u2019El Hamla 3, alors&nbsp;que&nbsp;des gardiens et agents ont fait l\u2019objet de mutations et d\u2019arrestations. Des mesures devant parer et surtout \u00e9viter toute \u00e9ventualit\u00e9 de r\u00e9bellion, surtout qu\u2019il s\u2019agit d\u2019un secteur sensible. C\u2019est ce qui explique, nous dit-on,&nbsp;&nbsp;l\u2019acc\u00e9l\u00e9ration dans la prise de d\u00e9cisions devant&nbsp;apaiser&nbsp;les esprits. Au moment de la mise sous presse, nous apprenons que les instances concern\u00e9es se sont d\u00e9j\u00e0 pench\u00e9es sur le dossier de cette affaire, au titre de laquelle, plusieurs fonctionnaires, gardiens et agents suspendus ont \u00e9t\u00e9 convoqu\u00e9s pour audition.&nbsp;&nbsp;&nbsp;&nbsp;&nbsp;&nbsp;&nbsp;&nbsp;&nbsp;&nbsp;&nbsp;&nbsp;&nbsp;&nbsp;&nbsp;&nbsp;&nbsp;&nbsp;&nbsp;<\/p>\n\n\n\n<p><strong>S<\/strong><strong>.&nbsp;Chahine<\/strong><\/p>\n","protected":false},"excerpt":{"rendered":"<p>Le Directeur de&nbsp;la prison d\u2019El Hamla 3 (Batna)&nbsp;a \u00e9t\u00e9 d\u00e9mis de ses fonctions, avant d\u2019\u00eatre plac\u00e9 en d\u00e9tention provisoire dans<\/p>\n","protected":false},"author":3,"featured_media":22014,"comment_status":"open","ping_status":"closed","sticky":false,"template":"","format":"standard","meta":{"colormag_page_container_layout":"default_layout","colormag_page_sidebar_layout":"default_layout","om_disable_all_campaigns":false,"_monsterinsights_skip_tracking":false,"_monsterinsights_sitenote_active":false,"_monsterinsights_sitenote_note":"","_monsterinsights_sitenote_category":0,"footnotes":"","_wpscppro_dont_share_socialmedia":false,"_wpscppro_custom_social_share_image":0,"_facebook_share_type":"","_twitter_share_type":"","_linkedin_share_type":"","_pinterest_share_type":"","_linkedin_share_type_page":"","_instagram_share_type":"","_medium_share_type":"","_threads_share_type":"","_google_business_share_type":"","_selected_social_profile":[],"_wpsp_enable_custom_social_template":false,"_wpsp_social_scheduling":{"enabled":false,"datetime":null,"platforms":[],"status":"template_only","dateOption":"today","timeOption":"now","customDays":"","customHours":"","customDate":"","customTime":"","schedulingType":"absolute"},"_wpsp_active_default_template":true},"categories":[31],"tags":[],"class_list":["post-22001","post","type-post","status-publish","format-standard","has-post-thumbnail","hentry","category-regions"],"aioseo_notices":[],"yoast_head":"<!-- This site is optimized with the Yoast SEO plugin v27.5 - https:\/\/yoast.com\/product\/yoast-seo-wordpress\/ -->\n<title>Batna\u00a0: Le Directeur de la prison El Hamla 3\u00a0en d\u00e9tention provisoire - La Sentinelle<\/title>\n<meta name=\"robots\" content=\"index, follow, max-snippet:-1, max-image-preview:large, max-video-preview:-1\" \/>\n<link rel=\"canonical\" href=\"https:\/\/lasentinelle.dz\/index.php\/2022\/06\/05\/batna-le-directeur-de-la-prison-el-hamla-3-en-detention-provisoire\/\" \/>\n<meta property=\"og:locale\" content=\"fr_FR\" \/>\n<meta property=\"og:type\" content=\"article\" \/>\n<meta property=\"og:title\" content=\"Batna\u00a0: Le Directeur de la prison El Hamla 3\u00a0en d\u00e9tention provisoire - La Sentinelle\" \/>\n<meta property=\"og:description\" content=\"Le Directeur de&nbsp;la prison d\u2019El Hamla 3 (Batna)&nbsp;a \u00e9t\u00e9 d\u00e9mis de ses fonctions, avant d\u2019\u00eatre plac\u00e9 en d\u00e9tention provisoire dans\" \/>\n<meta property=\"og:url\" content=\"https:\/\/lasentinelle.dz\/index.php\/2022\/06\/05\/batna-le-directeur-de-la-prison-el-hamla-3-en-detention-provisoire\/\" \/>\n<meta property=\"og:site_name\" content=\"La Sentinelle\" \/>\n<meta property=\"article:publisher\" content=\"https:\/\/www.facebook.com\/La-Sentinelle-104059864394773\" \/>\n<meta property=\"article:published_time\" content=\"2022-06-04T23:01:00+00:00\" \/>\n<meta property=\"og:image\" content=\"https:\/\/lasentinelle.dz\/wp-content\/uploads\/2022\/06\/prison.jpg\" \/>\n\t<meta property=\"og:image:width\" content=\"730\" \/>\n\t<meta property=\"og:image:height\" content=\"548\" \/>\n\t<meta property=\"og:image:type\" content=\"image\/jpeg\" \/>\n<meta name=\"author\" content=\"La Sentinelle\" \/>\n<meta name=\"twitter:card\" content=\"summary_large_image\" \/>\n<meta name=\"twitter:label1\" content=\"\u00c9crit par\" \/>\n\t<meta name=\"twitter:data1\" content=\"La Sentinelle\" \/>\n\t<meta name=\"twitter:label2\" content=\"Dur\u00e9e de lecture estim\u00e9e\" \/>\n\t<meta name=\"twitter:data2\" content=\"3 minutes\" \/>\n<script type=\"application\/ld+json\" class=\"yoast-schema-graph\">{\"@context\":\"https:\\\/\\\/schema.org\",\"@graph\":[{\"@type\":\"Article\",\"@id\":\"https:\\\/\\\/lasentinelle.dz\\\/index.php\\\/2022\\\/06\\\/05\\\/batna-le-directeur-de-la-prison-el-hamla-3-en-detention-provisoire\\\/#article\",\"isPartOf\":{\"@id\":\"https:\\\/\\\/lasentinelle.dz\\\/index.php\\\/2022\\\/06\\\/05\\\/batna-le-directeur-de-la-prison-el-hamla-3-en-detention-provisoire\\\/\"},\"author\":{\"name\":\"La Sentinelle\",\"@id\":\"https:\\\/\\\/lasentinelle.dz\\\/#\\\/schema\\\/person\\\/d865044e22e70a75174ce8bcad3acfb3\"},\"headline\":\"Batna\u00a0: Le Directeur de la prison El Hamla 3\u00a0en d\u00e9tention provisoire\",\"datePublished\":\"2022-06-04T23:01:00+00:00\",\"mainEntityOfPage\":{\"@id\":\"https:\\\/\\\/lasentinelle.dz\\\/index.php\\\/2022\\\/06\\\/05\\\/batna-le-directeur-de-la-prison-el-hamla-3-en-detention-provisoire\\\/\"},\"wordCount\":560,\"commentCount\":0,\"publisher\":{\"@id\":\"https:\\\/\\\/lasentinelle.dz\\\/#organization\"},\"image\":{\"@id\":\"https:\\\/\\\/lasentinelle.dz\\\/index.php\\\/2022\\\/06\\\/05\\\/batna-le-directeur-de-la-prison-el-hamla-3-en-detention-provisoire\\\/#primaryimage\"},\"thumbnailUrl\":\"https:\\\/\\\/lasentinelle.dz\\\/wp-content\\\/uploads\\\/2022\\\/06\\\/prison.jpg\",\"articleSection\":[\"R\u00e9gions\"],\"inLanguage\":\"fr-FR\",\"potentialAction\":[{\"@type\":\"CommentAction\",\"name\":\"Comment\",\"target\":[\"https:\\\/\\\/lasentinelle.dz\\\/index.php\\\/2022\\\/06\\\/05\\\/batna-le-directeur-de-la-prison-el-hamla-3-en-detention-provisoire\\\/#respond\"]}]},{\"@type\":\"WebPage\",\"@id\":\"https:\\\/\\\/lasentinelle.dz\\\/index.php\\\/2022\\\/06\\\/05\\\/batna-le-directeur-de-la-prison-el-hamla-3-en-detention-provisoire\\\/\",\"url\":\"https:\\\/\\\/lasentinelle.dz\\\/index.php\\\/2022\\\/06\\\/05\\\/batna-le-directeur-de-la-prison-el-hamla-3-en-detention-provisoire\\\/\",\"name\":\"Batna\u00a0: Le Directeur de la prison El Hamla 3\u00a0en d\u00e9tention provisoire - La Sentinelle\",\"isPartOf\":{\"@id\":\"https:\\\/\\\/lasentinelle.dz\\\/#website\"},\"primaryImageOfPage\":{\"@id\":\"https:\\\/\\\/lasentinelle.dz\\\/index.php\\\/2022\\\/06\\\/05\\\/batna-le-directeur-de-la-prison-el-hamla-3-en-detention-provisoire\\\/#primaryimage\"},\"image\":{\"@id\":\"https:\\\/\\\/lasentinelle.dz\\\/index.php\\\/2022\\\/06\\\/05\\\/batna-le-directeur-de-la-prison-el-hamla-3-en-detention-provisoire\\\/#primaryimage\"},\"thumbnailUrl\":\"https:\\\/\\\/lasentinelle.dz\\\/wp-content\\\/uploads\\\/2022\\\/06\\\/prison.jpg\",\"datePublished\":\"2022-06-04T23:01:00+00:00\",\"breadcrumb\":{\"@id\":\"https:\\\/\\\/lasentinelle.dz\\\/index.php\\\/2022\\\/06\\\/05\\\/batna-le-directeur-de-la-prison-el-hamla-3-en-detention-provisoire\\\/#breadcrumb\"},\"inLanguage\":\"fr-FR\",\"potentialAction\":[{\"@type\":\"ReadAction\",\"target\":[\"https:\\\/\\\/lasentinelle.dz\\\/index.php\\\/2022\\\/06\\\/05\\\/batna-le-directeur-de-la-prison-el-hamla-3-en-detention-provisoire\\\/\"]}]},{\"@type\":\"ImageObject\",\"inLanguage\":\"fr-FR\",\"@id\":\"https:\\\/\\\/lasentinelle.dz\\\/index.php\\\/2022\\\/06\\\/05\\\/batna-le-directeur-de-la-prison-el-hamla-3-en-detention-provisoire\\\/#primaryimage\",\"url\":\"https:\\\/\\\/lasentinelle.dz\\\/wp-content\\\/uploads\\\/2022\\\/06\\\/prison.jpg\",\"contentUrl\":\"https:\\\/\\\/lasentinelle.dz\\\/wp-content\\\/uploads\\\/2022\\\/06\\\/prison.jpg\",\"width\":730,\"height\":548},{\"@type\":\"BreadcrumbList\",\"@id\":\"https:\\\/\\\/lasentinelle.dz\\\/index.php\\\/2022\\\/06\\\/05\\\/batna-le-directeur-de-la-prison-el-hamla-3-en-detention-provisoire\\\/#breadcrumb\",\"itemListElement\":[{\"@type\":\"ListItem\",\"position\":1,\"name\":\"Accueil\",\"item\":\"https:\\\/\\\/lasentinelle.dz\\\/\"},{\"@type\":\"ListItem\",\"position\":2,\"name\":\"Batna\u00a0: Le Directeur de la prison El Hamla 3\u00a0en d\u00e9tention provisoire\"}]},{\"@type\":\"WebSite\",\"@id\":\"https:\\\/\\\/lasentinelle.dz\\\/#website\",\"url\":\"https:\\\/\\\/lasentinelle.dz\\\/\",\"name\":\"La Sentinelle\",\"description\":\"Quotidien national d&#039;information\",\"publisher\":{\"@id\":\"https:\\\/\\\/lasentinelle.dz\\\/#organization\"},\"potentialAction\":[{\"@type\":\"SearchAction\",\"target\":{\"@type\":\"EntryPoint\",\"urlTemplate\":\"https:\\\/\\\/lasentinelle.dz\\\/?s={search_term_string}\"},\"query-input\":{\"@type\":\"PropertyValueSpecification\",\"valueRequired\":true,\"valueName\":\"search_term_string\"}}],\"inLanguage\":\"fr-FR\"},{\"@type\":\"Organization\",\"@id\":\"https:\\\/\\\/lasentinelle.dz\\\/#organization\",\"name\":\"Quotidien La Sentinelle\",\"url\":\"https:\\\/\\\/lasentinelle.dz\\\/\",\"logo\":{\"@type\":\"ImageObject\",\"inLanguage\":\"fr-FR\",\"@id\":\"https:\\\/\\\/lasentinelle.dz\\\/#\\\/schema\\\/logo\\\/image\\\/\",\"url\":\"https:\\\/\\\/lasentinelle.dz\\\/wp-content\\\/uploads\\\/2021\\\/09\\\/logo-sentinelleSLOGAN-1.png\",\"contentUrl\":\"https:\\\/\\\/lasentinelle.dz\\\/wp-content\\\/uploads\\\/2021\\\/09\\\/logo-sentinelleSLOGAN-1.png\",\"width\":615,\"height\":142,\"caption\":\"Quotidien La Sentinelle\"},\"image\":{\"@id\":\"https:\\\/\\\/lasentinelle.dz\\\/#\\\/schema\\\/logo\\\/image\\\/\"},\"sameAs\":[\"https:\\\/\\\/www.facebook.com\\\/La-Sentinelle-104059864394773\"]},{\"@type\":\"Person\",\"@id\":\"https:\\\/\\\/lasentinelle.dz\\\/#\\\/schema\\\/person\\\/d865044e22e70a75174ce8bcad3acfb3\",\"name\":\"La Sentinelle\",\"image\":{\"@type\":\"ImageObject\",\"inLanguage\":\"fr-FR\",\"@id\":\"https:\\\/\\\/secure.gravatar.com\\\/avatar\\\/57de8e5d4b15d43fb361a71fbb36338450fe67865b528a43dd10ef7c51a20392?s=96&d=mm&r=g\",\"url\":\"https:\\\/\\\/secure.gravatar.com\\\/avatar\\\/57de8e5d4b15d43fb361a71fbb36338450fe67865b528a43dd10ef7c51a20392?s=96&d=mm&r=g\",\"contentUrl\":\"https:\\\/\\\/secure.gravatar.com\\\/avatar\\\/57de8e5d4b15d43fb361a71fbb36338450fe67865b528a43dd10ef7c51a20392?s=96&d=mm&r=g\",\"caption\":\"La Sentinelle\"},\"sameAs\":[\"http:\\\/\\\/www.lasentinelle.dz\"],\"url\":\"https:\\\/\\\/lasentinelle.dz\\\/author\\\/redaction\\\/\"}]}<\/script>\n<!-- \/ Yoast SEO plugin. -->","yoast_head_json":{"title":"Batna\u00a0: Le Directeur de la prison El Hamla 3\u00a0en d\u00e9tention provisoire - La Sentinelle","robots":{"index":"index","follow":"follow","max-snippet":"max-snippet:-1","max-image-preview":"max-image-preview:large","max-video-preview":"max-video-preview:-1"},"canonical":"https:\/\/lasentinelle.dz\/index.php\/2022\/06\/05\/batna-le-directeur-de-la-prison-el-hamla-3-en-detention-provisoire\/","og_locale":"fr_FR","og_type":"article","og_title":"Batna\u00a0: Le Directeur de la prison El Hamla 3\u00a0en d\u00e9tention provisoire - La Sentinelle","og_description":"Le Directeur de&nbsp;la prison d\u2019El Hamla 3 (Batna)&nbsp;a \u00e9t\u00e9 d\u00e9mis de ses fonctions, avant d\u2019\u00eatre plac\u00e9 en d\u00e9tention provisoire dans","og_url":"https:\/\/lasentinelle.dz\/index.php\/2022\/06\/05\/batna-le-directeur-de-la-prison-el-hamla-3-en-detention-provisoire\/","og_site_name":"La Sentinelle","article_publisher":"https:\/\/www.facebook.com\/La-Sentinelle-104059864394773","article_published_time":"2022-06-04T23:01:00+00:00","og_image":[{"width":730,"height":548,"url":"https:\/\/lasentinelle.dz\/wp-content\/uploads\/2022\/06\/prison.jpg","type":"image\/jpeg"}],"author":"La Sentinelle","twitter_card":"summary_large_image","twitter_misc":{"\u00c9crit par":"La Sentinelle","Dur\u00e9e de lecture estim\u00e9e":"3 minutes"},"schema":{"@context":"https:\/\/schema.org","@graph":[{"@type":"Article","@id":"https:\/\/lasentinelle.dz\/index.php\/2022\/06\/05\/batna-le-directeur-de-la-prison-el-hamla-3-en-detention-provisoire\/#article","isPartOf":{"@id":"https:\/\/lasentinelle.dz\/index.php\/2022\/06\/05\/batna-le-directeur-de-la-prison-el-hamla-3-en-detention-provisoire\/"},"author":{"name":"La Sentinelle","@id":"https:\/\/lasentinelle.dz\/#\/schema\/person\/d865044e22e70a75174ce8bcad3acfb3"},"headline":"Batna\u00a0: Le Directeur de la prison El Hamla 3\u00a0en d\u00e9tention provisoire","datePublished":"2022-06-04T23:01:00+00:00","mainEntityOfPage":{"@id":"https:\/\/lasentinelle.dz\/index.php\/2022\/06\/05\/batna-le-directeur-de-la-prison-el-hamla-3-en-detention-provisoire\/"},"wordCount":560,"commentCount":0,"publisher":{"@id":"https:\/\/lasentinelle.dz\/#organization"},"image":{"@id":"https:\/\/lasentinelle.dz\/index.php\/2022\/06\/05\/batna-le-directeur-de-la-prison-el-hamla-3-en-detention-provisoire\/#primaryimage"},"thumbnailUrl":"https:\/\/lasentinelle.dz\/wp-content\/uploads\/2022\/06\/prison.jpg","articleSection":["R\u00e9gions"],"inLanguage":"fr-FR","potentialAction":[{"@type":"CommentAction","name":"Comment","target":["https:\/\/lasentinelle.dz\/index.php\/2022\/06\/05\/batna-le-directeur-de-la-prison-el-hamla-3-en-detention-provisoire\/#respond"]}]},{"@type":"WebPage","@id":"https:\/\/lasentinelle.dz\/index.php\/2022\/06\/05\/batna-le-directeur-de-la-prison-el-hamla-3-en-detention-provisoire\/","url":"https:\/\/lasentinelle.dz\/index.php\/2022\/06\/05\/batna-le-directeur-de-la-prison-el-hamla-3-en-detention-provisoire\/","name":"Batna\u00a0: Le Directeur de la prison El Hamla 3\u00a0en d\u00e9tention provisoire - La Sentinelle","isPartOf":{"@id":"https:\/\/lasentinelle.dz\/#website"},"primaryImageOfPage":{"@id":"https:\/\/lasentinelle.dz\/index.php\/2022\/06\/05\/batna-le-directeur-de-la-prison-el-hamla-3-en-detention-provisoire\/#primaryimage"},"image":{"@id":"https:\/\/lasentinelle.dz\/index.php\/2022\/06\/05\/batna-le-directeur-de-la-prison-el-hamla-3-en-detention-provisoire\/#primaryimage"},"thumbnailUrl":"https:\/\/lasentinelle.dz\/wp-content\/uploads\/2022\/06\/prison.jpg","datePublished":"2022-06-04T23:01:00+00:00","breadcrumb":{"@id":"https:\/\/lasentinelle.dz\/index.php\/2022\/06\/05\/batna-le-directeur-de-la-prison-el-hamla-3-en-detention-provisoire\/#breadcrumb"},"inLanguage":"fr-FR","potentialAction":[{"@type":"ReadAction","target":["https:\/\/lasentinelle.dz\/index.php\/2022\/06\/05\/batna-le-directeur-de-la-prison-el-hamla-3-en-detention-provisoire\/"]}]},{"@type":"ImageObject","inLanguage":"fr-FR","@id":"https:\/\/lasentinelle.dz\/index.php\/2022\/06\/05\/batna-le-directeur-de-la-prison-el-hamla-3-en-detention-provisoire\/#primaryimage","url":"https:\/\/lasentinelle.dz\/wp-content\/uploads\/2022\/06\/prison.jpg","contentUrl":"https:\/\/lasentinelle.dz\/wp-content\/uploads\/2022\/06\/prison.jpg","width":730,"height":548},{"@type":"BreadcrumbList","@id":"https:\/\/lasentinelle.dz\/index.php\/2022\/06\/05\/batna-le-directeur-de-la-prison-el-hamla-3-en-detention-provisoire\/#breadcrumb","itemListElement":[{"@type":"ListItem","position":1,"name":"Accueil","item":"https:\/\/lasentinelle.dz\/"},{"@type":"ListItem","position":2,"name":"Batna\u00a0: Le Directeur de la prison El Hamla 3\u00a0en d\u00e9tention provisoire"}]},{"@type":"WebSite","@id":"https:\/\/lasentinelle.dz\/#website","url":"https:\/\/lasentinelle.dz\/","name":"La Sentinelle","description":"Quotidien national d&#039;information","publisher":{"@id":"https:\/\/lasentinelle.dz\/#organization"},"potentialAction":[{"@type":"SearchAction","target":{"@type":"EntryPoint","urlTemplate":"https:\/\/lasentinelle.dz\/?s={search_term_string}"},"query-input":{"@type":"PropertyValueSpecification","valueRequired":true,"valueName":"search_term_string"}}],"inLanguage":"fr-FR"},{"@type":"Organization","@id":"https:\/\/lasentinelle.dz\/#organization","name":"Quotidien La Sentinelle","url":"https:\/\/lasentinelle.dz\/","logo":{"@type":"ImageObject","inLanguage":"fr-FR","@id":"https:\/\/lasentinelle.dz\/#\/schema\/logo\/image\/","url":"https:\/\/lasentinelle.dz\/wp-content\/uploads\/2021\/09\/logo-sentinelleSLOGAN-1.png","contentUrl":"https:\/\/lasentinelle.dz\/wp-content\/uploads\/2021\/09\/logo-sentinelleSLOGAN-1.png","width":615,"height":142,"caption":"Quotidien La Sentinelle"},"image":{"@id":"https:\/\/lasentinelle.dz\/#\/schema\/logo\/image\/"},"sameAs":["https:\/\/www.facebook.com\/La-Sentinelle-104059864394773"]},{"@type":"Person","@id":"https:\/\/lasentinelle.dz\/#\/schema\/person\/d865044e22e70a75174ce8bcad3acfb3","name":"La Sentinelle","image":{"@type":"ImageObject","inLanguage":"fr-FR","@id":"https:\/\/secure.gravatar.com\/avatar\/57de8e5d4b15d43fb361a71fbb36338450fe67865b528a43dd10ef7c51a20392?s=96&d=mm&r=g","url":"https:\/\/secure.gravatar.com\/avatar\/57de8e5d4b15d43fb361a71fbb36338450fe67865b528a43dd10ef7c51a20392?s=96&d=mm&r=g","contentUrl":"https:\/\/secure.gravatar.com\/avatar\/57de8e5d4b15d43fb361a71fbb36338450fe67865b528a43dd10ef7c51a20392?s=96&d=mm&r=g","caption":"La Sentinelle"},"sameAs":["http:\/\/www.lasentinelle.dz"],"url":"https:\/\/lasentinelle.dz\/author\/redaction\/"}]}},"_links":{"self":[{"href":"https:\/\/lasentinelle.dz\/index.php\/wp-json\/wp\/v2\/posts\/22001","targetHints":{"allow":["GET"]}}],"collection":[{"href":"https:\/\/lasentinelle.dz\/index.php\/wp-json\/wp\/v2\/posts"}],"about":[{"href":"https:\/\/lasentinelle.dz\/index.php\/wp-json\/wp\/v2\/types\/post"}],"author":[{"embeddable":true,"href":"https:\/\/lasentinelle.dz\/index.php\/wp-json\/wp\/v2\/users\/3"}],"replies":[{"embeddable":true,"href":"https:\/\/lasentinelle.dz\/index.php\/wp-json\/wp\/v2\/comments?post=22001"}],"version-history":[{"count":1,"href":"https:\/\/lasentinelle.dz\/index.php\/wp-json\/wp\/v2\/posts\/22001\/revisions"}],"predecessor-version":[{"id":22015,"href":"https:\/\/lasentinelle.dz\/index.php\/wp-json\/wp\/v2\/posts\/22001\/revisions\/22015"}],"wp:featuredmedia":[{"embeddable":true,"href":"https:\/\/lasentinelle.dz\/index.php\/wp-json\/wp\/v2\/media\/22014"}],"wp:attachment":[{"href":"https:\/\/lasentinelle.dz\/index.php\/wp-json\/wp\/v2\/media?parent=22001"}],"wp:term":[{"taxonomy":"category","embeddable":true,"href":"https:\/\/lasentinelle.dz\/index.php\/wp-json\/wp\/v2\/categories?post=22001"},{"taxonomy":"post_tag","embeddable":true,"href":"https:\/\/lasentinelle.dz\/index.php\/wp-json\/wp\/v2\/tags?post=22001"}],"curies":[{"name":"wp","href":"https:\/\/api.w.org\/{rel}","templated":true}]}}