{"id":22016,"date":"2022-06-05T00:05:00","date_gmt":"2022-06-04T23:05:00","guid":{"rendered":"https:\/\/lasentinelle.dz\/?p=22016"},"modified":"2022-06-04T19:57:33","modified_gmt":"2022-06-04T18:57:33","slug":"sahara-occidental-berlin-continue-de-soutenir-les-efforts-de-lonu","status":"publish","type":"post","link":"https:\/\/lasentinelle.dz\/index.php\/2022\/06\/05\/sahara-occidental-berlin-continue-de-soutenir-les-efforts-de-lonu\/","title":{"rendered":"Sahara occidental\u00a0: Berlin continue de soutenir les efforts de l&rsquo;ONU"},"content":{"rendered":"\n<p>Le gouvernement allemand, par le biais du minist\u00e8re des Affaires \u00e9trang\u00e8res, a r\u00e9affirm\u00e9 vendredi son soutien aux efforts des Nations unies pour parvenir \u00e0 une solution juste et durable au conflit au Sahara occidental.<\/p>\n\n\n\n<p>\u00ab\u00a0Le gouvernement f\u00e9d\u00e9ral continue de soutenir les efforts des Nations unies pour parvenir \u00e0 une solution juste, viable, durable et mutuellement acceptable du conflit, sur la base des r\u00e9solutions pertinentes du Conseil de s\u00e9curit\u00e9\u00a0\u00bb, a indiqu\u00e9 le minist\u00e8re des Affaires \u00e9trang\u00e8res, dans un communiqu\u00e9 publi\u00e9 sur le site internet du Parlement (Bundestag). Du point de vue du gouvernement f\u00e9d\u00e9ral, le statut final du Sahara occidental en vertu du droit international \u00ab\u00a0n&rsquo;est toujours pas clair\u00a0\u00bb, a-t-il \u00e9crit dans une r\u00e9ponse \u00e0 une question de Die Linke, le parti de gauche allemand au Parlement.<\/p>\n\n\n\n<p>Le Sahara occidental est un territoire non autonome en vertu de l&rsquo;article 73 de la Charte des Nations unies, est-il ajout\u00e9. \u00ab\u00a0Le territoire non autonome du Sahara occidental et le territoire du Royaume du Maroc sont soumis \u00e0 des syst\u00e8mes juridiques internationaux diff\u00e9rents et doivent donc \u00eatre consid\u00e9r\u00e9s s\u00e9par\u00e9ment\u00a0\u00bb, rappelle la m\u00eame source. Cette sortie du d\u00e9partement minist\u00e9riel intervient suite aux critiques de la Gauche allemande \u00e0 l&rsquo;encontre de Berlin dans lesquelles elle affirmait que le gouvernement f\u00e9d\u00e9ral soutenait l&rsquo;occupation du Sahara occidental par le Maroc.<\/p>\n\n\n\n<p>De son c\u00f4t\u00e9, la Commission africaine des droits de l&rsquo;homme et des peuples a salu\u00e9 les mesures prises par la R\u00e9publique arabe sahraouie d\u00e9mocratique (RASD) pour la promotion du r\u00f4le de la femme au sein des institutions et de la soci\u00e9t\u00e9 sahraouie, apr\u00e8s son adh\u00e9sion au Protocole \u00e0 la Charte africaine des droits de l&rsquo;homme et des peuples relatif aux droits de la femme en Afrique. Le pr\u00e9sident de la R\u00e9publique arabe sahraouie d\u00e9mocratique (RASD), Secr\u00e9taire g\u00e9n\u00e9ral du Front Polisario, Brahim Ghali a \u00e9t\u00e9 destinataire d&rsquo;un \u00ab\u00a0message de remerciements et de reconnaissance de la part de la Commission africaine des droits de l&rsquo;homme et des peuples, apr\u00e8s l&rsquo;adh\u00e9sion de la RASD au Protocole \u00e0 la Charte africaine des droits de l&rsquo;homme et des peuples, relatif aux droits de la femme en Afrique\u00a0\u00bb, a rapport\u00e9 l&rsquo;agence de presse sahraouie SPS. Ladite commission a f\u00e9licit\u00e9 le pr\u00e9sident de la R\u00e9publique pour les d\u00e9marches \u00ab\u00a0louables\u00a0\u00bb qu&rsquo;a prises la RASD en mati\u00e8re de renforcement et de protection de la place de la femme au sein des institutions et de la soci\u00e9t\u00e9 civile.<\/p>\n\n\n\n<p>Elle a en outre appel\u00e9 le Gouvernement sahraoui \u00e0 poursuivre \u00ab\u00a0ses efforts dans le cadre de la promotion, la protection et le respect des droits de la femme dans tous les domaines, comme \u00e9nonc\u00e9 dans le Protocole de Maputo\u00a0\u00bb. La R\u00e9publique arabe sahraouie d\u00e9mocratique a adh\u00e9r\u00e9 le 29 avril 2022 aux Etats signataires du protocole de Maputo sur la Charte africaine des droits de l&rsquo;homme et des peuples, pour devenir le 43\u00e8 pays signataire du document. Le Protocole \u00e0 la Charte africaine des droits de l&rsquo;homme et des peuples, relatif aux droits de la femme en Afrique, dit \u00ab\u00a0Protocole de Maputo\u00a0\u00bb, avait \u00e9t\u00e9 adopt\u00e9 par l&rsquo;Assembl\u00e9e g\u00e9n\u00e9rale (AG) des chefs d&rsquo;Etat et de Gouvernements de l&rsquo;Union africaine (UA), lors de la tenue de son 2e sommet ordinaire dans la capitale mozambicaine, Maputo, le 11 juillet 2003. Ledit protocole garantit les droits universels des femmes, y compris celui de participer au processus politique, l&rsquo;\u00e9galit\u00e9 sociale et politique avec les hommes et une autonomie am\u00e9lior\u00e9e dans leurs d\u00e9cisions en mati\u00e8re de sant\u00e9 reproductive.<\/p>\n\n\n\n<p><strong>R.I. avec APS<\/strong><\/p>\n","protected":false},"excerpt":{"rendered":"<p>Le gouvernement allemand, par le biais du minist\u00e8re des Affaires \u00e9trang\u00e8res, a r\u00e9affirm\u00e9 vendredi son soutien aux efforts des Nations<\/p>\n","protected":false},"author":3,"featured_media":22018,"comment_status":"open","ping_status":"closed","sticky":false,"template":"","format":"standard","meta":{"colormag_page_container_layout":"default_layout","colormag_page_sidebar_layout":"default_layout","om_disable_all_campaigns":false,"_monsterinsights_skip_tracking":false,"_monsterinsights_sitenote_active":false,"_monsterinsights_sitenote_note":"","_monsterinsights_sitenote_category":0,"footnotes":"","_wpscppro_dont_share_socialmedia":false,"_wpscppro_custom_social_share_image":0,"_facebook_share_type":"","_twitter_share_type":"","_linkedin_share_type":"","_pinterest_share_type":"","_linkedin_share_type_page":"","_instagram_share_type":"","_medium_share_type":"","_threads_share_type":"","_google_business_share_type":"","_selected_social_profile":[],"_wpsp_enable_custom_social_template":false,"_wpsp_social_scheduling":{"enabled":false,"datetime":null,"platforms":[],"status":"template_only","dateOption":"today","timeOption":"now","customDays":"","customHours":"","customDate":"","customTime":"","schedulingType":"absolute"},"_wpsp_active_default_template":true},"categories":[52,37],"tags":[],"class_list":["post-22016","post","type-post","status-publish","format-standard","has-post-thumbnail","hentry","category-a-la-une","category-monde"],"aioseo_notices":[],"yoast_head":"<!-- This site is optimized with the Yoast SEO plugin v27.5 - https:\/\/yoast.com\/product\/yoast-seo-wordpress\/ -->\n<title>Sahara occidental\u00a0: Berlin continue de soutenir les efforts de l&#039;ONU - La Sentinelle<\/title>\n<meta name=\"robots\" content=\"index, follow, max-snippet:-1, max-image-preview:large, max-video-preview:-1\" \/>\n<link rel=\"canonical\" href=\"https:\/\/lasentinelle.dz\/index.php\/2022\/06\/05\/sahara-occidental-berlin-continue-de-soutenir-les-efforts-de-lonu\/\" \/>\n<meta property=\"og:locale\" content=\"fr_FR\" \/>\n<meta property=\"og:type\" content=\"article\" \/>\n<meta property=\"og:title\" content=\"Sahara occidental\u00a0: Berlin continue de soutenir les efforts de l&#039;ONU - La Sentinelle\" \/>\n<meta property=\"og:description\" content=\"Le gouvernement allemand, par le biais du minist\u00e8re des Affaires \u00e9trang\u00e8res, a r\u00e9affirm\u00e9 vendredi son soutien aux efforts des Nations\" \/>\n<meta property=\"og:url\" content=\"https:\/\/lasentinelle.dz\/index.php\/2022\/06\/05\/sahara-occidental-berlin-continue-de-soutenir-les-efforts-de-lonu\/\" \/>\n<meta property=\"og:site_name\" content=\"La Sentinelle\" \/>\n<meta property=\"article:publisher\" content=\"https:\/\/www.facebook.com\/La-Sentinelle-104059864394773\" \/>\n<meta property=\"article:published_time\" content=\"2022-06-04T23:05:00+00:00\" \/>\n<meta property=\"og:image\" content=\"https:\/\/lasentinelle.dz\/wp-content\/uploads\/2022\/06\/img-20220603-wa0002.png\" \/>\n\t<meta property=\"og:image:width\" content=\"1548\" \/>\n\t<meta property=\"og:image:height\" content=\"900\" \/>\n\t<meta property=\"og:image:type\" content=\"image\/png\" \/>\n<meta name=\"author\" content=\"La Sentinelle\" \/>\n<meta name=\"twitter:card\" content=\"summary_large_image\" \/>\n<meta name=\"twitter:label1\" content=\"\u00c9crit par\" \/>\n\t<meta name=\"twitter:data1\" content=\"La Sentinelle\" \/>\n\t<meta name=\"twitter:label2\" content=\"Dur\u00e9e de lecture estim\u00e9e\" \/>\n\t<meta name=\"twitter:data2\" content=\"3 minutes\" \/>\n<script type=\"application\/ld+json\" class=\"yoast-schema-graph\">{\"@context\":\"https:\\\/\\\/schema.org\",\"@graph\":[{\"@type\":\"Article\",\"@id\":\"https:\\\/\\\/lasentinelle.dz\\\/index.php\\\/2022\\\/06\\\/05\\\/sahara-occidental-berlin-continue-de-soutenir-les-efforts-de-lonu\\\/#article\",\"isPartOf\":{\"@id\":\"https:\\\/\\\/lasentinelle.dz\\\/index.php\\\/2022\\\/06\\\/05\\\/sahara-occidental-berlin-continue-de-soutenir-les-efforts-de-lonu\\\/\"},\"author\":{\"name\":\"La Sentinelle\",\"@id\":\"https:\\\/\\\/lasentinelle.dz\\\/#\\\/schema\\\/person\\\/d865044e22e70a75174ce8bcad3acfb3\"},\"headline\":\"Sahara occidental\u00a0: Berlin continue de soutenir les efforts de l&rsquo;ONU\",\"datePublished\":\"2022-06-04T23:05:00+00:00\",\"mainEntityOfPage\":{\"@id\":\"https:\\\/\\\/lasentinelle.dz\\\/index.php\\\/2022\\\/06\\\/05\\\/sahara-occidental-berlin-continue-de-soutenir-les-efforts-de-lonu\\\/\"},\"wordCount\":633,\"commentCount\":0,\"publisher\":{\"@id\":\"https:\\\/\\\/lasentinelle.dz\\\/#organization\"},\"image\":{\"@id\":\"https:\\\/\\\/lasentinelle.dz\\\/index.php\\\/2022\\\/06\\\/05\\\/sahara-occidental-berlin-continue-de-soutenir-les-efforts-de-lonu\\\/#primaryimage\"},\"thumbnailUrl\":\"https:\\\/\\\/lasentinelle.dz\\\/wp-content\\\/uploads\\\/2022\\\/06\\\/img-20220603-wa0002.png\",\"articleSection\":[\"\u00c0 la Une\",\"Monde\"],\"inLanguage\":\"fr-FR\",\"potentialAction\":[{\"@type\":\"CommentAction\",\"name\":\"Comment\",\"target\":[\"https:\\\/\\\/lasentinelle.dz\\\/index.php\\\/2022\\\/06\\\/05\\\/sahara-occidental-berlin-continue-de-soutenir-les-efforts-de-lonu\\\/#respond\"]}]},{\"@type\":\"WebPage\",\"@id\":\"https:\\\/\\\/lasentinelle.dz\\\/index.php\\\/2022\\\/06\\\/05\\\/sahara-occidental-berlin-continue-de-soutenir-les-efforts-de-lonu\\\/\",\"url\":\"https:\\\/\\\/lasentinelle.dz\\\/index.php\\\/2022\\\/06\\\/05\\\/sahara-occidental-berlin-continue-de-soutenir-les-efforts-de-lonu\\\/\",\"name\":\"Sahara occidental\u00a0: Berlin continue de soutenir les efforts de l'ONU - La Sentinelle\",\"isPartOf\":{\"@id\":\"https:\\\/\\\/lasentinelle.dz\\\/#website\"},\"primaryImageOfPage\":{\"@id\":\"https:\\\/\\\/lasentinelle.dz\\\/index.php\\\/2022\\\/06\\\/05\\\/sahara-occidental-berlin-continue-de-soutenir-les-efforts-de-lonu\\\/#primaryimage\"},\"image\":{\"@id\":\"https:\\\/\\\/lasentinelle.dz\\\/index.php\\\/2022\\\/06\\\/05\\\/sahara-occidental-berlin-continue-de-soutenir-les-efforts-de-lonu\\\/#primaryimage\"},\"thumbnailUrl\":\"https:\\\/\\\/lasentinelle.dz\\\/wp-content\\\/uploads\\\/2022\\\/06\\\/img-20220603-wa0002.png\",\"datePublished\":\"2022-06-04T23:05:00+00:00\",\"breadcrumb\":{\"@id\":\"https:\\\/\\\/lasentinelle.dz\\\/index.php\\\/2022\\\/06\\\/05\\\/sahara-occidental-berlin-continue-de-soutenir-les-efforts-de-lonu\\\/#breadcrumb\"},\"inLanguage\":\"fr-FR\",\"potentialAction\":[{\"@type\":\"ReadAction\",\"target\":[\"https:\\\/\\\/lasentinelle.dz\\\/index.php\\\/2022\\\/06\\\/05\\\/sahara-occidental-berlin-continue-de-soutenir-les-efforts-de-lonu\\\/\"]}]},{\"@type\":\"ImageObject\",\"inLanguage\":\"fr-FR\",\"@id\":\"https:\\\/\\\/lasentinelle.dz\\\/index.php\\\/2022\\\/06\\\/05\\\/sahara-occidental-berlin-continue-de-soutenir-les-efforts-de-lonu\\\/#primaryimage\",\"url\":\"https:\\\/\\\/lasentinelle.dz\\\/wp-content\\\/uploads\\\/2022\\\/06\\\/img-20220603-wa0002.png\",\"contentUrl\":\"https:\\\/\\\/lasentinelle.dz\\\/wp-content\\\/uploads\\\/2022\\\/06\\\/img-20220603-wa0002.png\",\"width\":1548,\"height\":900},{\"@type\":\"BreadcrumbList\",\"@id\":\"https:\\\/\\\/lasentinelle.dz\\\/index.php\\\/2022\\\/06\\\/05\\\/sahara-occidental-berlin-continue-de-soutenir-les-efforts-de-lonu\\\/#breadcrumb\",\"itemListElement\":[{\"@type\":\"ListItem\",\"position\":1,\"name\":\"Accueil\",\"item\":\"https:\\\/\\\/lasentinelle.dz\\\/\"},{\"@type\":\"ListItem\",\"position\":2,\"name\":\"Sahara occidental\u00a0: Berlin continue de soutenir les efforts de l&rsquo;ONU\"}]},{\"@type\":\"WebSite\",\"@id\":\"https:\\\/\\\/lasentinelle.dz\\\/#website\",\"url\":\"https:\\\/\\\/lasentinelle.dz\\\/\",\"name\":\"La Sentinelle\",\"description\":\"Quotidien national d&#039;information\",\"publisher\":{\"@id\":\"https:\\\/\\\/lasentinelle.dz\\\/#organization\"},\"potentialAction\":[{\"@type\":\"SearchAction\",\"target\":{\"@type\":\"EntryPoint\",\"urlTemplate\":\"https:\\\/\\\/lasentinelle.dz\\\/?s={search_term_string}\"},\"query-input\":{\"@type\":\"PropertyValueSpecification\",\"valueRequired\":true,\"valueName\":\"search_term_string\"}}],\"inLanguage\":\"fr-FR\"},{\"@type\":\"Organization\",\"@id\":\"https:\\\/\\\/lasentinelle.dz\\\/#organization\",\"name\":\"Quotidien La Sentinelle\",\"url\":\"https:\\\/\\\/lasentinelle.dz\\\/\",\"logo\":{\"@type\":\"ImageObject\",\"inLanguage\":\"fr-FR\",\"@id\":\"https:\\\/\\\/lasentinelle.dz\\\/#\\\/schema\\\/logo\\\/image\\\/\",\"url\":\"https:\\\/\\\/lasentinelle.dz\\\/wp-content\\\/uploads\\\/2021\\\/09\\\/logo-sentinelleSLOGAN-1.png\",\"contentUrl\":\"https:\\\/\\\/lasentinelle.dz\\\/wp-content\\\/uploads\\\/2021\\\/09\\\/logo-sentinelleSLOGAN-1.png\",\"width\":615,\"height\":142,\"caption\":\"Quotidien La Sentinelle\"},\"image\":{\"@id\":\"https:\\\/\\\/lasentinelle.dz\\\/#\\\/schema\\\/logo\\\/image\\\/\"},\"sameAs\":[\"https:\\\/\\\/www.facebook.com\\\/La-Sentinelle-104059864394773\"]},{\"@type\":\"Person\",\"@id\":\"https:\\\/\\\/lasentinelle.dz\\\/#\\\/schema\\\/person\\\/d865044e22e70a75174ce8bcad3acfb3\",\"name\":\"La Sentinelle\",\"image\":{\"@type\":\"ImageObject\",\"inLanguage\":\"fr-FR\",\"@id\":\"https:\\\/\\\/secure.gravatar.com\\\/avatar\\\/57de8e5d4b15d43fb361a71fbb36338450fe67865b528a43dd10ef7c51a20392?s=96&d=mm&r=g\",\"url\":\"https:\\\/\\\/secure.gravatar.com\\\/avatar\\\/57de8e5d4b15d43fb361a71fbb36338450fe67865b528a43dd10ef7c51a20392?s=96&d=mm&r=g\",\"contentUrl\":\"https:\\\/\\\/secure.gravatar.com\\\/avatar\\\/57de8e5d4b15d43fb361a71fbb36338450fe67865b528a43dd10ef7c51a20392?s=96&d=mm&r=g\",\"caption\":\"La Sentinelle\"},\"sameAs\":[\"http:\\\/\\\/www.lasentinelle.dz\"],\"url\":\"https:\\\/\\\/lasentinelle.dz\\\/author\\\/redaction\\\/\"}]}<\/script>\n<!-- \/ Yoast SEO plugin. -->","yoast_head_json":{"title":"Sahara occidental\u00a0: Berlin continue de soutenir les efforts de l'ONU - La Sentinelle","robots":{"index":"index","follow":"follow","max-snippet":"max-snippet:-1","max-image-preview":"max-image-preview:large","max-video-preview":"max-video-preview:-1"},"canonical":"https:\/\/lasentinelle.dz\/index.php\/2022\/06\/05\/sahara-occidental-berlin-continue-de-soutenir-les-efforts-de-lonu\/","og_locale":"fr_FR","og_type":"article","og_title":"Sahara occidental\u00a0: Berlin continue de soutenir les efforts de l'ONU - La Sentinelle","og_description":"Le gouvernement allemand, par le biais du minist\u00e8re des Affaires \u00e9trang\u00e8res, a r\u00e9affirm\u00e9 vendredi son soutien aux efforts des Nations","og_url":"https:\/\/lasentinelle.dz\/index.php\/2022\/06\/05\/sahara-occidental-berlin-continue-de-soutenir-les-efforts-de-lonu\/","og_site_name":"La Sentinelle","article_publisher":"https:\/\/www.facebook.com\/La-Sentinelle-104059864394773","article_published_time":"2022-06-04T23:05:00+00:00","og_image":[{"width":1548,"height":900,"url":"https:\/\/lasentinelle.dz\/wp-content\/uploads\/2022\/06\/img-20220603-wa0002.png","type":"image\/png"}],"author":"La Sentinelle","twitter_card":"summary_large_image","twitter_misc":{"\u00c9crit par":"La Sentinelle","Dur\u00e9e de lecture estim\u00e9e":"3 minutes"},"schema":{"@context":"https:\/\/schema.org","@graph":[{"@type":"Article","@id":"https:\/\/lasentinelle.dz\/index.php\/2022\/06\/05\/sahara-occidental-berlin-continue-de-soutenir-les-efforts-de-lonu\/#article","isPartOf":{"@id":"https:\/\/lasentinelle.dz\/index.php\/2022\/06\/05\/sahara-occidental-berlin-continue-de-soutenir-les-efforts-de-lonu\/"},"author":{"name":"La Sentinelle","@id":"https:\/\/lasentinelle.dz\/#\/schema\/person\/d865044e22e70a75174ce8bcad3acfb3"},"headline":"Sahara occidental\u00a0: Berlin continue de soutenir les efforts de l&rsquo;ONU","datePublished":"2022-06-04T23:05:00+00:00","mainEntityOfPage":{"@id":"https:\/\/lasentinelle.dz\/index.php\/2022\/06\/05\/sahara-occidental-berlin-continue-de-soutenir-les-efforts-de-lonu\/"},"wordCount":633,"commentCount":0,"publisher":{"@id":"https:\/\/lasentinelle.dz\/#organization"},"image":{"@id":"https:\/\/lasentinelle.dz\/index.php\/2022\/06\/05\/sahara-occidental-berlin-continue-de-soutenir-les-efforts-de-lonu\/#primaryimage"},"thumbnailUrl":"https:\/\/lasentinelle.dz\/wp-content\/uploads\/2022\/06\/img-20220603-wa0002.png","articleSection":["\u00c0 la Une","Monde"],"inLanguage":"fr-FR","potentialAction":[{"@type":"CommentAction","name":"Comment","target":["https:\/\/lasentinelle.dz\/index.php\/2022\/06\/05\/sahara-occidental-berlin-continue-de-soutenir-les-efforts-de-lonu\/#respond"]}]},{"@type":"WebPage","@id":"https:\/\/lasentinelle.dz\/index.php\/2022\/06\/05\/sahara-occidental-berlin-continue-de-soutenir-les-efforts-de-lonu\/","url":"https:\/\/lasentinelle.dz\/index.php\/2022\/06\/05\/sahara-occidental-berlin-continue-de-soutenir-les-efforts-de-lonu\/","name":"Sahara occidental\u00a0: Berlin continue de soutenir les efforts de l'ONU - La Sentinelle","isPartOf":{"@id":"https:\/\/lasentinelle.dz\/#website"},"primaryImageOfPage":{"@id":"https:\/\/lasentinelle.dz\/index.php\/2022\/06\/05\/sahara-occidental-berlin-continue-de-soutenir-les-efforts-de-lonu\/#primaryimage"},"image":{"@id":"https:\/\/lasentinelle.dz\/index.php\/2022\/06\/05\/sahara-occidental-berlin-continue-de-soutenir-les-efforts-de-lonu\/#primaryimage"},"thumbnailUrl":"https:\/\/lasentinelle.dz\/wp-content\/uploads\/2022\/06\/img-20220603-wa0002.png","datePublished":"2022-06-04T23:05:00+00:00","breadcrumb":{"@id":"https:\/\/lasentinelle.dz\/index.php\/2022\/06\/05\/sahara-occidental-berlin-continue-de-soutenir-les-efforts-de-lonu\/#breadcrumb"},"inLanguage":"fr-FR","potentialAction":[{"@type":"ReadAction","target":["https:\/\/lasentinelle.dz\/index.php\/2022\/06\/05\/sahara-occidental-berlin-continue-de-soutenir-les-efforts-de-lonu\/"]}]},{"@type":"ImageObject","inLanguage":"fr-FR","@id":"https:\/\/lasentinelle.dz\/index.php\/2022\/06\/05\/sahara-occidental-berlin-continue-de-soutenir-les-efforts-de-lonu\/#primaryimage","url":"https:\/\/lasentinelle.dz\/wp-content\/uploads\/2022\/06\/img-20220603-wa0002.png","contentUrl":"https:\/\/lasentinelle.dz\/wp-content\/uploads\/2022\/06\/img-20220603-wa0002.png","width":1548,"height":900},{"@type":"BreadcrumbList","@id":"https:\/\/lasentinelle.dz\/index.php\/2022\/06\/05\/sahara-occidental-berlin-continue-de-soutenir-les-efforts-de-lonu\/#breadcrumb","itemListElement":[{"@type":"ListItem","position":1,"name":"Accueil","item":"https:\/\/lasentinelle.dz\/"},{"@type":"ListItem","position":2,"name":"Sahara occidental\u00a0: Berlin continue de soutenir les efforts de l&rsquo;ONU"}]},{"@type":"WebSite","@id":"https:\/\/lasentinelle.dz\/#website","url":"https:\/\/lasentinelle.dz\/","name":"La Sentinelle","description":"Quotidien national d&#039;information","publisher":{"@id":"https:\/\/lasentinelle.dz\/#organization"},"potentialAction":[{"@type":"SearchAction","target":{"@type":"EntryPoint","urlTemplate":"https:\/\/lasentinelle.dz\/?s={search_term_string}"},"query-input":{"@type":"PropertyValueSpecification","valueRequired":true,"valueName":"search_term_string"}}],"inLanguage":"fr-FR"},{"@type":"Organization","@id":"https:\/\/lasentinelle.dz\/#organization","name":"Quotidien La Sentinelle","url":"https:\/\/lasentinelle.dz\/","logo":{"@type":"ImageObject","inLanguage":"fr-FR","@id":"https:\/\/lasentinelle.dz\/#\/schema\/logo\/image\/","url":"https:\/\/lasentinelle.dz\/wp-content\/uploads\/2021\/09\/logo-sentinelleSLOGAN-1.png","contentUrl":"https:\/\/lasentinelle.dz\/wp-content\/uploads\/2021\/09\/logo-sentinelleSLOGAN-1.png","width":615,"height":142,"caption":"Quotidien La Sentinelle"},"image":{"@id":"https:\/\/lasentinelle.dz\/#\/schema\/logo\/image\/"},"sameAs":["https:\/\/www.facebook.com\/La-Sentinelle-104059864394773"]},{"@type":"Person","@id":"https:\/\/lasentinelle.dz\/#\/schema\/person\/d865044e22e70a75174ce8bcad3acfb3","name":"La Sentinelle","image":{"@type":"ImageObject","inLanguage":"fr-FR","@id":"https:\/\/secure.gravatar.com\/avatar\/57de8e5d4b15d43fb361a71fbb36338450fe67865b528a43dd10ef7c51a20392?s=96&d=mm&r=g","url":"https:\/\/secure.gravatar.com\/avatar\/57de8e5d4b15d43fb361a71fbb36338450fe67865b528a43dd10ef7c51a20392?s=96&d=mm&r=g","contentUrl":"https:\/\/secure.gravatar.com\/avatar\/57de8e5d4b15d43fb361a71fbb36338450fe67865b528a43dd10ef7c51a20392?s=96&d=mm&r=g","caption":"La Sentinelle"},"sameAs":["http:\/\/www.lasentinelle.dz"],"url":"https:\/\/lasentinelle.dz\/author\/redaction\/"}]}},"_links":{"self":[{"href":"https:\/\/lasentinelle.dz\/index.php\/wp-json\/wp\/v2\/posts\/22016","targetHints":{"allow":["GET"]}}],"collection":[{"href":"https:\/\/lasentinelle.dz\/index.php\/wp-json\/wp\/v2\/posts"}],"about":[{"href":"https:\/\/lasentinelle.dz\/index.php\/wp-json\/wp\/v2\/types\/post"}],"author":[{"embeddable":true,"href":"https:\/\/lasentinelle.dz\/index.php\/wp-json\/wp\/v2\/users\/3"}],"replies":[{"embeddable":true,"href":"https:\/\/lasentinelle.dz\/index.php\/wp-json\/wp\/v2\/comments?post=22016"}],"version-history":[{"count":1,"href":"https:\/\/lasentinelle.dz\/index.php\/wp-json\/wp\/v2\/posts\/22016\/revisions"}],"predecessor-version":[{"id":22019,"href":"https:\/\/lasentinelle.dz\/index.php\/wp-json\/wp\/v2\/posts\/22016\/revisions\/22019"}],"wp:featuredmedia":[{"embeddable":true,"href":"https:\/\/lasentinelle.dz\/index.php\/wp-json\/wp\/v2\/media\/22018"}],"wp:attachment":[{"href":"https:\/\/lasentinelle.dz\/index.php\/wp-json\/wp\/v2\/media?parent=22016"}],"wp:term":[{"taxonomy":"category","embeddable":true,"href":"https:\/\/lasentinelle.dz\/index.php\/wp-json\/wp\/v2\/categories?post=22016"},{"taxonomy":"post_tag","embeddable":true,"href":"https:\/\/lasentinelle.dz\/index.php\/wp-json\/wp\/v2\/tags?post=22016"}],"curies":[{"name":"wp","href":"https:\/\/api.w.org\/{rel}","templated":true}]}}