{"id":22020,"date":"2022-06-05T00:01:00","date_gmt":"2022-06-04T23:01:00","guid":{"rendered":"https:\/\/lasentinelle.dz\/?p=22020"},"modified":"2022-06-04T17:34:00","modified_gmt":"2022-06-04T16:34:00","slug":"tebboune-preside-une-reunion-dediee-garantir-le-succes-des-jm-doran","status":"publish","type":"post","link":"https:\/\/lasentinelle.dz\/index.php\/2022\/06\/05\/tebboune-preside-une-reunion-dediee-garantir-le-succes-des-jm-doran\/","title":{"rendered":"Tebboune pr\u00e9side une r\u00e9union d\u00e9di\u00e9e\u00a0: Garantir le succ\u00e8s des JM d\u2019Oran"},"content":{"rendered":"\n<p>Le Pr\u00e9sident de la R\u00e9publique, Abdelmadjid Tebboune,&nbsp;a tenu jeudi une r\u00e9union&nbsp;consacr\u00e9e aux Jeux M\u00e9diterran\u00e9ens-&nbsp;Oran&nbsp;2022. Un rendez-vous sportif majeur devant s\u2019ouvrir le 25 juin et se d\u00e9rouler&nbsp;\u00e0&nbsp;jusqu\u2019au&nbsp;5 juillet&nbsp;prochain, soit lors de la c\u00e9l\u00e9bration du 60e anniversaire&nbsp;de l\u2019ind\u00e9pendance.<\/p>\n\n\n\n<p>Une r\u00e9union qui a \u00e9t\u00e9 marqu\u00e9e par des&nbsp;pr\u00e9sentations&nbsp;et expos\u00e9s&nbsp;des&nbsp;diff\u00e9rents secteurs concern\u00e9s. A l\u2019issue des d\u00e9bats, le&nbsp;Pr\u00e9sident de la R\u00e9publique a insist\u00e9 sur la n\u00e9cessit\u00e9&nbsp;de garantir le&nbsp;\u00absucc\u00e8s de cette manifestation sportive internationale et la hisser \u00e0 la hauteur de l&rsquo;image et de la renomm\u00e9e de l&rsquo;Alg\u00e9rie\u00bb.&nbsp;Le pr\u00e9sident de la R\u00e9publique a, \u00e0 plusieurs fois insist\u00e9 sur la n\u00e9cessit\u00e9 de r\u00e9ussir les Jeux m\u00e9diterran\u00e9ens, destin\u00e9s \u00e0 \u00eatre la vitrine des r\u00e9alisations pass\u00e9es de l\u2019Alg\u00e9rie et de ses avanc\u00e9es dans son processus de refondation. C\u2019est ainsi que le dossier des JM a \u00e9t\u00e9, moult fois, examin\u00e9 en Conseil des ministres, ce qui a permis de rectifier la trajectoire et de pallier aux retards constat\u00e9s dans la gestion du dossier. C\u2019est ainsi que la r\u00e9alisation des infrastructures a \u00e9t\u00e9 retir\u00e9e au minist\u00e8re de la Jeunesse et des sports pour \u00eatre confi\u00e9e au d\u00e9partement de l\u2019Habitat et de l\u2019Urbanisme, de m\u00eame que le pr\u00e9sident de la R\u00e9publique a nomm\u00e9 Abdelaziz Derouaz en tant que Commissaire des JM, il y a quelques mois. Des rectificatifs qui ont permis de pallier aux manquements et de garantir une organisation optimale des Jeux. D\u2019ailleurs, lors de sa derni\u00e8re visite en Alg\u00e9rie, le vice-pr\u00e9sident du Comit\u00e9 international des JM (Cijm), Bernard Amsalem a soulign\u00e9 la volont\u00e9 des pouvoirs publics \u00ab&nbsp;de r\u00e9ussir les JM et donner une tr\u00e8s bonne image de l&rsquo;Alg\u00e9rie&nbsp;\u00bb. Il a \u00e9galement assur\u00e9 que&nbsp;&nbsp;les JM d\u2019Oran \u00ab&nbsp;s&rsquo;annoncent d&rsquo;une grande qualit\u00e9 en mati\u00e8re d&rsquo;organisation&nbsp;\u00bb. Notons que 3.434 athl\u00e8tes issus de 26 pays, prendront part aux JM d\u2019Oran. L&rsquo;Italie se d\u00e9placera avec la plus grande d\u00e9l\u00e9gation, compos\u00e9e de 565 membres (athl\u00e8tes et officiels), sur un total de 5156 participants (officiels inclus) attendus \u00e0 Oran. En attendant, les pr\u00e9paratifs s\u2019intensifient sur le terrain. Hier, les organisateurs ont annonc\u00e9 le&nbsp;renforcement des tribunes amovibles mises en place au niveau du centre des conventions&nbsp;Mohamed-Benahmed d&rsquo;Oran, lors du pr\u00e9c\u00e9dent championnat d\u2019Afrique de judo&nbsp;&nbsp;des nations\u00bb. Ces gradins seront renforc\u00e9s de sorte \u00e0&nbsp;&nbsp;\u00abaccueillir le plus grand nombre de&nbsp;&nbsp;spectateurs, lors de la 19e \u00e9dition des Jeux m\u00e9diterran\u00e9ens\u00bb, a-t-on indiqu\u00e9.&nbsp;<\/p>\n\n\n\n<p><strong>Chokri Hafed<\/strong><\/p>\n","protected":false},"excerpt":{"rendered":"<p>Le Pr\u00e9sident de la R\u00e9publique, Abdelmadjid Tebboune,&nbsp;a tenu jeudi une r\u00e9union&nbsp;consacr\u00e9e aux Jeux M\u00e9diterran\u00e9ens-&nbsp;Oran&nbsp;2022. Un rendez-vous sportif majeur devant s\u2019ouvrir<\/p>\n","protected":false},"author":3,"featured_media":19000,"comment_status":"open","ping_status":"closed","sticky":false,"template":"","format":"standard","meta":{"colormag_page_container_layout":"default_layout","colormag_page_sidebar_layout":"default_layout","om_disable_all_campaigns":false,"_monsterinsights_skip_tracking":false,"_monsterinsights_sitenote_active":false,"_monsterinsights_sitenote_note":"","_monsterinsights_sitenote_category":0,"footnotes":"","_wpscppro_dont_share_socialmedia":false,"_wpscppro_custom_social_share_image":0,"_facebook_share_type":"","_twitter_share_type":"","_linkedin_share_type":"","_pinterest_share_type":"","_linkedin_share_type_page":"","_instagram_share_type":"","_medium_share_type":"","_threads_share_type":"","_google_business_share_type":"","_selected_social_profile":[],"_wpsp_enable_custom_social_template":false,"_wpsp_social_scheduling":{"enabled":false,"datetime":null,"platforms":[],"status":"template_only","dateOption":"today","timeOption":"now","customDays":"","customHours":"","customDate":"","customTime":"","schedulingType":"absolute"},"_wpsp_active_default_template":true},"categories":[33],"tags":[],"class_list":["post-22020","post","type-post","status-publish","format-standard","has-post-thumbnail","hentry","category-sports"],"aioseo_notices":[],"yoast_head":"<!-- This site is optimized with the Yoast SEO plugin v27.5 - https:\/\/yoast.com\/product\/yoast-seo-wordpress\/ -->\n<title>Tebboune pr\u00e9side une r\u00e9union d\u00e9di\u00e9e\u00a0: Garantir le succ\u00e8s des JM d\u2019Oran - La Sentinelle<\/title>\n<meta name=\"robots\" content=\"index, follow, max-snippet:-1, max-image-preview:large, max-video-preview:-1\" \/>\n<link rel=\"canonical\" href=\"https:\/\/lasentinelle.dz\/index.php\/2022\/06\/05\/tebboune-preside-une-reunion-dediee-garantir-le-succes-des-jm-doran\/\" \/>\n<meta property=\"og:locale\" content=\"fr_FR\" \/>\n<meta property=\"og:type\" content=\"article\" \/>\n<meta property=\"og:title\" content=\"Tebboune pr\u00e9side une r\u00e9union d\u00e9di\u00e9e\u00a0: Garantir le succ\u00e8s des JM d\u2019Oran - La Sentinelle\" \/>\n<meta property=\"og:description\" content=\"Le Pr\u00e9sident de la R\u00e9publique, Abdelmadjid Tebboune,&nbsp;a tenu jeudi une r\u00e9union&nbsp;consacr\u00e9e aux Jeux M\u00e9diterran\u00e9ens-&nbsp;Oran&nbsp;2022. Un rendez-vous sportif majeur devant s\u2019ouvrir\" \/>\n<meta property=\"og:url\" content=\"https:\/\/lasentinelle.dz\/index.php\/2022\/06\/05\/tebboune-preside-une-reunion-dediee-garantir-le-succes-des-jm-doran\/\" \/>\n<meta property=\"og:site_name\" content=\"La Sentinelle\" \/>\n<meta property=\"article:publisher\" content=\"https:\/\/www.facebook.com\/La-Sentinelle-104059864394773\" \/>\n<meta property=\"article:published_time\" content=\"2022-06-04T23:01:00+00:00\" \/>\n<meta property=\"og:image\" content=\"https:\/\/lasentinelle.dz\/wp-content\/uploads\/2022\/03\/tebboune-2.png\" \/>\n\t<meta property=\"og:image:width\" content=\"1238\" \/>\n\t<meta property=\"og:image:height\" content=\"900\" \/>\n\t<meta property=\"og:image:type\" content=\"image\/png\" \/>\n<meta name=\"author\" content=\"La Sentinelle\" \/>\n<meta name=\"twitter:card\" content=\"summary_large_image\" \/>\n<meta name=\"twitter:label1\" content=\"\u00c9crit par\" \/>\n\t<meta name=\"twitter:data1\" content=\"La Sentinelle\" \/>\n\t<meta name=\"twitter:label2\" content=\"Dur\u00e9e de lecture estim\u00e9e\" \/>\n\t<meta name=\"twitter:data2\" content=\"3 minutes\" \/>\n<script type=\"application\/ld+json\" class=\"yoast-schema-graph\">{\"@context\":\"https:\\\/\\\/schema.org\",\"@graph\":[{\"@type\":\"Article\",\"@id\":\"https:\\\/\\\/lasentinelle.dz\\\/index.php\\\/2022\\\/06\\\/05\\\/tebboune-preside-une-reunion-dediee-garantir-le-succes-des-jm-doran\\\/#article\",\"isPartOf\":{\"@id\":\"https:\\\/\\\/lasentinelle.dz\\\/index.php\\\/2022\\\/06\\\/05\\\/tebboune-preside-une-reunion-dediee-garantir-le-succes-des-jm-doran\\\/\"},\"author\":{\"name\":\"La Sentinelle\",\"@id\":\"https:\\\/\\\/lasentinelle.dz\\\/#\\\/schema\\\/person\\\/d865044e22e70a75174ce8bcad3acfb3\"},\"headline\":\"Tebboune pr\u00e9side une r\u00e9union d\u00e9di\u00e9e\u00a0: Garantir le succ\u00e8s des JM d\u2019Oran\",\"datePublished\":\"2022-06-04T23:01:00+00:00\",\"mainEntityOfPage\":{\"@id\":\"https:\\\/\\\/lasentinelle.dz\\\/index.php\\\/2022\\\/06\\\/05\\\/tebboune-preside-une-reunion-dediee-garantir-le-succes-des-jm-doran\\\/\"},\"wordCount\":512,\"commentCount\":0,\"publisher\":{\"@id\":\"https:\\\/\\\/lasentinelle.dz\\\/#organization\"},\"image\":{\"@id\":\"https:\\\/\\\/lasentinelle.dz\\\/index.php\\\/2022\\\/06\\\/05\\\/tebboune-preside-une-reunion-dediee-garantir-le-succes-des-jm-doran\\\/#primaryimage\"},\"thumbnailUrl\":\"https:\\\/\\\/lasentinelle.dz\\\/wp-content\\\/uploads\\\/2022\\\/03\\\/tebboune-2.png\",\"articleSection\":[\"Sports\"],\"inLanguage\":\"fr-FR\",\"potentialAction\":[{\"@type\":\"CommentAction\",\"name\":\"Comment\",\"target\":[\"https:\\\/\\\/lasentinelle.dz\\\/index.php\\\/2022\\\/06\\\/05\\\/tebboune-preside-une-reunion-dediee-garantir-le-succes-des-jm-doran\\\/#respond\"]}]},{\"@type\":\"WebPage\",\"@id\":\"https:\\\/\\\/lasentinelle.dz\\\/index.php\\\/2022\\\/06\\\/05\\\/tebboune-preside-une-reunion-dediee-garantir-le-succes-des-jm-doran\\\/\",\"url\":\"https:\\\/\\\/lasentinelle.dz\\\/index.php\\\/2022\\\/06\\\/05\\\/tebboune-preside-une-reunion-dediee-garantir-le-succes-des-jm-doran\\\/\",\"name\":\"Tebboune pr\u00e9side une r\u00e9union d\u00e9di\u00e9e\u00a0: Garantir le succ\u00e8s des JM d\u2019Oran - La Sentinelle\",\"isPartOf\":{\"@id\":\"https:\\\/\\\/lasentinelle.dz\\\/#website\"},\"primaryImageOfPage\":{\"@id\":\"https:\\\/\\\/lasentinelle.dz\\\/index.php\\\/2022\\\/06\\\/05\\\/tebboune-preside-une-reunion-dediee-garantir-le-succes-des-jm-doran\\\/#primaryimage\"},\"image\":{\"@id\":\"https:\\\/\\\/lasentinelle.dz\\\/index.php\\\/2022\\\/06\\\/05\\\/tebboune-preside-une-reunion-dediee-garantir-le-succes-des-jm-doran\\\/#primaryimage\"},\"thumbnailUrl\":\"https:\\\/\\\/lasentinelle.dz\\\/wp-content\\\/uploads\\\/2022\\\/03\\\/tebboune-2.png\",\"datePublished\":\"2022-06-04T23:01:00+00:00\",\"breadcrumb\":{\"@id\":\"https:\\\/\\\/lasentinelle.dz\\\/index.php\\\/2022\\\/06\\\/05\\\/tebboune-preside-une-reunion-dediee-garantir-le-succes-des-jm-doran\\\/#breadcrumb\"},\"inLanguage\":\"fr-FR\",\"potentialAction\":[{\"@type\":\"ReadAction\",\"target\":[\"https:\\\/\\\/lasentinelle.dz\\\/index.php\\\/2022\\\/06\\\/05\\\/tebboune-preside-une-reunion-dediee-garantir-le-succes-des-jm-doran\\\/\"]}]},{\"@type\":\"ImageObject\",\"inLanguage\":\"fr-FR\",\"@id\":\"https:\\\/\\\/lasentinelle.dz\\\/index.php\\\/2022\\\/06\\\/05\\\/tebboune-preside-une-reunion-dediee-garantir-le-succes-des-jm-doran\\\/#primaryimage\",\"url\":\"https:\\\/\\\/lasentinelle.dz\\\/wp-content\\\/uploads\\\/2022\\\/03\\\/tebboune-2.png\",\"contentUrl\":\"https:\\\/\\\/lasentinelle.dz\\\/wp-content\\\/uploads\\\/2022\\\/03\\\/tebboune-2.png\",\"width\":1238,\"height\":900},{\"@type\":\"BreadcrumbList\",\"@id\":\"https:\\\/\\\/lasentinelle.dz\\\/index.php\\\/2022\\\/06\\\/05\\\/tebboune-preside-une-reunion-dediee-garantir-le-succes-des-jm-doran\\\/#breadcrumb\",\"itemListElement\":[{\"@type\":\"ListItem\",\"position\":1,\"name\":\"Accueil\",\"item\":\"https:\\\/\\\/lasentinelle.dz\\\/\"},{\"@type\":\"ListItem\",\"position\":2,\"name\":\"Tebboune pr\u00e9side une r\u00e9union d\u00e9di\u00e9e\u00a0: Garantir le succ\u00e8s des JM d\u2019Oran\"}]},{\"@type\":\"WebSite\",\"@id\":\"https:\\\/\\\/lasentinelle.dz\\\/#website\",\"url\":\"https:\\\/\\\/lasentinelle.dz\\\/\",\"name\":\"La Sentinelle\",\"description\":\"Quotidien national d&#039;information\",\"publisher\":{\"@id\":\"https:\\\/\\\/lasentinelle.dz\\\/#organization\"},\"potentialAction\":[{\"@type\":\"SearchAction\",\"target\":{\"@type\":\"EntryPoint\",\"urlTemplate\":\"https:\\\/\\\/lasentinelle.dz\\\/?s={search_term_string}\"},\"query-input\":{\"@type\":\"PropertyValueSpecification\",\"valueRequired\":true,\"valueName\":\"search_term_string\"}}],\"inLanguage\":\"fr-FR\"},{\"@type\":\"Organization\",\"@id\":\"https:\\\/\\\/lasentinelle.dz\\\/#organization\",\"name\":\"Quotidien La Sentinelle\",\"url\":\"https:\\\/\\\/lasentinelle.dz\\\/\",\"logo\":{\"@type\":\"ImageObject\",\"inLanguage\":\"fr-FR\",\"@id\":\"https:\\\/\\\/lasentinelle.dz\\\/#\\\/schema\\\/logo\\\/image\\\/\",\"url\":\"https:\\\/\\\/lasentinelle.dz\\\/wp-content\\\/uploads\\\/2021\\\/09\\\/logo-sentinelleSLOGAN-1.png\",\"contentUrl\":\"https:\\\/\\\/lasentinelle.dz\\\/wp-content\\\/uploads\\\/2021\\\/09\\\/logo-sentinelleSLOGAN-1.png\",\"width\":615,\"height\":142,\"caption\":\"Quotidien La Sentinelle\"},\"image\":{\"@id\":\"https:\\\/\\\/lasentinelle.dz\\\/#\\\/schema\\\/logo\\\/image\\\/\"},\"sameAs\":[\"https:\\\/\\\/www.facebook.com\\\/La-Sentinelle-104059864394773\"]},{\"@type\":\"Person\",\"@id\":\"https:\\\/\\\/lasentinelle.dz\\\/#\\\/schema\\\/person\\\/d865044e22e70a75174ce8bcad3acfb3\",\"name\":\"La Sentinelle\",\"image\":{\"@type\":\"ImageObject\",\"inLanguage\":\"fr-FR\",\"@id\":\"https:\\\/\\\/secure.gravatar.com\\\/avatar\\\/57de8e5d4b15d43fb361a71fbb36338450fe67865b528a43dd10ef7c51a20392?s=96&d=mm&r=g\",\"url\":\"https:\\\/\\\/secure.gravatar.com\\\/avatar\\\/57de8e5d4b15d43fb361a71fbb36338450fe67865b528a43dd10ef7c51a20392?s=96&d=mm&r=g\",\"contentUrl\":\"https:\\\/\\\/secure.gravatar.com\\\/avatar\\\/57de8e5d4b15d43fb361a71fbb36338450fe67865b528a43dd10ef7c51a20392?s=96&d=mm&r=g\",\"caption\":\"La Sentinelle\"},\"sameAs\":[\"http:\\\/\\\/www.lasentinelle.dz\"],\"url\":\"https:\\\/\\\/lasentinelle.dz\\\/author\\\/redaction\\\/\"}]}<\/script>\n<!-- \/ Yoast SEO plugin. -->","yoast_head_json":{"title":"Tebboune pr\u00e9side une r\u00e9union d\u00e9di\u00e9e\u00a0: Garantir le succ\u00e8s des JM d\u2019Oran - La Sentinelle","robots":{"index":"index","follow":"follow","max-snippet":"max-snippet:-1","max-image-preview":"max-image-preview:large","max-video-preview":"max-video-preview:-1"},"canonical":"https:\/\/lasentinelle.dz\/index.php\/2022\/06\/05\/tebboune-preside-une-reunion-dediee-garantir-le-succes-des-jm-doran\/","og_locale":"fr_FR","og_type":"article","og_title":"Tebboune pr\u00e9side une r\u00e9union d\u00e9di\u00e9e\u00a0: Garantir le succ\u00e8s des JM d\u2019Oran - La Sentinelle","og_description":"Le Pr\u00e9sident de la R\u00e9publique, Abdelmadjid Tebboune,&nbsp;a tenu jeudi une r\u00e9union&nbsp;consacr\u00e9e aux Jeux M\u00e9diterran\u00e9ens-&nbsp;Oran&nbsp;2022. Un rendez-vous sportif majeur devant s\u2019ouvrir","og_url":"https:\/\/lasentinelle.dz\/index.php\/2022\/06\/05\/tebboune-preside-une-reunion-dediee-garantir-le-succes-des-jm-doran\/","og_site_name":"La Sentinelle","article_publisher":"https:\/\/www.facebook.com\/La-Sentinelle-104059864394773","article_published_time":"2022-06-04T23:01:00+00:00","og_image":[{"width":1238,"height":900,"url":"https:\/\/lasentinelle.dz\/wp-content\/uploads\/2022\/03\/tebboune-2.png","type":"image\/png"}],"author":"La Sentinelle","twitter_card":"summary_large_image","twitter_misc":{"\u00c9crit par":"La Sentinelle","Dur\u00e9e de lecture estim\u00e9e":"3 minutes"},"schema":{"@context":"https:\/\/schema.org","@graph":[{"@type":"Article","@id":"https:\/\/lasentinelle.dz\/index.php\/2022\/06\/05\/tebboune-preside-une-reunion-dediee-garantir-le-succes-des-jm-doran\/#article","isPartOf":{"@id":"https:\/\/lasentinelle.dz\/index.php\/2022\/06\/05\/tebboune-preside-une-reunion-dediee-garantir-le-succes-des-jm-doran\/"},"author":{"name":"La Sentinelle","@id":"https:\/\/lasentinelle.dz\/#\/schema\/person\/d865044e22e70a75174ce8bcad3acfb3"},"headline":"Tebboune pr\u00e9side une r\u00e9union d\u00e9di\u00e9e\u00a0: Garantir le succ\u00e8s des JM d\u2019Oran","datePublished":"2022-06-04T23:01:00+00:00","mainEntityOfPage":{"@id":"https:\/\/lasentinelle.dz\/index.php\/2022\/06\/05\/tebboune-preside-une-reunion-dediee-garantir-le-succes-des-jm-doran\/"},"wordCount":512,"commentCount":0,"publisher":{"@id":"https:\/\/lasentinelle.dz\/#organization"},"image":{"@id":"https:\/\/lasentinelle.dz\/index.php\/2022\/06\/05\/tebboune-preside-une-reunion-dediee-garantir-le-succes-des-jm-doran\/#primaryimage"},"thumbnailUrl":"https:\/\/lasentinelle.dz\/wp-content\/uploads\/2022\/03\/tebboune-2.png","articleSection":["Sports"],"inLanguage":"fr-FR","potentialAction":[{"@type":"CommentAction","name":"Comment","target":["https:\/\/lasentinelle.dz\/index.php\/2022\/06\/05\/tebboune-preside-une-reunion-dediee-garantir-le-succes-des-jm-doran\/#respond"]}]},{"@type":"WebPage","@id":"https:\/\/lasentinelle.dz\/index.php\/2022\/06\/05\/tebboune-preside-une-reunion-dediee-garantir-le-succes-des-jm-doran\/","url":"https:\/\/lasentinelle.dz\/index.php\/2022\/06\/05\/tebboune-preside-une-reunion-dediee-garantir-le-succes-des-jm-doran\/","name":"Tebboune pr\u00e9side une r\u00e9union d\u00e9di\u00e9e\u00a0: Garantir le succ\u00e8s des JM d\u2019Oran - La Sentinelle","isPartOf":{"@id":"https:\/\/lasentinelle.dz\/#website"},"primaryImageOfPage":{"@id":"https:\/\/lasentinelle.dz\/index.php\/2022\/06\/05\/tebboune-preside-une-reunion-dediee-garantir-le-succes-des-jm-doran\/#primaryimage"},"image":{"@id":"https:\/\/lasentinelle.dz\/index.php\/2022\/06\/05\/tebboune-preside-une-reunion-dediee-garantir-le-succes-des-jm-doran\/#primaryimage"},"thumbnailUrl":"https:\/\/lasentinelle.dz\/wp-content\/uploads\/2022\/03\/tebboune-2.png","datePublished":"2022-06-04T23:01:00+00:00","breadcrumb":{"@id":"https:\/\/lasentinelle.dz\/index.php\/2022\/06\/05\/tebboune-preside-une-reunion-dediee-garantir-le-succes-des-jm-doran\/#breadcrumb"},"inLanguage":"fr-FR","potentialAction":[{"@type":"ReadAction","target":["https:\/\/lasentinelle.dz\/index.php\/2022\/06\/05\/tebboune-preside-une-reunion-dediee-garantir-le-succes-des-jm-doran\/"]}]},{"@type":"ImageObject","inLanguage":"fr-FR","@id":"https:\/\/lasentinelle.dz\/index.php\/2022\/06\/05\/tebboune-preside-une-reunion-dediee-garantir-le-succes-des-jm-doran\/#primaryimage","url":"https:\/\/lasentinelle.dz\/wp-content\/uploads\/2022\/03\/tebboune-2.png","contentUrl":"https:\/\/lasentinelle.dz\/wp-content\/uploads\/2022\/03\/tebboune-2.png","width":1238,"height":900},{"@type":"BreadcrumbList","@id":"https:\/\/lasentinelle.dz\/index.php\/2022\/06\/05\/tebboune-preside-une-reunion-dediee-garantir-le-succes-des-jm-doran\/#breadcrumb","itemListElement":[{"@type":"ListItem","position":1,"name":"Accueil","item":"https:\/\/lasentinelle.dz\/"},{"@type":"ListItem","position":2,"name":"Tebboune pr\u00e9side une r\u00e9union d\u00e9di\u00e9e\u00a0: Garantir le succ\u00e8s des JM d\u2019Oran"}]},{"@type":"WebSite","@id":"https:\/\/lasentinelle.dz\/#website","url":"https:\/\/lasentinelle.dz\/","name":"La Sentinelle","description":"Quotidien national d&#039;information","publisher":{"@id":"https:\/\/lasentinelle.dz\/#organization"},"potentialAction":[{"@type":"SearchAction","target":{"@type":"EntryPoint","urlTemplate":"https:\/\/lasentinelle.dz\/?s={search_term_string}"},"query-input":{"@type":"PropertyValueSpecification","valueRequired":true,"valueName":"search_term_string"}}],"inLanguage":"fr-FR"},{"@type":"Organization","@id":"https:\/\/lasentinelle.dz\/#organization","name":"Quotidien La Sentinelle","url":"https:\/\/lasentinelle.dz\/","logo":{"@type":"ImageObject","inLanguage":"fr-FR","@id":"https:\/\/lasentinelle.dz\/#\/schema\/logo\/image\/","url":"https:\/\/lasentinelle.dz\/wp-content\/uploads\/2021\/09\/logo-sentinelleSLOGAN-1.png","contentUrl":"https:\/\/lasentinelle.dz\/wp-content\/uploads\/2021\/09\/logo-sentinelleSLOGAN-1.png","width":615,"height":142,"caption":"Quotidien La Sentinelle"},"image":{"@id":"https:\/\/lasentinelle.dz\/#\/schema\/logo\/image\/"},"sameAs":["https:\/\/www.facebook.com\/La-Sentinelle-104059864394773"]},{"@type":"Person","@id":"https:\/\/lasentinelle.dz\/#\/schema\/person\/d865044e22e70a75174ce8bcad3acfb3","name":"La Sentinelle","image":{"@type":"ImageObject","inLanguage":"fr-FR","@id":"https:\/\/secure.gravatar.com\/avatar\/57de8e5d4b15d43fb361a71fbb36338450fe67865b528a43dd10ef7c51a20392?s=96&d=mm&r=g","url":"https:\/\/secure.gravatar.com\/avatar\/57de8e5d4b15d43fb361a71fbb36338450fe67865b528a43dd10ef7c51a20392?s=96&d=mm&r=g","contentUrl":"https:\/\/secure.gravatar.com\/avatar\/57de8e5d4b15d43fb361a71fbb36338450fe67865b528a43dd10ef7c51a20392?s=96&d=mm&r=g","caption":"La Sentinelle"},"sameAs":["http:\/\/www.lasentinelle.dz"],"url":"https:\/\/lasentinelle.dz\/author\/redaction\/"}]}},"_links":{"self":[{"href":"https:\/\/lasentinelle.dz\/index.php\/wp-json\/wp\/v2\/posts\/22020","targetHints":{"allow":["GET"]}}],"collection":[{"href":"https:\/\/lasentinelle.dz\/index.php\/wp-json\/wp\/v2\/posts"}],"about":[{"href":"https:\/\/lasentinelle.dz\/index.php\/wp-json\/wp\/v2\/types\/post"}],"author":[{"embeddable":true,"href":"https:\/\/lasentinelle.dz\/index.php\/wp-json\/wp\/v2\/users\/3"}],"replies":[{"embeddable":true,"href":"https:\/\/lasentinelle.dz\/index.php\/wp-json\/wp\/v2\/comments?post=22020"}],"version-history":[{"count":1,"href":"https:\/\/lasentinelle.dz\/index.php\/wp-json\/wp\/v2\/posts\/22020\/revisions"}],"predecessor-version":[{"id":22021,"href":"https:\/\/lasentinelle.dz\/index.php\/wp-json\/wp\/v2\/posts\/22020\/revisions\/22021"}],"wp:featuredmedia":[{"embeddable":true,"href":"https:\/\/lasentinelle.dz\/index.php\/wp-json\/wp\/v2\/media\/19000"}],"wp:attachment":[{"href":"https:\/\/lasentinelle.dz\/index.php\/wp-json\/wp\/v2\/media?parent=22020"}],"wp:term":[{"taxonomy":"category","embeddable":true,"href":"https:\/\/lasentinelle.dz\/index.php\/wp-json\/wp\/v2\/categories?post=22020"},{"taxonomy":"post_tag","embeddable":true,"href":"https:\/\/lasentinelle.dz\/index.php\/wp-json\/wp\/v2\/tags?post=22020"}],"curies":[{"name":"wp","href":"https:\/\/api.w.org\/{rel}","templated":true}]}}