{"id":22028,"date":"2022-06-05T00:01:00","date_gmt":"2022-06-04T23:01:00","guid":{"rendered":"https:\/\/lasentinelle.dz\/?p=22028"},"modified":"2022-06-04T18:46:17","modified_gmt":"2022-06-04T17:46:17","slug":"centrale-solaire-difni-a-illizi-benattou-aborde-avec-le-dg-de-schlumberger-le-projet","status":"publish","type":"post","link":"https:\/\/lasentinelle.dz\/index.php\/2022\/06\/05\/centrale-solaire-difni-a-illizi-benattou-aborde-avec-le-dg-de-schlumberger-le-projet\/","title":{"rendered":"Centrale solaire d\u2019Ifni \u00e0 Illizi\u00a0:\u00a0Benattou aborde avec le DG de Schlumberger le projet\u00a0"},"content":{"rendered":"\n<p>Le ministre de la Transition Energ\u00e9tique et des Energies renouvelables, Ziane Benattou, a re\u00e7u le Directeur g\u00e9n\u00e9ral de Schlumberger\/Alg\u00e9rie et la Directrice de la communication pour l\u2019Afrique du Nord, avec lesquels il a abord\u00e9 le projet de r\u00e9alisation de la centrale solaire du village d\u2019Ifni \u00e0 Illizi.&nbsp;Initi\u00e9 par les deux parties, ce projet consiste en l\u2019\u00e9lectrification en \u00e9nergie solaire du village d\u2019Ifni, situ\u00e9 \u00e0 160 KM du chef-lieu de la wilaya d\u2019Ilizi, a indiqu\u00e9 un communiqu\u00e9 du minist\u00e8re.\u00a0\u00bbCette op\u00e9ration concerne la r\u00e9alisation d\u2019une mini-centrale solaire alimentant 90 foyers, une \u00e9cole, une mosqu\u00e9e et une \u00e9cole coranique, une salle de soin ainsi que le pompage de l\u2019eau\u00a0\u00bb, affirme la m\u00eame source.&nbsp;Cette rencontre a \u00e9galement port\u00e9 sur l\u2019accompagnement de Schlumberger pour la r\u00e9alisation d\u2019un projet de g\u00e9othermie en Alg\u00e9rie.&nbsp;Dans le cadre du programme de g\u00e9othermie du minist\u00e8re, il a \u00e9t\u00e9 convenu que Schlumberger\/Alg\u00e9rie finance un projet pilote d\u2019un site \u00e0 fort potentiel.&nbsp;&nbsp;A ce titre, le ministre a soulign\u00e9 l\u2019int\u00e9r\u00eat port\u00e9 par son d\u00e9partement minist\u00e9riel, \u00e0 faire r\u00e9ussir le passage vers des \u00e9nergies propres et durables, \u00e0 travers les projets ambitieux et strat\u00e9giques, tout en impliquant le citoyen et la soci\u00e9t\u00e9 civile dans l\u2019\u00e9laboration de la strat\u00e9gie appropri\u00e9e pour la transition \u00e9nerg\u00e9tique.<\/p>\n\n\n\n<p>APS<\/p>\n","protected":false},"excerpt":{"rendered":"<p>Le ministre de la Transition Energ\u00e9tique et des Energies renouvelables, Ziane Benattou, a re\u00e7u le Directeur g\u00e9n\u00e9ral de Schlumberger\/Alg\u00e9rie et<\/p>\n","protected":false},"author":3,"featured_media":22035,"comment_status":"open","ping_status":"closed","sticky":false,"template":"","format":"standard","meta":{"colormag_page_container_layout":"default_layout","colormag_page_sidebar_layout":"default_layout","om_disable_all_campaigns":false,"_monsterinsights_skip_tracking":false,"_monsterinsights_sitenote_active":false,"_monsterinsights_sitenote_note":"","_monsterinsights_sitenote_category":0,"footnotes":"","_wpscppro_dont_share_socialmedia":false,"_wpscppro_custom_social_share_image":0,"_facebook_share_type":"","_twitter_share_type":"","_linkedin_share_type":"","_pinterest_share_type":"","_linkedin_share_type_page":"","_instagram_share_type":"","_medium_share_type":"","_threads_share_type":"","_google_business_share_type":"","_selected_social_profile":[],"_wpsp_enable_custom_social_template":false,"_wpsp_social_scheduling":{"enabled":false,"datetime":null,"platforms":[],"status":"template_only","dateOption":"today","timeOption":"now","customDays":"","customHours":"","customDate":"","customTime":"","schedulingType":"absolute"},"_wpsp_active_default_template":true},"categories":[29],"tags":[],"class_list":["post-22028","post","type-post","status-publish","format-standard","has-post-thumbnail","hentry","category-economie"],"aioseo_notices":[],"yoast_head":"<!-- This site is optimized with the Yoast SEO plugin v27.5 - https:\/\/yoast.com\/product\/yoast-seo-wordpress\/ -->\n<title>Centrale solaire d\u2019Ifni \u00e0 Illizi\u00a0:\u00a0Benattou aborde avec le DG de Schlumberger le projet\u00a0 - La Sentinelle<\/title>\n<meta name=\"robots\" content=\"index, follow, max-snippet:-1, max-image-preview:large, max-video-preview:-1\" \/>\n<link rel=\"canonical\" href=\"https:\/\/lasentinelle.dz\/index.php\/2022\/06\/05\/centrale-solaire-difni-a-illizi-benattou-aborde-avec-le-dg-de-schlumberger-le-projet\/\" \/>\n<meta property=\"og:locale\" content=\"fr_FR\" \/>\n<meta property=\"og:type\" content=\"article\" \/>\n<meta property=\"og:title\" content=\"Centrale solaire d\u2019Ifni \u00e0 Illizi\u00a0:\u00a0Benattou aborde avec le DG de Schlumberger le projet\u00a0 - La Sentinelle\" \/>\n<meta property=\"og:description\" content=\"Le ministre de la Transition Energ\u00e9tique et des Energies renouvelables, Ziane Benattou, a re\u00e7u le Directeur g\u00e9n\u00e9ral de Schlumberger\/Alg\u00e9rie et\" \/>\n<meta property=\"og:url\" content=\"https:\/\/lasentinelle.dz\/index.php\/2022\/06\/05\/centrale-solaire-difni-a-illizi-benattou-aborde-avec-le-dg-de-schlumberger-le-projet\/\" \/>\n<meta property=\"og:site_name\" content=\"La Sentinelle\" \/>\n<meta property=\"article:publisher\" content=\"https:\/\/www.facebook.com\/La-Sentinelle-104059864394773\" \/>\n<meta property=\"article:published_time\" content=\"2022-06-04T23:01:00+00:00\" \/>\n<meta property=\"og:image\" content=\"https:\/\/lasentinelle.dz\/wp-content\/uploads\/2022\/06\/solaire-1.png\" \/>\n\t<meta property=\"og:image:width\" content=\"1465\" \/>\n\t<meta property=\"og:image:height\" content=\"900\" \/>\n\t<meta property=\"og:image:type\" content=\"image\/png\" \/>\n<meta name=\"author\" content=\"La Sentinelle\" \/>\n<meta name=\"twitter:card\" content=\"summary_large_image\" \/>\n<meta name=\"twitter:label1\" content=\"\u00c9crit par\" \/>\n\t<meta name=\"twitter:data1\" content=\"La Sentinelle\" \/>\n\t<meta name=\"twitter:label2\" content=\"Dur\u00e9e de lecture estim\u00e9e\" \/>\n\t<meta name=\"twitter:data2\" content=\"2 minutes\" \/>\n<script type=\"application\/ld+json\" class=\"yoast-schema-graph\">{\"@context\":\"https:\\\/\\\/schema.org\",\"@graph\":[{\"@type\":\"Article\",\"@id\":\"https:\\\/\\\/lasentinelle.dz\\\/index.php\\\/2022\\\/06\\\/05\\\/centrale-solaire-difni-a-illizi-benattou-aborde-avec-le-dg-de-schlumberger-le-projet\\\/#article\",\"isPartOf\":{\"@id\":\"https:\\\/\\\/lasentinelle.dz\\\/index.php\\\/2022\\\/06\\\/05\\\/centrale-solaire-difni-a-illizi-benattou-aborde-avec-le-dg-de-schlumberger-le-projet\\\/\"},\"author\":{\"name\":\"La Sentinelle\",\"@id\":\"https:\\\/\\\/lasentinelle.dz\\\/#\\\/schema\\\/person\\\/d865044e22e70a75174ce8bcad3acfb3\"},\"headline\":\"Centrale solaire d\u2019Ifni \u00e0 Illizi\u00a0:\u00a0Benattou aborde avec le DG de Schlumberger le projet\u00a0\",\"datePublished\":\"2022-06-04T23:01:00+00:00\",\"mainEntityOfPage\":{\"@id\":\"https:\\\/\\\/lasentinelle.dz\\\/index.php\\\/2022\\\/06\\\/05\\\/centrale-solaire-difni-a-illizi-benattou-aborde-avec-le-dg-de-schlumberger-le-projet\\\/\"},\"wordCount\":258,\"commentCount\":0,\"publisher\":{\"@id\":\"https:\\\/\\\/lasentinelle.dz\\\/#organization\"},\"image\":{\"@id\":\"https:\\\/\\\/lasentinelle.dz\\\/index.php\\\/2022\\\/06\\\/05\\\/centrale-solaire-difni-a-illizi-benattou-aborde-avec-le-dg-de-schlumberger-le-projet\\\/#primaryimage\"},\"thumbnailUrl\":\"https:\\\/\\\/lasentinelle.dz\\\/wp-content\\\/uploads\\\/2022\\\/06\\\/solaire-1.png\",\"articleSection\":[\"\u00c9conomie\"],\"inLanguage\":\"fr-FR\",\"potentialAction\":[{\"@type\":\"CommentAction\",\"name\":\"Comment\",\"target\":[\"https:\\\/\\\/lasentinelle.dz\\\/index.php\\\/2022\\\/06\\\/05\\\/centrale-solaire-difni-a-illizi-benattou-aborde-avec-le-dg-de-schlumberger-le-projet\\\/#respond\"]}]},{\"@type\":\"WebPage\",\"@id\":\"https:\\\/\\\/lasentinelle.dz\\\/index.php\\\/2022\\\/06\\\/05\\\/centrale-solaire-difni-a-illizi-benattou-aborde-avec-le-dg-de-schlumberger-le-projet\\\/\",\"url\":\"https:\\\/\\\/lasentinelle.dz\\\/index.php\\\/2022\\\/06\\\/05\\\/centrale-solaire-difni-a-illizi-benattou-aborde-avec-le-dg-de-schlumberger-le-projet\\\/\",\"name\":\"Centrale solaire d\u2019Ifni \u00e0 Illizi\u00a0:\u00a0Benattou aborde avec le DG de Schlumberger le projet\u00a0 - La Sentinelle\",\"isPartOf\":{\"@id\":\"https:\\\/\\\/lasentinelle.dz\\\/#website\"},\"primaryImageOfPage\":{\"@id\":\"https:\\\/\\\/lasentinelle.dz\\\/index.php\\\/2022\\\/06\\\/05\\\/centrale-solaire-difni-a-illizi-benattou-aborde-avec-le-dg-de-schlumberger-le-projet\\\/#primaryimage\"},\"image\":{\"@id\":\"https:\\\/\\\/lasentinelle.dz\\\/index.php\\\/2022\\\/06\\\/05\\\/centrale-solaire-difni-a-illizi-benattou-aborde-avec-le-dg-de-schlumberger-le-projet\\\/#primaryimage\"},\"thumbnailUrl\":\"https:\\\/\\\/lasentinelle.dz\\\/wp-content\\\/uploads\\\/2022\\\/06\\\/solaire-1.png\",\"datePublished\":\"2022-06-04T23:01:00+00:00\",\"breadcrumb\":{\"@id\":\"https:\\\/\\\/lasentinelle.dz\\\/index.php\\\/2022\\\/06\\\/05\\\/centrale-solaire-difni-a-illizi-benattou-aborde-avec-le-dg-de-schlumberger-le-projet\\\/#breadcrumb\"},\"inLanguage\":\"fr-FR\",\"potentialAction\":[{\"@type\":\"ReadAction\",\"target\":[\"https:\\\/\\\/lasentinelle.dz\\\/index.php\\\/2022\\\/06\\\/05\\\/centrale-solaire-difni-a-illizi-benattou-aborde-avec-le-dg-de-schlumberger-le-projet\\\/\"]}]},{\"@type\":\"ImageObject\",\"inLanguage\":\"fr-FR\",\"@id\":\"https:\\\/\\\/lasentinelle.dz\\\/index.php\\\/2022\\\/06\\\/05\\\/centrale-solaire-difni-a-illizi-benattou-aborde-avec-le-dg-de-schlumberger-le-projet\\\/#primaryimage\",\"url\":\"https:\\\/\\\/lasentinelle.dz\\\/wp-content\\\/uploads\\\/2022\\\/06\\\/solaire-1.png\",\"contentUrl\":\"https:\\\/\\\/lasentinelle.dz\\\/wp-content\\\/uploads\\\/2022\\\/06\\\/solaire-1.png\",\"width\":1465,\"height\":900},{\"@type\":\"BreadcrumbList\",\"@id\":\"https:\\\/\\\/lasentinelle.dz\\\/index.php\\\/2022\\\/06\\\/05\\\/centrale-solaire-difni-a-illizi-benattou-aborde-avec-le-dg-de-schlumberger-le-projet\\\/#breadcrumb\",\"itemListElement\":[{\"@type\":\"ListItem\",\"position\":1,\"name\":\"Accueil\",\"item\":\"https:\\\/\\\/lasentinelle.dz\\\/\"},{\"@type\":\"ListItem\",\"position\":2,\"name\":\"Centrale solaire d\u2019Ifni \u00e0 Illizi\u00a0:\u00a0Benattou aborde avec le DG de Schlumberger le projet\u00a0\"}]},{\"@type\":\"WebSite\",\"@id\":\"https:\\\/\\\/lasentinelle.dz\\\/#website\",\"url\":\"https:\\\/\\\/lasentinelle.dz\\\/\",\"name\":\"La Sentinelle\",\"description\":\"Quotidien national d&#039;information\",\"publisher\":{\"@id\":\"https:\\\/\\\/lasentinelle.dz\\\/#organization\"},\"potentialAction\":[{\"@type\":\"SearchAction\",\"target\":{\"@type\":\"EntryPoint\",\"urlTemplate\":\"https:\\\/\\\/lasentinelle.dz\\\/?s={search_term_string}\"},\"query-input\":{\"@type\":\"PropertyValueSpecification\",\"valueRequired\":true,\"valueName\":\"search_term_string\"}}],\"inLanguage\":\"fr-FR\"},{\"@type\":\"Organization\",\"@id\":\"https:\\\/\\\/lasentinelle.dz\\\/#organization\",\"name\":\"Quotidien La Sentinelle\",\"url\":\"https:\\\/\\\/lasentinelle.dz\\\/\",\"logo\":{\"@type\":\"ImageObject\",\"inLanguage\":\"fr-FR\",\"@id\":\"https:\\\/\\\/lasentinelle.dz\\\/#\\\/schema\\\/logo\\\/image\\\/\",\"url\":\"https:\\\/\\\/lasentinelle.dz\\\/wp-content\\\/uploads\\\/2021\\\/09\\\/logo-sentinelleSLOGAN-1.png\",\"contentUrl\":\"https:\\\/\\\/lasentinelle.dz\\\/wp-content\\\/uploads\\\/2021\\\/09\\\/logo-sentinelleSLOGAN-1.png\",\"width\":615,\"height\":142,\"caption\":\"Quotidien La Sentinelle\"},\"image\":{\"@id\":\"https:\\\/\\\/lasentinelle.dz\\\/#\\\/schema\\\/logo\\\/image\\\/\"},\"sameAs\":[\"https:\\\/\\\/www.facebook.com\\\/La-Sentinelle-104059864394773\"]},{\"@type\":\"Person\",\"@id\":\"https:\\\/\\\/lasentinelle.dz\\\/#\\\/schema\\\/person\\\/d865044e22e70a75174ce8bcad3acfb3\",\"name\":\"La Sentinelle\",\"image\":{\"@type\":\"ImageObject\",\"inLanguage\":\"fr-FR\",\"@id\":\"https:\\\/\\\/secure.gravatar.com\\\/avatar\\\/57de8e5d4b15d43fb361a71fbb36338450fe67865b528a43dd10ef7c51a20392?s=96&d=mm&r=g\",\"url\":\"https:\\\/\\\/secure.gravatar.com\\\/avatar\\\/57de8e5d4b15d43fb361a71fbb36338450fe67865b528a43dd10ef7c51a20392?s=96&d=mm&r=g\",\"contentUrl\":\"https:\\\/\\\/secure.gravatar.com\\\/avatar\\\/57de8e5d4b15d43fb361a71fbb36338450fe67865b528a43dd10ef7c51a20392?s=96&d=mm&r=g\",\"caption\":\"La Sentinelle\"},\"sameAs\":[\"http:\\\/\\\/www.lasentinelle.dz\"],\"url\":\"https:\\\/\\\/lasentinelle.dz\\\/author\\\/redaction\\\/\"}]}<\/script>\n<!-- \/ Yoast SEO plugin. -->","yoast_head_json":{"title":"Centrale solaire d\u2019Ifni \u00e0 Illizi\u00a0:\u00a0Benattou aborde avec le DG de Schlumberger le projet\u00a0 - La Sentinelle","robots":{"index":"index","follow":"follow","max-snippet":"max-snippet:-1","max-image-preview":"max-image-preview:large","max-video-preview":"max-video-preview:-1"},"canonical":"https:\/\/lasentinelle.dz\/index.php\/2022\/06\/05\/centrale-solaire-difni-a-illizi-benattou-aborde-avec-le-dg-de-schlumberger-le-projet\/","og_locale":"fr_FR","og_type":"article","og_title":"Centrale solaire d\u2019Ifni \u00e0 Illizi\u00a0:\u00a0Benattou aborde avec le DG de Schlumberger le projet\u00a0 - La Sentinelle","og_description":"Le ministre de la Transition Energ\u00e9tique et des Energies renouvelables, Ziane Benattou, a re\u00e7u le Directeur g\u00e9n\u00e9ral de Schlumberger\/Alg\u00e9rie et","og_url":"https:\/\/lasentinelle.dz\/index.php\/2022\/06\/05\/centrale-solaire-difni-a-illizi-benattou-aborde-avec-le-dg-de-schlumberger-le-projet\/","og_site_name":"La Sentinelle","article_publisher":"https:\/\/www.facebook.com\/La-Sentinelle-104059864394773","article_published_time":"2022-06-04T23:01:00+00:00","og_image":[{"width":1465,"height":900,"url":"https:\/\/lasentinelle.dz\/wp-content\/uploads\/2022\/06\/solaire-1.png","type":"image\/png"}],"author":"La Sentinelle","twitter_card":"summary_large_image","twitter_misc":{"\u00c9crit par":"La Sentinelle","Dur\u00e9e de lecture estim\u00e9e":"2 minutes"},"schema":{"@context":"https:\/\/schema.org","@graph":[{"@type":"Article","@id":"https:\/\/lasentinelle.dz\/index.php\/2022\/06\/05\/centrale-solaire-difni-a-illizi-benattou-aborde-avec-le-dg-de-schlumberger-le-projet\/#article","isPartOf":{"@id":"https:\/\/lasentinelle.dz\/index.php\/2022\/06\/05\/centrale-solaire-difni-a-illizi-benattou-aborde-avec-le-dg-de-schlumberger-le-projet\/"},"author":{"name":"La Sentinelle","@id":"https:\/\/lasentinelle.dz\/#\/schema\/person\/d865044e22e70a75174ce8bcad3acfb3"},"headline":"Centrale solaire d\u2019Ifni \u00e0 Illizi\u00a0:\u00a0Benattou aborde avec le DG de Schlumberger le projet\u00a0","datePublished":"2022-06-04T23:01:00+00:00","mainEntityOfPage":{"@id":"https:\/\/lasentinelle.dz\/index.php\/2022\/06\/05\/centrale-solaire-difni-a-illizi-benattou-aborde-avec-le-dg-de-schlumberger-le-projet\/"},"wordCount":258,"commentCount":0,"publisher":{"@id":"https:\/\/lasentinelle.dz\/#organization"},"image":{"@id":"https:\/\/lasentinelle.dz\/index.php\/2022\/06\/05\/centrale-solaire-difni-a-illizi-benattou-aborde-avec-le-dg-de-schlumberger-le-projet\/#primaryimage"},"thumbnailUrl":"https:\/\/lasentinelle.dz\/wp-content\/uploads\/2022\/06\/solaire-1.png","articleSection":["\u00c9conomie"],"inLanguage":"fr-FR","potentialAction":[{"@type":"CommentAction","name":"Comment","target":["https:\/\/lasentinelle.dz\/index.php\/2022\/06\/05\/centrale-solaire-difni-a-illizi-benattou-aborde-avec-le-dg-de-schlumberger-le-projet\/#respond"]}]},{"@type":"WebPage","@id":"https:\/\/lasentinelle.dz\/index.php\/2022\/06\/05\/centrale-solaire-difni-a-illizi-benattou-aborde-avec-le-dg-de-schlumberger-le-projet\/","url":"https:\/\/lasentinelle.dz\/index.php\/2022\/06\/05\/centrale-solaire-difni-a-illizi-benattou-aborde-avec-le-dg-de-schlumberger-le-projet\/","name":"Centrale solaire d\u2019Ifni \u00e0 Illizi\u00a0:\u00a0Benattou aborde avec le DG de Schlumberger le projet\u00a0 - La Sentinelle","isPartOf":{"@id":"https:\/\/lasentinelle.dz\/#website"},"primaryImageOfPage":{"@id":"https:\/\/lasentinelle.dz\/index.php\/2022\/06\/05\/centrale-solaire-difni-a-illizi-benattou-aborde-avec-le-dg-de-schlumberger-le-projet\/#primaryimage"},"image":{"@id":"https:\/\/lasentinelle.dz\/index.php\/2022\/06\/05\/centrale-solaire-difni-a-illizi-benattou-aborde-avec-le-dg-de-schlumberger-le-projet\/#primaryimage"},"thumbnailUrl":"https:\/\/lasentinelle.dz\/wp-content\/uploads\/2022\/06\/solaire-1.png","datePublished":"2022-06-04T23:01:00+00:00","breadcrumb":{"@id":"https:\/\/lasentinelle.dz\/index.php\/2022\/06\/05\/centrale-solaire-difni-a-illizi-benattou-aborde-avec-le-dg-de-schlumberger-le-projet\/#breadcrumb"},"inLanguage":"fr-FR","potentialAction":[{"@type":"ReadAction","target":["https:\/\/lasentinelle.dz\/index.php\/2022\/06\/05\/centrale-solaire-difni-a-illizi-benattou-aborde-avec-le-dg-de-schlumberger-le-projet\/"]}]},{"@type":"ImageObject","inLanguage":"fr-FR","@id":"https:\/\/lasentinelle.dz\/index.php\/2022\/06\/05\/centrale-solaire-difni-a-illizi-benattou-aborde-avec-le-dg-de-schlumberger-le-projet\/#primaryimage","url":"https:\/\/lasentinelle.dz\/wp-content\/uploads\/2022\/06\/solaire-1.png","contentUrl":"https:\/\/lasentinelle.dz\/wp-content\/uploads\/2022\/06\/solaire-1.png","width":1465,"height":900},{"@type":"BreadcrumbList","@id":"https:\/\/lasentinelle.dz\/index.php\/2022\/06\/05\/centrale-solaire-difni-a-illizi-benattou-aborde-avec-le-dg-de-schlumberger-le-projet\/#breadcrumb","itemListElement":[{"@type":"ListItem","position":1,"name":"Accueil","item":"https:\/\/lasentinelle.dz\/"},{"@type":"ListItem","position":2,"name":"Centrale solaire d\u2019Ifni \u00e0 Illizi\u00a0:\u00a0Benattou aborde avec le DG de Schlumberger le projet\u00a0"}]},{"@type":"WebSite","@id":"https:\/\/lasentinelle.dz\/#website","url":"https:\/\/lasentinelle.dz\/","name":"La Sentinelle","description":"Quotidien national d&#039;information","publisher":{"@id":"https:\/\/lasentinelle.dz\/#organization"},"potentialAction":[{"@type":"SearchAction","target":{"@type":"EntryPoint","urlTemplate":"https:\/\/lasentinelle.dz\/?s={search_term_string}"},"query-input":{"@type":"PropertyValueSpecification","valueRequired":true,"valueName":"search_term_string"}}],"inLanguage":"fr-FR"},{"@type":"Organization","@id":"https:\/\/lasentinelle.dz\/#organization","name":"Quotidien La Sentinelle","url":"https:\/\/lasentinelle.dz\/","logo":{"@type":"ImageObject","inLanguage":"fr-FR","@id":"https:\/\/lasentinelle.dz\/#\/schema\/logo\/image\/","url":"https:\/\/lasentinelle.dz\/wp-content\/uploads\/2021\/09\/logo-sentinelleSLOGAN-1.png","contentUrl":"https:\/\/lasentinelle.dz\/wp-content\/uploads\/2021\/09\/logo-sentinelleSLOGAN-1.png","width":615,"height":142,"caption":"Quotidien La Sentinelle"},"image":{"@id":"https:\/\/lasentinelle.dz\/#\/schema\/logo\/image\/"},"sameAs":["https:\/\/www.facebook.com\/La-Sentinelle-104059864394773"]},{"@type":"Person","@id":"https:\/\/lasentinelle.dz\/#\/schema\/person\/d865044e22e70a75174ce8bcad3acfb3","name":"La Sentinelle","image":{"@type":"ImageObject","inLanguage":"fr-FR","@id":"https:\/\/secure.gravatar.com\/avatar\/57de8e5d4b15d43fb361a71fbb36338450fe67865b528a43dd10ef7c51a20392?s=96&d=mm&r=g","url":"https:\/\/secure.gravatar.com\/avatar\/57de8e5d4b15d43fb361a71fbb36338450fe67865b528a43dd10ef7c51a20392?s=96&d=mm&r=g","contentUrl":"https:\/\/secure.gravatar.com\/avatar\/57de8e5d4b15d43fb361a71fbb36338450fe67865b528a43dd10ef7c51a20392?s=96&d=mm&r=g","caption":"La Sentinelle"},"sameAs":["http:\/\/www.lasentinelle.dz"],"url":"https:\/\/lasentinelle.dz\/author\/redaction\/"}]}},"_links":{"self":[{"href":"https:\/\/lasentinelle.dz\/index.php\/wp-json\/wp\/v2\/posts\/22028","targetHints":{"allow":["GET"]}}],"collection":[{"href":"https:\/\/lasentinelle.dz\/index.php\/wp-json\/wp\/v2\/posts"}],"about":[{"href":"https:\/\/lasentinelle.dz\/index.php\/wp-json\/wp\/v2\/types\/post"}],"author":[{"embeddable":true,"href":"https:\/\/lasentinelle.dz\/index.php\/wp-json\/wp\/v2\/users\/3"}],"replies":[{"embeddable":true,"href":"https:\/\/lasentinelle.dz\/index.php\/wp-json\/wp\/v2\/comments?post=22028"}],"version-history":[{"count":1,"href":"https:\/\/lasentinelle.dz\/index.php\/wp-json\/wp\/v2\/posts\/22028\/revisions"}],"predecessor-version":[{"id":22037,"href":"https:\/\/lasentinelle.dz\/index.php\/wp-json\/wp\/v2\/posts\/22028\/revisions\/22037"}],"wp:featuredmedia":[{"embeddable":true,"href":"https:\/\/lasentinelle.dz\/index.php\/wp-json\/wp\/v2\/media\/22035"}],"wp:attachment":[{"href":"https:\/\/lasentinelle.dz\/index.php\/wp-json\/wp\/v2\/media?parent=22028"}],"wp:term":[{"taxonomy":"category","embeddable":true,"href":"https:\/\/lasentinelle.dz\/index.php\/wp-json\/wp\/v2\/categories?post=22028"},{"taxonomy":"post_tag","embeddable":true,"href":"https:\/\/lasentinelle.dz\/index.php\/wp-json\/wp\/v2\/tags?post=22028"}],"curies":[{"name":"wp","href":"https:\/\/api.w.org\/{rel}","templated":true}]}}