{"id":22040,"date":"2022-06-05T00:01:00","date_gmt":"2022-06-04T23:01:00","guid":{"rendered":"https:\/\/lasentinelle.dz\/?p=22040"},"modified":"2022-06-04T18:57:12","modified_gmt":"2022-06-04T17:57:12","slug":"conference-stockholm-50-lurgence-dune-transformation-environnementale-et-economique","status":"publish","type":"post","link":"https:\/\/lasentinelle.dz\/index.php\/2022\/06\/05\/conference-stockholm-50-lurgence-dune-transformation-environnementale-et-economique\/","title":{"rendered":"Conf\u00e9rence Stockholm 50\u00a0: L\u2019urgence d\u2019une transformation environnementale et \u00e9conomique"},"content":{"rendered":"\n<p>La communaut\u00e9 internationale doit v\u00e9ritablement s\u2019engager pour r\u00e9pondre de toute urgence aux&nbsp;&nbsp;pr\u00e9occupations environnementales mondiales et pour une transition juste vers des \u00e9conomies durables qui profitent \u00e0 tous. L\u2019appel vient d\u2019\u00eatre lanc\u00e9 par les participants \u00e0 la rencontre Stockholm 50 qui ont dans leur d\u00e9claration finale \u00e0 l\u2019issue de la rencontre de deux&nbsp;jours&nbsp;tenue les 2 et 3 du mois de juin en cours \u00e9mis des recommandations tir\u00e9es des propositions des Etats membres et des parties prenantes lors des pl\u00e9ni\u00e8res de la r\u00e9union et des dialogues de leadership.<\/p>\n\n\n\n<p>Aussi, ces derni\u00e8res s\u2019ouvrent avec un appel pour la mise en place d\u2019un programme d&rsquo;action qui, pr\u00e9cisent-ils,&nbsp;&nbsp;place le bien-\u00eatre humain au centre&nbsp;&nbsp;d&rsquo;une plan\u00e8te saine et de la prosp\u00e9rit\u00e9 pour tous. Un objectif qui passe par le pr\u00e9alable d\u2019assurer l\u2019acc\u00e8s au droit \u00e0 un environnement propre, sain et durable via l\u2019adoption de changements syst\u00e9matiques dans le fonctionnement du syst\u00e8me \u00e9conomique actuel et l\u2019acc\u00e9l\u00e9ration des transformations des secteurs \u00e0 fort impact. Des recommandations r\u00e9it\u00e9r\u00e9es, dans son discours de cl\u00f4ture, par la ministre su\u00e9doise du climat et de l&rsquo;environnement, Annika Strandh qui s\u2019est f\u00e9licit\u00e9 de la dotation de la communaut\u00e9 internationale d\u2019un&nbsp;&nbsp;plan d&rsquo;acc\u00e9l\u00e9ration pour aller plus loin\u00a0\u00bb avant de d\u00e9clarer que \u00ab\u00a0Stockholm+50 a \u00e9t\u00e9 une \u00e9tape importante sur notre chemin vers une plan\u00e8te saine pour tous, ne laissant personne de c\u00f4t\u00e9\u00a0\u00bb.<\/p>\n\n\n\n<p>De son c\u00f4t\u00e9, le secr\u00e9taire de Cabinet charg\u00e9 de l&rsquo;Environnement au Kenya, Keriako Tobiko dira que \u00ab\u00a0la vari\u00e9t\u00e9 des messages audacieux qui ont \u00e9merg\u00e9 de ces deux jours d\u00e9montrent un r\u00e9el d\u00e9sir d&rsquo;\u00eatre \u00e0 la hauteur du potentiel de cette rencontre et de construire un avenir pour nos enfants et petits-enfants sur cette seule plan\u00e8te\u00a0\u00bb. \u00ab\u00a0Nous sommes venus \u00e0 Stockholm 50 ans apr\u00e8s la Conf\u00e9rence des Nations Unies sur l&rsquo;environnement humain en sachant que quelque chose doit changer. Sachant que si nous ne changeons pas, la triple crise plan\u00e9taire du changement climatique, de la perte de la nature et de la biodiversit\u00e9, de la pollution et des d\u00e9chets ne fera que s&rsquo;acc\u00e9l\u00e9rer\u00a0\u00bb, a pour sa part, affirm\u00e9 Mme Inger Andersen, Secr\u00e9taire g\u00e9n\u00e9rale de Stockholm+50 et Directrice ex\u00e9cutive du Programme des Nations Unies pour l&rsquo;environnement, pour qui il est du devoir de tous de \u00ab faire progresser cette \u00e9nergie, cet engagement \u00e0 agir pour fa\u00e7onner notre monde \u00bb.&nbsp;A rappeler enfin que l\u2019Alg\u00e9rie qui a \u00e9t\u00e9 repr\u00e9sent\u00e9e par le premier ministre M, Aymene Benabderrahmane, a pr\u00e9sent\u00e9 ses d\u00e9marches, les efforts consentis, et ses strat\u00e9gies nationales face aux changements climatiques et leurs r\u00e9percussions n\u00e9gatives.&nbsp;<\/p>\n\n\n\n<p><strong>Kamel Nait Ameur<\/strong><\/p>\n","protected":false},"excerpt":{"rendered":"<p>La communaut\u00e9 internationale doit v\u00e9ritablement s\u2019engager pour r\u00e9pondre de toute urgence aux&nbsp;&nbsp;pr\u00e9occupations environnementales mondiales et pour une transition juste vers<\/p>\n","protected":false},"author":3,"featured_media":22045,"comment_status":"open","ping_status":"closed","sticky":false,"template":"","format":"standard","meta":{"colormag_page_container_layout":"default_layout","colormag_page_sidebar_layout":"default_layout","om_disable_all_campaigns":false,"_monsterinsights_skip_tracking":false,"_monsterinsights_sitenote_active":false,"_monsterinsights_sitenote_note":"","_monsterinsights_sitenote_category":0,"footnotes":"","_wpscppro_dont_share_socialmedia":false,"_wpscppro_custom_social_share_image":0,"_facebook_share_type":"","_twitter_share_type":"","_linkedin_share_type":"","_pinterest_share_type":"","_linkedin_share_type_page":"","_instagram_share_type":"","_medium_share_type":"","_threads_share_type":"","_google_business_share_type":"","_selected_social_profile":[],"_wpsp_enable_custom_social_template":false,"_wpsp_social_scheduling":{"enabled":false,"datetime":null,"platforms":[],"status":"template_only","dateOption":"today","timeOption":"now","customDays":"","customHours":"","customDate":"","customTime":"","schedulingType":"absolute"},"_wpsp_active_default_template":true},"categories":[27],"tags":[],"class_list":["post-22040","post","type-post","status-publish","format-standard","has-post-thumbnail","hentry","category-actualite"],"aioseo_notices":[],"yoast_head":"<!-- This site is optimized with the Yoast SEO plugin v27.5 - https:\/\/yoast.com\/product\/yoast-seo-wordpress\/ -->\n<title>Conf\u00e9rence Stockholm 50\u00a0: L\u2019urgence d\u2019une transformation environnementale et \u00e9conomique - La Sentinelle<\/title>\n<meta name=\"robots\" content=\"index, follow, max-snippet:-1, max-image-preview:large, max-video-preview:-1\" \/>\n<link rel=\"canonical\" href=\"https:\/\/lasentinelle.dz\/index.php\/2022\/06\/05\/conference-stockholm-50-lurgence-dune-transformation-environnementale-et-economique\/\" \/>\n<meta property=\"og:locale\" content=\"fr_FR\" \/>\n<meta property=\"og:type\" content=\"article\" \/>\n<meta property=\"og:title\" content=\"Conf\u00e9rence Stockholm 50\u00a0: L\u2019urgence d\u2019une transformation environnementale et \u00e9conomique - La Sentinelle\" \/>\n<meta property=\"og:description\" content=\"La communaut\u00e9 internationale doit v\u00e9ritablement s\u2019engager pour r\u00e9pondre de toute urgence aux&nbsp;&nbsp;pr\u00e9occupations environnementales mondiales et pour une transition juste vers\" \/>\n<meta property=\"og:url\" content=\"https:\/\/lasentinelle.dz\/index.php\/2022\/06\/05\/conference-stockholm-50-lurgence-dune-transformation-environnementale-et-economique\/\" \/>\n<meta property=\"og:site_name\" content=\"La Sentinelle\" \/>\n<meta property=\"article:publisher\" content=\"https:\/\/www.facebook.com\/La-Sentinelle-104059864394773\" \/>\n<meta property=\"article:published_time\" content=\"2022-06-04T23:01:00+00:00\" \/>\n<meta property=\"og:image\" content=\"https:\/\/lasentinelle.dz\/wp-content\/uploads\/2022\/06\/banner_image.png\" \/>\n\t<meta property=\"og:image:width\" content=\"1600\" \/>\n\t<meta property=\"og:image:height\" content=\"900\" \/>\n\t<meta property=\"og:image:type\" content=\"image\/png\" \/>\n<meta name=\"author\" content=\"La Sentinelle\" \/>\n<meta name=\"twitter:card\" content=\"summary_large_image\" \/>\n<meta name=\"twitter:label1\" content=\"\u00c9crit par\" \/>\n\t<meta name=\"twitter:data1\" content=\"La Sentinelle\" \/>\n\t<meta name=\"twitter:label2\" content=\"Dur\u00e9e de lecture estim\u00e9e\" \/>\n\t<meta name=\"twitter:data2\" content=\"3 minutes\" \/>\n<script type=\"application\/ld+json\" class=\"yoast-schema-graph\">{\"@context\":\"https:\\\/\\\/schema.org\",\"@graph\":[{\"@type\":\"Article\",\"@id\":\"https:\\\/\\\/lasentinelle.dz\\\/index.php\\\/2022\\\/06\\\/05\\\/conference-stockholm-50-lurgence-dune-transformation-environnementale-et-economique\\\/#article\",\"isPartOf\":{\"@id\":\"https:\\\/\\\/lasentinelle.dz\\\/index.php\\\/2022\\\/06\\\/05\\\/conference-stockholm-50-lurgence-dune-transformation-environnementale-et-economique\\\/\"},\"author\":{\"name\":\"La Sentinelle\",\"@id\":\"https:\\\/\\\/lasentinelle.dz\\\/#\\\/schema\\\/person\\\/d865044e22e70a75174ce8bcad3acfb3\"},\"headline\":\"Conf\u00e9rence Stockholm 50\u00a0: L\u2019urgence d\u2019une transformation environnementale et \u00e9conomique\",\"datePublished\":\"2022-06-04T23:01:00+00:00\",\"mainEntityOfPage\":{\"@id\":\"https:\\\/\\\/lasentinelle.dz\\\/index.php\\\/2022\\\/06\\\/05\\\/conference-stockholm-50-lurgence-dune-transformation-environnementale-et-economique\\\/\"},\"wordCount\":502,\"commentCount\":0,\"publisher\":{\"@id\":\"https:\\\/\\\/lasentinelle.dz\\\/#organization\"},\"image\":{\"@id\":\"https:\\\/\\\/lasentinelle.dz\\\/index.php\\\/2022\\\/06\\\/05\\\/conference-stockholm-50-lurgence-dune-transformation-environnementale-et-economique\\\/#primaryimage\"},\"thumbnailUrl\":\"https:\\\/\\\/lasentinelle.dz\\\/wp-content\\\/uploads\\\/2022\\\/06\\\/banner_image.png\",\"articleSection\":[\"Actualit\u00e9\"],\"inLanguage\":\"fr-FR\",\"potentialAction\":[{\"@type\":\"CommentAction\",\"name\":\"Comment\",\"target\":[\"https:\\\/\\\/lasentinelle.dz\\\/index.php\\\/2022\\\/06\\\/05\\\/conference-stockholm-50-lurgence-dune-transformation-environnementale-et-economique\\\/#respond\"]}]},{\"@type\":\"WebPage\",\"@id\":\"https:\\\/\\\/lasentinelle.dz\\\/index.php\\\/2022\\\/06\\\/05\\\/conference-stockholm-50-lurgence-dune-transformation-environnementale-et-economique\\\/\",\"url\":\"https:\\\/\\\/lasentinelle.dz\\\/index.php\\\/2022\\\/06\\\/05\\\/conference-stockholm-50-lurgence-dune-transformation-environnementale-et-economique\\\/\",\"name\":\"Conf\u00e9rence Stockholm 50\u00a0: L\u2019urgence d\u2019une transformation environnementale et \u00e9conomique - La Sentinelle\",\"isPartOf\":{\"@id\":\"https:\\\/\\\/lasentinelle.dz\\\/#website\"},\"primaryImageOfPage\":{\"@id\":\"https:\\\/\\\/lasentinelle.dz\\\/index.php\\\/2022\\\/06\\\/05\\\/conference-stockholm-50-lurgence-dune-transformation-environnementale-et-economique\\\/#primaryimage\"},\"image\":{\"@id\":\"https:\\\/\\\/lasentinelle.dz\\\/index.php\\\/2022\\\/06\\\/05\\\/conference-stockholm-50-lurgence-dune-transformation-environnementale-et-economique\\\/#primaryimage\"},\"thumbnailUrl\":\"https:\\\/\\\/lasentinelle.dz\\\/wp-content\\\/uploads\\\/2022\\\/06\\\/banner_image.png\",\"datePublished\":\"2022-06-04T23:01:00+00:00\",\"breadcrumb\":{\"@id\":\"https:\\\/\\\/lasentinelle.dz\\\/index.php\\\/2022\\\/06\\\/05\\\/conference-stockholm-50-lurgence-dune-transformation-environnementale-et-economique\\\/#breadcrumb\"},\"inLanguage\":\"fr-FR\",\"potentialAction\":[{\"@type\":\"ReadAction\",\"target\":[\"https:\\\/\\\/lasentinelle.dz\\\/index.php\\\/2022\\\/06\\\/05\\\/conference-stockholm-50-lurgence-dune-transformation-environnementale-et-economique\\\/\"]}]},{\"@type\":\"ImageObject\",\"inLanguage\":\"fr-FR\",\"@id\":\"https:\\\/\\\/lasentinelle.dz\\\/index.php\\\/2022\\\/06\\\/05\\\/conference-stockholm-50-lurgence-dune-transformation-environnementale-et-economique\\\/#primaryimage\",\"url\":\"https:\\\/\\\/lasentinelle.dz\\\/wp-content\\\/uploads\\\/2022\\\/06\\\/banner_image.png\",\"contentUrl\":\"https:\\\/\\\/lasentinelle.dz\\\/wp-content\\\/uploads\\\/2022\\\/06\\\/banner_image.png\",\"width\":1600,\"height\":900},{\"@type\":\"BreadcrumbList\",\"@id\":\"https:\\\/\\\/lasentinelle.dz\\\/index.php\\\/2022\\\/06\\\/05\\\/conference-stockholm-50-lurgence-dune-transformation-environnementale-et-economique\\\/#breadcrumb\",\"itemListElement\":[{\"@type\":\"ListItem\",\"position\":1,\"name\":\"Accueil\",\"item\":\"https:\\\/\\\/lasentinelle.dz\\\/\"},{\"@type\":\"ListItem\",\"position\":2,\"name\":\"Conf\u00e9rence Stockholm 50\u00a0: L\u2019urgence d\u2019une transformation environnementale et \u00e9conomique\"}]},{\"@type\":\"WebSite\",\"@id\":\"https:\\\/\\\/lasentinelle.dz\\\/#website\",\"url\":\"https:\\\/\\\/lasentinelle.dz\\\/\",\"name\":\"La Sentinelle\",\"description\":\"Quotidien national d&#039;information\",\"publisher\":{\"@id\":\"https:\\\/\\\/lasentinelle.dz\\\/#organization\"},\"potentialAction\":[{\"@type\":\"SearchAction\",\"target\":{\"@type\":\"EntryPoint\",\"urlTemplate\":\"https:\\\/\\\/lasentinelle.dz\\\/?s={search_term_string}\"},\"query-input\":{\"@type\":\"PropertyValueSpecification\",\"valueRequired\":true,\"valueName\":\"search_term_string\"}}],\"inLanguage\":\"fr-FR\"},{\"@type\":\"Organization\",\"@id\":\"https:\\\/\\\/lasentinelle.dz\\\/#organization\",\"name\":\"Quotidien La Sentinelle\",\"url\":\"https:\\\/\\\/lasentinelle.dz\\\/\",\"logo\":{\"@type\":\"ImageObject\",\"inLanguage\":\"fr-FR\",\"@id\":\"https:\\\/\\\/lasentinelle.dz\\\/#\\\/schema\\\/logo\\\/image\\\/\",\"url\":\"https:\\\/\\\/lasentinelle.dz\\\/wp-content\\\/uploads\\\/2021\\\/09\\\/logo-sentinelleSLOGAN-1.png\",\"contentUrl\":\"https:\\\/\\\/lasentinelle.dz\\\/wp-content\\\/uploads\\\/2021\\\/09\\\/logo-sentinelleSLOGAN-1.png\",\"width\":615,\"height\":142,\"caption\":\"Quotidien La Sentinelle\"},\"image\":{\"@id\":\"https:\\\/\\\/lasentinelle.dz\\\/#\\\/schema\\\/logo\\\/image\\\/\"},\"sameAs\":[\"https:\\\/\\\/www.facebook.com\\\/La-Sentinelle-104059864394773\"]},{\"@type\":\"Person\",\"@id\":\"https:\\\/\\\/lasentinelle.dz\\\/#\\\/schema\\\/person\\\/d865044e22e70a75174ce8bcad3acfb3\",\"name\":\"La Sentinelle\",\"image\":{\"@type\":\"ImageObject\",\"inLanguage\":\"fr-FR\",\"@id\":\"https:\\\/\\\/secure.gravatar.com\\\/avatar\\\/57de8e5d4b15d43fb361a71fbb36338450fe67865b528a43dd10ef7c51a20392?s=96&d=mm&r=g\",\"url\":\"https:\\\/\\\/secure.gravatar.com\\\/avatar\\\/57de8e5d4b15d43fb361a71fbb36338450fe67865b528a43dd10ef7c51a20392?s=96&d=mm&r=g\",\"contentUrl\":\"https:\\\/\\\/secure.gravatar.com\\\/avatar\\\/57de8e5d4b15d43fb361a71fbb36338450fe67865b528a43dd10ef7c51a20392?s=96&d=mm&r=g\",\"caption\":\"La Sentinelle\"},\"sameAs\":[\"http:\\\/\\\/www.lasentinelle.dz\"],\"url\":\"https:\\\/\\\/lasentinelle.dz\\\/author\\\/redaction\\\/\"}]}<\/script>\n<!-- \/ Yoast SEO plugin. -->","yoast_head_json":{"title":"Conf\u00e9rence Stockholm 50\u00a0: L\u2019urgence d\u2019une transformation environnementale et \u00e9conomique - La Sentinelle","robots":{"index":"index","follow":"follow","max-snippet":"max-snippet:-1","max-image-preview":"max-image-preview:large","max-video-preview":"max-video-preview:-1"},"canonical":"https:\/\/lasentinelle.dz\/index.php\/2022\/06\/05\/conference-stockholm-50-lurgence-dune-transformation-environnementale-et-economique\/","og_locale":"fr_FR","og_type":"article","og_title":"Conf\u00e9rence Stockholm 50\u00a0: L\u2019urgence d\u2019une transformation environnementale et \u00e9conomique - La Sentinelle","og_description":"La communaut\u00e9 internationale doit v\u00e9ritablement s\u2019engager pour r\u00e9pondre de toute urgence aux&nbsp;&nbsp;pr\u00e9occupations environnementales mondiales et pour une transition juste vers","og_url":"https:\/\/lasentinelle.dz\/index.php\/2022\/06\/05\/conference-stockholm-50-lurgence-dune-transformation-environnementale-et-economique\/","og_site_name":"La Sentinelle","article_publisher":"https:\/\/www.facebook.com\/La-Sentinelle-104059864394773","article_published_time":"2022-06-04T23:01:00+00:00","og_image":[{"width":1600,"height":900,"url":"https:\/\/lasentinelle.dz\/wp-content\/uploads\/2022\/06\/banner_image.png","type":"image\/png"}],"author":"La Sentinelle","twitter_card":"summary_large_image","twitter_misc":{"\u00c9crit par":"La Sentinelle","Dur\u00e9e de lecture estim\u00e9e":"3 minutes"},"schema":{"@context":"https:\/\/schema.org","@graph":[{"@type":"Article","@id":"https:\/\/lasentinelle.dz\/index.php\/2022\/06\/05\/conference-stockholm-50-lurgence-dune-transformation-environnementale-et-economique\/#article","isPartOf":{"@id":"https:\/\/lasentinelle.dz\/index.php\/2022\/06\/05\/conference-stockholm-50-lurgence-dune-transformation-environnementale-et-economique\/"},"author":{"name":"La Sentinelle","@id":"https:\/\/lasentinelle.dz\/#\/schema\/person\/d865044e22e70a75174ce8bcad3acfb3"},"headline":"Conf\u00e9rence Stockholm 50\u00a0: L\u2019urgence d\u2019une transformation environnementale et \u00e9conomique","datePublished":"2022-06-04T23:01:00+00:00","mainEntityOfPage":{"@id":"https:\/\/lasentinelle.dz\/index.php\/2022\/06\/05\/conference-stockholm-50-lurgence-dune-transformation-environnementale-et-economique\/"},"wordCount":502,"commentCount":0,"publisher":{"@id":"https:\/\/lasentinelle.dz\/#organization"},"image":{"@id":"https:\/\/lasentinelle.dz\/index.php\/2022\/06\/05\/conference-stockholm-50-lurgence-dune-transformation-environnementale-et-economique\/#primaryimage"},"thumbnailUrl":"https:\/\/lasentinelle.dz\/wp-content\/uploads\/2022\/06\/banner_image.png","articleSection":["Actualit\u00e9"],"inLanguage":"fr-FR","potentialAction":[{"@type":"CommentAction","name":"Comment","target":["https:\/\/lasentinelle.dz\/index.php\/2022\/06\/05\/conference-stockholm-50-lurgence-dune-transformation-environnementale-et-economique\/#respond"]}]},{"@type":"WebPage","@id":"https:\/\/lasentinelle.dz\/index.php\/2022\/06\/05\/conference-stockholm-50-lurgence-dune-transformation-environnementale-et-economique\/","url":"https:\/\/lasentinelle.dz\/index.php\/2022\/06\/05\/conference-stockholm-50-lurgence-dune-transformation-environnementale-et-economique\/","name":"Conf\u00e9rence Stockholm 50\u00a0: L\u2019urgence d\u2019une transformation environnementale et \u00e9conomique - La Sentinelle","isPartOf":{"@id":"https:\/\/lasentinelle.dz\/#website"},"primaryImageOfPage":{"@id":"https:\/\/lasentinelle.dz\/index.php\/2022\/06\/05\/conference-stockholm-50-lurgence-dune-transformation-environnementale-et-economique\/#primaryimage"},"image":{"@id":"https:\/\/lasentinelle.dz\/index.php\/2022\/06\/05\/conference-stockholm-50-lurgence-dune-transformation-environnementale-et-economique\/#primaryimage"},"thumbnailUrl":"https:\/\/lasentinelle.dz\/wp-content\/uploads\/2022\/06\/banner_image.png","datePublished":"2022-06-04T23:01:00+00:00","breadcrumb":{"@id":"https:\/\/lasentinelle.dz\/index.php\/2022\/06\/05\/conference-stockholm-50-lurgence-dune-transformation-environnementale-et-economique\/#breadcrumb"},"inLanguage":"fr-FR","potentialAction":[{"@type":"ReadAction","target":["https:\/\/lasentinelle.dz\/index.php\/2022\/06\/05\/conference-stockholm-50-lurgence-dune-transformation-environnementale-et-economique\/"]}]},{"@type":"ImageObject","inLanguage":"fr-FR","@id":"https:\/\/lasentinelle.dz\/index.php\/2022\/06\/05\/conference-stockholm-50-lurgence-dune-transformation-environnementale-et-economique\/#primaryimage","url":"https:\/\/lasentinelle.dz\/wp-content\/uploads\/2022\/06\/banner_image.png","contentUrl":"https:\/\/lasentinelle.dz\/wp-content\/uploads\/2022\/06\/banner_image.png","width":1600,"height":900},{"@type":"BreadcrumbList","@id":"https:\/\/lasentinelle.dz\/index.php\/2022\/06\/05\/conference-stockholm-50-lurgence-dune-transformation-environnementale-et-economique\/#breadcrumb","itemListElement":[{"@type":"ListItem","position":1,"name":"Accueil","item":"https:\/\/lasentinelle.dz\/"},{"@type":"ListItem","position":2,"name":"Conf\u00e9rence Stockholm 50\u00a0: L\u2019urgence d\u2019une transformation environnementale et \u00e9conomique"}]},{"@type":"WebSite","@id":"https:\/\/lasentinelle.dz\/#website","url":"https:\/\/lasentinelle.dz\/","name":"La Sentinelle","description":"Quotidien national d&#039;information","publisher":{"@id":"https:\/\/lasentinelle.dz\/#organization"},"potentialAction":[{"@type":"SearchAction","target":{"@type":"EntryPoint","urlTemplate":"https:\/\/lasentinelle.dz\/?s={search_term_string}"},"query-input":{"@type":"PropertyValueSpecification","valueRequired":true,"valueName":"search_term_string"}}],"inLanguage":"fr-FR"},{"@type":"Organization","@id":"https:\/\/lasentinelle.dz\/#organization","name":"Quotidien La Sentinelle","url":"https:\/\/lasentinelle.dz\/","logo":{"@type":"ImageObject","inLanguage":"fr-FR","@id":"https:\/\/lasentinelle.dz\/#\/schema\/logo\/image\/","url":"https:\/\/lasentinelle.dz\/wp-content\/uploads\/2021\/09\/logo-sentinelleSLOGAN-1.png","contentUrl":"https:\/\/lasentinelle.dz\/wp-content\/uploads\/2021\/09\/logo-sentinelleSLOGAN-1.png","width":615,"height":142,"caption":"Quotidien La Sentinelle"},"image":{"@id":"https:\/\/lasentinelle.dz\/#\/schema\/logo\/image\/"},"sameAs":["https:\/\/www.facebook.com\/La-Sentinelle-104059864394773"]},{"@type":"Person","@id":"https:\/\/lasentinelle.dz\/#\/schema\/person\/d865044e22e70a75174ce8bcad3acfb3","name":"La Sentinelle","image":{"@type":"ImageObject","inLanguage":"fr-FR","@id":"https:\/\/secure.gravatar.com\/avatar\/57de8e5d4b15d43fb361a71fbb36338450fe67865b528a43dd10ef7c51a20392?s=96&d=mm&r=g","url":"https:\/\/secure.gravatar.com\/avatar\/57de8e5d4b15d43fb361a71fbb36338450fe67865b528a43dd10ef7c51a20392?s=96&d=mm&r=g","contentUrl":"https:\/\/secure.gravatar.com\/avatar\/57de8e5d4b15d43fb361a71fbb36338450fe67865b528a43dd10ef7c51a20392?s=96&d=mm&r=g","caption":"La Sentinelle"},"sameAs":["http:\/\/www.lasentinelle.dz"],"url":"https:\/\/lasentinelle.dz\/author\/redaction\/"}]}},"_links":{"self":[{"href":"https:\/\/lasentinelle.dz\/index.php\/wp-json\/wp\/v2\/posts\/22040","targetHints":{"allow":["GET"]}}],"collection":[{"href":"https:\/\/lasentinelle.dz\/index.php\/wp-json\/wp\/v2\/posts"}],"about":[{"href":"https:\/\/lasentinelle.dz\/index.php\/wp-json\/wp\/v2\/types\/post"}],"author":[{"embeddable":true,"href":"https:\/\/lasentinelle.dz\/index.php\/wp-json\/wp\/v2\/users\/3"}],"replies":[{"embeddable":true,"href":"https:\/\/lasentinelle.dz\/index.php\/wp-json\/wp\/v2\/comments?post=22040"}],"version-history":[{"count":1,"href":"https:\/\/lasentinelle.dz\/index.php\/wp-json\/wp\/v2\/posts\/22040\/revisions"}],"predecessor-version":[{"id":22047,"href":"https:\/\/lasentinelle.dz\/index.php\/wp-json\/wp\/v2\/posts\/22040\/revisions\/22047"}],"wp:featuredmedia":[{"embeddable":true,"href":"https:\/\/lasentinelle.dz\/index.php\/wp-json\/wp\/v2\/media\/22045"}],"wp:attachment":[{"href":"https:\/\/lasentinelle.dz\/index.php\/wp-json\/wp\/v2\/media?parent=22040"}],"wp:term":[{"taxonomy":"category","embeddable":true,"href":"https:\/\/lasentinelle.dz\/index.php\/wp-json\/wp\/v2\/categories?post=22040"},{"taxonomy":"post_tag","embeddable":true,"href":"https:\/\/lasentinelle.dz\/index.php\/wp-json\/wp\/v2\/tags?post=22040"}],"curies":[{"name":"wp","href":"https:\/\/api.w.org\/{rel}","templated":true}]}}