{"id":22049,"date":"2022-06-05T00:01:00","date_gmt":"2022-06-04T23:01:00","guid":{"rendered":"https:\/\/lasentinelle.dz\/?p=22049"},"modified":"2022-06-04T19:56:27","modified_gmt":"2022-06-04T18:56:27","slug":"rcd-athmane-mazouz-succede-a-mohcene-belabes","status":"publish","type":"post","link":"https:\/\/lasentinelle.dz\/index.php\/2022\/06\/05\/rcd-athmane-mazouz-succede-a-mohcene-belabes\/","title":{"rendered":"RCD\u00a0:\u00a0Athmane\u00a0Mazouz succ\u00e8de \u00e0 Mohcene Belabes"},"content":{"rendered":"\n<p>Athmane Mazouz&nbsp;succ\u00e8de \u00e0 Mohcene Belabes \u00e0 la t\u00eate du Rassemblement pour la culture et la d\u00e9mocratie. Ancien d\u00e9put\u00e9 et ex-responsable de la communication du parti, Mazouz&nbsp;a \u00e9t\u00e9 \u00e9lu par 374 congressistes&nbsp;contre&nbsp;74 voix&nbsp;pour son&nbsp;rival Mourad Biatour, lors du 6e congr\u00e8s tenu&nbsp;vendredi&nbsp;et lequel a \u00e9t\u00e9 marqu\u00e9 par la pr\u00e9sence de 700&nbsp;participants. Athmane Mazouz, 51 ans, est originaire de la wilaya de Beja\u00efa, tr\u00e8s pr\u00e9cis\u00e9ment de Tinebdar rattach\u00e9e \u00e0 la Da\u00efra de Sidi A\u00efch. Il a rejoint le RCD, d\u00e8s la cr\u00e9ation du parti, en 1989.&nbsp;&nbsp;Athmane Mazouz a occup\u00e9 le poste de secr\u00e9taire national \u00e0 l\u2019information du parti. Il a \u00e9galement brigu\u00e9 un mandat de d\u00e9put\u00e9 de 2007-2012, et pr\u00e9sid\u00e9 le groupe parlementaire du RCD&nbsp;\u00e0 l\u2019Assembl\u00e9e populaire nationale.&nbsp;Devant les congressistes, le nouveau pr\u00e9sident du parti a salu\u00e9 le pr\u00e9sident sortant, Mohcine Belabbes,&nbsp;avec lequel, dira-t-il, il a partag\u00e9&nbsp;un&nbsp;\u00ab&nbsp;parcours de 30 ann\u00e9es de militantisme&nbsp;\u00bb, ainsi que son rival&nbsp;Mourad Biatour. A l\u2019ouverture des travaux du congr\u00e8s, l\u2019ancien pr\u00e9sident du parti, a appel\u00e9 \u00e0 \u00abl\u2019intensification des \u00e9changes et la solidarit\u00e9 \u00bb. Il a ajout\u00e9 que \u00abla convocation d\u2019un dialogue national inclusif \u00e9tait et reste une condition n\u00e9cessaire pour surmonter la m\u00e9fiance qui r\u00e8gne entre les forces politiques et sociales, rompre avec l\u2019immaturit\u00e9 qui empoisonne la vie politique et venir \u00e0 bout de l\u2019incapacit\u00e9 de la classe politique pouvoir et oppositions \u00e0 faire des compromis et \u00e0 r\u00e9soudre leurs diff\u00e9rends dans l\u2019int\u00e9r\u00eat de la Nation \u00bb.&nbsp;Belabes a \u00e9galement estim\u00e9&nbsp;que \u00able pays est un immense chantier, l\u2019\u00e9tat de l&rsquo;\u00e9conomie appelle des r\u00e9formes urgentes pour cr\u00e9er des emplois et surtout jeter les bases d\u2019une croissance durable en dehors des \u00e9nergies fossiles, la modernisation des routes et des chemins de fer, le transport maritime et a\u00e9rien, la relance de agriculture, l\u2019accompagnement des petites et moyennes industries, l\u2019exploitation de l\u2019\u00e9nergie solaire et&nbsp;&nbsp;\u00e9olienne \u00e0 exploiter pour sortir de la d\u00e9pendance aux hydrocarbures, le d\u00e9veloppement et la rentabilisation du&nbsp;&nbsp;tourisme, la r\u00e9forme des programmes scolaires et universitaires\u00bb. \u00abIl est temps d\u2019investir dans le patriotisme de ce peuple et de red\u00e9finir la notion du vivre ensemble et du droit \u00e0 la diff\u00e9rence\u00bb, a-t-il appel\u00e9.<\/p>\n\n\n\n<p><strong>Amar Malki<\/strong><\/p>\n","protected":false},"excerpt":{"rendered":"<p>Athmane Mazouz&nbsp;succ\u00e8de \u00e0 Mohcene Belabes \u00e0 la t\u00eate du Rassemblement pour la culture et la d\u00e9mocratie. Ancien d\u00e9put\u00e9 et ex-responsable<\/p>\n","protected":false},"author":3,"featured_media":22054,"comment_status":"open","ping_status":"closed","sticky":false,"template":"","format":"standard","meta":{"colormag_page_container_layout":"default_layout","colormag_page_sidebar_layout":"default_layout","om_disable_all_campaigns":false,"_monsterinsights_skip_tracking":false,"_monsterinsights_sitenote_active":false,"_monsterinsights_sitenote_note":"","_monsterinsights_sitenote_category":0,"footnotes":"","_wpscppro_dont_share_socialmedia":false,"_wpscppro_custom_social_share_image":0,"_facebook_share_type":"","_twitter_share_type":"","_linkedin_share_type":"","_pinterest_share_type":"","_linkedin_share_type_page":"","_instagram_share_type":"","_medium_share_type":"","_threads_share_type":"","_google_business_share_type":"","_selected_social_profile":[],"_wpsp_enable_custom_social_template":false,"_wpsp_social_scheduling":{"enabled":false,"datetime":null,"platforms":[],"status":"template_only","dateOption":"today","timeOption":"now","customDays":"","customHours":"","customDate":"","customTime":"","schedulingType":"absolute"},"_wpsp_active_default_template":true},"categories":[27],"tags":[],"class_list":["post-22049","post","type-post","status-publish","format-standard","has-post-thumbnail","hentry","category-actualite"],"aioseo_notices":[],"yoast_head":"<!-- This site is optimized with the Yoast SEO plugin v27.5 - https:\/\/yoast.com\/product\/yoast-seo-wordpress\/ -->\n<title>RCD\u00a0:\u00a0Athmane\u00a0Mazouz succ\u00e8de \u00e0 Mohcene Belabes - La Sentinelle<\/title>\n<meta name=\"robots\" content=\"index, follow, max-snippet:-1, max-image-preview:large, max-video-preview:-1\" \/>\n<link rel=\"canonical\" href=\"https:\/\/lasentinelle.dz\/index.php\/2022\/06\/05\/rcd-athmane-mazouz-succede-a-mohcene-belabes\/\" \/>\n<meta property=\"og:locale\" content=\"fr_FR\" \/>\n<meta property=\"og:type\" content=\"article\" \/>\n<meta property=\"og:title\" content=\"RCD\u00a0:\u00a0Athmane\u00a0Mazouz succ\u00e8de \u00e0 Mohcene Belabes - La Sentinelle\" \/>\n<meta property=\"og:description\" content=\"Athmane Mazouz&nbsp;succ\u00e8de \u00e0 Mohcene Belabes \u00e0 la t\u00eate du Rassemblement pour la culture et la d\u00e9mocratie. Ancien d\u00e9put\u00e9 et ex-responsable\" \/>\n<meta property=\"og:url\" content=\"https:\/\/lasentinelle.dz\/index.php\/2022\/06\/05\/rcd-athmane-mazouz-succede-a-mohcene-belabes\/\" \/>\n<meta property=\"og:site_name\" content=\"La Sentinelle\" \/>\n<meta property=\"article:publisher\" content=\"https:\/\/www.facebook.com\/La-Sentinelle-104059864394773\" \/>\n<meta property=\"article:published_time\" content=\"2022-06-04T23:01:00+00:00\" \/>\n<meta property=\"og:image\" content=\"https:\/\/lasentinelle.dz\/wp-content\/uploads\/2022\/06\/images.jpeg\" \/>\n\t<meta property=\"og:image:width\" content=\"275\" \/>\n\t<meta property=\"og:image:height\" content=\"183\" \/>\n\t<meta property=\"og:image:type\" content=\"image\/jpeg\" \/>\n<meta name=\"author\" content=\"La Sentinelle\" \/>\n<meta name=\"twitter:card\" content=\"summary_large_image\" \/>\n<meta name=\"twitter:label1\" content=\"\u00c9crit par\" \/>\n\t<meta name=\"twitter:data1\" content=\"La Sentinelle\" \/>\n\t<meta name=\"twitter:label2\" content=\"Dur\u00e9e de lecture estim\u00e9e\" \/>\n\t<meta name=\"twitter:data2\" content=\"2 minutes\" \/>\n<script type=\"application\/ld+json\" class=\"yoast-schema-graph\">{\"@context\":\"https:\\\/\\\/schema.org\",\"@graph\":[{\"@type\":\"Article\",\"@id\":\"https:\\\/\\\/lasentinelle.dz\\\/index.php\\\/2022\\\/06\\\/05\\\/rcd-athmane-mazouz-succede-a-mohcene-belabes\\\/#article\",\"isPartOf\":{\"@id\":\"https:\\\/\\\/lasentinelle.dz\\\/index.php\\\/2022\\\/06\\\/05\\\/rcd-athmane-mazouz-succede-a-mohcene-belabes\\\/\"},\"author\":{\"name\":\"La Sentinelle\",\"@id\":\"https:\\\/\\\/lasentinelle.dz\\\/#\\\/schema\\\/person\\\/d865044e22e70a75174ce8bcad3acfb3\"},\"headline\":\"RCD\u00a0:\u00a0Athmane\u00a0Mazouz succ\u00e8de \u00e0 Mohcene Belabes\",\"datePublished\":\"2022-06-04T23:01:00+00:00\",\"mainEntityOfPage\":{\"@id\":\"https:\\\/\\\/lasentinelle.dz\\\/index.php\\\/2022\\\/06\\\/05\\\/rcd-athmane-mazouz-succede-a-mohcene-belabes\\\/\"},\"wordCount\":428,\"commentCount\":0,\"publisher\":{\"@id\":\"https:\\\/\\\/lasentinelle.dz\\\/#organization\"},\"image\":{\"@id\":\"https:\\\/\\\/lasentinelle.dz\\\/index.php\\\/2022\\\/06\\\/05\\\/rcd-athmane-mazouz-succede-a-mohcene-belabes\\\/#primaryimage\"},\"thumbnailUrl\":\"https:\\\/\\\/lasentinelle.dz\\\/wp-content\\\/uploads\\\/2022\\\/06\\\/images.jpeg\",\"articleSection\":[\"Actualit\u00e9\"],\"inLanguage\":\"fr-FR\",\"potentialAction\":[{\"@type\":\"CommentAction\",\"name\":\"Comment\",\"target\":[\"https:\\\/\\\/lasentinelle.dz\\\/index.php\\\/2022\\\/06\\\/05\\\/rcd-athmane-mazouz-succede-a-mohcene-belabes\\\/#respond\"]}]},{\"@type\":\"WebPage\",\"@id\":\"https:\\\/\\\/lasentinelle.dz\\\/index.php\\\/2022\\\/06\\\/05\\\/rcd-athmane-mazouz-succede-a-mohcene-belabes\\\/\",\"url\":\"https:\\\/\\\/lasentinelle.dz\\\/index.php\\\/2022\\\/06\\\/05\\\/rcd-athmane-mazouz-succede-a-mohcene-belabes\\\/\",\"name\":\"RCD\u00a0:\u00a0Athmane\u00a0Mazouz succ\u00e8de \u00e0 Mohcene Belabes - La Sentinelle\",\"isPartOf\":{\"@id\":\"https:\\\/\\\/lasentinelle.dz\\\/#website\"},\"primaryImageOfPage\":{\"@id\":\"https:\\\/\\\/lasentinelle.dz\\\/index.php\\\/2022\\\/06\\\/05\\\/rcd-athmane-mazouz-succede-a-mohcene-belabes\\\/#primaryimage\"},\"image\":{\"@id\":\"https:\\\/\\\/lasentinelle.dz\\\/index.php\\\/2022\\\/06\\\/05\\\/rcd-athmane-mazouz-succede-a-mohcene-belabes\\\/#primaryimage\"},\"thumbnailUrl\":\"https:\\\/\\\/lasentinelle.dz\\\/wp-content\\\/uploads\\\/2022\\\/06\\\/images.jpeg\",\"datePublished\":\"2022-06-04T23:01:00+00:00\",\"breadcrumb\":{\"@id\":\"https:\\\/\\\/lasentinelle.dz\\\/index.php\\\/2022\\\/06\\\/05\\\/rcd-athmane-mazouz-succede-a-mohcene-belabes\\\/#breadcrumb\"},\"inLanguage\":\"fr-FR\",\"potentialAction\":[{\"@type\":\"ReadAction\",\"target\":[\"https:\\\/\\\/lasentinelle.dz\\\/index.php\\\/2022\\\/06\\\/05\\\/rcd-athmane-mazouz-succede-a-mohcene-belabes\\\/\"]}]},{\"@type\":\"ImageObject\",\"inLanguage\":\"fr-FR\",\"@id\":\"https:\\\/\\\/lasentinelle.dz\\\/index.php\\\/2022\\\/06\\\/05\\\/rcd-athmane-mazouz-succede-a-mohcene-belabes\\\/#primaryimage\",\"url\":\"https:\\\/\\\/lasentinelle.dz\\\/wp-content\\\/uploads\\\/2022\\\/06\\\/images.jpeg\",\"contentUrl\":\"https:\\\/\\\/lasentinelle.dz\\\/wp-content\\\/uploads\\\/2022\\\/06\\\/images.jpeg\",\"width\":275,\"height\":183},{\"@type\":\"BreadcrumbList\",\"@id\":\"https:\\\/\\\/lasentinelle.dz\\\/index.php\\\/2022\\\/06\\\/05\\\/rcd-athmane-mazouz-succede-a-mohcene-belabes\\\/#breadcrumb\",\"itemListElement\":[{\"@type\":\"ListItem\",\"position\":1,\"name\":\"Accueil\",\"item\":\"https:\\\/\\\/lasentinelle.dz\\\/\"},{\"@type\":\"ListItem\",\"position\":2,\"name\":\"RCD\u00a0:\u00a0Athmane\u00a0Mazouz succ\u00e8de \u00e0 Mohcene Belabes\"}]},{\"@type\":\"WebSite\",\"@id\":\"https:\\\/\\\/lasentinelle.dz\\\/#website\",\"url\":\"https:\\\/\\\/lasentinelle.dz\\\/\",\"name\":\"La Sentinelle\",\"description\":\"Quotidien national d&#039;information\",\"publisher\":{\"@id\":\"https:\\\/\\\/lasentinelle.dz\\\/#organization\"},\"potentialAction\":[{\"@type\":\"SearchAction\",\"target\":{\"@type\":\"EntryPoint\",\"urlTemplate\":\"https:\\\/\\\/lasentinelle.dz\\\/?s={search_term_string}\"},\"query-input\":{\"@type\":\"PropertyValueSpecification\",\"valueRequired\":true,\"valueName\":\"search_term_string\"}}],\"inLanguage\":\"fr-FR\"},{\"@type\":\"Organization\",\"@id\":\"https:\\\/\\\/lasentinelle.dz\\\/#organization\",\"name\":\"Quotidien La Sentinelle\",\"url\":\"https:\\\/\\\/lasentinelle.dz\\\/\",\"logo\":{\"@type\":\"ImageObject\",\"inLanguage\":\"fr-FR\",\"@id\":\"https:\\\/\\\/lasentinelle.dz\\\/#\\\/schema\\\/logo\\\/image\\\/\",\"url\":\"https:\\\/\\\/lasentinelle.dz\\\/wp-content\\\/uploads\\\/2021\\\/09\\\/logo-sentinelleSLOGAN-1.png\",\"contentUrl\":\"https:\\\/\\\/lasentinelle.dz\\\/wp-content\\\/uploads\\\/2021\\\/09\\\/logo-sentinelleSLOGAN-1.png\",\"width\":615,\"height\":142,\"caption\":\"Quotidien La Sentinelle\"},\"image\":{\"@id\":\"https:\\\/\\\/lasentinelle.dz\\\/#\\\/schema\\\/logo\\\/image\\\/\"},\"sameAs\":[\"https:\\\/\\\/www.facebook.com\\\/La-Sentinelle-104059864394773\"]},{\"@type\":\"Person\",\"@id\":\"https:\\\/\\\/lasentinelle.dz\\\/#\\\/schema\\\/person\\\/d865044e22e70a75174ce8bcad3acfb3\",\"name\":\"La Sentinelle\",\"image\":{\"@type\":\"ImageObject\",\"inLanguage\":\"fr-FR\",\"@id\":\"https:\\\/\\\/secure.gravatar.com\\\/avatar\\\/57de8e5d4b15d43fb361a71fbb36338450fe67865b528a43dd10ef7c51a20392?s=96&d=mm&r=g\",\"url\":\"https:\\\/\\\/secure.gravatar.com\\\/avatar\\\/57de8e5d4b15d43fb361a71fbb36338450fe67865b528a43dd10ef7c51a20392?s=96&d=mm&r=g\",\"contentUrl\":\"https:\\\/\\\/secure.gravatar.com\\\/avatar\\\/57de8e5d4b15d43fb361a71fbb36338450fe67865b528a43dd10ef7c51a20392?s=96&d=mm&r=g\",\"caption\":\"La Sentinelle\"},\"sameAs\":[\"http:\\\/\\\/www.lasentinelle.dz\"],\"url\":\"https:\\\/\\\/lasentinelle.dz\\\/author\\\/redaction\\\/\"}]}<\/script>\n<!-- \/ Yoast SEO plugin. -->","yoast_head_json":{"title":"RCD\u00a0:\u00a0Athmane\u00a0Mazouz succ\u00e8de \u00e0 Mohcene Belabes - La Sentinelle","robots":{"index":"index","follow":"follow","max-snippet":"max-snippet:-1","max-image-preview":"max-image-preview:large","max-video-preview":"max-video-preview:-1"},"canonical":"https:\/\/lasentinelle.dz\/index.php\/2022\/06\/05\/rcd-athmane-mazouz-succede-a-mohcene-belabes\/","og_locale":"fr_FR","og_type":"article","og_title":"RCD\u00a0:\u00a0Athmane\u00a0Mazouz succ\u00e8de \u00e0 Mohcene Belabes - La Sentinelle","og_description":"Athmane Mazouz&nbsp;succ\u00e8de \u00e0 Mohcene Belabes \u00e0 la t\u00eate du Rassemblement pour la culture et la d\u00e9mocratie. Ancien d\u00e9put\u00e9 et ex-responsable","og_url":"https:\/\/lasentinelle.dz\/index.php\/2022\/06\/05\/rcd-athmane-mazouz-succede-a-mohcene-belabes\/","og_site_name":"La Sentinelle","article_publisher":"https:\/\/www.facebook.com\/La-Sentinelle-104059864394773","article_published_time":"2022-06-04T23:01:00+00:00","og_image":[{"width":275,"height":183,"url":"https:\/\/lasentinelle.dz\/wp-content\/uploads\/2022\/06\/images.jpeg","type":"image\/jpeg"}],"author":"La Sentinelle","twitter_card":"summary_large_image","twitter_misc":{"\u00c9crit par":"La Sentinelle","Dur\u00e9e de lecture estim\u00e9e":"2 minutes"},"schema":{"@context":"https:\/\/schema.org","@graph":[{"@type":"Article","@id":"https:\/\/lasentinelle.dz\/index.php\/2022\/06\/05\/rcd-athmane-mazouz-succede-a-mohcene-belabes\/#article","isPartOf":{"@id":"https:\/\/lasentinelle.dz\/index.php\/2022\/06\/05\/rcd-athmane-mazouz-succede-a-mohcene-belabes\/"},"author":{"name":"La Sentinelle","@id":"https:\/\/lasentinelle.dz\/#\/schema\/person\/d865044e22e70a75174ce8bcad3acfb3"},"headline":"RCD\u00a0:\u00a0Athmane\u00a0Mazouz succ\u00e8de \u00e0 Mohcene Belabes","datePublished":"2022-06-04T23:01:00+00:00","mainEntityOfPage":{"@id":"https:\/\/lasentinelle.dz\/index.php\/2022\/06\/05\/rcd-athmane-mazouz-succede-a-mohcene-belabes\/"},"wordCount":428,"commentCount":0,"publisher":{"@id":"https:\/\/lasentinelle.dz\/#organization"},"image":{"@id":"https:\/\/lasentinelle.dz\/index.php\/2022\/06\/05\/rcd-athmane-mazouz-succede-a-mohcene-belabes\/#primaryimage"},"thumbnailUrl":"https:\/\/lasentinelle.dz\/wp-content\/uploads\/2022\/06\/images.jpeg","articleSection":["Actualit\u00e9"],"inLanguage":"fr-FR","potentialAction":[{"@type":"CommentAction","name":"Comment","target":["https:\/\/lasentinelle.dz\/index.php\/2022\/06\/05\/rcd-athmane-mazouz-succede-a-mohcene-belabes\/#respond"]}]},{"@type":"WebPage","@id":"https:\/\/lasentinelle.dz\/index.php\/2022\/06\/05\/rcd-athmane-mazouz-succede-a-mohcene-belabes\/","url":"https:\/\/lasentinelle.dz\/index.php\/2022\/06\/05\/rcd-athmane-mazouz-succede-a-mohcene-belabes\/","name":"RCD\u00a0:\u00a0Athmane\u00a0Mazouz succ\u00e8de \u00e0 Mohcene Belabes - La Sentinelle","isPartOf":{"@id":"https:\/\/lasentinelle.dz\/#website"},"primaryImageOfPage":{"@id":"https:\/\/lasentinelle.dz\/index.php\/2022\/06\/05\/rcd-athmane-mazouz-succede-a-mohcene-belabes\/#primaryimage"},"image":{"@id":"https:\/\/lasentinelle.dz\/index.php\/2022\/06\/05\/rcd-athmane-mazouz-succede-a-mohcene-belabes\/#primaryimage"},"thumbnailUrl":"https:\/\/lasentinelle.dz\/wp-content\/uploads\/2022\/06\/images.jpeg","datePublished":"2022-06-04T23:01:00+00:00","breadcrumb":{"@id":"https:\/\/lasentinelle.dz\/index.php\/2022\/06\/05\/rcd-athmane-mazouz-succede-a-mohcene-belabes\/#breadcrumb"},"inLanguage":"fr-FR","potentialAction":[{"@type":"ReadAction","target":["https:\/\/lasentinelle.dz\/index.php\/2022\/06\/05\/rcd-athmane-mazouz-succede-a-mohcene-belabes\/"]}]},{"@type":"ImageObject","inLanguage":"fr-FR","@id":"https:\/\/lasentinelle.dz\/index.php\/2022\/06\/05\/rcd-athmane-mazouz-succede-a-mohcene-belabes\/#primaryimage","url":"https:\/\/lasentinelle.dz\/wp-content\/uploads\/2022\/06\/images.jpeg","contentUrl":"https:\/\/lasentinelle.dz\/wp-content\/uploads\/2022\/06\/images.jpeg","width":275,"height":183},{"@type":"BreadcrumbList","@id":"https:\/\/lasentinelle.dz\/index.php\/2022\/06\/05\/rcd-athmane-mazouz-succede-a-mohcene-belabes\/#breadcrumb","itemListElement":[{"@type":"ListItem","position":1,"name":"Accueil","item":"https:\/\/lasentinelle.dz\/"},{"@type":"ListItem","position":2,"name":"RCD\u00a0:\u00a0Athmane\u00a0Mazouz succ\u00e8de \u00e0 Mohcene Belabes"}]},{"@type":"WebSite","@id":"https:\/\/lasentinelle.dz\/#website","url":"https:\/\/lasentinelle.dz\/","name":"La Sentinelle","description":"Quotidien national d&#039;information","publisher":{"@id":"https:\/\/lasentinelle.dz\/#organization"},"potentialAction":[{"@type":"SearchAction","target":{"@type":"EntryPoint","urlTemplate":"https:\/\/lasentinelle.dz\/?s={search_term_string}"},"query-input":{"@type":"PropertyValueSpecification","valueRequired":true,"valueName":"search_term_string"}}],"inLanguage":"fr-FR"},{"@type":"Organization","@id":"https:\/\/lasentinelle.dz\/#organization","name":"Quotidien La Sentinelle","url":"https:\/\/lasentinelle.dz\/","logo":{"@type":"ImageObject","inLanguage":"fr-FR","@id":"https:\/\/lasentinelle.dz\/#\/schema\/logo\/image\/","url":"https:\/\/lasentinelle.dz\/wp-content\/uploads\/2021\/09\/logo-sentinelleSLOGAN-1.png","contentUrl":"https:\/\/lasentinelle.dz\/wp-content\/uploads\/2021\/09\/logo-sentinelleSLOGAN-1.png","width":615,"height":142,"caption":"Quotidien La Sentinelle"},"image":{"@id":"https:\/\/lasentinelle.dz\/#\/schema\/logo\/image\/"},"sameAs":["https:\/\/www.facebook.com\/La-Sentinelle-104059864394773"]},{"@type":"Person","@id":"https:\/\/lasentinelle.dz\/#\/schema\/person\/d865044e22e70a75174ce8bcad3acfb3","name":"La Sentinelle","image":{"@type":"ImageObject","inLanguage":"fr-FR","@id":"https:\/\/secure.gravatar.com\/avatar\/57de8e5d4b15d43fb361a71fbb36338450fe67865b528a43dd10ef7c51a20392?s=96&d=mm&r=g","url":"https:\/\/secure.gravatar.com\/avatar\/57de8e5d4b15d43fb361a71fbb36338450fe67865b528a43dd10ef7c51a20392?s=96&d=mm&r=g","contentUrl":"https:\/\/secure.gravatar.com\/avatar\/57de8e5d4b15d43fb361a71fbb36338450fe67865b528a43dd10ef7c51a20392?s=96&d=mm&r=g","caption":"La Sentinelle"},"sameAs":["http:\/\/www.lasentinelle.dz"],"url":"https:\/\/lasentinelle.dz\/author\/redaction\/"}]}},"_links":{"self":[{"href":"https:\/\/lasentinelle.dz\/index.php\/wp-json\/wp\/v2\/posts\/22049","targetHints":{"allow":["GET"]}}],"collection":[{"href":"https:\/\/lasentinelle.dz\/index.php\/wp-json\/wp\/v2\/posts"}],"about":[{"href":"https:\/\/lasentinelle.dz\/index.php\/wp-json\/wp\/v2\/types\/post"}],"author":[{"embeddable":true,"href":"https:\/\/lasentinelle.dz\/index.php\/wp-json\/wp\/v2\/users\/3"}],"replies":[{"embeddable":true,"href":"https:\/\/lasentinelle.dz\/index.php\/wp-json\/wp\/v2\/comments?post=22049"}],"version-history":[{"count":1,"href":"https:\/\/lasentinelle.dz\/index.php\/wp-json\/wp\/v2\/posts\/22049\/revisions"}],"predecessor-version":[{"id":22055,"href":"https:\/\/lasentinelle.dz\/index.php\/wp-json\/wp\/v2\/posts\/22049\/revisions\/22055"}],"wp:featuredmedia":[{"embeddable":true,"href":"https:\/\/lasentinelle.dz\/index.php\/wp-json\/wp\/v2\/media\/22054"}],"wp:attachment":[{"href":"https:\/\/lasentinelle.dz\/index.php\/wp-json\/wp\/v2\/media?parent=22049"}],"wp:term":[{"taxonomy":"category","embeddable":true,"href":"https:\/\/lasentinelle.dz\/index.php\/wp-json\/wp\/v2\/categories?post=22049"},{"taxonomy":"post_tag","embeddable":true,"href":"https:\/\/lasentinelle.dz\/index.php\/wp-json\/wp\/v2\/tags?post=22049"}],"curies":[{"name":"wp","href":"https:\/\/api.w.org\/{rel}","templated":true}]}}