{"id":22051,"date":"2022-06-05T00:05:00","date_gmt":"2022-06-04T23:05:00","guid":{"rendered":"https:\/\/lasentinelle.dz\/?p=22051"},"modified":"2022-06-04T19:56:34","modified_gmt":"2022-06-04T18:56:34","slug":"initiative-du-president-de-la-republique-pour-le-rassemblement-la-necessite-dun-consensus-national","status":"publish","type":"post","link":"https:\/\/lasentinelle.dz\/index.php\/2022\/06\/05\/initiative-du-president-de-la-republique-pour-le-rassemblement-la-necessite-dun-consensus-national\/","title":{"rendered":"Initiative du pr\u00e9sident de la R\u00e9publique pour le \u00ab\u00a0Rassemblement\u00a0\u00bb\u00a0: La n\u00e9cessit\u00e9 d\u2019un consensus national"},"content":{"rendered":"\n<p>Le pr\u00e9sident de la R\u00e9publique multiplie, depuis quelques jours, les rencontres avec les principaux acteurs de la classe politique, du syndicalisme et de la soci\u00e9t\u00e9 civile dans le cadre du dialogue politique s\u2019inscrivant dans l\u2019initiative de \u00ab&nbsp;la Main tendue&nbsp;\u00bb, qu\u2019il a lanc\u00e9e au lendemain du mois de Ramadhan.&nbsp;<\/p>\n\n\n\n<p>Une initiative qui a \u00e9t\u00e9 salu\u00e9e par les acteurs politiques. Aussi certaines questions sociales comme celle li\u00e9e \u00e0 l\u2019am\u00e9lioration du pouvoir d\u2019achat, la r\u00e9vision du syst\u00e8me des subventions ont \u00e9t\u00e9 \u00e9voqu\u00e9es. Il n\u2019en demeure pas moins que la question des d\u00e9tenus d\u2019opinion, ainsi que celles des libert\u00e9s politiques et des m\u00e9dias, mais aussi et surtout la n\u00e9cessit\u00e9 de parvenir \u00e0 un consensus politique national ont \u00e9t\u00e9 revendiqu\u00e9es, notamment par les partis du p\u00f4le d\u00e9mocratique. Ce fut le cas du FFS, lors de l\u2019audience accord\u00e9e jeudi par le pr\u00e9sident de la R\u00e9publique, Abdelmadjid Tebboune, au premier secr\u00e9taire du parti, Youcef Aouchiche.&nbsp;<\/p>\n\n\n\n<p>L\u2019audience avec le chef de l\u2019\u00c9tat a d\u2019ailleurs \u00e9t\u00e9 \u00e9voqu\u00e9e avec force d\u00e9tails hier par&nbsp;Youcef Aouchiche, lors de la conf\u00e9rence de presse tenue au si\u00e8ge national. Il a ainsi&nbsp;qualifi\u00e9&nbsp;les entretiens avec le pr\u00e9sident de la R\u00e9publique&nbsp;de \u00ab sinc\u00e8res et responsables \u00bb au sujet de la situation pr\u00e9valant actuellement dans notre pays ainsi que la conjoncture internationale. Lors de cette m\u00eame rencontre, affirme M. Aouchiche, \u00ab le FFS a pos\u00e9 des pr\u00e9alables pour tout dialogue&nbsp;s\u00e9rieux \u00bb passant, explique-t-il, par la prise&nbsp;\u00ab&nbsp;de mesures \u00e0 m\u00eame d\u2019instaurer un climat de confiance entre gouvernants et gouvern\u00e9s&nbsp;\u00bb&nbsp;tout en d\u00e9plorant les&nbsp;\u00ab&nbsp;pressions sur les libert\u00e9s \u00bb. Pour la premi\u00e8re fois, le FFS s\u2019est dit \u00ab pr\u00eat \u00e0 faire des concessions, \u00e0 l\u2019\u00e9vidence pas sur ses principes fondateurs, si&nbsp;\u00ab&nbsp;les gouvernants affichent sa volont\u00e9 de faire des concessions permettant de parvenir \u00e0 un&nbsp;&nbsp;compromis historique&nbsp;&nbsp;capable de restaurer la confiance dans notre pays&nbsp;\u00bb.<\/p>\n\n\n\n<p>Aussi, le FFS, affirme son&nbsp;premier&nbsp;secr\u00e9taire, a r\u00e9clam\u00e9 \u00ab la prise de d\u00e9cisions urgentes d\u2019apaisement pour regagner la confiance des citoyens dont notamment l\u2019ouverture du paysage m\u00e9diatique, la lib\u00e9ration de tous les d\u00e9tenus d\u2019opinion sans exception, l\u2019annulation de l\u2019arsenal juridique r\u00e9pressif et le recours syst\u00e9matique&nbsp;\u00e0&nbsp;la d\u00e9tention provisoire ainsi que le respect des libert\u00e9s individuelles et collectives \u00bb. Fid\u00e8le \u00e0 son approche de la vie politique, le FFS, ajoute son premier secr\u00e9taire, a lors de l\u2019entrevue avec le pr\u00e9sident de la&nbsp;R\u00e9publique, mis l\u2019accent sur \u00ab la n\u00e9cessit\u00e9 de donner toute les chances \u00e0 la solution politique pacifique \u00bb.&nbsp;\u00ab&nbsp;Des solutions politiques consensuelles \u00e0 favoriser,&nbsp;tout en \u0153uvrant \u00e0 mettre au point un mod\u00e8le \u00e9conomique bas\u00e9 sur le consensus \u00e0 m\u00eame de faire face \u00e0 tous les d\u00e9fis et les impacts de la conjoncture internationale&nbsp;\u00bb, ajoute-il.<\/p>\n\n\n\n<p>Toutefois, des mesures urgentes doivent \u00eatre prises pour d\u2019abord pr\u00e9server le caract\u00e8re social de l\u2019Etat alg\u00e9rien, estime M. Aouchiche qui a averti des \u00e9ventuelles cons\u00e9quences de certaines d\u00e9cisions dont notamment la lev\u00e9e des subventions et leur impact sur les&nbsp;\u00ab&nbsp;cat\u00e9gories fragiles \u00bb,&nbsp;tout en mettant l\u2019accent sur la n\u00e9cessit\u00e9 de \u00ab prendre toutes les mesures visant \u00e0 pr\u00e9server le pouvoir d\u2019achat des&nbsp;Alg\u00e9riens \u00bb.<\/p>\n\n\n\n<p>Attach\u00e9 \u00e0 sa traditionnelle d\u00e9marche pour un consensus national par un dialogue sinc\u00e8re et transparent, le FFS a, lors de la rencontre avec le pr\u00e9sident de la r\u00e9publique, averti&nbsp;que&nbsp;les \u00ab tentatives de dialogue trompeur visant \u00e0 gagner du temps ne font que retarder la solution tout en \u00e9loignant le recouvrement de la confiance des citoyens \u00bb. Le FFS, affirme&nbsp;\u00e9galement M. Aouchiche, \u00ab a appel\u00e9 le pr\u00e9sident de la&nbsp;R\u00e9publique \u00e0 montrer une volont\u00e9 r\u00e9elle de changer le syst\u00e8me de gouvernance actuel jug\u00e9 incapable d\u2019apporter des r\u00e9ponses aux attentes des citoyens \u00bb. Aussi, \u00ab aujourd\u2019hui, il appartient au pr\u00e9sident de la&nbsp;R\u00e9publique d\u2019assurer la mise en place des fondements d\u2019un Etat de droit&nbsp;assurant une justice ind\u00e9pendante, la s\u00e9paration des pouvoirs ainsi que le respect des Droits de l\u2019Homme \u00bb, note enfin&nbsp;le premier secr\u00e9taire du FFS.&nbsp;<\/p>\n\n\n\n<p><strong>Akli Amor<\/strong><\/p>\n","protected":false},"excerpt":{"rendered":"<p>Le pr\u00e9sident de la R\u00e9publique multiplie, depuis quelques jours, les rencontres avec les principaux acteurs de la classe politique, du<\/p>\n","protected":false},"author":3,"featured_media":22053,"comment_status":"open","ping_status":"closed","sticky":false,"template":"","format":"standard","meta":{"colormag_page_container_layout":"default_layout","colormag_page_sidebar_layout":"default_layout","om_disable_all_campaigns":false,"_monsterinsights_skip_tracking":false,"_monsterinsights_sitenote_active":false,"_monsterinsights_sitenote_note":"","_monsterinsights_sitenote_category":0,"footnotes":"","_wpscppro_dont_share_socialmedia":false,"_wpscppro_custom_social_share_image":0,"_facebook_share_type":"","_twitter_share_type":"","_linkedin_share_type":"","_pinterest_share_type":"","_linkedin_share_type_page":"","_instagram_share_type":"","_medium_share_type":"","_threads_share_type":"","_google_business_share_type":"","_selected_social_profile":[],"_wpsp_enable_custom_social_template":false,"_wpsp_social_scheduling":{"enabled":false,"datetime":null,"platforms":[],"status":"template_only","dateOption":"today","timeOption":"now","customDays":"","customHours":"","customDate":"","customTime":"","schedulingType":"absolute"},"_wpsp_active_default_template":true},"categories":[52,27],"tags":[],"class_list":["post-22051","post","type-post","status-publish","format-standard","has-post-thumbnail","hentry","category-a-la-une","category-actualite"],"aioseo_notices":[],"yoast_head":"<!-- This site is optimized with the Yoast SEO plugin v27.5 - https:\/\/yoast.com\/product\/yoast-seo-wordpress\/ -->\n<title>Initiative du pr\u00e9sident de la R\u00e9publique pour le \u00ab\u00a0Rassemblement\u00a0\u00bb\u00a0: La n\u00e9cessit\u00e9 d\u2019un consensus national - La Sentinelle<\/title>\n<meta name=\"robots\" content=\"index, follow, max-snippet:-1, max-image-preview:large, max-video-preview:-1\" \/>\n<link rel=\"canonical\" href=\"https:\/\/lasentinelle.dz\/index.php\/2022\/06\/05\/initiative-du-president-de-la-republique-pour-le-rassemblement-la-necessite-dun-consensus-national\/\" \/>\n<meta property=\"og:locale\" content=\"fr_FR\" \/>\n<meta property=\"og:type\" content=\"article\" \/>\n<meta property=\"og:title\" content=\"Initiative du pr\u00e9sident de la R\u00e9publique pour le \u00ab\u00a0Rassemblement\u00a0\u00bb\u00a0: La n\u00e9cessit\u00e9 d\u2019un consensus national - La Sentinelle\" \/>\n<meta property=\"og:description\" content=\"Le pr\u00e9sident de la R\u00e9publique multiplie, depuis quelques jours, les rencontres avec les principaux acteurs de la classe politique, du\" \/>\n<meta property=\"og:url\" content=\"https:\/\/lasentinelle.dz\/index.php\/2022\/06\/05\/initiative-du-president-de-la-republique-pour-le-rassemblement-la-necessite-dun-consensus-national\/\" \/>\n<meta property=\"og:site_name\" content=\"La Sentinelle\" \/>\n<meta property=\"article:publisher\" content=\"https:\/\/www.facebook.com\/La-Sentinelle-104059864394773\" \/>\n<meta property=\"article:published_time\" content=\"2022-06-04T23:05:00+00:00\" \/>\n<meta property=\"og:image\" content=\"https:\/\/lasentinelle.dz\/wp-content\/uploads\/2022\/06\/tebboune-FFS.png\" \/>\n\t<meta property=\"og:image:width\" content=\"1351\" \/>\n\t<meta property=\"og:image:height\" content=\"900\" \/>\n\t<meta property=\"og:image:type\" content=\"image\/png\" \/>\n<meta name=\"author\" content=\"La Sentinelle\" \/>\n<meta name=\"twitter:card\" content=\"summary_large_image\" \/>\n<meta name=\"twitter:label1\" content=\"\u00c9crit par\" \/>\n\t<meta name=\"twitter:data1\" content=\"La Sentinelle\" \/>\n\t<meta name=\"twitter:label2\" content=\"Dur\u00e9e de lecture estim\u00e9e\" \/>\n\t<meta name=\"twitter:data2\" content=\"4 minutes\" \/>\n<script type=\"application\/ld+json\" class=\"yoast-schema-graph\">{\"@context\":\"https:\\\/\\\/schema.org\",\"@graph\":[{\"@type\":\"Article\",\"@id\":\"https:\\\/\\\/lasentinelle.dz\\\/index.php\\\/2022\\\/06\\\/05\\\/initiative-du-president-de-la-republique-pour-le-rassemblement-la-necessite-dun-consensus-national\\\/#article\",\"isPartOf\":{\"@id\":\"https:\\\/\\\/lasentinelle.dz\\\/index.php\\\/2022\\\/06\\\/05\\\/initiative-du-president-de-la-republique-pour-le-rassemblement-la-necessite-dun-consensus-national\\\/\"},\"author\":{\"name\":\"La Sentinelle\",\"@id\":\"https:\\\/\\\/lasentinelle.dz\\\/#\\\/schema\\\/person\\\/d865044e22e70a75174ce8bcad3acfb3\"},\"headline\":\"Initiative du pr\u00e9sident de la R\u00e9publique pour le \u00ab\u00a0Rassemblement\u00a0\u00bb\u00a0: La n\u00e9cessit\u00e9 d\u2019un consensus national\",\"datePublished\":\"2022-06-04T23:05:00+00:00\",\"mainEntityOfPage\":{\"@id\":\"https:\\\/\\\/lasentinelle.dz\\\/index.php\\\/2022\\\/06\\\/05\\\/initiative-du-president-de-la-republique-pour-le-rassemblement-la-necessite-dun-consensus-national\\\/\"},\"wordCount\":779,\"commentCount\":0,\"publisher\":{\"@id\":\"https:\\\/\\\/lasentinelle.dz\\\/#organization\"},\"image\":{\"@id\":\"https:\\\/\\\/lasentinelle.dz\\\/index.php\\\/2022\\\/06\\\/05\\\/initiative-du-president-de-la-republique-pour-le-rassemblement-la-necessite-dun-consensus-national\\\/#primaryimage\"},\"thumbnailUrl\":\"https:\\\/\\\/lasentinelle.dz\\\/wp-content\\\/uploads\\\/2022\\\/06\\\/tebboune-FFS.png\",\"articleSection\":[\"\u00c0 la Une\",\"Actualit\u00e9\"],\"inLanguage\":\"fr-FR\",\"potentialAction\":[{\"@type\":\"CommentAction\",\"name\":\"Comment\",\"target\":[\"https:\\\/\\\/lasentinelle.dz\\\/index.php\\\/2022\\\/06\\\/05\\\/initiative-du-president-de-la-republique-pour-le-rassemblement-la-necessite-dun-consensus-national\\\/#respond\"]}]},{\"@type\":\"WebPage\",\"@id\":\"https:\\\/\\\/lasentinelle.dz\\\/index.php\\\/2022\\\/06\\\/05\\\/initiative-du-president-de-la-republique-pour-le-rassemblement-la-necessite-dun-consensus-national\\\/\",\"url\":\"https:\\\/\\\/lasentinelle.dz\\\/index.php\\\/2022\\\/06\\\/05\\\/initiative-du-president-de-la-republique-pour-le-rassemblement-la-necessite-dun-consensus-national\\\/\",\"name\":\"Initiative du pr\u00e9sident de la R\u00e9publique pour le \u00ab\u00a0Rassemblement\u00a0\u00bb\u00a0: La n\u00e9cessit\u00e9 d\u2019un consensus national - La Sentinelle\",\"isPartOf\":{\"@id\":\"https:\\\/\\\/lasentinelle.dz\\\/#website\"},\"primaryImageOfPage\":{\"@id\":\"https:\\\/\\\/lasentinelle.dz\\\/index.php\\\/2022\\\/06\\\/05\\\/initiative-du-president-de-la-republique-pour-le-rassemblement-la-necessite-dun-consensus-national\\\/#primaryimage\"},\"image\":{\"@id\":\"https:\\\/\\\/lasentinelle.dz\\\/index.php\\\/2022\\\/06\\\/05\\\/initiative-du-president-de-la-republique-pour-le-rassemblement-la-necessite-dun-consensus-national\\\/#primaryimage\"},\"thumbnailUrl\":\"https:\\\/\\\/lasentinelle.dz\\\/wp-content\\\/uploads\\\/2022\\\/06\\\/tebboune-FFS.png\",\"datePublished\":\"2022-06-04T23:05:00+00:00\",\"breadcrumb\":{\"@id\":\"https:\\\/\\\/lasentinelle.dz\\\/index.php\\\/2022\\\/06\\\/05\\\/initiative-du-president-de-la-republique-pour-le-rassemblement-la-necessite-dun-consensus-national\\\/#breadcrumb\"},\"inLanguage\":\"fr-FR\",\"potentialAction\":[{\"@type\":\"ReadAction\",\"target\":[\"https:\\\/\\\/lasentinelle.dz\\\/index.php\\\/2022\\\/06\\\/05\\\/initiative-du-president-de-la-republique-pour-le-rassemblement-la-necessite-dun-consensus-national\\\/\"]}]},{\"@type\":\"ImageObject\",\"inLanguage\":\"fr-FR\",\"@id\":\"https:\\\/\\\/lasentinelle.dz\\\/index.php\\\/2022\\\/06\\\/05\\\/initiative-du-president-de-la-republique-pour-le-rassemblement-la-necessite-dun-consensus-national\\\/#primaryimage\",\"url\":\"https:\\\/\\\/lasentinelle.dz\\\/wp-content\\\/uploads\\\/2022\\\/06\\\/tebboune-FFS.png\",\"contentUrl\":\"https:\\\/\\\/lasentinelle.dz\\\/wp-content\\\/uploads\\\/2022\\\/06\\\/tebboune-FFS.png\",\"width\":1351,\"height\":900},{\"@type\":\"BreadcrumbList\",\"@id\":\"https:\\\/\\\/lasentinelle.dz\\\/index.php\\\/2022\\\/06\\\/05\\\/initiative-du-president-de-la-republique-pour-le-rassemblement-la-necessite-dun-consensus-national\\\/#breadcrumb\",\"itemListElement\":[{\"@type\":\"ListItem\",\"position\":1,\"name\":\"Accueil\",\"item\":\"https:\\\/\\\/lasentinelle.dz\\\/\"},{\"@type\":\"ListItem\",\"position\":2,\"name\":\"Initiative du pr\u00e9sident de la R\u00e9publique pour le \u00ab\u00a0Rassemblement\u00a0\u00bb\u00a0: La n\u00e9cessit\u00e9 d\u2019un consensus national\"}]},{\"@type\":\"WebSite\",\"@id\":\"https:\\\/\\\/lasentinelle.dz\\\/#website\",\"url\":\"https:\\\/\\\/lasentinelle.dz\\\/\",\"name\":\"La Sentinelle\",\"description\":\"Quotidien national d&#039;information\",\"publisher\":{\"@id\":\"https:\\\/\\\/lasentinelle.dz\\\/#organization\"},\"potentialAction\":[{\"@type\":\"SearchAction\",\"target\":{\"@type\":\"EntryPoint\",\"urlTemplate\":\"https:\\\/\\\/lasentinelle.dz\\\/?s={search_term_string}\"},\"query-input\":{\"@type\":\"PropertyValueSpecification\",\"valueRequired\":true,\"valueName\":\"search_term_string\"}}],\"inLanguage\":\"fr-FR\"},{\"@type\":\"Organization\",\"@id\":\"https:\\\/\\\/lasentinelle.dz\\\/#organization\",\"name\":\"Quotidien La Sentinelle\",\"url\":\"https:\\\/\\\/lasentinelle.dz\\\/\",\"logo\":{\"@type\":\"ImageObject\",\"inLanguage\":\"fr-FR\",\"@id\":\"https:\\\/\\\/lasentinelle.dz\\\/#\\\/schema\\\/logo\\\/image\\\/\",\"url\":\"https:\\\/\\\/lasentinelle.dz\\\/wp-content\\\/uploads\\\/2021\\\/09\\\/logo-sentinelleSLOGAN-1.png\",\"contentUrl\":\"https:\\\/\\\/lasentinelle.dz\\\/wp-content\\\/uploads\\\/2021\\\/09\\\/logo-sentinelleSLOGAN-1.png\",\"width\":615,\"height\":142,\"caption\":\"Quotidien La Sentinelle\"},\"image\":{\"@id\":\"https:\\\/\\\/lasentinelle.dz\\\/#\\\/schema\\\/logo\\\/image\\\/\"},\"sameAs\":[\"https:\\\/\\\/www.facebook.com\\\/La-Sentinelle-104059864394773\"]},{\"@type\":\"Person\",\"@id\":\"https:\\\/\\\/lasentinelle.dz\\\/#\\\/schema\\\/person\\\/d865044e22e70a75174ce8bcad3acfb3\",\"name\":\"La Sentinelle\",\"image\":{\"@type\":\"ImageObject\",\"inLanguage\":\"fr-FR\",\"@id\":\"https:\\\/\\\/secure.gravatar.com\\\/avatar\\\/57de8e5d4b15d43fb361a71fbb36338450fe67865b528a43dd10ef7c51a20392?s=96&d=mm&r=g\",\"url\":\"https:\\\/\\\/secure.gravatar.com\\\/avatar\\\/57de8e5d4b15d43fb361a71fbb36338450fe67865b528a43dd10ef7c51a20392?s=96&d=mm&r=g\",\"contentUrl\":\"https:\\\/\\\/secure.gravatar.com\\\/avatar\\\/57de8e5d4b15d43fb361a71fbb36338450fe67865b528a43dd10ef7c51a20392?s=96&d=mm&r=g\",\"caption\":\"La Sentinelle\"},\"sameAs\":[\"http:\\\/\\\/www.lasentinelle.dz\"],\"url\":\"https:\\\/\\\/lasentinelle.dz\\\/author\\\/redaction\\\/\"}]}<\/script>\n<!-- \/ Yoast SEO plugin. -->","yoast_head_json":{"title":"Initiative du pr\u00e9sident de la R\u00e9publique pour le \u00ab\u00a0Rassemblement\u00a0\u00bb\u00a0: La n\u00e9cessit\u00e9 d\u2019un consensus national - La Sentinelle","robots":{"index":"index","follow":"follow","max-snippet":"max-snippet:-1","max-image-preview":"max-image-preview:large","max-video-preview":"max-video-preview:-1"},"canonical":"https:\/\/lasentinelle.dz\/index.php\/2022\/06\/05\/initiative-du-president-de-la-republique-pour-le-rassemblement-la-necessite-dun-consensus-national\/","og_locale":"fr_FR","og_type":"article","og_title":"Initiative du pr\u00e9sident de la R\u00e9publique pour le \u00ab\u00a0Rassemblement\u00a0\u00bb\u00a0: La n\u00e9cessit\u00e9 d\u2019un consensus national - La Sentinelle","og_description":"Le pr\u00e9sident de la R\u00e9publique multiplie, depuis quelques jours, les rencontres avec les principaux acteurs de la classe politique, du","og_url":"https:\/\/lasentinelle.dz\/index.php\/2022\/06\/05\/initiative-du-president-de-la-republique-pour-le-rassemblement-la-necessite-dun-consensus-national\/","og_site_name":"La Sentinelle","article_publisher":"https:\/\/www.facebook.com\/La-Sentinelle-104059864394773","article_published_time":"2022-06-04T23:05:00+00:00","og_image":[{"width":1351,"height":900,"url":"https:\/\/lasentinelle.dz\/wp-content\/uploads\/2022\/06\/tebboune-FFS.png","type":"image\/png"}],"author":"La Sentinelle","twitter_card":"summary_large_image","twitter_misc":{"\u00c9crit par":"La Sentinelle","Dur\u00e9e de lecture estim\u00e9e":"4 minutes"},"schema":{"@context":"https:\/\/schema.org","@graph":[{"@type":"Article","@id":"https:\/\/lasentinelle.dz\/index.php\/2022\/06\/05\/initiative-du-president-de-la-republique-pour-le-rassemblement-la-necessite-dun-consensus-national\/#article","isPartOf":{"@id":"https:\/\/lasentinelle.dz\/index.php\/2022\/06\/05\/initiative-du-president-de-la-republique-pour-le-rassemblement-la-necessite-dun-consensus-national\/"},"author":{"name":"La Sentinelle","@id":"https:\/\/lasentinelle.dz\/#\/schema\/person\/d865044e22e70a75174ce8bcad3acfb3"},"headline":"Initiative du pr\u00e9sident de la R\u00e9publique pour le \u00ab\u00a0Rassemblement\u00a0\u00bb\u00a0: La n\u00e9cessit\u00e9 d\u2019un consensus national","datePublished":"2022-06-04T23:05:00+00:00","mainEntityOfPage":{"@id":"https:\/\/lasentinelle.dz\/index.php\/2022\/06\/05\/initiative-du-president-de-la-republique-pour-le-rassemblement-la-necessite-dun-consensus-national\/"},"wordCount":779,"commentCount":0,"publisher":{"@id":"https:\/\/lasentinelle.dz\/#organization"},"image":{"@id":"https:\/\/lasentinelle.dz\/index.php\/2022\/06\/05\/initiative-du-president-de-la-republique-pour-le-rassemblement-la-necessite-dun-consensus-national\/#primaryimage"},"thumbnailUrl":"https:\/\/lasentinelle.dz\/wp-content\/uploads\/2022\/06\/tebboune-FFS.png","articleSection":["\u00c0 la Une","Actualit\u00e9"],"inLanguage":"fr-FR","potentialAction":[{"@type":"CommentAction","name":"Comment","target":["https:\/\/lasentinelle.dz\/index.php\/2022\/06\/05\/initiative-du-president-de-la-republique-pour-le-rassemblement-la-necessite-dun-consensus-national\/#respond"]}]},{"@type":"WebPage","@id":"https:\/\/lasentinelle.dz\/index.php\/2022\/06\/05\/initiative-du-president-de-la-republique-pour-le-rassemblement-la-necessite-dun-consensus-national\/","url":"https:\/\/lasentinelle.dz\/index.php\/2022\/06\/05\/initiative-du-president-de-la-republique-pour-le-rassemblement-la-necessite-dun-consensus-national\/","name":"Initiative du pr\u00e9sident de la R\u00e9publique pour le \u00ab\u00a0Rassemblement\u00a0\u00bb\u00a0: La n\u00e9cessit\u00e9 d\u2019un consensus national - La Sentinelle","isPartOf":{"@id":"https:\/\/lasentinelle.dz\/#website"},"primaryImageOfPage":{"@id":"https:\/\/lasentinelle.dz\/index.php\/2022\/06\/05\/initiative-du-president-de-la-republique-pour-le-rassemblement-la-necessite-dun-consensus-national\/#primaryimage"},"image":{"@id":"https:\/\/lasentinelle.dz\/index.php\/2022\/06\/05\/initiative-du-president-de-la-republique-pour-le-rassemblement-la-necessite-dun-consensus-national\/#primaryimage"},"thumbnailUrl":"https:\/\/lasentinelle.dz\/wp-content\/uploads\/2022\/06\/tebboune-FFS.png","datePublished":"2022-06-04T23:05:00+00:00","breadcrumb":{"@id":"https:\/\/lasentinelle.dz\/index.php\/2022\/06\/05\/initiative-du-president-de-la-republique-pour-le-rassemblement-la-necessite-dun-consensus-national\/#breadcrumb"},"inLanguage":"fr-FR","potentialAction":[{"@type":"ReadAction","target":["https:\/\/lasentinelle.dz\/index.php\/2022\/06\/05\/initiative-du-president-de-la-republique-pour-le-rassemblement-la-necessite-dun-consensus-national\/"]}]},{"@type":"ImageObject","inLanguage":"fr-FR","@id":"https:\/\/lasentinelle.dz\/index.php\/2022\/06\/05\/initiative-du-president-de-la-republique-pour-le-rassemblement-la-necessite-dun-consensus-national\/#primaryimage","url":"https:\/\/lasentinelle.dz\/wp-content\/uploads\/2022\/06\/tebboune-FFS.png","contentUrl":"https:\/\/lasentinelle.dz\/wp-content\/uploads\/2022\/06\/tebboune-FFS.png","width":1351,"height":900},{"@type":"BreadcrumbList","@id":"https:\/\/lasentinelle.dz\/index.php\/2022\/06\/05\/initiative-du-president-de-la-republique-pour-le-rassemblement-la-necessite-dun-consensus-national\/#breadcrumb","itemListElement":[{"@type":"ListItem","position":1,"name":"Accueil","item":"https:\/\/lasentinelle.dz\/"},{"@type":"ListItem","position":2,"name":"Initiative du pr\u00e9sident de la R\u00e9publique pour le \u00ab\u00a0Rassemblement\u00a0\u00bb\u00a0: La n\u00e9cessit\u00e9 d\u2019un consensus national"}]},{"@type":"WebSite","@id":"https:\/\/lasentinelle.dz\/#website","url":"https:\/\/lasentinelle.dz\/","name":"La Sentinelle","description":"Quotidien national d&#039;information","publisher":{"@id":"https:\/\/lasentinelle.dz\/#organization"},"potentialAction":[{"@type":"SearchAction","target":{"@type":"EntryPoint","urlTemplate":"https:\/\/lasentinelle.dz\/?s={search_term_string}"},"query-input":{"@type":"PropertyValueSpecification","valueRequired":true,"valueName":"search_term_string"}}],"inLanguage":"fr-FR"},{"@type":"Organization","@id":"https:\/\/lasentinelle.dz\/#organization","name":"Quotidien La Sentinelle","url":"https:\/\/lasentinelle.dz\/","logo":{"@type":"ImageObject","inLanguage":"fr-FR","@id":"https:\/\/lasentinelle.dz\/#\/schema\/logo\/image\/","url":"https:\/\/lasentinelle.dz\/wp-content\/uploads\/2021\/09\/logo-sentinelleSLOGAN-1.png","contentUrl":"https:\/\/lasentinelle.dz\/wp-content\/uploads\/2021\/09\/logo-sentinelleSLOGAN-1.png","width":615,"height":142,"caption":"Quotidien La Sentinelle"},"image":{"@id":"https:\/\/lasentinelle.dz\/#\/schema\/logo\/image\/"},"sameAs":["https:\/\/www.facebook.com\/La-Sentinelle-104059864394773"]},{"@type":"Person","@id":"https:\/\/lasentinelle.dz\/#\/schema\/person\/d865044e22e70a75174ce8bcad3acfb3","name":"La Sentinelle","image":{"@type":"ImageObject","inLanguage":"fr-FR","@id":"https:\/\/secure.gravatar.com\/avatar\/57de8e5d4b15d43fb361a71fbb36338450fe67865b528a43dd10ef7c51a20392?s=96&d=mm&r=g","url":"https:\/\/secure.gravatar.com\/avatar\/57de8e5d4b15d43fb361a71fbb36338450fe67865b528a43dd10ef7c51a20392?s=96&d=mm&r=g","contentUrl":"https:\/\/secure.gravatar.com\/avatar\/57de8e5d4b15d43fb361a71fbb36338450fe67865b528a43dd10ef7c51a20392?s=96&d=mm&r=g","caption":"La Sentinelle"},"sameAs":["http:\/\/www.lasentinelle.dz"],"url":"https:\/\/lasentinelle.dz\/author\/redaction\/"}]}},"_links":{"self":[{"href":"https:\/\/lasentinelle.dz\/index.php\/wp-json\/wp\/v2\/posts\/22051","targetHints":{"allow":["GET"]}}],"collection":[{"href":"https:\/\/lasentinelle.dz\/index.php\/wp-json\/wp\/v2\/posts"}],"about":[{"href":"https:\/\/lasentinelle.dz\/index.php\/wp-json\/wp\/v2\/types\/post"}],"author":[{"embeddable":true,"href":"https:\/\/lasentinelle.dz\/index.php\/wp-json\/wp\/v2\/users\/3"}],"replies":[{"embeddable":true,"href":"https:\/\/lasentinelle.dz\/index.php\/wp-json\/wp\/v2\/comments?post=22051"}],"version-history":[{"count":1,"href":"https:\/\/lasentinelle.dz\/index.php\/wp-json\/wp\/v2\/posts\/22051\/revisions"}],"predecessor-version":[{"id":22056,"href":"https:\/\/lasentinelle.dz\/index.php\/wp-json\/wp\/v2\/posts\/22051\/revisions\/22056"}],"wp:featuredmedia":[{"embeddable":true,"href":"https:\/\/lasentinelle.dz\/index.php\/wp-json\/wp\/v2\/media\/22053"}],"wp:attachment":[{"href":"https:\/\/lasentinelle.dz\/index.php\/wp-json\/wp\/v2\/media?parent=22051"}],"wp:term":[{"taxonomy":"category","embeddable":true,"href":"https:\/\/lasentinelle.dz\/index.php\/wp-json\/wp\/v2\/categories?post=22051"},{"taxonomy":"post_tag","embeddable":true,"href":"https:\/\/lasentinelle.dz\/index.php\/wp-json\/wp\/v2\/tags?post=22051"}],"curies":[{"name":"wp","href":"https:\/\/api.w.org\/{rel}","templated":true}]}}