{"id":22131,"date":"2022-06-07T00:05:00","date_gmt":"2022-06-06T23:05:00","guid":{"rendered":"https:\/\/lasentinelle.dz\/?p=22131"},"modified":"2022-06-06T20:58:32","modified_gmt":"2022-06-06T19:58:32","slug":"le-patronat-sinvite-dans-le-debat-et-critique-certaines-conditions-actuelles-comment-relancer-lindustrie-automobile","status":"publish","type":"post","link":"https:\/\/lasentinelle.dz\/index.php\/2022\/06\/07\/le-patronat-sinvite-dans-le-debat-et-critique-certaines-conditions-actuelles-comment-relancer-lindustrie-automobile\/","title":{"rendered":"Le patronat s\u2019invite dans le d\u00e9bat et critique certaines conditions actuelles\u00a0: Comment relancer la fili\u00e8re automobile\u00a0?\ufffc"},"content":{"rendered":"\n<p>Comment relancer l\u2019industrie m\u00e9canique, particuli\u00e8re l\u2019industrie automobile, rapidement sans tomber pour autant dans les erreurs pass\u00e9es qui ont contribu\u00e9 \u00e0 grever les ressources du Tr\u00e9sors public&nbsp;\u00e0 travers l\u2019importation d\u00e9tourn\u00e9e? C\u2019est la question sur laquelle s\u2019est pench\u00e9e la Coordination nationale du patronat (CNP) en collaboration avec l\u2019Association de protection et d\u2019orientation du consommateur et de son environnement, pour pondre un guide de relance de l\u2019industrie m\u00e9canique.&nbsp;<\/p>\n\n\n\n<p>Une contribution qui \u00e9t\u00e9 pr\u00e9sent\u00e9e hier par le pr\u00e9sident de la Conf\u00e9d\u00e9ration alg\u00e9rienne du patronat citoyen, Sami Agli et le pr\u00e9sident de l\u2019Association de protection et d\u2019orientation du consommateur et de son environnement, Mustapha Zebdi. Une contribution qui dresse un \u00e9tat des lieux critique avant de formuler des recommandations. Ainsi, si la contribution de la CNP souligne la difficult\u00e9 d\u2019imposer certaines conditions comme l\u2019exigence d\u2019un taux d\u2019int\u00e9gration \u00e9lev\u00e9 dans l\u2019industrie m\u00e9canique nationale, elle souligne qu\u2019il s\u2019agit d\u2019\u00e9viter les erreurs pass\u00e9es et aussi de trouver des moyens de pr\u00e9server la balance devise du pays.&nbsp;&nbsp;C\u2019est dans ce contexte que le pr\u00e9sident de la CAPC, Sami Agli a soulign\u00e9 hier que cette contribution est assise sur l\u2019examen&nbsp;\u00ab&nbsp;des pistes op\u00e9rationnelles pour pouvoir relancer l\u2019industrie automobile sans affecter la balance commerciale (pr\u00e9servation des devises) et sans exacerber la pression sur les devises du march\u00e9 parall\u00e8le&nbsp;\u00bb.&nbsp;\u00ab&nbsp;Il s\u2019agit, notamment, de tirer profit des avantages comparatifs qu\u2019offre notre pays \u00e0 l\u2019effet de booster l\u2019industrie m\u00e9canique et l\u2019exportation, tout en permettant de satisfaire crescendo la demande nationale par l\u2019interm\u00e9diaire de financements des constructeurs automobile au lieu et place du tr\u00e9sor public&nbsp;\u00bb explique-t-il.&nbsp;Et d\u2019ajouter que \u00ab&nbsp;cette approche se veut \u00eatre op\u00e9rationnelle \u00e0 tr\u00e8s court terme et dont les modalit\u00e9s financi\u00e8res sont tr\u00e8s avantageuses pour notre \u00e9conomie, qui \u00e9volue dans un contexte de crise mondiale&nbsp;\u00bb.<\/p>\n\n\n\n<p>Aussi, apr\u00e8s avoir donn\u00e9 un tableau exhaustif du secteur automobile alg\u00e9rien, pass\u00e9 et pr\u00e9sent,&nbsp;la contribution de la CNP&nbsp;souligne les points faibles et les atouts&nbsp;&nbsp;du cr\u00e9neau qui, pr\u00e9cise-t-on dans le document, pr\u00e9sentait un climat non favorable aux investissements \u00e9trangers.&nbsp;Elle&nbsp;met en avant ainsi quelques pr\u00e9alables pour d\u00e9velopper le cr\u00e9neau,&nbsp;et&nbsp;critique certains points de la strat\u00e9gie nationale adopt\u00e9e dans ce domaine. Il en est ainsi de la recherche de taux d\u2019int\u00e9gration \u00e9lev\u00e9s qui est consid\u00e9r\u00e9, dans l\u2019\u00e9tude comme \u00ab irrationnel&nbsp;,&nbsp;au regard de la particularit\u00e9 de l\u2019industrie automobile qui conna\u00eet une externalisation de plus en plus accrue \u00bb et au regard de&nbsp;&nbsp;\u00ab la n\u00e9cessit\u00e9, pour notre pays, de prendre en compte les objectifs des grands groupes industriels et leurs plans d\u2019expansion \u00bb. Afin d\u2019appuyer sa critique de la recherche des taux d\u2019int\u00e9gration \u00e9lev\u00e9s, la&nbsp;CNP&nbsp;cite le cas de de la SNVI (ex-SONACOME) qui a atteint des taux d\u2019int\u00e9gration sup\u00e9rieurs \u00e0 80 % sans pour autant \u00e9viter que cela n\u2019influe n\u00e9gativement sur la productivit\u00e9 et sur l\u2019innovation dans notamment l\u2019impossibilit\u00e9 d\u2019\u00e9laborer&nbsp;&nbsp;de nouveaux designs pour ses produits \u00e0 cause des co\u00fbts \u00e9lev\u00e9s et des investissements \u00e0 r\u00e9aliser pour mettre \u00e0 niveau toutes les cha\u00eenes de production.<\/p>\n\n\n\n<p>Apr\u00e8s avoir recommand\u00e9 de se d\u00e9faire de la recherche des taux \u00e9lev\u00e9s d\u2019int\u00e9gration,&nbsp;le document&nbsp;pr\u00e9conise de proc\u00e9der par \u00e9tapes successives dont la mise en \u0153uvre \u00ab se base surl\u2019exploitation des avantages comparatifs dont dispose notre pays sur le plan r\u00e9gional (notamment par le b\u00e9n\u00e9fice des accords multilat\u00e9raux : accords avec UE, GZALE et ZLECAF) ainsi que sur les investissements r\u00e9alis\u00e9s ou \u00e0 r\u00e9aliser\u2019. Comme premi\u00e8re phase, explique-t-on, l\u2019Alg\u00e9rie devra&nbsp;&nbsp;proc\u00e9der au montage pour l\u2019exportation avec un changement de position tarifaire \u00e0 m\u00eame de permettre une alg\u00e9rianisation du produit et le b\u00e9n\u00e9fice des dispositions des diff\u00e9rents accords. Ce qui va faire profiter du b\u00e9n\u00e9fice tir\u00e9 en devises,&nbsp;&nbsp;l\u2019assembleur national et son fournisseur pour alimenter le march\u00e9 local faisant renouveler progressivement le parc national sans affecter les devises d\u00e9tenues localement et tout en fructifiant les infrastructures existantes et en exploitant la main d\u2019\u0153uvre d\u00e9j\u00e0 form\u00e9e.&nbsp;\u00bb&nbsp;La deuxi\u00e8me phase consiste \u00e0 passer de l\u2019id\u00e9e de la substitution \u00e0 l\u2019importation (march\u00e9 restreint) au d\u00e9veloppement des exportations (\u00e9conomie d\u2019\u00e9chelle et donc comp\u00e9titivit\u00e9) via l\u2019homologation d\u2019un certain nombre pr\u00e9d\u00e9fini de pi\u00e8ces de rechanges par les sous-<\/p>\n\n\n\n<p>traitants et de produits d\u00e9j\u00e0 existants, dans le domaine de la m\u00e9canique, ce qui rendra<\/p>\n\n\n\n<p>cette fili\u00e8re exportatrice \u00bb, explique&nbsp;le&nbsp;son document. Enfin, la troisi\u00e8me phase est, pour&nbsp;la coordination du patronat, une \u00e9tape qui sera marqu\u00e9e par l\u2019exportation de la c\u00e2blerie \u00e9lectrique et faisceaux de c\u00e2ble \u00ab dans lequel l\u2019Alg\u00e9rie poss\u00e8de un&nbsp;&nbsp;\u00e9norme avantage comparatif (du moment o\u00f9 on a pu exporter nos produits)&nbsp;\u00bb. \u00ab&nbsp;&nbsp;l\u2019Alg\u00e9rie dispose d\u2019un \u00e9norme potentiel \u00e0 travers les investissements d\u00e9j\u00e0 r\u00e9alis\u00e9s ou en cours de r\u00e9alisation mais qui n\u00e9cessitent un minimum de mise \u00e0 niveau, tels que les emboutissage de t\u00f4le,&nbsp;&nbsp;les diverses pi\u00e8ces moul\u00e9es, les pi\u00e8ces Electroniques auto (les modules embarqu\u00e9es) ainsi que les pi\u00e8ces \u00e9lectriques auto (batteries sans entretien, ampoules&nbsp;\u00bb, explique-t-on enfin.&nbsp;<\/p>\n\n\n\n<p>Il est utile de rappeler, le ministre de l\u2019Industrie, Ahmed Zeghdar, a r\u00e9cemment annonc\u00e9 des contacts avec de grands constructeurs automobiles, pour l\u2019installation d\u2019unit\u00e9 de production en Alg\u00e9rie. Des projets qui pourraient rapidement se concr\u00e9tiser, a expliqu\u00e9 Zeghdar, gr\u00e2ce \u00e0 la nouvelle loi sur les investissements.&nbsp;<\/p>\n\n\n\n<p><strong>Kamel Nait Ameur<\/strong><\/p>\n","protected":false},"excerpt":{"rendered":"<p>Comment relancer l\u2019industrie m\u00e9canique, particuli\u00e8re l\u2019industrie automobile, rapidement sans tomber pour autant dans les erreurs pass\u00e9es qui ont contribu\u00e9 \u00e0<\/p>\n","protected":false},"author":3,"featured_media":22181,"comment_status":"open","ping_status":"closed","sticky":false,"template":"","format":"standard","meta":{"colormag_page_container_layout":"default_layout","colormag_page_sidebar_layout":"default_layout","om_disable_all_campaigns":false,"_monsterinsights_skip_tracking":false,"_monsterinsights_sitenote_active":false,"_monsterinsights_sitenote_note":"","_monsterinsights_sitenote_category":0,"footnotes":"","_wpscppro_dont_share_socialmedia":false,"_wpscppro_custom_social_share_image":0,"_facebook_share_type":"","_twitter_share_type":"","_linkedin_share_type":"","_pinterest_share_type":"","_linkedin_share_type_page":"","_instagram_share_type":"","_medium_share_type":"","_threads_share_type":"","_google_business_share_type":"","_selected_social_profile":[],"_wpsp_enable_custom_social_template":false,"_wpsp_social_scheduling":{"enabled":false,"datetime":null,"platforms":[],"status":"template_only","dateOption":"today","timeOption":"now","customDays":"","customHours":"","customDate":"","customTime":"","schedulingType":"absolute"},"_wpsp_active_default_template":true},"categories":[52,29],"tags":[],"class_list":["post-22131","post","type-post","status-publish","format-standard","has-post-thumbnail","hentry","category-a-la-une","category-economie"],"aioseo_notices":[],"yoast_head":"<!-- This site is optimized with the Yoast SEO plugin v27.5 - https:\/\/yoast.com\/product\/yoast-seo-wordpress\/ -->\n<title>Le patronat s\u2019invite dans le d\u00e9bat et critique certaines conditions actuelles\u00a0: Comment relancer la fili\u00e8re automobile\u00a0?\ufffc - La Sentinelle<\/title>\n<meta name=\"robots\" content=\"index, follow, max-snippet:-1, max-image-preview:large, max-video-preview:-1\" \/>\n<link rel=\"canonical\" href=\"https:\/\/lasentinelle.dz\/index.php\/2022\/06\/07\/le-patronat-sinvite-dans-le-debat-et-critique-certaines-conditions-actuelles-comment-relancer-lindustrie-automobile\/\" \/>\n<meta property=\"og:locale\" content=\"fr_FR\" \/>\n<meta property=\"og:type\" content=\"article\" \/>\n<meta property=\"og:title\" content=\"Le patronat s\u2019invite dans le d\u00e9bat et critique certaines conditions actuelles\u00a0: Comment relancer la fili\u00e8re automobile\u00a0?\ufffc - La Sentinelle\" \/>\n<meta property=\"og:description\" content=\"Comment relancer l\u2019industrie m\u00e9canique, particuli\u00e8re l\u2019industrie automobile, rapidement sans tomber pour autant dans les erreurs pass\u00e9es qui ont contribu\u00e9 \u00e0\" \/>\n<meta property=\"og:url\" content=\"https:\/\/lasentinelle.dz\/index.php\/2022\/06\/07\/le-patronat-sinvite-dans-le-debat-et-critique-certaines-conditions-actuelles-comment-relancer-lindustrie-automobile\/\" \/>\n<meta property=\"og:site_name\" content=\"La Sentinelle\" \/>\n<meta property=\"article:publisher\" content=\"https:\/\/www.facebook.com\/La-Sentinelle-104059864394773\" \/>\n<meta property=\"article:published_time\" content=\"2022-06-06T23:05:00+00:00\" \/>\n<meta property=\"og:image\" content=\"https:\/\/lasentinelle.dz\/wp-content\/uploads\/2022\/06\/industrie-mecanique.png\" \/>\n\t<meta property=\"og:image:width\" content=\"1600\" \/>\n\t<meta property=\"og:image:height\" content=\"900\" \/>\n\t<meta property=\"og:image:type\" content=\"image\/png\" \/>\n<meta name=\"author\" content=\"La Sentinelle\" \/>\n<meta name=\"twitter:card\" content=\"summary_large_image\" \/>\n<meta name=\"twitter:label1\" content=\"\u00c9crit par\" \/>\n\t<meta name=\"twitter:data1\" content=\"La Sentinelle\" \/>\n\t<meta name=\"twitter:label2\" content=\"Dur\u00e9e de lecture estim\u00e9e\" \/>\n\t<meta name=\"twitter:data2\" content=\"5 minutes\" \/>\n<script type=\"application\/ld+json\" class=\"yoast-schema-graph\">{\"@context\":\"https:\\\/\\\/schema.org\",\"@graph\":[{\"@type\":\"Article\",\"@id\":\"https:\\\/\\\/lasentinelle.dz\\\/index.php\\\/2022\\\/06\\\/07\\\/le-patronat-sinvite-dans-le-debat-et-critique-certaines-conditions-actuelles-comment-relancer-lindustrie-automobile\\\/#article\",\"isPartOf\":{\"@id\":\"https:\\\/\\\/lasentinelle.dz\\\/index.php\\\/2022\\\/06\\\/07\\\/le-patronat-sinvite-dans-le-debat-et-critique-certaines-conditions-actuelles-comment-relancer-lindustrie-automobile\\\/\"},\"author\":{\"name\":\"La Sentinelle\",\"@id\":\"https:\\\/\\\/lasentinelle.dz\\\/#\\\/schema\\\/person\\\/d865044e22e70a75174ce8bcad3acfb3\"},\"headline\":\"Le patronat s\u2019invite dans le d\u00e9bat et critique certaines conditions actuelles\u00a0: Comment relancer la fili\u00e8re automobile\u00a0?\ufffc\",\"datePublished\":\"2022-06-06T23:05:00+00:00\",\"mainEntityOfPage\":{\"@id\":\"https:\\\/\\\/lasentinelle.dz\\\/index.php\\\/2022\\\/06\\\/07\\\/le-patronat-sinvite-dans-le-debat-et-critique-certaines-conditions-actuelles-comment-relancer-lindustrie-automobile\\\/\"},\"wordCount\":1049,\"commentCount\":0,\"publisher\":{\"@id\":\"https:\\\/\\\/lasentinelle.dz\\\/#organization\"},\"image\":{\"@id\":\"https:\\\/\\\/lasentinelle.dz\\\/index.php\\\/2022\\\/06\\\/07\\\/le-patronat-sinvite-dans-le-debat-et-critique-certaines-conditions-actuelles-comment-relancer-lindustrie-automobile\\\/#primaryimage\"},\"thumbnailUrl\":\"https:\\\/\\\/lasentinelle.dz\\\/wp-content\\\/uploads\\\/2022\\\/06\\\/industrie-mecanique.png\",\"articleSection\":[\"\u00c0 la Une\",\"\u00c9conomie\"],\"inLanguage\":\"fr-FR\",\"potentialAction\":[{\"@type\":\"CommentAction\",\"name\":\"Comment\",\"target\":[\"https:\\\/\\\/lasentinelle.dz\\\/index.php\\\/2022\\\/06\\\/07\\\/le-patronat-sinvite-dans-le-debat-et-critique-certaines-conditions-actuelles-comment-relancer-lindustrie-automobile\\\/#respond\"]}]},{\"@type\":\"WebPage\",\"@id\":\"https:\\\/\\\/lasentinelle.dz\\\/index.php\\\/2022\\\/06\\\/07\\\/le-patronat-sinvite-dans-le-debat-et-critique-certaines-conditions-actuelles-comment-relancer-lindustrie-automobile\\\/\",\"url\":\"https:\\\/\\\/lasentinelle.dz\\\/index.php\\\/2022\\\/06\\\/07\\\/le-patronat-sinvite-dans-le-debat-et-critique-certaines-conditions-actuelles-comment-relancer-lindustrie-automobile\\\/\",\"name\":\"Le patronat s\u2019invite dans le d\u00e9bat et critique certaines conditions actuelles\u00a0: Comment relancer la fili\u00e8re automobile\u00a0?\ufffc - La Sentinelle\",\"isPartOf\":{\"@id\":\"https:\\\/\\\/lasentinelle.dz\\\/#website\"},\"primaryImageOfPage\":{\"@id\":\"https:\\\/\\\/lasentinelle.dz\\\/index.php\\\/2022\\\/06\\\/07\\\/le-patronat-sinvite-dans-le-debat-et-critique-certaines-conditions-actuelles-comment-relancer-lindustrie-automobile\\\/#primaryimage\"},\"image\":{\"@id\":\"https:\\\/\\\/lasentinelle.dz\\\/index.php\\\/2022\\\/06\\\/07\\\/le-patronat-sinvite-dans-le-debat-et-critique-certaines-conditions-actuelles-comment-relancer-lindustrie-automobile\\\/#primaryimage\"},\"thumbnailUrl\":\"https:\\\/\\\/lasentinelle.dz\\\/wp-content\\\/uploads\\\/2022\\\/06\\\/industrie-mecanique.png\",\"datePublished\":\"2022-06-06T23:05:00+00:00\",\"breadcrumb\":{\"@id\":\"https:\\\/\\\/lasentinelle.dz\\\/index.php\\\/2022\\\/06\\\/07\\\/le-patronat-sinvite-dans-le-debat-et-critique-certaines-conditions-actuelles-comment-relancer-lindustrie-automobile\\\/#breadcrumb\"},\"inLanguage\":\"fr-FR\",\"potentialAction\":[{\"@type\":\"ReadAction\",\"target\":[\"https:\\\/\\\/lasentinelle.dz\\\/index.php\\\/2022\\\/06\\\/07\\\/le-patronat-sinvite-dans-le-debat-et-critique-certaines-conditions-actuelles-comment-relancer-lindustrie-automobile\\\/\"]}]},{\"@type\":\"ImageObject\",\"inLanguage\":\"fr-FR\",\"@id\":\"https:\\\/\\\/lasentinelle.dz\\\/index.php\\\/2022\\\/06\\\/07\\\/le-patronat-sinvite-dans-le-debat-et-critique-certaines-conditions-actuelles-comment-relancer-lindustrie-automobile\\\/#primaryimage\",\"url\":\"https:\\\/\\\/lasentinelle.dz\\\/wp-content\\\/uploads\\\/2022\\\/06\\\/industrie-mecanique.png\",\"contentUrl\":\"https:\\\/\\\/lasentinelle.dz\\\/wp-content\\\/uploads\\\/2022\\\/06\\\/industrie-mecanique.png\",\"width\":1600,\"height\":900},{\"@type\":\"BreadcrumbList\",\"@id\":\"https:\\\/\\\/lasentinelle.dz\\\/index.php\\\/2022\\\/06\\\/07\\\/le-patronat-sinvite-dans-le-debat-et-critique-certaines-conditions-actuelles-comment-relancer-lindustrie-automobile\\\/#breadcrumb\",\"itemListElement\":[{\"@type\":\"ListItem\",\"position\":1,\"name\":\"Accueil\",\"item\":\"https:\\\/\\\/lasentinelle.dz\\\/\"},{\"@type\":\"ListItem\",\"position\":2,\"name\":\"Le patronat s\u2019invite dans le d\u00e9bat et critique certaines conditions actuelles\u00a0: Comment relancer la fili\u00e8re automobile\u00a0?\ufffc\"}]},{\"@type\":\"WebSite\",\"@id\":\"https:\\\/\\\/lasentinelle.dz\\\/#website\",\"url\":\"https:\\\/\\\/lasentinelle.dz\\\/\",\"name\":\"La Sentinelle\",\"description\":\"Quotidien national d&#039;information\",\"publisher\":{\"@id\":\"https:\\\/\\\/lasentinelle.dz\\\/#organization\"},\"potentialAction\":[{\"@type\":\"SearchAction\",\"target\":{\"@type\":\"EntryPoint\",\"urlTemplate\":\"https:\\\/\\\/lasentinelle.dz\\\/?s={search_term_string}\"},\"query-input\":{\"@type\":\"PropertyValueSpecification\",\"valueRequired\":true,\"valueName\":\"search_term_string\"}}],\"inLanguage\":\"fr-FR\"},{\"@type\":\"Organization\",\"@id\":\"https:\\\/\\\/lasentinelle.dz\\\/#organization\",\"name\":\"Quotidien La Sentinelle\",\"url\":\"https:\\\/\\\/lasentinelle.dz\\\/\",\"logo\":{\"@type\":\"ImageObject\",\"inLanguage\":\"fr-FR\",\"@id\":\"https:\\\/\\\/lasentinelle.dz\\\/#\\\/schema\\\/logo\\\/image\\\/\",\"url\":\"https:\\\/\\\/lasentinelle.dz\\\/wp-content\\\/uploads\\\/2021\\\/09\\\/logo-sentinelleSLOGAN-1.png\",\"contentUrl\":\"https:\\\/\\\/lasentinelle.dz\\\/wp-content\\\/uploads\\\/2021\\\/09\\\/logo-sentinelleSLOGAN-1.png\",\"width\":615,\"height\":142,\"caption\":\"Quotidien La Sentinelle\"},\"image\":{\"@id\":\"https:\\\/\\\/lasentinelle.dz\\\/#\\\/schema\\\/logo\\\/image\\\/\"},\"sameAs\":[\"https:\\\/\\\/www.facebook.com\\\/La-Sentinelle-104059864394773\"]},{\"@type\":\"Person\",\"@id\":\"https:\\\/\\\/lasentinelle.dz\\\/#\\\/schema\\\/person\\\/d865044e22e70a75174ce8bcad3acfb3\",\"name\":\"La Sentinelle\",\"image\":{\"@type\":\"ImageObject\",\"inLanguage\":\"fr-FR\",\"@id\":\"https:\\\/\\\/secure.gravatar.com\\\/avatar\\\/57de8e5d4b15d43fb361a71fbb36338450fe67865b528a43dd10ef7c51a20392?s=96&d=mm&r=g\",\"url\":\"https:\\\/\\\/secure.gravatar.com\\\/avatar\\\/57de8e5d4b15d43fb361a71fbb36338450fe67865b528a43dd10ef7c51a20392?s=96&d=mm&r=g\",\"contentUrl\":\"https:\\\/\\\/secure.gravatar.com\\\/avatar\\\/57de8e5d4b15d43fb361a71fbb36338450fe67865b528a43dd10ef7c51a20392?s=96&d=mm&r=g\",\"caption\":\"La Sentinelle\"},\"sameAs\":[\"http:\\\/\\\/www.lasentinelle.dz\"],\"url\":\"https:\\\/\\\/lasentinelle.dz\\\/author\\\/redaction\\\/\"}]}<\/script>\n<!-- \/ Yoast SEO plugin. -->","yoast_head_json":{"title":"Le patronat s\u2019invite dans le d\u00e9bat et critique certaines conditions actuelles\u00a0: Comment relancer la fili\u00e8re automobile\u00a0?\ufffc - La Sentinelle","robots":{"index":"index","follow":"follow","max-snippet":"max-snippet:-1","max-image-preview":"max-image-preview:large","max-video-preview":"max-video-preview:-1"},"canonical":"https:\/\/lasentinelle.dz\/index.php\/2022\/06\/07\/le-patronat-sinvite-dans-le-debat-et-critique-certaines-conditions-actuelles-comment-relancer-lindustrie-automobile\/","og_locale":"fr_FR","og_type":"article","og_title":"Le patronat s\u2019invite dans le d\u00e9bat et critique certaines conditions actuelles\u00a0: Comment relancer la fili\u00e8re automobile\u00a0?\ufffc - La Sentinelle","og_description":"Comment relancer l\u2019industrie m\u00e9canique, particuli\u00e8re l\u2019industrie automobile, rapidement sans tomber pour autant dans les erreurs pass\u00e9es qui ont contribu\u00e9 \u00e0","og_url":"https:\/\/lasentinelle.dz\/index.php\/2022\/06\/07\/le-patronat-sinvite-dans-le-debat-et-critique-certaines-conditions-actuelles-comment-relancer-lindustrie-automobile\/","og_site_name":"La Sentinelle","article_publisher":"https:\/\/www.facebook.com\/La-Sentinelle-104059864394773","article_published_time":"2022-06-06T23:05:00+00:00","og_image":[{"width":1600,"height":900,"url":"https:\/\/lasentinelle.dz\/wp-content\/uploads\/2022\/06\/industrie-mecanique.png","type":"image\/png"}],"author":"La Sentinelle","twitter_card":"summary_large_image","twitter_misc":{"\u00c9crit par":"La Sentinelle","Dur\u00e9e de lecture estim\u00e9e":"5 minutes"},"schema":{"@context":"https:\/\/schema.org","@graph":[{"@type":"Article","@id":"https:\/\/lasentinelle.dz\/index.php\/2022\/06\/07\/le-patronat-sinvite-dans-le-debat-et-critique-certaines-conditions-actuelles-comment-relancer-lindustrie-automobile\/#article","isPartOf":{"@id":"https:\/\/lasentinelle.dz\/index.php\/2022\/06\/07\/le-patronat-sinvite-dans-le-debat-et-critique-certaines-conditions-actuelles-comment-relancer-lindustrie-automobile\/"},"author":{"name":"La Sentinelle","@id":"https:\/\/lasentinelle.dz\/#\/schema\/person\/d865044e22e70a75174ce8bcad3acfb3"},"headline":"Le patronat s\u2019invite dans le d\u00e9bat et critique certaines conditions actuelles\u00a0: Comment relancer la fili\u00e8re automobile\u00a0?\ufffc","datePublished":"2022-06-06T23:05:00+00:00","mainEntityOfPage":{"@id":"https:\/\/lasentinelle.dz\/index.php\/2022\/06\/07\/le-patronat-sinvite-dans-le-debat-et-critique-certaines-conditions-actuelles-comment-relancer-lindustrie-automobile\/"},"wordCount":1049,"commentCount":0,"publisher":{"@id":"https:\/\/lasentinelle.dz\/#organization"},"image":{"@id":"https:\/\/lasentinelle.dz\/index.php\/2022\/06\/07\/le-patronat-sinvite-dans-le-debat-et-critique-certaines-conditions-actuelles-comment-relancer-lindustrie-automobile\/#primaryimage"},"thumbnailUrl":"https:\/\/lasentinelle.dz\/wp-content\/uploads\/2022\/06\/industrie-mecanique.png","articleSection":["\u00c0 la Une","\u00c9conomie"],"inLanguage":"fr-FR","potentialAction":[{"@type":"CommentAction","name":"Comment","target":["https:\/\/lasentinelle.dz\/index.php\/2022\/06\/07\/le-patronat-sinvite-dans-le-debat-et-critique-certaines-conditions-actuelles-comment-relancer-lindustrie-automobile\/#respond"]}]},{"@type":"WebPage","@id":"https:\/\/lasentinelle.dz\/index.php\/2022\/06\/07\/le-patronat-sinvite-dans-le-debat-et-critique-certaines-conditions-actuelles-comment-relancer-lindustrie-automobile\/","url":"https:\/\/lasentinelle.dz\/index.php\/2022\/06\/07\/le-patronat-sinvite-dans-le-debat-et-critique-certaines-conditions-actuelles-comment-relancer-lindustrie-automobile\/","name":"Le patronat s\u2019invite dans le d\u00e9bat et critique certaines conditions actuelles\u00a0: Comment relancer la fili\u00e8re automobile\u00a0?\ufffc - La Sentinelle","isPartOf":{"@id":"https:\/\/lasentinelle.dz\/#website"},"primaryImageOfPage":{"@id":"https:\/\/lasentinelle.dz\/index.php\/2022\/06\/07\/le-patronat-sinvite-dans-le-debat-et-critique-certaines-conditions-actuelles-comment-relancer-lindustrie-automobile\/#primaryimage"},"image":{"@id":"https:\/\/lasentinelle.dz\/index.php\/2022\/06\/07\/le-patronat-sinvite-dans-le-debat-et-critique-certaines-conditions-actuelles-comment-relancer-lindustrie-automobile\/#primaryimage"},"thumbnailUrl":"https:\/\/lasentinelle.dz\/wp-content\/uploads\/2022\/06\/industrie-mecanique.png","datePublished":"2022-06-06T23:05:00+00:00","breadcrumb":{"@id":"https:\/\/lasentinelle.dz\/index.php\/2022\/06\/07\/le-patronat-sinvite-dans-le-debat-et-critique-certaines-conditions-actuelles-comment-relancer-lindustrie-automobile\/#breadcrumb"},"inLanguage":"fr-FR","potentialAction":[{"@type":"ReadAction","target":["https:\/\/lasentinelle.dz\/index.php\/2022\/06\/07\/le-patronat-sinvite-dans-le-debat-et-critique-certaines-conditions-actuelles-comment-relancer-lindustrie-automobile\/"]}]},{"@type":"ImageObject","inLanguage":"fr-FR","@id":"https:\/\/lasentinelle.dz\/index.php\/2022\/06\/07\/le-patronat-sinvite-dans-le-debat-et-critique-certaines-conditions-actuelles-comment-relancer-lindustrie-automobile\/#primaryimage","url":"https:\/\/lasentinelle.dz\/wp-content\/uploads\/2022\/06\/industrie-mecanique.png","contentUrl":"https:\/\/lasentinelle.dz\/wp-content\/uploads\/2022\/06\/industrie-mecanique.png","width":1600,"height":900},{"@type":"BreadcrumbList","@id":"https:\/\/lasentinelle.dz\/index.php\/2022\/06\/07\/le-patronat-sinvite-dans-le-debat-et-critique-certaines-conditions-actuelles-comment-relancer-lindustrie-automobile\/#breadcrumb","itemListElement":[{"@type":"ListItem","position":1,"name":"Accueil","item":"https:\/\/lasentinelle.dz\/"},{"@type":"ListItem","position":2,"name":"Le patronat s\u2019invite dans le d\u00e9bat et critique certaines conditions actuelles\u00a0: Comment relancer la fili\u00e8re automobile\u00a0?\ufffc"}]},{"@type":"WebSite","@id":"https:\/\/lasentinelle.dz\/#website","url":"https:\/\/lasentinelle.dz\/","name":"La Sentinelle","description":"Quotidien national d&#039;information","publisher":{"@id":"https:\/\/lasentinelle.dz\/#organization"},"potentialAction":[{"@type":"SearchAction","target":{"@type":"EntryPoint","urlTemplate":"https:\/\/lasentinelle.dz\/?s={search_term_string}"},"query-input":{"@type":"PropertyValueSpecification","valueRequired":true,"valueName":"search_term_string"}}],"inLanguage":"fr-FR"},{"@type":"Organization","@id":"https:\/\/lasentinelle.dz\/#organization","name":"Quotidien La Sentinelle","url":"https:\/\/lasentinelle.dz\/","logo":{"@type":"ImageObject","inLanguage":"fr-FR","@id":"https:\/\/lasentinelle.dz\/#\/schema\/logo\/image\/","url":"https:\/\/lasentinelle.dz\/wp-content\/uploads\/2021\/09\/logo-sentinelleSLOGAN-1.png","contentUrl":"https:\/\/lasentinelle.dz\/wp-content\/uploads\/2021\/09\/logo-sentinelleSLOGAN-1.png","width":615,"height":142,"caption":"Quotidien La Sentinelle"},"image":{"@id":"https:\/\/lasentinelle.dz\/#\/schema\/logo\/image\/"},"sameAs":["https:\/\/www.facebook.com\/La-Sentinelle-104059864394773"]},{"@type":"Person","@id":"https:\/\/lasentinelle.dz\/#\/schema\/person\/d865044e22e70a75174ce8bcad3acfb3","name":"La Sentinelle","image":{"@type":"ImageObject","inLanguage":"fr-FR","@id":"https:\/\/secure.gravatar.com\/avatar\/57de8e5d4b15d43fb361a71fbb36338450fe67865b528a43dd10ef7c51a20392?s=96&d=mm&r=g","url":"https:\/\/secure.gravatar.com\/avatar\/57de8e5d4b15d43fb361a71fbb36338450fe67865b528a43dd10ef7c51a20392?s=96&d=mm&r=g","contentUrl":"https:\/\/secure.gravatar.com\/avatar\/57de8e5d4b15d43fb361a71fbb36338450fe67865b528a43dd10ef7c51a20392?s=96&d=mm&r=g","caption":"La Sentinelle"},"sameAs":["http:\/\/www.lasentinelle.dz"],"url":"https:\/\/lasentinelle.dz\/author\/redaction\/"}]}},"_links":{"self":[{"href":"https:\/\/lasentinelle.dz\/index.php\/wp-json\/wp\/v2\/posts\/22131","targetHints":{"allow":["GET"]}}],"collection":[{"href":"https:\/\/lasentinelle.dz\/index.php\/wp-json\/wp\/v2\/posts"}],"about":[{"href":"https:\/\/lasentinelle.dz\/index.php\/wp-json\/wp\/v2\/types\/post"}],"author":[{"embeddable":true,"href":"https:\/\/lasentinelle.dz\/index.php\/wp-json\/wp\/v2\/users\/3"}],"replies":[{"embeddable":true,"href":"https:\/\/lasentinelle.dz\/index.php\/wp-json\/wp\/v2\/comments?post=22131"}],"version-history":[{"count":2,"href":"https:\/\/lasentinelle.dz\/index.php\/wp-json\/wp\/v2\/posts\/22131\/revisions"}],"predecessor-version":[{"id":22187,"href":"https:\/\/lasentinelle.dz\/index.php\/wp-json\/wp\/v2\/posts\/22131\/revisions\/22187"}],"wp:featuredmedia":[{"embeddable":true,"href":"https:\/\/lasentinelle.dz\/index.php\/wp-json\/wp\/v2\/media\/22181"}],"wp:attachment":[{"href":"https:\/\/lasentinelle.dz\/index.php\/wp-json\/wp\/v2\/media?parent=22131"}],"wp:term":[{"taxonomy":"category","embeddable":true,"href":"https:\/\/lasentinelle.dz\/index.php\/wp-json\/wp\/v2\/categories?post=22131"},{"taxonomy":"post_tag","embeddable":true,"href":"https:\/\/lasentinelle.dz\/index.php\/wp-json\/wp\/v2\/tags?post=22131"}],"curies":[{"name":"wp","href":"https:\/\/api.w.org\/{rel}","templated":true}]}}