{"id":22140,"date":"2022-06-07T00:01:00","date_gmt":"2022-06-06T23:01:00","guid":{"rendered":"https:\/\/lasentinelle.dz\/?p=22140"},"modified":"2022-06-06T18:43:16","modified_gmt":"2022-06-06T17:43:16","slug":"brahim-boughali-president-de-lassemblee-populaire-nationale-la-transition-numerique-donne-plus-de-flexibilite-au-service-public","status":"publish","type":"post","link":"https:\/\/lasentinelle.dz\/index.php\/2022\/06\/07\/brahim-boughali-president-de-lassemblee-populaire-nationale-la-transition-numerique-donne-plus-de-flexibilite-au-service-public\/","title":{"rendered":"Brahim Boughali, Pr\u00e9sident de l\u2019Assembl\u00e9e\u00a0populaire nationale\u00a0: \u00ab\u00a0La transition num\u00e9rique donne plus de flexibilit\u00e9 au service public\u00a0\u00bb"},"content":{"rendered":"\n<p>Le Pr\u00e9sident de l\u2019Assembl\u00e9e populaire nationale, Brahim Boughali, a affirm\u00e9&nbsp;hier&nbsp;que l\u2019Alg\u00e9rie poss\u00e8de&nbsp;d\u00e9sormais les conditions lui permettant&nbsp;d\u2019op\u00e9rer une transition num\u00e9rique rapide. Intervenant lors de la journ\u00e9e parlementaire organis\u00e9e par la commission des transports&nbsp;de l\u2019APN&nbsp;sous le th\u00e8me&nbsp;\u00abLa Transition num\u00e9rique&#8230;Pour un service public efficace&nbsp;\u00bb, Boughali&nbsp;a ajout\u00e9 que \u00abde nombreux secteurs ont pris des mesures pour am\u00e9liorer la qualit\u00e9 de vie par le d\u00e9veloppement et l\u2019expansion des technologies de l\u2019information et de la communication\u00bb, citant \u00ab dispose de tous les atouts possibles du num\u00e9rique, d&rsquo;autant que plusieurs secteurs ont pris des mesures visant \u00e0 promouvoir la qualit\u00e9 de vie, \u00e0 travers le d\u00e9veloppement des technologies de l&rsquo;information et de la communication et l&rsquo;\u00e9largissement de leur utilisation\u00a0\u00bb, citant les acquis obtenus en mati\u00e8re d&rsquo;acc\u00e8s \u00e0 Internet sur tout le territoire national, et l&rsquo;utilisation de la fibre optique dans les communications en passant par les documents biom\u00e9triques et les plateformes du commerce \u00e9lectronique\u00bb. Le&nbsp;pr\u00e9sident de la APN&nbsp;a affirm\u00e9 que le Pr\u00e9sident de la R\u00e9publique avait fait de la transformation num\u00e9rique et de l\u2019intelligence artificielle une&nbsp;des&nbsp;priorit\u00e9s&nbsp;de son programme, eu \u00e9gard&nbsp;\u00e0&nbsp;son r\u00f4le central dans la relance&nbsp;&nbsp;de l\u2019\u00e9conomie nationale. Boughali a&nbsp;\u00e9galement&nbsp;soulign\u00e9 que \u00ab que le service public \u00ab\u00a0connait davantage de flexibilit\u00e9 apr\u00e8s l&rsquo;adoption d&rsquo;un mode de gestion d\u00e9centralis\u00e9\u00a0\u00bb, relevant que \u00ab\u00a0la satisfaction du citoyen passe par l&rsquo;acc\u00e9l\u00e9ration des proc\u00e9dures d&rsquo;acc\u00e8s au service et le changement des modes de transactions traditionnelles pour les adapter \u00e0 la r\u00e9volution num\u00e9rique\u00a0\u00bb.<\/p>\n\n\n\n<p>Le pr\u00e9sident de la Chambre basse du Parlement a par la m\u00eame insist\u00e9 sur \u00ab\u00a0la n\u00e9cessit\u00e9 de former des cadres sp\u00e9cialis\u00e9s dans l&rsquo;utilisation des syst\u00e8mes et outils num\u00e9riques pour pouvoir d\u00e9velopper les m\u00e9canismes appropri\u00e9s, maitriser la cr\u00e9ation et le d\u00e9veloppement des plateformes num\u00e9riques, des \u00e9quipements et des logiciels, et de garantir la s\u00e9curit\u00e9 informationnelle\u00a0\u00bb, affirmant que ces facteurs \u00ab\u00a0sont n\u00e9cessaires pour la r\u00e9ussite de la transition num\u00e9rique\u00a0\u00bb.&nbsp;Enfin, Boughali a estim\u00e9 qu\u2019au vu de \u00ab\u00a0sa volont\u00e9 politique et de ses acquis en mati\u00e8re de s\u00e9curit\u00e9 et de stabilit\u00e9, l&rsquo;Alg\u00e9rie a pu barrer la route aux conspirateurs gr\u00e2ce \u00e0 la vigilance de son arm\u00e9e vaillante et de ses forces de s\u00e9curit\u00e9 qui veillent \u00e0 la s\u00e9curit\u00e9 du pays et de ses acquis, et aux comp\u00e9tences et \u00e9lites, ainsi qu&rsquo;aux universit\u00e9s et laboratoires\u00a0\u00bb, a-t-il ajout\u00e9.<\/p>\n\n\n\n<p><strong>Salim Abdenour<\/strong><\/p>\n","protected":false},"excerpt":{"rendered":"<p>Le Pr\u00e9sident de l\u2019Assembl\u00e9e populaire nationale, Brahim Boughali, a affirm\u00e9&nbsp;hier&nbsp;que l\u2019Alg\u00e9rie poss\u00e8de&nbsp;d\u00e9sormais les conditions lui permettant&nbsp;d\u2019op\u00e9rer une transition num\u00e9rique rapide.<\/p>\n","protected":false},"author":3,"featured_media":21839,"comment_status":"open","ping_status":"closed","sticky":false,"template":"","format":"standard","meta":{"colormag_page_container_layout":"default_layout","colormag_page_sidebar_layout":"default_layout","om_disable_all_campaigns":false,"_monsterinsights_skip_tracking":false,"_monsterinsights_sitenote_active":false,"_monsterinsights_sitenote_note":"","_monsterinsights_sitenote_category":0,"footnotes":"","_wpscppro_dont_share_socialmedia":false,"_wpscppro_custom_social_share_image":0,"_facebook_share_type":"","_twitter_share_type":"","_linkedin_share_type":"","_pinterest_share_type":"","_linkedin_share_type_page":"","_instagram_share_type":"","_medium_share_type":"","_threads_share_type":"","_google_business_share_type":"","_selected_social_profile":[],"_wpsp_enable_custom_social_template":false,"_wpsp_social_scheduling":{"enabled":false,"datetime":null,"platforms":[],"status":"template_only","dateOption":"today","timeOption":"now","customDays":"","customHours":"","customDate":"","customTime":"","schedulingType":"absolute"},"_wpsp_active_default_template":true},"categories":[27],"tags":[],"class_list":["post-22140","post","type-post","status-publish","format-standard","has-post-thumbnail","hentry","category-actualite"],"aioseo_notices":[],"yoast_head":"<!-- This site is optimized with the Yoast SEO plugin v27.5 - https:\/\/yoast.com\/product\/yoast-seo-wordpress\/ -->\n<title>Brahim Boughali, Pr\u00e9sident de l\u2019Assembl\u00e9e\u00a0populaire nationale\u00a0: \u00ab\u00a0La transition num\u00e9rique donne plus de flexibilit\u00e9 au service public\u00a0\u00bb - La Sentinelle<\/title>\n<meta name=\"robots\" content=\"index, follow, max-snippet:-1, max-image-preview:large, max-video-preview:-1\" \/>\n<link rel=\"canonical\" href=\"https:\/\/lasentinelle.dz\/index.php\/2022\/06\/07\/brahim-boughali-president-de-lassemblee-populaire-nationale-la-transition-numerique-donne-plus-de-flexibilite-au-service-public\/\" \/>\n<meta property=\"og:locale\" content=\"fr_FR\" \/>\n<meta property=\"og:type\" content=\"article\" \/>\n<meta property=\"og:title\" content=\"Brahim Boughali, Pr\u00e9sident de l\u2019Assembl\u00e9e\u00a0populaire nationale\u00a0: \u00ab\u00a0La transition num\u00e9rique donne plus de flexibilit\u00e9 au service public\u00a0\u00bb - La Sentinelle\" \/>\n<meta property=\"og:description\" content=\"Le Pr\u00e9sident de l\u2019Assembl\u00e9e populaire nationale, Brahim Boughali, a affirm\u00e9&nbsp;hier&nbsp;que l\u2019Alg\u00e9rie poss\u00e8de&nbsp;d\u00e9sormais les conditions lui permettant&nbsp;d\u2019op\u00e9rer une transition num\u00e9rique rapide.\" \/>\n<meta property=\"og:url\" content=\"https:\/\/lasentinelle.dz\/index.php\/2022\/06\/07\/brahim-boughali-president-de-lassemblee-populaire-nationale-la-transition-numerique-donne-plus-de-flexibilite-au-service-public\/\" \/>\n<meta property=\"og:site_name\" content=\"La Sentinelle\" \/>\n<meta property=\"article:publisher\" content=\"https:\/\/www.facebook.com\/La-Sentinelle-104059864394773\" \/>\n<meta property=\"article:published_time\" content=\"2022-06-06T23:01:00+00:00\" \/>\n<meta property=\"og:image\" content=\"https:\/\/lasentinelle.dz\/wp-content\/uploads\/2022\/05\/Boughali.png\" \/>\n\t<meta property=\"og:image:width\" content=\"1348\" \/>\n\t<meta property=\"og:image:height\" content=\"900\" \/>\n\t<meta property=\"og:image:type\" content=\"image\/png\" \/>\n<meta name=\"author\" content=\"La Sentinelle\" \/>\n<meta name=\"twitter:card\" content=\"summary_large_image\" \/>\n<meta name=\"twitter:label1\" content=\"\u00c9crit par\" \/>\n\t<meta name=\"twitter:data1\" content=\"La Sentinelle\" \/>\n\t<meta name=\"twitter:label2\" content=\"Dur\u00e9e de lecture estim\u00e9e\" \/>\n\t<meta name=\"twitter:data2\" content=\"2 minutes\" \/>\n<script type=\"application\/ld+json\" class=\"yoast-schema-graph\">{\"@context\":\"https:\\\/\\\/schema.org\",\"@graph\":[{\"@type\":\"Article\",\"@id\":\"https:\\\/\\\/lasentinelle.dz\\\/index.php\\\/2022\\\/06\\\/07\\\/brahim-boughali-president-de-lassemblee-populaire-nationale-la-transition-numerique-donne-plus-de-flexibilite-au-service-public\\\/#article\",\"isPartOf\":{\"@id\":\"https:\\\/\\\/lasentinelle.dz\\\/index.php\\\/2022\\\/06\\\/07\\\/brahim-boughali-president-de-lassemblee-populaire-nationale-la-transition-numerique-donne-plus-de-flexibilite-au-service-public\\\/\"},\"author\":{\"name\":\"La Sentinelle\",\"@id\":\"https:\\\/\\\/lasentinelle.dz\\\/#\\\/schema\\\/person\\\/d865044e22e70a75174ce8bcad3acfb3\"},\"headline\":\"Brahim Boughali, Pr\u00e9sident de l\u2019Assembl\u00e9e\u00a0populaire nationale\u00a0: \u00ab\u00a0La transition num\u00e9rique donne plus de flexibilit\u00e9 au service public\u00a0\u00bb\",\"datePublished\":\"2022-06-06T23:01:00+00:00\",\"mainEntityOfPage\":{\"@id\":\"https:\\\/\\\/lasentinelle.dz\\\/index.php\\\/2022\\\/06\\\/07\\\/brahim-boughali-president-de-lassemblee-populaire-nationale-la-transition-numerique-donne-plus-de-flexibilite-au-service-public\\\/\"},\"wordCount\":494,\"commentCount\":0,\"publisher\":{\"@id\":\"https:\\\/\\\/lasentinelle.dz\\\/#organization\"},\"image\":{\"@id\":\"https:\\\/\\\/lasentinelle.dz\\\/index.php\\\/2022\\\/06\\\/07\\\/brahim-boughali-president-de-lassemblee-populaire-nationale-la-transition-numerique-donne-plus-de-flexibilite-au-service-public\\\/#primaryimage\"},\"thumbnailUrl\":\"https:\\\/\\\/lasentinelle.dz\\\/wp-content\\\/uploads\\\/2022\\\/05\\\/Boughali.png\",\"articleSection\":[\"Actualit\u00e9\"],\"inLanguage\":\"fr-FR\",\"potentialAction\":[{\"@type\":\"CommentAction\",\"name\":\"Comment\",\"target\":[\"https:\\\/\\\/lasentinelle.dz\\\/index.php\\\/2022\\\/06\\\/07\\\/brahim-boughali-president-de-lassemblee-populaire-nationale-la-transition-numerique-donne-plus-de-flexibilite-au-service-public\\\/#respond\"]}]},{\"@type\":\"WebPage\",\"@id\":\"https:\\\/\\\/lasentinelle.dz\\\/index.php\\\/2022\\\/06\\\/07\\\/brahim-boughali-president-de-lassemblee-populaire-nationale-la-transition-numerique-donne-plus-de-flexibilite-au-service-public\\\/\",\"url\":\"https:\\\/\\\/lasentinelle.dz\\\/index.php\\\/2022\\\/06\\\/07\\\/brahim-boughali-president-de-lassemblee-populaire-nationale-la-transition-numerique-donne-plus-de-flexibilite-au-service-public\\\/\",\"name\":\"Brahim Boughali, Pr\u00e9sident de l\u2019Assembl\u00e9e\u00a0populaire nationale\u00a0: \u00ab\u00a0La transition num\u00e9rique donne plus de flexibilit\u00e9 au service public\u00a0\u00bb - La Sentinelle\",\"isPartOf\":{\"@id\":\"https:\\\/\\\/lasentinelle.dz\\\/#website\"},\"primaryImageOfPage\":{\"@id\":\"https:\\\/\\\/lasentinelle.dz\\\/index.php\\\/2022\\\/06\\\/07\\\/brahim-boughali-president-de-lassemblee-populaire-nationale-la-transition-numerique-donne-plus-de-flexibilite-au-service-public\\\/#primaryimage\"},\"image\":{\"@id\":\"https:\\\/\\\/lasentinelle.dz\\\/index.php\\\/2022\\\/06\\\/07\\\/brahim-boughali-president-de-lassemblee-populaire-nationale-la-transition-numerique-donne-plus-de-flexibilite-au-service-public\\\/#primaryimage\"},\"thumbnailUrl\":\"https:\\\/\\\/lasentinelle.dz\\\/wp-content\\\/uploads\\\/2022\\\/05\\\/Boughali.png\",\"datePublished\":\"2022-06-06T23:01:00+00:00\",\"breadcrumb\":{\"@id\":\"https:\\\/\\\/lasentinelle.dz\\\/index.php\\\/2022\\\/06\\\/07\\\/brahim-boughali-president-de-lassemblee-populaire-nationale-la-transition-numerique-donne-plus-de-flexibilite-au-service-public\\\/#breadcrumb\"},\"inLanguage\":\"fr-FR\",\"potentialAction\":[{\"@type\":\"ReadAction\",\"target\":[\"https:\\\/\\\/lasentinelle.dz\\\/index.php\\\/2022\\\/06\\\/07\\\/brahim-boughali-president-de-lassemblee-populaire-nationale-la-transition-numerique-donne-plus-de-flexibilite-au-service-public\\\/\"]}]},{\"@type\":\"ImageObject\",\"inLanguage\":\"fr-FR\",\"@id\":\"https:\\\/\\\/lasentinelle.dz\\\/index.php\\\/2022\\\/06\\\/07\\\/brahim-boughali-president-de-lassemblee-populaire-nationale-la-transition-numerique-donne-plus-de-flexibilite-au-service-public\\\/#primaryimage\",\"url\":\"https:\\\/\\\/lasentinelle.dz\\\/wp-content\\\/uploads\\\/2022\\\/05\\\/Boughali.png\",\"contentUrl\":\"https:\\\/\\\/lasentinelle.dz\\\/wp-content\\\/uploads\\\/2022\\\/05\\\/Boughali.png\",\"width\":1348,\"height\":900},{\"@type\":\"BreadcrumbList\",\"@id\":\"https:\\\/\\\/lasentinelle.dz\\\/index.php\\\/2022\\\/06\\\/07\\\/brahim-boughali-president-de-lassemblee-populaire-nationale-la-transition-numerique-donne-plus-de-flexibilite-au-service-public\\\/#breadcrumb\",\"itemListElement\":[{\"@type\":\"ListItem\",\"position\":1,\"name\":\"Accueil\",\"item\":\"https:\\\/\\\/lasentinelle.dz\\\/\"},{\"@type\":\"ListItem\",\"position\":2,\"name\":\"Brahim Boughali, Pr\u00e9sident de l\u2019Assembl\u00e9e\u00a0populaire nationale\u00a0: \u00ab\u00a0La transition num\u00e9rique donne plus de flexibilit\u00e9 au service public\u00a0\u00bb\"}]},{\"@type\":\"WebSite\",\"@id\":\"https:\\\/\\\/lasentinelle.dz\\\/#website\",\"url\":\"https:\\\/\\\/lasentinelle.dz\\\/\",\"name\":\"La Sentinelle\",\"description\":\"Quotidien national d&#039;information\",\"publisher\":{\"@id\":\"https:\\\/\\\/lasentinelle.dz\\\/#organization\"},\"potentialAction\":[{\"@type\":\"SearchAction\",\"target\":{\"@type\":\"EntryPoint\",\"urlTemplate\":\"https:\\\/\\\/lasentinelle.dz\\\/?s={search_term_string}\"},\"query-input\":{\"@type\":\"PropertyValueSpecification\",\"valueRequired\":true,\"valueName\":\"search_term_string\"}}],\"inLanguage\":\"fr-FR\"},{\"@type\":\"Organization\",\"@id\":\"https:\\\/\\\/lasentinelle.dz\\\/#organization\",\"name\":\"Quotidien La Sentinelle\",\"url\":\"https:\\\/\\\/lasentinelle.dz\\\/\",\"logo\":{\"@type\":\"ImageObject\",\"inLanguage\":\"fr-FR\",\"@id\":\"https:\\\/\\\/lasentinelle.dz\\\/#\\\/schema\\\/logo\\\/image\\\/\",\"url\":\"https:\\\/\\\/lasentinelle.dz\\\/wp-content\\\/uploads\\\/2021\\\/09\\\/logo-sentinelleSLOGAN-1.png\",\"contentUrl\":\"https:\\\/\\\/lasentinelle.dz\\\/wp-content\\\/uploads\\\/2021\\\/09\\\/logo-sentinelleSLOGAN-1.png\",\"width\":615,\"height\":142,\"caption\":\"Quotidien La Sentinelle\"},\"image\":{\"@id\":\"https:\\\/\\\/lasentinelle.dz\\\/#\\\/schema\\\/logo\\\/image\\\/\"},\"sameAs\":[\"https:\\\/\\\/www.facebook.com\\\/La-Sentinelle-104059864394773\"]},{\"@type\":\"Person\",\"@id\":\"https:\\\/\\\/lasentinelle.dz\\\/#\\\/schema\\\/person\\\/d865044e22e70a75174ce8bcad3acfb3\",\"name\":\"La Sentinelle\",\"image\":{\"@type\":\"ImageObject\",\"inLanguage\":\"fr-FR\",\"@id\":\"https:\\\/\\\/secure.gravatar.com\\\/avatar\\\/57de8e5d4b15d43fb361a71fbb36338450fe67865b528a43dd10ef7c51a20392?s=96&d=mm&r=g\",\"url\":\"https:\\\/\\\/secure.gravatar.com\\\/avatar\\\/57de8e5d4b15d43fb361a71fbb36338450fe67865b528a43dd10ef7c51a20392?s=96&d=mm&r=g\",\"contentUrl\":\"https:\\\/\\\/secure.gravatar.com\\\/avatar\\\/57de8e5d4b15d43fb361a71fbb36338450fe67865b528a43dd10ef7c51a20392?s=96&d=mm&r=g\",\"caption\":\"La Sentinelle\"},\"sameAs\":[\"http:\\\/\\\/www.lasentinelle.dz\"],\"url\":\"https:\\\/\\\/lasentinelle.dz\\\/author\\\/redaction\\\/\"}]}<\/script>\n<!-- \/ Yoast SEO plugin. -->","yoast_head_json":{"title":"Brahim Boughali, Pr\u00e9sident de l\u2019Assembl\u00e9e\u00a0populaire nationale\u00a0: \u00ab\u00a0La transition num\u00e9rique donne plus de flexibilit\u00e9 au service public\u00a0\u00bb - La Sentinelle","robots":{"index":"index","follow":"follow","max-snippet":"max-snippet:-1","max-image-preview":"max-image-preview:large","max-video-preview":"max-video-preview:-1"},"canonical":"https:\/\/lasentinelle.dz\/index.php\/2022\/06\/07\/brahim-boughali-president-de-lassemblee-populaire-nationale-la-transition-numerique-donne-plus-de-flexibilite-au-service-public\/","og_locale":"fr_FR","og_type":"article","og_title":"Brahim Boughali, Pr\u00e9sident de l\u2019Assembl\u00e9e\u00a0populaire nationale\u00a0: \u00ab\u00a0La transition num\u00e9rique donne plus de flexibilit\u00e9 au service public\u00a0\u00bb - La Sentinelle","og_description":"Le Pr\u00e9sident de l\u2019Assembl\u00e9e populaire nationale, Brahim Boughali, a affirm\u00e9&nbsp;hier&nbsp;que l\u2019Alg\u00e9rie poss\u00e8de&nbsp;d\u00e9sormais les conditions lui permettant&nbsp;d\u2019op\u00e9rer une transition num\u00e9rique rapide.","og_url":"https:\/\/lasentinelle.dz\/index.php\/2022\/06\/07\/brahim-boughali-president-de-lassemblee-populaire-nationale-la-transition-numerique-donne-plus-de-flexibilite-au-service-public\/","og_site_name":"La Sentinelle","article_publisher":"https:\/\/www.facebook.com\/La-Sentinelle-104059864394773","article_published_time":"2022-06-06T23:01:00+00:00","og_image":[{"width":1348,"height":900,"url":"https:\/\/lasentinelle.dz\/wp-content\/uploads\/2022\/05\/Boughali.png","type":"image\/png"}],"author":"La Sentinelle","twitter_card":"summary_large_image","twitter_misc":{"\u00c9crit par":"La Sentinelle","Dur\u00e9e de lecture estim\u00e9e":"2 minutes"},"schema":{"@context":"https:\/\/schema.org","@graph":[{"@type":"Article","@id":"https:\/\/lasentinelle.dz\/index.php\/2022\/06\/07\/brahim-boughali-president-de-lassemblee-populaire-nationale-la-transition-numerique-donne-plus-de-flexibilite-au-service-public\/#article","isPartOf":{"@id":"https:\/\/lasentinelle.dz\/index.php\/2022\/06\/07\/brahim-boughali-president-de-lassemblee-populaire-nationale-la-transition-numerique-donne-plus-de-flexibilite-au-service-public\/"},"author":{"name":"La Sentinelle","@id":"https:\/\/lasentinelle.dz\/#\/schema\/person\/d865044e22e70a75174ce8bcad3acfb3"},"headline":"Brahim Boughali, Pr\u00e9sident de l\u2019Assembl\u00e9e\u00a0populaire nationale\u00a0: \u00ab\u00a0La transition num\u00e9rique donne plus de flexibilit\u00e9 au service public\u00a0\u00bb","datePublished":"2022-06-06T23:01:00+00:00","mainEntityOfPage":{"@id":"https:\/\/lasentinelle.dz\/index.php\/2022\/06\/07\/brahim-boughali-president-de-lassemblee-populaire-nationale-la-transition-numerique-donne-plus-de-flexibilite-au-service-public\/"},"wordCount":494,"commentCount":0,"publisher":{"@id":"https:\/\/lasentinelle.dz\/#organization"},"image":{"@id":"https:\/\/lasentinelle.dz\/index.php\/2022\/06\/07\/brahim-boughali-president-de-lassemblee-populaire-nationale-la-transition-numerique-donne-plus-de-flexibilite-au-service-public\/#primaryimage"},"thumbnailUrl":"https:\/\/lasentinelle.dz\/wp-content\/uploads\/2022\/05\/Boughali.png","articleSection":["Actualit\u00e9"],"inLanguage":"fr-FR","potentialAction":[{"@type":"CommentAction","name":"Comment","target":["https:\/\/lasentinelle.dz\/index.php\/2022\/06\/07\/brahim-boughali-president-de-lassemblee-populaire-nationale-la-transition-numerique-donne-plus-de-flexibilite-au-service-public\/#respond"]}]},{"@type":"WebPage","@id":"https:\/\/lasentinelle.dz\/index.php\/2022\/06\/07\/brahim-boughali-president-de-lassemblee-populaire-nationale-la-transition-numerique-donne-plus-de-flexibilite-au-service-public\/","url":"https:\/\/lasentinelle.dz\/index.php\/2022\/06\/07\/brahim-boughali-president-de-lassemblee-populaire-nationale-la-transition-numerique-donne-plus-de-flexibilite-au-service-public\/","name":"Brahim Boughali, Pr\u00e9sident de l\u2019Assembl\u00e9e\u00a0populaire nationale\u00a0: \u00ab\u00a0La transition num\u00e9rique donne plus de flexibilit\u00e9 au service public\u00a0\u00bb - La Sentinelle","isPartOf":{"@id":"https:\/\/lasentinelle.dz\/#website"},"primaryImageOfPage":{"@id":"https:\/\/lasentinelle.dz\/index.php\/2022\/06\/07\/brahim-boughali-president-de-lassemblee-populaire-nationale-la-transition-numerique-donne-plus-de-flexibilite-au-service-public\/#primaryimage"},"image":{"@id":"https:\/\/lasentinelle.dz\/index.php\/2022\/06\/07\/brahim-boughali-president-de-lassemblee-populaire-nationale-la-transition-numerique-donne-plus-de-flexibilite-au-service-public\/#primaryimage"},"thumbnailUrl":"https:\/\/lasentinelle.dz\/wp-content\/uploads\/2022\/05\/Boughali.png","datePublished":"2022-06-06T23:01:00+00:00","breadcrumb":{"@id":"https:\/\/lasentinelle.dz\/index.php\/2022\/06\/07\/brahim-boughali-president-de-lassemblee-populaire-nationale-la-transition-numerique-donne-plus-de-flexibilite-au-service-public\/#breadcrumb"},"inLanguage":"fr-FR","potentialAction":[{"@type":"ReadAction","target":["https:\/\/lasentinelle.dz\/index.php\/2022\/06\/07\/brahim-boughali-president-de-lassemblee-populaire-nationale-la-transition-numerique-donne-plus-de-flexibilite-au-service-public\/"]}]},{"@type":"ImageObject","inLanguage":"fr-FR","@id":"https:\/\/lasentinelle.dz\/index.php\/2022\/06\/07\/brahim-boughali-president-de-lassemblee-populaire-nationale-la-transition-numerique-donne-plus-de-flexibilite-au-service-public\/#primaryimage","url":"https:\/\/lasentinelle.dz\/wp-content\/uploads\/2022\/05\/Boughali.png","contentUrl":"https:\/\/lasentinelle.dz\/wp-content\/uploads\/2022\/05\/Boughali.png","width":1348,"height":900},{"@type":"BreadcrumbList","@id":"https:\/\/lasentinelle.dz\/index.php\/2022\/06\/07\/brahim-boughali-president-de-lassemblee-populaire-nationale-la-transition-numerique-donne-plus-de-flexibilite-au-service-public\/#breadcrumb","itemListElement":[{"@type":"ListItem","position":1,"name":"Accueil","item":"https:\/\/lasentinelle.dz\/"},{"@type":"ListItem","position":2,"name":"Brahim Boughali, Pr\u00e9sident de l\u2019Assembl\u00e9e\u00a0populaire nationale\u00a0: \u00ab\u00a0La transition num\u00e9rique donne plus de flexibilit\u00e9 au service public\u00a0\u00bb"}]},{"@type":"WebSite","@id":"https:\/\/lasentinelle.dz\/#website","url":"https:\/\/lasentinelle.dz\/","name":"La Sentinelle","description":"Quotidien national d&#039;information","publisher":{"@id":"https:\/\/lasentinelle.dz\/#organization"},"potentialAction":[{"@type":"SearchAction","target":{"@type":"EntryPoint","urlTemplate":"https:\/\/lasentinelle.dz\/?s={search_term_string}"},"query-input":{"@type":"PropertyValueSpecification","valueRequired":true,"valueName":"search_term_string"}}],"inLanguage":"fr-FR"},{"@type":"Organization","@id":"https:\/\/lasentinelle.dz\/#organization","name":"Quotidien La Sentinelle","url":"https:\/\/lasentinelle.dz\/","logo":{"@type":"ImageObject","inLanguage":"fr-FR","@id":"https:\/\/lasentinelle.dz\/#\/schema\/logo\/image\/","url":"https:\/\/lasentinelle.dz\/wp-content\/uploads\/2021\/09\/logo-sentinelleSLOGAN-1.png","contentUrl":"https:\/\/lasentinelle.dz\/wp-content\/uploads\/2021\/09\/logo-sentinelleSLOGAN-1.png","width":615,"height":142,"caption":"Quotidien La Sentinelle"},"image":{"@id":"https:\/\/lasentinelle.dz\/#\/schema\/logo\/image\/"},"sameAs":["https:\/\/www.facebook.com\/La-Sentinelle-104059864394773"]},{"@type":"Person","@id":"https:\/\/lasentinelle.dz\/#\/schema\/person\/d865044e22e70a75174ce8bcad3acfb3","name":"La Sentinelle","image":{"@type":"ImageObject","inLanguage":"fr-FR","@id":"https:\/\/secure.gravatar.com\/avatar\/57de8e5d4b15d43fb361a71fbb36338450fe67865b528a43dd10ef7c51a20392?s=96&d=mm&r=g","url":"https:\/\/secure.gravatar.com\/avatar\/57de8e5d4b15d43fb361a71fbb36338450fe67865b528a43dd10ef7c51a20392?s=96&d=mm&r=g","contentUrl":"https:\/\/secure.gravatar.com\/avatar\/57de8e5d4b15d43fb361a71fbb36338450fe67865b528a43dd10ef7c51a20392?s=96&d=mm&r=g","caption":"La Sentinelle"},"sameAs":["http:\/\/www.lasentinelle.dz"],"url":"https:\/\/lasentinelle.dz\/author\/redaction\/"}]}},"_links":{"self":[{"href":"https:\/\/lasentinelle.dz\/index.php\/wp-json\/wp\/v2\/posts\/22140","targetHints":{"allow":["GET"]}}],"collection":[{"href":"https:\/\/lasentinelle.dz\/index.php\/wp-json\/wp\/v2\/posts"}],"about":[{"href":"https:\/\/lasentinelle.dz\/index.php\/wp-json\/wp\/v2\/types\/post"}],"author":[{"embeddable":true,"href":"https:\/\/lasentinelle.dz\/index.php\/wp-json\/wp\/v2\/users\/3"}],"replies":[{"embeddable":true,"href":"https:\/\/lasentinelle.dz\/index.php\/wp-json\/wp\/v2\/comments?post=22140"}],"version-history":[{"count":1,"href":"https:\/\/lasentinelle.dz\/index.php\/wp-json\/wp\/v2\/posts\/22140\/revisions"}],"predecessor-version":[{"id":22155,"href":"https:\/\/lasentinelle.dz\/index.php\/wp-json\/wp\/v2\/posts\/22140\/revisions\/22155"}],"wp:featuredmedia":[{"embeddable":true,"href":"https:\/\/lasentinelle.dz\/index.php\/wp-json\/wp\/v2\/media\/21839"}],"wp:attachment":[{"href":"https:\/\/lasentinelle.dz\/index.php\/wp-json\/wp\/v2\/media?parent=22140"}],"wp:term":[{"taxonomy":"category","embeddable":true,"href":"https:\/\/lasentinelle.dz\/index.php\/wp-json\/wp\/v2\/categories?post=22140"},{"taxonomy":"post_tag","embeddable":true,"href":"https:\/\/lasentinelle.dz\/index.php\/wp-json\/wp\/v2\/tags?post=22140"}],"curies":[{"name":"wp","href":"https:\/\/api.w.org\/{rel}","templated":true}]}}