{"id":22158,"date":"2022-06-07T00:01:00","date_gmt":"2022-06-06T23:01:00","guid":{"rendered":"https:\/\/lasentinelle.dz\/?p=22158"},"modified":"2022-06-06T19:29:38","modified_gmt":"2022-06-06T18:29:38","slug":"algerie-mauritanie-vers-la-consolidation-du-partenariat-strategique","status":"publish","type":"post","link":"https:\/\/lasentinelle.dz\/index.php\/2022\/06\/07\/algerie-mauritanie-vers-la-consolidation-du-partenariat-strategique\/","title":{"rendered":"Alg\u00e9rie-Mauritanie\u00a0: Vers la consolidation du partenariat strat\u00e9gique"},"content":{"rendered":"\n<p>L\u2019Alg\u00e9rie et&nbsp;la Mauritanie consolident leur coop\u00e9ration dans les domaines de l\u2019\u00e9nergie et des mines.&nbsp;En visite depuis hier en&nbsp;R\u00e9publique islamique de Mauritanie, le ministre de&nbsp;&nbsp;l\u2019\u00c9nergie et des Mines a \u00e9t\u00e9 re\u00e7u, \u00e0 son arriv\u00e9e par le pr\u00e9sident mauritanien Mohamed Ould Cheikh El Ghazaouani au palais pr\u00e9sidentiel. A l\u2019issue de l\u2019entretien entre les deux parties,&nbsp;Mohamed Arkab a soulign\u00e9 l\u2019accueil chaleureux des responsables mauritaniens tout en soulignant que les discussions ont notamment port\u00e9 sur les perspectives de renforcement du partenariat entre les deux pays fr\u00e8res&nbsp;dans les domainesde l\u2019\u00e9nergie et des mines. Toujours lors de l\u2019entretien avec le pr\u00e9sident mauritanien, Mohamed Arkab a indiqu\u00e9 qu\u2019il a transmis les salutations du pr\u00e9sident de la&nbsp;R\u00e9publique,&nbsp;Abdelmadjid Tebboune. Dans son message, Abdelmadjid Tebboune n\u2019a pas manqu\u00e9 de r\u00e9it\u00e9rer la volont\u00e9 de l\u2019Alg\u00e9rie de renforcer et de d\u00e9velopper le partenariat strat\u00e9gique avec la Mauritanie outre les efforts de l\u2019Alg\u00e9rie pour la paix et le d\u00e9veloppement de la r\u00e9gion. M. Arkab affirmera \u00e9galement \u00e0 l\u2019issue de son entretien que le pr\u00e9sident mauritanien a donn\u00e9 des orientations \u00e0 m\u00eame de d\u00e9velopper et de renforcer les relations entre les deux pays fr\u00e8res.&nbsp;En fait, \u00e0 son arriv\u00e9e, le ministre de l\u2019\u00c9nergie et des Mines a \u00e9t\u00e9 accueilli par son homologue mauritanien, le ministre du P\u00e9trole, des Mines et de l\u2019Energie, Abdeslam Ould Mohamed Salah, accompagn\u00e9 du secr\u00e9taire g\u00e9n\u00e9ral de son d\u00e9partement minist\u00e9riel et de l\u2019ambassadeur d\u2019Alg\u00e9rie en Mauritanie. Au programme de la premi\u00e8re journ\u00e9e, M. Arkab a tenu une r\u00e9union de travail au niveau de la salle des congr\u00e8s de la capitale Nouakchott avant de rencontrer, durant le m\u00eame jour de sa visite, le ministre mauritanien de l\u2019Assainissement, Sidi Mohamed Ould Taleb Amar ainsi que le ministre mauritanien de l\u2019Economie et de la Promotion des secteurs productifs, Athmane Mamadou kan. Dans l\u2019apr\u00e8s-midi, Mohamed Arkab a tenu une s\u00e9ance de travail en compagnie de la d\u00e9l\u00e9gation qui l\u2019accompagnait avec leurs homologues mauritaniens. Des s\u00e9ances qui se poursuivent aujourd\u2019hui au deuxi\u00e8me jour de la visite avec notamment la signature d\u2019un m\u00e9morandum d\u2019entente sur les questions de l\u2019\u00e9nergie ainsi qu\u2019un autre m\u00e9morandum d\u2019entente entre la soci\u00e9t\u00e9 alg\u00e9rienne Sonatrach et la soci\u00e9t\u00e9 mauritanienne de l\u2019\u00e9nergie outre le protocole d\u2019accord qui sera \u00e9galement paraph\u00e9 entre l\u2019Office national de la recherche g\u00e9ologique avec l\u2019agence mauritanienne des recherches en g\u00e9ologie.<\/p>\n\n\n\n<p>Le ministre de l&rsquo;Energie et des Mines est accompagn\u00e9 dans cette visite par une d\u00e9l\u00e9gation importante compos\u00e9e essentiellement du P-dg de Sonatrach, Toufik Hakkar, du P-dg de Naftal, Mourad Menouar, du P-dg du Groupe Manadjim El Djazair (MANAL), Mohamed Sakher Harami, du P-dg de l&rsquo;ORGM, Yahia Azri, du P-dg du groupe \u00ab Asmidal \u00bb, Mohamed Tahar Heouaine, et plusieurs cadres du minist\u00e8re et repr\u00e9sentants d&rsquo;entreprises publiques relevant du secteur de l&rsquo;Energie et des Mines.&nbsp;La visite de M. Arkab s&rsquo;inscrit dans le cadre du \u00ab renforcement et du d\u00e9veloppement de la coop\u00e9ration entre l&rsquo;Alg\u00e9rie et le Mauritanie dans les domaines de l&rsquo;\u00e9nergie et des mines et dans divers domaines d&rsquo;int\u00e9r\u00eat commun \u00bb, selon un communiqu\u00e9 du minist\u00e8re de l&rsquo;Energie.<\/p>\n\n\n\n<p><strong>Kamel Nait Ameur<\/strong><\/p>\n","protected":false},"excerpt":{"rendered":"<p>L\u2019Alg\u00e9rie et&nbsp;la Mauritanie consolident leur coop\u00e9ration dans les domaines de l\u2019\u00e9nergie et des mines.&nbsp;En visite depuis hier en&nbsp;R\u00e9publique islamique de<\/p>\n","protected":false},"author":3,"featured_media":22166,"comment_status":"open","ping_status":"closed","sticky":false,"template":"","format":"standard","meta":{"colormag_page_container_layout":"default_layout","colormag_page_sidebar_layout":"default_layout","om_disable_all_campaigns":false,"_monsterinsights_skip_tracking":false,"_monsterinsights_sitenote_active":false,"_monsterinsights_sitenote_note":"","_monsterinsights_sitenote_category":0,"footnotes":"","_wpscppro_dont_share_socialmedia":false,"_wpscppro_custom_social_share_image":0,"_facebook_share_type":"","_twitter_share_type":"","_linkedin_share_type":"","_pinterest_share_type":"","_linkedin_share_type_page":"","_instagram_share_type":"","_medium_share_type":"","_threads_share_type":"","_google_business_share_type":"","_selected_social_profile":[],"_wpsp_enable_custom_social_template":false,"_wpsp_social_scheduling":{"enabled":false,"datetime":null,"platforms":[],"status":"template_only","dateOption":"today","timeOption":"now","customDays":"","customHours":"","customDate":"","customTime":"","schedulingType":"absolute"},"_wpsp_active_default_template":true},"categories":[27],"tags":[],"class_list":["post-22158","post","type-post","status-publish","format-standard","has-post-thumbnail","hentry","category-actualite"],"aioseo_notices":[],"yoast_head":"<!-- This site is optimized with the Yoast SEO plugin v27.5 - https:\/\/yoast.com\/product\/yoast-seo-wordpress\/ -->\n<title>Alg\u00e9rie-Mauritanie\u00a0: Vers la consolidation du partenariat strat\u00e9gique - La Sentinelle<\/title>\n<meta name=\"robots\" content=\"index, follow, max-snippet:-1, max-image-preview:large, max-video-preview:-1\" \/>\n<link rel=\"canonical\" href=\"https:\/\/lasentinelle.dz\/index.php\/2022\/06\/07\/algerie-mauritanie-vers-la-consolidation-du-partenariat-strategique\/\" \/>\n<meta property=\"og:locale\" content=\"fr_FR\" \/>\n<meta property=\"og:type\" content=\"article\" \/>\n<meta property=\"og:title\" content=\"Alg\u00e9rie-Mauritanie\u00a0: Vers la consolidation du partenariat strat\u00e9gique - La Sentinelle\" \/>\n<meta property=\"og:description\" content=\"L\u2019Alg\u00e9rie et&nbsp;la Mauritanie consolident leur coop\u00e9ration dans les domaines de l\u2019\u00e9nergie et des mines.&nbsp;En visite depuis hier en&nbsp;R\u00e9publique islamique de\" \/>\n<meta property=\"og:url\" content=\"https:\/\/lasentinelle.dz\/index.php\/2022\/06\/07\/algerie-mauritanie-vers-la-consolidation-du-partenariat-strategique\/\" \/>\n<meta property=\"og:site_name\" content=\"La Sentinelle\" \/>\n<meta property=\"article:publisher\" content=\"https:\/\/www.facebook.com\/La-Sentinelle-104059864394773\" \/>\n<meta property=\"article:published_time\" content=\"2022-06-06T23:01:00+00:00\" \/>\n<meta property=\"og:image\" content=\"https:\/\/lasentinelle.dz\/wp-content\/uploads\/2022\/06\/455.png\" \/>\n\t<meta property=\"og:image:width\" content=\"1600\" \/>\n\t<meta property=\"og:image:height\" content=\"900\" \/>\n\t<meta property=\"og:image:type\" content=\"image\/png\" \/>\n<meta name=\"author\" content=\"La Sentinelle\" \/>\n<meta name=\"twitter:card\" content=\"summary_large_image\" \/>\n<meta name=\"twitter:label1\" content=\"\u00c9crit par\" \/>\n\t<meta name=\"twitter:data1\" content=\"La Sentinelle\" \/>\n\t<meta name=\"twitter:label2\" content=\"Dur\u00e9e de lecture estim\u00e9e\" \/>\n\t<meta name=\"twitter:data2\" content=\"3 minutes\" \/>\n<script type=\"application\/ld+json\" class=\"yoast-schema-graph\">{\"@context\":\"https:\\\/\\\/schema.org\",\"@graph\":[{\"@type\":\"Article\",\"@id\":\"https:\\\/\\\/lasentinelle.dz\\\/index.php\\\/2022\\\/06\\\/07\\\/algerie-mauritanie-vers-la-consolidation-du-partenariat-strategique\\\/#article\",\"isPartOf\":{\"@id\":\"https:\\\/\\\/lasentinelle.dz\\\/index.php\\\/2022\\\/06\\\/07\\\/algerie-mauritanie-vers-la-consolidation-du-partenariat-strategique\\\/\"},\"author\":{\"name\":\"La Sentinelle\",\"@id\":\"https:\\\/\\\/lasentinelle.dz\\\/#\\\/schema\\\/person\\\/d865044e22e70a75174ce8bcad3acfb3\"},\"headline\":\"Alg\u00e9rie-Mauritanie\u00a0: Vers la consolidation du partenariat strat\u00e9gique\",\"datePublished\":\"2022-06-06T23:01:00+00:00\",\"mainEntityOfPage\":{\"@id\":\"https:\\\/\\\/lasentinelle.dz\\\/index.php\\\/2022\\\/06\\\/07\\\/algerie-mauritanie-vers-la-consolidation-du-partenariat-strategique\\\/\"},\"wordCount\":613,\"commentCount\":0,\"publisher\":{\"@id\":\"https:\\\/\\\/lasentinelle.dz\\\/#organization\"},\"image\":{\"@id\":\"https:\\\/\\\/lasentinelle.dz\\\/index.php\\\/2022\\\/06\\\/07\\\/algerie-mauritanie-vers-la-consolidation-du-partenariat-strategique\\\/#primaryimage\"},\"thumbnailUrl\":\"https:\\\/\\\/lasentinelle.dz\\\/wp-content\\\/uploads\\\/2022\\\/06\\\/455.png\",\"articleSection\":[\"Actualit\u00e9\"],\"inLanguage\":\"fr-FR\",\"potentialAction\":[{\"@type\":\"CommentAction\",\"name\":\"Comment\",\"target\":[\"https:\\\/\\\/lasentinelle.dz\\\/index.php\\\/2022\\\/06\\\/07\\\/algerie-mauritanie-vers-la-consolidation-du-partenariat-strategique\\\/#respond\"]}]},{\"@type\":\"WebPage\",\"@id\":\"https:\\\/\\\/lasentinelle.dz\\\/index.php\\\/2022\\\/06\\\/07\\\/algerie-mauritanie-vers-la-consolidation-du-partenariat-strategique\\\/\",\"url\":\"https:\\\/\\\/lasentinelle.dz\\\/index.php\\\/2022\\\/06\\\/07\\\/algerie-mauritanie-vers-la-consolidation-du-partenariat-strategique\\\/\",\"name\":\"Alg\u00e9rie-Mauritanie\u00a0: Vers la consolidation du partenariat strat\u00e9gique - La Sentinelle\",\"isPartOf\":{\"@id\":\"https:\\\/\\\/lasentinelle.dz\\\/#website\"},\"primaryImageOfPage\":{\"@id\":\"https:\\\/\\\/lasentinelle.dz\\\/index.php\\\/2022\\\/06\\\/07\\\/algerie-mauritanie-vers-la-consolidation-du-partenariat-strategique\\\/#primaryimage\"},\"image\":{\"@id\":\"https:\\\/\\\/lasentinelle.dz\\\/index.php\\\/2022\\\/06\\\/07\\\/algerie-mauritanie-vers-la-consolidation-du-partenariat-strategique\\\/#primaryimage\"},\"thumbnailUrl\":\"https:\\\/\\\/lasentinelle.dz\\\/wp-content\\\/uploads\\\/2022\\\/06\\\/455.png\",\"datePublished\":\"2022-06-06T23:01:00+00:00\",\"breadcrumb\":{\"@id\":\"https:\\\/\\\/lasentinelle.dz\\\/index.php\\\/2022\\\/06\\\/07\\\/algerie-mauritanie-vers-la-consolidation-du-partenariat-strategique\\\/#breadcrumb\"},\"inLanguage\":\"fr-FR\",\"potentialAction\":[{\"@type\":\"ReadAction\",\"target\":[\"https:\\\/\\\/lasentinelle.dz\\\/index.php\\\/2022\\\/06\\\/07\\\/algerie-mauritanie-vers-la-consolidation-du-partenariat-strategique\\\/\"]}]},{\"@type\":\"ImageObject\",\"inLanguage\":\"fr-FR\",\"@id\":\"https:\\\/\\\/lasentinelle.dz\\\/index.php\\\/2022\\\/06\\\/07\\\/algerie-mauritanie-vers-la-consolidation-du-partenariat-strategique\\\/#primaryimage\",\"url\":\"https:\\\/\\\/lasentinelle.dz\\\/wp-content\\\/uploads\\\/2022\\\/06\\\/455.png\",\"contentUrl\":\"https:\\\/\\\/lasentinelle.dz\\\/wp-content\\\/uploads\\\/2022\\\/06\\\/455.png\",\"width\":1600,\"height\":900},{\"@type\":\"BreadcrumbList\",\"@id\":\"https:\\\/\\\/lasentinelle.dz\\\/index.php\\\/2022\\\/06\\\/07\\\/algerie-mauritanie-vers-la-consolidation-du-partenariat-strategique\\\/#breadcrumb\",\"itemListElement\":[{\"@type\":\"ListItem\",\"position\":1,\"name\":\"Accueil\",\"item\":\"https:\\\/\\\/lasentinelle.dz\\\/\"},{\"@type\":\"ListItem\",\"position\":2,\"name\":\"Alg\u00e9rie-Mauritanie\u00a0: Vers la consolidation du partenariat strat\u00e9gique\"}]},{\"@type\":\"WebSite\",\"@id\":\"https:\\\/\\\/lasentinelle.dz\\\/#website\",\"url\":\"https:\\\/\\\/lasentinelle.dz\\\/\",\"name\":\"La Sentinelle\",\"description\":\"Quotidien national d&#039;information\",\"publisher\":{\"@id\":\"https:\\\/\\\/lasentinelle.dz\\\/#organization\"},\"potentialAction\":[{\"@type\":\"SearchAction\",\"target\":{\"@type\":\"EntryPoint\",\"urlTemplate\":\"https:\\\/\\\/lasentinelle.dz\\\/?s={search_term_string}\"},\"query-input\":{\"@type\":\"PropertyValueSpecification\",\"valueRequired\":true,\"valueName\":\"search_term_string\"}}],\"inLanguage\":\"fr-FR\"},{\"@type\":\"Organization\",\"@id\":\"https:\\\/\\\/lasentinelle.dz\\\/#organization\",\"name\":\"Quotidien La Sentinelle\",\"url\":\"https:\\\/\\\/lasentinelle.dz\\\/\",\"logo\":{\"@type\":\"ImageObject\",\"inLanguage\":\"fr-FR\",\"@id\":\"https:\\\/\\\/lasentinelle.dz\\\/#\\\/schema\\\/logo\\\/image\\\/\",\"url\":\"https:\\\/\\\/lasentinelle.dz\\\/wp-content\\\/uploads\\\/2021\\\/09\\\/logo-sentinelleSLOGAN-1.png\",\"contentUrl\":\"https:\\\/\\\/lasentinelle.dz\\\/wp-content\\\/uploads\\\/2021\\\/09\\\/logo-sentinelleSLOGAN-1.png\",\"width\":615,\"height\":142,\"caption\":\"Quotidien La Sentinelle\"},\"image\":{\"@id\":\"https:\\\/\\\/lasentinelle.dz\\\/#\\\/schema\\\/logo\\\/image\\\/\"},\"sameAs\":[\"https:\\\/\\\/www.facebook.com\\\/La-Sentinelle-104059864394773\"]},{\"@type\":\"Person\",\"@id\":\"https:\\\/\\\/lasentinelle.dz\\\/#\\\/schema\\\/person\\\/d865044e22e70a75174ce8bcad3acfb3\",\"name\":\"La Sentinelle\",\"image\":{\"@type\":\"ImageObject\",\"inLanguage\":\"fr-FR\",\"@id\":\"https:\\\/\\\/secure.gravatar.com\\\/avatar\\\/57de8e5d4b15d43fb361a71fbb36338450fe67865b528a43dd10ef7c51a20392?s=96&d=mm&r=g\",\"url\":\"https:\\\/\\\/secure.gravatar.com\\\/avatar\\\/57de8e5d4b15d43fb361a71fbb36338450fe67865b528a43dd10ef7c51a20392?s=96&d=mm&r=g\",\"contentUrl\":\"https:\\\/\\\/secure.gravatar.com\\\/avatar\\\/57de8e5d4b15d43fb361a71fbb36338450fe67865b528a43dd10ef7c51a20392?s=96&d=mm&r=g\",\"caption\":\"La Sentinelle\"},\"sameAs\":[\"http:\\\/\\\/www.lasentinelle.dz\"],\"url\":\"https:\\\/\\\/lasentinelle.dz\\\/author\\\/redaction\\\/\"}]}<\/script>\n<!-- \/ Yoast SEO plugin. -->","yoast_head_json":{"title":"Alg\u00e9rie-Mauritanie\u00a0: Vers la consolidation du partenariat strat\u00e9gique - La Sentinelle","robots":{"index":"index","follow":"follow","max-snippet":"max-snippet:-1","max-image-preview":"max-image-preview:large","max-video-preview":"max-video-preview:-1"},"canonical":"https:\/\/lasentinelle.dz\/index.php\/2022\/06\/07\/algerie-mauritanie-vers-la-consolidation-du-partenariat-strategique\/","og_locale":"fr_FR","og_type":"article","og_title":"Alg\u00e9rie-Mauritanie\u00a0: Vers la consolidation du partenariat strat\u00e9gique - La Sentinelle","og_description":"L\u2019Alg\u00e9rie et&nbsp;la Mauritanie consolident leur coop\u00e9ration dans les domaines de l\u2019\u00e9nergie et des mines.&nbsp;En visite depuis hier en&nbsp;R\u00e9publique islamique de","og_url":"https:\/\/lasentinelle.dz\/index.php\/2022\/06\/07\/algerie-mauritanie-vers-la-consolidation-du-partenariat-strategique\/","og_site_name":"La Sentinelle","article_publisher":"https:\/\/www.facebook.com\/La-Sentinelle-104059864394773","article_published_time":"2022-06-06T23:01:00+00:00","og_image":[{"width":1600,"height":900,"url":"https:\/\/lasentinelle.dz\/wp-content\/uploads\/2022\/06\/455.png","type":"image\/png"}],"author":"La Sentinelle","twitter_card":"summary_large_image","twitter_misc":{"\u00c9crit par":"La Sentinelle","Dur\u00e9e de lecture estim\u00e9e":"3 minutes"},"schema":{"@context":"https:\/\/schema.org","@graph":[{"@type":"Article","@id":"https:\/\/lasentinelle.dz\/index.php\/2022\/06\/07\/algerie-mauritanie-vers-la-consolidation-du-partenariat-strategique\/#article","isPartOf":{"@id":"https:\/\/lasentinelle.dz\/index.php\/2022\/06\/07\/algerie-mauritanie-vers-la-consolidation-du-partenariat-strategique\/"},"author":{"name":"La Sentinelle","@id":"https:\/\/lasentinelle.dz\/#\/schema\/person\/d865044e22e70a75174ce8bcad3acfb3"},"headline":"Alg\u00e9rie-Mauritanie\u00a0: Vers la consolidation du partenariat strat\u00e9gique","datePublished":"2022-06-06T23:01:00+00:00","mainEntityOfPage":{"@id":"https:\/\/lasentinelle.dz\/index.php\/2022\/06\/07\/algerie-mauritanie-vers-la-consolidation-du-partenariat-strategique\/"},"wordCount":613,"commentCount":0,"publisher":{"@id":"https:\/\/lasentinelle.dz\/#organization"},"image":{"@id":"https:\/\/lasentinelle.dz\/index.php\/2022\/06\/07\/algerie-mauritanie-vers-la-consolidation-du-partenariat-strategique\/#primaryimage"},"thumbnailUrl":"https:\/\/lasentinelle.dz\/wp-content\/uploads\/2022\/06\/455.png","articleSection":["Actualit\u00e9"],"inLanguage":"fr-FR","potentialAction":[{"@type":"CommentAction","name":"Comment","target":["https:\/\/lasentinelle.dz\/index.php\/2022\/06\/07\/algerie-mauritanie-vers-la-consolidation-du-partenariat-strategique\/#respond"]}]},{"@type":"WebPage","@id":"https:\/\/lasentinelle.dz\/index.php\/2022\/06\/07\/algerie-mauritanie-vers-la-consolidation-du-partenariat-strategique\/","url":"https:\/\/lasentinelle.dz\/index.php\/2022\/06\/07\/algerie-mauritanie-vers-la-consolidation-du-partenariat-strategique\/","name":"Alg\u00e9rie-Mauritanie\u00a0: Vers la consolidation du partenariat strat\u00e9gique - La Sentinelle","isPartOf":{"@id":"https:\/\/lasentinelle.dz\/#website"},"primaryImageOfPage":{"@id":"https:\/\/lasentinelle.dz\/index.php\/2022\/06\/07\/algerie-mauritanie-vers-la-consolidation-du-partenariat-strategique\/#primaryimage"},"image":{"@id":"https:\/\/lasentinelle.dz\/index.php\/2022\/06\/07\/algerie-mauritanie-vers-la-consolidation-du-partenariat-strategique\/#primaryimage"},"thumbnailUrl":"https:\/\/lasentinelle.dz\/wp-content\/uploads\/2022\/06\/455.png","datePublished":"2022-06-06T23:01:00+00:00","breadcrumb":{"@id":"https:\/\/lasentinelle.dz\/index.php\/2022\/06\/07\/algerie-mauritanie-vers-la-consolidation-du-partenariat-strategique\/#breadcrumb"},"inLanguage":"fr-FR","potentialAction":[{"@type":"ReadAction","target":["https:\/\/lasentinelle.dz\/index.php\/2022\/06\/07\/algerie-mauritanie-vers-la-consolidation-du-partenariat-strategique\/"]}]},{"@type":"ImageObject","inLanguage":"fr-FR","@id":"https:\/\/lasentinelle.dz\/index.php\/2022\/06\/07\/algerie-mauritanie-vers-la-consolidation-du-partenariat-strategique\/#primaryimage","url":"https:\/\/lasentinelle.dz\/wp-content\/uploads\/2022\/06\/455.png","contentUrl":"https:\/\/lasentinelle.dz\/wp-content\/uploads\/2022\/06\/455.png","width":1600,"height":900},{"@type":"BreadcrumbList","@id":"https:\/\/lasentinelle.dz\/index.php\/2022\/06\/07\/algerie-mauritanie-vers-la-consolidation-du-partenariat-strategique\/#breadcrumb","itemListElement":[{"@type":"ListItem","position":1,"name":"Accueil","item":"https:\/\/lasentinelle.dz\/"},{"@type":"ListItem","position":2,"name":"Alg\u00e9rie-Mauritanie\u00a0: Vers la consolidation du partenariat strat\u00e9gique"}]},{"@type":"WebSite","@id":"https:\/\/lasentinelle.dz\/#website","url":"https:\/\/lasentinelle.dz\/","name":"La Sentinelle","description":"Quotidien national d&#039;information","publisher":{"@id":"https:\/\/lasentinelle.dz\/#organization"},"potentialAction":[{"@type":"SearchAction","target":{"@type":"EntryPoint","urlTemplate":"https:\/\/lasentinelle.dz\/?s={search_term_string}"},"query-input":{"@type":"PropertyValueSpecification","valueRequired":true,"valueName":"search_term_string"}}],"inLanguage":"fr-FR"},{"@type":"Organization","@id":"https:\/\/lasentinelle.dz\/#organization","name":"Quotidien La Sentinelle","url":"https:\/\/lasentinelle.dz\/","logo":{"@type":"ImageObject","inLanguage":"fr-FR","@id":"https:\/\/lasentinelle.dz\/#\/schema\/logo\/image\/","url":"https:\/\/lasentinelle.dz\/wp-content\/uploads\/2021\/09\/logo-sentinelleSLOGAN-1.png","contentUrl":"https:\/\/lasentinelle.dz\/wp-content\/uploads\/2021\/09\/logo-sentinelleSLOGAN-1.png","width":615,"height":142,"caption":"Quotidien La Sentinelle"},"image":{"@id":"https:\/\/lasentinelle.dz\/#\/schema\/logo\/image\/"},"sameAs":["https:\/\/www.facebook.com\/La-Sentinelle-104059864394773"]},{"@type":"Person","@id":"https:\/\/lasentinelle.dz\/#\/schema\/person\/d865044e22e70a75174ce8bcad3acfb3","name":"La Sentinelle","image":{"@type":"ImageObject","inLanguage":"fr-FR","@id":"https:\/\/secure.gravatar.com\/avatar\/57de8e5d4b15d43fb361a71fbb36338450fe67865b528a43dd10ef7c51a20392?s=96&d=mm&r=g","url":"https:\/\/secure.gravatar.com\/avatar\/57de8e5d4b15d43fb361a71fbb36338450fe67865b528a43dd10ef7c51a20392?s=96&d=mm&r=g","contentUrl":"https:\/\/secure.gravatar.com\/avatar\/57de8e5d4b15d43fb361a71fbb36338450fe67865b528a43dd10ef7c51a20392?s=96&d=mm&r=g","caption":"La Sentinelle"},"sameAs":["http:\/\/www.lasentinelle.dz"],"url":"https:\/\/lasentinelle.dz\/author\/redaction\/"}]}},"_links":{"self":[{"href":"https:\/\/lasentinelle.dz\/index.php\/wp-json\/wp\/v2\/posts\/22158","targetHints":{"allow":["GET"]}}],"collection":[{"href":"https:\/\/lasentinelle.dz\/index.php\/wp-json\/wp\/v2\/posts"}],"about":[{"href":"https:\/\/lasentinelle.dz\/index.php\/wp-json\/wp\/v2\/types\/post"}],"author":[{"embeddable":true,"href":"https:\/\/lasentinelle.dz\/index.php\/wp-json\/wp\/v2\/users\/3"}],"replies":[{"embeddable":true,"href":"https:\/\/lasentinelle.dz\/index.php\/wp-json\/wp\/v2\/comments?post=22158"}],"version-history":[{"count":1,"href":"https:\/\/lasentinelle.dz\/index.php\/wp-json\/wp\/v2\/posts\/22158\/revisions"}],"predecessor-version":[{"id":22167,"href":"https:\/\/lasentinelle.dz\/index.php\/wp-json\/wp\/v2\/posts\/22158\/revisions\/22167"}],"wp:featuredmedia":[{"embeddable":true,"href":"https:\/\/lasentinelle.dz\/index.php\/wp-json\/wp\/v2\/media\/22166"}],"wp:attachment":[{"href":"https:\/\/lasentinelle.dz\/index.php\/wp-json\/wp\/v2\/media?parent=22158"}],"wp:term":[{"taxonomy":"category","embeddable":true,"href":"https:\/\/lasentinelle.dz\/index.php\/wp-json\/wp\/v2\/categories?post=22158"},{"taxonomy":"post_tag","embeddable":true,"href":"https:\/\/lasentinelle.dz\/index.php\/wp-json\/wp\/v2\/tags?post=22158"}],"curies":[{"name":"wp","href":"https:\/\/api.w.org\/{rel}","templated":true}]}}