{"id":22206,"date":"2022-06-08T00:01:00","date_gmt":"2022-06-07T23:01:00","guid":{"rendered":"https:\/\/lasentinelle.dz\/?p=22206"},"modified":"2022-06-07T19:37:48","modified_gmt":"2022-06-07T18:37:48","slug":"youcef-belmahd-ministre-des-affaires-religieuses-et-des-waqfs-les-frais-du-hadj-en-algerie-sont-parmi-les-plus-bas","status":"publish","type":"post","link":"https:\/\/lasentinelle.dz\/index.php\/2022\/06\/08\/youcef-belmahd-ministre-des-affaires-religieuses-et-des-waqfs-les-frais-du-hadj-en-algerie-sont-parmi-les-plus-bas\/","title":{"rendered":"Youcef Belmahdi,\u00a0ministre des Affaires religieuses et des Waqfs\u00a0: \u00ab\u00a0Les frais du Hadj en Alg\u00e9rie sont parmi les plus bas\u00a0\u00bb"},"content":{"rendered":"\n<p>Le ministre des Affaires religieuses et des Waqfs, Youcef Belmahdi,&nbsp;a salu\u00e9&nbsp;hier&nbsp;la d\u00e9cision du pr\u00e9sident de la&nbsp;R\u00e9publique, Abdelmadjid Tebboune,&nbsp;de r\u00e9duire le prix du billet pour le Hadj consid\u00e9rant que \u00ab la mesure a \u00e9t\u00e9 prise dans le cadre du souci permanent du pr\u00e9sident de la&nbsp;R\u00e9publique d\u2019all\u00e9ger&nbsp;le fardeau sur les&nbsp;Alg\u00e9riens en g\u00e9n\u00e9ral et&nbsp;les citoyens d\u00e9sirant&nbsp;accomplir&nbsp;le rituel du Hadj&nbsp;en particulier\u00bb. Un prix \u00e9valu\u00e9 initialement \u00e0 15 millions de centimes et qui est&nbsp;r\u00e9duit, \u00e0 la faveur de cette d\u00e9cision, \u00e0 seulement 5 millions de centimes. Ce qui cadre, ajoute M. Belmahdi,&nbsp;&nbsp;avec le caract\u00e8re social de l\u2019Etat alg\u00e9rien&nbsp;dans le respect des principes&nbsp;de la&nbsp;D\u00e9claration du 1er novembre 1954.&nbsp;Invit\u00e9 \u00e0 s\u2019exprimer sur les ondes de premi\u00e8re cha\u00eene de la Radio alg\u00e9rienne, le ministre a dit s\u2019attendre \u00e0 ce que la liste de 15.000 candidats au Hadj, cette ann\u00e9e, soit&nbsp;compl\u00e9t\u00e9e dans les deux jours.&nbsp;M. Belmahdi a expliqu\u00e9 que \u00ab la hausse constat\u00e9e&nbsp;des frais&nbsp;cette ann\u00e9e a \u00e9t\u00e9 d\u00e9cid\u00e9 par les diff\u00e9rentes institutions saoudiennes en charge de l\u2019organisation du Hadj qui travaillent en collaboration avec le minist\u00e8re saoudien du Hadj \u00bb. Des augmentations, pr\u00e9cise-t-il, d\u00e9cid\u00e9es suite aux diff\u00e9rentes perturbations survenues sur le plan international \u00e0 l\u2019instar de l\u2019\u00e9mergence de la pand\u00e9mie du Covid 19 qui impacte depuis deux ann\u00e9es les prix du transport et les produits alimentaires.<\/p>\n\n\n\n<p>A ce sujet justement, le ministre des Affaires religieuses et des Waqfs a&nbsp;pr\u00e9cis\u00e9 que \u00ab les tarifications appliqu\u00e9es sur toutes les prestations dans les deux villes o\u00f9 se d\u00e9roulent les rituels du Hadj \u00e0 savoir Menen et Arafat ont quasiment quintupl\u00e9 au rapport&nbsp;aux&nbsp;prix en cours avant la suspension\u00bb. M. Belmahdi a par ailleurs f\u00e9licit\u00e9 les repr\u00e9sentants alg\u00e9riens pour le travail effectu\u00e9 dans le cadre de la pr\u00e9paration des conditions d\u2019accueil des Hadjis alg\u00e9rien. \u00ab La d\u00e9l\u00e9gation alg\u00e9rienne a pu d\u00e9crocher les meilleurs conditions d\u2019accueil aupr\u00e8s des op\u00e9rateurs saoudiens sp\u00e9cialis\u00e9s notamment en mati\u00e8re de&nbsp;r\u00e9servation d\u2019h\u00f4tel qui s\u2019est faite dans les meilleurs \u00e9tablissements en mati\u00e8re qualit\u00e9 et surtout en mati\u00e8re de proximit\u00e9 avec les lieux o\u00f9 se d\u00e9roulent les rituels \u00e0 M\u00e9dine et \u00e0 la Mecque\u00bb, explique-t-il \u00e0 ce sujet.<\/p>\n\n\n\n<p>Enfin,&nbsp;M. Belmahdi n\u2019a pas manqu\u00e9 d\u2019esquisser un tableau comparatif des diff\u00e9rents tarifs en vigueur dans les pays arabes et musulmans. A ce sujet justement, le ministre des Affaires religieuses et des Waqfs a estim\u00e9 que \u00ab les prix appliqu\u00e9s en Alg\u00e9rie restent \u00e0 port\u00e9e malgr\u00e9 la hausse constat\u00e9&nbsp;\u00bb. Il citera d\u2019ailleurs des pays arabes et musulmans o\u00f9 le prix du Hadj est \u00e9valu\u00e9 \u00e0 l\u2019\u00e9quivalent de 120 millions de centimes alg\u00e9riens.&nbsp;&nbsp;La date du d\u00e9but des r\u00e9servations en pr\u00e9vision du d\u00e9part vers les lieux Saints, a-t-il indiqu\u00e9, sera annonc\u00e9e ult\u00e9rieurement apr\u00e8s la fin des discussions avec les autorit\u00e9s saoudiennes en vue de mettre en place la feuille de route \u00e0 m\u00eame d\u2019assurer le voyage dans les meilleures conditions.&nbsp;<\/p>\n\n\n\n<p><strong>Akli Amor<\/strong><\/p>\n","protected":false},"excerpt":{"rendered":"<p>Le ministre des Affaires religieuses et des Waqfs, Youcef Belmahdi,&nbsp;a salu\u00e9&nbsp;hier&nbsp;la d\u00e9cision du pr\u00e9sident de la&nbsp;R\u00e9publique, Abdelmadjid Tebboune,&nbsp;de r\u00e9duire le<\/p>\n","protected":false},"author":3,"featured_media":22221,"comment_status":"open","ping_status":"closed","sticky":false,"template":"","format":"standard","meta":{"colormag_page_container_layout":"default_layout","colormag_page_sidebar_layout":"default_layout","om_disable_all_campaigns":false,"_monsterinsights_skip_tracking":false,"_monsterinsights_sitenote_active":false,"_monsterinsights_sitenote_note":"","_monsterinsights_sitenote_category":0,"footnotes":"","_wpscppro_dont_share_socialmedia":false,"_wpscppro_custom_social_share_image":0,"_facebook_share_type":"","_twitter_share_type":"","_linkedin_share_type":"","_pinterest_share_type":"","_linkedin_share_type_page":"","_instagram_share_type":"","_medium_share_type":"","_threads_share_type":"","_google_business_share_type":"","_selected_social_profile":[],"_wpsp_enable_custom_social_template":false,"_wpsp_social_scheduling":{"enabled":false,"datetime":null,"platforms":[],"status":"template_only","dateOption":"today","timeOption":"now","customDays":"","customHours":"","customDate":"","customTime":"","schedulingType":"absolute"},"_wpsp_active_default_template":true},"categories":[27],"tags":[],"class_list":["post-22206","post","type-post","status-publish","format-standard","has-post-thumbnail","hentry","category-actualite"],"aioseo_notices":[],"yoast_head":"<!-- This site is optimized with the Yoast SEO plugin v27.5 - https:\/\/yoast.com\/product\/yoast-seo-wordpress\/ -->\n<title>Youcef Belmahdi,\u00a0ministre des Affaires religieuses et des Waqfs\u00a0: \u00ab\u00a0Les frais du Hadj en Alg\u00e9rie sont parmi les plus bas\u00a0\u00bb - La Sentinelle<\/title>\n<meta name=\"robots\" content=\"index, follow, max-snippet:-1, max-image-preview:large, max-video-preview:-1\" \/>\n<link rel=\"canonical\" href=\"https:\/\/lasentinelle.dz\/index.php\/2022\/06\/08\/youcef-belmahd-ministre-des-affaires-religieuses-et-des-waqfs-les-frais-du-hadj-en-algerie-sont-parmi-les-plus-bas\/\" \/>\n<meta property=\"og:locale\" content=\"fr_FR\" \/>\n<meta property=\"og:type\" content=\"article\" \/>\n<meta property=\"og:title\" content=\"Youcef Belmahdi,\u00a0ministre des Affaires religieuses et des Waqfs\u00a0: \u00ab\u00a0Les frais du Hadj en Alg\u00e9rie sont parmi les plus bas\u00a0\u00bb - La Sentinelle\" \/>\n<meta property=\"og:description\" content=\"Le ministre des Affaires religieuses et des Waqfs, Youcef Belmahdi,&nbsp;a salu\u00e9&nbsp;hier&nbsp;la d\u00e9cision du pr\u00e9sident de la&nbsp;R\u00e9publique, Abdelmadjid Tebboune,&nbsp;de r\u00e9duire le\" \/>\n<meta property=\"og:url\" content=\"https:\/\/lasentinelle.dz\/index.php\/2022\/06\/08\/youcef-belmahd-ministre-des-affaires-religieuses-et-des-waqfs-les-frais-du-hadj-en-algerie-sont-parmi-les-plus-bas\/\" \/>\n<meta property=\"og:site_name\" content=\"La Sentinelle\" \/>\n<meta property=\"article:publisher\" content=\"https:\/\/www.facebook.com\/La-Sentinelle-104059864394773\" \/>\n<meta property=\"article:published_time\" content=\"2022-06-07T23:01:00+00:00\" \/>\n<meta property=\"og:image\" content=\"https:\/\/lasentinelle.dz\/wp-content\/uploads\/2022\/06\/Youcef-Belmehdi.png\" \/>\n\t<meta property=\"og:image:width\" content=\"1350\" \/>\n\t<meta property=\"og:image:height\" content=\"900\" \/>\n\t<meta property=\"og:image:type\" content=\"image\/png\" \/>\n<meta name=\"author\" content=\"La Sentinelle\" \/>\n<meta name=\"twitter:card\" content=\"summary_large_image\" \/>\n<meta name=\"twitter:label1\" content=\"\u00c9crit par\" \/>\n\t<meta name=\"twitter:data1\" content=\"La Sentinelle\" \/>\n\t<meta name=\"twitter:label2\" content=\"Dur\u00e9e de lecture estim\u00e9e\" \/>\n\t<meta name=\"twitter:data2\" content=\"3 minutes\" \/>\n<script type=\"application\/ld+json\" class=\"yoast-schema-graph\">{\"@context\":\"https:\\\/\\\/schema.org\",\"@graph\":[{\"@type\":\"Article\",\"@id\":\"https:\\\/\\\/lasentinelle.dz\\\/index.php\\\/2022\\\/06\\\/08\\\/youcef-belmahd-ministre-des-affaires-religieuses-et-des-waqfs-les-frais-du-hadj-en-algerie-sont-parmi-les-plus-bas\\\/#article\",\"isPartOf\":{\"@id\":\"https:\\\/\\\/lasentinelle.dz\\\/index.php\\\/2022\\\/06\\\/08\\\/youcef-belmahd-ministre-des-affaires-religieuses-et-des-waqfs-les-frais-du-hadj-en-algerie-sont-parmi-les-plus-bas\\\/\"},\"author\":{\"name\":\"La Sentinelle\",\"@id\":\"https:\\\/\\\/lasentinelle.dz\\\/#\\\/schema\\\/person\\\/d865044e22e70a75174ce8bcad3acfb3\"},\"headline\":\"Youcef Belmahdi,\u00a0ministre des Affaires religieuses et des Waqfs\u00a0: \u00ab\u00a0Les frais du Hadj en Alg\u00e9rie sont parmi les plus bas\u00a0\u00bb\",\"datePublished\":\"2022-06-07T23:01:00+00:00\",\"mainEntityOfPage\":{\"@id\":\"https:\\\/\\\/lasentinelle.dz\\\/index.php\\\/2022\\\/06\\\/08\\\/youcef-belmahd-ministre-des-affaires-religieuses-et-des-waqfs-les-frais-du-hadj-en-algerie-sont-parmi-les-plus-bas\\\/\"},\"wordCount\":597,\"commentCount\":0,\"publisher\":{\"@id\":\"https:\\\/\\\/lasentinelle.dz\\\/#organization\"},\"image\":{\"@id\":\"https:\\\/\\\/lasentinelle.dz\\\/index.php\\\/2022\\\/06\\\/08\\\/youcef-belmahd-ministre-des-affaires-religieuses-et-des-waqfs-les-frais-du-hadj-en-algerie-sont-parmi-les-plus-bas\\\/#primaryimage\"},\"thumbnailUrl\":\"https:\\\/\\\/lasentinelle.dz\\\/wp-content\\\/uploads\\\/2022\\\/06\\\/Youcef-Belmehdi.png\",\"articleSection\":[\"Actualit\u00e9\"],\"inLanguage\":\"fr-FR\",\"potentialAction\":[{\"@type\":\"CommentAction\",\"name\":\"Comment\",\"target\":[\"https:\\\/\\\/lasentinelle.dz\\\/index.php\\\/2022\\\/06\\\/08\\\/youcef-belmahd-ministre-des-affaires-religieuses-et-des-waqfs-les-frais-du-hadj-en-algerie-sont-parmi-les-plus-bas\\\/#respond\"]}]},{\"@type\":\"WebPage\",\"@id\":\"https:\\\/\\\/lasentinelle.dz\\\/index.php\\\/2022\\\/06\\\/08\\\/youcef-belmahd-ministre-des-affaires-religieuses-et-des-waqfs-les-frais-du-hadj-en-algerie-sont-parmi-les-plus-bas\\\/\",\"url\":\"https:\\\/\\\/lasentinelle.dz\\\/index.php\\\/2022\\\/06\\\/08\\\/youcef-belmahd-ministre-des-affaires-religieuses-et-des-waqfs-les-frais-du-hadj-en-algerie-sont-parmi-les-plus-bas\\\/\",\"name\":\"Youcef Belmahdi,\u00a0ministre des Affaires religieuses et des Waqfs\u00a0: \u00ab\u00a0Les frais du Hadj en Alg\u00e9rie sont parmi les plus bas\u00a0\u00bb - La Sentinelle\",\"isPartOf\":{\"@id\":\"https:\\\/\\\/lasentinelle.dz\\\/#website\"},\"primaryImageOfPage\":{\"@id\":\"https:\\\/\\\/lasentinelle.dz\\\/index.php\\\/2022\\\/06\\\/08\\\/youcef-belmahd-ministre-des-affaires-religieuses-et-des-waqfs-les-frais-du-hadj-en-algerie-sont-parmi-les-plus-bas\\\/#primaryimage\"},\"image\":{\"@id\":\"https:\\\/\\\/lasentinelle.dz\\\/index.php\\\/2022\\\/06\\\/08\\\/youcef-belmahd-ministre-des-affaires-religieuses-et-des-waqfs-les-frais-du-hadj-en-algerie-sont-parmi-les-plus-bas\\\/#primaryimage\"},\"thumbnailUrl\":\"https:\\\/\\\/lasentinelle.dz\\\/wp-content\\\/uploads\\\/2022\\\/06\\\/Youcef-Belmehdi.png\",\"datePublished\":\"2022-06-07T23:01:00+00:00\",\"breadcrumb\":{\"@id\":\"https:\\\/\\\/lasentinelle.dz\\\/index.php\\\/2022\\\/06\\\/08\\\/youcef-belmahd-ministre-des-affaires-religieuses-et-des-waqfs-les-frais-du-hadj-en-algerie-sont-parmi-les-plus-bas\\\/#breadcrumb\"},\"inLanguage\":\"fr-FR\",\"potentialAction\":[{\"@type\":\"ReadAction\",\"target\":[\"https:\\\/\\\/lasentinelle.dz\\\/index.php\\\/2022\\\/06\\\/08\\\/youcef-belmahd-ministre-des-affaires-religieuses-et-des-waqfs-les-frais-du-hadj-en-algerie-sont-parmi-les-plus-bas\\\/\"]}]},{\"@type\":\"ImageObject\",\"inLanguage\":\"fr-FR\",\"@id\":\"https:\\\/\\\/lasentinelle.dz\\\/index.php\\\/2022\\\/06\\\/08\\\/youcef-belmahd-ministre-des-affaires-religieuses-et-des-waqfs-les-frais-du-hadj-en-algerie-sont-parmi-les-plus-bas\\\/#primaryimage\",\"url\":\"https:\\\/\\\/lasentinelle.dz\\\/wp-content\\\/uploads\\\/2022\\\/06\\\/Youcef-Belmehdi.png\",\"contentUrl\":\"https:\\\/\\\/lasentinelle.dz\\\/wp-content\\\/uploads\\\/2022\\\/06\\\/Youcef-Belmehdi.png\",\"width\":1350,\"height\":900},{\"@type\":\"BreadcrumbList\",\"@id\":\"https:\\\/\\\/lasentinelle.dz\\\/index.php\\\/2022\\\/06\\\/08\\\/youcef-belmahd-ministre-des-affaires-religieuses-et-des-waqfs-les-frais-du-hadj-en-algerie-sont-parmi-les-plus-bas\\\/#breadcrumb\",\"itemListElement\":[{\"@type\":\"ListItem\",\"position\":1,\"name\":\"Accueil\",\"item\":\"https:\\\/\\\/lasentinelle.dz\\\/\"},{\"@type\":\"ListItem\",\"position\":2,\"name\":\"Youcef Belmahdi,\u00a0ministre des Affaires religieuses et des Waqfs\u00a0: \u00ab\u00a0Les frais du Hadj en Alg\u00e9rie sont parmi les plus bas\u00a0\u00bb\"}]},{\"@type\":\"WebSite\",\"@id\":\"https:\\\/\\\/lasentinelle.dz\\\/#website\",\"url\":\"https:\\\/\\\/lasentinelle.dz\\\/\",\"name\":\"La Sentinelle\",\"description\":\"Quotidien national d&#039;information\",\"publisher\":{\"@id\":\"https:\\\/\\\/lasentinelle.dz\\\/#organization\"},\"potentialAction\":[{\"@type\":\"SearchAction\",\"target\":{\"@type\":\"EntryPoint\",\"urlTemplate\":\"https:\\\/\\\/lasentinelle.dz\\\/?s={search_term_string}\"},\"query-input\":{\"@type\":\"PropertyValueSpecification\",\"valueRequired\":true,\"valueName\":\"search_term_string\"}}],\"inLanguage\":\"fr-FR\"},{\"@type\":\"Organization\",\"@id\":\"https:\\\/\\\/lasentinelle.dz\\\/#organization\",\"name\":\"Quotidien La Sentinelle\",\"url\":\"https:\\\/\\\/lasentinelle.dz\\\/\",\"logo\":{\"@type\":\"ImageObject\",\"inLanguage\":\"fr-FR\",\"@id\":\"https:\\\/\\\/lasentinelle.dz\\\/#\\\/schema\\\/logo\\\/image\\\/\",\"url\":\"https:\\\/\\\/lasentinelle.dz\\\/wp-content\\\/uploads\\\/2021\\\/09\\\/logo-sentinelleSLOGAN-1.png\",\"contentUrl\":\"https:\\\/\\\/lasentinelle.dz\\\/wp-content\\\/uploads\\\/2021\\\/09\\\/logo-sentinelleSLOGAN-1.png\",\"width\":615,\"height\":142,\"caption\":\"Quotidien La Sentinelle\"},\"image\":{\"@id\":\"https:\\\/\\\/lasentinelle.dz\\\/#\\\/schema\\\/logo\\\/image\\\/\"},\"sameAs\":[\"https:\\\/\\\/www.facebook.com\\\/La-Sentinelle-104059864394773\"]},{\"@type\":\"Person\",\"@id\":\"https:\\\/\\\/lasentinelle.dz\\\/#\\\/schema\\\/person\\\/d865044e22e70a75174ce8bcad3acfb3\",\"name\":\"La Sentinelle\",\"image\":{\"@type\":\"ImageObject\",\"inLanguage\":\"fr-FR\",\"@id\":\"https:\\\/\\\/secure.gravatar.com\\\/avatar\\\/57de8e5d4b15d43fb361a71fbb36338450fe67865b528a43dd10ef7c51a20392?s=96&d=mm&r=g\",\"url\":\"https:\\\/\\\/secure.gravatar.com\\\/avatar\\\/57de8e5d4b15d43fb361a71fbb36338450fe67865b528a43dd10ef7c51a20392?s=96&d=mm&r=g\",\"contentUrl\":\"https:\\\/\\\/secure.gravatar.com\\\/avatar\\\/57de8e5d4b15d43fb361a71fbb36338450fe67865b528a43dd10ef7c51a20392?s=96&d=mm&r=g\",\"caption\":\"La Sentinelle\"},\"sameAs\":[\"http:\\\/\\\/www.lasentinelle.dz\"],\"url\":\"https:\\\/\\\/lasentinelle.dz\\\/author\\\/redaction\\\/\"}]}<\/script>\n<!-- \/ Yoast SEO plugin. -->","yoast_head_json":{"title":"Youcef Belmahdi,\u00a0ministre des Affaires religieuses et des Waqfs\u00a0: \u00ab\u00a0Les frais du Hadj en Alg\u00e9rie sont parmi les plus bas\u00a0\u00bb - La Sentinelle","robots":{"index":"index","follow":"follow","max-snippet":"max-snippet:-1","max-image-preview":"max-image-preview:large","max-video-preview":"max-video-preview:-1"},"canonical":"https:\/\/lasentinelle.dz\/index.php\/2022\/06\/08\/youcef-belmahd-ministre-des-affaires-religieuses-et-des-waqfs-les-frais-du-hadj-en-algerie-sont-parmi-les-plus-bas\/","og_locale":"fr_FR","og_type":"article","og_title":"Youcef Belmahdi,\u00a0ministre des Affaires religieuses et des Waqfs\u00a0: \u00ab\u00a0Les frais du Hadj en Alg\u00e9rie sont parmi les plus bas\u00a0\u00bb - La Sentinelle","og_description":"Le ministre des Affaires religieuses et des Waqfs, Youcef Belmahdi,&nbsp;a salu\u00e9&nbsp;hier&nbsp;la d\u00e9cision du pr\u00e9sident de la&nbsp;R\u00e9publique, Abdelmadjid Tebboune,&nbsp;de r\u00e9duire le","og_url":"https:\/\/lasentinelle.dz\/index.php\/2022\/06\/08\/youcef-belmahd-ministre-des-affaires-religieuses-et-des-waqfs-les-frais-du-hadj-en-algerie-sont-parmi-les-plus-bas\/","og_site_name":"La Sentinelle","article_publisher":"https:\/\/www.facebook.com\/La-Sentinelle-104059864394773","article_published_time":"2022-06-07T23:01:00+00:00","og_image":[{"width":1350,"height":900,"url":"https:\/\/lasentinelle.dz\/wp-content\/uploads\/2022\/06\/Youcef-Belmehdi.png","type":"image\/png"}],"author":"La Sentinelle","twitter_card":"summary_large_image","twitter_misc":{"\u00c9crit par":"La Sentinelle","Dur\u00e9e de lecture estim\u00e9e":"3 minutes"},"schema":{"@context":"https:\/\/schema.org","@graph":[{"@type":"Article","@id":"https:\/\/lasentinelle.dz\/index.php\/2022\/06\/08\/youcef-belmahd-ministre-des-affaires-religieuses-et-des-waqfs-les-frais-du-hadj-en-algerie-sont-parmi-les-plus-bas\/#article","isPartOf":{"@id":"https:\/\/lasentinelle.dz\/index.php\/2022\/06\/08\/youcef-belmahd-ministre-des-affaires-religieuses-et-des-waqfs-les-frais-du-hadj-en-algerie-sont-parmi-les-plus-bas\/"},"author":{"name":"La Sentinelle","@id":"https:\/\/lasentinelle.dz\/#\/schema\/person\/d865044e22e70a75174ce8bcad3acfb3"},"headline":"Youcef Belmahdi,\u00a0ministre des Affaires religieuses et des Waqfs\u00a0: \u00ab\u00a0Les frais du Hadj en Alg\u00e9rie sont parmi les plus bas\u00a0\u00bb","datePublished":"2022-06-07T23:01:00+00:00","mainEntityOfPage":{"@id":"https:\/\/lasentinelle.dz\/index.php\/2022\/06\/08\/youcef-belmahd-ministre-des-affaires-religieuses-et-des-waqfs-les-frais-du-hadj-en-algerie-sont-parmi-les-plus-bas\/"},"wordCount":597,"commentCount":0,"publisher":{"@id":"https:\/\/lasentinelle.dz\/#organization"},"image":{"@id":"https:\/\/lasentinelle.dz\/index.php\/2022\/06\/08\/youcef-belmahd-ministre-des-affaires-religieuses-et-des-waqfs-les-frais-du-hadj-en-algerie-sont-parmi-les-plus-bas\/#primaryimage"},"thumbnailUrl":"https:\/\/lasentinelle.dz\/wp-content\/uploads\/2022\/06\/Youcef-Belmehdi.png","articleSection":["Actualit\u00e9"],"inLanguage":"fr-FR","potentialAction":[{"@type":"CommentAction","name":"Comment","target":["https:\/\/lasentinelle.dz\/index.php\/2022\/06\/08\/youcef-belmahd-ministre-des-affaires-religieuses-et-des-waqfs-les-frais-du-hadj-en-algerie-sont-parmi-les-plus-bas\/#respond"]}]},{"@type":"WebPage","@id":"https:\/\/lasentinelle.dz\/index.php\/2022\/06\/08\/youcef-belmahd-ministre-des-affaires-religieuses-et-des-waqfs-les-frais-du-hadj-en-algerie-sont-parmi-les-plus-bas\/","url":"https:\/\/lasentinelle.dz\/index.php\/2022\/06\/08\/youcef-belmahd-ministre-des-affaires-religieuses-et-des-waqfs-les-frais-du-hadj-en-algerie-sont-parmi-les-plus-bas\/","name":"Youcef Belmahdi,\u00a0ministre des Affaires religieuses et des Waqfs\u00a0: \u00ab\u00a0Les frais du Hadj en Alg\u00e9rie sont parmi les plus bas\u00a0\u00bb - La Sentinelle","isPartOf":{"@id":"https:\/\/lasentinelle.dz\/#website"},"primaryImageOfPage":{"@id":"https:\/\/lasentinelle.dz\/index.php\/2022\/06\/08\/youcef-belmahd-ministre-des-affaires-religieuses-et-des-waqfs-les-frais-du-hadj-en-algerie-sont-parmi-les-plus-bas\/#primaryimage"},"image":{"@id":"https:\/\/lasentinelle.dz\/index.php\/2022\/06\/08\/youcef-belmahd-ministre-des-affaires-religieuses-et-des-waqfs-les-frais-du-hadj-en-algerie-sont-parmi-les-plus-bas\/#primaryimage"},"thumbnailUrl":"https:\/\/lasentinelle.dz\/wp-content\/uploads\/2022\/06\/Youcef-Belmehdi.png","datePublished":"2022-06-07T23:01:00+00:00","breadcrumb":{"@id":"https:\/\/lasentinelle.dz\/index.php\/2022\/06\/08\/youcef-belmahd-ministre-des-affaires-religieuses-et-des-waqfs-les-frais-du-hadj-en-algerie-sont-parmi-les-plus-bas\/#breadcrumb"},"inLanguage":"fr-FR","potentialAction":[{"@type":"ReadAction","target":["https:\/\/lasentinelle.dz\/index.php\/2022\/06\/08\/youcef-belmahd-ministre-des-affaires-religieuses-et-des-waqfs-les-frais-du-hadj-en-algerie-sont-parmi-les-plus-bas\/"]}]},{"@type":"ImageObject","inLanguage":"fr-FR","@id":"https:\/\/lasentinelle.dz\/index.php\/2022\/06\/08\/youcef-belmahd-ministre-des-affaires-religieuses-et-des-waqfs-les-frais-du-hadj-en-algerie-sont-parmi-les-plus-bas\/#primaryimage","url":"https:\/\/lasentinelle.dz\/wp-content\/uploads\/2022\/06\/Youcef-Belmehdi.png","contentUrl":"https:\/\/lasentinelle.dz\/wp-content\/uploads\/2022\/06\/Youcef-Belmehdi.png","width":1350,"height":900},{"@type":"BreadcrumbList","@id":"https:\/\/lasentinelle.dz\/index.php\/2022\/06\/08\/youcef-belmahd-ministre-des-affaires-religieuses-et-des-waqfs-les-frais-du-hadj-en-algerie-sont-parmi-les-plus-bas\/#breadcrumb","itemListElement":[{"@type":"ListItem","position":1,"name":"Accueil","item":"https:\/\/lasentinelle.dz\/"},{"@type":"ListItem","position":2,"name":"Youcef Belmahdi,\u00a0ministre des Affaires religieuses et des Waqfs\u00a0: \u00ab\u00a0Les frais du Hadj en Alg\u00e9rie sont parmi les plus bas\u00a0\u00bb"}]},{"@type":"WebSite","@id":"https:\/\/lasentinelle.dz\/#website","url":"https:\/\/lasentinelle.dz\/","name":"La Sentinelle","description":"Quotidien national d&#039;information","publisher":{"@id":"https:\/\/lasentinelle.dz\/#organization"},"potentialAction":[{"@type":"SearchAction","target":{"@type":"EntryPoint","urlTemplate":"https:\/\/lasentinelle.dz\/?s={search_term_string}"},"query-input":{"@type":"PropertyValueSpecification","valueRequired":true,"valueName":"search_term_string"}}],"inLanguage":"fr-FR"},{"@type":"Organization","@id":"https:\/\/lasentinelle.dz\/#organization","name":"Quotidien La Sentinelle","url":"https:\/\/lasentinelle.dz\/","logo":{"@type":"ImageObject","inLanguage":"fr-FR","@id":"https:\/\/lasentinelle.dz\/#\/schema\/logo\/image\/","url":"https:\/\/lasentinelle.dz\/wp-content\/uploads\/2021\/09\/logo-sentinelleSLOGAN-1.png","contentUrl":"https:\/\/lasentinelle.dz\/wp-content\/uploads\/2021\/09\/logo-sentinelleSLOGAN-1.png","width":615,"height":142,"caption":"Quotidien La Sentinelle"},"image":{"@id":"https:\/\/lasentinelle.dz\/#\/schema\/logo\/image\/"},"sameAs":["https:\/\/www.facebook.com\/La-Sentinelle-104059864394773"]},{"@type":"Person","@id":"https:\/\/lasentinelle.dz\/#\/schema\/person\/d865044e22e70a75174ce8bcad3acfb3","name":"La Sentinelle","image":{"@type":"ImageObject","inLanguage":"fr-FR","@id":"https:\/\/secure.gravatar.com\/avatar\/57de8e5d4b15d43fb361a71fbb36338450fe67865b528a43dd10ef7c51a20392?s=96&d=mm&r=g","url":"https:\/\/secure.gravatar.com\/avatar\/57de8e5d4b15d43fb361a71fbb36338450fe67865b528a43dd10ef7c51a20392?s=96&d=mm&r=g","contentUrl":"https:\/\/secure.gravatar.com\/avatar\/57de8e5d4b15d43fb361a71fbb36338450fe67865b528a43dd10ef7c51a20392?s=96&d=mm&r=g","caption":"La Sentinelle"},"sameAs":["http:\/\/www.lasentinelle.dz"],"url":"https:\/\/lasentinelle.dz\/author\/redaction\/"}]}},"_links":{"self":[{"href":"https:\/\/lasentinelle.dz\/index.php\/wp-json\/wp\/v2\/posts\/22206","targetHints":{"allow":["GET"]}}],"collection":[{"href":"https:\/\/lasentinelle.dz\/index.php\/wp-json\/wp\/v2\/posts"}],"about":[{"href":"https:\/\/lasentinelle.dz\/index.php\/wp-json\/wp\/v2\/types\/post"}],"author":[{"embeddable":true,"href":"https:\/\/lasentinelle.dz\/index.php\/wp-json\/wp\/v2\/users\/3"}],"replies":[{"embeddable":true,"href":"https:\/\/lasentinelle.dz\/index.php\/wp-json\/wp\/v2\/comments?post=22206"}],"version-history":[{"count":2,"href":"https:\/\/lasentinelle.dz\/index.php\/wp-json\/wp\/v2\/posts\/22206\/revisions"}],"predecessor-version":[{"id":22234,"href":"https:\/\/lasentinelle.dz\/index.php\/wp-json\/wp\/v2\/posts\/22206\/revisions\/22234"}],"wp:featuredmedia":[{"embeddable":true,"href":"https:\/\/lasentinelle.dz\/index.php\/wp-json\/wp\/v2\/media\/22221"}],"wp:attachment":[{"href":"https:\/\/lasentinelle.dz\/index.php\/wp-json\/wp\/v2\/media?parent=22206"}],"wp:term":[{"taxonomy":"category","embeddable":true,"href":"https:\/\/lasentinelle.dz\/index.php\/wp-json\/wp\/v2\/categories?post=22206"},{"taxonomy":"post_tag","embeddable":true,"href":"https:\/\/lasentinelle.dz\/index.php\/wp-json\/wp\/v2\/tags?post=22206"}],"curies":[{"name":"wp","href":"https:\/\/api.w.org\/{rel}","templated":true}]}}