{"id":22223,"date":"2022-06-08T00:05:00","date_gmt":"2022-06-07T23:05:00","guid":{"rendered":"https:\/\/lasentinelle.dz\/?p=22223"},"modified":"2022-06-07T20:28:20","modified_gmt":"2022-06-07T19:28:20","slug":"proces-khalifa-bank-les-keramane-acquittes","status":"publish","type":"post","link":"https:\/\/lasentinelle.dz\/index.php\/2022\/06\/08\/proces-khalifa-bank-les-keramane-acquittes\/","title":{"rendered":"Proc\u00e8s\u00a0Khalifa\u00a0Bank :\u00a0Les Keramane acquitt\u00e9s"},"content":{"rendered":"\n<p>Le verdict dans le proc\u00e8s en appel de l\u2019affaire Khalifa Bank a \u00e9t\u00e9 prononc\u00e9&nbsp;tard dans la nuit de lundi \u00e0 mardi.<\/p>\n\n\n\n<p>Le Tribunal criminel pr\u00e8s la Cour de Blida a&nbsp;acquitt\u00e9&nbsp;l\u2019ancien gouverneur de la Banque d\u2019Alg\u00e9rie, Abdelouahab Kerman, son fr\u00e8re Abdenour et sa fille Yasmine qui ont b\u00e9n\u00e9fici\u00e9 d\u2019un non lieu, apr\u00e8s plusieurs ann\u00e9es de bataille judiciaire. Ces derniers ont fait l\u2019objet de poursuites depuis l\u2019\u00e9clatement de l\u2019affaire Khalifa en 2004. Abdelouahab Keramane, a occup\u00e9 le poste de gouverneur de la Banque d\u2019Alg\u00e9rie entre 1992 et 2001, tandis que son fr\u00e8re Kerman Abdenour a \u00e9t\u00e9 ministre de l\u2019Industrie du gouvernement de Sidi Ahmed Ghozali en&nbsp;&nbsp;1991. Ils ont \u00e9t\u00e9 cit\u00e9s dans l\u2019affaire Khalifa pour des chefs d\u2019inculpations li\u00e9s \u00e0 \u00abassociation de malfaiteurs, faux eu et usage de faux, vol, fraude, abus de confiance, trafic d\u2019influence, falsification des documents bancaires et banqueroute. Les mie en cause ont \u00e9t\u00e9 jug\u00e9s conform\u00e9ment aux articles 176, 177-42, 376, 372 et 387 du Code p\u00e9nal et aux articles 25, 32 de la Loi sur la pr\u00e9vention et la lutte contre la corruption. Les Keramane ont \u00e9t\u00e9 jug\u00e9s le mois de mars&nbsp;&nbsp;2007, ont \u00e9t\u00e9 condamn\u00e9 par contumace \u00e0&nbsp;&nbsp;des peines allant de 10 \u00e0 20 ans d\u2019emprisonnement&nbsp;&nbsp;ferme.&nbsp;Le proc\u00e8s en appel a \u00e9t\u00e9 ouvert dimanche dernier.&nbsp;Les mis en cause ont tous ni\u00e9 les faits, apportant, chacun sa version des faits. Il s\u2019agit essentiellement de l\u2019accus\u00e9 principal, Rafik Khalifa qui rejet\u00e9 en bloc les accusations pour lesquelles il a \u00e9t\u00e9 poursuivi. Le verdict a \u00e9t\u00e9 rendu par le Tribunal Criminel pr\u00e8s la Cour de Blida, condamnant le principal accus\u00e9 dans l\u2019affaire Khalifa Bank, Rafik Khalifa Abdelmoumen, \u00e0 18 ans de prison ferme et une amende d\u2019un&nbsp;million de dinars, en plus de la confiscation de ses biens.&nbsp;&nbsp;<\/p>\n\n\n\n<p>L&rsquo;ancien directeur de la principale agence de la Banque de d\u00e9veloppement local (BDL) de Staou\u00e9li, Issir Idir Mourad, a \u00e9t\u00e9 condamn\u00e9 \u00e0 cinq (5) ans de prison pour participation \u00e0 la falsification de documents officiels. Il a \u00e9t\u00e9 acquitt\u00e9 de l&rsquo;accusation d&rsquo;association de malfaiteurs.&nbsp;Des peines allant de deux (2) ans de prison avec sursis assortie d&rsquo;une amende de 20.000 dinars \u00e0 huit (8) ans de prison assortie d&rsquo;une amende de 500.000 dinars ont \u00e9t\u00e9 prononc\u00e9es \u00e0 l&rsquo;encontre de cinq (5) autre accus\u00e9s.&nbsp;Les accus\u00e9s condamn\u00e9s ont un d\u00e9lai de huit (8) jours, \u00e0 compter du 8 juin 2022, pour faire appel de cette d\u00e9cision devant la Cour supr\u00eame.&nbsp;Pour rappel, le parquet g\u00e9n\u00e9ral avait requis lundi une peine de 20 ans de prison ferme assortie d\u2019une amende d\u2019un million de DA contre l\u2019accus\u00e9 principal, Abdelmoumene Rafik Khalifa, avec la confiscation de l\u2019ensemble de ses biens. Une peine de 10 ans de prison ferme a \u00e9t\u00e9, par ailleurs, requise contre l&rsquo;ex-gouverneur de la Banque d&rsquo;Alg\u00e9rie, Abdelouahab Keramane, avec la confiscation de ses biens saisis, outre une peine de 5 ans de prison contre son fr\u00e8re Abdennour et sa fille Yasmine, avec la confiscation des biens saisis. Le procureur g\u00e9n\u00e9ral adjoint a \u00e9galement requis une peine de 8 ans de prison assortie d\u2019une amende de 500.000 DA contre l&rsquo;ex-directeur de l&rsquo;agence principale de la Banque de d\u00e9veloppement local (BDL) de Staoueli, Mourad Issir Idir, avec saisie de ses biens. Des peines allant de deux ans de prison assortie d\u2019une amende de 5.000 DA \u00e0 8 ans de prison assortie d\u2019une amende de 500.000 DA ont \u00e9t\u00e9 requises contre les huit autres accus\u00e9s. Le repr\u00e9sentant du parquet a aussi requis l&rsquo;application de la loi concernant les cas de chacun des accus\u00e9s Ighil Meziane et Aoun Ali, parall\u00e8lement \u00e0 la confiscation de l\u2019ensemble des biens des accus\u00e9s objets de saisis.<\/p>\n\n\n\n<p><strong>Salim Abdenour<\/strong><\/p>\n","protected":false},"excerpt":{"rendered":"<p>Le verdict dans le proc\u00e8s en appel de l\u2019affaire Khalifa Bank a \u00e9t\u00e9 prononc\u00e9&nbsp;tard dans la nuit de lundi \u00e0<\/p>\n","protected":false},"author":3,"featured_media":22224,"comment_status":"open","ping_status":"closed","sticky":false,"template":"","format":"standard","meta":{"colormag_page_container_layout":"default_layout","colormag_page_sidebar_layout":"default_layout","om_disable_all_campaigns":false,"_monsterinsights_skip_tracking":false,"_monsterinsights_sitenote_active":false,"_monsterinsights_sitenote_note":"","_monsterinsights_sitenote_category":0,"footnotes":"","_wpscppro_dont_share_socialmedia":false,"_wpscppro_custom_social_share_image":0,"_facebook_share_type":"","_twitter_share_type":"","_linkedin_share_type":"","_pinterest_share_type":"","_linkedin_share_type_page":"","_instagram_share_type":"","_medium_share_type":"","_threads_share_type":"","_google_business_share_type":"","_selected_social_profile":[],"_wpsp_enable_custom_social_template":false,"_wpsp_social_scheduling":{"enabled":false,"datetime":null,"platforms":[],"status":"template_only","dateOption":"today","timeOption":"now","customDays":"","customHours":"","customDate":"","customTime":"","schedulingType":"absolute"},"_wpsp_active_default_template":true},"categories":[52,27],"tags":[],"class_list":["post-22223","post","type-post","status-publish","format-standard","has-post-thumbnail","hentry","category-a-la-une","category-actualite"],"aioseo_notices":[],"yoast_head":"<!-- This site is optimized with the Yoast SEO plugin v27.4 - https:\/\/yoast.com\/product\/yoast-seo-wordpress\/ -->\n<title>Proc\u00e8s\u00a0Khalifa\u00a0Bank :\u00a0Les Keramane acquitt\u00e9s - La Sentinelle<\/title>\n<meta name=\"robots\" content=\"index, follow, max-snippet:-1, max-image-preview:large, max-video-preview:-1\" \/>\n<link rel=\"canonical\" href=\"https:\/\/lasentinelle.dz\/index.php\/2022\/06\/08\/proces-khalifa-bank-les-keramane-acquittes\/\" \/>\n<meta property=\"og:locale\" content=\"fr_FR\" \/>\n<meta property=\"og:type\" content=\"article\" \/>\n<meta property=\"og:title\" content=\"Proc\u00e8s\u00a0Khalifa\u00a0Bank :\u00a0Les Keramane acquitt\u00e9s - La Sentinelle\" \/>\n<meta property=\"og:description\" content=\"Le verdict dans le proc\u00e8s en appel de l\u2019affaire Khalifa Bank a \u00e9t\u00e9 prononc\u00e9&nbsp;tard dans la nuit de lundi \u00e0\" \/>\n<meta property=\"og:url\" content=\"https:\/\/lasentinelle.dz\/index.php\/2022\/06\/08\/proces-khalifa-bank-les-keramane-acquittes\/\" \/>\n<meta property=\"og:site_name\" content=\"La Sentinelle\" \/>\n<meta property=\"article:publisher\" content=\"https:\/\/www.facebook.com\/La-Sentinelle-104059864394773\" \/>\n<meta property=\"article:published_time\" content=\"2022-06-07T23:05:00+00:00\" \/>\n<meta property=\"og:image\" content=\"https:\/\/lasentinelle.dz\/wp-content\/uploads\/2022\/06\/andenour-Keramane.png\" \/>\n\t<meta property=\"og:image:width\" content=\"1395\" \/>\n\t<meta property=\"og:image:height\" content=\"900\" \/>\n\t<meta property=\"og:image:type\" content=\"image\/png\" \/>\n<meta name=\"author\" content=\"La Sentinelle\" \/>\n<meta name=\"twitter:card\" content=\"summary_large_image\" \/>\n<meta name=\"twitter:label1\" content=\"\u00c9crit par\" \/>\n\t<meta name=\"twitter:data1\" content=\"La Sentinelle\" \/>\n\t<meta name=\"twitter:label2\" content=\"Dur\u00e9e de lecture estim\u00e9e\" \/>\n\t<meta name=\"twitter:data2\" content=\"4 minutes\" \/>\n<script type=\"application\/ld+json\" class=\"yoast-schema-graph\">{\"@context\":\"https:\\\/\\\/schema.org\",\"@graph\":[{\"@type\":\"Article\",\"@id\":\"https:\\\/\\\/lasentinelle.dz\\\/index.php\\\/2022\\\/06\\\/08\\\/proces-khalifa-bank-les-keramane-acquittes\\\/#article\",\"isPartOf\":{\"@id\":\"https:\\\/\\\/lasentinelle.dz\\\/index.php\\\/2022\\\/06\\\/08\\\/proces-khalifa-bank-les-keramane-acquittes\\\/\"},\"author\":{\"name\":\"La Sentinelle\",\"@id\":\"https:\\\/\\\/lasentinelle.dz\\\/#\\\/schema\\\/person\\\/d865044e22e70a75174ce8bcad3acfb3\"},\"headline\":\"Proc\u00e8s\u00a0Khalifa\u00a0Bank :\u00a0Les Keramane acquitt\u00e9s\",\"datePublished\":\"2022-06-07T23:05:00+00:00\",\"mainEntityOfPage\":{\"@id\":\"https:\\\/\\\/lasentinelle.dz\\\/index.php\\\/2022\\\/06\\\/08\\\/proces-khalifa-bank-les-keramane-acquittes\\\/\"},\"wordCount\":664,\"commentCount\":0,\"publisher\":{\"@id\":\"https:\\\/\\\/lasentinelle.dz\\\/#organization\"},\"image\":{\"@id\":\"https:\\\/\\\/lasentinelle.dz\\\/index.php\\\/2022\\\/06\\\/08\\\/proces-khalifa-bank-les-keramane-acquittes\\\/#primaryimage\"},\"thumbnailUrl\":\"https:\\\/\\\/lasentinelle.dz\\\/wp-content\\\/uploads\\\/2022\\\/06\\\/andenour-Keramane.png\",\"articleSection\":[\"\u00c0 la Une\",\"Actualit\u00e9\"],\"inLanguage\":\"fr-FR\",\"potentialAction\":[{\"@type\":\"CommentAction\",\"name\":\"Comment\",\"target\":[\"https:\\\/\\\/lasentinelle.dz\\\/index.php\\\/2022\\\/06\\\/08\\\/proces-khalifa-bank-les-keramane-acquittes\\\/#respond\"]}]},{\"@type\":\"WebPage\",\"@id\":\"https:\\\/\\\/lasentinelle.dz\\\/index.php\\\/2022\\\/06\\\/08\\\/proces-khalifa-bank-les-keramane-acquittes\\\/\",\"url\":\"https:\\\/\\\/lasentinelle.dz\\\/index.php\\\/2022\\\/06\\\/08\\\/proces-khalifa-bank-les-keramane-acquittes\\\/\",\"name\":\"Proc\u00e8s\u00a0Khalifa\u00a0Bank :\u00a0Les Keramane acquitt\u00e9s - La Sentinelle\",\"isPartOf\":{\"@id\":\"https:\\\/\\\/lasentinelle.dz\\\/#website\"},\"primaryImageOfPage\":{\"@id\":\"https:\\\/\\\/lasentinelle.dz\\\/index.php\\\/2022\\\/06\\\/08\\\/proces-khalifa-bank-les-keramane-acquittes\\\/#primaryimage\"},\"image\":{\"@id\":\"https:\\\/\\\/lasentinelle.dz\\\/index.php\\\/2022\\\/06\\\/08\\\/proces-khalifa-bank-les-keramane-acquittes\\\/#primaryimage\"},\"thumbnailUrl\":\"https:\\\/\\\/lasentinelle.dz\\\/wp-content\\\/uploads\\\/2022\\\/06\\\/andenour-Keramane.png\",\"datePublished\":\"2022-06-07T23:05:00+00:00\",\"breadcrumb\":{\"@id\":\"https:\\\/\\\/lasentinelle.dz\\\/index.php\\\/2022\\\/06\\\/08\\\/proces-khalifa-bank-les-keramane-acquittes\\\/#breadcrumb\"},\"inLanguage\":\"fr-FR\",\"potentialAction\":[{\"@type\":\"ReadAction\",\"target\":[\"https:\\\/\\\/lasentinelle.dz\\\/index.php\\\/2022\\\/06\\\/08\\\/proces-khalifa-bank-les-keramane-acquittes\\\/\"]}]},{\"@type\":\"ImageObject\",\"inLanguage\":\"fr-FR\",\"@id\":\"https:\\\/\\\/lasentinelle.dz\\\/index.php\\\/2022\\\/06\\\/08\\\/proces-khalifa-bank-les-keramane-acquittes\\\/#primaryimage\",\"url\":\"https:\\\/\\\/lasentinelle.dz\\\/wp-content\\\/uploads\\\/2022\\\/06\\\/andenour-Keramane.png\",\"contentUrl\":\"https:\\\/\\\/lasentinelle.dz\\\/wp-content\\\/uploads\\\/2022\\\/06\\\/andenour-Keramane.png\",\"width\":1395,\"height\":900},{\"@type\":\"BreadcrumbList\",\"@id\":\"https:\\\/\\\/lasentinelle.dz\\\/index.php\\\/2022\\\/06\\\/08\\\/proces-khalifa-bank-les-keramane-acquittes\\\/#breadcrumb\",\"itemListElement\":[{\"@type\":\"ListItem\",\"position\":1,\"name\":\"Accueil\",\"item\":\"https:\\\/\\\/lasentinelle.dz\\\/\"},{\"@type\":\"ListItem\",\"position\":2,\"name\":\"Proc\u00e8s\u00a0Khalifa\u00a0Bank :\u00a0Les Keramane acquitt\u00e9s\"}]},{\"@type\":\"WebSite\",\"@id\":\"https:\\\/\\\/lasentinelle.dz\\\/#website\",\"url\":\"https:\\\/\\\/lasentinelle.dz\\\/\",\"name\":\"La Sentinelle\",\"description\":\"Quotidien national d&#039;information\",\"publisher\":{\"@id\":\"https:\\\/\\\/lasentinelle.dz\\\/#organization\"},\"potentialAction\":[{\"@type\":\"SearchAction\",\"target\":{\"@type\":\"EntryPoint\",\"urlTemplate\":\"https:\\\/\\\/lasentinelle.dz\\\/?s={search_term_string}\"},\"query-input\":{\"@type\":\"PropertyValueSpecification\",\"valueRequired\":true,\"valueName\":\"search_term_string\"}}],\"inLanguage\":\"fr-FR\"},{\"@type\":\"Organization\",\"@id\":\"https:\\\/\\\/lasentinelle.dz\\\/#organization\",\"name\":\"Quotidien La Sentinelle\",\"url\":\"https:\\\/\\\/lasentinelle.dz\\\/\",\"logo\":{\"@type\":\"ImageObject\",\"inLanguage\":\"fr-FR\",\"@id\":\"https:\\\/\\\/lasentinelle.dz\\\/#\\\/schema\\\/logo\\\/image\\\/\",\"url\":\"https:\\\/\\\/lasentinelle.dz\\\/wp-content\\\/uploads\\\/2021\\\/09\\\/logo-sentinelleSLOGAN-1.png\",\"contentUrl\":\"https:\\\/\\\/lasentinelle.dz\\\/wp-content\\\/uploads\\\/2021\\\/09\\\/logo-sentinelleSLOGAN-1.png\",\"width\":615,\"height\":142,\"caption\":\"Quotidien La Sentinelle\"},\"image\":{\"@id\":\"https:\\\/\\\/lasentinelle.dz\\\/#\\\/schema\\\/logo\\\/image\\\/\"},\"sameAs\":[\"https:\\\/\\\/www.facebook.com\\\/La-Sentinelle-104059864394773\"]},{\"@type\":\"Person\",\"@id\":\"https:\\\/\\\/lasentinelle.dz\\\/#\\\/schema\\\/person\\\/d865044e22e70a75174ce8bcad3acfb3\",\"name\":\"La Sentinelle\",\"image\":{\"@type\":\"ImageObject\",\"inLanguage\":\"fr-FR\",\"@id\":\"https:\\\/\\\/secure.gravatar.com\\\/avatar\\\/57de8e5d4b15d43fb361a71fbb36338450fe67865b528a43dd10ef7c51a20392?s=96&d=mm&r=g\",\"url\":\"https:\\\/\\\/secure.gravatar.com\\\/avatar\\\/57de8e5d4b15d43fb361a71fbb36338450fe67865b528a43dd10ef7c51a20392?s=96&d=mm&r=g\",\"contentUrl\":\"https:\\\/\\\/secure.gravatar.com\\\/avatar\\\/57de8e5d4b15d43fb361a71fbb36338450fe67865b528a43dd10ef7c51a20392?s=96&d=mm&r=g\",\"caption\":\"La Sentinelle\"},\"sameAs\":[\"http:\\\/\\\/www.lasentinelle.dz\"],\"url\":\"https:\\\/\\\/lasentinelle.dz\\\/author\\\/redaction\\\/\"}]}<\/script>\n<!-- \/ Yoast SEO plugin. -->","yoast_head_json":{"title":"Proc\u00e8s\u00a0Khalifa\u00a0Bank :\u00a0Les Keramane acquitt\u00e9s - La Sentinelle","robots":{"index":"index","follow":"follow","max-snippet":"max-snippet:-1","max-image-preview":"max-image-preview:large","max-video-preview":"max-video-preview:-1"},"canonical":"https:\/\/lasentinelle.dz\/index.php\/2022\/06\/08\/proces-khalifa-bank-les-keramane-acquittes\/","og_locale":"fr_FR","og_type":"article","og_title":"Proc\u00e8s\u00a0Khalifa\u00a0Bank :\u00a0Les Keramane acquitt\u00e9s - La Sentinelle","og_description":"Le verdict dans le proc\u00e8s en appel de l\u2019affaire Khalifa Bank a \u00e9t\u00e9 prononc\u00e9&nbsp;tard dans la nuit de lundi \u00e0","og_url":"https:\/\/lasentinelle.dz\/index.php\/2022\/06\/08\/proces-khalifa-bank-les-keramane-acquittes\/","og_site_name":"La Sentinelle","article_publisher":"https:\/\/www.facebook.com\/La-Sentinelle-104059864394773","article_published_time":"2022-06-07T23:05:00+00:00","og_image":[{"width":1395,"height":900,"url":"https:\/\/lasentinelle.dz\/wp-content\/uploads\/2022\/06\/andenour-Keramane.png","type":"image\/png"}],"author":"La Sentinelle","twitter_card":"summary_large_image","twitter_misc":{"\u00c9crit par":"La Sentinelle","Dur\u00e9e de lecture estim\u00e9e":"4 minutes"},"schema":{"@context":"https:\/\/schema.org","@graph":[{"@type":"Article","@id":"https:\/\/lasentinelle.dz\/index.php\/2022\/06\/08\/proces-khalifa-bank-les-keramane-acquittes\/#article","isPartOf":{"@id":"https:\/\/lasentinelle.dz\/index.php\/2022\/06\/08\/proces-khalifa-bank-les-keramane-acquittes\/"},"author":{"name":"La Sentinelle","@id":"https:\/\/lasentinelle.dz\/#\/schema\/person\/d865044e22e70a75174ce8bcad3acfb3"},"headline":"Proc\u00e8s\u00a0Khalifa\u00a0Bank :\u00a0Les Keramane acquitt\u00e9s","datePublished":"2022-06-07T23:05:00+00:00","mainEntityOfPage":{"@id":"https:\/\/lasentinelle.dz\/index.php\/2022\/06\/08\/proces-khalifa-bank-les-keramane-acquittes\/"},"wordCount":664,"commentCount":0,"publisher":{"@id":"https:\/\/lasentinelle.dz\/#organization"},"image":{"@id":"https:\/\/lasentinelle.dz\/index.php\/2022\/06\/08\/proces-khalifa-bank-les-keramane-acquittes\/#primaryimage"},"thumbnailUrl":"https:\/\/lasentinelle.dz\/wp-content\/uploads\/2022\/06\/andenour-Keramane.png","articleSection":["\u00c0 la Une","Actualit\u00e9"],"inLanguage":"fr-FR","potentialAction":[{"@type":"CommentAction","name":"Comment","target":["https:\/\/lasentinelle.dz\/index.php\/2022\/06\/08\/proces-khalifa-bank-les-keramane-acquittes\/#respond"]}]},{"@type":"WebPage","@id":"https:\/\/lasentinelle.dz\/index.php\/2022\/06\/08\/proces-khalifa-bank-les-keramane-acquittes\/","url":"https:\/\/lasentinelle.dz\/index.php\/2022\/06\/08\/proces-khalifa-bank-les-keramane-acquittes\/","name":"Proc\u00e8s\u00a0Khalifa\u00a0Bank :\u00a0Les Keramane acquitt\u00e9s - La Sentinelle","isPartOf":{"@id":"https:\/\/lasentinelle.dz\/#website"},"primaryImageOfPage":{"@id":"https:\/\/lasentinelle.dz\/index.php\/2022\/06\/08\/proces-khalifa-bank-les-keramane-acquittes\/#primaryimage"},"image":{"@id":"https:\/\/lasentinelle.dz\/index.php\/2022\/06\/08\/proces-khalifa-bank-les-keramane-acquittes\/#primaryimage"},"thumbnailUrl":"https:\/\/lasentinelle.dz\/wp-content\/uploads\/2022\/06\/andenour-Keramane.png","datePublished":"2022-06-07T23:05:00+00:00","breadcrumb":{"@id":"https:\/\/lasentinelle.dz\/index.php\/2022\/06\/08\/proces-khalifa-bank-les-keramane-acquittes\/#breadcrumb"},"inLanguage":"fr-FR","potentialAction":[{"@type":"ReadAction","target":["https:\/\/lasentinelle.dz\/index.php\/2022\/06\/08\/proces-khalifa-bank-les-keramane-acquittes\/"]}]},{"@type":"ImageObject","inLanguage":"fr-FR","@id":"https:\/\/lasentinelle.dz\/index.php\/2022\/06\/08\/proces-khalifa-bank-les-keramane-acquittes\/#primaryimage","url":"https:\/\/lasentinelle.dz\/wp-content\/uploads\/2022\/06\/andenour-Keramane.png","contentUrl":"https:\/\/lasentinelle.dz\/wp-content\/uploads\/2022\/06\/andenour-Keramane.png","width":1395,"height":900},{"@type":"BreadcrumbList","@id":"https:\/\/lasentinelle.dz\/index.php\/2022\/06\/08\/proces-khalifa-bank-les-keramane-acquittes\/#breadcrumb","itemListElement":[{"@type":"ListItem","position":1,"name":"Accueil","item":"https:\/\/lasentinelle.dz\/"},{"@type":"ListItem","position":2,"name":"Proc\u00e8s\u00a0Khalifa\u00a0Bank :\u00a0Les Keramane acquitt\u00e9s"}]},{"@type":"WebSite","@id":"https:\/\/lasentinelle.dz\/#website","url":"https:\/\/lasentinelle.dz\/","name":"La Sentinelle","description":"Quotidien national d&#039;information","publisher":{"@id":"https:\/\/lasentinelle.dz\/#organization"},"potentialAction":[{"@type":"SearchAction","target":{"@type":"EntryPoint","urlTemplate":"https:\/\/lasentinelle.dz\/?s={search_term_string}"},"query-input":{"@type":"PropertyValueSpecification","valueRequired":true,"valueName":"search_term_string"}}],"inLanguage":"fr-FR"},{"@type":"Organization","@id":"https:\/\/lasentinelle.dz\/#organization","name":"Quotidien La Sentinelle","url":"https:\/\/lasentinelle.dz\/","logo":{"@type":"ImageObject","inLanguage":"fr-FR","@id":"https:\/\/lasentinelle.dz\/#\/schema\/logo\/image\/","url":"https:\/\/lasentinelle.dz\/wp-content\/uploads\/2021\/09\/logo-sentinelleSLOGAN-1.png","contentUrl":"https:\/\/lasentinelle.dz\/wp-content\/uploads\/2021\/09\/logo-sentinelleSLOGAN-1.png","width":615,"height":142,"caption":"Quotidien La Sentinelle"},"image":{"@id":"https:\/\/lasentinelle.dz\/#\/schema\/logo\/image\/"},"sameAs":["https:\/\/www.facebook.com\/La-Sentinelle-104059864394773"]},{"@type":"Person","@id":"https:\/\/lasentinelle.dz\/#\/schema\/person\/d865044e22e70a75174ce8bcad3acfb3","name":"La Sentinelle","image":{"@type":"ImageObject","inLanguage":"fr-FR","@id":"https:\/\/secure.gravatar.com\/avatar\/57de8e5d4b15d43fb361a71fbb36338450fe67865b528a43dd10ef7c51a20392?s=96&d=mm&r=g","url":"https:\/\/secure.gravatar.com\/avatar\/57de8e5d4b15d43fb361a71fbb36338450fe67865b528a43dd10ef7c51a20392?s=96&d=mm&r=g","contentUrl":"https:\/\/secure.gravatar.com\/avatar\/57de8e5d4b15d43fb361a71fbb36338450fe67865b528a43dd10ef7c51a20392?s=96&d=mm&r=g","caption":"La Sentinelle"},"sameAs":["http:\/\/www.lasentinelle.dz"],"url":"https:\/\/lasentinelle.dz\/author\/redaction\/"}]}},"_links":{"self":[{"href":"https:\/\/lasentinelle.dz\/index.php\/wp-json\/wp\/v2\/posts\/22223","targetHints":{"allow":["GET"]}}],"collection":[{"href":"https:\/\/lasentinelle.dz\/index.php\/wp-json\/wp\/v2\/posts"}],"about":[{"href":"https:\/\/lasentinelle.dz\/index.php\/wp-json\/wp\/v2\/types\/post"}],"author":[{"embeddable":true,"href":"https:\/\/lasentinelle.dz\/index.php\/wp-json\/wp\/v2\/users\/3"}],"replies":[{"embeddable":true,"href":"https:\/\/lasentinelle.dz\/index.php\/wp-json\/wp\/v2\/comments?post=22223"}],"version-history":[{"count":1,"href":"https:\/\/lasentinelle.dz\/index.php\/wp-json\/wp\/v2\/posts\/22223\/revisions"}],"predecessor-version":[{"id":22225,"href":"https:\/\/lasentinelle.dz\/index.php\/wp-json\/wp\/v2\/posts\/22223\/revisions\/22225"}],"wp:featuredmedia":[{"embeddable":true,"href":"https:\/\/lasentinelle.dz\/index.php\/wp-json\/wp\/v2\/media\/22224"}],"wp:attachment":[{"href":"https:\/\/lasentinelle.dz\/index.php\/wp-json\/wp\/v2\/media?parent=22223"}],"wp:term":[{"taxonomy":"category","embeddable":true,"href":"https:\/\/lasentinelle.dz\/index.php\/wp-json\/wp\/v2\/categories?post=22223"},{"taxonomy":"post_tag","embeddable":true,"href":"https:\/\/lasentinelle.dz\/index.php\/wp-json\/wp\/v2\/tags?post=22223"}],"curies":[{"name":"wp","href":"https:\/\/api.w.org\/{rel}","templated":true}]}}