{"id":22253,"date":"2022-06-09T00:01:00","date_gmt":"2022-06-08T23:01:00","guid":{"rendered":"https:\/\/lasentinelle.dz\/?p=22253"},"modified":"2022-06-08T19:27:42","modified_gmt":"2022-06-08T18:27:42","slug":"exploitation-artisanale-de-lor-une-production-de-128-kilos-a-tamanrasset","status":"publish","type":"post","link":"https:\/\/lasentinelle.dz\/index.php\/2022\/06\/09\/exploitation-artisanale-de-lor-une-production-de-128-kilos-a-tamanrasset\/","title":{"rendered":"Exploitation artisanale de l\u2019or\u00a0: Une production de\u00a0128 kilos \u00e0 Tamanrasset"},"content":{"rendered":"\n<p>Une quantit\u00e9 de production aurif\u00e8re de plus de 128 kilos a \u00e9t\u00e9 r\u00e9alis\u00e9e depuis le lancement de l\u2019exploitation mini\u00e8re de ce m\u00e9tal pr\u00e9cieux en juin 2021 dans la wilaya de Tamanrasset, ont&nbsp;hier&nbsp;les responsables de l\u2019Agence nationale des activit\u00e9s mini\u00e8res (ANAM).&nbsp;La production aurif\u00e8re brute a \u00e9t\u00e9 r\u00e9alis\u00e9e par 57 micro-entreprises parmi un total de 90 entit\u00e9s ayant obtenu leurs autorisations d\u2019exploitation traditionnelle de ce m\u00e9tal dans la r\u00e9gion, a d\u00e9taill\u00e9 le chef de l\u2019antenne r\u00e9gionale de l\u2019ANAM de Tamanrasset, Noureddine Chouar.&nbsp;M. Chouar a fait part, \u00e0 ce titre, de l\u2019\u00e9tablissement de 628 ordres de virement bancaires pour honorer les frais des entreprises r\u00e9alisatrices, en sus de la remise d\u2019autres nouvelles autorisations portant changement ou extension des sites miniers exploit\u00e9s par les jeunes.&nbsp;Par souci d\u2019assurer un accompagnement souple et s\u00e9rieux des micro-entreprises activant dans ce domaine artisanal, les orpailleurs ont b\u00e9n\u00e9fici\u00e9 de sessions de formation sur les techniques et donn\u00e9es d\u00e9taill\u00e9es sur l\u2019exploitation mini\u00e8re aurif\u00e8re, les moyens et \u00e9quipements utilis\u00e9s dans l\u2019extraction artisanale, en sus des explications sur le cadre juridique r\u00e9gissant l\u2019activit\u00e9 d\u2019exploitation mini\u00e8re, ainsi que sur les volets aff\u00e9rents \u00e0 l\u2019hygi\u00e8ne, la s\u00e9curit\u00e9 et la pr\u00e9servation de l\u2019environnement, a ajout\u00e9 M. Chouar.&nbsp;Des patrouilles de contr\u00f4le p\u00e9riodique sont effectu\u00e9es par les ing\u00e9nieurs de l\u2019ANAM pour s\u2019assurer du respect des normes d\u2019exploitation et pour lutter contre les op\u00e9rations d\u2019orpaillage illicite, a indiqu\u00e9 le m\u00eame responsable.&nbsp;Quatre projets d\u2019exploitation industrielle de l\u2019or seront lanc\u00e9s prochainement dans la r\u00e9gion par de grandes entreprises susceptible de contribuer \u00e0 l\u2019accroissement de la production aurif\u00e8re et la g\u00e9n\u00e9ration de nouveaux emplois dans la r\u00e9gion.<\/p>\n\n\n\n<p>APS<\/p>\n","protected":false},"excerpt":{"rendered":"<p>Une quantit\u00e9 de production aurif\u00e8re de plus de 128 kilos a \u00e9t\u00e9 r\u00e9alis\u00e9e depuis le lancement de l\u2019exploitation mini\u00e8re de<\/p>\n","protected":false},"author":3,"featured_media":22278,"comment_status":"open","ping_status":"closed","sticky":false,"template":"","format":"standard","meta":{"colormag_page_container_layout":"default_layout","colormag_page_sidebar_layout":"default_layout","om_disable_all_campaigns":false,"_monsterinsights_skip_tracking":false,"_monsterinsights_sitenote_active":false,"_monsterinsights_sitenote_note":"","_monsterinsights_sitenote_category":0,"footnotes":"","_wpscppro_dont_share_socialmedia":false,"_wpscppro_custom_social_share_image":0,"_facebook_share_type":"","_twitter_share_type":"","_linkedin_share_type":"","_pinterest_share_type":"","_linkedin_share_type_page":"","_instagram_share_type":"","_medium_share_type":"","_threads_share_type":"","_google_business_share_type":"","_selected_social_profile":[],"_wpsp_enable_custom_social_template":false,"_wpsp_social_scheduling":{"enabled":false,"datetime":null,"platforms":[],"status":"template_only","dateOption":"today","timeOption":"now","customDays":"","customHours":"","customDate":"","customTime":"","schedulingType":"absolute"},"_wpsp_active_default_template":true},"categories":[29],"tags":[],"class_list":["post-22253","post","type-post","status-publish","format-standard","has-post-thumbnail","hentry","category-economie"],"aioseo_notices":[],"yoast_head":"<!-- This site is optimized with the Yoast SEO plugin v27.5 - https:\/\/yoast.com\/product\/yoast-seo-wordpress\/ -->\n<title>Exploitation artisanale de l\u2019or\u00a0: Une production de\u00a0128 kilos \u00e0 Tamanrasset - La Sentinelle<\/title>\n<meta name=\"robots\" content=\"index, follow, max-snippet:-1, max-image-preview:large, max-video-preview:-1\" \/>\n<link rel=\"canonical\" href=\"https:\/\/lasentinelle.dz\/index.php\/2022\/06\/09\/exploitation-artisanale-de-lor-une-production-de-128-kilos-a-tamanrasset\/\" \/>\n<meta property=\"og:locale\" content=\"fr_FR\" \/>\n<meta property=\"og:type\" content=\"article\" \/>\n<meta property=\"og:title\" content=\"Exploitation artisanale de l\u2019or\u00a0: Une production de\u00a0128 kilos \u00e0 Tamanrasset - La Sentinelle\" \/>\n<meta property=\"og:description\" content=\"Une quantit\u00e9 de production aurif\u00e8re de plus de 128 kilos a \u00e9t\u00e9 r\u00e9alis\u00e9e depuis le lancement de l\u2019exploitation mini\u00e8re de\" \/>\n<meta property=\"og:url\" content=\"https:\/\/lasentinelle.dz\/index.php\/2022\/06\/09\/exploitation-artisanale-de-lor-une-production-de-128-kilos-a-tamanrasset\/\" \/>\n<meta property=\"og:site_name\" content=\"La Sentinelle\" \/>\n<meta property=\"article:publisher\" content=\"https:\/\/www.facebook.com\/La-Sentinelle-104059864394773\" \/>\n<meta property=\"article:published_time\" content=\"2022-06-08T23:01:00+00:00\" \/>\n<meta property=\"og:image\" content=\"https:\/\/lasentinelle.dz\/wp-content\/uploads\/2022\/06\/or.png\" \/>\n\t<meta property=\"og:image:width\" content=\"1500\" \/>\n\t<meta property=\"og:image:height\" content=\"900\" \/>\n\t<meta property=\"og:image:type\" content=\"image\/png\" \/>\n<meta name=\"author\" content=\"La Sentinelle\" \/>\n<meta name=\"twitter:card\" content=\"summary_large_image\" \/>\n<meta name=\"twitter:label1\" content=\"\u00c9crit par\" \/>\n\t<meta name=\"twitter:data1\" content=\"La Sentinelle\" \/>\n\t<meta name=\"twitter:label2\" content=\"Dur\u00e9e de lecture estim\u00e9e\" \/>\n\t<meta name=\"twitter:data2\" content=\"2 minutes\" \/>\n<script type=\"application\/ld+json\" class=\"yoast-schema-graph\">{\"@context\":\"https:\\\/\\\/schema.org\",\"@graph\":[{\"@type\":\"Article\",\"@id\":\"https:\\\/\\\/lasentinelle.dz\\\/index.php\\\/2022\\\/06\\\/09\\\/exploitation-artisanale-de-lor-une-production-de-128-kilos-a-tamanrasset\\\/#article\",\"isPartOf\":{\"@id\":\"https:\\\/\\\/lasentinelle.dz\\\/index.php\\\/2022\\\/06\\\/09\\\/exploitation-artisanale-de-lor-une-production-de-128-kilos-a-tamanrasset\\\/\"},\"author\":{\"name\":\"La Sentinelle\",\"@id\":\"https:\\\/\\\/lasentinelle.dz\\\/#\\\/schema\\\/person\\\/d865044e22e70a75174ce8bcad3acfb3\"},\"headline\":\"Exploitation artisanale de l\u2019or\u00a0: Une production de\u00a0128 kilos \u00e0 Tamanrasset\",\"datePublished\":\"2022-06-08T23:01:00+00:00\",\"mainEntityOfPage\":{\"@id\":\"https:\\\/\\\/lasentinelle.dz\\\/index.php\\\/2022\\\/06\\\/09\\\/exploitation-artisanale-de-lor-une-production-de-128-kilos-a-tamanrasset\\\/\"},\"wordCount\":339,\"commentCount\":0,\"publisher\":{\"@id\":\"https:\\\/\\\/lasentinelle.dz\\\/#organization\"},\"image\":{\"@id\":\"https:\\\/\\\/lasentinelle.dz\\\/index.php\\\/2022\\\/06\\\/09\\\/exploitation-artisanale-de-lor-une-production-de-128-kilos-a-tamanrasset\\\/#primaryimage\"},\"thumbnailUrl\":\"https:\\\/\\\/lasentinelle.dz\\\/wp-content\\\/uploads\\\/2022\\\/06\\\/or.png\",\"articleSection\":[\"\u00c9conomie\"],\"inLanguage\":\"fr-FR\",\"potentialAction\":[{\"@type\":\"CommentAction\",\"name\":\"Comment\",\"target\":[\"https:\\\/\\\/lasentinelle.dz\\\/index.php\\\/2022\\\/06\\\/09\\\/exploitation-artisanale-de-lor-une-production-de-128-kilos-a-tamanrasset\\\/#respond\"]}]},{\"@type\":\"WebPage\",\"@id\":\"https:\\\/\\\/lasentinelle.dz\\\/index.php\\\/2022\\\/06\\\/09\\\/exploitation-artisanale-de-lor-une-production-de-128-kilos-a-tamanrasset\\\/\",\"url\":\"https:\\\/\\\/lasentinelle.dz\\\/index.php\\\/2022\\\/06\\\/09\\\/exploitation-artisanale-de-lor-une-production-de-128-kilos-a-tamanrasset\\\/\",\"name\":\"Exploitation artisanale de l\u2019or\u00a0: Une production de\u00a0128 kilos \u00e0 Tamanrasset - La Sentinelle\",\"isPartOf\":{\"@id\":\"https:\\\/\\\/lasentinelle.dz\\\/#website\"},\"primaryImageOfPage\":{\"@id\":\"https:\\\/\\\/lasentinelle.dz\\\/index.php\\\/2022\\\/06\\\/09\\\/exploitation-artisanale-de-lor-une-production-de-128-kilos-a-tamanrasset\\\/#primaryimage\"},\"image\":{\"@id\":\"https:\\\/\\\/lasentinelle.dz\\\/index.php\\\/2022\\\/06\\\/09\\\/exploitation-artisanale-de-lor-une-production-de-128-kilos-a-tamanrasset\\\/#primaryimage\"},\"thumbnailUrl\":\"https:\\\/\\\/lasentinelle.dz\\\/wp-content\\\/uploads\\\/2022\\\/06\\\/or.png\",\"datePublished\":\"2022-06-08T23:01:00+00:00\",\"breadcrumb\":{\"@id\":\"https:\\\/\\\/lasentinelle.dz\\\/index.php\\\/2022\\\/06\\\/09\\\/exploitation-artisanale-de-lor-une-production-de-128-kilos-a-tamanrasset\\\/#breadcrumb\"},\"inLanguage\":\"fr-FR\",\"potentialAction\":[{\"@type\":\"ReadAction\",\"target\":[\"https:\\\/\\\/lasentinelle.dz\\\/index.php\\\/2022\\\/06\\\/09\\\/exploitation-artisanale-de-lor-une-production-de-128-kilos-a-tamanrasset\\\/\"]}]},{\"@type\":\"ImageObject\",\"inLanguage\":\"fr-FR\",\"@id\":\"https:\\\/\\\/lasentinelle.dz\\\/index.php\\\/2022\\\/06\\\/09\\\/exploitation-artisanale-de-lor-une-production-de-128-kilos-a-tamanrasset\\\/#primaryimage\",\"url\":\"https:\\\/\\\/lasentinelle.dz\\\/wp-content\\\/uploads\\\/2022\\\/06\\\/or.png\",\"contentUrl\":\"https:\\\/\\\/lasentinelle.dz\\\/wp-content\\\/uploads\\\/2022\\\/06\\\/or.png\",\"width\":1500,\"height\":900},{\"@type\":\"BreadcrumbList\",\"@id\":\"https:\\\/\\\/lasentinelle.dz\\\/index.php\\\/2022\\\/06\\\/09\\\/exploitation-artisanale-de-lor-une-production-de-128-kilos-a-tamanrasset\\\/#breadcrumb\",\"itemListElement\":[{\"@type\":\"ListItem\",\"position\":1,\"name\":\"Accueil\",\"item\":\"https:\\\/\\\/lasentinelle.dz\\\/\"},{\"@type\":\"ListItem\",\"position\":2,\"name\":\"Exploitation artisanale de l\u2019or\u00a0: Une production de\u00a0128 kilos \u00e0 Tamanrasset\"}]},{\"@type\":\"WebSite\",\"@id\":\"https:\\\/\\\/lasentinelle.dz\\\/#website\",\"url\":\"https:\\\/\\\/lasentinelle.dz\\\/\",\"name\":\"La Sentinelle\",\"description\":\"Quotidien national d&#039;information\",\"publisher\":{\"@id\":\"https:\\\/\\\/lasentinelle.dz\\\/#organization\"},\"potentialAction\":[{\"@type\":\"SearchAction\",\"target\":{\"@type\":\"EntryPoint\",\"urlTemplate\":\"https:\\\/\\\/lasentinelle.dz\\\/?s={search_term_string}\"},\"query-input\":{\"@type\":\"PropertyValueSpecification\",\"valueRequired\":true,\"valueName\":\"search_term_string\"}}],\"inLanguage\":\"fr-FR\"},{\"@type\":\"Organization\",\"@id\":\"https:\\\/\\\/lasentinelle.dz\\\/#organization\",\"name\":\"Quotidien La Sentinelle\",\"url\":\"https:\\\/\\\/lasentinelle.dz\\\/\",\"logo\":{\"@type\":\"ImageObject\",\"inLanguage\":\"fr-FR\",\"@id\":\"https:\\\/\\\/lasentinelle.dz\\\/#\\\/schema\\\/logo\\\/image\\\/\",\"url\":\"https:\\\/\\\/lasentinelle.dz\\\/wp-content\\\/uploads\\\/2021\\\/09\\\/logo-sentinelleSLOGAN-1.png\",\"contentUrl\":\"https:\\\/\\\/lasentinelle.dz\\\/wp-content\\\/uploads\\\/2021\\\/09\\\/logo-sentinelleSLOGAN-1.png\",\"width\":615,\"height\":142,\"caption\":\"Quotidien La Sentinelle\"},\"image\":{\"@id\":\"https:\\\/\\\/lasentinelle.dz\\\/#\\\/schema\\\/logo\\\/image\\\/\"},\"sameAs\":[\"https:\\\/\\\/www.facebook.com\\\/La-Sentinelle-104059864394773\"]},{\"@type\":\"Person\",\"@id\":\"https:\\\/\\\/lasentinelle.dz\\\/#\\\/schema\\\/person\\\/d865044e22e70a75174ce8bcad3acfb3\",\"name\":\"La Sentinelle\",\"image\":{\"@type\":\"ImageObject\",\"inLanguage\":\"fr-FR\",\"@id\":\"https:\\\/\\\/secure.gravatar.com\\\/avatar\\\/57de8e5d4b15d43fb361a71fbb36338450fe67865b528a43dd10ef7c51a20392?s=96&d=mm&r=g\",\"url\":\"https:\\\/\\\/secure.gravatar.com\\\/avatar\\\/57de8e5d4b15d43fb361a71fbb36338450fe67865b528a43dd10ef7c51a20392?s=96&d=mm&r=g\",\"contentUrl\":\"https:\\\/\\\/secure.gravatar.com\\\/avatar\\\/57de8e5d4b15d43fb361a71fbb36338450fe67865b528a43dd10ef7c51a20392?s=96&d=mm&r=g\",\"caption\":\"La Sentinelle\"},\"sameAs\":[\"http:\\\/\\\/www.lasentinelle.dz\"],\"url\":\"https:\\\/\\\/lasentinelle.dz\\\/author\\\/redaction\\\/\"}]}<\/script>\n<!-- \/ Yoast SEO plugin. -->","yoast_head_json":{"title":"Exploitation artisanale de l\u2019or\u00a0: Une production de\u00a0128 kilos \u00e0 Tamanrasset - La Sentinelle","robots":{"index":"index","follow":"follow","max-snippet":"max-snippet:-1","max-image-preview":"max-image-preview:large","max-video-preview":"max-video-preview:-1"},"canonical":"https:\/\/lasentinelle.dz\/index.php\/2022\/06\/09\/exploitation-artisanale-de-lor-une-production-de-128-kilos-a-tamanrasset\/","og_locale":"fr_FR","og_type":"article","og_title":"Exploitation artisanale de l\u2019or\u00a0: Une production de\u00a0128 kilos \u00e0 Tamanrasset - La Sentinelle","og_description":"Une quantit\u00e9 de production aurif\u00e8re de plus de 128 kilos a \u00e9t\u00e9 r\u00e9alis\u00e9e depuis le lancement de l\u2019exploitation mini\u00e8re de","og_url":"https:\/\/lasentinelle.dz\/index.php\/2022\/06\/09\/exploitation-artisanale-de-lor-une-production-de-128-kilos-a-tamanrasset\/","og_site_name":"La Sentinelle","article_publisher":"https:\/\/www.facebook.com\/La-Sentinelle-104059864394773","article_published_time":"2022-06-08T23:01:00+00:00","og_image":[{"width":1500,"height":900,"url":"https:\/\/lasentinelle.dz\/wp-content\/uploads\/2022\/06\/or.png","type":"image\/png"}],"author":"La Sentinelle","twitter_card":"summary_large_image","twitter_misc":{"\u00c9crit par":"La Sentinelle","Dur\u00e9e de lecture estim\u00e9e":"2 minutes"},"schema":{"@context":"https:\/\/schema.org","@graph":[{"@type":"Article","@id":"https:\/\/lasentinelle.dz\/index.php\/2022\/06\/09\/exploitation-artisanale-de-lor-une-production-de-128-kilos-a-tamanrasset\/#article","isPartOf":{"@id":"https:\/\/lasentinelle.dz\/index.php\/2022\/06\/09\/exploitation-artisanale-de-lor-une-production-de-128-kilos-a-tamanrasset\/"},"author":{"name":"La Sentinelle","@id":"https:\/\/lasentinelle.dz\/#\/schema\/person\/d865044e22e70a75174ce8bcad3acfb3"},"headline":"Exploitation artisanale de l\u2019or\u00a0: Une production de\u00a0128 kilos \u00e0 Tamanrasset","datePublished":"2022-06-08T23:01:00+00:00","mainEntityOfPage":{"@id":"https:\/\/lasentinelle.dz\/index.php\/2022\/06\/09\/exploitation-artisanale-de-lor-une-production-de-128-kilos-a-tamanrasset\/"},"wordCount":339,"commentCount":0,"publisher":{"@id":"https:\/\/lasentinelle.dz\/#organization"},"image":{"@id":"https:\/\/lasentinelle.dz\/index.php\/2022\/06\/09\/exploitation-artisanale-de-lor-une-production-de-128-kilos-a-tamanrasset\/#primaryimage"},"thumbnailUrl":"https:\/\/lasentinelle.dz\/wp-content\/uploads\/2022\/06\/or.png","articleSection":["\u00c9conomie"],"inLanguage":"fr-FR","potentialAction":[{"@type":"CommentAction","name":"Comment","target":["https:\/\/lasentinelle.dz\/index.php\/2022\/06\/09\/exploitation-artisanale-de-lor-une-production-de-128-kilos-a-tamanrasset\/#respond"]}]},{"@type":"WebPage","@id":"https:\/\/lasentinelle.dz\/index.php\/2022\/06\/09\/exploitation-artisanale-de-lor-une-production-de-128-kilos-a-tamanrasset\/","url":"https:\/\/lasentinelle.dz\/index.php\/2022\/06\/09\/exploitation-artisanale-de-lor-une-production-de-128-kilos-a-tamanrasset\/","name":"Exploitation artisanale de l\u2019or\u00a0: Une production de\u00a0128 kilos \u00e0 Tamanrasset - La Sentinelle","isPartOf":{"@id":"https:\/\/lasentinelle.dz\/#website"},"primaryImageOfPage":{"@id":"https:\/\/lasentinelle.dz\/index.php\/2022\/06\/09\/exploitation-artisanale-de-lor-une-production-de-128-kilos-a-tamanrasset\/#primaryimage"},"image":{"@id":"https:\/\/lasentinelle.dz\/index.php\/2022\/06\/09\/exploitation-artisanale-de-lor-une-production-de-128-kilos-a-tamanrasset\/#primaryimage"},"thumbnailUrl":"https:\/\/lasentinelle.dz\/wp-content\/uploads\/2022\/06\/or.png","datePublished":"2022-06-08T23:01:00+00:00","breadcrumb":{"@id":"https:\/\/lasentinelle.dz\/index.php\/2022\/06\/09\/exploitation-artisanale-de-lor-une-production-de-128-kilos-a-tamanrasset\/#breadcrumb"},"inLanguage":"fr-FR","potentialAction":[{"@type":"ReadAction","target":["https:\/\/lasentinelle.dz\/index.php\/2022\/06\/09\/exploitation-artisanale-de-lor-une-production-de-128-kilos-a-tamanrasset\/"]}]},{"@type":"ImageObject","inLanguage":"fr-FR","@id":"https:\/\/lasentinelle.dz\/index.php\/2022\/06\/09\/exploitation-artisanale-de-lor-une-production-de-128-kilos-a-tamanrasset\/#primaryimage","url":"https:\/\/lasentinelle.dz\/wp-content\/uploads\/2022\/06\/or.png","contentUrl":"https:\/\/lasentinelle.dz\/wp-content\/uploads\/2022\/06\/or.png","width":1500,"height":900},{"@type":"BreadcrumbList","@id":"https:\/\/lasentinelle.dz\/index.php\/2022\/06\/09\/exploitation-artisanale-de-lor-une-production-de-128-kilos-a-tamanrasset\/#breadcrumb","itemListElement":[{"@type":"ListItem","position":1,"name":"Accueil","item":"https:\/\/lasentinelle.dz\/"},{"@type":"ListItem","position":2,"name":"Exploitation artisanale de l\u2019or\u00a0: Une production de\u00a0128 kilos \u00e0 Tamanrasset"}]},{"@type":"WebSite","@id":"https:\/\/lasentinelle.dz\/#website","url":"https:\/\/lasentinelle.dz\/","name":"La Sentinelle","description":"Quotidien national d&#039;information","publisher":{"@id":"https:\/\/lasentinelle.dz\/#organization"},"potentialAction":[{"@type":"SearchAction","target":{"@type":"EntryPoint","urlTemplate":"https:\/\/lasentinelle.dz\/?s={search_term_string}"},"query-input":{"@type":"PropertyValueSpecification","valueRequired":true,"valueName":"search_term_string"}}],"inLanguage":"fr-FR"},{"@type":"Organization","@id":"https:\/\/lasentinelle.dz\/#organization","name":"Quotidien La Sentinelle","url":"https:\/\/lasentinelle.dz\/","logo":{"@type":"ImageObject","inLanguage":"fr-FR","@id":"https:\/\/lasentinelle.dz\/#\/schema\/logo\/image\/","url":"https:\/\/lasentinelle.dz\/wp-content\/uploads\/2021\/09\/logo-sentinelleSLOGAN-1.png","contentUrl":"https:\/\/lasentinelle.dz\/wp-content\/uploads\/2021\/09\/logo-sentinelleSLOGAN-1.png","width":615,"height":142,"caption":"Quotidien La Sentinelle"},"image":{"@id":"https:\/\/lasentinelle.dz\/#\/schema\/logo\/image\/"},"sameAs":["https:\/\/www.facebook.com\/La-Sentinelle-104059864394773"]},{"@type":"Person","@id":"https:\/\/lasentinelle.dz\/#\/schema\/person\/d865044e22e70a75174ce8bcad3acfb3","name":"La Sentinelle","image":{"@type":"ImageObject","inLanguage":"fr-FR","@id":"https:\/\/secure.gravatar.com\/avatar\/57de8e5d4b15d43fb361a71fbb36338450fe67865b528a43dd10ef7c51a20392?s=96&d=mm&r=g","url":"https:\/\/secure.gravatar.com\/avatar\/57de8e5d4b15d43fb361a71fbb36338450fe67865b528a43dd10ef7c51a20392?s=96&d=mm&r=g","contentUrl":"https:\/\/secure.gravatar.com\/avatar\/57de8e5d4b15d43fb361a71fbb36338450fe67865b528a43dd10ef7c51a20392?s=96&d=mm&r=g","caption":"La Sentinelle"},"sameAs":["http:\/\/www.lasentinelle.dz"],"url":"https:\/\/lasentinelle.dz\/author\/redaction\/"}]}},"_links":{"self":[{"href":"https:\/\/lasentinelle.dz\/index.php\/wp-json\/wp\/v2\/posts\/22253","targetHints":{"allow":["GET"]}}],"collection":[{"href":"https:\/\/lasentinelle.dz\/index.php\/wp-json\/wp\/v2\/posts"}],"about":[{"href":"https:\/\/lasentinelle.dz\/index.php\/wp-json\/wp\/v2\/types\/post"}],"author":[{"embeddable":true,"href":"https:\/\/lasentinelle.dz\/index.php\/wp-json\/wp\/v2\/users\/3"}],"replies":[{"embeddable":true,"href":"https:\/\/lasentinelle.dz\/index.php\/wp-json\/wp\/v2\/comments?post=22253"}],"version-history":[{"count":1,"href":"https:\/\/lasentinelle.dz\/index.php\/wp-json\/wp\/v2\/posts\/22253\/revisions"}],"predecessor-version":[{"id":22279,"href":"https:\/\/lasentinelle.dz\/index.php\/wp-json\/wp\/v2\/posts\/22253\/revisions\/22279"}],"wp:featuredmedia":[{"embeddable":true,"href":"https:\/\/lasentinelle.dz\/index.php\/wp-json\/wp\/v2\/media\/22278"}],"wp:attachment":[{"href":"https:\/\/lasentinelle.dz\/index.php\/wp-json\/wp\/v2\/media?parent=22253"}],"wp:term":[{"taxonomy":"category","embeddable":true,"href":"https:\/\/lasentinelle.dz\/index.php\/wp-json\/wp\/v2\/categories?post=22253"},{"taxonomy":"post_tag","embeddable":true,"href":"https:\/\/lasentinelle.dz\/index.php\/wp-json\/wp\/v2\/tags?post=22253"}],"curies":[{"name":"wp","href":"https:\/\/api.w.org\/{rel}","templated":true}]}}