{"id":22255,"date":"2022-06-09T00:05:00","date_gmt":"2022-06-08T23:05:00","guid":{"rendered":"https:\/\/lasentinelle.dz\/?p=22255"},"modified":"2022-06-08T21:45:19","modified_gmt":"2022-06-08T20:45:19","slug":"drame-a-laeroport-dalger-arrestations-et-suspensions-en-serie","status":"publish","type":"post","link":"https:\/\/lasentinelle.dz\/index.php\/2022\/06\/09\/drame-a-laeroport-dalger-arrestations-et-suspensions-en-serie\/","title":{"rendered":"Drame \u00e0 l\u2019a\u00e9roport d\u2019Alger\u00a0: Arrestations et suspensions en s\u00e9rie"},"content":{"rendered":"\n<p>Les sanctions continuent de pleuvoir sur les responsables en charge de la s\u00e9curit\u00e9 au niveau de l\u2019a\u00e9roport d\u2019Alger, apr\u00e8s le drame qui a secou\u00e9 l\u2019enceinte a\u00e9roportuaire samedi.&nbsp;&nbsp;Apr\u00e8s l\u2019annonce par les m\u00e9dias, mardi du limogeage des principaux responsables de la police des fronti\u00e8res et du commissaire de l\u2019a\u00e9roport d\u2019Alger, la pr\u00e9sidence de la R\u00e9publique a annonc\u00e9 hier plusieurs suspensions ainsi que l\u2019arrestation de quatre individus impliqu\u00e9s dans le drame qui a co\u00fbt\u00e9 la vie \u00e0 deux jeunes gens dont les cadavres ont \u00e9t\u00e9 d\u00e9couvert samedi dans le train d\u2019atterrissage d\u2019un avion d\u2019Air Alg\u00e9rie parqu\u00e9 sur le tarmac de l\u2019a\u00e9roport. \u00ab&nbsp;Suite au tragique accident qui a co\u00fbt\u00e9 la vie \u00e0 deux jeunes hommes \u00e0 l&rsquo;a\u00e9roport Houari Boumediene, et apr\u00e8s&nbsp;l\u2019enqu\u00eate&nbsp;pr\u00e9liminaires, quatre suspects ont \u00e9t\u00e9 arr\u00eat\u00e9s et&nbsp;mis en d\u00e9tention&nbsp;pour leur implication et leur participation aux incidents ayant entra\u00een\u00e9 la mort des deux victimes.&nbsp;Il s&rsquo;agit de : (Kh-M) 34 ans, (B-A) 23 ans, (M-B) 24 ans, (B-M) 46 ans&nbsp;\u00bb, a indiqu\u00e9 un communiqu\u00e9 des services de la pr\u00e9sidence de la R\u00e9publique.&nbsp;La m\u00eame source a \u00e9galement annonc\u00e9 la suspension administrative de neuf responsables&nbsp;de la Direction G\u00e9n\u00e9rale de la S\u00fbret\u00e9 Nationale et de l&rsquo;a\u00e9roport Houari Boumediene. Il s&rsquo;agit de&nbsp;du&nbsp;Directeur de la Police&nbsp;des&nbsp;Fronti\u00e8res,&nbsp;de la&nbsp;Directrice-Adjointe&nbsp;des Fronti\u00e8res&nbsp;a\u00e9riennes,&nbsp;du&nbsp;Directeur Adjoint de la S\u00fbret\u00e9 A\u00e9roportuaire,&nbsp;du&nbsp;Chef d&rsquo;une escouade de s\u00e9curit\u00e9,&nbsp;du Commissaire&nbsp;de&nbsp;police,&nbsp;et du responsable&nbsp;en charge du contr\u00f4le a\u00e9rien.&nbsp;Les mesures de suspensions concernent \u00e9galement le responsable de la salle de vid\u00e9osurveillance, affili\u00e9 \u00e0 la faction de la police des fronti\u00e8res, \u00e0 l&rsquo;a\u00e9roport Houari Boumediene, ainsi que le chef du d\u00e9partement, dans cette faction,&nbsp;le Commissaire&nbsp;principal de police,&nbsp;le responsable&nbsp;en charge&nbsp;des&nbsp;technologies&nbsp;de s\u00e9curit\u00e9&nbsp;et de&nbsp;surveillance&nbsp;au sein&nbsp;de l&rsquo;a\u00e9roport, et&nbsp;del&rsquo;inspecteur de police&nbsp;en charge de la permanence&nbsp;au niveau de l&rsquo;a\u00e9roport. La pr\u00e9sidence de la R\u00e9publique a \u00e9galement indiqu\u00e9 que ces derniers ont \u00e9t\u00e9&nbsp;d\u00e9f\u00e9r\u00e9s&nbsp;devant&nbsp;la commission de discipline, dans l&rsquo;attente de la cl\u00f4ture de l&rsquo;enqu\u00eate pr\u00e9liminaire&nbsp;ouverte conform\u00e9ment aux dispositions&nbsp;du Code de proc\u00e9dures&nbsp;p\u00e9nales. Les dossiers de ces derniers seront d\u2019ailleurs transf\u00e9r\u00e9s au&nbsp;Procureur de la R\u00e9publique territorialement comp\u00e9tent.<\/p>\n\n\n\n<p>R.N.<\/p>\n","protected":false},"excerpt":{"rendered":"<p>Les sanctions continuent de pleuvoir sur les responsables en charge de la s\u00e9curit\u00e9 au niveau de l\u2019a\u00e9roport d\u2019Alger, apr\u00e8s le<\/p>\n","protected":false},"author":3,"featured_media":22307,"comment_status":"open","ping_status":"closed","sticky":false,"template":"","format":"standard","meta":{"colormag_page_container_layout":"default_layout","colormag_page_sidebar_layout":"default_layout","om_disable_all_campaigns":false,"_monsterinsights_skip_tracking":false,"_monsterinsights_sitenote_active":false,"_monsterinsights_sitenote_note":"","_monsterinsights_sitenote_category":0,"footnotes":"","_wpscppro_dont_share_socialmedia":false,"_wpscppro_custom_social_share_image":0,"_facebook_share_type":"","_twitter_share_type":"","_linkedin_share_type":"","_pinterest_share_type":"","_linkedin_share_type_page":"","_instagram_share_type":"","_medium_share_type":"","_threads_share_type":"","_google_business_share_type":"","_selected_social_profile":[],"_wpsp_enable_custom_social_template":false,"_wpsp_social_scheduling":{"enabled":false,"datetime":null,"platforms":[],"status":"template_only","dateOption":"today","timeOption":"now","customDays":"","customHours":"","customDate":"","customTime":"","schedulingType":"absolute"},"_wpsp_active_default_template":true},"categories":[52,27],"tags":[],"class_list":["post-22255","post","type-post","status-publish","format-standard","has-post-thumbnail","hentry","category-a-la-une","category-actualite"],"aioseo_notices":[],"yoast_head":"<!-- This site is optimized with the Yoast SEO plugin v27.5 - https:\/\/yoast.com\/product\/yoast-seo-wordpress\/ -->\n<title>Drame \u00e0 l\u2019a\u00e9roport d\u2019Alger\u00a0: Arrestations et suspensions en s\u00e9rie - La Sentinelle<\/title>\n<meta name=\"robots\" content=\"index, follow, max-snippet:-1, max-image-preview:large, max-video-preview:-1\" \/>\n<link rel=\"canonical\" href=\"https:\/\/lasentinelle.dz\/index.php\/2022\/06\/09\/drame-a-laeroport-dalger-arrestations-et-suspensions-en-serie\/\" \/>\n<meta property=\"og:locale\" content=\"fr_FR\" \/>\n<meta property=\"og:type\" content=\"article\" \/>\n<meta property=\"og:title\" content=\"Drame \u00e0 l\u2019a\u00e9roport d\u2019Alger\u00a0: Arrestations et suspensions en s\u00e9rie - La Sentinelle\" \/>\n<meta property=\"og:description\" content=\"Les sanctions continuent de pleuvoir sur les responsables en charge de la s\u00e9curit\u00e9 au niveau de l\u2019a\u00e9roport d\u2019Alger, apr\u00e8s le\" \/>\n<meta property=\"og:url\" content=\"https:\/\/lasentinelle.dz\/index.php\/2022\/06\/09\/drame-a-laeroport-dalger-arrestations-et-suspensions-en-serie\/\" \/>\n<meta property=\"og:site_name\" content=\"La Sentinelle\" \/>\n<meta property=\"article:publisher\" content=\"https:\/\/www.facebook.com\/La-Sentinelle-104059864394773\" \/>\n<meta property=\"article:published_time\" content=\"2022-06-08T23:05:00+00:00\" \/>\n<meta property=\"og:image\" content=\"https:\/\/lasentinelle.dz\/wp-content\/uploads\/2022\/06\/air-algerie.png\" \/>\n\t<meta property=\"og:image:width\" content=\"1628\" \/>\n\t<meta property=\"og:image:height\" content=\"900\" \/>\n\t<meta property=\"og:image:type\" content=\"image\/png\" \/>\n<meta name=\"author\" content=\"La Sentinelle\" \/>\n<meta name=\"twitter:card\" content=\"summary_large_image\" \/>\n<meta name=\"twitter:label1\" content=\"\u00c9crit par\" \/>\n\t<meta name=\"twitter:data1\" content=\"La Sentinelle\" \/>\n\t<meta name=\"twitter:label2\" content=\"Dur\u00e9e de lecture estim\u00e9e\" \/>\n\t<meta name=\"twitter:data2\" content=\"2 minutes\" \/>\n<script type=\"application\/ld+json\" class=\"yoast-schema-graph\">{\"@context\":\"https:\\\/\\\/schema.org\",\"@graph\":[{\"@type\":\"Article\",\"@id\":\"https:\\\/\\\/lasentinelle.dz\\\/index.php\\\/2022\\\/06\\\/09\\\/drame-a-laeroport-dalger-arrestations-et-suspensions-en-serie\\\/#article\",\"isPartOf\":{\"@id\":\"https:\\\/\\\/lasentinelle.dz\\\/index.php\\\/2022\\\/06\\\/09\\\/drame-a-laeroport-dalger-arrestations-et-suspensions-en-serie\\\/\"},\"author\":{\"name\":\"La Sentinelle\",\"@id\":\"https:\\\/\\\/lasentinelle.dz\\\/#\\\/schema\\\/person\\\/d865044e22e70a75174ce8bcad3acfb3\"},\"headline\":\"Drame \u00e0 l\u2019a\u00e9roport d\u2019Alger\u00a0: Arrestations et suspensions en s\u00e9rie\",\"datePublished\":\"2022-06-08T23:05:00+00:00\",\"mainEntityOfPage\":{\"@id\":\"https:\\\/\\\/lasentinelle.dz\\\/index.php\\\/2022\\\/06\\\/09\\\/drame-a-laeroport-dalger-arrestations-et-suspensions-en-serie\\\/\"},\"wordCount\":496,\"commentCount\":0,\"publisher\":{\"@id\":\"https:\\\/\\\/lasentinelle.dz\\\/#organization\"},\"image\":{\"@id\":\"https:\\\/\\\/lasentinelle.dz\\\/index.php\\\/2022\\\/06\\\/09\\\/drame-a-laeroport-dalger-arrestations-et-suspensions-en-serie\\\/#primaryimage\"},\"thumbnailUrl\":\"https:\\\/\\\/lasentinelle.dz\\\/wp-content\\\/uploads\\\/2022\\\/06\\\/air-algerie.png\",\"articleSection\":[\"\u00c0 la Une\",\"Actualit\u00e9\"],\"inLanguage\":\"fr-FR\",\"potentialAction\":[{\"@type\":\"CommentAction\",\"name\":\"Comment\",\"target\":[\"https:\\\/\\\/lasentinelle.dz\\\/index.php\\\/2022\\\/06\\\/09\\\/drame-a-laeroport-dalger-arrestations-et-suspensions-en-serie\\\/#respond\"]}]},{\"@type\":\"WebPage\",\"@id\":\"https:\\\/\\\/lasentinelle.dz\\\/index.php\\\/2022\\\/06\\\/09\\\/drame-a-laeroport-dalger-arrestations-et-suspensions-en-serie\\\/\",\"url\":\"https:\\\/\\\/lasentinelle.dz\\\/index.php\\\/2022\\\/06\\\/09\\\/drame-a-laeroport-dalger-arrestations-et-suspensions-en-serie\\\/\",\"name\":\"Drame \u00e0 l\u2019a\u00e9roport d\u2019Alger\u00a0: Arrestations et suspensions en s\u00e9rie - La Sentinelle\",\"isPartOf\":{\"@id\":\"https:\\\/\\\/lasentinelle.dz\\\/#website\"},\"primaryImageOfPage\":{\"@id\":\"https:\\\/\\\/lasentinelle.dz\\\/index.php\\\/2022\\\/06\\\/09\\\/drame-a-laeroport-dalger-arrestations-et-suspensions-en-serie\\\/#primaryimage\"},\"image\":{\"@id\":\"https:\\\/\\\/lasentinelle.dz\\\/index.php\\\/2022\\\/06\\\/09\\\/drame-a-laeroport-dalger-arrestations-et-suspensions-en-serie\\\/#primaryimage\"},\"thumbnailUrl\":\"https:\\\/\\\/lasentinelle.dz\\\/wp-content\\\/uploads\\\/2022\\\/06\\\/air-algerie.png\",\"datePublished\":\"2022-06-08T23:05:00+00:00\",\"breadcrumb\":{\"@id\":\"https:\\\/\\\/lasentinelle.dz\\\/index.php\\\/2022\\\/06\\\/09\\\/drame-a-laeroport-dalger-arrestations-et-suspensions-en-serie\\\/#breadcrumb\"},\"inLanguage\":\"fr-FR\",\"potentialAction\":[{\"@type\":\"ReadAction\",\"target\":[\"https:\\\/\\\/lasentinelle.dz\\\/index.php\\\/2022\\\/06\\\/09\\\/drame-a-laeroport-dalger-arrestations-et-suspensions-en-serie\\\/\"]}]},{\"@type\":\"ImageObject\",\"inLanguage\":\"fr-FR\",\"@id\":\"https:\\\/\\\/lasentinelle.dz\\\/index.php\\\/2022\\\/06\\\/09\\\/drame-a-laeroport-dalger-arrestations-et-suspensions-en-serie\\\/#primaryimage\",\"url\":\"https:\\\/\\\/lasentinelle.dz\\\/wp-content\\\/uploads\\\/2022\\\/06\\\/air-algerie.png\",\"contentUrl\":\"https:\\\/\\\/lasentinelle.dz\\\/wp-content\\\/uploads\\\/2022\\\/06\\\/air-algerie.png\",\"width\":1628,\"height\":900},{\"@type\":\"BreadcrumbList\",\"@id\":\"https:\\\/\\\/lasentinelle.dz\\\/index.php\\\/2022\\\/06\\\/09\\\/drame-a-laeroport-dalger-arrestations-et-suspensions-en-serie\\\/#breadcrumb\",\"itemListElement\":[{\"@type\":\"ListItem\",\"position\":1,\"name\":\"Accueil\",\"item\":\"https:\\\/\\\/lasentinelle.dz\\\/\"},{\"@type\":\"ListItem\",\"position\":2,\"name\":\"Drame \u00e0 l\u2019a\u00e9roport d\u2019Alger\u00a0: Arrestations et suspensions en s\u00e9rie\"}]},{\"@type\":\"WebSite\",\"@id\":\"https:\\\/\\\/lasentinelle.dz\\\/#website\",\"url\":\"https:\\\/\\\/lasentinelle.dz\\\/\",\"name\":\"La Sentinelle\",\"description\":\"Quotidien national d&#039;information\",\"publisher\":{\"@id\":\"https:\\\/\\\/lasentinelle.dz\\\/#organization\"},\"potentialAction\":[{\"@type\":\"SearchAction\",\"target\":{\"@type\":\"EntryPoint\",\"urlTemplate\":\"https:\\\/\\\/lasentinelle.dz\\\/?s={search_term_string}\"},\"query-input\":{\"@type\":\"PropertyValueSpecification\",\"valueRequired\":true,\"valueName\":\"search_term_string\"}}],\"inLanguage\":\"fr-FR\"},{\"@type\":\"Organization\",\"@id\":\"https:\\\/\\\/lasentinelle.dz\\\/#organization\",\"name\":\"Quotidien La Sentinelle\",\"url\":\"https:\\\/\\\/lasentinelle.dz\\\/\",\"logo\":{\"@type\":\"ImageObject\",\"inLanguage\":\"fr-FR\",\"@id\":\"https:\\\/\\\/lasentinelle.dz\\\/#\\\/schema\\\/logo\\\/image\\\/\",\"url\":\"https:\\\/\\\/lasentinelle.dz\\\/wp-content\\\/uploads\\\/2021\\\/09\\\/logo-sentinelleSLOGAN-1.png\",\"contentUrl\":\"https:\\\/\\\/lasentinelle.dz\\\/wp-content\\\/uploads\\\/2021\\\/09\\\/logo-sentinelleSLOGAN-1.png\",\"width\":615,\"height\":142,\"caption\":\"Quotidien La Sentinelle\"},\"image\":{\"@id\":\"https:\\\/\\\/lasentinelle.dz\\\/#\\\/schema\\\/logo\\\/image\\\/\"},\"sameAs\":[\"https:\\\/\\\/www.facebook.com\\\/La-Sentinelle-104059864394773\"]},{\"@type\":\"Person\",\"@id\":\"https:\\\/\\\/lasentinelle.dz\\\/#\\\/schema\\\/person\\\/d865044e22e70a75174ce8bcad3acfb3\",\"name\":\"La Sentinelle\",\"image\":{\"@type\":\"ImageObject\",\"inLanguage\":\"fr-FR\",\"@id\":\"https:\\\/\\\/secure.gravatar.com\\\/avatar\\\/57de8e5d4b15d43fb361a71fbb36338450fe67865b528a43dd10ef7c51a20392?s=96&d=mm&r=g\",\"url\":\"https:\\\/\\\/secure.gravatar.com\\\/avatar\\\/57de8e5d4b15d43fb361a71fbb36338450fe67865b528a43dd10ef7c51a20392?s=96&d=mm&r=g\",\"contentUrl\":\"https:\\\/\\\/secure.gravatar.com\\\/avatar\\\/57de8e5d4b15d43fb361a71fbb36338450fe67865b528a43dd10ef7c51a20392?s=96&d=mm&r=g\",\"caption\":\"La Sentinelle\"},\"sameAs\":[\"http:\\\/\\\/www.lasentinelle.dz\"],\"url\":\"https:\\\/\\\/lasentinelle.dz\\\/author\\\/redaction\\\/\"}]}<\/script>\n<!-- \/ Yoast SEO plugin. -->","yoast_head_json":{"title":"Drame \u00e0 l\u2019a\u00e9roport d\u2019Alger\u00a0: Arrestations et suspensions en s\u00e9rie - La Sentinelle","robots":{"index":"index","follow":"follow","max-snippet":"max-snippet:-1","max-image-preview":"max-image-preview:large","max-video-preview":"max-video-preview:-1"},"canonical":"https:\/\/lasentinelle.dz\/index.php\/2022\/06\/09\/drame-a-laeroport-dalger-arrestations-et-suspensions-en-serie\/","og_locale":"fr_FR","og_type":"article","og_title":"Drame \u00e0 l\u2019a\u00e9roport d\u2019Alger\u00a0: Arrestations et suspensions en s\u00e9rie - La Sentinelle","og_description":"Les sanctions continuent de pleuvoir sur les responsables en charge de la s\u00e9curit\u00e9 au niveau de l\u2019a\u00e9roport d\u2019Alger, apr\u00e8s le","og_url":"https:\/\/lasentinelle.dz\/index.php\/2022\/06\/09\/drame-a-laeroport-dalger-arrestations-et-suspensions-en-serie\/","og_site_name":"La Sentinelle","article_publisher":"https:\/\/www.facebook.com\/La-Sentinelle-104059864394773","article_published_time":"2022-06-08T23:05:00+00:00","og_image":[{"width":1628,"height":900,"url":"https:\/\/lasentinelle.dz\/wp-content\/uploads\/2022\/06\/air-algerie.png","type":"image\/png"}],"author":"La Sentinelle","twitter_card":"summary_large_image","twitter_misc":{"\u00c9crit par":"La Sentinelle","Dur\u00e9e de lecture estim\u00e9e":"2 minutes"},"schema":{"@context":"https:\/\/schema.org","@graph":[{"@type":"Article","@id":"https:\/\/lasentinelle.dz\/index.php\/2022\/06\/09\/drame-a-laeroport-dalger-arrestations-et-suspensions-en-serie\/#article","isPartOf":{"@id":"https:\/\/lasentinelle.dz\/index.php\/2022\/06\/09\/drame-a-laeroport-dalger-arrestations-et-suspensions-en-serie\/"},"author":{"name":"La Sentinelle","@id":"https:\/\/lasentinelle.dz\/#\/schema\/person\/d865044e22e70a75174ce8bcad3acfb3"},"headline":"Drame \u00e0 l\u2019a\u00e9roport d\u2019Alger\u00a0: Arrestations et suspensions en s\u00e9rie","datePublished":"2022-06-08T23:05:00+00:00","mainEntityOfPage":{"@id":"https:\/\/lasentinelle.dz\/index.php\/2022\/06\/09\/drame-a-laeroport-dalger-arrestations-et-suspensions-en-serie\/"},"wordCount":496,"commentCount":0,"publisher":{"@id":"https:\/\/lasentinelle.dz\/#organization"},"image":{"@id":"https:\/\/lasentinelle.dz\/index.php\/2022\/06\/09\/drame-a-laeroport-dalger-arrestations-et-suspensions-en-serie\/#primaryimage"},"thumbnailUrl":"https:\/\/lasentinelle.dz\/wp-content\/uploads\/2022\/06\/air-algerie.png","articleSection":["\u00c0 la Une","Actualit\u00e9"],"inLanguage":"fr-FR","potentialAction":[{"@type":"CommentAction","name":"Comment","target":["https:\/\/lasentinelle.dz\/index.php\/2022\/06\/09\/drame-a-laeroport-dalger-arrestations-et-suspensions-en-serie\/#respond"]}]},{"@type":"WebPage","@id":"https:\/\/lasentinelle.dz\/index.php\/2022\/06\/09\/drame-a-laeroport-dalger-arrestations-et-suspensions-en-serie\/","url":"https:\/\/lasentinelle.dz\/index.php\/2022\/06\/09\/drame-a-laeroport-dalger-arrestations-et-suspensions-en-serie\/","name":"Drame \u00e0 l\u2019a\u00e9roport d\u2019Alger\u00a0: Arrestations et suspensions en s\u00e9rie - La Sentinelle","isPartOf":{"@id":"https:\/\/lasentinelle.dz\/#website"},"primaryImageOfPage":{"@id":"https:\/\/lasentinelle.dz\/index.php\/2022\/06\/09\/drame-a-laeroport-dalger-arrestations-et-suspensions-en-serie\/#primaryimage"},"image":{"@id":"https:\/\/lasentinelle.dz\/index.php\/2022\/06\/09\/drame-a-laeroport-dalger-arrestations-et-suspensions-en-serie\/#primaryimage"},"thumbnailUrl":"https:\/\/lasentinelle.dz\/wp-content\/uploads\/2022\/06\/air-algerie.png","datePublished":"2022-06-08T23:05:00+00:00","breadcrumb":{"@id":"https:\/\/lasentinelle.dz\/index.php\/2022\/06\/09\/drame-a-laeroport-dalger-arrestations-et-suspensions-en-serie\/#breadcrumb"},"inLanguage":"fr-FR","potentialAction":[{"@type":"ReadAction","target":["https:\/\/lasentinelle.dz\/index.php\/2022\/06\/09\/drame-a-laeroport-dalger-arrestations-et-suspensions-en-serie\/"]}]},{"@type":"ImageObject","inLanguage":"fr-FR","@id":"https:\/\/lasentinelle.dz\/index.php\/2022\/06\/09\/drame-a-laeroport-dalger-arrestations-et-suspensions-en-serie\/#primaryimage","url":"https:\/\/lasentinelle.dz\/wp-content\/uploads\/2022\/06\/air-algerie.png","contentUrl":"https:\/\/lasentinelle.dz\/wp-content\/uploads\/2022\/06\/air-algerie.png","width":1628,"height":900},{"@type":"BreadcrumbList","@id":"https:\/\/lasentinelle.dz\/index.php\/2022\/06\/09\/drame-a-laeroport-dalger-arrestations-et-suspensions-en-serie\/#breadcrumb","itemListElement":[{"@type":"ListItem","position":1,"name":"Accueil","item":"https:\/\/lasentinelle.dz\/"},{"@type":"ListItem","position":2,"name":"Drame \u00e0 l\u2019a\u00e9roport d\u2019Alger\u00a0: Arrestations et suspensions en s\u00e9rie"}]},{"@type":"WebSite","@id":"https:\/\/lasentinelle.dz\/#website","url":"https:\/\/lasentinelle.dz\/","name":"La Sentinelle","description":"Quotidien national d&#039;information","publisher":{"@id":"https:\/\/lasentinelle.dz\/#organization"},"potentialAction":[{"@type":"SearchAction","target":{"@type":"EntryPoint","urlTemplate":"https:\/\/lasentinelle.dz\/?s={search_term_string}"},"query-input":{"@type":"PropertyValueSpecification","valueRequired":true,"valueName":"search_term_string"}}],"inLanguage":"fr-FR"},{"@type":"Organization","@id":"https:\/\/lasentinelle.dz\/#organization","name":"Quotidien La Sentinelle","url":"https:\/\/lasentinelle.dz\/","logo":{"@type":"ImageObject","inLanguage":"fr-FR","@id":"https:\/\/lasentinelle.dz\/#\/schema\/logo\/image\/","url":"https:\/\/lasentinelle.dz\/wp-content\/uploads\/2021\/09\/logo-sentinelleSLOGAN-1.png","contentUrl":"https:\/\/lasentinelle.dz\/wp-content\/uploads\/2021\/09\/logo-sentinelleSLOGAN-1.png","width":615,"height":142,"caption":"Quotidien La Sentinelle"},"image":{"@id":"https:\/\/lasentinelle.dz\/#\/schema\/logo\/image\/"},"sameAs":["https:\/\/www.facebook.com\/La-Sentinelle-104059864394773"]},{"@type":"Person","@id":"https:\/\/lasentinelle.dz\/#\/schema\/person\/d865044e22e70a75174ce8bcad3acfb3","name":"La Sentinelle","image":{"@type":"ImageObject","inLanguage":"fr-FR","@id":"https:\/\/secure.gravatar.com\/avatar\/57de8e5d4b15d43fb361a71fbb36338450fe67865b528a43dd10ef7c51a20392?s=96&d=mm&r=g","url":"https:\/\/secure.gravatar.com\/avatar\/57de8e5d4b15d43fb361a71fbb36338450fe67865b528a43dd10ef7c51a20392?s=96&d=mm&r=g","contentUrl":"https:\/\/secure.gravatar.com\/avatar\/57de8e5d4b15d43fb361a71fbb36338450fe67865b528a43dd10ef7c51a20392?s=96&d=mm&r=g","caption":"La Sentinelle"},"sameAs":["http:\/\/www.lasentinelle.dz"],"url":"https:\/\/lasentinelle.dz\/author\/redaction\/"}]}},"_links":{"self":[{"href":"https:\/\/lasentinelle.dz\/index.php\/wp-json\/wp\/v2\/posts\/22255","targetHints":{"allow":["GET"]}}],"collection":[{"href":"https:\/\/lasentinelle.dz\/index.php\/wp-json\/wp\/v2\/posts"}],"about":[{"href":"https:\/\/lasentinelle.dz\/index.php\/wp-json\/wp\/v2\/types\/post"}],"author":[{"embeddable":true,"href":"https:\/\/lasentinelle.dz\/index.php\/wp-json\/wp\/v2\/users\/3"}],"replies":[{"embeddable":true,"href":"https:\/\/lasentinelle.dz\/index.php\/wp-json\/wp\/v2\/comments?post=22255"}],"version-history":[{"count":1,"href":"https:\/\/lasentinelle.dz\/index.php\/wp-json\/wp\/v2\/posts\/22255\/revisions"}],"predecessor-version":[{"id":22308,"href":"https:\/\/lasentinelle.dz\/index.php\/wp-json\/wp\/v2\/posts\/22255\/revisions\/22308"}],"wp:featuredmedia":[{"embeddable":true,"href":"https:\/\/lasentinelle.dz\/index.php\/wp-json\/wp\/v2\/media\/22307"}],"wp:attachment":[{"href":"https:\/\/lasentinelle.dz\/index.php\/wp-json\/wp\/v2\/media?parent=22255"}],"wp:term":[{"taxonomy":"category","embeddable":true,"href":"https:\/\/lasentinelle.dz\/index.php\/wp-json\/wp\/v2\/categories?post=22255"},{"taxonomy":"post_tag","embeddable":true,"href":"https:\/\/lasentinelle.dz\/index.php\/wp-json\/wp\/v2\/tags?post=22255"}],"curies":[{"name":"wp","href":"https:\/\/api.w.org\/{rel}","templated":true}]}}