{"id":22265,"date":"2022-06-09T00:01:00","date_gmt":"2022-06-08T23:01:00","guid":{"rendered":"https:\/\/lasentinelle.dz\/?p=22265"},"modified":"2022-06-08T19:26:09","modified_gmt":"2022-06-08T18:26:09","slug":"president-abbas-nous-naccepterons-aucune-modification-du-statut-dal-aqsa","status":"publish","type":"post","link":"https:\/\/lasentinelle.dz\/index.php\/2022\/06\/09\/president-abbas-nous-naccepterons-aucune-modification-du-statut-dal-aqsa\/","title":{"rendered":"Pr\u00e9sident Abbas\u00a0: \u00ab\u00a0Nous n&rsquo;accepterons aucune modification du statut d&rsquo;Al-Aqsa\u00a0\u00bb"},"content":{"rendered":"\n<p>Le pr\u00e9sident de l\u2019\u00c9tat de la Palestine, Mahmoud Abbas a&nbsp;affirm\u00e9 hier&nbsp;que&nbsp;\u00ab&nbsp;la ville&nbsp;d\u2019El-Qods&nbsp;\u00e0 vendre et que toutes les preuves et les documents historiques confirment que tous les lieux saints islamiques et chr\u00e9tiens dans notre capitale sainte&nbsp;d\u2019El-Qods&nbsp;sont palestiniens&nbsp;\u00bb.<\/p>\n\n\n\n<p>Lors d&rsquo;une conf\u00e9rence sur&nbsp;les&nbsp;biens et le statut historique de la sainte mosqu\u00e9e Al-Aqsa , qui se tient au si\u00e8ge de la Soci\u00e9t\u00e9 du Croissant-Rouge dans la ville d&rsquo;al-Bireh, le pr\u00e9sident&nbsp;palestinien&nbsp;a soulign\u00e9 : \u00ab Nous n&rsquo;accepterons aucun changement dans le statut juridique et historique dans la mosqu\u00e9e d\u2019Al-Aqsa. \u00bb&nbsp;\u00ab Notre lutte contre l&rsquo;occupation est essentiellement une lutte politique et non une lutte contre une nation en particulier \u00bb,&nbsp;a-t-il ajout\u00e9,&nbsp;affirmant&nbsp;:&nbsp;\u00ab nous ferons tomber toutes les conspirations visant \u00e0 liquider notre cause \u00bb.<\/p>\n\n\n\n<p>Notons que des dizaines de colons ont envahi la Mosqu\u00e9e Al-Aqsa \u00e0 Al-Qods occup\u00e9e, sous la protection de la police d&rsquo;occupation sioniste.&nbsp;Selon l&rsquo;agence de presse palestinienne,&nbsp;<\/p>\n\n\n\n<p>Wafa, citant des sources locales palestiniennes, des colons ont pris d&rsquo;assaut, la mosqu\u00e9e sainte, et ont effectu\u00e9 des tours provocants dans ses esplanades, \u00ab\u00a0sous une haute escorte des forces de l\u2019occupation\u00a0\u00bb.&nbsp;&nbsp;L&rsquo;entit\u00e9 sioniste tente d\u2019emp\u00eacher les Palestiniens de pratiquer leur droit de culte alors que les colons sont autoris\u00e9s \u00e0 pratiquer librement leurs rituels talmudiques. En 2021, plus de 34.000 colons ont envahi la mosqu\u00e9e Sainte.&nbsp;Le Waqf islamique d&rsquo;Al-Qods occup\u00e9e a, \u00e0 plusieurs reprises, qualifi\u00e9 de \u00ab\u00a0provocatrices\u00a0\u00bb&nbsp;&nbsp;les s\u00e9ries de violations des colons contre Al-Aqsa, \u00ab\u00a0devant le silence de la communaut\u00e9 internationale\u00a0\u00bb.<\/p>\n\n\n\n<p>Notons que&nbsp;institutions des prisonniers et des droits de l\u2019homme&nbsp;ont affirm\u00e9 que les&nbsp;forces d\u2019occupation&nbsp;sionistes&nbsp;ont arr\u00eat\u00e9 690 Palestiniens, y compris 76 enfants et 19 femmes de diff\u00e9rentes r\u00e9gions des territoires palestiniens occup\u00e9s, principalement \u00e0&nbsp;El Qods.&nbsp;Les institutions ont indiqu\u00e9 que le nombre de Palestiniens emprisonn\u00e9s dans les ge\u00f4les d\u2019occupation, a&nbsp;&nbsp;atteint jusqu\u2019au mois de mai dernier, \u00e0 environ 4700 dont 32 femmes, 170 mineurs et 460 d\u00e9tenus administratifs dont deux prisonni\u00e8res et un enfant.<\/p>\n\n\n\n<p>Elles ont pr\u00e9cis\u00e9 que la ville&nbsp;d\u2019El-Qods&nbsp;a la part du lion des arrestations au mois dernier, car 401 Palestiniens ont \u00e9t\u00e9 arr\u00eat\u00e9s dont 58 enfants et mineurs et 16 femmes.&nbsp;Entre mai 2021 et celui de cette ann\u00e9e, environ 9 700 arrestations ont \u00e9t\u00e9 enregistr\u00e9es dans toute la Palestine, dont 153 femmes et 1 417 enfants et mineurs, et le pourcentage le plus \u00e9lev\u00e9 d&rsquo;arrestations a eu lieu \u00e0&nbsp;El-Qods,&nbsp;avec&nbsp;4&nbsp;540&nbsp;cas.<\/p>\n\n\n\n<p><strong>R.I. avec agences<\/strong><\/p>\n","protected":false},"excerpt":{"rendered":"<p>Le pr\u00e9sident de l\u2019\u00c9tat de la Palestine, Mahmoud Abbas a&nbsp;affirm\u00e9 hier&nbsp;que&nbsp;\u00ab&nbsp;la ville&nbsp;d\u2019El-Qods&nbsp;\u00e0 vendre et que toutes les preuves et les<\/p>\n","protected":false},"author":3,"featured_media":22272,"comment_status":"open","ping_status":"closed","sticky":false,"template":"","format":"standard","meta":{"colormag_page_container_layout":"default_layout","colormag_page_sidebar_layout":"default_layout","om_disable_all_campaigns":false,"_monsterinsights_skip_tracking":false,"_monsterinsights_sitenote_active":false,"_monsterinsights_sitenote_note":"","_monsterinsights_sitenote_category":0,"footnotes":"","_wpscppro_dont_share_socialmedia":false,"_wpscppro_custom_social_share_image":0,"_facebook_share_type":"","_twitter_share_type":"","_linkedin_share_type":"","_pinterest_share_type":"","_linkedin_share_type_page":"","_instagram_share_type":"","_medium_share_type":"","_threads_share_type":"","_google_business_share_type":"","_selected_social_profile":[],"_wpsp_enable_custom_social_template":false,"_wpsp_social_scheduling":{"enabled":false,"datetime":null,"platforms":[],"status":"template_only","dateOption":"today","timeOption":"now","customDays":"","customHours":"","customDate":"","customTime":"","schedulingType":"absolute"},"_wpsp_active_default_template":true},"categories":[37],"tags":[],"class_list":["post-22265","post","type-post","status-publish","format-standard","has-post-thumbnail","hentry","category-monde"],"aioseo_notices":[],"yoast_head":"<!-- This site is optimized with the Yoast SEO plugin v27.5 - https:\/\/yoast.com\/product\/yoast-seo-wordpress\/ -->\n<title>Pr\u00e9sident Abbas\u00a0: \u00ab\u00a0Nous n&#039;accepterons aucune modification du statut d&#039;Al-Aqsa\u00a0\u00bb - La Sentinelle<\/title>\n<meta name=\"robots\" content=\"index, follow, max-snippet:-1, max-image-preview:large, max-video-preview:-1\" \/>\n<link rel=\"canonical\" href=\"https:\/\/lasentinelle.dz\/index.php\/2022\/06\/09\/president-abbas-nous-naccepterons-aucune-modification-du-statut-dal-aqsa\/\" \/>\n<meta property=\"og:locale\" content=\"fr_FR\" \/>\n<meta property=\"og:type\" content=\"article\" \/>\n<meta property=\"og:title\" content=\"Pr\u00e9sident Abbas\u00a0: \u00ab\u00a0Nous n&#039;accepterons aucune modification du statut d&#039;Al-Aqsa\u00a0\u00bb - La Sentinelle\" \/>\n<meta property=\"og:description\" content=\"Le pr\u00e9sident de l\u2019\u00c9tat de la Palestine, Mahmoud Abbas a&nbsp;affirm\u00e9 hier&nbsp;que&nbsp;\u00ab&nbsp;la ville&nbsp;d\u2019El-Qods&nbsp;\u00e0 vendre et que toutes les preuves et les\" \/>\n<meta property=\"og:url\" content=\"https:\/\/lasentinelle.dz\/index.php\/2022\/06\/09\/president-abbas-nous-naccepterons-aucune-modification-du-statut-dal-aqsa\/\" \/>\n<meta property=\"og:site_name\" content=\"La Sentinelle\" \/>\n<meta property=\"article:publisher\" content=\"https:\/\/www.facebook.com\/La-Sentinelle-104059864394773\" \/>\n<meta property=\"article:published_time\" content=\"2022-06-08T23:01:00+00:00\" \/>\n<meta property=\"og:image\" content=\"https:\/\/lasentinelle.dz\/wp-content\/uploads\/2022\/06\/le-president-palestinien-mahmoud-abbas-a-vilnius-le-22-octobre-2013_4918389.png\" \/>\n\t<meta property=\"og:image:width\" content=\"1609\" \/>\n\t<meta property=\"og:image:height\" content=\"900\" \/>\n\t<meta property=\"og:image:type\" content=\"image\/png\" \/>\n<meta name=\"author\" content=\"La Sentinelle\" \/>\n<meta name=\"twitter:card\" content=\"summary_large_image\" \/>\n<meta name=\"twitter:label1\" content=\"\u00c9crit par\" \/>\n\t<meta name=\"twitter:data1\" content=\"La Sentinelle\" \/>\n\t<meta name=\"twitter:label2\" content=\"Dur\u00e9e de lecture estim\u00e9e\" \/>\n\t<meta name=\"twitter:data2\" content=\"3 minutes\" \/>\n<script type=\"application\/ld+json\" class=\"yoast-schema-graph\">{\"@context\":\"https:\\\/\\\/schema.org\",\"@graph\":[{\"@type\":\"Article\",\"@id\":\"https:\\\/\\\/lasentinelle.dz\\\/index.php\\\/2022\\\/06\\\/09\\\/president-abbas-nous-naccepterons-aucune-modification-du-statut-dal-aqsa\\\/#article\",\"isPartOf\":{\"@id\":\"https:\\\/\\\/lasentinelle.dz\\\/index.php\\\/2022\\\/06\\\/09\\\/president-abbas-nous-naccepterons-aucune-modification-du-statut-dal-aqsa\\\/\"},\"author\":{\"name\":\"La Sentinelle\",\"@id\":\"https:\\\/\\\/lasentinelle.dz\\\/#\\\/schema\\\/person\\\/d865044e22e70a75174ce8bcad3acfb3\"},\"headline\":\"Pr\u00e9sident Abbas\u00a0: \u00ab\u00a0Nous n&rsquo;accepterons aucune modification du statut d&rsquo;Al-Aqsa\u00a0\u00bb\",\"datePublished\":\"2022-06-08T23:01:00+00:00\",\"mainEntityOfPage\":{\"@id\":\"https:\\\/\\\/lasentinelle.dz\\\/index.php\\\/2022\\\/06\\\/09\\\/president-abbas-nous-naccepterons-aucune-modification-du-statut-dal-aqsa\\\/\"},\"wordCount\":476,\"commentCount\":0,\"publisher\":{\"@id\":\"https:\\\/\\\/lasentinelle.dz\\\/#organization\"},\"image\":{\"@id\":\"https:\\\/\\\/lasentinelle.dz\\\/index.php\\\/2022\\\/06\\\/09\\\/president-abbas-nous-naccepterons-aucune-modification-du-statut-dal-aqsa\\\/#primaryimage\"},\"thumbnailUrl\":\"https:\\\/\\\/lasentinelle.dz\\\/wp-content\\\/uploads\\\/2022\\\/06\\\/le-president-palestinien-mahmoud-abbas-a-vilnius-le-22-octobre-2013_4918389.png\",\"articleSection\":[\"Monde\"],\"inLanguage\":\"fr-FR\",\"potentialAction\":[{\"@type\":\"CommentAction\",\"name\":\"Comment\",\"target\":[\"https:\\\/\\\/lasentinelle.dz\\\/index.php\\\/2022\\\/06\\\/09\\\/president-abbas-nous-naccepterons-aucune-modification-du-statut-dal-aqsa\\\/#respond\"]}]},{\"@type\":\"WebPage\",\"@id\":\"https:\\\/\\\/lasentinelle.dz\\\/index.php\\\/2022\\\/06\\\/09\\\/president-abbas-nous-naccepterons-aucune-modification-du-statut-dal-aqsa\\\/\",\"url\":\"https:\\\/\\\/lasentinelle.dz\\\/index.php\\\/2022\\\/06\\\/09\\\/president-abbas-nous-naccepterons-aucune-modification-du-statut-dal-aqsa\\\/\",\"name\":\"Pr\u00e9sident Abbas\u00a0: \u00ab\u00a0Nous n'accepterons aucune modification du statut d'Al-Aqsa\u00a0\u00bb - La Sentinelle\",\"isPartOf\":{\"@id\":\"https:\\\/\\\/lasentinelle.dz\\\/#website\"},\"primaryImageOfPage\":{\"@id\":\"https:\\\/\\\/lasentinelle.dz\\\/index.php\\\/2022\\\/06\\\/09\\\/president-abbas-nous-naccepterons-aucune-modification-du-statut-dal-aqsa\\\/#primaryimage\"},\"image\":{\"@id\":\"https:\\\/\\\/lasentinelle.dz\\\/index.php\\\/2022\\\/06\\\/09\\\/president-abbas-nous-naccepterons-aucune-modification-du-statut-dal-aqsa\\\/#primaryimage\"},\"thumbnailUrl\":\"https:\\\/\\\/lasentinelle.dz\\\/wp-content\\\/uploads\\\/2022\\\/06\\\/le-president-palestinien-mahmoud-abbas-a-vilnius-le-22-octobre-2013_4918389.png\",\"datePublished\":\"2022-06-08T23:01:00+00:00\",\"breadcrumb\":{\"@id\":\"https:\\\/\\\/lasentinelle.dz\\\/index.php\\\/2022\\\/06\\\/09\\\/president-abbas-nous-naccepterons-aucune-modification-du-statut-dal-aqsa\\\/#breadcrumb\"},\"inLanguage\":\"fr-FR\",\"potentialAction\":[{\"@type\":\"ReadAction\",\"target\":[\"https:\\\/\\\/lasentinelle.dz\\\/index.php\\\/2022\\\/06\\\/09\\\/president-abbas-nous-naccepterons-aucune-modification-du-statut-dal-aqsa\\\/\"]}]},{\"@type\":\"ImageObject\",\"inLanguage\":\"fr-FR\",\"@id\":\"https:\\\/\\\/lasentinelle.dz\\\/index.php\\\/2022\\\/06\\\/09\\\/president-abbas-nous-naccepterons-aucune-modification-du-statut-dal-aqsa\\\/#primaryimage\",\"url\":\"https:\\\/\\\/lasentinelle.dz\\\/wp-content\\\/uploads\\\/2022\\\/06\\\/le-president-palestinien-mahmoud-abbas-a-vilnius-le-22-octobre-2013_4918389.png\",\"contentUrl\":\"https:\\\/\\\/lasentinelle.dz\\\/wp-content\\\/uploads\\\/2022\\\/06\\\/le-president-palestinien-mahmoud-abbas-a-vilnius-le-22-octobre-2013_4918389.png\",\"width\":1609,\"height\":900},{\"@type\":\"BreadcrumbList\",\"@id\":\"https:\\\/\\\/lasentinelle.dz\\\/index.php\\\/2022\\\/06\\\/09\\\/president-abbas-nous-naccepterons-aucune-modification-du-statut-dal-aqsa\\\/#breadcrumb\",\"itemListElement\":[{\"@type\":\"ListItem\",\"position\":1,\"name\":\"Accueil\",\"item\":\"https:\\\/\\\/lasentinelle.dz\\\/\"},{\"@type\":\"ListItem\",\"position\":2,\"name\":\"Pr\u00e9sident Abbas\u00a0: \u00ab\u00a0Nous n&rsquo;accepterons aucune modification du statut d&rsquo;Al-Aqsa\u00a0\u00bb\"}]},{\"@type\":\"WebSite\",\"@id\":\"https:\\\/\\\/lasentinelle.dz\\\/#website\",\"url\":\"https:\\\/\\\/lasentinelle.dz\\\/\",\"name\":\"La Sentinelle\",\"description\":\"Quotidien national d&#039;information\",\"publisher\":{\"@id\":\"https:\\\/\\\/lasentinelle.dz\\\/#organization\"},\"potentialAction\":[{\"@type\":\"SearchAction\",\"target\":{\"@type\":\"EntryPoint\",\"urlTemplate\":\"https:\\\/\\\/lasentinelle.dz\\\/?s={search_term_string}\"},\"query-input\":{\"@type\":\"PropertyValueSpecification\",\"valueRequired\":true,\"valueName\":\"search_term_string\"}}],\"inLanguage\":\"fr-FR\"},{\"@type\":\"Organization\",\"@id\":\"https:\\\/\\\/lasentinelle.dz\\\/#organization\",\"name\":\"Quotidien La Sentinelle\",\"url\":\"https:\\\/\\\/lasentinelle.dz\\\/\",\"logo\":{\"@type\":\"ImageObject\",\"inLanguage\":\"fr-FR\",\"@id\":\"https:\\\/\\\/lasentinelle.dz\\\/#\\\/schema\\\/logo\\\/image\\\/\",\"url\":\"https:\\\/\\\/lasentinelle.dz\\\/wp-content\\\/uploads\\\/2021\\\/09\\\/logo-sentinelleSLOGAN-1.png\",\"contentUrl\":\"https:\\\/\\\/lasentinelle.dz\\\/wp-content\\\/uploads\\\/2021\\\/09\\\/logo-sentinelleSLOGAN-1.png\",\"width\":615,\"height\":142,\"caption\":\"Quotidien La Sentinelle\"},\"image\":{\"@id\":\"https:\\\/\\\/lasentinelle.dz\\\/#\\\/schema\\\/logo\\\/image\\\/\"},\"sameAs\":[\"https:\\\/\\\/www.facebook.com\\\/La-Sentinelle-104059864394773\"]},{\"@type\":\"Person\",\"@id\":\"https:\\\/\\\/lasentinelle.dz\\\/#\\\/schema\\\/person\\\/d865044e22e70a75174ce8bcad3acfb3\",\"name\":\"La Sentinelle\",\"image\":{\"@type\":\"ImageObject\",\"inLanguage\":\"fr-FR\",\"@id\":\"https:\\\/\\\/secure.gravatar.com\\\/avatar\\\/57de8e5d4b15d43fb361a71fbb36338450fe67865b528a43dd10ef7c51a20392?s=96&d=mm&r=g\",\"url\":\"https:\\\/\\\/secure.gravatar.com\\\/avatar\\\/57de8e5d4b15d43fb361a71fbb36338450fe67865b528a43dd10ef7c51a20392?s=96&d=mm&r=g\",\"contentUrl\":\"https:\\\/\\\/secure.gravatar.com\\\/avatar\\\/57de8e5d4b15d43fb361a71fbb36338450fe67865b528a43dd10ef7c51a20392?s=96&d=mm&r=g\",\"caption\":\"La Sentinelle\"},\"sameAs\":[\"http:\\\/\\\/www.lasentinelle.dz\"],\"url\":\"https:\\\/\\\/lasentinelle.dz\\\/author\\\/redaction\\\/\"}]}<\/script>\n<!-- \/ Yoast SEO plugin. -->","yoast_head_json":{"title":"Pr\u00e9sident Abbas\u00a0: \u00ab\u00a0Nous n'accepterons aucune modification du statut d'Al-Aqsa\u00a0\u00bb - La Sentinelle","robots":{"index":"index","follow":"follow","max-snippet":"max-snippet:-1","max-image-preview":"max-image-preview:large","max-video-preview":"max-video-preview:-1"},"canonical":"https:\/\/lasentinelle.dz\/index.php\/2022\/06\/09\/president-abbas-nous-naccepterons-aucune-modification-du-statut-dal-aqsa\/","og_locale":"fr_FR","og_type":"article","og_title":"Pr\u00e9sident Abbas\u00a0: \u00ab\u00a0Nous n'accepterons aucune modification du statut d'Al-Aqsa\u00a0\u00bb - La Sentinelle","og_description":"Le pr\u00e9sident de l\u2019\u00c9tat de la Palestine, Mahmoud Abbas a&nbsp;affirm\u00e9 hier&nbsp;que&nbsp;\u00ab&nbsp;la ville&nbsp;d\u2019El-Qods&nbsp;\u00e0 vendre et que toutes les preuves et les","og_url":"https:\/\/lasentinelle.dz\/index.php\/2022\/06\/09\/president-abbas-nous-naccepterons-aucune-modification-du-statut-dal-aqsa\/","og_site_name":"La Sentinelle","article_publisher":"https:\/\/www.facebook.com\/La-Sentinelle-104059864394773","article_published_time":"2022-06-08T23:01:00+00:00","og_image":[{"width":1609,"height":900,"url":"https:\/\/lasentinelle.dz\/wp-content\/uploads\/2022\/06\/le-president-palestinien-mahmoud-abbas-a-vilnius-le-22-octobre-2013_4918389.png","type":"image\/png"}],"author":"La Sentinelle","twitter_card":"summary_large_image","twitter_misc":{"\u00c9crit par":"La Sentinelle","Dur\u00e9e de lecture estim\u00e9e":"3 minutes"},"schema":{"@context":"https:\/\/schema.org","@graph":[{"@type":"Article","@id":"https:\/\/lasentinelle.dz\/index.php\/2022\/06\/09\/president-abbas-nous-naccepterons-aucune-modification-du-statut-dal-aqsa\/#article","isPartOf":{"@id":"https:\/\/lasentinelle.dz\/index.php\/2022\/06\/09\/president-abbas-nous-naccepterons-aucune-modification-du-statut-dal-aqsa\/"},"author":{"name":"La Sentinelle","@id":"https:\/\/lasentinelle.dz\/#\/schema\/person\/d865044e22e70a75174ce8bcad3acfb3"},"headline":"Pr\u00e9sident Abbas\u00a0: \u00ab\u00a0Nous n&rsquo;accepterons aucune modification du statut d&rsquo;Al-Aqsa\u00a0\u00bb","datePublished":"2022-06-08T23:01:00+00:00","mainEntityOfPage":{"@id":"https:\/\/lasentinelle.dz\/index.php\/2022\/06\/09\/president-abbas-nous-naccepterons-aucune-modification-du-statut-dal-aqsa\/"},"wordCount":476,"commentCount":0,"publisher":{"@id":"https:\/\/lasentinelle.dz\/#organization"},"image":{"@id":"https:\/\/lasentinelle.dz\/index.php\/2022\/06\/09\/president-abbas-nous-naccepterons-aucune-modification-du-statut-dal-aqsa\/#primaryimage"},"thumbnailUrl":"https:\/\/lasentinelle.dz\/wp-content\/uploads\/2022\/06\/le-president-palestinien-mahmoud-abbas-a-vilnius-le-22-octobre-2013_4918389.png","articleSection":["Monde"],"inLanguage":"fr-FR","potentialAction":[{"@type":"CommentAction","name":"Comment","target":["https:\/\/lasentinelle.dz\/index.php\/2022\/06\/09\/president-abbas-nous-naccepterons-aucune-modification-du-statut-dal-aqsa\/#respond"]}]},{"@type":"WebPage","@id":"https:\/\/lasentinelle.dz\/index.php\/2022\/06\/09\/president-abbas-nous-naccepterons-aucune-modification-du-statut-dal-aqsa\/","url":"https:\/\/lasentinelle.dz\/index.php\/2022\/06\/09\/president-abbas-nous-naccepterons-aucune-modification-du-statut-dal-aqsa\/","name":"Pr\u00e9sident Abbas\u00a0: \u00ab\u00a0Nous n'accepterons aucune modification du statut d'Al-Aqsa\u00a0\u00bb - La Sentinelle","isPartOf":{"@id":"https:\/\/lasentinelle.dz\/#website"},"primaryImageOfPage":{"@id":"https:\/\/lasentinelle.dz\/index.php\/2022\/06\/09\/president-abbas-nous-naccepterons-aucune-modification-du-statut-dal-aqsa\/#primaryimage"},"image":{"@id":"https:\/\/lasentinelle.dz\/index.php\/2022\/06\/09\/president-abbas-nous-naccepterons-aucune-modification-du-statut-dal-aqsa\/#primaryimage"},"thumbnailUrl":"https:\/\/lasentinelle.dz\/wp-content\/uploads\/2022\/06\/le-president-palestinien-mahmoud-abbas-a-vilnius-le-22-octobre-2013_4918389.png","datePublished":"2022-06-08T23:01:00+00:00","breadcrumb":{"@id":"https:\/\/lasentinelle.dz\/index.php\/2022\/06\/09\/president-abbas-nous-naccepterons-aucune-modification-du-statut-dal-aqsa\/#breadcrumb"},"inLanguage":"fr-FR","potentialAction":[{"@type":"ReadAction","target":["https:\/\/lasentinelle.dz\/index.php\/2022\/06\/09\/president-abbas-nous-naccepterons-aucune-modification-du-statut-dal-aqsa\/"]}]},{"@type":"ImageObject","inLanguage":"fr-FR","@id":"https:\/\/lasentinelle.dz\/index.php\/2022\/06\/09\/president-abbas-nous-naccepterons-aucune-modification-du-statut-dal-aqsa\/#primaryimage","url":"https:\/\/lasentinelle.dz\/wp-content\/uploads\/2022\/06\/le-president-palestinien-mahmoud-abbas-a-vilnius-le-22-octobre-2013_4918389.png","contentUrl":"https:\/\/lasentinelle.dz\/wp-content\/uploads\/2022\/06\/le-president-palestinien-mahmoud-abbas-a-vilnius-le-22-octobre-2013_4918389.png","width":1609,"height":900},{"@type":"BreadcrumbList","@id":"https:\/\/lasentinelle.dz\/index.php\/2022\/06\/09\/president-abbas-nous-naccepterons-aucune-modification-du-statut-dal-aqsa\/#breadcrumb","itemListElement":[{"@type":"ListItem","position":1,"name":"Accueil","item":"https:\/\/lasentinelle.dz\/"},{"@type":"ListItem","position":2,"name":"Pr\u00e9sident Abbas\u00a0: \u00ab\u00a0Nous n&rsquo;accepterons aucune modification du statut d&rsquo;Al-Aqsa\u00a0\u00bb"}]},{"@type":"WebSite","@id":"https:\/\/lasentinelle.dz\/#website","url":"https:\/\/lasentinelle.dz\/","name":"La Sentinelle","description":"Quotidien national d&#039;information","publisher":{"@id":"https:\/\/lasentinelle.dz\/#organization"},"potentialAction":[{"@type":"SearchAction","target":{"@type":"EntryPoint","urlTemplate":"https:\/\/lasentinelle.dz\/?s={search_term_string}"},"query-input":{"@type":"PropertyValueSpecification","valueRequired":true,"valueName":"search_term_string"}}],"inLanguage":"fr-FR"},{"@type":"Organization","@id":"https:\/\/lasentinelle.dz\/#organization","name":"Quotidien La Sentinelle","url":"https:\/\/lasentinelle.dz\/","logo":{"@type":"ImageObject","inLanguage":"fr-FR","@id":"https:\/\/lasentinelle.dz\/#\/schema\/logo\/image\/","url":"https:\/\/lasentinelle.dz\/wp-content\/uploads\/2021\/09\/logo-sentinelleSLOGAN-1.png","contentUrl":"https:\/\/lasentinelle.dz\/wp-content\/uploads\/2021\/09\/logo-sentinelleSLOGAN-1.png","width":615,"height":142,"caption":"Quotidien La Sentinelle"},"image":{"@id":"https:\/\/lasentinelle.dz\/#\/schema\/logo\/image\/"},"sameAs":["https:\/\/www.facebook.com\/La-Sentinelle-104059864394773"]},{"@type":"Person","@id":"https:\/\/lasentinelle.dz\/#\/schema\/person\/d865044e22e70a75174ce8bcad3acfb3","name":"La Sentinelle","image":{"@type":"ImageObject","inLanguage":"fr-FR","@id":"https:\/\/secure.gravatar.com\/avatar\/57de8e5d4b15d43fb361a71fbb36338450fe67865b528a43dd10ef7c51a20392?s=96&d=mm&r=g","url":"https:\/\/secure.gravatar.com\/avatar\/57de8e5d4b15d43fb361a71fbb36338450fe67865b528a43dd10ef7c51a20392?s=96&d=mm&r=g","contentUrl":"https:\/\/secure.gravatar.com\/avatar\/57de8e5d4b15d43fb361a71fbb36338450fe67865b528a43dd10ef7c51a20392?s=96&d=mm&r=g","caption":"La Sentinelle"},"sameAs":["http:\/\/www.lasentinelle.dz"],"url":"https:\/\/lasentinelle.dz\/author\/redaction\/"}]}},"_links":{"self":[{"href":"https:\/\/lasentinelle.dz\/index.php\/wp-json\/wp\/v2\/posts\/22265","targetHints":{"allow":["GET"]}}],"collection":[{"href":"https:\/\/lasentinelle.dz\/index.php\/wp-json\/wp\/v2\/posts"}],"about":[{"href":"https:\/\/lasentinelle.dz\/index.php\/wp-json\/wp\/v2\/types\/post"}],"author":[{"embeddable":true,"href":"https:\/\/lasentinelle.dz\/index.php\/wp-json\/wp\/v2\/users\/3"}],"replies":[{"embeddable":true,"href":"https:\/\/lasentinelle.dz\/index.php\/wp-json\/wp\/v2\/comments?post=22265"}],"version-history":[{"count":1,"href":"https:\/\/lasentinelle.dz\/index.php\/wp-json\/wp\/v2\/posts\/22265\/revisions"}],"predecessor-version":[{"id":22275,"href":"https:\/\/lasentinelle.dz\/index.php\/wp-json\/wp\/v2\/posts\/22265\/revisions\/22275"}],"wp:featuredmedia":[{"embeddable":true,"href":"https:\/\/lasentinelle.dz\/index.php\/wp-json\/wp\/v2\/media\/22272"}],"wp:attachment":[{"href":"https:\/\/lasentinelle.dz\/index.php\/wp-json\/wp\/v2\/media?parent=22265"}],"wp:term":[{"taxonomy":"category","embeddable":true,"href":"https:\/\/lasentinelle.dz\/index.php\/wp-json\/wp\/v2\/categories?post=22265"},{"taxonomy":"post_tag","embeddable":true,"href":"https:\/\/lasentinelle.dz\/index.php\/wp-json\/wp\/v2\/tags?post=22265"}],"curies":[{"name":"wp","href":"https:\/\/api.w.org\/{rel}","templated":true}]}}