{"id":22284,"date":"2022-06-09T00:05:00","date_gmt":"2022-06-08T23:05:00","guid":{"rendered":"https:\/\/lasentinelle.dz\/?p=22284"},"modified":"2022-06-08T20:44:20","modified_gmt":"2022-06-08T19:44:20","slug":"edito-de-la-revue-el-djeich-le-5-juillet-est-une-date-aureolee-de-victoire","status":"publish","type":"post","link":"https:\/\/lasentinelle.dz\/index.php\/2022\/06\/09\/edito-de-la-revue-el-djeich-le-5-juillet-est-une-date-aureolee-de-victoire\/","title":{"rendered":"\u00c9dito de la Revue\u00a0\u00ab\u00a0El Djeich\u00a0\u00bb\u00a0:\u00a0\u00abLe 5 juillet est une date aur\u00e9ol\u00e9e de victoire\u00bb"},"content":{"rendered":"\n<p>L\u2019institution militaire a, une nouvelle fois, soulign\u00e9 la n\u00e9cessit\u00e9 de consolider le front interne et r\u00e9affirme que \u00ab&nbsp;l&rsquo;initiative de +La main tendue+, lanc\u00e9e par le pr\u00e9sident de la R\u00e9publique, M. Abdelmadjid Tebboune, vise \u00e0 r\u00e9unir toutes les composantes du peuple alg\u00e9rien, \u00ab\u00a0sans distinction ni discrimination&nbsp;\u00bb.<\/p>\n\n\n\n<p>Dans le dernier num\u00e9ro de la Revue \u00ab&nbsp;El-Djeich&nbsp;\u00bb, publi\u00e9e par le minist\u00e8re de la D\u00e9fense nationale, l\u2019\u00e9ditorial assure que \u00ab&nbsp;l\u2019initiative de \u2018La main tendue\u2019, r\u00e9cemment lanc\u00e9e par Monsieur le pr\u00e9sident de la R\u00e9publique, chef supr\u00eame des Forces arm\u00e9es, ministre de la D\u00e9fense nationale, Abdelmadjid Tebboune, vise \u00e0 r\u00e9unir toutes les composantes du peuple alg\u00e9rien, sans distinction ni discrimination, pour servir leur pays et tourner ainsi la page du pass\u00e9. Tous les Alg\u00e9riens sont donc appel\u00e9s aujourd&rsquo;hui \u00e0 int\u00e9grer le processus de construction du pays et aspirer \u00e0 un avenir meilleur&nbsp;\u00bb. Et de souligner, \u00e0 ce titre, que \u00ab&nbsp;le pr\u00e9sident de la R\u00e9publique a estim\u00e9 que son initiative \u00e9tait plus que n\u00e9cessaire, d\u00e8s lors qu&rsquo;elle a pour finalit\u00e9 la constitution d&rsquo;un front interne coh\u00e9rent qui se dressera, d&rsquo;une part, face \u00e0 toutes les campagnes de d\u00e9nigrement visant notre pays et contribuera, d&rsquo;autre part, au redressement du pays et \u00e0 imprimer un nouveau souffle au processus de d\u00e9veloppement national&nbsp;\u00bb.&nbsp;\u00ab\u00a0La primaut\u00e9 de l&rsquo;int\u00e9r\u00eat supr\u00eame de la Nation et la consolidation des rangs du peuple sont parmi les conditions fondamentales qui permettent \u00e0 notre pays de faire face aux ennemis, aux nostalgiques aigris, et de faire barrage \u00e0 leurs r\u00e9currentes tentatives visant \u00e0 d\u00e9chirer notre tissu social et \u00e0 nuire au moral de notre peuple, en tenant des discours empreints de haine et de ranc\u0153ur, en r\u00e9pandant des rumeurs destin\u00e9es \u00e0 semer le trouble et la confusion, en travestissant les faits, en d\u00e9formant la r\u00e9alit\u00e9, proc\u00e9d\u00e9s qui n&rsquo;ont d&rsquo;autre finalit\u00e9 que d&rsquo;entra\u00eener ceux qu&rsquo;ils r\u00e9ussissent \u00e0 s\u00e9duire et \u00e0 abuser, dans les ab\u00eemes de la f\u00e9lonie et de la trahison\u00a0\u00bb, souligne l\u2019\u00e9ditorialiste. Et d\u2019ajouter que l&rsquo;initiative du Pr\u00e9sident de la R\u00e9publique \u00ab\u00a0vient s&rsquo;ajouter aux r\u00e9alisations et acquis enregistr\u00e9s par notre pays, \u00e0 travers le parach\u00e8vement du processus de construction des institutions de l&rsquo;Etat et l&rsquo;\u00e9dification d&rsquo;un Etat de justice et de droit\u00a0\u00bb, avant de pr\u00e9ciser que cette \u00ab&nbsp;cette initiative vient impulser davantage de dynamisme \u00e0 la politique \u00e9trang\u00e8re, en plus de relancer la roue du d\u00e9veloppement \u00e9conomique, outre le fait d&rsquo;accorder une importance capitale au volet social, traduit par des mesures pratiques qui visent \u00e0 servir les int\u00e9r\u00eats du citoyen&nbsp;\u00bb.&nbsp;La revue a soulign\u00e9, \u00e9galement, que l&rsquo;ANP, comme \u00e0 l&rsquo;accoutum\u00e9e, \u00ab\u00a0a \u00e9t\u00e9 aux premi\u00e8res lignes pour apporter soutien et appui \u00e0 toutes les bonnes initiatives ayant pour objet de servir l&rsquo;Alg\u00e9rie\u00a0\u00bb, rappelant que le g\u00e9n\u00e9ral de corps d&rsquo;Arm\u00e9e, Sa\u00efd Chanegriha, chef d&rsquo;Etat-Major de l&rsquo;ANP, a affirm\u00e9 que l&rsquo;initiative lanc\u00e9e par le pr\u00e9sident Tebboune \u00ab\u00a0vise \u00e0 consolider la coh\u00e9sion nationale et \u00e0 renforcer le front interne\u00a0\u00bb.<\/p>\n\n\n\n<p>La Revue El Djeich a \u00e9galement mis en avant toute l\u2019importance de la c\u00e9l\u00e9bration du 60<sup>e<\/sup>&nbsp;anniversaire de l\u2019ind\u00e9pendance, cette ann\u00e9e, soulignant que \u00ab&nbsp;le 5 juillet est une date aur\u00e9ol\u00e9e de victoire et un \u00e9v\u00e8nement important et cher \u00e0 tous les Alg\u00e9riens \u00bb. \u00abIl \u00e9choit aux enfants de notre patrie de saisir l\u2019occasion du 60e anniversaire de l\u2019Ind\u00e9pendance pour asseoir les fondements d\u2019un d\u00e9part s\u00e9rieux, mettant de c\u00f4t\u00e9 le pass\u00e9 peu reluisant, en aspirant \u00e0 un avenir prometteur car l\u2019Alg\u00e9rie est ouverte \u00e0 tous ses enfants\u00bb, a-t-ele&nbsp;exhort\u00e9.&nbsp;<\/p>\n\n\n\n<p><strong>Salim Abdenour<\/strong><\/p>\n","protected":false},"excerpt":{"rendered":"<p>L\u2019institution militaire a, une nouvelle fois, soulign\u00e9 la n\u00e9cessit\u00e9 de consolider le front interne et r\u00e9affirme que \u00ab&nbsp;l&rsquo;initiative de +La<\/p>\n","protected":false},"author":3,"featured_media":22298,"comment_status":"open","ping_status":"closed","sticky":false,"template":"","format":"standard","meta":{"colormag_page_container_layout":"default_layout","colormag_page_sidebar_layout":"default_layout","om_disable_all_campaigns":false,"_monsterinsights_skip_tracking":false,"_monsterinsights_sitenote_active":false,"_monsterinsights_sitenote_note":"","_monsterinsights_sitenote_category":0,"footnotes":"","_wpscppro_dont_share_socialmedia":false,"_wpscppro_custom_social_share_image":0,"_facebook_share_type":"","_twitter_share_type":"","_linkedin_share_type":"","_pinterest_share_type":"","_linkedin_share_type_page":"","_instagram_share_type":"","_medium_share_type":"","_threads_share_type":"","_google_business_share_type":"","_selected_social_profile":[],"_wpsp_enable_custom_social_template":false,"_wpsp_social_scheduling":{"enabled":false,"datetime":null,"platforms":[],"status":"template_only","dateOption":"today","timeOption":"now","customDays":"","customHours":"","customDate":"","customTime":"","schedulingType":"absolute"},"_wpsp_active_default_template":true},"categories":[52,27],"tags":[],"class_list":["post-22284","post","type-post","status-publish","format-standard","has-post-thumbnail","hentry","category-a-la-une","category-actualite"],"aioseo_notices":[],"yoast_head":"<!-- This site is optimized with the Yoast SEO plugin v27.5 - https:\/\/yoast.com\/product\/yoast-seo-wordpress\/ -->\n<title>\u00c9dito de la Revue\u00a0\u00ab\u00a0El Djeich\u00a0\u00bb\u00a0:\u00a0\u00abLe 5 juillet est une date aur\u00e9ol\u00e9e de victoire\u00bb - La Sentinelle<\/title>\n<meta name=\"robots\" content=\"index, follow, max-snippet:-1, max-image-preview:large, max-video-preview:-1\" \/>\n<link rel=\"canonical\" href=\"https:\/\/lasentinelle.dz\/index.php\/2022\/06\/09\/edito-de-la-revue-el-djeich-le-5-juillet-est-une-date-aureolee-de-victoire\/\" \/>\n<meta property=\"og:locale\" content=\"fr_FR\" \/>\n<meta property=\"og:type\" content=\"article\" \/>\n<meta property=\"og:title\" content=\"\u00c9dito de la Revue\u00a0\u00ab\u00a0El Djeich\u00a0\u00bb\u00a0:\u00a0\u00abLe 5 juillet est une date aur\u00e9ol\u00e9e de victoire\u00bb - La Sentinelle\" \/>\n<meta property=\"og:description\" content=\"L\u2019institution militaire a, une nouvelle fois, soulign\u00e9 la n\u00e9cessit\u00e9 de consolider le front interne et r\u00e9affirme que \u00ab&nbsp;l&rsquo;initiative de +La\" \/>\n<meta property=\"og:url\" content=\"https:\/\/lasentinelle.dz\/index.php\/2022\/06\/09\/edito-de-la-revue-el-djeich-le-5-juillet-est-une-date-aureolee-de-victoire\/\" \/>\n<meta property=\"og:site_name\" content=\"La Sentinelle\" \/>\n<meta property=\"article:publisher\" content=\"https:\/\/www.facebook.com\/La-Sentinelle-104059864394773\" \/>\n<meta property=\"article:published_time\" content=\"2022-06-08T23:05:00+00:00\" \/>\n<meta property=\"og:image\" content=\"https:\/\/lasentinelle.dz\/wp-content\/uploads\/2022\/06\/djeiche.png\" \/>\n\t<meta property=\"og:image:width\" content=\"1491\" \/>\n\t<meta property=\"og:image:height\" content=\"900\" \/>\n\t<meta property=\"og:image:type\" content=\"image\/png\" \/>\n<meta name=\"author\" content=\"La Sentinelle\" \/>\n<meta name=\"twitter:card\" content=\"summary_large_image\" \/>\n<meta name=\"twitter:label1\" content=\"\u00c9crit par\" \/>\n\t<meta name=\"twitter:data1\" content=\"La Sentinelle\" \/>\n\t<meta name=\"twitter:label2\" content=\"Dur\u00e9e de lecture estim\u00e9e\" \/>\n\t<meta name=\"twitter:data2\" content=\"3 minutes\" \/>\n<script type=\"application\/ld+json\" class=\"yoast-schema-graph\">{\"@context\":\"https:\\\/\\\/schema.org\",\"@graph\":[{\"@type\":\"Article\",\"@id\":\"https:\\\/\\\/lasentinelle.dz\\\/index.php\\\/2022\\\/06\\\/09\\\/edito-de-la-revue-el-djeich-le-5-juillet-est-une-date-aureolee-de-victoire\\\/#article\",\"isPartOf\":{\"@id\":\"https:\\\/\\\/lasentinelle.dz\\\/index.php\\\/2022\\\/06\\\/09\\\/edito-de-la-revue-el-djeich-le-5-juillet-est-une-date-aureolee-de-victoire\\\/\"},\"author\":{\"name\":\"La Sentinelle\",\"@id\":\"https:\\\/\\\/lasentinelle.dz\\\/#\\\/schema\\\/person\\\/d865044e22e70a75174ce8bcad3acfb3\"},\"headline\":\"\u00c9dito de la Revue\u00a0\u00ab\u00a0El Djeich\u00a0\u00bb\u00a0:\u00a0\u00abLe 5 juillet est une date aur\u00e9ol\u00e9e de victoire\u00bb\",\"datePublished\":\"2022-06-08T23:05:00+00:00\",\"mainEntityOfPage\":{\"@id\":\"https:\\\/\\\/lasentinelle.dz\\\/index.php\\\/2022\\\/06\\\/09\\\/edito-de-la-revue-el-djeich-le-5-juillet-est-une-date-aureolee-de-victoire\\\/\"},\"wordCount\":678,\"commentCount\":0,\"publisher\":{\"@id\":\"https:\\\/\\\/lasentinelle.dz\\\/#organization\"},\"image\":{\"@id\":\"https:\\\/\\\/lasentinelle.dz\\\/index.php\\\/2022\\\/06\\\/09\\\/edito-de-la-revue-el-djeich-le-5-juillet-est-une-date-aureolee-de-victoire\\\/#primaryimage\"},\"thumbnailUrl\":\"https:\\\/\\\/lasentinelle.dz\\\/wp-content\\\/uploads\\\/2022\\\/06\\\/djeiche.png\",\"articleSection\":[\"\u00c0 la Une\",\"Actualit\u00e9\"],\"inLanguage\":\"fr-FR\",\"potentialAction\":[{\"@type\":\"CommentAction\",\"name\":\"Comment\",\"target\":[\"https:\\\/\\\/lasentinelle.dz\\\/index.php\\\/2022\\\/06\\\/09\\\/edito-de-la-revue-el-djeich-le-5-juillet-est-une-date-aureolee-de-victoire\\\/#respond\"]}]},{\"@type\":\"WebPage\",\"@id\":\"https:\\\/\\\/lasentinelle.dz\\\/index.php\\\/2022\\\/06\\\/09\\\/edito-de-la-revue-el-djeich-le-5-juillet-est-une-date-aureolee-de-victoire\\\/\",\"url\":\"https:\\\/\\\/lasentinelle.dz\\\/index.php\\\/2022\\\/06\\\/09\\\/edito-de-la-revue-el-djeich-le-5-juillet-est-une-date-aureolee-de-victoire\\\/\",\"name\":\"\u00c9dito de la Revue\u00a0\u00ab\u00a0El Djeich\u00a0\u00bb\u00a0:\u00a0\u00abLe 5 juillet est une date aur\u00e9ol\u00e9e de victoire\u00bb - La Sentinelle\",\"isPartOf\":{\"@id\":\"https:\\\/\\\/lasentinelle.dz\\\/#website\"},\"primaryImageOfPage\":{\"@id\":\"https:\\\/\\\/lasentinelle.dz\\\/index.php\\\/2022\\\/06\\\/09\\\/edito-de-la-revue-el-djeich-le-5-juillet-est-une-date-aureolee-de-victoire\\\/#primaryimage\"},\"image\":{\"@id\":\"https:\\\/\\\/lasentinelle.dz\\\/index.php\\\/2022\\\/06\\\/09\\\/edito-de-la-revue-el-djeich-le-5-juillet-est-une-date-aureolee-de-victoire\\\/#primaryimage\"},\"thumbnailUrl\":\"https:\\\/\\\/lasentinelle.dz\\\/wp-content\\\/uploads\\\/2022\\\/06\\\/djeiche.png\",\"datePublished\":\"2022-06-08T23:05:00+00:00\",\"breadcrumb\":{\"@id\":\"https:\\\/\\\/lasentinelle.dz\\\/index.php\\\/2022\\\/06\\\/09\\\/edito-de-la-revue-el-djeich-le-5-juillet-est-une-date-aureolee-de-victoire\\\/#breadcrumb\"},\"inLanguage\":\"fr-FR\",\"potentialAction\":[{\"@type\":\"ReadAction\",\"target\":[\"https:\\\/\\\/lasentinelle.dz\\\/index.php\\\/2022\\\/06\\\/09\\\/edito-de-la-revue-el-djeich-le-5-juillet-est-une-date-aureolee-de-victoire\\\/\"]}]},{\"@type\":\"ImageObject\",\"inLanguage\":\"fr-FR\",\"@id\":\"https:\\\/\\\/lasentinelle.dz\\\/index.php\\\/2022\\\/06\\\/09\\\/edito-de-la-revue-el-djeich-le-5-juillet-est-une-date-aureolee-de-victoire\\\/#primaryimage\",\"url\":\"https:\\\/\\\/lasentinelle.dz\\\/wp-content\\\/uploads\\\/2022\\\/06\\\/djeiche.png\",\"contentUrl\":\"https:\\\/\\\/lasentinelle.dz\\\/wp-content\\\/uploads\\\/2022\\\/06\\\/djeiche.png\",\"width\":1491,\"height\":900},{\"@type\":\"BreadcrumbList\",\"@id\":\"https:\\\/\\\/lasentinelle.dz\\\/index.php\\\/2022\\\/06\\\/09\\\/edito-de-la-revue-el-djeich-le-5-juillet-est-une-date-aureolee-de-victoire\\\/#breadcrumb\",\"itemListElement\":[{\"@type\":\"ListItem\",\"position\":1,\"name\":\"Accueil\",\"item\":\"https:\\\/\\\/lasentinelle.dz\\\/\"},{\"@type\":\"ListItem\",\"position\":2,\"name\":\"\u00c9dito de la Revue\u00a0\u00ab\u00a0El Djeich\u00a0\u00bb\u00a0:\u00a0\u00abLe 5 juillet est une date aur\u00e9ol\u00e9e de victoire\u00bb\"}]},{\"@type\":\"WebSite\",\"@id\":\"https:\\\/\\\/lasentinelle.dz\\\/#website\",\"url\":\"https:\\\/\\\/lasentinelle.dz\\\/\",\"name\":\"La Sentinelle\",\"description\":\"Quotidien national d&#039;information\",\"publisher\":{\"@id\":\"https:\\\/\\\/lasentinelle.dz\\\/#organization\"},\"potentialAction\":[{\"@type\":\"SearchAction\",\"target\":{\"@type\":\"EntryPoint\",\"urlTemplate\":\"https:\\\/\\\/lasentinelle.dz\\\/?s={search_term_string}\"},\"query-input\":{\"@type\":\"PropertyValueSpecification\",\"valueRequired\":true,\"valueName\":\"search_term_string\"}}],\"inLanguage\":\"fr-FR\"},{\"@type\":\"Organization\",\"@id\":\"https:\\\/\\\/lasentinelle.dz\\\/#organization\",\"name\":\"Quotidien La Sentinelle\",\"url\":\"https:\\\/\\\/lasentinelle.dz\\\/\",\"logo\":{\"@type\":\"ImageObject\",\"inLanguage\":\"fr-FR\",\"@id\":\"https:\\\/\\\/lasentinelle.dz\\\/#\\\/schema\\\/logo\\\/image\\\/\",\"url\":\"https:\\\/\\\/lasentinelle.dz\\\/wp-content\\\/uploads\\\/2021\\\/09\\\/logo-sentinelleSLOGAN-1.png\",\"contentUrl\":\"https:\\\/\\\/lasentinelle.dz\\\/wp-content\\\/uploads\\\/2021\\\/09\\\/logo-sentinelleSLOGAN-1.png\",\"width\":615,\"height\":142,\"caption\":\"Quotidien La Sentinelle\"},\"image\":{\"@id\":\"https:\\\/\\\/lasentinelle.dz\\\/#\\\/schema\\\/logo\\\/image\\\/\"},\"sameAs\":[\"https:\\\/\\\/www.facebook.com\\\/La-Sentinelle-104059864394773\"]},{\"@type\":\"Person\",\"@id\":\"https:\\\/\\\/lasentinelle.dz\\\/#\\\/schema\\\/person\\\/d865044e22e70a75174ce8bcad3acfb3\",\"name\":\"La Sentinelle\",\"image\":{\"@type\":\"ImageObject\",\"inLanguage\":\"fr-FR\",\"@id\":\"https:\\\/\\\/secure.gravatar.com\\\/avatar\\\/57de8e5d4b15d43fb361a71fbb36338450fe67865b528a43dd10ef7c51a20392?s=96&d=mm&r=g\",\"url\":\"https:\\\/\\\/secure.gravatar.com\\\/avatar\\\/57de8e5d4b15d43fb361a71fbb36338450fe67865b528a43dd10ef7c51a20392?s=96&d=mm&r=g\",\"contentUrl\":\"https:\\\/\\\/secure.gravatar.com\\\/avatar\\\/57de8e5d4b15d43fb361a71fbb36338450fe67865b528a43dd10ef7c51a20392?s=96&d=mm&r=g\",\"caption\":\"La Sentinelle\"},\"sameAs\":[\"http:\\\/\\\/www.lasentinelle.dz\"],\"url\":\"https:\\\/\\\/lasentinelle.dz\\\/author\\\/redaction\\\/\"}]}<\/script>\n<!-- \/ Yoast SEO plugin. -->","yoast_head_json":{"title":"\u00c9dito de la Revue\u00a0\u00ab\u00a0El Djeich\u00a0\u00bb\u00a0:\u00a0\u00abLe 5 juillet est une date aur\u00e9ol\u00e9e de victoire\u00bb - La Sentinelle","robots":{"index":"index","follow":"follow","max-snippet":"max-snippet:-1","max-image-preview":"max-image-preview:large","max-video-preview":"max-video-preview:-1"},"canonical":"https:\/\/lasentinelle.dz\/index.php\/2022\/06\/09\/edito-de-la-revue-el-djeich-le-5-juillet-est-une-date-aureolee-de-victoire\/","og_locale":"fr_FR","og_type":"article","og_title":"\u00c9dito de la Revue\u00a0\u00ab\u00a0El Djeich\u00a0\u00bb\u00a0:\u00a0\u00abLe 5 juillet est une date aur\u00e9ol\u00e9e de victoire\u00bb - La Sentinelle","og_description":"L\u2019institution militaire a, une nouvelle fois, soulign\u00e9 la n\u00e9cessit\u00e9 de consolider le front interne et r\u00e9affirme que \u00ab&nbsp;l&rsquo;initiative de +La","og_url":"https:\/\/lasentinelle.dz\/index.php\/2022\/06\/09\/edito-de-la-revue-el-djeich-le-5-juillet-est-une-date-aureolee-de-victoire\/","og_site_name":"La Sentinelle","article_publisher":"https:\/\/www.facebook.com\/La-Sentinelle-104059864394773","article_published_time":"2022-06-08T23:05:00+00:00","og_image":[{"width":1491,"height":900,"url":"https:\/\/lasentinelle.dz\/wp-content\/uploads\/2022\/06\/djeiche.png","type":"image\/png"}],"author":"La Sentinelle","twitter_card":"summary_large_image","twitter_misc":{"\u00c9crit par":"La Sentinelle","Dur\u00e9e de lecture estim\u00e9e":"3 minutes"},"schema":{"@context":"https:\/\/schema.org","@graph":[{"@type":"Article","@id":"https:\/\/lasentinelle.dz\/index.php\/2022\/06\/09\/edito-de-la-revue-el-djeich-le-5-juillet-est-une-date-aureolee-de-victoire\/#article","isPartOf":{"@id":"https:\/\/lasentinelle.dz\/index.php\/2022\/06\/09\/edito-de-la-revue-el-djeich-le-5-juillet-est-une-date-aureolee-de-victoire\/"},"author":{"name":"La Sentinelle","@id":"https:\/\/lasentinelle.dz\/#\/schema\/person\/d865044e22e70a75174ce8bcad3acfb3"},"headline":"\u00c9dito de la Revue\u00a0\u00ab\u00a0El Djeich\u00a0\u00bb\u00a0:\u00a0\u00abLe 5 juillet est une date aur\u00e9ol\u00e9e de victoire\u00bb","datePublished":"2022-06-08T23:05:00+00:00","mainEntityOfPage":{"@id":"https:\/\/lasentinelle.dz\/index.php\/2022\/06\/09\/edito-de-la-revue-el-djeich-le-5-juillet-est-une-date-aureolee-de-victoire\/"},"wordCount":678,"commentCount":0,"publisher":{"@id":"https:\/\/lasentinelle.dz\/#organization"},"image":{"@id":"https:\/\/lasentinelle.dz\/index.php\/2022\/06\/09\/edito-de-la-revue-el-djeich-le-5-juillet-est-une-date-aureolee-de-victoire\/#primaryimage"},"thumbnailUrl":"https:\/\/lasentinelle.dz\/wp-content\/uploads\/2022\/06\/djeiche.png","articleSection":["\u00c0 la Une","Actualit\u00e9"],"inLanguage":"fr-FR","potentialAction":[{"@type":"CommentAction","name":"Comment","target":["https:\/\/lasentinelle.dz\/index.php\/2022\/06\/09\/edito-de-la-revue-el-djeich-le-5-juillet-est-une-date-aureolee-de-victoire\/#respond"]}]},{"@type":"WebPage","@id":"https:\/\/lasentinelle.dz\/index.php\/2022\/06\/09\/edito-de-la-revue-el-djeich-le-5-juillet-est-une-date-aureolee-de-victoire\/","url":"https:\/\/lasentinelle.dz\/index.php\/2022\/06\/09\/edito-de-la-revue-el-djeich-le-5-juillet-est-une-date-aureolee-de-victoire\/","name":"\u00c9dito de la Revue\u00a0\u00ab\u00a0El Djeich\u00a0\u00bb\u00a0:\u00a0\u00abLe 5 juillet est une date aur\u00e9ol\u00e9e de victoire\u00bb - La Sentinelle","isPartOf":{"@id":"https:\/\/lasentinelle.dz\/#website"},"primaryImageOfPage":{"@id":"https:\/\/lasentinelle.dz\/index.php\/2022\/06\/09\/edito-de-la-revue-el-djeich-le-5-juillet-est-une-date-aureolee-de-victoire\/#primaryimage"},"image":{"@id":"https:\/\/lasentinelle.dz\/index.php\/2022\/06\/09\/edito-de-la-revue-el-djeich-le-5-juillet-est-une-date-aureolee-de-victoire\/#primaryimage"},"thumbnailUrl":"https:\/\/lasentinelle.dz\/wp-content\/uploads\/2022\/06\/djeiche.png","datePublished":"2022-06-08T23:05:00+00:00","breadcrumb":{"@id":"https:\/\/lasentinelle.dz\/index.php\/2022\/06\/09\/edito-de-la-revue-el-djeich-le-5-juillet-est-une-date-aureolee-de-victoire\/#breadcrumb"},"inLanguage":"fr-FR","potentialAction":[{"@type":"ReadAction","target":["https:\/\/lasentinelle.dz\/index.php\/2022\/06\/09\/edito-de-la-revue-el-djeich-le-5-juillet-est-une-date-aureolee-de-victoire\/"]}]},{"@type":"ImageObject","inLanguage":"fr-FR","@id":"https:\/\/lasentinelle.dz\/index.php\/2022\/06\/09\/edito-de-la-revue-el-djeich-le-5-juillet-est-une-date-aureolee-de-victoire\/#primaryimage","url":"https:\/\/lasentinelle.dz\/wp-content\/uploads\/2022\/06\/djeiche.png","contentUrl":"https:\/\/lasentinelle.dz\/wp-content\/uploads\/2022\/06\/djeiche.png","width":1491,"height":900},{"@type":"BreadcrumbList","@id":"https:\/\/lasentinelle.dz\/index.php\/2022\/06\/09\/edito-de-la-revue-el-djeich-le-5-juillet-est-une-date-aureolee-de-victoire\/#breadcrumb","itemListElement":[{"@type":"ListItem","position":1,"name":"Accueil","item":"https:\/\/lasentinelle.dz\/"},{"@type":"ListItem","position":2,"name":"\u00c9dito de la Revue\u00a0\u00ab\u00a0El Djeich\u00a0\u00bb\u00a0:\u00a0\u00abLe 5 juillet est une date aur\u00e9ol\u00e9e de victoire\u00bb"}]},{"@type":"WebSite","@id":"https:\/\/lasentinelle.dz\/#website","url":"https:\/\/lasentinelle.dz\/","name":"La Sentinelle","description":"Quotidien national d&#039;information","publisher":{"@id":"https:\/\/lasentinelle.dz\/#organization"},"potentialAction":[{"@type":"SearchAction","target":{"@type":"EntryPoint","urlTemplate":"https:\/\/lasentinelle.dz\/?s={search_term_string}"},"query-input":{"@type":"PropertyValueSpecification","valueRequired":true,"valueName":"search_term_string"}}],"inLanguage":"fr-FR"},{"@type":"Organization","@id":"https:\/\/lasentinelle.dz\/#organization","name":"Quotidien La Sentinelle","url":"https:\/\/lasentinelle.dz\/","logo":{"@type":"ImageObject","inLanguage":"fr-FR","@id":"https:\/\/lasentinelle.dz\/#\/schema\/logo\/image\/","url":"https:\/\/lasentinelle.dz\/wp-content\/uploads\/2021\/09\/logo-sentinelleSLOGAN-1.png","contentUrl":"https:\/\/lasentinelle.dz\/wp-content\/uploads\/2021\/09\/logo-sentinelleSLOGAN-1.png","width":615,"height":142,"caption":"Quotidien La Sentinelle"},"image":{"@id":"https:\/\/lasentinelle.dz\/#\/schema\/logo\/image\/"},"sameAs":["https:\/\/www.facebook.com\/La-Sentinelle-104059864394773"]},{"@type":"Person","@id":"https:\/\/lasentinelle.dz\/#\/schema\/person\/d865044e22e70a75174ce8bcad3acfb3","name":"La Sentinelle","image":{"@type":"ImageObject","inLanguage":"fr-FR","@id":"https:\/\/secure.gravatar.com\/avatar\/57de8e5d4b15d43fb361a71fbb36338450fe67865b528a43dd10ef7c51a20392?s=96&d=mm&r=g","url":"https:\/\/secure.gravatar.com\/avatar\/57de8e5d4b15d43fb361a71fbb36338450fe67865b528a43dd10ef7c51a20392?s=96&d=mm&r=g","contentUrl":"https:\/\/secure.gravatar.com\/avatar\/57de8e5d4b15d43fb361a71fbb36338450fe67865b528a43dd10ef7c51a20392?s=96&d=mm&r=g","caption":"La Sentinelle"},"sameAs":["http:\/\/www.lasentinelle.dz"],"url":"https:\/\/lasentinelle.dz\/author\/redaction\/"}]}},"_links":{"self":[{"href":"https:\/\/lasentinelle.dz\/index.php\/wp-json\/wp\/v2\/posts\/22284","targetHints":{"allow":["GET"]}}],"collection":[{"href":"https:\/\/lasentinelle.dz\/index.php\/wp-json\/wp\/v2\/posts"}],"about":[{"href":"https:\/\/lasentinelle.dz\/index.php\/wp-json\/wp\/v2\/types\/post"}],"author":[{"embeddable":true,"href":"https:\/\/lasentinelle.dz\/index.php\/wp-json\/wp\/v2\/users\/3"}],"replies":[{"embeddable":true,"href":"https:\/\/lasentinelle.dz\/index.php\/wp-json\/wp\/v2\/comments?post=22284"}],"version-history":[{"count":1,"href":"https:\/\/lasentinelle.dz\/index.php\/wp-json\/wp\/v2\/posts\/22284\/revisions"}],"predecessor-version":[{"id":22299,"href":"https:\/\/lasentinelle.dz\/index.php\/wp-json\/wp\/v2\/posts\/22284\/revisions\/22299"}],"wp:featuredmedia":[{"embeddable":true,"href":"https:\/\/lasentinelle.dz\/index.php\/wp-json\/wp\/v2\/media\/22298"}],"wp:attachment":[{"href":"https:\/\/lasentinelle.dz\/index.php\/wp-json\/wp\/v2\/media?parent=22284"}],"wp:term":[{"taxonomy":"category","embeddable":true,"href":"https:\/\/lasentinelle.dz\/index.php\/wp-json\/wp\/v2\/categories?post=22284"},{"taxonomy":"post_tag","embeddable":true,"href":"https:\/\/lasentinelle.dz\/index.php\/wp-json\/wp\/v2\/tags?post=22284"}],"curies":[{"name":"wp","href":"https:\/\/api.w.org\/{rel}","templated":true}]}}