{"id":22329,"date":"2022-06-12T00:01:00","date_gmt":"2022-06-11T23:01:00","guid":{"rendered":"https:\/\/lasentinelle.dz\/?p=22329"},"modified":"2022-06-11T18:50:30","modified_gmt":"2022-06-11T17:50:30","slug":"main-tendue-du-president-de-la-republique-la-classe-politique-dit-oui","status":"publish","type":"post","link":"https:\/\/lasentinelle.dz\/index.php\/2022\/06\/12\/main-tendue-du-president-de-la-republique-la-classe-politique-dit-oui\/","title":{"rendered":"Main tendue du Pr\u00e9sident de la R\u00e9publique\u00a0:\u00a0La classe politique dit oui"},"content":{"rendered":"\n<p>Le&nbsp;Premier secr\u00e9taire du Front des forces socialistes, Youcef Aouchiche, a&nbsp;soulign\u00e9 vendredi l\u2019importance d\u2019un dialogue national inclusif, dans le cadre de l\u2019initiative de la \u00ab&nbsp;Main tendue&nbsp;\u00bb, lanc\u00e9e par le pr\u00e9sident de la R\u00e9publique. Dans une intervention sur une cha\u00eene de t\u00e9l\u00e9vision priv\u00e9e,&nbsp;Youcef Aouchiche&nbsp;a indiqu\u00e9&nbsp;:&nbsp;\u00abnous croyons en un dialogue \u00e9quitable et inclusif pour tous les segments de la soci\u00e9t\u00e9 qui peut sortir l\u2019Alg\u00e9rie de la crise&nbsp;multidimensionnelle qui l\u2019affecte\u00bb.&nbsp;Il a&nbsp;dit \u00abattendre des actions concr\u00e8tes \u00bb&nbsp;dans ce sens, ajoutant que \u00abnous avons appel\u00e9&nbsp;les autorit\u00e9s&nbsp;\u00e0 prendre des mesures d\u2019apaisement, en particulier l\u2019ouverture des sph\u00e8res politique et m\u00e9diatique\u00bb. Il a, en outre appel\u00e9 \u00e0 \u00abla lib\u00e9ration des d\u00e9tenus politiques et \u00e0 la lev\u00e9e des restrictions aux libert\u00e9s&nbsp;dans le&nbsp;pays\u00bb. \u00abNous voulons une solution purement alg\u00e9rienne \u00e0 la crise multidimensionnelle \u00bb, a-t-il expliqu\u00e9.&nbsp;Pour sa part, le pr\u00e9sident du Mouvement de la soci\u00e9t\u00e9 pour la paix (MSP), Abderrazak Mokri, a affirm\u00e9&nbsp;vendredi&nbsp;que sa \u00abformation politique est pr\u00eate \u00e0 coop\u00e9rer avec les forces politiques dans le cadre du consensus national\u00bb, pr\u00e9cisant que \u00able MSP est pr\u00eat \u00e0 adh\u00e9rer et participer \u00e0 n\u2019importe quel effort visant l\u2019ouverture de la coop\u00e9ration entre les diff\u00e9rentes forces politiques \u00bb. Il a ajout\u00e9&nbsp;\u00e0 partir de Biskra&nbsp;que son \u00ab parti&nbsp;&nbsp;accepte de participer au d\u00e9bat en proposant des solutions, s\u2019agissant de la gestion des affaires g\u00e9n\u00e9rales comme la lutte contre la corruption et l\u2019\u00e9dification des entreprises \u00e9conomiques\u00bb. \u00abL\u2019implication des forces politiques, dont le MSP, pour faire face \u00e0 toutes les circonstances, est en mesure de proposer des solutions concernant toutes les situations \u00bb, a-t-il soulign\u00e9, estimant que \u00abla r\u00e9ponse aux ennemis de l\u2019Alg\u00e9rie se fera \u00e0 travers l&rsquo;\u00e9dification d&rsquo;un Etat fort gr\u00e2ce, entre autres, \u00e0 sa s\u00e9curit\u00e9 alimentaire et son industrie d\u00e9velopp\u00e9e\u00bb. Depuis la wilaya de Tamanrasset, le pr\u00e9sident du parti Sawt El Cha\u00e2b, Lamine Osmani a affirm\u00e9&nbsp;hier&nbsp;&nbsp;que \u00abl&rsquo;initiative de la main tendue, lanc\u00e9e par le pr\u00e9sident de la R\u00e9publique, Abdelmadjid Tebboune, se veut&nbsp;un projet contre la haine et les divergences qui menacent la stabilit\u00e9 du front int\u00e9rieur\u00bb. Il a soulign\u00e9 que \u00abce projet contribuait \u00e0 l&rsquo;\u00e9dification d&rsquo;une Alg\u00e9rie forte, appelant les militants de son parti et l&rsquo;ensemble des Alg\u00e9riens \u00e0 apporter leur soutien au pr\u00e9sident de la R\u00e9publique pour la mise en \u0153uvre de cette initiative\u00bb. \u00abLe Pr\u00e9sident Tebboune a tendu sa main pour faire face aux menaces qui guettent le front int\u00e9rieur\u00bb, a-t-il pr\u00e9cis\u00e9, affichant \u00abl&rsquo;adh\u00e9sion de son parti \u00e0 cette initiative\u00bb.&nbsp;<\/p>\n\n\n\n<p><strong>Amar Malki<\/strong><\/p>\n","protected":false},"excerpt":{"rendered":"<p>Le&nbsp;Premier secr\u00e9taire du Front des forces socialistes, Youcef Aouchiche, a&nbsp;soulign\u00e9 vendredi l\u2019importance d\u2019un dialogue national inclusif, dans le cadre de<\/p>\n","protected":false},"author":3,"featured_media":22350,"comment_status":"open","ping_status":"closed","sticky":false,"template":"","format":"standard","meta":{"colormag_page_container_layout":"default_layout","colormag_page_sidebar_layout":"default_layout","om_disable_all_campaigns":false,"_monsterinsights_skip_tracking":false,"_monsterinsights_sitenote_active":false,"_monsterinsights_sitenote_note":"","_monsterinsights_sitenote_category":0,"footnotes":"","_wpscppro_dont_share_socialmedia":false,"_wpscppro_custom_social_share_image":0,"_facebook_share_type":"","_twitter_share_type":"","_linkedin_share_type":"","_pinterest_share_type":"","_linkedin_share_type_page":"","_instagram_share_type":"","_medium_share_type":"","_threads_share_type":"","_google_business_share_type":"","_selected_social_profile":[],"_wpsp_enable_custom_social_template":false,"_wpsp_social_scheduling":{"enabled":false,"datetime":null,"platforms":[],"status":"template_only","dateOption":"today","timeOption":"now","customDays":"","customHours":"","customDate":"","customTime":"","schedulingType":"absolute"},"_wpsp_active_default_template":true},"categories":[27],"tags":[],"class_list":["post-22329","post","type-post","status-publish","format-standard","has-post-thumbnail","hentry","category-actualite"],"aioseo_notices":[],"yoast_head":"<!-- This site is optimized with the Yoast SEO plugin v27.5 - https:\/\/yoast.com\/product\/yoast-seo-wordpress\/ -->\n<title>Main tendue du Pr\u00e9sident de la R\u00e9publique\u00a0:\u00a0La classe politique dit oui - La Sentinelle<\/title>\n<meta name=\"robots\" content=\"index, follow, max-snippet:-1, max-image-preview:large, max-video-preview:-1\" \/>\n<link rel=\"canonical\" href=\"https:\/\/lasentinelle.dz\/index.php\/2022\/06\/12\/main-tendue-du-president-de-la-republique-la-classe-politique-dit-oui\/\" \/>\n<meta property=\"og:locale\" content=\"fr_FR\" \/>\n<meta property=\"og:type\" content=\"article\" \/>\n<meta property=\"og:title\" content=\"Main tendue du Pr\u00e9sident de la R\u00e9publique\u00a0:\u00a0La classe politique dit oui - La Sentinelle\" \/>\n<meta property=\"og:description\" content=\"Le&nbsp;Premier secr\u00e9taire du Front des forces socialistes, Youcef Aouchiche, a&nbsp;soulign\u00e9 vendredi l\u2019importance d\u2019un dialogue national inclusif, dans le cadre de\" \/>\n<meta property=\"og:url\" content=\"https:\/\/lasentinelle.dz\/index.php\/2022\/06\/12\/main-tendue-du-president-de-la-republique-la-classe-politique-dit-oui\/\" \/>\n<meta property=\"og:site_name\" content=\"La Sentinelle\" \/>\n<meta property=\"article:publisher\" content=\"https:\/\/www.facebook.com\/La-Sentinelle-104059864394773\" \/>\n<meta property=\"article:published_time\" content=\"2022-06-11T23:01:00+00:00\" \/>\n<meta property=\"og:image\" content=\"https:\/\/lasentinelle.dz\/wp-content\/uploads\/2022\/06\/art_urlphoto100078.png\" \/>\n\t<meta property=\"og:image:width\" content=\"1200\" \/>\n\t<meta property=\"og:image:height\" content=\"900\" \/>\n\t<meta property=\"og:image:type\" content=\"image\/png\" \/>\n<meta name=\"author\" content=\"La Sentinelle\" \/>\n<meta name=\"twitter:card\" content=\"summary_large_image\" \/>\n<meta name=\"twitter:label1\" content=\"\u00c9crit par\" \/>\n\t<meta name=\"twitter:data1\" content=\"La Sentinelle\" \/>\n\t<meta name=\"twitter:label2\" content=\"Dur\u00e9e de lecture estim\u00e9e\" \/>\n\t<meta name=\"twitter:data2\" content=\"3 minutes\" \/>\n<script type=\"application\/ld+json\" class=\"yoast-schema-graph\">{\"@context\":\"https:\\\/\\\/schema.org\",\"@graph\":[{\"@type\":\"Article\",\"@id\":\"https:\\\/\\\/lasentinelle.dz\\\/index.php\\\/2022\\\/06\\\/12\\\/main-tendue-du-president-de-la-republique-la-classe-politique-dit-oui\\\/#article\",\"isPartOf\":{\"@id\":\"https:\\\/\\\/lasentinelle.dz\\\/index.php\\\/2022\\\/06\\\/12\\\/main-tendue-du-president-de-la-republique-la-classe-politique-dit-oui\\\/\"},\"author\":{\"name\":\"La Sentinelle\",\"@id\":\"https:\\\/\\\/lasentinelle.dz\\\/#\\\/schema\\\/person\\\/d865044e22e70a75174ce8bcad3acfb3\"},\"headline\":\"Main tendue du Pr\u00e9sident de la R\u00e9publique\u00a0:\u00a0La classe politique dit oui\",\"datePublished\":\"2022-06-11T23:01:00+00:00\",\"mainEntityOfPage\":{\"@id\":\"https:\\\/\\\/lasentinelle.dz\\\/index.php\\\/2022\\\/06\\\/12\\\/main-tendue-du-president-de-la-republique-la-classe-politique-dit-oui\\\/\"},\"wordCount\":504,\"commentCount\":0,\"publisher\":{\"@id\":\"https:\\\/\\\/lasentinelle.dz\\\/#organization\"},\"image\":{\"@id\":\"https:\\\/\\\/lasentinelle.dz\\\/index.php\\\/2022\\\/06\\\/12\\\/main-tendue-du-president-de-la-republique-la-classe-politique-dit-oui\\\/#primaryimage\"},\"thumbnailUrl\":\"https:\\\/\\\/lasentinelle.dz\\\/wp-content\\\/uploads\\\/2022\\\/06\\\/art_urlphoto100078.png\",\"articleSection\":[\"Actualit\u00e9\"],\"inLanguage\":\"fr-FR\",\"potentialAction\":[{\"@type\":\"CommentAction\",\"name\":\"Comment\",\"target\":[\"https:\\\/\\\/lasentinelle.dz\\\/index.php\\\/2022\\\/06\\\/12\\\/main-tendue-du-president-de-la-republique-la-classe-politique-dit-oui\\\/#respond\"]}]},{\"@type\":\"WebPage\",\"@id\":\"https:\\\/\\\/lasentinelle.dz\\\/index.php\\\/2022\\\/06\\\/12\\\/main-tendue-du-president-de-la-republique-la-classe-politique-dit-oui\\\/\",\"url\":\"https:\\\/\\\/lasentinelle.dz\\\/index.php\\\/2022\\\/06\\\/12\\\/main-tendue-du-president-de-la-republique-la-classe-politique-dit-oui\\\/\",\"name\":\"Main tendue du Pr\u00e9sident de la R\u00e9publique\u00a0:\u00a0La classe politique dit oui - La Sentinelle\",\"isPartOf\":{\"@id\":\"https:\\\/\\\/lasentinelle.dz\\\/#website\"},\"primaryImageOfPage\":{\"@id\":\"https:\\\/\\\/lasentinelle.dz\\\/index.php\\\/2022\\\/06\\\/12\\\/main-tendue-du-president-de-la-republique-la-classe-politique-dit-oui\\\/#primaryimage\"},\"image\":{\"@id\":\"https:\\\/\\\/lasentinelle.dz\\\/index.php\\\/2022\\\/06\\\/12\\\/main-tendue-du-president-de-la-republique-la-classe-politique-dit-oui\\\/#primaryimage\"},\"thumbnailUrl\":\"https:\\\/\\\/lasentinelle.dz\\\/wp-content\\\/uploads\\\/2022\\\/06\\\/art_urlphoto100078.png\",\"datePublished\":\"2022-06-11T23:01:00+00:00\",\"breadcrumb\":{\"@id\":\"https:\\\/\\\/lasentinelle.dz\\\/index.php\\\/2022\\\/06\\\/12\\\/main-tendue-du-president-de-la-republique-la-classe-politique-dit-oui\\\/#breadcrumb\"},\"inLanguage\":\"fr-FR\",\"potentialAction\":[{\"@type\":\"ReadAction\",\"target\":[\"https:\\\/\\\/lasentinelle.dz\\\/index.php\\\/2022\\\/06\\\/12\\\/main-tendue-du-president-de-la-republique-la-classe-politique-dit-oui\\\/\"]}]},{\"@type\":\"ImageObject\",\"inLanguage\":\"fr-FR\",\"@id\":\"https:\\\/\\\/lasentinelle.dz\\\/index.php\\\/2022\\\/06\\\/12\\\/main-tendue-du-president-de-la-republique-la-classe-politique-dit-oui\\\/#primaryimage\",\"url\":\"https:\\\/\\\/lasentinelle.dz\\\/wp-content\\\/uploads\\\/2022\\\/06\\\/art_urlphoto100078.png\",\"contentUrl\":\"https:\\\/\\\/lasentinelle.dz\\\/wp-content\\\/uploads\\\/2022\\\/06\\\/art_urlphoto100078.png\",\"width\":1200,\"height\":900},{\"@type\":\"BreadcrumbList\",\"@id\":\"https:\\\/\\\/lasentinelle.dz\\\/index.php\\\/2022\\\/06\\\/12\\\/main-tendue-du-president-de-la-republique-la-classe-politique-dit-oui\\\/#breadcrumb\",\"itemListElement\":[{\"@type\":\"ListItem\",\"position\":1,\"name\":\"Accueil\",\"item\":\"https:\\\/\\\/lasentinelle.dz\\\/\"},{\"@type\":\"ListItem\",\"position\":2,\"name\":\"Main tendue du Pr\u00e9sident de la R\u00e9publique\u00a0:\u00a0La classe politique dit oui\"}]},{\"@type\":\"WebSite\",\"@id\":\"https:\\\/\\\/lasentinelle.dz\\\/#website\",\"url\":\"https:\\\/\\\/lasentinelle.dz\\\/\",\"name\":\"La Sentinelle\",\"description\":\"Quotidien national d&#039;information\",\"publisher\":{\"@id\":\"https:\\\/\\\/lasentinelle.dz\\\/#organization\"},\"potentialAction\":[{\"@type\":\"SearchAction\",\"target\":{\"@type\":\"EntryPoint\",\"urlTemplate\":\"https:\\\/\\\/lasentinelle.dz\\\/?s={search_term_string}\"},\"query-input\":{\"@type\":\"PropertyValueSpecification\",\"valueRequired\":true,\"valueName\":\"search_term_string\"}}],\"inLanguage\":\"fr-FR\"},{\"@type\":\"Organization\",\"@id\":\"https:\\\/\\\/lasentinelle.dz\\\/#organization\",\"name\":\"Quotidien La Sentinelle\",\"url\":\"https:\\\/\\\/lasentinelle.dz\\\/\",\"logo\":{\"@type\":\"ImageObject\",\"inLanguage\":\"fr-FR\",\"@id\":\"https:\\\/\\\/lasentinelle.dz\\\/#\\\/schema\\\/logo\\\/image\\\/\",\"url\":\"https:\\\/\\\/lasentinelle.dz\\\/wp-content\\\/uploads\\\/2021\\\/09\\\/logo-sentinelleSLOGAN-1.png\",\"contentUrl\":\"https:\\\/\\\/lasentinelle.dz\\\/wp-content\\\/uploads\\\/2021\\\/09\\\/logo-sentinelleSLOGAN-1.png\",\"width\":615,\"height\":142,\"caption\":\"Quotidien La Sentinelle\"},\"image\":{\"@id\":\"https:\\\/\\\/lasentinelle.dz\\\/#\\\/schema\\\/logo\\\/image\\\/\"},\"sameAs\":[\"https:\\\/\\\/www.facebook.com\\\/La-Sentinelle-104059864394773\"]},{\"@type\":\"Person\",\"@id\":\"https:\\\/\\\/lasentinelle.dz\\\/#\\\/schema\\\/person\\\/d865044e22e70a75174ce8bcad3acfb3\",\"name\":\"La Sentinelle\",\"image\":{\"@type\":\"ImageObject\",\"inLanguage\":\"fr-FR\",\"@id\":\"https:\\\/\\\/secure.gravatar.com\\\/avatar\\\/57de8e5d4b15d43fb361a71fbb36338450fe67865b528a43dd10ef7c51a20392?s=96&d=mm&r=g\",\"url\":\"https:\\\/\\\/secure.gravatar.com\\\/avatar\\\/57de8e5d4b15d43fb361a71fbb36338450fe67865b528a43dd10ef7c51a20392?s=96&d=mm&r=g\",\"contentUrl\":\"https:\\\/\\\/secure.gravatar.com\\\/avatar\\\/57de8e5d4b15d43fb361a71fbb36338450fe67865b528a43dd10ef7c51a20392?s=96&d=mm&r=g\",\"caption\":\"La Sentinelle\"},\"sameAs\":[\"http:\\\/\\\/www.lasentinelle.dz\"],\"url\":\"https:\\\/\\\/lasentinelle.dz\\\/author\\\/redaction\\\/\"}]}<\/script>\n<!-- \/ Yoast SEO plugin. -->","yoast_head_json":{"title":"Main tendue du Pr\u00e9sident de la R\u00e9publique\u00a0:\u00a0La classe politique dit oui - La Sentinelle","robots":{"index":"index","follow":"follow","max-snippet":"max-snippet:-1","max-image-preview":"max-image-preview:large","max-video-preview":"max-video-preview:-1"},"canonical":"https:\/\/lasentinelle.dz\/index.php\/2022\/06\/12\/main-tendue-du-president-de-la-republique-la-classe-politique-dit-oui\/","og_locale":"fr_FR","og_type":"article","og_title":"Main tendue du Pr\u00e9sident de la R\u00e9publique\u00a0:\u00a0La classe politique dit oui - La Sentinelle","og_description":"Le&nbsp;Premier secr\u00e9taire du Front des forces socialistes, Youcef Aouchiche, a&nbsp;soulign\u00e9 vendredi l\u2019importance d\u2019un dialogue national inclusif, dans le cadre de","og_url":"https:\/\/lasentinelle.dz\/index.php\/2022\/06\/12\/main-tendue-du-president-de-la-republique-la-classe-politique-dit-oui\/","og_site_name":"La Sentinelle","article_publisher":"https:\/\/www.facebook.com\/La-Sentinelle-104059864394773","article_published_time":"2022-06-11T23:01:00+00:00","og_image":[{"width":1200,"height":900,"url":"https:\/\/lasentinelle.dz\/wp-content\/uploads\/2022\/06\/art_urlphoto100078.png","type":"image\/png"}],"author":"La Sentinelle","twitter_card":"summary_large_image","twitter_misc":{"\u00c9crit par":"La Sentinelle","Dur\u00e9e de lecture estim\u00e9e":"3 minutes"},"schema":{"@context":"https:\/\/schema.org","@graph":[{"@type":"Article","@id":"https:\/\/lasentinelle.dz\/index.php\/2022\/06\/12\/main-tendue-du-president-de-la-republique-la-classe-politique-dit-oui\/#article","isPartOf":{"@id":"https:\/\/lasentinelle.dz\/index.php\/2022\/06\/12\/main-tendue-du-president-de-la-republique-la-classe-politique-dit-oui\/"},"author":{"name":"La Sentinelle","@id":"https:\/\/lasentinelle.dz\/#\/schema\/person\/d865044e22e70a75174ce8bcad3acfb3"},"headline":"Main tendue du Pr\u00e9sident de la R\u00e9publique\u00a0:\u00a0La classe politique dit oui","datePublished":"2022-06-11T23:01:00+00:00","mainEntityOfPage":{"@id":"https:\/\/lasentinelle.dz\/index.php\/2022\/06\/12\/main-tendue-du-president-de-la-republique-la-classe-politique-dit-oui\/"},"wordCount":504,"commentCount":0,"publisher":{"@id":"https:\/\/lasentinelle.dz\/#organization"},"image":{"@id":"https:\/\/lasentinelle.dz\/index.php\/2022\/06\/12\/main-tendue-du-president-de-la-republique-la-classe-politique-dit-oui\/#primaryimage"},"thumbnailUrl":"https:\/\/lasentinelle.dz\/wp-content\/uploads\/2022\/06\/art_urlphoto100078.png","articleSection":["Actualit\u00e9"],"inLanguage":"fr-FR","potentialAction":[{"@type":"CommentAction","name":"Comment","target":["https:\/\/lasentinelle.dz\/index.php\/2022\/06\/12\/main-tendue-du-president-de-la-republique-la-classe-politique-dit-oui\/#respond"]}]},{"@type":"WebPage","@id":"https:\/\/lasentinelle.dz\/index.php\/2022\/06\/12\/main-tendue-du-president-de-la-republique-la-classe-politique-dit-oui\/","url":"https:\/\/lasentinelle.dz\/index.php\/2022\/06\/12\/main-tendue-du-president-de-la-republique-la-classe-politique-dit-oui\/","name":"Main tendue du Pr\u00e9sident de la R\u00e9publique\u00a0:\u00a0La classe politique dit oui - La Sentinelle","isPartOf":{"@id":"https:\/\/lasentinelle.dz\/#website"},"primaryImageOfPage":{"@id":"https:\/\/lasentinelle.dz\/index.php\/2022\/06\/12\/main-tendue-du-president-de-la-republique-la-classe-politique-dit-oui\/#primaryimage"},"image":{"@id":"https:\/\/lasentinelle.dz\/index.php\/2022\/06\/12\/main-tendue-du-president-de-la-republique-la-classe-politique-dit-oui\/#primaryimage"},"thumbnailUrl":"https:\/\/lasentinelle.dz\/wp-content\/uploads\/2022\/06\/art_urlphoto100078.png","datePublished":"2022-06-11T23:01:00+00:00","breadcrumb":{"@id":"https:\/\/lasentinelle.dz\/index.php\/2022\/06\/12\/main-tendue-du-president-de-la-republique-la-classe-politique-dit-oui\/#breadcrumb"},"inLanguage":"fr-FR","potentialAction":[{"@type":"ReadAction","target":["https:\/\/lasentinelle.dz\/index.php\/2022\/06\/12\/main-tendue-du-president-de-la-republique-la-classe-politique-dit-oui\/"]}]},{"@type":"ImageObject","inLanguage":"fr-FR","@id":"https:\/\/lasentinelle.dz\/index.php\/2022\/06\/12\/main-tendue-du-president-de-la-republique-la-classe-politique-dit-oui\/#primaryimage","url":"https:\/\/lasentinelle.dz\/wp-content\/uploads\/2022\/06\/art_urlphoto100078.png","contentUrl":"https:\/\/lasentinelle.dz\/wp-content\/uploads\/2022\/06\/art_urlphoto100078.png","width":1200,"height":900},{"@type":"BreadcrumbList","@id":"https:\/\/lasentinelle.dz\/index.php\/2022\/06\/12\/main-tendue-du-president-de-la-republique-la-classe-politique-dit-oui\/#breadcrumb","itemListElement":[{"@type":"ListItem","position":1,"name":"Accueil","item":"https:\/\/lasentinelle.dz\/"},{"@type":"ListItem","position":2,"name":"Main tendue du Pr\u00e9sident de la R\u00e9publique\u00a0:\u00a0La classe politique dit oui"}]},{"@type":"WebSite","@id":"https:\/\/lasentinelle.dz\/#website","url":"https:\/\/lasentinelle.dz\/","name":"La Sentinelle","description":"Quotidien national d&#039;information","publisher":{"@id":"https:\/\/lasentinelle.dz\/#organization"},"potentialAction":[{"@type":"SearchAction","target":{"@type":"EntryPoint","urlTemplate":"https:\/\/lasentinelle.dz\/?s={search_term_string}"},"query-input":{"@type":"PropertyValueSpecification","valueRequired":true,"valueName":"search_term_string"}}],"inLanguage":"fr-FR"},{"@type":"Organization","@id":"https:\/\/lasentinelle.dz\/#organization","name":"Quotidien La Sentinelle","url":"https:\/\/lasentinelle.dz\/","logo":{"@type":"ImageObject","inLanguage":"fr-FR","@id":"https:\/\/lasentinelle.dz\/#\/schema\/logo\/image\/","url":"https:\/\/lasentinelle.dz\/wp-content\/uploads\/2021\/09\/logo-sentinelleSLOGAN-1.png","contentUrl":"https:\/\/lasentinelle.dz\/wp-content\/uploads\/2021\/09\/logo-sentinelleSLOGAN-1.png","width":615,"height":142,"caption":"Quotidien La Sentinelle"},"image":{"@id":"https:\/\/lasentinelle.dz\/#\/schema\/logo\/image\/"},"sameAs":["https:\/\/www.facebook.com\/La-Sentinelle-104059864394773"]},{"@type":"Person","@id":"https:\/\/lasentinelle.dz\/#\/schema\/person\/d865044e22e70a75174ce8bcad3acfb3","name":"La Sentinelle","image":{"@type":"ImageObject","inLanguage":"fr-FR","@id":"https:\/\/secure.gravatar.com\/avatar\/57de8e5d4b15d43fb361a71fbb36338450fe67865b528a43dd10ef7c51a20392?s=96&d=mm&r=g","url":"https:\/\/secure.gravatar.com\/avatar\/57de8e5d4b15d43fb361a71fbb36338450fe67865b528a43dd10ef7c51a20392?s=96&d=mm&r=g","contentUrl":"https:\/\/secure.gravatar.com\/avatar\/57de8e5d4b15d43fb361a71fbb36338450fe67865b528a43dd10ef7c51a20392?s=96&d=mm&r=g","caption":"La Sentinelle"},"sameAs":["http:\/\/www.lasentinelle.dz"],"url":"https:\/\/lasentinelle.dz\/author\/redaction\/"}]}},"_links":{"self":[{"href":"https:\/\/lasentinelle.dz\/index.php\/wp-json\/wp\/v2\/posts\/22329","targetHints":{"allow":["GET"]}}],"collection":[{"href":"https:\/\/lasentinelle.dz\/index.php\/wp-json\/wp\/v2\/posts"}],"about":[{"href":"https:\/\/lasentinelle.dz\/index.php\/wp-json\/wp\/v2\/types\/post"}],"author":[{"embeddable":true,"href":"https:\/\/lasentinelle.dz\/index.php\/wp-json\/wp\/v2\/users\/3"}],"replies":[{"embeddable":true,"href":"https:\/\/lasentinelle.dz\/index.php\/wp-json\/wp\/v2\/comments?post=22329"}],"version-history":[{"count":1,"href":"https:\/\/lasentinelle.dz\/index.php\/wp-json\/wp\/v2\/posts\/22329\/revisions"}],"predecessor-version":[{"id":22351,"href":"https:\/\/lasentinelle.dz\/index.php\/wp-json\/wp\/v2\/posts\/22329\/revisions\/22351"}],"wp:featuredmedia":[{"embeddable":true,"href":"https:\/\/lasentinelle.dz\/index.php\/wp-json\/wp\/v2\/media\/22350"}],"wp:attachment":[{"href":"https:\/\/lasentinelle.dz\/index.php\/wp-json\/wp\/v2\/media?parent=22329"}],"wp:term":[{"taxonomy":"category","embeddable":true,"href":"https:\/\/lasentinelle.dz\/index.php\/wp-json\/wp\/v2\/categories?post=22329"},{"taxonomy":"post_tag","embeddable":true,"href":"https:\/\/lasentinelle.dz\/index.php\/wp-json\/wp\/v2\/tags?post=22329"}],"curies":[{"name":"wp","href":"https:\/\/api.w.org\/{rel}","templated":true}]}}