{"id":22375,"date":"2022-06-12T00:01:00","date_gmt":"2022-06-11T23:01:00","guid":{"rendered":"https:\/\/lasentinelle.dz\/?p=22375"},"modified":"2022-06-11T21:14:07","modified_gmt":"2022-06-11T20:14:07","slug":"la-politique-de-sanchez-denoncee-par-les-espagnols-la-bevue-diplomatique","status":"publish","type":"post","link":"https:\/\/lasentinelle.dz\/index.php\/2022\/06\/12\/la-politique-de-sanchez-denoncee-par-les-espagnols-la-bevue-diplomatique\/","title":{"rendered":"La politique de Sanchez d\u00e9nonc\u00e9e par les Espagnols\u00a0: La b\u00e9vue diplomatique"},"content":{"rendered":"\n<p>Le premier ministre espagnol, Pedro Sanchez, continue \u00e0 faire l\u2019objet d&rsquo;acerbes&nbsp;critiques<\/p>\n\n\n\n<p>lanc\u00e9es \u00e0 son encontre&nbsp;par&nbsp;des d\u00e9put\u00e9s, des partis politiques,&nbsp;et d\u2019acteurs&nbsp;de la soci\u00e9t\u00e9 civile de la p\u00e9ninsule ib\u00e9rique. La derni\u00e8re remonte \u00e0 hier. Elle a \u00e9man\u00e9 du professeur de relations internationales \u00e0 l&rsquo;Universit\u00e9 Complutense de Madrid (UCM), Isaias Barrenada, qui a tanc\u00e9 aussi bien Sanchez que le ministre espagnol des Affaires \u00e9trang\u00e8res, Jos\u00e9 Manuel Albares, expliquant que \u00able r\u00e9cent changement de position du Premier ministre espagnol, Pedro Sanchez concernant la question sahraouie est une \u00abb\u00e9vue diplomatique\u00bb. S\u2019exprimant \u00e0 travers les colonnes du journal espagnol \u00abPublico\u00bb, Isaias Barrenada a fustig\u00e9&nbsp;&nbsp;les deux hauts responsables en leur expliquant : \u00absoit ils ne connaissent pas les pratiques, soit ils ont eu une attitude arrogante dans la prise de d\u00e9cision, soit ils ont mal calcul\u00e9\u00bb. Signalant que \u00able changement de la position du gouvernement espagnol intervenait dans un contexte marqu\u00e9 par la normalisation des relations entre le Maroc et l&rsquo;entit\u00e9 sioniste\u00bb, le professeur Isaias Barrenada a insist\u00e9 sur \u00ables retomb\u00e9es de la d\u00e9cision de Madrid sur ses relations avec l&rsquo;Alg\u00e9rie\u00bb. \u00abNe pas comprendre que cette d\u00e9cision a des cons\u00e9quences est une b\u00e9vue \u00bb, a-t-il stigmatis\u00e9, ajoutant qu\u2019il s\u2019\u00abagit, d\u2019une erreur&nbsp;&nbsp;grossi\u00e8re de la part de la politique \u00e9trang\u00e8re espagnole\u00bb. Si l\u2019Alg\u00e9rie a d\u00e9cid\u00e9 mercredi de suspendre \u00abimm\u00e9diatement\u00bb le Trait\u00e9 d&rsquo;amiti\u00e9, de bon voisinage et de coop\u00e9ration qu&rsquo;elle a conclu le 8 octobre 2002 avec le Royaume d&rsquo;Espagne, la classe politique n\u2019est pas rest\u00e9e&nbsp;sans r\u00e9agir&nbsp;en endossant cette responsabilit\u00e9&nbsp;au gouvernement espagnol, lui reprochant \u00absa faillite\u00bb. Le parti d\u2019opposition (le parti Populaire) estime que cette suspension est la cons\u00e9quence de l&rsquo;absence d&rsquo;une politique d&rsquo;Etat du c\u00f4t\u00e9 de Madrid, est une tr\u00e8s mauvaise nouvelle pour les Espagnols\u00bb.&nbsp;&nbsp;Le seul r\u00e9sultat du revirement du Premier ministre espagnol, Pedro Sanchez, sur le conflit au Sahara occidental a \u00e9t\u00e9 \u00ab\u00a0la plus grande crise diplomatique avec l&rsquo;un des pays strat\u00e9giques pour l&rsquo;Espagne, qui est l&rsquo;Alg\u00e9rie\u00a0\u00bb, a regrett\u00e9&nbsp;hier&nbsp;le pr\u00e9sident du Parti populaire (PP, opposition), Alberto Nunez Feijoo.&nbsp;\u00ab\u00a0Il (Sanchez) nous a dit qu&rsquo;il avait un accord (avec le Maroc), dont on ignore toujours le contenu, qui allait donner de grands r\u00e9sultats. Cependant, le r\u00e9sultat a \u00e9t\u00e9 la plus grande crise diplomatique avec l&rsquo;un des pays strat\u00e9giques pour l&rsquo;Espagne, qui est l&rsquo;Alg\u00e9rie\u00a0\u00bb, a lanc\u00e9 M. Feijoo dans une allocution lors d&rsquo;un rassemblement \u00e0 Cordoue.&nbsp;Le gouvernement de Sanchez \u00ab\u00a0a port\u00e9 un coup sans pr\u00e9c\u00e9dent \u00e0 la politique \u00e9trang\u00e8re de l&rsquo;Espagne\u00a0\u00bb, a encore critiqu\u00e9 le dirigeant du PP, assurant qu&rsquo;il allait continuer de \u00ab\u00a0dire la v\u00e9rit\u00e9, m\u00eame si c&rsquo;est inconfortable\u00a0\u00bb pour le Premier ministre.&nbsp;Ce dernier \u00ab\u00a0a dit qu&rsquo;il allait r\u00e9gler les probl\u00e8mes avec le Maroc. Non seulement il ne les a pas r\u00e9gl\u00e9s, mais il a g\u00e2ch\u00e9 la relation avec l&rsquo;Alg\u00e9rie\u00a0\u00bb, a ajout\u00e9 le pr\u00e9sident du PP, regrettant que \u00ab\u00a0ce sont les Espagnols qui iront payer les cons\u00e9quences de la mauvaise gestion de la politique \u00e9trang\u00e8re de Sanchez\u00a0\u00bb.<\/p>\n\n\n\n<p><strong>Une mauvaise nouvelle pour les Espagnols<\/strong><\/p>\n\n\n\n<p>Montant au cr\u00e9neau, le Groupe parlementaire du Parti populaire a demand\u00e9 \u00abla comparution au Congr\u00e8s des d\u00e9put\u00e9s du ministre des Affaires \u00e9trang\u00e8res, Jos\u00e9 Manuel Albares, afin qu&rsquo;il s&rsquo;explique au si\u00e8ge du Parlement sur la suspension par l&rsquo;Alg\u00e9rie du Trait\u00e9 d&rsquo;amiti\u00e9 avec l&rsquo;Espagne\u00bb. Pour cette formation politique, cette suspension est \u00ab une tr\u00e8s mauvaise nouvelle pour notre pays et est due \u00e0 l&rsquo;absence d&rsquo;une v\u00e9ritable politique \u00e9trang\u00e8re, ainsi qu&rsquo;aux revirements unilat\u00e9raux du Premier ministre, Pedro Sanchez&nbsp;\u00bb. D\u2019ailleurs, le secr\u00e9taire g\u00e9n\u00e9ral du Parti Populaire, Cuca Gamarra, as\u00e9v\u00e8rement critiqu\u00e9 le premier ministre du gouvernement espagnol. \u00abPedro Sanchez l&rsquo;a encore fait \u00bb, a-t-il d\u00e9plor\u00e9dans un de ses Tweets, soulignant que \u00abl\u2019Alg\u00e9rie rompt le trait\u00e9 de bon voisinage avec l&rsquo;Espagne. Une autre cons\u00e9quence de l&rsquo;absence d\u2019une politique d\u2019Etat\u00bb. Des sources du principal parti d&rsquo;opposition, cit\u00e9es par le tr\u00e8s s\u00e9rieux \u00abEl Mundo\u00bb, assurent que \u00abl\u00e0 o\u00f9 il y a un probl\u00e8me, au lieu de le r\u00e9soudre, Sanchez en g\u00e9n\u00e8re trois\u00bb. La m\u00eame source a expliqu\u00e9 que \u00able gouvernement espagnol a adopt\u00e9 une attitude qui s&rsquo;inscrit en violation de la l\u00e9galit\u00e9 internationale que lui impose son statut de puissance administrante et aux efforts des Nations unies et du nouvel envoy\u00e9 personnel du secr\u00e9taire g\u00e9n\u00e9ral et contribue directement \u00e0 la d\u00e9gradation de la situation au Sahara occidental et dans la r\u00e9gion\u00bb. Lors d\u2019une session du Congr\u00e8s qui \u00e9t\u00e9 consacr\u00e9e \u00e0 tenir Pedro Sanchez, responsable du changement de position de l\u2019Espagne sur le Sahara Occidental, ce dernier avait tent\u00e9 de justifier sa d\u00e9cision.&nbsp;<\/p>\n\n\n\n<p><strong>La Parlement tance Sanchez<\/strong><\/p>\n\n\n\n<p>Mais, elle avait \u00e9t\u00e9 fortement critiqu\u00e9e par la plupart des blocs parlementaires, notamment la d\u00e9t\u00e9rioration des relations avec l\u2019Alg\u00e9rie. La deuxi\u00e8me force politique du pays, repr\u00e9sent\u00e9e par le groupe parlementaire du Parti populaire&nbsp;&nbsp;a estim\u00e9 que \u00abla position de l\u2019Espagne \u00e9tait en dehors du consensus politique\u00bb, une position personnelle du Premier ministre et de son parti au pouvoir, appelant&nbsp;&nbsp;Pedro Sanchez \u00e0&nbsp;arranger \u00ab&nbsp;au plus vite les relations diplomatiques avec l\u2019Alg\u00e9rie, en tant que partenaire \u00e9conomique et politique fiable\u00bb. La troisi\u00e8me force politique de l\u2019Espagne, symbolis\u00e9e par le&nbsp;&nbsp;groupe parlementaire du parti Foxx&nbsp;&nbsp;a fait basculer un nouveau changement de position espagnole, qu\u2019il a d\u00e9crit comme un \u00abchangement circonstanciel avec le prochain gouvernement\u00bb, estimant que \u00ables dommages caus\u00e9s par les relations diplomatiques entre l\u2019Espagne et l\u2019Alg\u00e9rie compromettraient la s\u00e9curit\u00e9 nationale \u00e9nerg\u00e9tique et \u00e9conomique du pays\u00bb. Inversement, les d\u00e9put\u00e9s du groupe parlementaire du Parti uni Podemos ont d\u00e9savou\u00e9 la position de Pedro Sanchez, d\u00e9clarant qu\u2019\u00abil \u00e9tait inacceptable et incompatible avec les r\u00e9solutions du Conseil de s\u00e9curit\u00e9 de l\u2019ONU et de l\u2019ONU\u00bb. Le Pr\u00e9sident du Groupe parlementaire du Parti Ciudadanos a estim\u00e9, lui aussi, que \u00abla position de l\u2019Espagne sur la question du Sahara occidental et les dommages caus\u00e9s aux relations diplomatiques avec l\u2019Alg\u00e9rie, souligne l\u2019\u00e9chec de la politique \u00e9trang\u00e8re de l\u2019Etat espagnol sous le r\u00e8gne du Parti socialiste\u00bb, rappelant que \u00able Parlement espagnol avait rejet\u00e9 le 27 mai la d\u00e9cision du Pr\u00e9sident du Gouvernement Sanchez sur le Sahara Occidental, exigeant un retour au soutien de l\u2019autod\u00e9termination\u00bb. Pedro Sanchez continue \u00e0 faire l\u2019objet d\u2019intenses&nbsp;et&nbsp;acerbes&nbsp;critiques&nbsp;formul\u00e9es \u00e0 son encontre, et pour la troisi\u00e8me fois en deux mois, par le Parlement qui a critiqu\u00e9 le r\u00f4le de Pedro Sanchez, alors que les partis espagnols, y compris le parti de gauche Podemos de la coalition gouvernementale, ont exprim\u00e9 leur rejet de la r\u00e9cente d\u00e9cision du pr\u00e9sident du gouvernement sur le Sahara occidental. Le d\u00e9bat sur le dossier du Sahara Occidental a co\u00efncid\u00e9 avec la d\u00e9couverte d\u2019espionnage \u00e9tranger utilisant le programme sioniste de Pegasus sur des responsables gouvernementaux, y compris Pedro Sanchez lui-m\u00eame, ainsi que la ministre de la D\u00e9fense Margarita Robles et le ministre de l\u2019Int\u00e9rieur Grande Marlaska.<\/p>\n\n\n\n<p><strong>Amar Malki<\/strong><\/p>\n","protected":false},"excerpt":{"rendered":"<p>Le premier ministre espagnol, Pedro Sanchez, continue \u00e0 faire l\u2019objet d&rsquo;acerbes&nbsp;critiques lanc\u00e9es \u00e0 son encontre&nbsp;par&nbsp;des d\u00e9put\u00e9s, des partis politiques,&nbsp;et d\u2019acteurs&nbsp;de<\/p>\n","protected":false},"author":3,"featured_media":22377,"comment_status":"open","ping_status":"closed","sticky":false,"template":"","format":"standard","meta":{"colormag_page_container_layout":"default_layout","colormag_page_sidebar_layout":"default_layout","om_disable_all_campaigns":false,"_monsterinsights_skip_tracking":false,"_monsterinsights_sitenote_active":false,"_monsterinsights_sitenote_note":"","_monsterinsights_sitenote_category":0,"footnotes":"","_wpscppro_dont_share_socialmedia":false,"_wpscppro_custom_social_share_image":0,"_facebook_share_type":"","_twitter_share_type":"","_linkedin_share_type":"","_pinterest_share_type":"","_linkedin_share_type_page":"","_instagram_share_type":"","_medium_share_type":"","_threads_share_type":"","_google_business_share_type":"","_selected_social_profile":[],"_wpsp_enable_custom_social_template":false,"_wpsp_social_scheduling":{"enabled":false,"datetime":null,"platforms":[],"status":"template_only","dateOption":"today","timeOption":"now","customDays":"","customHours":"","customDate":"","customTime":"","schedulingType":"absolute"},"_wpsp_active_default_template":true},"categories":[27],"tags":[],"class_list":["post-22375","post","type-post","status-publish","format-standard","has-post-thumbnail","hentry","category-actualite"],"aioseo_notices":[],"yoast_head":"<!-- This site is optimized with the Yoast SEO plugin v27.5 - https:\/\/yoast.com\/product\/yoast-seo-wordpress\/ -->\n<title>La politique de Sanchez d\u00e9nonc\u00e9e par les Espagnols\u00a0: La b\u00e9vue diplomatique - La Sentinelle<\/title>\n<meta name=\"robots\" content=\"index, follow, max-snippet:-1, max-image-preview:large, max-video-preview:-1\" \/>\n<link rel=\"canonical\" href=\"https:\/\/lasentinelle.dz\/index.php\/2022\/06\/12\/la-politique-de-sanchez-denoncee-par-les-espagnols-la-bevue-diplomatique\/\" \/>\n<meta property=\"og:locale\" content=\"fr_FR\" \/>\n<meta property=\"og:type\" content=\"article\" \/>\n<meta property=\"og:title\" content=\"La politique de Sanchez d\u00e9nonc\u00e9e par les Espagnols\u00a0: La b\u00e9vue diplomatique - La Sentinelle\" \/>\n<meta property=\"og:description\" content=\"Le premier ministre espagnol, Pedro Sanchez, continue \u00e0 faire l\u2019objet d&rsquo;acerbes&nbsp;critiques lanc\u00e9es \u00e0 son encontre&nbsp;par&nbsp;des d\u00e9put\u00e9s, des partis politiques,&nbsp;et d\u2019acteurs&nbsp;de\" \/>\n<meta property=\"og:url\" content=\"https:\/\/lasentinelle.dz\/index.php\/2022\/06\/12\/la-politique-de-sanchez-denoncee-par-les-espagnols-la-bevue-diplomatique\/\" \/>\n<meta property=\"og:site_name\" content=\"La Sentinelle\" \/>\n<meta property=\"article:publisher\" content=\"https:\/\/www.facebook.com\/La-Sentinelle-104059864394773\" \/>\n<meta property=\"article:published_time\" content=\"2022-06-11T23:01:00+00:00\" \/>\n<meta property=\"og:image\" content=\"https:\/\/lasentinelle.dz\/wp-content\/uploads\/2022\/06\/phpfaHmAX.jpg\" \/>\n\t<meta property=\"og:image:width\" content=\"752\" \/>\n\t<meta property=\"og:image:height\" content=\"423\" \/>\n\t<meta property=\"og:image:type\" content=\"image\/jpeg\" \/>\n<meta name=\"author\" content=\"La Sentinelle\" \/>\n<meta name=\"twitter:card\" content=\"summary_large_image\" \/>\n<meta name=\"twitter:label1\" content=\"\u00c9crit par\" \/>\n\t<meta name=\"twitter:data1\" content=\"La Sentinelle\" \/>\n\t<meta name=\"twitter:label2\" content=\"Dur\u00e9e de lecture estim\u00e9e\" \/>\n\t<meta name=\"twitter:data2\" content=\"6 minutes\" \/>\n<script type=\"application\/ld+json\" class=\"yoast-schema-graph\">{\"@context\":\"https:\\\/\\\/schema.org\",\"@graph\":[{\"@type\":\"Article\",\"@id\":\"https:\\\/\\\/lasentinelle.dz\\\/index.php\\\/2022\\\/06\\\/12\\\/la-politique-de-sanchez-denoncee-par-les-espagnols-la-bevue-diplomatique\\\/#article\",\"isPartOf\":{\"@id\":\"https:\\\/\\\/lasentinelle.dz\\\/index.php\\\/2022\\\/06\\\/12\\\/la-politique-de-sanchez-denoncee-par-les-espagnols-la-bevue-diplomatique\\\/\"},\"author\":{\"name\":\"La Sentinelle\",\"@id\":\"https:\\\/\\\/lasentinelle.dz\\\/#\\\/schema\\\/person\\\/d865044e22e70a75174ce8bcad3acfb3\"},\"headline\":\"La politique de Sanchez d\u00e9nonc\u00e9e par les Espagnols\u00a0: La b\u00e9vue diplomatique\",\"datePublished\":\"2022-06-11T23:01:00+00:00\",\"mainEntityOfPage\":{\"@id\":\"https:\\\/\\\/lasentinelle.dz\\\/index.php\\\/2022\\\/06\\\/12\\\/la-politique-de-sanchez-denoncee-par-les-espagnols-la-bevue-diplomatique\\\/\"},\"wordCount\":1322,\"commentCount\":0,\"publisher\":{\"@id\":\"https:\\\/\\\/lasentinelle.dz\\\/#organization\"},\"image\":{\"@id\":\"https:\\\/\\\/lasentinelle.dz\\\/index.php\\\/2022\\\/06\\\/12\\\/la-politique-de-sanchez-denoncee-par-les-espagnols-la-bevue-diplomatique\\\/#primaryimage\"},\"thumbnailUrl\":\"https:\\\/\\\/lasentinelle.dz\\\/wp-content\\\/uploads\\\/2022\\\/06\\\/phpfaHmAX.jpg\",\"articleSection\":[\"Actualit\u00e9\"],\"inLanguage\":\"fr-FR\",\"potentialAction\":[{\"@type\":\"CommentAction\",\"name\":\"Comment\",\"target\":[\"https:\\\/\\\/lasentinelle.dz\\\/index.php\\\/2022\\\/06\\\/12\\\/la-politique-de-sanchez-denoncee-par-les-espagnols-la-bevue-diplomatique\\\/#respond\"]}]},{\"@type\":\"WebPage\",\"@id\":\"https:\\\/\\\/lasentinelle.dz\\\/index.php\\\/2022\\\/06\\\/12\\\/la-politique-de-sanchez-denoncee-par-les-espagnols-la-bevue-diplomatique\\\/\",\"url\":\"https:\\\/\\\/lasentinelle.dz\\\/index.php\\\/2022\\\/06\\\/12\\\/la-politique-de-sanchez-denoncee-par-les-espagnols-la-bevue-diplomatique\\\/\",\"name\":\"La politique de Sanchez d\u00e9nonc\u00e9e par les Espagnols\u00a0: La b\u00e9vue diplomatique - La Sentinelle\",\"isPartOf\":{\"@id\":\"https:\\\/\\\/lasentinelle.dz\\\/#website\"},\"primaryImageOfPage\":{\"@id\":\"https:\\\/\\\/lasentinelle.dz\\\/index.php\\\/2022\\\/06\\\/12\\\/la-politique-de-sanchez-denoncee-par-les-espagnols-la-bevue-diplomatique\\\/#primaryimage\"},\"image\":{\"@id\":\"https:\\\/\\\/lasentinelle.dz\\\/index.php\\\/2022\\\/06\\\/12\\\/la-politique-de-sanchez-denoncee-par-les-espagnols-la-bevue-diplomatique\\\/#primaryimage\"},\"thumbnailUrl\":\"https:\\\/\\\/lasentinelle.dz\\\/wp-content\\\/uploads\\\/2022\\\/06\\\/phpfaHmAX.jpg\",\"datePublished\":\"2022-06-11T23:01:00+00:00\",\"breadcrumb\":{\"@id\":\"https:\\\/\\\/lasentinelle.dz\\\/index.php\\\/2022\\\/06\\\/12\\\/la-politique-de-sanchez-denoncee-par-les-espagnols-la-bevue-diplomatique\\\/#breadcrumb\"},\"inLanguage\":\"fr-FR\",\"potentialAction\":[{\"@type\":\"ReadAction\",\"target\":[\"https:\\\/\\\/lasentinelle.dz\\\/index.php\\\/2022\\\/06\\\/12\\\/la-politique-de-sanchez-denoncee-par-les-espagnols-la-bevue-diplomatique\\\/\"]}]},{\"@type\":\"ImageObject\",\"inLanguage\":\"fr-FR\",\"@id\":\"https:\\\/\\\/lasentinelle.dz\\\/index.php\\\/2022\\\/06\\\/12\\\/la-politique-de-sanchez-denoncee-par-les-espagnols-la-bevue-diplomatique\\\/#primaryimage\",\"url\":\"https:\\\/\\\/lasentinelle.dz\\\/wp-content\\\/uploads\\\/2022\\\/06\\\/phpfaHmAX.jpg\",\"contentUrl\":\"https:\\\/\\\/lasentinelle.dz\\\/wp-content\\\/uploads\\\/2022\\\/06\\\/phpfaHmAX.jpg\",\"width\":752,\"height\":423},{\"@type\":\"BreadcrumbList\",\"@id\":\"https:\\\/\\\/lasentinelle.dz\\\/index.php\\\/2022\\\/06\\\/12\\\/la-politique-de-sanchez-denoncee-par-les-espagnols-la-bevue-diplomatique\\\/#breadcrumb\",\"itemListElement\":[{\"@type\":\"ListItem\",\"position\":1,\"name\":\"Accueil\",\"item\":\"https:\\\/\\\/lasentinelle.dz\\\/\"},{\"@type\":\"ListItem\",\"position\":2,\"name\":\"La politique de Sanchez d\u00e9nonc\u00e9e par les Espagnols\u00a0: La b\u00e9vue diplomatique\"}]},{\"@type\":\"WebSite\",\"@id\":\"https:\\\/\\\/lasentinelle.dz\\\/#website\",\"url\":\"https:\\\/\\\/lasentinelle.dz\\\/\",\"name\":\"La Sentinelle\",\"description\":\"Quotidien national d&#039;information\",\"publisher\":{\"@id\":\"https:\\\/\\\/lasentinelle.dz\\\/#organization\"},\"potentialAction\":[{\"@type\":\"SearchAction\",\"target\":{\"@type\":\"EntryPoint\",\"urlTemplate\":\"https:\\\/\\\/lasentinelle.dz\\\/?s={search_term_string}\"},\"query-input\":{\"@type\":\"PropertyValueSpecification\",\"valueRequired\":true,\"valueName\":\"search_term_string\"}}],\"inLanguage\":\"fr-FR\"},{\"@type\":\"Organization\",\"@id\":\"https:\\\/\\\/lasentinelle.dz\\\/#organization\",\"name\":\"Quotidien La Sentinelle\",\"url\":\"https:\\\/\\\/lasentinelle.dz\\\/\",\"logo\":{\"@type\":\"ImageObject\",\"inLanguage\":\"fr-FR\",\"@id\":\"https:\\\/\\\/lasentinelle.dz\\\/#\\\/schema\\\/logo\\\/image\\\/\",\"url\":\"https:\\\/\\\/lasentinelle.dz\\\/wp-content\\\/uploads\\\/2021\\\/09\\\/logo-sentinelleSLOGAN-1.png\",\"contentUrl\":\"https:\\\/\\\/lasentinelle.dz\\\/wp-content\\\/uploads\\\/2021\\\/09\\\/logo-sentinelleSLOGAN-1.png\",\"width\":615,\"height\":142,\"caption\":\"Quotidien La Sentinelle\"},\"image\":{\"@id\":\"https:\\\/\\\/lasentinelle.dz\\\/#\\\/schema\\\/logo\\\/image\\\/\"},\"sameAs\":[\"https:\\\/\\\/www.facebook.com\\\/La-Sentinelle-104059864394773\"]},{\"@type\":\"Person\",\"@id\":\"https:\\\/\\\/lasentinelle.dz\\\/#\\\/schema\\\/person\\\/d865044e22e70a75174ce8bcad3acfb3\",\"name\":\"La Sentinelle\",\"image\":{\"@type\":\"ImageObject\",\"inLanguage\":\"fr-FR\",\"@id\":\"https:\\\/\\\/secure.gravatar.com\\\/avatar\\\/57de8e5d4b15d43fb361a71fbb36338450fe67865b528a43dd10ef7c51a20392?s=96&d=mm&r=g\",\"url\":\"https:\\\/\\\/secure.gravatar.com\\\/avatar\\\/57de8e5d4b15d43fb361a71fbb36338450fe67865b528a43dd10ef7c51a20392?s=96&d=mm&r=g\",\"contentUrl\":\"https:\\\/\\\/secure.gravatar.com\\\/avatar\\\/57de8e5d4b15d43fb361a71fbb36338450fe67865b528a43dd10ef7c51a20392?s=96&d=mm&r=g\",\"caption\":\"La Sentinelle\"},\"sameAs\":[\"http:\\\/\\\/www.lasentinelle.dz\"],\"url\":\"https:\\\/\\\/lasentinelle.dz\\\/author\\\/redaction\\\/\"}]}<\/script>\n<!-- \/ Yoast SEO plugin. -->","yoast_head_json":{"title":"La politique de Sanchez d\u00e9nonc\u00e9e par les Espagnols\u00a0: La b\u00e9vue diplomatique - La Sentinelle","robots":{"index":"index","follow":"follow","max-snippet":"max-snippet:-1","max-image-preview":"max-image-preview:large","max-video-preview":"max-video-preview:-1"},"canonical":"https:\/\/lasentinelle.dz\/index.php\/2022\/06\/12\/la-politique-de-sanchez-denoncee-par-les-espagnols-la-bevue-diplomatique\/","og_locale":"fr_FR","og_type":"article","og_title":"La politique de Sanchez d\u00e9nonc\u00e9e par les Espagnols\u00a0: La b\u00e9vue diplomatique - La Sentinelle","og_description":"Le premier ministre espagnol, Pedro Sanchez, continue \u00e0 faire l\u2019objet d&rsquo;acerbes&nbsp;critiques lanc\u00e9es \u00e0 son encontre&nbsp;par&nbsp;des d\u00e9put\u00e9s, des partis politiques,&nbsp;et d\u2019acteurs&nbsp;de","og_url":"https:\/\/lasentinelle.dz\/index.php\/2022\/06\/12\/la-politique-de-sanchez-denoncee-par-les-espagnols-la-bevue-diplomatique\/","og_site_name":"La Sentinelle","article_publisher":"https:\/\/www.facebook.com\/La-Sentinelle-104059864394773","article_published_time":"2022-06-11T23:01:00+00:00","og_image":[{"width":752,"height":423,"url":"https:\/\/lasentinelle.dz\/wp-content\/uploads\/2022\/06\/phpfaHmAX.jpg","type":"image\/jpeg"}],"author":"La Sentinelle","twitter_card":"summary_large_image","twitter_misc":{"\u00c9crit par":"La Sentinelle","Dur\u00e9e de lecture estim\u00e9e":"6 minutes"},"schema":{"@context":"https:\/\/schema.org","@graph":[{"@type":"Article","@id":"https:\/\/lasentinelle.dz\/index.php\/2022\/06\/12\/la-politique-de-sanchez-denoncee-par-les-espagnols-la-bevue-diplomatique\/#article","isPartOf":{"@id":"https:\/\/lasentinelle.dz\/index.php\/2022\/06\/12\/la-politique-de-sanchez-denoncee-par-les-espagnols-la-bevue-diplomatique\/"},"author":{"name":"La Sentinelle","@id":"https:\/\/lasentinelle.dz\/#\/schema\/person\/d865044e22e70a75174ce8bcad3acfb3"},"headline":"La politique de Sanchez d\u00e9nonc\u00e9e par les Espagnols\u00a0: La b\u00e9vue diplomatique","datePublished":"2022-06-11T23:01:00+00:00","mainEntityOfPage":{"@id":"https:\/\/lasentinelle.dz\/index.php\/2022\/06\/12\/la-politique-de-sanchez-denoncee-par-les-espagnols-la-bevue-diplomatique\/"},"wordCount":1322,"commentCount":0,"publisher":{"@id":"https:\/\/lasentinelle.dz\/#organization"},"image":{"@id":"https:\/\/lasentinelle.dz\/index.php\/2022\/06\/12\/la-politique-de-sanchez-denoncee-par-les-espagnols-la-bevue-diplomatique\/#primaryimage"},"thumbnailUrl":"https:\/\/lasentinelle.dz\/wp-content\/uploads\/2022\/06\/phpfaHmAX.jpg","articleSection":["Actualit\u00e9"],"inLanguage":"fr-FR","potentialAction":[{"@type":"CommentAction","name":"Comment","target":["https:\/\/lasentinelle.dz\/index.php\/2022\/06\/12\/la-politique-de-sanchez-denoncee-par-les-espagnols-la-bevue-diplomatique\/#respond"]}]},{"@type":"WebPage","@id":"https:\/\/lasentinelle.dz\/index.php\/2022\/06\/12\/la-politique-de-sanchez-denoncee-par-les-espagnols-la-bevue-diplomatique\/","url":"https:\/\/lasentinelle.dz\/index.php\/2022\/06\/12\/la-politique-de-sanchez-denoncee-par-les-espagnols-la-bevue-diplomatique\/","name":"La politique de Sanchez d\u00e9nonc\u00e9e par les Espagnols\u00a0: La b\u00e9vue diplomatique - La Sentinelle","isPartOf":{"@id":"https:\/\/lasentinelle.dz\/#website"},"primaryImageOfPage":{"@id":"https:\/\/lasentinelle.dz\/index.php\/2022\/06\/12\/la-politique-de-sanchez-denoncee-par-les-espagnols-la-bevue-diplomatique\/#primaryimage"},"image":{"@id":"https:\/\/lasentinelle.dz\/index.php\/2022\/06\/12\/la-politique-de-sanchez-denoncee-par-les-espagnols-la-bevue-diplomatique\/#primaryimage"},"thumbnailUrl":"https:\/\/lasentinelle.dz\/wp-content\/uploads\/2022\/06\/phpfaHmAX.jpg","datePublished":"2022-06-11T23:01:00+00:00","breadcrumb":{"@id":"https:\/\/lasentinelle.dz\/index.php\/2022\/06\/12\/la-politique-de-sanchez-denoncee-par-les-espagnols-la-bevue-diplomatique\/#breadcrumb"},"inLanguage":"fr-FR","potentialAction":[{"@type":"ReadAction","target":["https:\/\/lasentinelle.dz\/index.php\/2022\/06\/12\/la-politique-de-sanchez-denoncee-par-les-espagnols-la-bevue-diplomatique\/"]}]},{"@type":"ImageObject","inLanguage":"fr-FR","@id":"https:\/\/lasentinelle.dz\/index.php\/2022\/06\/12\/la-politique-de-sanchez-denoncee-par-les-espagnols-la-bevue-diplomatique\/#primaryimage","url":"https:\/\/lasentinelle.dz\/wp-content\/uploads\/2022\/06\/phpfaHmAX.jpg","contentUrl":"https:\/\/lasentinelle.dz\/wp-content\/uploads\/2022\/06\/phpfaHmAX.jpg","width":752,"height":423},{"@type":"BreadcrumbList","@id":"https:\/\/lasentinelle.dz\/index.php\/2022\/06\/12\/la-politique-de-sanchez-denoncee-par-les-espagnols-la-bevue-diplomatique\/#breadcrumb","itemListElement":[{"@type":"ListItem","position":1,"name":"Accueil","item":"https:\/\/lasentinelle.dz\/"},{"@type":"ListItem","position":2,"name":"La politique de Sanchez d\u00e9nonc\u00e9e par les Espagnols\u00a0: La b\u00e9vue diplomatique"}]},{"@type":"WebSite","@id":"https:\/\/lasentinelle.dz\/#website","url":"https:\/\/lasentinelle.dz\/","name":"La Sentinelle","description":"Quotidien national d&#039;information","publisher":{"@id":"https:\/\/lasentinelle.dz\/#organization"},"potentialAction":[{"@type":"SearchAction","target":{"@type":"EntryPoint","urlTemplate":"https:\/\/lasentinelle.dz\/?s={search_term_string}"},"query-input":{"@type":"PropertyValueSpecification","valueRequired":true,"valueName":"search_term_string"}}],"inLanguage":"fr-FR"},{"@type":"Organization","@id":"https:\/\/lasentinelle.dz\/#organization","name":"Quotidien La Sentinelle","url":"https:\/\/lasentinelle.dz\/","logo":{"@type":"ImageObject","inLanguage":"fr-FR","@id":"https:\/\/lasentinelle.dz\/#\/schema\/logo\/image\/","url":"https:\/\/lasentinelle.dz\/wp-content\/uploads\/2021\/09\/logo-sentinelleSLOGAN-1.png","contentUrl":"https:\/\/lasentinelle.dz\/wp-content\/uploads\/2021\/09\/logo-sentinelleSLOGAN-1.png","width":615,"height":142,"caption":"Quotidien La Sentinelle"},"image":{"@id":"https:\/\/lasentinelle.dz\/#\/schema\/logo\/image\/"},"sameAs":["https:\/\/www.facebook.com\/La-Sentinelle-104059864394773"]},{"@type":"Person","@id":"https:\/\/lasentinelle.dz\/#\/schema\/person\/d865044e22e70a75174ce8bcad3acfb3","name":"La Sentinelle","image":{"@type":"ImageObject","inLanguage":"fr-FR","@id":"https:\/\/secure.gravatar.com\/avatar\/57de8e5d4b15d43fb361a71fbb36338450fe67865b528a43dd10ef7c51a20392?s=96&d=mm&r=g","url":"https:\/\/secure.gravatar.com\/avatar\/57de8e5d4b15d43fb361a71fbb36338450fe67865b528a43dd10ef7c51a20392?s=96&d=mm&r=g","contentUrl":"https:\/\/secure.gravatar.com\/avatar\/57de8e5d4b15d43fb361a71fbb36338450fe67865b528a43dd10ef7c51a20392?s=96&d=mm&r=g","caption":"La Sentinelle"},"sameAs":["http:\/\/www.lasentinelle.dz"],"url":"https:\/\/lasentinelle.dz\/author\/redaction\/"}]}},"_links":{"self":[{"href":"https:\/\/lasentinelle.dz\/index.php\/wp-json\/wp\/v2\/posts\/22375","targetHints":{"allow":["GET"]}}],"collection":[{"href":"https:\/\/lasentinelle.dz\/index.php\/wp-json\/wp\/v2\/posts"}],"about":[{"href":"https:\/\/lasentinelle.dz\/index.php\/wp-json\/wp\/v2\/types\/post"}],"author":[{"embeddable":true,"href":"https:\/\/lasentinelle.dz\/index.php\/wp-json\/wp\/v2\/users\/3"}],"replies":[{"embeddable":true,"href":"https:\/\/lasentinelle.dz\/index.php\/wp-json\/wp\/v2\/comments?post=22375"}],"version-history":[{"count":1,"href":"https:\/\/lasentinelle.dz\/index.php\/wp-json\/wp\/v2\/posts\/22375\/revisions"}],"predecessor-version":[{"id":22378,"href":"https:\/\/lasentinelle.dz\/index.php\/wp-json\/wp\/v2\/posts\/22375\/revisions\/22378"}],"wp:featuredmedia":[{"embeddable":true,"href":"https:\/\/lasentinelle.dz\/index.php\/wp-json\/wp\/v2\/media\/22377"}],"wp:attachment":[{"href":"https:\/\/lasentinelle.dz\/index.php\/wp-json\/wp\/v2\/media?parent=22375"}],"wp:term":[{"taxonomy":"category","embeddable":true,"href":"https:\/\/lasentinelle.dz\/index.php\/wp-json\/wp\/v2\/categories?post=22375"},{"taxonomy":"post_tag","embeddable":true,"href":"https:\/\/lasentinelle.dz\/index.php\/wp-json\/wp\/v2\/tags?post=22375"}],"curies":[{"name":"wp","href":"https:\/\/api.w.org\/{rel}","templated":true}]}}