{"id":22387,"date":"2022-06-13T00:05:00","date_gmt":"2022-06-12T23:05:00","guid":{"rendered":"https:\/\/lasentinelle.dz\/?p=22387"},"modified":"2022-06-12T20:32:27","modified_gmt":"2022-06-12T19:32:27","slug":"espionnage-par-le-makhzen-tensions-diplomatiques-avec-lalgerie-et-revirement-sur-le-sahara-occidental-sanchez-somme-de-rendre-des-comptes","status":"publish","type":"post","link":"https:\/\/lasentinelle.dz\/index.php\/2022\/06\/13\/espionnage-par-le-makhzen-tensions-diplomatiques-avec-lalgerie-et-revirement-sur-le-sahara-occidental-sanchez-somme-de-rendre-des-comptes\/","title":{"rendered":"Espionnage par le Makhzen, tensions diplomatiques avec l\u2019Alg\u00e9rie et revirement sur le Sahara occidental\u00a0: Sanchez somm\u00e9 de rendre des comptes\u00a0!"},"content":{"rendered":"\n<p>Le Gouvernement de Pedro Sanchez est sur la sellette. Les agissements de Pedro Sanchez, qui ont induit de grandes tensions entre l\u2019Alg\u00e9rie et l\u2019Espagne, inqui\u00e8tent au plus haut point la classe politique espagnole.&nbsp;<\/p>\n\n\n\n<p>Le Parlement espagnol exige des comptes \u00e0 Sanchez sur l\u2019espionnage dont il a \u00e9t\u00e9 la cible lui et son gouvernement par le biais du logiciel isra\u00e9lien Pegasus. Ils s\u2019interrogent sur les donn\u00e9es vol\u00e9es, dans ce contexte, par le Makhzen, et le rapport que cette affaire a avec le dernier revirement sur la question du Sahara occidental et les tensions diplomatiques avec l\u2019Alg\u00e9rie. Cependant, Sanchez se mure dans le silence. Un silence qui lui vaut des critiques acerbes de la classe politique qui l\u2019accuse de mener une politique qui va \u00e0 l\u2019encontre des int\u00e9r\u00eats de l\u2019Espagne et la menace. D\u2019ailleurs,&nbsp;la dirigeante du parti politique espagnol Ciudadanos (parti des citoyens), In\u00e9s Arrimadas&nbsp;a accus\u00e9 Sanchez d\u2019\u00eatre \u00ab&nbsp;un danger public\u00bb. Dans une interview publi\u00e9e&nbsp;&nbsp;hier par \u00abLa Razon (la Raison)\u00bb, la dirigeante du parti politique espagnol Ciudadanos a rappel\u00e9 les r\u00e8gles \u00e0 observer en tant que d\u00e9cideur, notamment en ce qui concerne les questions li\u00e9es \u00e0 la diplomatie \u00e9trang\u00e8re. \u00abLa politique \u00e9trang\u00e8re d&rsquo;un pays est quelque chose qui n&rsquo;appartient pas \u00e0 un pr\u00e9sident du gouvernement\u00bb, a-t-elle rappel\u00e9. Car, a-t-elle soulign\u00e9, \u00abil s\u2019agit de l&rsquo;image de l&rsquo;Espagne\u00bb. \u00abCela peut avoir des cons\u00e9quences g\u00e9opolitiques tr\u00e8s graves\u00bb, a-t-elle expliqu\u00e9. \u00abLes cons\u00e9quences du revirement de Pedro Sanchez dans le dossier sahraoui et les dommages caus\u00e9s par son gouvernement, dureront dans le temps, m\u00eame apr\u00e8s le d\u00e9part de celui-ci \u00bb, a-t-elle averti. Sanchez est en perte de terrain. Il est de plus en plus isol\u00e9. La classe politique&nbsp;espagnole&nbsp;affiche son m\u00e9contentement.&nbsp;&nbsp;<\/p>\n\n\n\n<p><strong>Le prix d\u2019une mauvaise gestion<\/strong><\/p>\n\n\n\n<p>Samedi, le pr\u00e9sident du Parti populaire (PP, opposition), Alberto Nunez Feijoo, a indiqu\u00e9 que \u00able seul r\u00e9sultat du revirement du Premier ministre espagnol concernant le conflit au Sahara occidental, est la plus grande crise diplomatique avec l&rsquo;un des pays strat\u00e9giques pour l&rsquo;Espagne, qui est l&rsquo;Alg\u00e9rie\u00bb. D\u2019un ton acerbe, il a critiqu\u00e9 le gouvernement de Sanchez et lui impute la responsabilit\u00e9 \u00abd\u2019avoir port\u00e9 un coup sans pr\u00e9c\u00e9dent \u00e0 la politique \u00e9trang\u00e8re de l&rsquo;Espagne \u00bb, regrettant que \u00abce sont les Espagnols qui iront payer les cons\u00e9quences de cette mauvaise gestion\u00bb.&nbsp;<\/p>\n\n\n\n<p>Le Figaro&nbsp;&nbsp;a r\u00e9cemment estim\u00e9 que la convocation de \u00ab&nbsp;&nbsp;de Sanchez au Parlement avait mis en \u00e9vidence&nbsp;son isolement profond. Son seul soutien \u00e0 ce sujet est sa formation politique, le Parti socialiste espagnol, force parlementaire, mais sans majorit\u00e9 absolue&nbsp;\u00bb. La Gauche radicale, UNIDAS Podemos (l\u2019Unit\u00e9) qui participe au gouvernement de Sanchez avec cinq portefeuilles minist\u00e9riels, a vivement r\u00e9agi en l\u00e2chant&nbsp;Sanchez,&nbsp;manifestant par l\u00e0 m\u00eame son enti\u00e8re \u00absolidarit\u00e9 avec les Sahraouis, conform\u00e9ment aux traditions politiques de la Gauche espagnole\u00bb. Le porte-parole du parti, Pablo Eshenik, a&nbsp;point\u00e9 du doigt&nbsp;le Maroc,&nbsp;le qualifiant de&nbsp;\u00abpuissance occupante\u00bb, tout en soutenant que \u00able peuple sahraoui \u00e9tait le peuple&nbsp;agress\u00e9\u00bb,&nbsp;&nbsp;et appel\u00e9 \u00ab\u00e0 la n\u00e9cessit\u00e9 de d\u00e9fendre la position du peuple&nbsp;agress\u00e9\u00bb. \u00abC\u2019est aussi la position des Nations unies\u00bb, a-t-il rappel\u00e9. Le Figaro a&nbsp;\u00e9galement soulign\u00e9 que Sanchez est au c\u0153ur des critiques de l\u2019ensemble des partis de la droite espagnole. La porte-parole du Parti populaire, Coca Gamarra, a estim\u00e9 que \u00abce que Pedro Sanchez a&nbsp;pris comme d\u00e9cision&nbsp;n\u2019\u00e9tait pas la position du gouvernement, mais le point de vue de la personne dirigeant&nbsp;une&nbsp;partie du gouvernement, en disant que ce dernier n\u2019avait ni le soutien ni le mandat pour changer la position de l\u2019Espagne sur la question du Sahara Occidental\u00bb. D\u00e9sormais, Pedro Sanchez est&nbsp;aussi somm\u00e9 de&nbsp;s\u2019expliquer et d\u00e9noncer&nbsp;le chantage et l\u2019espionnage&nbsp;marocains.&nbsp;Jeudi, le Parti populaire espagnol l\u2019a appel\u00e9 \u00e0 reconna\u00eetre qu\u2019il avait \u00e9t\u00e9 victime de chantage par les services de renseignement marocains, plut\u00f4t que de justifier sa d\u00e9cision sur la question de la d\u00e9colonisation au Sahara Occidental. \u00ab<\/p>\n\n\n\n<p><strong>Amar Malki<\/strong><\/p>\n","protected":false},"excerpt":{"rendered":"<p>Le Gouvernement de Pedro Sanchez est sur la sellette. Les agissements de Pedro Sanchez, qui ont induit de grandes tensions<\/p>\n","protected":false},"author":3,"featured_media":22402,"comment_status":"open","ping_status":"closed","sticky":false,"template":"","format":"standard","meta":{"colormag_page_container_layout":"default_layout","colormag_page_sidebar_layout":"default_layout","om_disable_all_campaigns":false,"_monsterinsights_skip_tracking":false,"_monsterinsights_sitenote_active":false,"_monsterinsights_sitenote_note":"","_monsterinsights_sitenote_category":0,"footnotes":"","_wpscppro_dont_share_socialmedia":false,"_wpscppro_custom_social_share_image":0,"_facebook_share_type":"","_twitter_share_type":"","_linkedin_share_type":"","_pinterest_share_type":"","_linkedin_share_type_page":"","_instagram_share_type":"","_medium_share_type":"","_threads_share_type":"","_google_business_share_type":"","_selected_social_profile":[],"_wpsp_enable_custom_social_template":false,"_wpsp_social_scheduling":{"enabled":false,"datetime":null,"platforms":[],"status":"template_only","dateOption":"today","timeOption":"now","customDays":"","customHours":"","customDate":"","customTime":"","schedulingType":"absolute"},"_wpsp_active_default_template":true},"categories":[52,27],"tags":[],"class_list":["post-22387","post","type-post","status-publish","format-standard","has-post-thumbnail","hentry","category-a-la-une","category-actualite"],"aioseo_notices":[],"yoast_head":"<!-- This site is optimized with the Yoast SEO plugin v27.5 - https:\/\/yoast.com\/product\/yoast-seo-wordpress\/ -->\n<title>Espionnage par le Makhzen, tensions diplomatiques avec l\u2019Alg\u00e9rie et revirement sur le Sahara occidental\u00a0: Sanchez somm\u00e9 de rendre des comptes\u00a0! - La Sentinelle<\/title>\n<meta name=\"robots\" content=\"index, follow, max-snippet:-1, max-image-preview:large, max-video-preview:-1\" \/>\n<link rel=\"canonical\" href=\"https:\/\/lasentinelle.dz\/index.php\/2022\/06\/13\/espionnage-par-le-makhzen-tensions-diplomatiques-avec-lalgerie-et-revirement-sur-le-sahara-occidental-sanchez-somme-de-rendre-des-comptes\/\" \/>\n<meta property=\"og:locale\" content=\"fr_FR\" \/>\n<meta property=\"og:type\" content=\"article\" \/>\n<meta property=\"og:title\" content=\"Espionnage par le Makhzen, tensions diplomatiques avec l\u2019Alg\u00e9rie et revirement sur le Sahara occidental\u00a0: Sanchez somm\u00e9 de rendre des comptes\u00a0! - La Sentinelle\" \/>\n<meta property=\"og:description\" content=\"Le Gouvernement de Pedro Sanchez est sur la sellette. Les agissements de Pedro Sanchez, qui ont induit de grandes tensions\" \/>\n<meta property=\"og:url\" content=\"https:\/\/lasentinelle.dz\/index.php\/2022\/06\/13\/espionnage-par-le-makhzen-tensions-diplomatiques-avec-lalgerie-et-revirement-sur-le-sahara-occidental-sanchez-somme-de-rendre-des-comptes\/\" \/>\n<meta property=\"og:site_name\" content=\"La Sentinelle\" \/>\n<meta property=\"article:publisher\" content=\"https:\/\/www.facebook.com\/La-Sentinelle-104059864394773\" \/>\n<meta property=\"article:published_time\" content=\"2022-06-12T23:05:00+00:00\" \/>\n<meta property=\"og:image\" content=\"https:\/\/lasentinelle.dz\/wp-content\/uploads\/2022\/06\/sanchez.png\" \/>\n\t<meta property=\"og:image:width\" content=\"1600\" \/>\n\t<meta property=\"og:image:height\" content=\"900\" \/>\n\t<meta property=\"og:image:type\" content=\"image\/png\" \/>\n<meta name=\"author\" content=\"La Sentinelle\" \/>\n<meta name=\"twitter:card\" content=\"summary_large_image\" \/>\n<meta name=\"twitter:label1\" content=\"\u00c9crit par\" \/>\n\t<meta name=\"twitter:data1\" content=\"La Sentinelle\" \/>\n\t<meta name=\"twitter:label2\" content=\"Dur\u00e9e de lecture estim\u00e9e\" \/>\n\t<meta name=\"twitter:data2\" content=\"4 minutes\" \/>\n<script type=\"application\/ld+json\" class=\"yoast-schema-graph\">{\"@context\":\"https:\\\/\\\/schema.org\",\"@graph\":[{\"@type\":\"Article\",\"@id\":\"https:\\\/\\\/lasentinelle.dz\\\/index.php\\\/2022\\\/06\\\/13\\\/espionnage-par-le-makhzen-tensions-diplomatiques-avec-lalgerie-et-revirement-sur-le-sahara-occidental-sanchez-somme-de-rendre-des-comptes\\\/#article\",\"isPartOf\":{\"@id\":\"https:\\\/\\\/lasentinelle.dz\\\/index.php\\\/2022\\\/06\\\/13\\\/espionnage-par-le-makhzen-tensions-diplomatiques-avec-lalgerie-et-revirement-sur-le-sahara-occidental-sanchez-somme-de-rendre-des-comptes\\\/\"},\"author\":{\"name\":\"La Sentinelle\",\"@id\":\"https:\\\/\\\/lasentinelle.dz\\\/#\\\/schema\\\/person\\\/d865044e22e70a75174ce8bcad3acfb3\"},\"headline\":\"Espionnage par le Makhzen, tensions diplomatiques avec l\u2019Alg\u00e9rie et revirement sur le Sahara occidental\u00a0: Sanchez somm\u00e9 de rendre des comptes\u00a0!\",\"datePublished\":\"2022-06-12T23:05:00+00:00\",\"mainEntityOfPage\":{\"@id\":\"https:\\\/\\\/lasentinelle.dz\\\/index.php\\\/2022\\\/06\\\/13\\\/espionnage-par-le-makhzen-tensions-diplomatiques-avec-lalgerie-et-revirement-sur-le-sahara-occidental-sanchez-somme-de-rendre-des-comptes\\\/\"},\"wordCount\":764,\"commentCount\":1,\"publisher\":{\"@id\":\"https:\\\/\\\/lasentinelle.dz\\\/#organization\"},\"image\":{\"@id\":\"https:\\\/\\\/lasentinelle.dz\\\/index.php\\\/2022\\\/06\\\/13\\\/espionnage-par-le-makhzen-tensions-diplomatiques-avec-lalgerie-et-revirement-sur-le-sahara-occidental-sanchez-somme-de-rendre-des-comptes\\\/#primaryimage\"},\"thumbnailUrl\":\"https:\\\/\\\/lasentinelle.dz\\\/wp-content\\\/uploads\\\/2022\\\/06\\\/sanchez.png\",\"articleSection\":[\"\u00c0 la Une\",\"Actualit\u00e9\"],\"inLanguage\":\"fr-FR\",\"potentialAction\":[{\"@type\":\"CommentAction\",\"name\":\"Comment\",\"target\":[\"https:\\\/\\\/lasentinelle.dz\\\/index.php\\\/2022\\\/06\\\/13\\\/espionnage-par-le-makhzen-tensions-diplomatiques-avec-lalgerie-et-revirement-sur-le-sahara-occidental-sanchez-somme-de-rendre-des-comptes\\\/#respond\"]}]},{\"@type\":\"WebPage\",\"@id\":\"https:\\\/\\\/lasentinelle.dz\\\/index.php\\\/2022\\\/06\\\/13\\\/espionnage-par-le-makhzen-tensions-diplomatiques-avec-lalgerie-et-revirement-sur-le-sahara-occidental-sanchez-somme-de-rendre-des-comptes\\\/\",\"url\":\"https:\\\/\\\/lasentinelle.dz\\\/index.php\\\/2022\\\/06\\\/13\\\/espionnage-par-le-makhzen-tensions-diplomatiques-avec-lalgerie-et-revirement-sur-le-sahara-occidental-sanchez-somme-de-rendre-des-comptes\\\/\",\"name\":\"Espionnage par le Makhzen, tensions diplomatiques avec l\u2019Alg\u00e9rie et revirement sur le Sahara occidental\u00a0: Sanchez somm\u00e9 de rendre des comptes\u00a0! - La Sentinelle\",\"isPartOf\":{\"@id\":\"https:\\\/\\\/lasentinelle.dz\\\/#website\"},\"primaryImageOfPage\":{\"@id\":\"https:\\\/\\\/lasentinelle.dz\\\/index.php\\\/2022\\\/06\\\/13\\\/espionnage-par-le-makhzen-tensions-diplomatiques-avec-lalgerie-et-revirement-sur-le-sahara-occidental-sanchez-somme-de-rendre-des-comptes\\\/#primaryimage\"},\"image\":{\"@id\":\"https:\\\/\\\/lasentinelle.dz\\\/index.php\\\/2022\\\/06\\\/13\\\/espionnage-par-le-makhzen-tensions-diplomatiques-avec-lalgerie-et-revirement-sur-le-sahara-occidental-sanchez-somme-de-rendre-des-comptes\\\/#primaryimage\"},\"thumbnailUrl\":\"https:\\\/\\\/lasentinelle.dz\\\/wp-content\\\/uploads\\\/2022\\\/06\\\/sanchez.png\",\"datePublished\":\"2022-06-12T23:05:00+00:00\",\"breadcrumb\":{\"@id\":\"https:\\\/\\\/lasentinelle.dz\\\/index.php\\\/2022\\\/06\\\/13\\\/espionnage-par-le-makhzen-tensions-diplomatiques-avec-lalgerie-et-revirement-sur-le-sahara-occidental-sanchez-somme-de-rendre-des-comptes\\\/#breadcrumb\"},\"inLanguage\":\"fr-FR\",\"potentialAction\":[{\"@type\":\"ReadAction\",\"target\":[\"https:\\\/\\\/lasentinelle.dz\\\/index.php\\\/2022\\\/06\\\/13\\\/espionnage-par-le-makhzen-tensions-diplomatiques-avec-lalgerie-et-revirement-sur-le-sahara-occidental-sanchez-somme-de-rendre-des-comptes\\\/\"]}]},{\"@type\":\"ImageObject\",\"inLanguage\":\"fr-FR\",\"@id\":\"https:\\\/\\\/lasentinelle.dz\\\/index.php\\\/2022\\\/06\\\/13\\\/espionnage-par-le-makhzen-tensions-diplomatiques-avec-lalgerie-et-revirement-sur-le-sahara-occidental-sanchez-somme-de-rendre-des-comptes\\\/#primaryimage\",\"url\":\"https:\\\/\\\/lasentinelle.dz\\\/wp-content\\\/uploads\\\/2022\\\/06\\\/sanchez.png\",\"contentUrl\":\"https:\\\/\\\/lasentinelle.dz\\\/wp-content\\\/uploads\\\/2022\\\/06\\\/sanchez.png\",\"width\":1600,\"height\":900},{\"@type\":\"BreadcrumbList\",\"@id\":\"https:\\\/\\\/lasentinelle.dz\\\/index.php\\\/2022\\\/06\\\/13\\\/espionnage-par-le-makhzen-tensions-diplomatiques-avec-lalgerie-et-revirement-sur-le-sahara-occidental-sanchez-somme-de-rendre-des-comptes\\\/#breadcrumb\",\"itemListElement\":[{\"@type\":\"ListItem\",\"position\":1,\"name\":\"Accueil\",\"item\":\"https:\\\/\\\/lasentinelle.dz\\\/\"},{\"@type\":\"ListItem\",\"position\":2,\"name\":\"Espionnage par le Makhzen, tensions diplomatiques avec l\u2019Alg\u00e9rie et revirement sur le Sahara occidental\u00a0: Sanchez somm\u00e9 de rendre des comptes\u00a0!\"}]},{\"@type\":\"WebSite\",\"@id\":\"https:\\\/\\\/lasentinelle.dz\\\/#website\",\"url\":\"https:\\\/\\\/lasentinelle.dz\\\/\",\"name\":\"La Sentinelle\",\"description\":\"Quotidien national d&#039;information\",\"publisher\":{\"@id\":\"https:\\\/\\\/lasentinelle.dz\\\/#organization\"},\"potentialAction\":[{\"@type\":\"SearchAction\",\"target\":{\"@type\":\"EntryPoint\",\"urlTemplate\":\"https:\\\/\\\/lasentinelle.dz\\\/?s={search_term_string}\"},\"query-input\":{\"@type\":\"PropertyValueSpecification\",\"valueRequired\":true,\"valueName\":\"search_term_string\"}}],\"inLanguage\":\"fr-FR\"},{\"@type\":\"Organization\",\"@id\":\"https:\\\/\\\/lasentinelle.dz\\\/#organization\",\"name\":\"Quotidien La Sentinelle\",\"url\":\"https:\\\/\\\/lasentinelle.dz\\\/\",\"logo\":{\"@type\":\"ImageObject\",\"inLanguage\":\"fr-FR\",\"@id\":\"https:\\\/\\\/lasentinelle.dz\\\/#\\\/schema\\\/logo\\\/image\\\/\",\"url\":\"https:\\\/\\\/lasentinelle.dz\\\/wp-content\\\/uploads\\\/2021\\\/09\\\/logo-sentinelleSLOGAN-1.png\",\"contentUrl\":\"https:\\\/\\\/lasentinelle.dz\\\/wp-content\\\/uploads\\\/2021\\\/09\\\/logo-sentinelleSLOGAN-1.png\",\"width\":615,\"height\":142,\"caption\":\"Quotidien La Sentinelle\"},\"image\":{\"@id\":\"https:\\\/\\\/lasentinelle.dz\\\/#\\\/schema\\\/logo\\\/image\\\/\"},\"sameAs\":[\"https:\\\/\\\/www.facebook.com\\\/La-Sentinelle-104059864394773\"]},{\"@type\":\"Person\",\"@id\":\"https:\\\/\\\/lasentinelle.dz\\\/#\\\/schema\\\/person\\\/d865044e22e70a75174ce8bcad3acfb3\",\"name\":\"La Sentinelle\",\"image\":{\"@type\":\"ImageObject\",\"inLanguage\":\"fr-FR\",\"@id\":\"https:\\\/\\\/secure.gravatar.com\\\/avatar\\\/57de8e5d4b15d43fb361a71fbb36338450fe67865b528a43dd10ef7c51a20392?s=96&d=mm&r=g\",\"url\":\"https:\\\/\\\/secure.gravatar.com\\\/avatar\\\/57de8e5d4b15d43fb361a71fbb36338450fe67865b528a43dd10ef7c51a20392?s=96&d=mm&r=g\",\"contentUrl\":\"https:\\\/\\\/secure.gravatar.com\\\/avatar\\\/57de8e5d4b15d43fb361a71fbb36338450fe67865b528a43dd10ef7c51a20392?s=96&d=mm&r=g\",\"caption\":\"La Sentinelle\"},\"sameAs\":[\"http:\\\/\\\/www.lasentinelle.dz\"],\"url\":\"https:\\\/\\\/lasentinelle.dz\\\/author\\\/redaction\\\/\"}]}<\/script>\n<!-- \/ Yoast SEO plugin. -->","yoast_head_json":{"title":"Espionnage par le Makhzen, tensions diplomatiques avec l\u2019Alg\u00e9rie et revirement sur le Sahara occidental\u00a0: Sanchez somm\u00e9 de rendre des comptes\u00a0! - La Sentinelle","robots":{"index":"index","follow":"follow","max-snippet":"max-snippet:-1","max-image-preview":"max-image-preview:large","max-video-preview":"max-video-preview:-1"},"canonical":"https:\/\/lasentinelle.dz\/index.php\/2022\/06\/13\/espionnage-par-le-makhzen-tensions-diplomatiques-avec-lalgerie-et-revirement-sur-le-sahara-occidental-sanchez-somme-de-rendre-des-comptes\/","og_locale":"fr_FR","og_type":"article","og_title":"Espionnage par le Makhzen, tensions diplomatiques avec l\u2019Alg\u00e9rie et revirement sur le Sahara occidental\u00a0: Sanchez somm\u00e9 de rendre des comptes\u00a0! - La Sentinelle","og_description":"Le Gouvernement de Pedro Sanchez est sur la sellette. Les agissements de Pedro Sanchez, qui ont induit de grandes tensions","og_url":"https:\/\/lasentinelle.dz\/index.php\/2022\/06\/13\/espionnage-par-le-makhzen-tensions-diplomatiques-avec-lalgerie-et-revirement-sur-le-sahara-occidental-sanchez-somme-de-rendre-des-comptes\/","og_site_name":"La Sentinelle","article_publisher":"https:\/\/www.facebook.com\/La-Sentinelle-104059864394773","article_published_time":"2022-06-12T23:05:00+00:00","og_image":[{"width":1600,"height":900,"url":"https:\/\/lasentinelle.dz\/wp-content\/uploads\/2022\/06\/sanchez.png","type":"image\/png"}],"author":"La Sentinelle","twitter_card":"summary_large_image","twitter_misc":{"\u00c9crit par":"La Sentinelle","Dur\u00e9e de lecture estim\u00e9e":"4 minutes"},"schema":{"@context":"https:\/\/schema.org","@graph":[{"@type":"Article","@id":"https:\/\/lasentinelle.dz\/index.php\/2022\/06\/13\/espionnage-par-le-makhzen-tensions-diplomatiques-avec-lalgerie-et-revirement-sur-le-sahara-occidental-sanchez-somme-de-rendre-des-comptes\/#article","isPartOf":{"@id":"https:\/\/lasentinelle.dz\/index.php\/2022\/06\/13\/espionnage-par-le-makhzen-tensions-diplomatiques-avec-lalgerie-et-revirement-sur-le-sahara-occidental-sanchez-somme-de-rendre-des-comptes\/"},"author":{"name":"La Sentinelle","@id":"https:\/\/lasentinelle.dz\/#\/schema\/person\/d865044e22e70a75174ce8bcad3acfb3"},"headline":"Espionnage par le Makhzen, tensions diplomatiques avec l\u2019Alg\u00e9rie et revirement sur le Sahara occidental\u00a0: Sanchez somm\u00e9 de rendre des comptes\u00a0!","datePublished":"2022-06-12T23:05:00+00:00","mainEntityOfPage":{"@id":"https:\/\/lasentinelle.dz\/index.php\/2022\/06\/13\/espionnage-par-le-makhzen-tensions-diplomatiques-avec-lalgerie-et-revirement-sur-le-sahara-occidental-sanchez-somme-de-rendre-des-comptes\/"},"wordCount":764,"commentCount":1,"publisher":{"@id":"https:\/\/lasentinelle.dz\/#organization"},"image":{"@id":"https:\/\/lasentinelle.dz\/index.php\/2022\/06\/13\/espionnage-par-le-makhzen-tensions-diplomatiques-avec-lalgerie-et-revirement-sur-le-sahara-occidental-sanchez-somme-de-rendre-des-comptes\/#primaryimage"},"thumbnailUrl":"https:\/\/lasentinelle.dz\/wp-content\/uploads\/2022\/06\/sanchez.png","articleSection":["\u00c0 la Une","Actualit\u00e9"],"inLanguage":"fr-FR","potentialAction":[{"@type":"CommentAction","name":"Comment","target":["https:\/\/lasentinelle.dz\/index.php\/2022\/06\/13\/espionnage-par-le-makhzen-tensions-diplomatiques-avec-lalgerie-et-revirement-sur-le-sahara-occidental-sanchez-somme-de-rendre-des-comptes\/#respond"]}]},{"@type":"WebPage","@id":"https:\/\/lasentinelle.dz\/index.php\/2022\/06\/13\/espionnage-par-le-makhzen-tensions-diplomatiques-avec-lalgerie-et-revirement-sur-le-sahara-occidental-sanchez-somme-de-rendre-des-comptes\/","url":"https:\/\/lasentinelle.dz\/index.php\/2022\/06\/13\/espionnage-par-le-makhzen-tensions-diplomatiques-avec-lalgerie-et-revirement-sur-le-sahara-occidental-sanchez-somme-de-rendre-des-comptes\/","name":"Espionnage par le Makhzen, tensions diplomatiques avec l\u2019Alg\u00e9rie et revirement sur le Sahara occidental\u00a0: Sanchez somm\u00e9 de rendre des comptes\u00a0! - La Sentinelle","isPartOf":{"@id":"https:\/\/lasentinelle.dz\/#website"},"primaryImageOfPage":{"@id":"https:\/\/lasentinelle.dz\/index.php\/2022\/06\/13\/espionnage-par-le-makhzen-tensions-diplomatiques-avec-lalgerie-et-revirement-sur-le-sahara-occidental-sanchez-somme-de-rendre-des-comptes\/#primaryimage"},"image":{"@id":"https:\/\/lasentinelle.dz\/index.php\/2022\/06\/13\/espionnage-par-le-makhzen-tensions-diplomatiques-avec-lalgerie-et-revirement-sur-le-sahara-occidental-sanchez-somme-de-rendre-des-comptes\/#primaryimage"},"thumbnailUrl":"https:\/\/lasentinelle.dz\/wp-content\/uploads\/2022\/06\/sanchez.png","datePublished":"2022-06-12T23:05:00+00:00","breadcrumb":{"@id":"https:\/\/lasentinelle.dz\/index.php\/2022\/06\/13\/espionnage-par-le-makhzen-tensions-diplomatiques-avec-lalgerie-et-revirement-sur-le-sahara-occidental-sanchez-somme-de-rendre-des-comptes\/#breadcrumb"},"inLanguage":"fr-FR","potentialAction":[{"@type":"ReadAction","target":["https:\/\/lasentinelle.dz\/index.php\/2022\/06\/13\/espionnage-par-le-makhzen-tensions-diplomatiques-avec-lalgerie-et-revirement-sur-le-sahara-occidental-sanchez-somme-de-rendre-des-comptes\/"]}]},{"@type":"ImageObject","inLanguage":"fr-FR","@id":"https:\/\/lasentinelle.dz\/index.php\/2022\/06\/13\/espionnage-par-le-makhzen-tensions-diplomatiques-avec-lalgerie-et-revirement-sur-le-sahara-occidental-sanchez-somme-de-rendre-des-comptes\/#primaryimage","url":"https:\/\/lasentinelle.dz\/wp-content\/uploads\/2022\/06\/sanchez.png","contentUrl":"https:\/\/lasentinelle.dz\/wp-content\/uploads\/2022\/06\/sanchez.png","width":1600,"height":900},{"@type":"BreadcrumbList","@id":"https:\/\/lasentinelle.dz\/index.php\/2022\/06\/13\/espionnage-par-le-makhzen-tensions-diplomatiques-avec-lalgerie-et-revirement-sur-le-sahara-occidental-sanchez-somme-de-rendre-des-comptes\/#breadcrumb","itemListElement":[{"@type":"ListItem","position":1,"name":"Accueil","item":"https:\/\/lasentinelle.dz\/"},{"@type":"ListItem","position":2,"name":"Espionnage par le Makhzen, tensions diplomatiques avec l\u2019Alg\u00e9rie et revirement sur le Sahara occidental\u00a0: Sanchez somm\u00e9 de rendre des comptes\u00a0!"}]},{"@type":"WebSite","@id":"https:\/\/lasentinelle.dz\/#website","url":"https:\/\/lasentinelle.dz\/","name":"La Sentinelle","description":"Quotidien national d&#039;information","publisher":{"@id":"https:\/\/lasentinelle.dz\/#organization"},"potentialAction":[{"@type":"SearchAction","target":{"@type":"EntryPoint","urlTemplate":"https:\/\/lasentinelle.dz\/?s={search_term_string}"},"query-input":{"@type":"PropertyValueSpecification","valueRequired":true,"valueName":"search_term_string"}}],"inLanguage":"fr-FR"},{"@type":"Organization","@id":"https:\/\/lasentinelle.dz\/#organization","name":"Quotidien La Sentinelle","url":"https:\/\/lasentinelle.dz\/","logo":{"@type":"ImageObject","inLanguage":"fr-FR","@id":"https:\/\/lasentinelle.dz\/#\/schema\/logo\/image\/","url":"https:\/\/lasentinelle.dz\/wp-content\/uploads\/2021\/09\/logo-sentinelleSLOGAN-1.png","contentUrl":"https:\/\/lasentinelle.dz\/wp-content\/uploads\/2021\/09\/logo-sentinelleSLOGAN-1.png","width":615,"height":142,"caption":"Quotidien La Sentinelle"},"image":{"@id":"https:\/\/lasentinelle.dz\/#\/schema\/logo\/image\/"},"sameAs":["https:\/\/www.facebook.com\/La-Sentinelle-104059864394773"]},{"@type":"Person","@id":"https:\/\/lasentinelle.dz\/#\/schema\/person\/d865044e22e70a75174ce8bcad3acfb3","name":"La Sentinelle","image":{"@type":"ImageObject","inLanguage":"fr-FR","@id":"https:\/\/secure.gravatar.com\/avatar\/57de8e5d4b15d43fb361a71fbb36338450fe67865b528a43dd10ef7c51a20392?s=96&d=mm&r=g","url":"https:\/\/secure.gravatar.com\/avatar\/57de8e5d4b15d43fb361a71fbb36338450fe67865b528a43dd10ef7c51a20392?s=96&d=mm&r=g","contentUrl":"https:\/\/secure.gravatar.com\/avatar\/57de8e5d4b15d43fb361a71fbb36338450fe67865b528a43dd10ef7c51a20392?s=96&d=mm&r=g","caption":"La Sentinelle"},"sameAs":["http:\/\/www.lasentinelle.dz"],"url":"https:\/\/lasentinelle.dz\/author\/redaction\/"}]}},"_links":{"self":[{"href":"https:\/\/lasentinelle.dz\/index.php\/wp-json\/wp\/v2\/posts\/22387","targetHints":{"allow":["GET"]}}],"collection":[{"href":"https:\/\/lasentinelle.dz\/index.php\/wp-json\/wp\/v2\/posts"}],"about":[{"href":"https:\/\/lasentinelle.dz\/index.php\/wp-json\/wp\/v2\/types\/post"}],"author":[{"embeddable":true,"href":"https:\/\/lasentinelle.dz\/index.php\/wp-json\/wp\/v2\/users\/3"}],"replies":[{"embeddable":true,"href":"https:\/\/lasentinelle.dz\/index.php\/wp-json\/wp\/v2\/comments?post=22387"}],"version-history":[{"count":1,"href":"https:\/\/lasentinelle.dz\/index.php\/wp-json\/wp\/v2\/posts\/22387\/revisions"}],"predecessor-version":[{"id":22403,"href":"https:\/\/lasentinelle.dz\/index.php\/wp-json\/wp\/v2\/posts\/22387\/revisions\/22403"}],"wp:featuredmedia":[{"embeddable":true,"href":"https:\/\/lasentinelle.dz\/index.php\/wp-json\/wp\/v2\/media\/22402"}],"wp:attachment":[{"href":"https:\/\/lasentinelle.dz\/index.php\/wp-json\/wp\/v2\/media?parent=22387"}],"wp:term":[{"taxonomy":"category","embeddable":true,"href":"https:\/\/lasentinelle.dz\/index.php\/wp-json\/wp\/v2\/categories?post=22387"},{"taxonomy":"post_tag","embeddable":true,"href":"https:\/\/lasentinelle.dz\/index.php\/wp-json\/wp\/v2\/tags?post=22387"}],"curies":[{"name":"wp","href":"https:\/\/api.w.org\/{rel}","templated":true}]}}