{"id":22419,"date":"2022-06-13T00:01:00","date_gmt":"2022-06-12T23:01:00","guid":{"rendered":"https:\/\/lasentinelle.dz\/?p=22419"},"modified":"2022-06-12T20:51:52","modified_gmt":"2022-06-12T19:51:52","slug":"goudjil-recoit-lambassadeurde-france-en-algerie-les-positions-constantes-de-lalgerie-reaffirmees","status":"publish","type":"post","link":"https:\/\/lasentinelle.dz\/index.php\/2022\/06\/13\/goudjil-recoit-lambassadeurde-france-en-algerie-les-positions-constantes-de-lalgerie-reaffirmees\/","title":{"rendered":"Goudjil re\u00e7oit l&rsquo;ambassadeurde France en Alg\u00e9rie\u00a0: Les positions constantes de l\u2019Alg\u00e9rie r\u00e9affirm\u00e9es"},"content":{"rendered":"\n<p>Le pr\u00e9sident du Conseil de la nation, Salah Goudjil a re\u00e7u,&nbsp;hier&nbsp;au si\u00e8ge&nbsp;de l\u2019institution parlementaire, l&rsquo;ambassadeur de France \u00e0 Alger, Fran\u00e7ois Gouyette qui lui a rendu une visite de courtoisie. Une visite qui a permis de passer&nbsp;en revue nombre de questions historiques et politiques int\u00e9ressant les deux pays,&nbsp;pr\u00e9cise&nbsp;un communiqu\u00e9 de la Chambre haute du Parlement.&nbsp;&nbsp;La rencontre a constitu\u00e9 pour les deux parties une occasion pour passer en revue nombre de questions historiques et politiques qui concernent les deux pays, ainsi que les relations bilat\u00e9rales actuelles, notamment parlementaires et les moyens de les promouvoir, conform\u00e9ment au protocole de coop\u00e9ration parlementaire sign\u00e9 entre le Conseil de la Nation et le S\u00e9nat fran\u00e7ais en 2015 \u00e0 Alger, pr\u00e9cise la m\u00eame source.&nbsp;Et d\u2019ajouter que la rencontre a \u00e9galement permis au pr\u00e9sident du Conseil de la Nation de r\u00e9affirmer les positions constantes de l\u2019Alg\u00e9rie. En effet, les deux parties ont \u00e9pass\u00e9 en revue nombre de questions r\u00e9gionales et internationales d&rsquo;int\u00e9r\u00eat commun, ainsi que la situation en Libye, au Mali et au Sahel.&nbsp;Dans ce contexte, le pr\u00e9sident du Conseil de la nation a r\u00e9it\u00e9r\u00e9 les positions intangibles de l&rsquo;Alg\u00e9rie \u00e0 l\u2019\u00e9gard de ces questions et de celles de la d\u00e9colonisation, rappelant \u00e0 ce propos le droit du peuple palestinien \u00e0 l&rsquo;\u00e9tablissement de son Etat avec El Qods comme capitale selon l&rsquo;Initiative de paix arabe, et le droit du peuple sahraoui \u00e0 l&rsquo;autod\u00e9termination conform\u00e9ment \u00e0 la l\u00e9galit\u00e9 internationale.&nbsp;Il a en outre rappel\u00e9 l&rsquo;attachement de l&rsquo;Alg\u00e9rie au principe de non-alignement, comme une des constantes de la politique \u00e9trang\u00e8re alg\u00e9rienne, et au r\u00e8glement pacifique des conflits.<\/p>\n\n\n\n<p>Sur un autre volet,&nbsp;Salah Goudjil a mis \u00e0 profit cette rencontre pour mettre en exergue aupr\u00e8s de l&rsquo;ambassadeur de France \u00ab\u00a0le caract\u00e8re multidimensionnel des relations alg\u00e9ro-fran\u00e7aises (sur le plan humain, commercial et \u00e9conomique), et leur efficacit\u00e9 d\u00e9coulant de leur dimension m\u00e9diterran\u00e9enne\u00a0\u00bb, \u00e9voquant l&rsquo;importance de la promotion de la coop\u00e9ration sur la base de m\u00e9canismes de prise en charge des questions m\u00e9morielles, en leur qualit\u00e9 de \u00ab\u00a0facteur important pour l\u2019\u00e9volution des relations entre les deux pays dans le cadre d&rsquo;un \u00e9quilibre des int\u00e9r\u00eats\u00a0\u00bb.&nbsp;Le pr\u00e9sident du Conseil de la nation a mis en valeur, dans ce contexte, la conscience dont a toujours fait preuve le peuple alg\u00e9rien qui a toujours fait le distinguo et \u00e9vit\u00e9 de faire l\u2019amalgame entre le peuple fran\u00e7ais et la colonisation fran\u00e7aise de l&rsquo;Alg\u00e9rie, et ce depuis la Glorieuse R\u00e9volution de novembre 1954.&nbsp;Il a en outre, soulign\u00e9 que l&rsquo;Alg\u00e9rie nouvelle, que M. Abdelmadjid Tebboune, pr\u00e9sident de la R\u00e9publique, veille \u00e0 en jeter les fondements, \u0153uvre \u00e0 \u00ab\u00a0la consolidation de l&rsquo;ind\u00e9pendance de sa d\u00e9cision politique, son confortement et son renforcement avec une r\u00e9elle ind\u00e9pendance \u00e9conomique\u00a0\u00bb, ajoute la m\u00eame source.&nbsp;Pour sa part, l&rsquo;ambassadeur de France \u00e0 Alger a soulign\u00e9 \u00ab\u00a0la volont\u00e9 du pr\u00e9sident fran\u00e7ais Emmanuel Macron de poursuivre le travail entam\u00e9 avec M. Abdelmadjid Tebboune, Pr\u00e9sident de la R\u00e9publique, de mani\u00e8re \u00e0 lever tous les obstacles et entraves au rapprochement et \u00e0 la coop\u00e9ration entre les deux pays\u00a0\u00bb.&nbsp;Les deux parties ont enfin convenu de poursuivre la concertation et la coordination, afin de hisser le niveau des relations entre les Parlements des deux pays au meilleur niveau possible, dans le but d&rsquo;accompagner le processus de coop\u00e9ration entre les Gouvernements des deux pays, conclut le communiqu\u00e9.<\/p>\n\n\n\n<p><strong>A.&nbsp;M.<\/strong><\/p>\n","protected":false},"excerpt":{"rendered":"<p>Le pr\u00e9sident du Conseil de la nation, Salah Goudjil a re\u00e7u,&nbsp;hier&nbsp;au si\u00e8ge&nbsp;de l\u2019institution parlementaire, l&rsquo;ambassadeur de France \u00e0 Alger, Fran\u00e7ois<\/p>\n","protected":false},"author":3,"featured_media":22430,"comment_status":"open","ping_status":"closed","sticky":false,"template":"","format":"standard","meta":{"colormag_page_container_layout":"default_layout","colormag_page_sidebar_layout":"default_layout","om_disable_all_campaigns":false,"_monsterinsights_skip_tracking":false,"_monsterinsights_sitenote_active":false,"_monsterinsights_sitenote_note":"","_monsterinsights_sitenote_category":0,"footnotes":"","_wpscppro_dont_share_socialmedia":false,"_wpscppro_custom_social_share_image":0,"_facebook_share_type":"","_twitter_share_type":"","_linkedin_share_type":"","_pinterest_share_type":"","_linkedin_share_type_page":"","_instagram_share_type":"","_medium_share_type":"","_threads_share_type":"","_google_business_share_type":"","_selected_social_profile":[],"_wpsp_enable_custom_social_template":false,"_wpsp_social_scheduling":{"enabled":false,"datetime":null,"platforms":[],"status":"template_only","dateOption":"today","timeOption":"now","customDays":"","customHours":"","customDate":"","customTime":"","schedulingType":"absolute"},"_wpsp_active_default_template":true},"categories":[27],"tags":[],"class_list":["post-22419","post","type-post","status-publish","format-standard","has-post-thumbnail","hentry","category-actualite"],"aioseo_notices":[],"yoast_head":"<!-- This site is optimized with the Yoast SEO plugin v27.5 - https:\/\/yoast.com\/product\/yoast-seo-wordpress\/ -->\n<title>Goudjil re\u00e7oit l&#039;ambassadeurde France en Alg\u00e9rie\u00a0: Les positions constantes de l\u2019Alg\u00e9rie r\u00e9affirm\u00e9es - La Sentinelle<\/title>\n<meta name=\"robots\" content=\"index, follow, max-snippet:-1, max-image-preview:large, max-video-preview:-1\" \/>\n<link rel=\"canonical\" href=\"https:\/\/lasentinelle.dz\/index.php\/2022\/06\/13\/goudjil-recoit-lambassadeurde-france-en-algerie-les-positions-constantes-de-lalgerie-reaffirmees\/\" \/>\n<meta property=\"og:locale\" content=\"fr_FR\" \/>\n<meta property=\"og:type\" content=\"article\" \/>\n<meta property=\"og:title\" content=\"Goudjil re\u00e7oit l&#039;ambassadeurde France en Alg\u00e9rie\u00a0: Les positions constantes de l\u2019Alg\u00e9rie r\u00e9affirm\u00e9es - La Sentinelle\" \/>\n<meta property=\"og:description\" content=\"Le pr\u00e9sident du Conseil de la nation, Salah Goudjil a re\u00e7u,&nbsp;hier&nbsp;au si\u00e8ge&nbsp;de l\u2019institution parlementaire, l&rsquo;ambassadeur de France \u00e0 Alger, Fran\u00e7ois\" \/>\n<meta property=\"og:url\" content=\"https:\/\/lasentinelle.dz\/index.php\/2022\/06\/13\/goudjil-recoit-lambassadeurde-france-en-algerie-les-positions-constantes-de-lalgerie-reaffirmees\/\" \/>\n<meta property=\"og:site_name\" content=\"La Sentinelle\" \/>\n<meta property=\"article:publisher\" content=\"https:\/\/www.facebook.com\/La-Sentinelle-104059864394773\" \/>\n<meta property=\"article:published_time\" content=\"2022-06-12T23:01:00+00:00\" \/>\n<meta property=\"og:image\" content=\"https:\/\/lasentinelle.dz\/wp-content\/uploads\/2022\/06\/0Y2A3372-scaled-1.jpg\" \/>\n\t<meta property=\"og:image:width\" content=\"2560\" \/>\n\t<meta property=\"og:image:height\" content=\"1707\" \/>\n\t<meta property=\"og:image:type\" content=\"image\/jpeg\" \/>\n<meta name=\"author\" content=\"La Sentinelle\" \/>\n<meta name=\"twitter:card\" content=\"summary_large_image\" \/>\n<meta name=\"twitter:label1\" content=\"\u00c9crit par\" \/>\n\t<meta name=\"twitter:data1\" content=\"La Sentinelle\" \/>\n\t<meta name=\"twitter:label2\" content=\"Dur\u00e9e de lecture estim\u00e9e\" \/>\n\t<meta name=\"twitter:data2\" content=\"3 minutes\" \/>\n<script type=\"application\/ld+json\" class=\"yoast-schema-graph\">{\"@context\":\"https:\\\/\\\/schema.org\",\"@graph\":[{\"@type\":\"Article\",\"@id\":\"https:\\\/\\\/lasentinelle.dz\\\/index.php\\\/2022\\\/06\\\/13\\\/goudjil-recoit-lambassadeurde-france-en-algerie-les-positions-constantes-de-lalgerie-reaffirmees\\\/#article\",\"isPartOf\":{\"@id\":\"https:\\\/\\\/lasentinelle.dz\\\/index.php\\\/2022\\\/06\\\/13\\\/goudjil-recoit-lambassadeurde-france-en-algerie-les-positions-constantes-de-lalgerie-reaffirmees\\\/\"},\"author\":{\"name\":\"La Sentinelle\",\"@id\":\"https:\\\/\\\/lasentinelle.dz\\\/#\\\/schema\\\/person\\\/d865044e22e70a75174ce8bcad3acfb3\"},\"headline\":\"Goudjil re\u00e7oit l&rsquo;ambassadeurde France en Alg\u00e9rie\u00a0: Les positions constantes de l\u2019Alg\u00e9rie r\u00e9affirm\u00e9es\",\"datePublished\":\"2022-06-12T23:01:00+00:00\",\"mainEntityOfPage\":{\"@id\":\"https:\\\/\\\/lasentinelle.dz\\\/index.php\\\/2022\\\/06\\\/13\\\/goudjil-recoit-lambassadeurde-france-en-algerie-les-positions-constantes-de-lalgerie-reaffirmees\\\/\"},\"wordCount\":654,\"commentCount\":0,\"publisher\":{\"@id\":\"https:\\\/\\\/lasentinelle.dz\\\/#organization\"},\"image\":{\"@id\":\"https:\\\/\\\/lasentinelle.dz\\\/index.php\\\/2022\\\/06\\\/13\\\/goudjil-recoit-lambassadeurde-france-en-algerie-les-positions-constantes-de-lalgerie-reaffirmees\\\/#primaryimage\"},\"thumbnailUrl\":\"https:\\\/\\\/lasentinelle.dz\\\/wp-content\\\/uploads\\\/2022\\\/06\\\/0Y2A3372-scaled-1.jpg\",\"articleSection\":[\"Actualit\u00e9\"],\"inLanguage\":\"fr-FR\",\"potentialAction\":[{\"@type\":\"CommentAction\",\"name\":\"Comment\",\"target\":[\"https:\\\/\\\/lasentinelle.dz\\\/index.php\\\/2022\\\/06\\\/13\\\/goudjil-recoit-lambassadeurde-france-en-algerie-les-positions-constantes-de-lalgerie-reaffirmees\\\/#respond\"]}]},{\"@type\":\"WebPage\",\"@id\":\"https:\\\/\\\/lasentinelle.dz\\\/index.php\\\/2022\\\/06\\\/13\\\/goudjil-recoit-lambassadeurde-france-en-algerie-les-positions-constantes-de-lalgerie-reaffirmees\\\/\",\"url\":\"https:\\\/\\\/lasentinelle.dz\\\/index.php\\\/2022\\\/06\\\/13\\\/goudjil-recoit-lambassadeurde-france-en-algerie-les-positions-constantes-de-lalgerie-reaffirmees\\\/\",\"name\":\"Goudjil re\u00e7oit l'ambassadeurde France en Alg\u00e9rie\u00a0: Les positions constantes de l\u2019Alg\u00e9rie r\u00e9affirm\u00e9es - La Sentinelle\",\"isPartOf\":{\"@id\":\"https:\\\/\\\/lasentinelle.dz\\\/#website\"},\"primaryImageOfPage\":{\"@id\":\"https:\\\/\\\/lasentinelle.dz\\\/index.php\\\/2022\\\/06\\\/13\\\/goudjil-recoit-lambassadeurde-france-en-algerie-les-positions-constantes-de-lalgerie-reaffirmees\\\/#primaryimage\"},\"image\":{\"@id\":\"https:\\\/\\\/lasentinelle.dz\\\/index.php\\\/2022\\\/06\\\/13\\\/goudjil-recoit-lambassadeurde-france-en-algerie-les-positions-constantes-de-lalgerie-reaffirmees\\\/#primaryimage\"},\"thumbnailUrl\":\"https:\\\/\\\/lasentinelle.dz\\\/wp-content\\\/uploads\\\/2022\\\/06\\\/0Y2A3372-scaled-1.jpg\",\"datePublished\":\"2022-06-12T23:01:00+00:00\",\"breadcrumb\":{\"@id\":\"https:\\\/\\\/lasentinelle.dz\\\/index.php\\\/2022\\\/06\\\/13\\\/goudjil-recoit-lambassadeurde-france-en-algerie-les-positions-constantes-de-lalgerie-reaffirmees\\\/#breadcrumb\"},\"inLanguage\":\"fr-FR\",\"potentialAction\":[{\"@type\":\"ReadAction\",\"target\":[\"https:\\\/\\\/lasentinelle.dz\\\/index.php\\\/2022\\\/06\\\/13\\\/goudjil-recoit-lambassadeurde-france-en-algerie-les-positions-constantes-de-lalgerie-reaffirmees\\\/\"]}]},{\"@type\":\"ImageObject\",\"inLanguage\":\"fr-FR\",\"@id\":\"https:\\\/\\\/lasentinelle.dz\\\/index.php\\\/2022\\\/06\\\/13\\\/goudjil-recoit-lambassadeurde-france-en-algerie-les-positions-constantes-de-lalgerie-reaffirmees\\\/#primaryimage\",\"url\":\"https:\\\/\\\/lasentinelle.dz\\\/wp-content\\\/uploads\\\/2022\\\/06\\\/0Y2A3372-scaled-1.jpg\",\"contentUrl\":\"https:\\\/\\\/lasentinelle.dz\\\/wp-content\\\/uploads\\\/2022\\\/06\\\/0Y2A3372-scaled-1.jpg\",\"width\":2560,\"height\":1707},{\"@type\":\"BreadcrumbList\",\"@id\":\"https:\\\/\\\/lasentinelle.dz\\\/index.php\\\/2022\\\/06\\\/13\\\/goudjil-recoit-lambassadeurde-france-en-algerie-les-positions-constantes-de-lalgerie-reaffirmees\\\/#breadcrumb\",\"itemListElement\":[{\"@type\":\"ListItem\",\"position\":1,\"name\":\"Accueil\",\"item\":\"https:\\\/\\\/lasentinelle.dz\\\/\"},{\"@type\":\"ListItem\",\"position\":2,\"name\":\"Goudjil re\u00e7oit l&rsquo;ambassadeurde France en Alg\u00e9rie\u00a0: Les positions constantes de l\u2019Alg\u00e9rie r\u00e9affirm\u00e9es\"}]},{\"@type\":\"WebSite\",\"@id\":\"https:\\\/\\\/lasentinelle.dz\\\/#website\",\"url\":\"https:\\\/\\\/lasentinelle.dz\\\/\",\"name\":\"La Sentinelle\",\"description\":\"Quotidien national d&#039;information\",\"publisher\":{\"@id\":\"https:\\\/\\\/lasentinelle.dz\\\/#organization\"},\"potentialAction\":[{\"@type\":\"SearchAction\",\"target\":{\"@type\":\"EntryPoint\",\"urlTemplate\":\"https:\\\/\\\/lasentinelle.dz\\\/?s={search_term_string}\"},\"query-input\":{\"@type\":\"PropertyValueSpecification\",\"valueRequired\":true,\"valueName\":\"search_term_string\"}}],\"inLanguage\":\"fr-FR\"},{\"@type\":\"Organization\",\"@id\":\"https:\\\/\\\/lasentinelle.dz\\\/#organization\",\"name\":\"Quotidien La Sentinelle\",\"url\":\"https:\\\/\\\/lasentinelle.dz\\\/\",\"logo\":{\"@type\":\"ImageObject\",\"inLanguage\":\"fr-FR\",\"@id\":\"https:\\\/\\\/lasentinelle.dz\\\/#\\\/schema\\\/logo\\\/image\\\/\",\"url\":\"https:\\\/\\\/lasentinelle.dz\\\/wp-content\\\/uploads\\\/2021\\\/09\\\/logo-sentinelleSLOGAN-1.png\",\"contentUrl\":\"https:\\\/\\\/lasentinelle.dz\\\/wp-content\\\/uploads\\\/2021\\\/09\\\/logo-sentinelleSLOGAN-1.png\",\"width\":615,\"height\":142,\"caption\":\"Quotidien La Sentinelle\"},\"image\":{\"@id\":\"https:\\\/\\\/lasentinelle.dz\\\/#\\\/schema\\\/logo\\\/image\\\/\"},\"sameAs\":[\"https:\\\/\\\/www.facebook.com\\\/La-Sentinelle-104059864394773\"]},{\"@type\":\"Person\",\"@id\":\"https:\\\/\\\/lasentinelle.dz\\\/#\\\/schema\\\/person\\\/d865044e22e70a75174ce8bcad3acfb3\",\"name\":\"La Sentinelle\",\"image\":{\"@type\":\"ImageObject\",\"inLanguage\":\"fr-FR\",\"@id\":\"https:\\\/\\\/secure.gravatar.com\\\/avatar\\\/57de8e5d4b15d43fb361a71fbb36338450fe67865b528a43dd10ef7c51a20392?s=96&d=mm&r=g\",\"url\":\"https:\\\/\\\/secure.gravatar.com\\\/avatar\\\/57de8e5d4b15d43fb361a71fbb36338450fe67865b528a43dd10ef7c51a20392?s=96&d=mm&r=g\",\"contentUrl\":\"https:\\\/\\\/secure.gravatar.com\\\/avatar\\\/57de8e5d4b15d43fb361a71fbb36338450fe67865b528a43dd10ef7c51a20392?s=96&d=mm&r=g\",\"caption\":\"La Sentinelle\"},\"sameAs\":[\"http:\\\/\\\/www.lasentinelle.dz\"],\"url\":\"https:\\\/\\\/lasentinelle.dz\\\/author\\\/redaction\\\/\"}]}<\/script>\n<!-- \/ Yoast SEO plugin. -->","yoast_head_json":{"title":"Goudjil re\u00e7oit l'ambassadeurde France en Alg\u00e9rie\u00a0: Les positions constantes de l\u2019Alg\u00e9rie r\u00e9affirm\u00e9es - La Sentinelle","robots":{"index":"index","follow":"follow","max-snippet":"max-snippet:-1","max-image-preview":"max-image-preview:large","max-video-preview":"max-video-preview:-1"},"canonical":"https:\/\/lasentinelle.dz\/index.php\/2022\/06\/13\/goudjil-recoit-lambassadeurde-france-en-algerie-les-positions-constantes-de-lalgerie-reaffirmees\/","og_locale":"fr_FR","og_type":"article","og_title":"Goudjil re\u00e7oit l'ambassadeurde France en Alg\u00e9rie\u00a0: Les positions constantes de l\u2019Alg\u00e9rie r\u00e9affirm\u00e9es - La Sentinelle","og_description":"Le pr\u00e9sident du Conseil de la nation, Salah Goudjil a re\u00e7u,&nbsp;hier&nbsp;au si\u00e8ge&nbsp;de l\u2019institution parlementaire, l&rsquo;ambassadeur de France \u00e0 Alger, Fran\u00e7ois","og_url":"https:\/\/lasentinelle.dz\/index.php\/2022\/06\/13\/goudjil-recoit-lambassadeurde-france-en-algerie-les-positions-constantes-de-lalgerie-reaffirmees\/","og_site_name":"La Sentinelle","article_publisher":"https:\/\/www.facebook.com\/La-Sentinelle-104059864394773","article_published_time":"2022-06-12T23:01:00+00:00","og_image":[{"width":2560,"height":1707,"url":"https:\/\/lasentinelle.dz\/wp-content\/uploads\/2022\/06\/0Y2A3372-scaled-1.jpg","type":"image\/jpeg"}],"author":"La Sentinelle","twitter_card":"summary_large_image","twitter_misc":{"\u00c9crit par":"La Sentinelle","Dur\u00e9e de lecture estim\u00e9e":"3 minutes"},"schema":{"@context":"https:\/\/schema.org","@graph":[{"@type":"Article","@id":"https:\/\/lasentinelle.dz\/index.php\/2022\/06\/13\/goudjil-recoit-lambassadeurde-france-en-algerie-les-positions-constantes-de-lalgerie-reaffirmees\/#article","isPartOf":{"@id":"https:\/\/lasentinelle.dz\/index.php\/2022\/06\/13\/goudjil-recoit-lambassadeurde-france-en-algerie-les-positions-constantes-de-lalgerie-reaffirmees\/"},"author":{"name":"La Sentinelle","@id":"https:\/\/lasentinelle.dz\/#\/schema\/person\/d865044e22e70a75174ce8bcad3acfb3"},"headline":"Goudjil re\u00e7oit l&rsquo;ambassadeurde France en Alg\u00e9rie\u00a0: Les positions constantes de l\u2019Alg\u00e9rie r\u00e9affirm\u00e9es","datePublished":"2022-06-12T23:01:00+00:00","mainEntityOfPage":{"@id":"https:\/\/lasentinelle.dz\/index.php\/2022\/06\/13\/goudjil-recoit-lambassadeurde-france-en-algerie-les-positions-constantes-de-lalgerie-reaffirmees\/"},"wordCount":654,"commentCount":0,"publisher":{"@id":"https:\/\/lasentinelle.dz\/#organization"},"image":{"@id":"https:\/\/lasentinelle.dz\/index.php\/2022\/06\/13\/goudjil-recoit-lambassadeurde-france-en-algerie-les-positions-constantes-de-lalgerie-reaffirmees\/#primaryimage"},"thumbnailUrl":"https:\/\/lasentinelle.dz\/wp-content\/uploads\/2022\/06\/0Y2A3372-scaled-1.jpg","articleSection":["Actualit\u00e9"],"inLanguage":"fr-FR","potentialAction":[{"@type":"CommentAction","name":"Comment","target":["https:\/\/lasentinelle.dz\/index.php\/2022\/06\/13\/goudjil-recoit-lambassadeurde-france-en-algerie-les-positions-constantes-de-lalgerie-reaffirmees\/#respond"]}]},{"@type":"WebPage","@id":"https:\/\/lasentinelle.dz\/index.php\/2022\/06\/13\/goudjil-recoit-lambassadeurde-france-en-algerie-les-positions-constantes-de-lalgerie-reaffirmees\/","url":"https:\/\/lasentinelle.dz\/index.php\/2022\/06\/13\/goudjil-recoit-lambassadeurde-france-en-algerie-les-positions-constantes-de-lalgerie-reaffirmees\/","name":"Goudjil re\u00e7oit l'ambassadeurde France en Alg\u00e9rie\u00a0: Les positions constantes de l\u2019Alg\u00e9rie r\u00e9affirm\u00e9es - La Sentinelle","isPartOf":{"@id":"https:\/\/lasentinelle.dz\/#website"},"primaryImageOfPage":{"@id":"https:\/\/lasentinelle.dz\/index.php\/2022\/06\/13\/goudjil-recoit-lambassadeurde-france-en-algerie-les-positions-constantes-de-lalgerie-reaffirmees\/#primaryimage"},"image":{"@id":"https:\/\/lasentinelle.dz\/index.php\/2022\/06\/13\/goudjil-recoit-lambassadeurde-france-en-algerie-les-positions-constantes-de-lalgerie-reaffirmees\/#primaryimage"},"thumbnailUrl":"https:\/\/lasentinelle.dz\/wp-content\/uploads\/2022\/06\/0Y2A3372-scaled-1.jpg","datePublished":"2022-06-12T23:01:00+00:00","breadcrumb":{"@id":"https:\/\/lasentinelle.dz\/index.php\/2022\/06\/13\/goudjil-recoit-lambassadeurde-france-en-algerie-les-positions-constantes-de-lalgerie-reaffirmees\/#breadcrumb"},"inLanguage":"fr-FR","potentialAction":[{"@type":"ReadAction","target":["https:\/\/lasentinelle.dz\/index.php\/2022\/06\/13\/goudjil-recoit-lambassadeurde-france-en-algerie-les-positions-constantes-de-lalgerie-reaffirmees\/"]}]},{"@type":"ImageObject","inLanguage":"fr-FR","@id":"https:\/\/lasentinelle.dz\/index.php\/2022\/06\/13\/goudjil-recoit-lambassadeurde-france-en-algerie-les-positions-constantes-de-lalgerie-reaffirmees\/#primaryimage","url":"https:\/\/lasentinelle.dz\/wp-content\/uploads\/2022\/06\/0Y2A3372-scaled-1.jpg","contentUrl":"https:\/\/lasentinelle.dz\/wp-content\/uploads\/2022\/06\/0Y2A3372-scaled-1.jpg","width":2560,"height":1707},{"@type":"BreadcrumbList","@id":"https:\/\/lasentinelle.dz\/index.php\/2022\/06\/13\/goudjil-recoit-lambassadeurde-france-en-algerie-les-positions-constantes-de-lalgerie-reaffirmees\/#breadcrumb","itemListElement":[{"@type":"ListItem","position":1,"name":"Accueil","item":"https:\/\/lasentinelle.dz\/"},{"@type":"ListItem","position":2,"name":"Goudjil re\u00e7oit l&rsquo;ambassadeurde France en Alg\u00e9rie\u00a0: Les positions constantes de l\u2019Alg\u00e9rie r\u00e9affirm\u00e9es"}]},{"@type":"WebSite","@id":"https:\/\/lasentinelle.dz\/#website","url":"https:\/\/lasentinelle.dz\/","name":"La Sentinelle","description":"Quotidien national d&#039;information","publisher":{"@id":"https:\/\/lasentinelle.dz\/#organization"},"potentialAction":[{"@type":"SearchAction","target":{"@type":"EntryPoint","urlTemplate":"https:\/\/lasentinelle.dz\/?s={search_term_string}"},"query-input":{"@type":"PropertyValueSpecification","valueRequired":true,"valueName":"search_term_string"}}],"inLanguage":"fr-FR"},{"@type":"Organization","@id":"https:\/\/lasentinelle.dz\/#organization","name":"Quotidien La Sentinelle","url":"https:\/\/lasentinelle.dz\/","logo":{"@type":"ImageObject","inLanguage":"fr-FR","@id":"https:\/\/lasentinelle.dz\/#\/schema\/logo\/image\/","url":"https:\/\/lasentinelle.dz\/wp-content\/uploads\/2021\/09\/logo-sentinelleSLOGAN-1.png","contentUrl":"https:\/\/lasentinelle.dz\/wp-content\/uploads\/2021\/09\/logo-sentinelleSLOGAN-1.png","width":615,"height":142,"caption":"Quotidien La Sentinelle"},"image":{"@id":"https:\/\/lasentinelle.dz\/#\/schema\/logo\/image\/"},"sameAs":["https:\/\/www.facebook.com\/La-Sentinelle-104059864394773"]},{"@type":"Person","@id":"https:\/\/lasentinelle.dz\/#\/schema\/person\/d865044e22e70a75174ce8bcad3acfb3","name":"La Sentinelle","image":{"@type":"ImageObject","inLanguage":"fr-FR","@id":"https:\/\/secure.gravatar.com\/avatar\/57de8e5d4b15d43fb361a71fbb36338450fe67865b528a43dd10ef7c51a20392?s=96&d=mm&r=g","url":"https:\/\/secure.gravatar.com\/avatar\/57de8e5d4b15d43fb361a71fbb36338450fe67865b528a43dd10ef7c51a20392?s=96&d=mm&r=g","contentUrl":"https:\/\/secure.gravatar.com\/avatar\/57de8e5d4b15d43fb361a71fbb36338450fe67865b528a43dd10ef7c51a20392?s=96&d=mm&r=g","caption":"La Sentinelle"},"sameAs":["http:\/\/www.lasentinelle.dz"],"url":"https:\/\/lasentinelle.dz\/author\/redaction\/"}]}},"_links":{"self":[{"href":"https:\/\/lasentinelle.dz\/index.php\/wp-json\/wp\/v2\/posts\/22419","targetHints":{"allow":["GET"]}}],"collection":[{"href":"https:\/\/lasentinelle.dz\/index.php\/wp-json\/wp\/v2\/posts"}],"about":[{"href":"https:\/\/lasentinelle.dz\/index.php\/wp-json\/wp\/v2\/types\/post"}],"author":[{"embeddable":true,"href":"https:\/\/lasentinelle.dz\/index.php\/wp-json\/wp\/v2\/users\/3"}],"replies":[{"embeddable":true,"href":"https:\/\/lasentinelle.dz\/index.php\/wp-json\/wp\/v2\/comments?post=22419"}],"version-history":[{"count":1,"href":"https:\/\/lasentinelle.dz\/index.php\/wp-json\/wp\/v2\/posts\/22419\/revisions"}],"predecessor-version":[{"id":22431,"href":"https:\/\/lasentinelle.dz\/index.php\/wp-json\/wp\/v2\/posts\/22419\/revisions\/22431"}],"wp:featuredmedia":[{"embeddable":true,"href":"https:\/\/lasentinelle.dz\/index.php\/wp-json\/wp\/v2\/media\/22430"}],"wp:attachment":[{"href":"https:\/\/lasentinelle.dz\/index.php\/wp-json\/wp\/v2\/media?parent=22419"}],"wp:term":[{"taxonomy":"category","embeddable":true,"href":"https:\/\/lasentinelle.dz\/index.php\/wp-json\/wp\/v2\/categories?post=22419"},{"taxonomy":"post_tag","embeddable":true,"href":"https:\/\/lasentinelle.dz\/index.php\/wp-json\/wp\/v2\/tags?post=22419"}],"curies":[{"name":"wp","href":"https:\/\/api.w.org\/{rel}","templated":true}]}}