{"id":22505,"date":"2022-06-15T00:01:00","date_gmt":"2022-06-14T23:01:00","guid":{"rendered":"https:\/\/lasentinelle.dz\/?p=22505"},"modified":"2022-06-14T16:16:20","modified_gmt":"2022-06-14T15:16:20","slug":"bilan-financier-de-la-faf-un-deficit-de-130-milliards-de-centimes","status":"publish","type":"post","link":"https:\/\/lasentinelle.dz\/index.php\/2022\/06\/15\/bilan-financier-de-la-faf-un-deficit-de-130-milliards-de-centimes\/","title":{"rendered":"Bilan financier de la FAF\u00a0:\u00a0Un d\u00e9ficit de 130 milliards de centimes ? \u00a0"},"content":{"rendered":"\n<p>Des chiffres qui donnent le tournis. Et un d\u00e9ficit budg\u00e9taire hallucinant. En gros, l\u2019ann\u00e9e de gestion financi\u00e8re de Charaf-Eddine Amara \u00e0 la t\u00eate de la FAF est \u00ab un fiasco sans nom \u00bb.&nbsp;<\/p>\n\n\n\n<p>Charaf-Eddine Amara aura du pain sur la planche, demain, pour faire passer \u00e0 l\u2019assembl\u00e9e g\u00e9n\u00e9rale de la FAF \u00ab les \u00e9normes trous que contient son bilan financier \u00bb. Il a beau se tailler une AG sur mesure, en annihilant d\u2019embl\u00e9e certains membres r\u00e9calcitrants (Yahi, Zerouati), il n\u2019en demeure pas moins qu\u2019on ne voit pas comment cette derni\u00e8re pourra adopter ses bilans. Selon des chiffres d\u00e9voil\u00e9es par certaines sources et repris par La Gazette du Fennec, les d\u00e9penses sont astronomiques, allant de la simple prime du mouton de l\u2019Aid pour les employ\u00e9s de la FAF \u00e0 plus de 7 millions de dinars, en passant par une nouvelle flotte de voitures \u00e0 50 millions de dinars. Le bilan du pr\u00e9sident sortant pr\u00e9sente un d\u00e9ficit estim\u00e9 selon le fichier PDF envoy\u00e9 aux membres de l\u2019AG \u00e0 130 milliards de centimes.&nbsp;&nbsp;Amara tente d\u2019expliquer ce trou par l\u2019ampleur des d\u00e9penses et l\u2019absence de rentr\u00e9es en parall\u00e8le; la FAF n\u2019ayant enregistr\u00e9 pratiquement aucun nouveau partenariat durant l\u2019ann\u00e9e de r\u00e8gne du patron de Madar-Holding.&nbsp;&nbsp;Au rayon des d\u00e9penses, selon le document authentique qui circule, l\u2019on note le montant hallucinant de la prime octroy\u00e9e aux joueurs de l\u2019\u00e9quipe nationale A en guise de r\u00e9compense apr\u00e8s leur simple qualification \u00e0 la CAN-2021. Soit un total de 60 milliards de centimes que Amara a n\u00e9goci\u00e9 personnellement avec Mahrez et Slimani; Belmadi ayant refus\u00e9 d\u2019\u00eatre associ\u00e9 \u00e0 cette r\u00e9union. Pour dire vrai, c\u2019est \u00e0 cette p\u00e9riode justement que les rapports entre celui qui venait d\u2019\u00eatre fraichement \u00e9lu \u00e0 la t\u00eate de la FAF et le s\u00e9lectionneur national ont commenc\u00e9 \u00e0 se d\u00e9t\u00e9riorer. Une prime que \u00ab le g\u00e9n\u00e9reux \u00bb Amara a d\u00e9cid\u00e9 de revoir \u00e0 la hausse comparativement \u00e0 son pr\u00e9d\u00e9cesseur, Kheireddine Zetchi. Autres d\u00e9penses astronomiques, les 60 milliards allou\u00e9es aux staffs techniques des \u00e9quipes nationales en guise de salaires. Dans le bilan d\u2019Amara, il est mentionn\u00e9 implicitement ou pas que ce montant ne concerne que les salaires du staff technique national, soit 73% de la masse salariale de la FAF. Mais connaissant le salaire confortable du s\u00e9lectionneur national, il est clair que le chiffre avanc\u00e9 par la FAF dans son bilan englobe tous les salaires des diff\u00e9rents staffs, toutes cat\u00e9gories confondues.&nbsp;&nbsp;Pour se donner une chance de faire passer ses bilans, Amara tente de constituer une AG sur mesure. Outre les clubs de Ligue 2 exclus, l\u2019on apprend qu\u2019Abdelmadjid Yahi, \u00e9lu \u00e0 la t\u00eate de la commission \u00e9lectorale pour quatre ans, et le sulfureux Mohamed Zerouati, pr\u00e9sident de la JS Saoura, ne sont pas invit\u00e9s. Une mani\u00e8re de se pr\u00e9munir contre toute forme de r\u00e9bellion, aujourd\u2019hui. Mais m\u00eame sans ces deux-l\u00e0, il aura vraiment du mal \u00e0 convaincre vu l\u2019ampleur du d\u00e9ficit.&nbsp;<\/p>\n\n\n\n<p>R. S.<\/p>\n","protected":false},"excerpt":{"rendered":"<p>Des chiffres qui donnent le tournis. Et un d\u00e9ficit budg\u00e9taire hallucinant. En gros, l\u2019ann\u00e9e de gestion financi\u00e8re de Charaf-Eddine Amara<\/p>\n","protected":false},"author":3,"featured_media":22508,"comment_status":"open","ping_status":"closed","sticky":false,"template":"","format":"standard","meta":{"colormag_page_container_layout":"default_layout","colormag_page_sidebar_layout":"default_layout","om_disable_all_campaigns":false,"_monsterinsights_skip_tracking":false,"_monsterinsights_sitenote_active":false,"_monsterinsights_sitenote_note":"","_monsterinsights_sitenote_category":0,"footnotes":"","_wpscppro_dont_share_socialmedia":false,"_wpscppro_custom_social_share_image":0,"_facebook_share_type":"","_twitter_share_type":"","_linkedin_share_type":"","_pinterest_share_type":"","_linkedin_share_type_page":"","_instagram_share_type":"","_medium_share_type":"","_threads_share_type":"","_google_business_share_type":"","_selected_social_profile":[],"_wpsp_enable_custom_social_template":false,"_wpsp_social_scheduling":{"enabled":false,"datetime":null,"platforms":[],"status":"template_only","dateOption":"today","timeOption":"now","customDays":"","customHours":"","customDate":"","customTime":"","schedulingType":"absolute"},"_wpsp_active_default_template":true},"categories":[33],"tags":[],"class_list":["post-22505","post","type-post","status-publish","format-standard","has-post-thumbnail","hentry","category-sports"],"aioseo_notices":[],"yoast_head":"<!-- This site is optimized with the Yoast SEO plugin v27.4 - https:\/\/yoast.com\/product\/yoast-seo-wordpress\/ -->\n<title>Bilan financier de la FAF\u00a0:\u00a0Un d\u00e9ficit de 130 milliards de centimes ? \u00a0 - La Sentinelle<\/title>\n<meta name=\"robots\" content=\"index, follow, max-snippet:-1, max-image-preview:large, max-video-preview:-1\" \/>\n<link rel=\"canonical\" href=\"https:\/\/lasentinelle.dz\/index.php\/2022\/06\/15\/bilan-financier-de-la-faf-un-deficit-de-130-milliards-de-centimes\/\" \/>\n<meta property=\"og:locale\" content=\"fr_FR\" \/>\n<meta property=\"og:type\" content=\"article\" \/>\n<meta property=\"og:title\" content=\"Bilan financier de la FAF\u00a0:\u00a0Un d\u00e9ficit de 130 milliards de centimes ? \u00a0 - La Sentinelle\" \/>\n<meta property=\"og:description\" content=\"Des chiffres qui donnent le tournis. Et un d\u00e9ficit budg\u00e9taire hallucinant. En gros, l\u2019ann\u00e9e de gestion financi\u00e8re de Charaf-Eddine Amara\" \/>\n<meta property=\"og:url\" content=\"https:\/\/lasentinelle.dz\/index.php\/2022\/06\/15\/bilan-financier-de-la-faf-un-deficit-de-130-milliards-de-centimes\/\" \/>\n<meta property=\"og:site_name\" content=\"La Sentinelle\" \/>\n<meta property=\"article:publisher\" content=\"https:\/\/www.facebook.com\/La-Sentinelle-104059864394773\" \/>\n<meta property=\"article:published_time\" content=\"2022-06-14T23:01:00+00:00\" \/>\n<meta property=\"og:image\" content=\"https:\/\/lasentinelle.dz\/wp-content\/uploads\/2022\/06\/Amara-1.jpg\" \/>\n\t<meta property=\"og:image:width\" content=\"2486\" \/>\n\t<meta property=\"og:image:height\" content=\"1488\" \/>\n\t<meta property=\"og:image:type\" content=\"image\/jpeg\" \/>\n<meta name=\"author\" content=\"La Sentinelle\" \/>\n<meta name=\"twitter:card\" content=\"summary_large_image\" \/>\n<meta name=\"twitter:label1\" content=\"\u00c9crit par\" \/>\n\t<meta name=\"twitter:data1\" content=\"La Sentinelle\" \/>\n\t<meta name=\"twitter:label2\" content=\"Dur\u00e9e de lecture estim\u00e9e\" \/>\n\t<meta name=\"twitter:data2\" content=\"3 minutes\" \/>\n<script type=\"application\/ld+json\" class=\"yoast-schema-graph\">{\"@context\":\"https:\\\/\\\/schema.org\",\"@graph\":[{\"@type\":\"Article\",\"@id\":\"https:\\\/\\\/lasentinelle.dz\\\/index.php\\\/2022\\\/06\\\/15\\\/bilan-financier-de-la-faf-un-deficit-de-130-milliards-de-centimes\\\/#article\",\"isPartOf\":{\"@id\":\"https:\\\/\\\/lasentinelle.dz\\\/index.php\\\/2022\\\/06\\\/15\\\/bilan-financier-de-la-faf-un-deficit-de-130-milliards-de-centimes\\\/\"},\"author\":{\"name\":\"La Sentinelle\",\"@id\":\"https:\\\/\\\/lasentinelle.dz\\\/#\\\/schema\\\/person\\\/d865044e22e70a75174ce8bcad3acfb3\"},\"headline\":\"Bilan financier de la FAF\u00a0:\u00a0Un d\u00e9ficit de 130 milliards de centimes ? \u00a0\",\"datePublished\":\"2022-06-14T23:01:00+00:00\",\"mainEntityOfPage\":{\"@id\":\"https:\\\/\\\/lasentinelle.dz\\\/index.php\\\/2022\\\/06\\\/15\\\/bilan-financier-de-la-faf-un-deficit-de-130-milliards-de-centimes\\\/\"},\"wordCount\":545,\"commentCount\":0,\"publisher\":{\"@id\":\"https:\\\/\\\/lasentinelle.dz\\\/#organization\"},\"image\":{\"@id\":\"https:\\\/\\\/lasentinelle.dz\\\/index.php\\\/2022\\\/06\\\/15\\\/bilan-financier-de-la-faf-un-deficit-de-130-milliards-de-centimes\\\/#primaryimage\"},\"thumbnailUrl\":\"https:\\\/\\\/lasentinelle.dz\\\/wp-content\\\/uploads\\\/2022\\\/06\\\/Amara-1.jpg\",\"articleSection\":[\"Sports\"],\"inLanguage\":\"fr-FR\",\"potentialAction\":[{\"@type\":\"CommentAction\",\"name\":\"Comment\",\"target\":[\"https:\\\/\\\/lasentinelle.dz\\\/index.php\\\/2022\\\/06\\\/15\\\/bilan-financier-de-la-faf-un-deficit-de-130-milliards-de-centimes\\\/#respond\"]}]},{\"@type\":\"WebPage\",\"@id\":\"https:\\\/\\\/lasentinelle.dz\\\/index.php\\\/2022\\\/06\\\/15\\\/bilan-financier-de-la-faf-un-deficit-de-130-milliards-de-centimes\\\/\",\"url\":\"https:\\\/\\\/lasentinelle.dz\\\/index.php\\\/2022\\\/06\\\/15\\\/bilan-financier-de-la-faf-un-deficit-de-130-milliards-de-centimes\\\/\",\"name\":\"Bilan financier de la FAF\u00a0:\u00a0Un d\u00e9ficit de 130 milliards de centimes ? \u00a0 - La Sentinelle\",\"isPartOf\":{\"@id\":\"https:\\\/\\\/lasentinelle.dz\\\/#website\"},\"primaryImageOfPage\":{\"@id\":\"https:\\\/\\\/lasentinelle.dz\\\/index.php\\\/2022\\\/06\\\/15\\\/bilan-financier-de-la-faf-un-deficit-de-130-milliards-de-centimes\\\/#primaryimage\"},\"image\":{\"@id\":\"https:\\\/\\\/lasentinelle.dz\\\/index.php\\\/2022\\\/06\\\/15\\\/bilan-financier-de-la-faf-un-deficit-de-130-milliards-de-centimes\\\/#primaryimage\"},\"thumbnailUrl\":\"https:\\\/\\\/lasentinelle.dz\\\/wp-content\\\/uploads\\\/2022\\\/06\\\/Amara-1.jpg\",\"datePublished\":\"2022-06-14T23:01:00+00:00\",\"breadcrumb\":{\"@id\":\"https:\\\/\\\/lasentinelle.dz\\\/index.php\\\/2022\\\/06\\\/15\\\/bilan-financier-de-la-faf-un-deficit-de-130-milliards-de-centimes\\\/#breadcrumb\"},\"inLanguage\":\"fr-FR\",\"potentialAction\":[{\"@type\":\"ReadAction\",\"target\":[\"https:\\\/\\\/lasentinelle.dz\\\/index.php\\\/2022\\\/06\\\/15\\\/bilan-financier-de-la-faf-un-deficit-de-130-milliards-de-centimes\\\/\"]}]},{\"@type\":\"ImageObject\",\"inLanguage\":\"fr-FR\",\"@id\":\"https:\\\/\\\/lasentinelle.dz\\\/index.php\\\/2022\\\/06\\\/15\\\/bilan-financier-de-la-faf-un-deficit-de-130-milliards-de-centimes\\\/#primaryimage\",\"url\":\"https:\\\/\\\/lasentinelle.dz\\\/wp-content\\\/uploads\\\/2022\\\/06\\\/Amara-1.jpg\",\"contentUrl\":\"https:\\\/\\\/lasentinelle.dz\\\/wp-content\\\/uploads\\\/2022\\\/06\\\/Amara-1.jpg\",\"width\":2486,\"height\":1488},{\"@type\":\"BreadcrumbList\",\"@id\":\"https:\\\/\\\/lasentinelle.dz\\\/index.php\\\/2022\\\/06\\\/15\\\/bilan-financier-de-la-faf-un-deficit-de-130-milliards-de-centimes\\\/#breadcrumb\",\"itemListElement\":[{\"@type\":\"ListItem\",\"position\":1,\"name\":\"Accueil\",\"item\":\"https:\\\/\\\/lasentinelle.dz\\\/\"},{\"@type\":\"ListItem\",\"position\":2,\"name\":\"Bilan financier de la FAF\u00a0:\u00a0Un d\u00e9ficit de 130 milliards de centimes ? \u00a0\"}]},{\"@type\":\"WebSite\",\"@id\":\"https:\\\/\\\/lasentinelle.dz\\\/#website\",\"url\":\"https:\\\/\\\/lasentinelle.dz\\\/\",\"name\":\"La Sentinelle\",\"description\":\"Quotidien national d&#039;information\",\"publisher\":{\"@id\":\"https:\\\/\\\/lasentinelle.dz\\\/#organization\"},\"potentialAction\":[{\"@type\":\"SearchAction\",\"target\":{\"@type\":\"EntryPoint\",\"urlTemplate\":\"https:\\\/\\\/lasentinelle.dz\\\/?s={search_term_string}\"},\"query-input\":{\"@type\":\"PropertyValueSpecification\",\"valueRequired\":true,\"valueName\":\"search_term_string\"}}],\"inLanguage\":\"fr-FR\"},{\"@type\":\"Organization\",\"@id\":\"https:\\\/\\\/lasentinelle.dz\\\/#organization\",\"name\":\"Quotidien La Sentinelle\",\"url\":\"https:\\\/\\\/lasentinelle.dz\\\/\",\"logo\":{\"@type\":\"ImageObject\",\"inLanguage\":\"fr-FR\",\"@id\":\"https:\\\/\\\/lasentinelle.dz\\\/#\\\/schema\\\/logo\\\/image\\\/\",\"url\":\"https:\\\/\\\/lasentinelle.dz\\\/wp-content\\\/uploads\\\/2021\\\/09\\\/logo-sentinelleSLOGAN-1.png\",\"contentUrl\":\"https:\\\/\\\/lasentinelle.dz\\\/wp-content\\\/uploads\\\/2021\\\/09\\\/logo-sentinelleSLOGAN-1.png\",\"width\":615,\"height\":142,\"caption\":\"Quotidien La Sentinelle\"},\"image\":{\"@id\":\"https:\\\/\\\/lasentinelle.dz\\\/#\\\/schema\\\/logo\\\/image\\\/\"},\"sameAs\":[\"https:\\\/\\\/www.facebook.com\\\/La-Sentinelle-104059864394773\"]},{\"@type\":\"Person\",\"@id\":\"https:\\\/\\\/lasentinelle.dz\\\/#\\\/schema\\\/person\\\/d865044e22e70a75174ce8bcad3acfb3\",\"name\":\"La Sentinelle\",\"image\":{\"@type\":\"ImageObject\",\"inLanguage\":\"fr-FR\",\"@id\":\"https:\\\/\\\/secure.gravatar.com\\\/avatar\\\/57de8e5d4b15d43fb361a71fbb36338450fe67865b528a43dd10ef7c51a20392?s=96&d=mm&r=g\",\"url\":\"https:\\\/\\\/secure.gravatar.com\\\/avatar\\\/57de8e5d4b15d43fb361a71fbb36338450fe67865b528a43dd10ef7c51a20392?s=96&d=mm&r=g\",\"contentUrl\":\"https:\\\/\\\/secure.gravatar.com\\\/avatar\\\/57de8e5d4b15d43fb361a71fbb36338450fe67865b528a43dd10ef7c51a20392?s=96&d=mm&r=g\",\"caption\":\"La Sentinelle\"},\"sameAs\":[\"http:\\\/\\\/www.lasentinelle.dz\"],\"url\":\"https:\\\/\\\/lasentinelle.dz\\\/author\\\/redaction\\\/\"}]}<\/script>\n<!-- \/ Yoast SEO plugin. -->","yoast_head_json":{"title":"Bilan financier de la FAF\u00a0:\u00a0Un d\u00e9ficit de 130 milliards de centimes ? \u00a0 - La Sentinelle","robots":{"index":"index","follow":"follow","max-snippet":"max-snippet:-1","max-image-preview":"max-image-preview:large","max-video-preview":"max-video-preview:-1"},"canonical":"https:\/\/lasentinelle.dz\/index.php\/2022\/06\/15\/bilan-financier-de-la-faf-un-deficit-de-130-milliards-de-centimes\/","og_locale":"fr_FR","og_type":"article","og_title":"Bilan financier de la FAF\u00a0:\u00a0Un d\u00e9ficit de 130 milliards de centimes ? \u00a0 - La Sentinelle","og_description":"Des chiffres qui donnent le tournis. Et un d\u00e9ficit budg\u00e9taire hallucinant. En gros, l\u2019ann\u00e9e de gestion financi\u00e8re de Charaf-Eddine Amara","og_url":"https:\/\/lasentinelle.dz\/index.php\/2022\/06\/15\/bilan-financier-de-la-faf-un-deficit-de-130-milliards-de-centimes\/","og_site_name":"La Sentinelle","article_publisher":"https:\/\/www.facebook.com\/La-Sentinelle-104059864394773","article_published_time":"2022-06-14T23:01:00+00:00","og_image":[{"width":2486,"height":1488,"url":"https:\/\/lasentinelle.dz\/wp-content\/uploads\/2022\/06\/Amara-1.jpg","type":"image\/jpeg"}],"author":"La Sentinelle","twitter_card":"summary_large_image","twitter_misc":{"\u00c9crit par":"La Sentinelle","Dur\u00e9e de lecture estim\u00e9e":"3 minutes"},"schema":{"@context":"https:\/\/schema.org","@graph":[{"@type":"Article","@id":"https:\/\/lasentinelle.dz\/index.php\/2022\/06\/15\/bilan-financier-de-la-faf-un-deficit-de-130-milliards-de-centimes\/#article","isPartOf":{"@id":"https:\/\/lasentinelle.dz\/index.php\/2022\/06\/15\/bilan-financier-de-la-faf-un-deficit-de-130-milliards-de-centimes\/"},"author":{"name":"La Sentinelle","@id":"https:\/\/lasentinelle.dz\/#\/schema\/person\/d865044e22e70a75174ce8bcad3acfb3"},"headline":"Bilan financier de la FAF\u00a0:\u00a0Un d\u00e9ficit de 130 milliards de centimes ? \u00a0","datePublished":"2022-06-14T23:01:00+00:00","mainEntityOfPage":{"@id":"https:\/\/lasentinelle.dz\/index.php\/2022\/06\/15\/bilan-financier-de-la-faf-un-deficit-de-130-milliards-de-centimes\/"},"wordCount":545,"commentCount":0,"publisher":{"@id":"https:\/\/lasentinelle.dz\/#organization"},"image":{"@id":"https:\/\/lasentinelle.dz\/index.php\/2022\/06\/15\/bilan-financier-de-la-faf-un-deficit-de-130-milliards-de-centimes\/#primaryimage"},"thumbnailUrl":"https:\/\/lasentinelle.dz\/wp-content\/uploads\/2022\/06\/Amara-1.jpg","articleSection":["Sports"],"inLanguage":"fr-FR","potentialAction":[{"@type":"CommentAction","name":"Comment","target":["https:\/\/lasentinelle.dz\/index.php\/2022\/06\/15\/bilan-financier-de-la-faf-un-deficit-de-130-milliards-de-centimes\/#respond"]}]},{"@type":"WebPage","@id":"https:\/\/lasentinelle.dz\/index.php\/2022\/06\/15\/bilan-financier-de-la-faf-un-deficit-de-130-milliards-de-centimes\/","url":"https:\/\/lasentinelle.dz\/index.php\/2022\/06\/15\/bilan-financier-de-la-faf-un-deficit-de-130-milliards-de-centimes\/","name":"Bilan financier de la FAF\u00a0:\u00a0Un d\u00e9ficit de 130 milliards de centimes ? \u00a0 - La Sentinelle","isPartOf":{"@id":"https:\/\/lasentinelle.dz\/#website"},"primaryImageOfPage":{"@id":"https:\/\/lasentinelle.dz\/index.php\/2022\/06\/15\/bilan-financier-de-la-faf-un-deficit-de-130-milliards-de-centimes\/#primaryimage"},"image":{"@id":"https:\/\/lasentinelle.dz\/index.php\/2022\/06\/15\/bilan-financier-de-la-faf-un-deficit-de-130-milliards-de-centimes\/#primaryimage"},"thumbnailUrl":"https:\/\/lasentinelle.dz\/wp-content\/uploads\/2022\/06\/Amara-1.jpg","datePublished":"2022-06-14T23:01:00+00:00","breadcrumb":{"@id":"https:\/\/lasentinelle.dz\/index.php\/2022\/06\/15\/bilan-financier-de-la-faf-un-deficit-de-130-milliards-de-centimes\/#breadcrumb"},"inLanguage":"fr-FR","potentialAction":[{"@type":"ReadAction","target":["https:\/\/lasentinelle.dz\/index.php\/2022\/06\/15\/bilan-financier-de-la-faf-un-deficit-de-130-milliards-de-centimes\/"]}]},{"@type":"ImageObject","inLanguage":"fr-FR","@id":"https:\/\/lasentinelle.dz\/index.php\/2022\/06\/15\/bilan-financier-de-la-faf-un-deficit-de-130-milliards-de-centimes\/#primaryimage","url":"https:\/\/lasentinelle.dz\/wp-content\/uploads\/2022\/06\/Amara-1.jpg","contentUrl":"https:\/\/lasentinelle.dz\/wp-content\/uploads\/2022\/06\/Amara-1.jpg","width":2486,"height":1488},{"@type":"BreadcrumbList","@id":"https:\/\/lasentinelle.dz\/index.php\/2022\/06\/15\/bilan-financier-de-la-faf-un-deficit-de-130-milliards-de-centimes\/#breadcrumb","itemListElement":[{"@type":"ListItem","position":1,"name":"Accueil","item":"https:\/\/lasentinelle.dz\/"},{"@type":"ListItem","position":2,"name":"Bilan financier de la FAF\u00a0:\u00a0Un d\u00e9ficit de 130 milliards de centimes ? \u00a0"}]},{"@type":"WebSite","@id":"https:\/\/lasentinelle.dz\/#website","url":"https:\/\/lasentinelle.dz\/","name":"La Sentinelle","description":"Quotidien national d&#039;information","publisher":{"@id":"https:\/\/lasentinelle.dz\/#organization"},"potentialAction":[{"@type":"SearchAction","target":{"@type":"EntryPoint","urlTemplate":"https:\/\/lasentinelle.dz\/?s={search_term_string}"},"query-input":{"@type":"PropertyValueSpecification","valueRequired":true,"valueName":"search_term_string"}}],"inLanguage":"fr-FR"},{"@type":"Organization","@id":"https:\/\/lasentinelle.dz\/#organization","name":"Quotidien La Sentinelle","url":"https:\/\/lasentinelle.dz\/","logo":{"@type":"ImageObject","inLanguage":"fr-FR","@id":"https:\/\/lasentinelle.dz\/#\/schema\/logo\/image\/","url":"https:\/\/lasentinelle.dz\/wp-content\/uploads\/2021\/09\/logo-sentinelleSLOGAN-1.png","contentUrl":"https:\/\/lasentinelle.dz\/wp-content\/uploads\/2021\/09\/logo-sentinelleSLOGAN-1.png","width":615,"height":142,"caption":"Quotidien La Sentinelle"},"image":{"@id":"https:\/\/lasentinelle.dz\/#\/schema\/logo\/image\/"},"sameAs":["https:\/\/www.facebook.com\/La-Sentinelle-104059864394773"]},{"@type":"Person","@id":"https:\/\/lasentinelle.dz\/#\/schema\/person\/d865044e22e70a75174ce8bcad3acfb3","name":"La Sentinelle","image":{"@type":"ImageObject","inLanguage":"fr-FR","@id":"https:\/\/secure.gravatar.com\/avatar\/57de8e5d4b15d43fb361a71fbb36338450fe67865b528a43dd10ef7c51a20392?s=96&d=mm&r=g","url":"https:\/\/secure.gravatar.com\/avatar\/57de8e5d4b15d43fb361a71fbb36338450fe67865b528a43dd10ef7c51a20392?s=96&d=mm&r=g","contentUrl":"https:\/\/secure.gravatar.com\/avatar\/57de8e5d4b15d43fb361a71fbb36338450fe67865b528a43dd10ef7c51a20392?s=96&d=mm&r=g","caption":"La Sentinelle"},"sameAs":["http:\/\/www.lasentinelle.dz"],"url":"https:\/\/lasentinelle.dz\/author\/redaction\/"}]}},"_links":{"self":[{"href":"https:\/\/lasentinelle.dz\/index.php\/wp-json\/wp\/v2\/posts\/22505","targetHints":{"allow":["GET"]}}],"collection":[{"href":"https:\/\/lasentinelle.dz\/index.php\/wp-json\/wp\/v2\/posts"}],"about":[{"href":"https:\/\/lasentinelle.dz\/index.php\/wp-json\/wp\/v2\/types\/post"}],"author":[{"embeddable":true,"href":"https:\/\/lasentinelle.dz\/index.php\/wp-json\/wp\/v2\/users\/3"}],"replies":[{"embeddable":true,"href":"https:\/\/lasentinelle.dz\/index.php\/wp-json\/wp\/v2\/comments?post=22505"}],"version-history":[{"count":1,"href":"https:\/\/lasentinelle.dz\/index.php\/wp-json\/wp\/v2\/posts\/22505\/revisions"}],"predecessor-version":[{"id":22509,"href":"https:\/\/lasentinelle.dz\/index.php\/wp-json\/wp\/v2\/posts\/22505\/revisions\/22509"}],"wp:featuredmedia":[{"embeddable":true,"href":"https:\/\/lasentinelle.dz\/index.php\/wp-json\/wp\/v2\/media\/22508"}],"wp:attachment":[{"href":"https:\/\/lasentinelle.dz\/index.php\/wp-json\/wp\/v2\/media?parent=22505"}],"wp:term":[{"taxonomy":"category","embeddable":true,"href":"https:\/\/lasentinelle.dz\/index.php\/wp-json\/wp\/v2\/categories?post=22505"},{"taxonomy":"post_tag","embeddable":true,"href":"https:\/\/lasentinelle.dz\/index.php\/wp-json\/wp\/v2\/tags?post=22505"}],"curies":[{"name":"wp","href":"https:\/\/api.w.org\/{rel}","templated":true}]}}