{"id":22520,"date":"2022-06-15T00:01:00","date_gmt":"2022-06-14T23:01:00","guid":{"rendered":"https:\/\/lasentinelle.dz\/?p=22520"},"modified":"2022-06-14T18:02:38","modified_gmt":"2022-06-14T17:02:38","slug":"palestine-occupee-450-enfants-arretes-par-loccupation-depuis-le-debut-de-lannee","status":"publish","type":"post","link":"https:\/\/lasentinelle.dz\/index.php\/2022\/06\/15\/palestine-occupee-450-enfants-arretes-par-loccupation-depuis-le-debut-de-lannee\/","title":{"rendered":"Palestine occup\u00e9e\u00a0:\u00a0450 enfants arr\u00eat\u00e9s par l\u2019occupation depuis le d\u00e9but de l\u2019ann\u00e9e\u00a0"},"content":{"rendered":"\n<p>commission des affaires des prisonniers et ex-prisonniers a indiqu\u00e9 que les autorit\u00e9s de l\u2019occupation&nbsp;sioniste&nbsp;ont arr\u00eat\u00e9 450 enfants palestiniens, dont 353 r\u00e9sidents de la ville&nbsp;d\u2019El-Qods, depuis le d\u00e9but de l\u2019ann\u00e9e&nbsp;e, cours.&nbsp;<\/p>\n\n\n\n<p>Dans un communiqu\u00e9 de presse&nbsp;hier et relay\u00e9 par l\u2019agence de presse palestinienne Wafa, la commission a r\u00e9v\u00e9l\u00e9 que les autorit\u00e9s de l\u2019occupation d\u00e9tiennent toujours 170 enfants palestiniens dans les ge\u00f4les de l\u2019occupation, dont le plus connu l\u2019enfant Ahmad Manasra qui souffre de conditions de d\u00e9tention tr\u00e8s d\u00e9plorables.&nbsp;&nbsp;L&rsquo;occupation ignore les r\u00e9solutions internationales qui garantissent les droits de l\u2019enfant. D&rsquo;ailleurs, les autorit\u00e9s de l\u2019occupation maltraitent les enfants d\u00e9tenus et les exposent aux pires conditions de d\u00e9tention, pr\u00e9cise la m\u00eame source.&nbsp;&nbsp;L&rsquo;occupation arr\u00eate d\u00e9lib\u00e9r\u00e9ment les enfants de leurs maisons et de leurs \u00e9coles, les d\u00e9tiennent dans des ge\u00f4les sous des conditions inhumaines, les privant de leurs moindres droits, y compris le droit d\u2019\u00e9ducation, d\u2019obtenir un traitement et d\u2019avoir un proc\u00e8s \u00e9quitable, rappelle-t-on.&nbsp;&nbsp;La commission a \u00e9galement affirm\u00e9 que l\u2019occupation isole les enfants, les torture et les oblige \u00e0 donner de faux t\u00e9moignages.&nbsp;&nbsp;En outre, les autorit\u00e9s de l\u2019occupation imposent des amendes exorbitantes contre les enfants.&nbsp;&nbsp;Plus de 1300 enfants, des deux genres, ont \u00e9t\u00e9 arr\u00eat\u00e9s l\u2019ann\u00e9e 2021.<\/p>\n\n\n\n<p>Lundi soir, les forces d&rsquo;occupation isra\u00e9liennes ont appr\u00e9hend\u00e9 deux adolescents palestiniens dans le gouvernorat de Ramallah en Cisjordanie occup\u00e9e, selon des sources de s\u00e9curit\u00e9, cit\u00e9es par Wafa.&nbsp;Les forces d&rsquo;occupation ont arr\u00eat\u00e9 un adolescent de 14 ans de la ville de Silwad alors qu&rsquo;il \u00e9tait pr\u00e9sent \u00e0 proximit\u00e9 de la colonie isra\u00e9lienne ill\u00e9gale d&rsquo;Ofra.<\/p>\n\n\n\n<p>Un autre mineur de 14 ans a \u00e9t\u00e9 \u00e9galement arr\u00eat\u00e9 par les&nbsp;forces&nbsp;d&rsquo;occupation dans la ville de Beitunia, \u00e0 l&rsquo;ouest de Ramallah, alors qu&rsquo;il se trouvait avec son p\u00e8re sur leur terrain situ\u00e9 derri\u00e8re la barri\u00e8re de s\u00e9paration.&nbsp;Il convient de mentionner que les forces d\u2019occupation ont arr\u00eat\u00e9 en mai dernier 76 enfants de diff\u00e9rentes r\u00e9gions des territoires palestiniens occup\u00e9s.<\/p>\n\n\n\n<p>\u00c0&nbsp;El-Qods&nbsp;occup\u00e9e, la police d&rsquo;occupation ont arr\u00eat\u00e9 trois jeunes Palestiniens de diff\u00e9rents&nbsp;quartiers&nbsp;de la ville.<\/p>\n\n\n\n<p>Notons par ailleurs que&nbsp;les forces de l\u2019occupation ont arr\u00eat\u00e9 11 civils palestiniens dans diff\u00e9rentes r\u00e9gions en Cisjordanie occup\u00e9e, selon des sources locales palestiniennes.&nbsp;&nbsp;Les m\u00eames sources ont r\u00e9v\u00e9l\u00e9 que les&nbsp;forces de l\u2019occupation ont arr\u00eat\u00e9 deux jeunes palestiniens \u00e0 Naplouse, deux \u00e0 Tulkarem, deux \u00e0 J\u00e9nine, deux \u00e0 H\u00e9bron, un \u00e0 Ramallah et deux, dont une femme, \u00e0 Bethl\u00e9em, apr\u00e8s avoir perquisitionn\u00e9 et fouill\u00e9 les maisons de leurs parents.&nbsp;&nbsp;Il convient de mentionner que les forces de l\u2019occupation font r\u00e9guli\u00e8rement des descentes dans les villes palestiniennes, arr\u00eatant des dizaines de citoyens.<\/p>\n\n\n\n<p>R.I.<\/p>\n","protected":false},"excerpt":{"rendered":"<p>commission des affaires des prisonniers et ex-prisonniers a indiqu\u00e9 que les autorit\u00e9s de l\u2019occupation&nbsp;sioniste&nbsp;ont arr\u00eat\u00e9 450 enfants palestiniens, dont 353<\/p>\n","protected":false},"author":3,"featured_media":22524,"comment_status":"open","ping_status":"closed","sticky":false,"template":"","format":"standard","meta":{"colormag_page_container_layout":"default_layout","colormag_page_sidebar_layout":"default_layout","om_disable_all_campaigns":false,"_monsterinsights_skip_tracking":false,"_monsterinsights_sitenote_active":false,"_monsterinsights_sitenote_note":"","_monsterinsights_sitenote_category":0,"footnotes":"","_wpscppro_dont_share_socialmedia":false,"_wpscppro_custom_social_share_image":0,"_facebook_share_type":"","_twitter_share_type":"","_linkedin_share_type":"","_pinterest_share_type":"","_linkedin_share_type_page":"","_instagram_share_type":"","_medium_share_type":"","_threads_share_type":"","_google_business_share_type":"","_selected_social_profile":[],"_wpsp_enable_custom_social_template":false,"_wpsp_social_scheduling":{"enabled":false,"datetime":null,"platforms":[],"status":"template_only","dateOption":"today","timeOption":"now","customDays":"","customHours":"","customDate":"","customTime":"","schedulingType":"absolute"},"_wpsp_active_default_template":true},"categories":[37],"tags":[],"class_list":["post-22520","post","type-post","status-publish","format-standard","has-post-thumbnail","hentry","category-monde"],"aioseo_notices":[],"yoast_head":"<!-- This site is optimized with the Yoast SEO plugin v27.5 - https:\/\/yoast.com\/product\/yoast-seo-wordpress\/ -->\n<title>Palestine occup\u00e9e\u00a0:\u00a0450 enfants arr\u00eat\u00e9s par l\u2019occupation depuis le d\u00e9but de l\u2019ann\u00e9e\u00a0 - La Sentinelle<\/title>\n<meta name=\"robots\" content=\"index, follow, max-snippet:-1, max-image-preview:large, max-video-preview:-1\" \/>\n<link rel=\"canonical\" href=\"https:\/\/lasentinelle.dz\/index.php\/2022\/06\/15\/palestine-occupee-450-enfants-arretes-par-loccupation-depuis-le-debut-de-lannee\/\" \/>\n<meta property=\"og:locale\" content=\"fr_FR\" \/>\n<meta property=\"og:type\" content=\"article\" \/>\n<meta property=\"og:title\" content=\"Palestine occup\u00e9e\u00a0:\u00a0450 enfants arr\u00eat\u00e9s par l\u2019occupation depuis le d\u00e9but de l\u2019ann\u00e9e\u00a0 - La Sentinelle\" \/>\n<meta property=\"og:description\" content=\"commission des affaires des prisonniers et ex-prisonniers a indiqu\u00e9 que les autorit\u00e9s de l\u2019occupation&nbsp;sioniste&nbsp;ont arr\u00eat\u00e9 450 enfants palestiniens, dont 353\" \/>\n<meta property=\"og:url\" content=\"https:\/\/lasentinelle.dz\/index.php\/2022\/06\/15\/palestine-occupee-450-enfants-arretes-par-loccupation-depuis-le-debut-de-lannee\/\" \/>\n<meta property=\"og:site_name\" content=\"La Sentinelle\" \/>\n<meta property=\"article:publisher\" content=\"https:\/\/www.facebook.com\/La-Sentinelle-104059864394773\" \/>\n<meta property=\"article:published_time\" content=\"2022-06-14T23:01:00+00:00\" \/>\n<meta property=\"og:image\" content=\"https:\/\/lasentinelle.dz\/wp-content\/uploads\/2022\/06\/palestine.png\" \/>\n\t<meta property=\"og:image:width\" content=\"1475\" \/>\n\t<meta property=\"og:image:height\" content=\"900\" \/>\n\t<meta property=\"og:image:type\" content=\"image\/png\" \/>\n<meta name=\"author\" content=\"La Sentinelle\" \/>\n<meta name=\"twitter:card\" content=\"summary_large_image\" \/>\n<meta name=\"twitter:label1\" content=\"\u00c9crit par\" \/>\n\t<meta name=\"twitter:data1\" content=\"La Sentinelle\" \/>\n\t<meta name=\"twitter:label2\" content=\"Dur\u00e9e de lecture estim\u00e9e\" \/>\n\t<meta name=\"twitter:data2\" content=\"3 minutes\" \/>\n<script type=\"application\/ld+json\" class=\"yoast-schema-graph\">{\"@context\":\"https:\\\/\\\/schema.org\",\"@graph\":[{\"@type\":\"Article\",\"@id\":\"https:\\\/\\\/lasentinelle.dz\\\/index.php\\\/2022\\\/06\\\/15\\\/palestine-occupee-450-enfants-arretes-par-loccupation-depuis-le-debut-de-lannee\\\/#article\",\"isPartOf\":{\"@id\":\"https:\\\/\\\/lasentinelle.dz\\\/index.php\\\/2022\\\/06\\\/15\\\/palestine-occupee-450-enfants-arretes-par-loccupation-depuis-le-debut-de-lannee\\\/\"},\"author\":{\"name\":\"La Sentinelle\",\"@id\":\"https:\\\/\\\/lasentinelle.dz\\\/#\\\/schema\\\/person\\\/d865044e22e70a75174ce8bcad3acfb3\"},\"headline\":\"Palestine occup\u00e9e\u00a0:\u00a0450 enfants arr\u00eat\u00e9s par l\u2019occupation depuis le d\u00e9but de l\u2019ann\u00e9e\u00a0\",\"datePublished\":\"2022-06-14T23:01:00+00:00\",\"mainEntityOfPage\":{\"@id\":\"https:\\\/\\\/lasentinelle.dz\\\/index.php\\\/2022\\\/06\\\/15\\\/palestine-occupee-450-enfants-arretes-par-loccupation-depuis-le-debut-de-lannee\\\/\"},\"wordCount\":552,\"commentCount\":0,\"publisher\":{\"@id\":\"https:\\\/\\\/lasentinelle.dz\\\/#organization\"},\"image\":{\"@id\":\"https:\\\/\\\/lasentinelle.dz\\\/index.php\\\/2022\\\/06\\\/15\\\/palestine-occupee-450-enfants-arretes-par-loccupation-depuis-le-debut-de-lannee\\\/#primaryimage\"},\"thumbnailUrl\":\"https:\\\/\\\/lasentinelle.dz\\\/wp-content\\\/uploads\\\/2022\\\/06\\\/palestine.png\",\"articleSection\":[\"Monde\"],\"inLanguage\":\"fr-FR\",\"potentialAction\":[{\"@type\":\"CommentAction\",\"name\":\"Comment\",\"target\":[\"https:\\\/\\\/lasentinelle.dz\\\/index.php\\\/2022\\\/06\\\/15\\\/palestine-occupee-450-enfants-arretes-par-loccupation-depuis-le-debut-de-lannee\\\/#respond\"]}]},{\"@type\":\"WebPage\",\"@id\":\"https:\\\/\\\/lasentinelle.dz\\\/index.php\\\/2022\\\/06\\\/15\\\/palestine-occupee-450-enfants-arretes-par-loccupation-depuis-le-debut-de-lannee\\\/\",\"url\":\"https:\\\/\\\/lasentinelle.dz\\\/index.php\\\/2022\\\/06\\\/15\\\/palestine-occupee-450-enfants-arretes-par-loccupation-depuis-le-debut-de-lannee\\\/\",\"name\":\"Palestine occup\u00e9e\u00a0:\u00a0450 enfants arr\u00eat\u00e9s par l\u2019occupation depuis le d\u00e9but de l\u2019ann\u00e9e\u00a0 - La Sentinelle\",\"isPartOf\":{\"@id\":\"https:\\\/\\\/lasentinelle.dz\\\/#website\"},\"primaryImageOfPage\":{\"@id\":\"https:\\\/\\\/lasentinelle.dz\\\/index.php\\\/2022\\\/06\\\/15\\\/palestine-occupee-450-enfants-arretes-par-loccupation-depuis-le-debut-de-lannee\\\/#primaryimage\"},\"image\":{\"@id\":\"https:\\\/\\\/lasentinelle.dz\\\/index.php\\\/2022\\\/06\\\/15\\\/palestine-occupee-450-enfants-arretes-par-loccupation-depuis-le-debut-de-lannee\\\/#primaryimage\"},\"thumbnailUrl\":\"https:\\\/\\\/lasentinelle.dz\\\/wp-content\\\/uploads\\\/2022\\\/06\\\/palestine.png\",\"datePublished\":\"2022-06-14T23:01:00+00:00\",\"breadcrumb\":{\"@id\":\"https:\\\/\\\/lasentinelle.dz\\\/index.php\\\/2022\\\/06\\\/15\\\/palestine-occupee-450-enfants-arretes-par-loccupation-depuis-le-debut-de-lannee\\\/#breadcrumb\"},\"inLanguage\":\"fr-FR\",\"potentialAction\":[{\"@type\":\"ReadAction\",\"target\":[\"https:\\\/\\\/lasentinelle.dz\\\/index.php\\\/2022\\\/06\\\/15\\\/palestine-occupee-450-enfants-arretes-par-loccupation-depuis-le-debut-de-lannee\\\/\"]}]},{\"@type\":\"ImageObject\",\"inLanguage\":\"fr-FR\",\"@id\":\"https:\\\/\\\/lasentinelle.dz\\\/index.php\\\/2022\\\/06\\\/15\\\/palestine-occupee-450-enfants-arretes-par-loccupation-depuis-le-debut-de-lannee\\\/#primaryimage\",\"url\":\"https:\\\/\\\/lasentinelle.dz\\\/wp-content\\\/uploads\\\/2022\\\/06\\\/palestine.png\",\"contentUrl\":\"https:\\\/\\\/lasentinelle.dz\\\/wp-content\\\/uploads\\\/2022\\\/06\\\/palestine.png\",\"width\":1475,\"height\":900},{\"@type\":\"BreadcrumbList\",\"@id\":\"https:\\\/\\\/lasentinelle.dz\\\/index.php\\\/2022\\\/06\\\/15\\\/palestine-occupee-450-enfants-arretes-par-loccupation-depuis-le-debut-de-lannee\\\/#breadcrumb\",\"itemListElement\":[{\"@type\":\"ListItem\",\"position\":1,\"name\":\"Accueil\",\"item\":\"https:\\\/\\\/lasentinelle.dz\\\/\"},{\"@type\":\"ListItem\",\"position\":2,\"name\":\"Palestine occup\u00e9e\u00a0:\u00a0450 enfants arr\u00eat\u00e9s par l\u2019occupation depuis le d\u00e9but de l\u2019ann\u00e9e\u00a0\"}]},{\"@type\":\"WebSite\",\"@id\":\"https:\\\/\\\/lasentinelle.dz\\\/#website\",\"url\":\"https:\\\/\\\/lasentinelle.dz\\\/\",\"name\":\"La Sentinelle\",\"description\":\"Quotidien national d&#039;information\",\"publisher\":{\"@id\":\"https:\\\/\\\/lasentinelle.dz\\\/#organization\"},\"potentialAction\":[{\"@type\":\"SearchAction\",\"target\":{\"@type\":\"EntryPoint\",\"urlTemplate\":\"https:\\\/\\\/lasentinelle.dz\\\/?s={search_term_string}\"},\"query-input\":{\"@type\":\"PropertyValueSpecification\",\"valueRequired\":true,\"valueName\":\"search_term_string\"}}],\"inLanguage\":\"fr-FR\"},{\"@type\":\"Organization\",\"@id\":\"https:\\\/\\\/lasentinelle.dz\\\/#organization\",\"name\":\"Quotidien La Sentinelle\",\"url\":\"https:\\\/\\\/lasentinelle.dz\\\/\",\"logo\":{\"@type\":\"ImageObject\",\"inLanguage\":\"fr-FR\",\"@id\":\"https:\\\/\\\/lasentinelle.dz\\\/#\\\/schema\\\/logo\\\/image\\\/\",\"url\":\"https:\\\/\\\/lasentinelle.dz\\\/wp-content\\\/uploads\\\/2021\\\/09\\\/logo-sentinelleSLOGAN-1.png\",\"contentUrl\":\"https:\\\/\\\/lasentinelle.dz\\\/wp-content\\\/uploads\\\/2021\\\/09\\\/logo-sentinelleSLOGAN-1.png\",\"width\":615,\"height\":142,\"caption\":\"Quotidien La Sentinelle\"},\"image\":{\"@id\":\"https:\\\/\\\/lasentinelle.dz\\\/#\\\/schema\\\/logo\\\/image\\\/\"},\"sameAs\":[\"https:\\\/\\\/www.facebook.com\\\/La-Sentinelle-104059864394773\"]},{\"@type\":\"Person\",\"@id\":\"https:\\\/\\\/lasentinelle.dz\\\/#\\\/schema\\\/person\\\/d865044e22e70a75174ce8bcad3acfb3\",\"name\":\"La Sentinelle\",\"image\":{\"@type\":\"ImageObject\",\"inLanguage\":\"fr-FR\",\"@id\":\"https:\\\/\\\/secure.gravatar.com\\\/avatar\\\/57de8e5d4b15d43fb361a71fbb36338450fe67865b528a43dd10ef7c51a20392?s=96&d=mm&r=g\",\"url\":\"https:\\\/\\\/secure.gravatar.com\\\/avatar\\\/57de8e5d4b15d43fb361a71fbb36338450fe67865b528a43dd10ef7c51a20392?s=96&d=mm&r=g\",\"contentUrl\":\"https:\\\/\\\/secure.gravatar.com\\\/avatar\\\/57de8e5d4b15d43fb361a71fbb36338450fe67865b528a43dd10ef7c51a20392?s=96&d=mm&r=g\",\"caption\":\"La Sentinelle\"},\"sameAs\":[\"http:\\\/\\\/www.lasentinelle.dz\"],\"url\":\"https:\\\/\\\/lasentinelle.dz\\\/author\\\/redaction\\\/\"}]}<\/script>\n<!-- \/ Yoast SEO plugin. -->","yoast_head_json":{"title":"Palestine occup\u00e9e\u00a0:\u00a0450 enfants arr\u00eat\u00e9s par l\u2019occupation depuis le d\u00e9but de l\u2019ann\u00e9e\u00a0 - La Sentinelle","robots":{"index":"index","follow":"follow","max-snippet":"max-snippet:-1","max-image-preview":"max-image-preview:large","max-video-preview":"max-video-preview:-1"},"canonical":"https:\/\/lasentinelle.dz\/index.php\/2022\/06\/15\/palestine-occupee-450-enfants-arretes-par-loccupation-depuis-le-debut-de-lannee\/","og_locale":"fr_FR","og_type":"article","og_title":"Palestine occup\u00e9e\u00a0:\u00a0450 enfants arr\u00eat\u00e9s par l\u2019occupation depuis le d\u00e9but de l\u2019ann\u00e9e\u00a0 - La Sentinelle","og_description":"commission des affaires des prisonniers et ex-prisonniers a indiqu\u00e9 que les autorit\u00e9s de l\u2019occupation&nbsp;sioniste&nbsp;ont arr\u00eat\u00e9 450 enfants palestiniens, dont 353","og_url":"https:\/\/lasentinelle.dz\/index.php\/2022\/06\/15\/palestine-occupee-450-enfants-arretes-par-loccupation-depuis-le-debut-de-lannee\/","og_site_name":"La Sentinelle","article_publisher":"https:\/\/www.facebook.com\/La-Sentinelle-104059864394773","article_published_time":"2022-06-14T23:01:00+00:00","og_image":[{"width":1475,"height":900,"url":"https:\/\/lasentinelle.dz\/wp-content\/uploads\/2022\/06\/palestine.png","type":"image\/png"}],"author":"La Sentinelle","twitter_card":"summary_large_image","twitter_misc":{"\u00c9crit par":"La Sentinelle","Dur\u00e9e de lecture estim\u00e9e":"3 minutes"},"schema":{"@context":"https:\/\/schema.org","@graph":[{"@type":"Article","@id":"https:\/\/lasentinelle.dz\/index.php\/2022\/06\/15\/palestine-occupee-450-enfants-arretes-par-loccupation-depuis-le-debut-de-lannee\/#article","isPartOf":{"@id":"https:\/\/lasentinelle.dz\/index.php\/2022\/06\/15\/palestine-occupee-450-enfants-arretes-par-loccupation-depuis-le-debut-de-lannee\/"},"author":{"name":"La Sentinelle","@id":"https:\/\/lasentinelle.dz\/#\/schema\/person\/d865044e22e70a75174ce8bcad3acfb3"},"headline":"Palestine occup\u00e9e\u00a0:\u00a0450 enfants arr\u00eat\u00e9s par l\u2019occupation depuis le d\u00e9but de l\u2019ann\u00e9e\u00a0","datePublished":"2022-06-14T23:01:00+00:00","mainEntityOfPage":{"@id":"https:\/\/lasentinelle.dz\/index.php\/2022\/06\/15\/palestine-occupee-450-enfants-arretes-par-loccupation-depuis-le-debut-de-lannee\/"},"wordCount":552,"commentCount":0,"publisher":{"@id":"https:\/\/lasentinelle.dz\/#organization"},"image":{"@id":"https:\/\/lasentinelle.dz\/index.php\/2022\/06\/15\/palestine-occupee-450-enfants-arretes-par-loccupation-depuis-le-debut-de-lannee\/#primaryimage"},"thumbnailUrl":"https:\/\/lasentinelle.dz\/wp-content\/uploads\/2022\/06\/palestine.png","articleSection":["Monde"],"inLanguage":"fr-FR","potentialAction":[{"@type":"CommentAction","name":"Comment","target":["https:\/\/lasentinelle.dz\/index.php\/2022\/06\/15\/palestine-occupee-450-enfants-arretes-par-loccupation-depuis-le-debut-de-lannee\/#respond"]}]},{"@type":"WebPage","@id":"https:\/\/lasentinelle.dz\/index.php\/2022\/06\/15\/palestine-occupee-450-enfants-arretes-par-loccupation-depuis-le-debut-de-lannee\/","url":"https:\/\/lasentinelle.dz\/index.php\/2022\/06\/15\/palestine-occupee-450-enfants-arretes-par-loccupation-depuis-le-debut-de-lannee\/","name":"Palestine occup\u00e9e\u00a0:\u00a0450 enfants arr\u00eat\u00e9s par l\u2019occupation depuis le d\u00e9but de l\u2019ann\u00e9e\u00a0 - La Sentinelle","isPartOf":{"@id":"https:\/\/lasentinelle.dz\/#website"},"primaryImageOfPage":{"@id":"https:\/\/lasentinelle.dz\/index.php\/2022\/06\/15\/palestine-occupee-450-enfants-arretes-par-loccupation-depuis-le-debut-de-lannee\/#primaryimage"},"image":{"@id":"https:\/\/lasentinelle.dz\/index.php\/2022\/06\/15\/palestine-occupee-450-enfants-arretes-par-loccupation-depuis-le-debut-de-lannee\/#primaryimage"},"thumbnailUrl":"https:\/\/lasentinelle.dz\/wp-content\/uploads\/2022\/06\/palestine.png","datePublished":"2022-06-14T23:01:00+00:00","breadcrumb":{"@id":"https:\/\/lasentinelle.dz\/index.php\/2022\/06\/15\/palestine-occupee-450-enfants-arretes-par-loccupation-depuis-le-debut-de-lannee\/#breadcrumb"},"inLanguage":"fr-FR","potentialAction":[{"@type":"ReadAction","target":["https:\/\/lasentinelle.dz\/index.php\/2022\/06\/15\/palestine-occupee-450-enfants-arretes-par-loccupation-depuis-le-debut-de-lannee\/"]}]},{"@type":"ImageObject","inLanguage":"fr-FR","@id":"https:\/\/lasentinelle.dz\/index.php\/2022\/06\/15\/palestine-occupee-450-enfants-arretes-par-loccupation-depuis-le-debut-de-lannee\/#primaryimage","url":"https:\/\/lasentinelle.dz\/wp-content\/uploads\/2022\/06\/palestine.png","contentUrl":"https:\/\/lasentinelle.dz\/wp-content\/uploads\/2022\/06\/palestine.png","width":1475,"height":900},{"@type":"BreadcrumbList","@id":"https:\/\/lasentinelle.dz\/index.php\/2022\/06\/15\/palestine-occupee-450-enfants-arretes-par-loccupation-depuis-le-debut-de-lannee\/#breadcrumb","itemListElement":[{"@type":"ListItem","position":1,"name":"Accueil","item":"https:\/\/lasentinelle.dz\/"},{"@type":"ListItem","position":2,"name":"Palestine occup\u00e9e\u00a0:\u00a0450 enfants arr\u00eat\u00e9s par l\u2019occupation depuis le d\u00e9but de l\u2019ann\u00e9e\u00a0"}]},{"@type":"WebSite","@id":"https:\/\/lasentinelle.dz\/#website","url":"https:\/\/lasentinelle.dz\/","name":"La Sentinelle","description":"Quotidien national d&#039;information","publisher":{"@id":"https:\/\/lasentinelle.dz\/#organization"},"potentialAction":[{"@type":"SearchAction","target":{"@type":"EntryPoint","urlTemplate":"https:\/\/lasentinelle.dz\/?s={search_term_string}"},"query-input":{"@type":"PropertyValueSpecification","valueRequired":true,"valueName":"search_term_string"}}],"inLanguage":"fr-FR"},{"@type":"Organization","@id":"https:\/\/lasentinelle.dz\/#organization","name":"Quotidien La Sentinelle","url":"https:\/\/lasentinelle.dz\/","logo":{"@type":"ImageObject","inLanguage":"fr-FR","@id":"https:\/\/lasentinelle.dz\/#\/schema\/logo\/image\/","url":"https:\/\/lasentinelle.dz\/wp-content\/uploads\/2021\/09\/logo-sentinelleSLOGAN-1.png","contentUrl":"https:\/\/lasentinelle.dz\/wp-content\/uploads\/2021\/09\/logo-sentinelleSLOGAN-1.png","width":615,"height":142,"caption":"Quotidien La Sentinelle"},"image":{"@id":"https:\/\/lasentinelle.dz\/#\/schema\/logo\/image\/"},"sameAs":["https:\/\/www.facebook.com\/La-Sentinelle-104059864394773"]},{"@type":"Person","@id":"https:\/\/lasentinelle.dz\/#\/schema\/person\/d865044e22e70a75174ce8bcad3acfb3","name":"La Sentinelle","image":{"@type":"ImageObject","inLanguage":"fr-FR","@id":"https:\/\/secure.gravatar.com\/avatar\/57de8e5d4b15d43fb361a71fbb36338450fe67865b528a43dd10ef7c51a20392?s=96&d=mm&r=g","url":"https:\/\/secure.gravatar.com\/avatar\/57de8e5d4b15d43fb361a71fbb36338450fe67865b528a43dd10ef7c51a20392?s=96&d=mm&r=g","contentUrl":"https:\/\/secure.gravatar.com\/avatar\/57de8e5d4b15d43fb361a71fbb36338450fe67865b528a43dd10ef7c51a20392?s=96&d=mm&r=g","caption":"La Sentinelle"},"sameAs":["http:\/\/www.lasentinelle.dz"],"url":"https:\/\/lasentinelle.dz\/author\/redaction\/"}]}},"_links":{"self":[{"href":"https:\/\/lasentinelle.dz\/index.php\/wp-json\/wp\/v2\/posts\/22520","targetHints":{"allow":["GET"]}}],"collection":[{"href":"https:\/\/lasentinelle.dz\/index.php\/wp-json\/wp\/v2\/posts"}],"about":[{"href":"https:\/\/lasentinelle.dz\/index.php\/wp-json\/wp\/v2\/types\/post"}],"author":[{"embeddable":true,"href":"https:\/\/lasentinelle.dz\/index.php\/wp-json\/wp\/v2\/users\/3"}],"replies":[{"embeddable":true,"href":"https:\/\/lasentinelle.dz\/index.php\/wp-json\/wp\/v2\/comments?post=22520"}],"version-history":[{"count":1,"href":"https:\/\/lasentinelle.dz\/index.php\/wp-json\/wp\/v2\/posts\/22520\/revisions"}],"predecessor-version":[{"id":22525,"href":"https:\/\/lasentinelle.dz\/index.php\/wp-json\/wp\/v2\/posts\/22520\/revisions\/22525"}],"wp:featuredmedia":[{"embeddable":true,"href":"https:\/\/lasentinelle.dz\/index.php\/wp-json\/wp\/v2\/media\/22524"}],"wp:attachment":[{"href":"https:\/\/lasentinelle.dz\/index.php\/wp-json\/wp\/v2\/media?parent=22520"}],"wp:term":[{"taxonomy":"category","embeddable":true,"href":"https:\/\/lasentinelle.dz\/index.php\/wp-json\/wp\/v2\/categories?post=22520"},{"taxonomy":"post_tag","embeddable":true,"href":"https:\/\/lasentinelle.dz\/index.php\/wp-json\/wp\/v2\/tags?post=22520"}],"curies":[{"name":"wp","href":"https:\/\/api.w.org\/{rel}","templated":true}]}}