{"id":22534,"date":"2022-06-15T00:01:00","date_gmt":"2022-06-14T23:01:00","guid":{"rendered":"https:\/\/lasentinelle.dz\/?p=22534"},"modified":"2022-06-14T19:18:18","modified_gmt":"2022-06-14T18:18:18","slug":"controle-de-la-qualite-des-soins-dans-les-hopitaux-des-medecins-inspecteurs-mobilises","status":"publish","type":"post","link":"https:\/\/lasentinelle.dz\/index.php\/2022\/06\/15\/controle-de-la-qualite-des-soins-dans-les-hopitaux-des-medecins-inspecteurs-mobilises\/","title":{"rendered":"Contr\u00f4le\u00a0de\u00a0la qualit\u00e9 des soins dans les h\u00f4pitaux\u00a0:\u00a0Des\u00a0\u00a0m\u00e9decins inspecteurs\u00a0mobilis\u00e9s"},"content":{"rendered":"\n<p>Dans un communiqu\u00e9 rendu public lundi, le minist\u00e8re de la Sant\u00e9, de la Population et de la R\u00e9forme hospitali\u00e8re a indiqu\u00e9 que les&nbsp;Directeurs de la sant\u00e9 viennent d\u2019\u00eatre instruits pour envoyer des m\u00e9decins inspecteurs dans toutes les structures de sant\u00e9 pour suivre la mise en \u0153uvre de l&rsquo;instruction relative \u00e0 l&rsquo;am\u00e9lioration de la qualit\u00e9 de l&rsquo;accueil et des services de sant\u00e9 au profit des citoyens. L\u2019instruction \u00e9mise par l\u2019inspection g\u00e9n\u00e9rale du minist\u00e8re, ajoute le communiqu\u00e9, oblige ainsi les directeurs de Sant\u00e9 \u00e0 envoyer des m\u00e9decins inspecteurs dans toutes les structures de sant\u00e9 pour suivre la mise en \u0153uvre de l&rsquo;instruction num\u00e9ro 8 du 04 mai 2022, relative \u00e0 l&rsquo;am\u00e9lioration de la qualit\u00e9 de l&rsquo;accueil et des services de sant\u00e9 au profit des citoyens\u00a0\u00bb.<\/p>\n\n\n\n<p>Pour le ministre de la Sant\u00e9, de la Population et de la R\u00e9forme hospitali\u00e8re, il est n\u00e9cessaire d&rsquo;am\u00e9liorer la qualit\u00e9 des prestations sanitaires fournies aux citoyens notamment en termes d&rsquo;accueil \u00bb.&nbsp;Un \u00e9tat pas toujours reluisant pour&nbsp;le&nbsp;Pr.Benbouzid qui a, lors de cette r\u00e9union p\u00e9riodique avec les directeurs de sant\u00e9, d\u00e9plor\u00e9 \u00ab\u00a0l&rsquo;\u00e9tat de certains h\u00f4pitaux\u00a0\u00bb et les conditions qu&rsquo;il a constat\u00e9es personnellement durant ses visites dans plusieurs wilayas du pays. \u00ab\u00a0Il est imp\u00e9ratif de rem\u00e9dier aux lacunes enregistr\u00e9es dans le secteur tant pour les chantiers des projets en cours de r\u00e9alisation que ceux connaissant des op\u00e9rations de r\u00e9am\u00e9nagement\u00a0\u00bb, tranche-t-il tout en recommandant d&rsquo;accorder la priorit\u00e9 aux services des urgences et aux polycliniques sans pour autant n\u00e9gliger les autres sp\u00e9cialit\u00e9s m\u00e9dicales.<\/p>\n\n\n\n<p>Toujours dans l\u2019objectif d\u2019assurer un suivi rigoureux et constant de cette d\u00e9marche d\u2019am\u00e9lioration des prestations au niveau local, le ministre de la Sant\u00e9, de la Population et de la R\u00e9forme hospitali\u00e8re n\u2019a pas manqu\u00e9 de recommander aux directeurs de la sant\u00e9 des wilayas de suivre personnellement ces projets sur le terrain notamment en ce qui concerne les services des urgences o\u00f9 les premiers soins sont dispens\u00e9s aux malades, tout en veillant \u00e0 la maintenance des \u00e9quipements m\u00e9dicaux en panne et \u00e0 leur mise en service pour assurer des prestations&nbsp;&nbsp;de qualit\u00e9 aux malades.<\/p>\n\n\n\n<p>Enfin, il convient de signaler que les prestations de sant\u00e9 prodigu\u00e9es aux citoyens ne sont pas toujours bonnes. Des prestations tr\u00e8s en de\u00e7\u00e0 des esp\u00e9rances notamment dans les services des urgences qui affichent toujours une saturation. Ce flux caus\u00e9 notamment pas l\u2019incapacit\u00e9 des structures locales \u00e0 assurer les soins d\u2019urgence contraignant le citoyen \u00e0 s\u2019orienter syst\u00e9matiquement sur les urgences des CHU a ainsi impact\u00e9 grandement la qualit\u00e9 du travail surtout au niveau de l\u2019accueil et de l\u2019orientation. De leur c\u00f4t\u00e9, les m\u00e9decins et les personnels en g\u00e9n\u00e9ral se plaignent de cette saturation qui les emp\u00eache, expliquent-ils, d\u2019exercer leur m\u00e9tier dans les meilleurs conditions.&nbsp;&nbsp;D\u2019ailleurs, cette situation tr\u00e8s stressante pour les deux parties a souvent d\u00e9bord\u00e9 vers des actes incontr\u00f4l\u00e9s.&nbsp;<\/p>\n\n\n\n<p><strong>Akli Amor<\/strong><\/p>\n","protected":false},"excerpt":{"rendered":"<p>Dans un communiqu\u00e9 rendu public lundi, le minist\u00e8re de la Sant\u00e9, de la Population et de la R\u00e9forme hospitali\u00e8re a<\/p>\n","protected":false},"author":3,"featured_media":15609,"comment_status":"open","ping_status":"closed","sticky":false,"template":"","format":"standard","meta":{"colormag_page_container_layout":"default_layout","colormag_page_sidebar_layout":"default_layout","om_disable_all_campaigns":false,"_monsterinsights_skip_tracking":false,"_monsterinsights_sitenote_active":false,"_monsterinsights_sitenote_note":"","_monsterinsights_sitenote_category":0,"footnotes":"","_wpscppro_dont_share_socialmedia":false,"_wpscppro_custom_social_share_image":0,"_facebook_share_type":"","_twitter_share_type":"","_linkedin_share_type":"","_pinterest_share_type":"","_linkedin_share_type_page":"","_instagram_share_type":"","_medium_share_type":"","_threads_share_type":"","_google_business_share_type":"","_selected_social_profile":[],"_wpsp_enable_custom_social_template":false,"_wpsp_social_scheduling":{"enabled":false,"datetime":null,"platforms":[],"status":"template_only","dateOption":"today","timeOption":"now","customDays":"","customHours":"","customDate":"","customTime":"","schedulingType":"absolute"},"_wpsp_active_default_template":true},"categories":[27],"tags":[],"class_list":["post-22534","post","type-post","status-publish","format-standard","has-post-thumbnail","hentry","category-actualite"],"aioseo_notices":[],"yoast_head":"<!-- This site is optimized with the Yoast SEO plugin v27.5 - https:\/\/yoast.com\/product\/yoast-seo-wordpress\/ -->\n<title>Contr\u00f4le\u00a0de\u00a0la qualit\u00e9 des soins dans les h\u00f4pitaux\u00a0:\u00a0Des\u00a0\u00a0m\u00e9decins inspecteurs\u00a0mobilis\u00e9s - La Sentinelle<\/title>\n<meta name=\"robots\" content=\"index, follow, max-snippet:-1, max-image-preview:large, max-video-preview:-1\" \/>\n<link rel=\"canonical\" href=\"https:\/\/lasentinelle.dz\/index.php\/2022\/06\/15\/controle-de-la-qualite-des-soins-dans-les-hopitaux-des-medecins-inspecteurs-mobilises\/\" \/>\n<meta property=\"og:locale\" content=\"fr_FR\" \/>\n<meta property=\"og:type\" content=\"article\" \/>\n<meta property=\"og:title\" content=\"Contr\u00f4le\u00a0de\u00a0la qualit\u00e9 des soins dans les h\u00f4pitaux\u00a0:\u00a0Des\u00a0\u00a0m\u00e9decins inspecteurs\u00a0mobilis\u00e9s - La Sentinelle\" \/>\n<meta property=\"og:description\" content=\"Dans un communiqu\u00e9 rendu public lundi, le minist\u00e8re de la Sant\u00e9, de la Population et de la R\u00e9forme hospitali\u00e8re a\" \/>\n<meta property=\"og:url\" content=\"https:\/\/lasentinelle.dz\/index.php\/2022\/06\/15\/controle-de-la-qualite-des-soins-dans-les-hopitaux-des-medecins-inspecteurs-mobilises\/\" \/>\n<meta property=\"og:site_name\" content=\"La Sentinelle\" \/>\n<meta property=\"article:publisher\" content=\"https:\/\/www.facebook.com\/La-Sentinelle-104059864394773\" \/>\n<meta property=\"article:published_time\" content=\"2022-06-14T23:01:00+00:00\" \/>\n<meta property=\"og:image\" content=\"https:\/\/lasentinelle.dz\/wp-content\/uploads\/2021\/12\/Benbouzid-Une.png\" \/>\n\t<meta property=\"og:image:width\" content=\"1352\" \/>\n\t<meta property=\"og:image:height\" content=\"900\" \/>\n\t<meta property=\"og:image:type\" content=\"image\/png\" \/>\n<meta name=\"author\" content=\"La Sentinelle\" \/>\n<meta name=\"twitter:card\" content=\"summary_large_image\" \/>\n<meta name=\"twitter:label1\" content=\"\u00c9crit par\" \/>\n\t<meta name=\"twitter:data1\" content=\"La Sentinelle\" \/>\n\t<meta name=\"twitter:label2\" content=\"Dur\u00e9e de lecture estim\u00e9e\" \/>\n\t<meta name=\"twitter:data2\" content=\"3 minutes\" \/>\n<script type=\"application\/ld+json\" class=\"yoast-schema-graph\">{\"@context\":\"https:\\\/\\\/schema.org\",\"@graph\":[{\"@type\":\"Article\",\"@id\":\"https:\\\/\\\/lasentinelle.dz\\\/index.php\\\/2022\\\/06\\\/15\\\/controle-de-la-qualite-des-soins-dans-les-hopitaux-des-medecins-inspecteurs-mobilises\\\/#article\",\"isPartOf\":{\"@id\":\"https:\\\/\\\/lasentinelle.dz\\\/index.php\\\/2022\\\/06\\\/15\\\/controle-de-la-qualite-des-soins-dans-les-hopitaux-des-medecins-inspecteurs-mobilises\\\/\"},\"author\":{\"name\":\"La Sentinelle\",\"@id\":\"https:\\\/\\\/lasentinelle.dz\\\/#\\\/schema\\\/person\\\/d865044e22e70a75174ce8bcad3acfb3\"},\"headline\":\"Contr\u00f4le\u00a0de\u00a0la qualit\u00e9 des soins dans les h\u00f4pitaux\u00a0:\u00a0Des\u00a0\u00a0m\u00e9decins inspecteurs\u00a0mobilis\u00e9s\",\"datePublished\":\"2022-06-14T23:01:00+00:00\",\"mainEntityOfPage\":{\"@id\":\"https:\\\/\\\/lasentinelle.dz\\\/index.php\\\/2022\\\/06\\\/15\\\/controle-de-la-qualite-des-soins-dans-les-hopitaux-des-medecins-inspecteurs-mobilises\\\/\"},\"wordCount\":551,\"commentCount\":0,\"publisher\":{\"@id\":\"https:\\\/\\\/lasentinelle.dz\\\/#organization\"},\"image\":{\"@id\":\"https:\\\/\\\/lasentinelle.dz\\\/index.php\\\/2022\\\/06\\\/15\\\/controle-de-la-qualite-des-soins-dans-les-hopitaux-des-medecins-inspecteurs-mobilises\\\/#primaryimage\"},\"thumbnailUrl\":\"https:\\\/\\\/lasentinelle.dz\\\/wp-content\\\/uploads\\\/2021\\\/12\\\/Benbouzid-Une.png\",\"articleSection\":[\"Actualit\u00e9\"],\"inLanguage\":\"fr-FR\",\"potentialAction\":[{\"@type\":\"CommentAction\",\"name\":\"Comment\",\"target\":[\"https:\\\/\\\/lasentinelle.dz\\\/index.php\\\/2022\\\/06\\\/15\\\/controle-de-la-qualite-des-soins-dans-les-hopitaux-des-medecins-inspecteurs-mobilises\\\/#respond\"]}]},{\"@type\":\"WebPage\",\"@id\":\"https:\\\/\\\/lasentinelle.dz\\\/index.php\\\/2022\\\/06\\\/15\\\/controle-de-la-qualite-des-soins-dans-les-hopitaux-des-medecins-inspecteurs-mobilises\\\/\",\"url\":\"https:\\\/\\\/lasentinelle.dz\\\/index.php\\\/2022\\\/06\\\/15\\\/controle-de-la-qualite-des-soins-dans-les-hopitaux-des-medecins-inspecteurs-mobilises\\\/\",\"name\":\"Contr\u00f4le\u00a0de\u00a0la qualit\u00e9 des soins dans les h\u00f4pitaux\u00a0:\u00a0Des\u00a0\u00a0m\u00e9decins inspecteurs\u00a0mobilis\u00e9s - La Sentinelle\",\"isPartOf\":{\"@id\":\"https:\\\/\\\/lasentinelle.dz\\\/#website\"},\"primaryImageOfPage\":{\"@id\":\"https:\\\/\\\/lasentinelle.dz\\\/index.php\\\/2022\\\/06\\\/15\\\/controle-de-la-qualite-des-soins-dans-les-hopitaux-des-medecins-inspecteurs-mobilises\\\/#primaryimage\"},\"image\":{\"@id\":\"https:\\\/\\\/lasentinelle.dz\\\/index.php\\\/2022\\\/06\\\/15\\\/controle-de-la-qualite-des-soins-dans-les-hopitaux-des-medecins-inspecteurs-mobilises\\\/#primaryimage\"},\"thumbnailUrl\":\"https:\\\/\\\/lasentinelle.dz\\\/wp-content\\\/uploads\\\/2021\\\/12\\\/Benbouzid-Une.png\",\"datePublished\":\"2022-06-14T23:01:00+00:00\",\"breadcrumb\":{\"@id\":\"https:\\\/\\\/lasentinelle.dz\\\/index.php\\\/2022\\\/06\\\/15\\\/controle-de-la-qualite-des-soins-dans-les-hopitaux-des-medecins-inspecteurs-mobilises\\\/#breadcrumb\"},\"inLanguage\":\"fr-FR\",\"potentialAction\":[{\"@type\":\"ReadAction\",\"target\":[\"https:\\\/\\\/lasentinelle.dz\\\/index.php\\\/2022\\\/06\\\/15\\\/controle-de-la-qualite-des-soins-dans-les-hopitaux-des-medecins-inspecteurs-mobilises\\\/\"]}]},{\"@type\":\"ImageObject\",\"inLanguage\":\"fr-FR\",\"@id\":\"https:\\\/\\\/lasentinelle.dz\\\/index.php\\\/2022\\\/06\\\/15\\\/controle-de-la-qualite-des-soins-dans-les-hopitaux-des-medecins-inspecteurs-mobilises\\\/#primaryimage\",\"url\":\"https:\\\/\\\/lasentinelle.dz\\\/wp-content\\\/uploads\\\/2021\\\/12\\\/Benbouzid-Une.png\",\"contentUrl\":\"https:\\\/\\\/lasentinelle.dz\\\/wp-content\\\/uploads\\\/2021\\\/12\\\/Benbouzid-Une.png\",\"width\":1352,\"height\":900},{\"@type\":\"BreadcrumbList\",\"@id\":\"https:\\\/\\\/lasentinelle.dz\\\/index.php\\\/2022\\\/06\\\/15\\\/controle-de-la-qualite-des-soins-dans-les-hopitaux-des-medecins-inspecteurs-mobilises\\\/#breadcrumb\",\"itemListElement\":[{\"@type\":\"ListItem\",\"position\":1,\"name\":\"Accueil\",\"item\":\"https:\\\/\\\/lasentinelle.dz\\\/\"},{\"@type\":\"ListItem\",\"position\":2,\"name\":\"Contr\u00f4le\u00a0de\u00a0la qualit\u00e9 des soins dans les h\u00f4pitaux\u00a0:\u00a0Des\u00a0\u00a0m\u00e9decins inspecteurs\u00a0mobilis\u00e9s\"}]},{\"@type\":\"WebSite\",\"@id\":\"https:\\\/\\\/lasentinelle.dz\\\/#website\",\"url\":\"https:\\\/\\\/lasentinelle.dz\\\/\",\"name\":\"La Sentinelle\",\"description\":\"Quotidien national d&#039;information\",\"publisher\":{\"@id\":\"https:\\\/\\\/lasentinelle.dz\\\/#organization\"},\"potentialAction\":[{\"@type\":\"SearchAction\",\"target\":{\"@type\":\"EntryPoint\",\"urlTemplate\":\"https:\\\/\\\/lasentinelle.dz\\\/?s={search_term_string}\"},\"query-input\":{\"@type\":\"PropertyValueSpecification\",\"valueRequired\":true,\"valueName\":\"search_term_string\"}}],\"inLanguage\":\"fr-FR\"},{\"@type\":\"Organization\",\"@id\":\"https:\\\/\\\/lasentinelle.dz\\\/#organization\",\"name\":\"Quotidien La Sentinelle\",\"url\":\"https:\\\/\\\/lasentinelle.dz\\\/\",\"logo\":{\"@type\":\"ImageObject\",\"inLanguage\":\"fr-FR\",\"@id\":\"https:\\\/\\\/lasentinelle.dz\\\/#\\\/schema\\\/logo\\\/image\\\/\",\"url\":\"https:\\\/\\\/lasentinelle.dz\\\/wp-content\\\/uploads\\\/2021\\\/09\\\/logo-sentinelleSLOGAN-1.png\",\"contentUrl\":\"https:\\\/\\\/lasentinelle.dz\\\/wp-content\\\/uploads\\\/2021\\\/09\\\/logo-sentinelleSLOGAN-1.png\",\"width\":615,\"height\":142,\"caption\":\"Quotidien La Sentinelle\"},\"image\":{\"@id\":\"https:\\\/\\\/lasentinelle.dz\\\/#\\\/schema\\\/logo\\\/image\\\/\"},\"sameAs\":[\"https:\\\/\\\/www.facebook.com\\\/La-Sentinelle-104059864394773\"]},{\"@type\":\"Person\",\"@id\":\"https:\\\/\\\/lasentinelle.dz\\\/#\\\/schema\\\/person\\\/d865044e22e70a75174ce8bcad3acfb3\",\"name\":\"La Sentinelle\",\"image\":{\"@type\":\"ImageObject\",\"inLanguage\":\"fr-FR\",\"@id\":\"https:\\\/\\\/secure.gravatar.com\\\/avatar\\\/57de8e5d4b15d43fb361a71fbb36338450fe67865b528a43dd10ef7c51a20392?s=96&d=mm&r=g\",\"url\":\"https:\\\/\\\/secure.gravatar.com\\\/avatar\\\/57de8e5d4b15d43fb361a71fbb36338450fe67865b528a43dd10ef7c51a20392?s=96&d=mm&r=g\",\"contentUrl\":\"https:\\\/\\\/secure.gravatar.com\\\/avatar\\\/57de8e5d4b15d43fb361a71fbb36338450fe67865b528a43dd10ef7c51a20392?s=96&d=mm&r=g\",\"caption\":\"La Sentinelle\"},\"sameAs\":[\"http:\\\/\\\/www.lasentinelle.dz\"],\"url\":\"https:\\\/\\\/lasentinelle.dz\\\/author\\\/redaction\\\/\"}]}<\/script>\n<!-- \/ Yoast SEO plugin. -->","yoast_head_json":{"title":"Contr\u00f4le\u00a0de\u00a0la qualit\u00e9 des soins dans les h\u00f4pitaux\u00a0:\u00a0Des\u00a0\u00a0m\u00e9decins inspecteurs\u00a0mobilis\u00e9s - La Sentinelle","robots":{"index":"index","follow":"follow","max-snippet":"max-snippet:-1","max-image-preview":"max-image-preview:large","max-video-preview":"max-video-preview:-1"},"canonical":"https:\/\/lasentinelle.dz\/index.php\/2022\/06\/15\/controle-de-la-qualite-des-soins-dans-les-hopitaux-des-medecins-inspecteurs-mobilises\/","og_locale":"fr_FR","og_type":"article","og_title":"Contr\u00f4le\u00a0de\u00a0la qualit\u00e9 des soins dans les h\u00f4pitaux\u00a0:\u00a0Des\u00a0\u00a0m\u00e9decins inspecteurs\u00a0mobilis\u00e9s - La Sentinelle","og_description":"Dans un communiqu\u00e9 rendu public lundi, le minist\u00e8re de la Sant\u00e9, de la Population et de la R\u00e9forme hospitali\u00e8re a","og_url":"https:\/\/lasentinelle.dz\/index.php\/2022\/06\/15\/controle-de-la-qualite-des-soins-dans-les-hopitaux-des-medecins-inspecteurs-mobilises\/","og_site_name":"La Sentinelle","article_publisher":"https:\/\/www.facebook.com\/La-Sentinelle-104059864394773","article_published_time":"2022-06-14T23:01:00+00:00","og_image":[{"width":1352,"height":900,"url":"https:\/\/lasentinelle.dz\/wp-content\/uploads\/2021\/12\/Benbouzid-Une.png","type":"image\/png"}],"author":"La Sentinelle","twitter_card":"summary_large_image","twitter_misc":{"\u00c9crit par":"La Sentinelle","Dur\u00e9e de lecture estim\u00e9e":"3 minutes"},"schema":{"@context":"https:\/\/schema.org","@graph":[{"@type":"Article","@id":"https:\/\/lasentinelle.dz\/index.php\/2022\/06\/15\/controle-de-la-qualite-des-soins-dans-les-hopitaux-des-medecins-inspecteurs-mobilises\/#article","isPartOf":{"@id":"https:\/\/lasentinelle.dz\/index.php\/2022\/06\/15\/controle-de-la-qualite-des-soins-dans-les-hopitaux-des-medecins-inspecteurs-mobilises\/"},"author":{"name":"La Sentinelle","@id":"https:\/\/lasentinelle.dz\/#\/schema\/person\/d865044e22e70a75174ce8bcad3acfb3"},"headline":"Contr\u00f4le\u00a0de\u00a0la qualit\u00e9 des soins dans les h\u00f4pitaux\u00a0:\u00a0Des\u00a0\u00a0m\u00e9decins inspecteurs\u00a0mobilis\u00e9s","datePublished":"2022-06-14T23:01:00+00:00","mainEntityOfPage":{"@id":"https:\/\/lasentinelle.dz\/index.php\/2022\/06\/15\/controle-de-la-qualite-des-soins-dans-les-hopitaux-des-medecins-inspecteurs-mobilises\/"},"wordCount":551,"commentCount":0,"publisher":{"@id":"https:\/\/lasentinelle.dz\/#organization"},"image":{"@id":"https:\/\/lasentinelle.dz\/index.php\/2022\/06\/15\/controle-de-la-qualite-des-soins-dans-les-hopitaux-des-medecins-inspecteurs-mobilises\/#primaryimage"},"thumbnailUrl":"https:\/\/lasentinelle.dz\/wp-content\/uploads\/2021\/12\/Benbouzid-Une.png","articleSection":["Actualit\u00e9"],"inLanguage":"fr-FR","potentialAction":[{"@type":"CommentAction","name":"Comment","target":["https:\/\/lasentinelle.dz\/index.php\/2022\/06\/15\/controle-de-la-qualite-des-soins-dans-les-hopitaux-des-medecins-inspecteurs-mobilises\/#respond"]}]},{"@type":"WebPage","@id":"https:\/\/lasentinelle.dz\/index.php\/2022\/06\/15\/controle-de-la-qualite-des-soins-dans-les-hopitaux-des-medecins-inspecteurs-mobilises\/","url":"https:\/\/lasentinelle.dz\/index.php\/2022\/06\/15\/controle-de-la-qualite-des-soins-dans-les-hopitaux-des-medecins-inspecteurs-mobilises\/","name":"Contr\u00f4le\u00a0de\u00a0la qualit\u00e9 des soins dans les h\u00f4pitaux\u00a0:\u00a0Des\u00a0\u00a0m\u00e9decins inspecteurs\u00a0mobilis\u00e9s - La Sentinelle","isPartOf":{"@id":"https:\/\/lasentinelle.dz\/#website"},"primaryImageOfPage":{"@id":"https:\/\/lasentinelle.dz\/index.php\/2022\/06\/15\/controle-de-la-qualite-des-soins-dans-les-hopitaux-des-medecins-inspecteurs-mobilises\/#primaryimage"},"image":{"@id":"https:\/\/lasentinelle.dz\/index.php\/2022\/06\/15\/controle-de-la-qualite-des-soins-dans-les-hopitaux-des-medecins-inspecteurs-mobilises\/#primaryimage"},"thumbnailUrl":"https:\/\/lasentinelle.dz\/wp-content\/uploads\/2021\/12\/Benbouzid-Une.png","datePublished":"2022-06-14T23:01:00+00:00","breadcrumb":{"@id":"https:\/\/lasentinelle.dz\/index.php\/2022\/06\/15\/controle-de-la-qualite-des-soins-dans-les-hopitaux-des-medecins-inspecteurs-mobilises\/#breadcrumb"},"inLanguage":"fr-FR","potentialAction":[{"@type":"ReadAction","target":["https:\/\/lasentinelle.dz\/index.php\/2022\/06\/15\/controle-de-la-qualite-des-soins-dans-les-hopitaux-des-medecins-inspecteurs-mobilises\/"]}]},{"@type":"ImageObject","inLanguage":"fr-FR","@id":"https:\/\/lasentinelle.dz\/index.php\/2022\/06\/15\/controle-de-la-qualite-des-soins-dans-les-hopitaux-des-medecins-inspecteurs-mobilises\/#primaryimage","url":"https:\/\/lasentinelle.dz\/wp-content\/uploads\/2021\/12\/Benbouzid-Une.png","contentUrl":"https:\/\/lasentinelle.dz\/wp-content\/uploads\/2021\/12\/Benbouzid-Une.png","width":1352,"height":900},{"@type":"BreadcrumbList","@id":"https:\/\/lasentinelle.dz\/index.php\/2022\/06\/15\/controle-de-la-qualite-des-soins-dans-les-hopitaux-des-medecins-inspecteurs-mobilises\/#breadcrumb","itemListElement":[{"@type":"ListItem","position":1,"name":"Accueil","item":"https:\/\/lasentinelle.dz\/"},{"@type":"ListItem","position":2,"name":"Contr\u00f4le\u00a0de\u00a0la qualit\u00e9 des soins dans les h\u00f4pitaux\u00a0:\u00a0Des\u00a0\u00a0m\u00e9decins inspecteurs\u00a0mobilis\u00e9s"}]},{"@type":"WebSite","@id":"https:\/\/lasentinelle.dz\/#website","url":"https:\/\/lasentinelle.dz\/","name":"La Sentinelle","description":"Quotidien national d&#039;information","publisher":{"@id":"https:\/\/lasentinelle.dz\/#organization"},"potentialAction":[{"@type":"SearchAction","target":{"@type":"EntryPoint","urlTemplate":"https:\/\/lasentinelle.dz\/?s={search_term_string}"},"query-input":{"@type":"PropertyValueSpecification","valueRequired":true,"valueName":"search_term_string"}}],"inLanguage":"fr-FR"},{"@type":"Organization","@id":"https:\/\/lasentinelle.dz\/#organization","name":"Quotidien La Sentinelle","url":"https:\/\/lasentinelle.dz\/","logo":{"@type":"ImageObject","inLanguage":"fr-FR","@id":"https:\/\/lasentinelle.dz\/#\/schema\/logo\/image\/","url":"https:\/\/lasentinelle.dz\/wp-content\/uploads\/2021\/09\/logo-sentinelleSLOGAN-1.png","contentUrl":"https:\/\/lasentinelle.dz\/wp-content\/uploads\/2021\/09\/logo-sentinelleSLOGAN-1.png","width":615,"height":142,"caption":"Quotidien La Sentinelle"},"image":{"@id":"https:\/\/lasentinelle.dz\/#\/schema\/logo\/image\/"},"sameAs":["https:\/\/www.facebook.com\/La-Sentinelle-104059864394773"]},{"@type":"Person","@id":"https:\/\/lasentinelle.dz\/#\/schema\/person\/d865044e22e70a75174ce8bcad3acfb3","name":"La Sentinelle","image":{"@type":"ImageObject","inLanguage":"fr-FR","@id":"https:\/\/secure.gravatar.com\/avatar\/57de8e5d4b15d43fb361a71fbb36338450fe67865b528a43dd10ef7c51a20392?s=96&d=mm&r=g","url":"https:\/\/secure.gravatar.com\/avatar\/57de8e5d4b15d43fb361a71fbb36338450fe67865b528a43dd10ef7c51a20392?s=96&d=mm&r=g","contentUrl":"https:\/\/secure.gravatar.com\/avatar\/57de8e5d4b15d43fb361a71fbb36338450fe67865b528a43dd10ef7c51a20392?s=96&d=mm&r=g","caption":"La Sentinelle"},"sameAs":["http:\/\/www.lasentinelle.dz"],"url":"https:\/\/lasentinelle.dz\/author\/redaction\/"}]}},"_links":{"self":[{"href":"https:\/\/lasentinelle.dz\/index.php\/wp-json\/wp\/v2\/posts\/22534","targetHints":{"allow":["GET"]}}],"collection":[{"href":"https:\/\/lasentinelle.dz\/index.php\/wp-json\/wp\/v2\/posts"}],"about":[{"href":"https:\/\/lasentinelle.dz\/index.php\/wp-json\/wp\/v2\/types\/post"}],"author":[{"embeddable":true,"href":"https:\/\/lasentinelle.dz\/index.php\/wp-json\/wp\/v2\/users\/3"}],"replies":[{"embeddable":true,"href":"https:\/\/lasentinelle.dz\/index.php\/wp-json\/wp\/v2\/comments?post=22534"}],"version-history":[{"count":1,"href":"https:\/\/lasentinelle.dz\/index.php\/wp-json\/wp\/v2\/posts\/22534\/revisions"}],"predecessor-version":[{"id":22540,"href":"https:\/\/lasentinelle.dz\/index.php\/wp-json\/wp\/v2\/posts\/22534\/revisions\/22540"}],"wp:featuredmedia":[{"embeddable":true,"href":"https:\/\/lasentinelle.dz\/index.php\/wp-json\/wp\/v2\/media\/15609"}],"wp:attachment":[{"href":"https:\/\/lasentinelle.dz\/index.php\/wp-json\/wp\/v2\/media?parent=22534"}],"wp:term":[{"taxonomy":"category","embeddable":true,"href":"https:\/\/lasentinelle.dz\/index.php\/wp-json\/wp\/v2\/categories?post=22534"},{"taxonomy":"post_tag","embeddable":true,"href":"https:\/\/lasentinelle.dz\/index.php\/wp-json\/wp\/v2\/tags?post=22534"}],"curies":[{"name":"wp","href":"https:\/\/api.w.org\/{rel}","templated":true}]}}