{"id":22567,"date":"2022-06-15T00:05:00","date_gmt":"2022-06-14T23:05:00","guid":{"rendered":"https:\/\/lasentinelle.dz\/?p=22567"},"modified":"2022-06-14T21:22:11","modified_gmt":"2022-06-14T20:22:11","slug":"partenariat-entre-lalgerie-et-lunion-europeenne-la-mise-au-point","status":"publish","type":"post","link":"https:\/\/lasentinelle.dz\/index.php\/2022\/06\/15\/partenariat-entre-lalgerie-et-lunion-europeenne-la-mise-au-point\/","title":{"rendered":"Partenariat entre l\u2019Alg\u00e9rie et l\u2019Union europ\u00e9enne\u00a0: La mise au point\u00a0!"},"content":{"rendered":"\n<p>L\u2019Alg\u00e9rie met en avant la n\u00e9cessit\u00e9 de respecter les principes de droit devant r\u00e9gir ses relations avec ses partenaires, notamment europ\u00e9ens. Lundi au cours d\u2019un entretien t\u00e9l\u00e9phonique avec son homologue fran\u00e7aise, le ministre des Affaires \u00e9trang\u00e8res et de la Communaut\u00e9 nationale \u00e0 l\u2019\u00e9tranger, Ramtane Lamamra a soulign\u00e9 que les partenaires m\u00e9diterran\u00e9ens doivent se conformer \u00e0 la l\u00e9galit\u00e9 internationale. \u00a0<\/p>\n\n\n\n<p>C&rsquo;est un propos qui sonne comme un rappel quant \u00e0 la n\u00e9cessit\u00e9 de s\u2019en tenir aux principes du droit et aux bons usages diplomatiques dans les rapports entre partenaires et c\u2019est avec toute la subtilit\u00e9 propre \u00e0 la fonction diplomatique que le ministre des Affaires \u00e9trang\u00e8res a fait une mise au point, toute en finesse, sur les principes qui doivent pr\u00e9sider les rapports avec les partenaires europ\u00e9ens. Ainsi, Ramtane Lamamra a mis l\u2019accent, lors d\u2019un entretien t\u00e9l\u00e9phonique avec son homologue de France, pays qui, rappelons-le, assure la pr\u00e9sidence de l\u2019Union europ\u00e9enne, sur l\u2019importance qu\u2019accorde l\u2019Alg\u00e9rie pour \u00ab la conformit\u00e9 des relations entre les partenaires m\u00e9diterran\u00e9ens \u00e0 la l\u00e9galit\u00e9 internationale \u00bb. Des relations qu\u2019il faut prot\u00e9ger, ajoute-t-il, \u00ab\u00a0des tentatives irresponsables\u00a0 de fuite en avant\u00a0\u00bb. Il est vrai que ces discussions interviennent dans un contexte o\u00f9 les rapports entre l\u2019Alg\u00e9rie et les institutions europ\u00e9ennes se sont tendus \u00e0 la suite de la tentative de l\u2019immixtion du Haut repr\u00e9sentant de l\u2019Union europ\u00e9enne\u00a0 pour les affaires \u00e9trang\u00e8res et la politique de s\u00e9curit\u00e9, l\u2019Espagnol Josep Borrell et le vice-pr\u00e9sident ex\u00e9cutif de la Commission europ\u00e9enne et commissaire en charge du commerce de l\u2019UE, Valdis Dombrovskis dans les tensions diplomatiques entre l\u2019Alg\u00e9rie et l\u2019Espagne. Ces derniers avaient adress\u00e9 des accusations infond\u00e9es contre l\u2019Alg\u00e9rie apr\u00e8s que celle-ci ait d\u00e9cid\u00e9 de suspendre le trait\u00e9 d\u2019amiti\u00e9 avec l\u2019Espagne et que Madrid ait accouru se plaindre \u00e0 la commission europ\u00e9enne.\u00a0<\/p>\n\n\n\n<p>Une man\u0153uvre malheureuse des technocrates de Bruxelles qui s\u2019est vu opposer une fin de non-recevoir de la part d\u2019Alger qui a d\u00e9nonc\u00e9 la pr\u00e9cipitation de la commission en sus de mettre en avant, et toute en subtilit\u00e9, les vell\u00e9it\u00e9s d\u2019un technocrate chauvin \u00e0 Bruxelles plus soucieux de d\u00e9fendre les int\u00e9r\u00eats de Madrid. Les discussions tenues lundi entre Lamamra et son homologue fran\u00e7aise, Catherine Colonna a permis de remettre les choses dans leur contexte, mais aussi de souligner l\u2019excellence des rapports entre l\u2019Alg\u00e9rie et ses partenaires de l\u2019Union europ\u00e9enne. En effet, les discussions, les premi\u00e8res entre la cheffe de la diplomatie fran\u00e7aise r\u00e9cemment nomm\u00e9e&nbsp; \u00e0 son poste et le ministre des Affaires \u00e9trang\u00e8res ont port\u00e9 sur de nombreuses questions d\u2019int\u00e9r\u00eat commun entre les deux pays, indique un communiqu\u00e9 du d\u00e9partement de Ramtane Lamamra. Les deux parties ont ainsi soulign\u00e9 l\u2019excellence des relations entre les deux pays ainsi que les prochaines consultations alg\u00e9ro-fran\u00e7aises et les moyens de les faire avancer dans tous les domaines.<\/p>\n\n\n\n<p>A ce sujet justement, le ministre des Affaires \u00e9trang\u00e8res et de la Communaut\u00e9 nationale \u00e0 l\u2019\u00e9tranger a mis l\u2019accent sur \u00ab la n\u00e9cessit\u00e9 d\u2019\u0153uvrer \u00e0 traduire sur le terrain les orientations des deux pr\u00e9sidents, Abdelmadjid Tebboune et Emmanuel Macron&nbsp;\u00bb. Des orientations \u00e0 caract\u00e8re strat\u00e9gique visant \u00e0 mettre en place des partenariats \u00e9quilibr\u00e9s dans l\u2019int\u00e9r\u00eat des deux pays fond\u00e9s sur le respect mutuel et la coop\u00e9ration bilat\u00e9rale. Les discussions entre la ministre fran\u00e7aise des Affaires \u00e9trang\u00e8res et M. Lamamra ont \u00e9galement abord\u00e9 les questions r\u00e9gionales et internationales. Les deux parties ont ainsi \u00e9voqu\u00e9 les questions d\u2019int\u00e9r\u00eat commun et se sont accord\u00e9s sur la n\u00e9cessit\u00e9 de multiplier les consultations.<\/p>\n\n\n\n<p>Ce n\u2019est pas la premi\u00e8re fois que l\u2019Alg\u00e9rie affiche ses positions sur les questions r\u00e9gionales avec la France, pr\u00e9sidente en exercice de l\u2019UE. Pour rappel, il y a deux jours, le pr\u00e9sident du Conseil de la Nation, Salah Goudjil avait&nbsp; re\u00e7u l\u2019ambassadeur de France \u00e0 Alger, Fran\u00e7ois Gouyette. Le pr\u00e9sident du Conseil de la Nation a r\u00e9it\u00e9r\u00e9 les positions intangibles de l\u2019Alg\u00e9rie \u00e0 l\u2019\u00e9gard de ces questions et de celles de la d\u00e9colonisation, rappelant \u00e0 ce propos le droit du peuple palestinien \u00e0 l\u2019\u00e9tablissement de son \u00c9tat avec El Qods comme capitale selon l\u2019Initiative de paix arabe, et le droit du peuple sahraoui \u00e0 l\u2019autod\u00e9termination conform\u00e9ment \u00e0 la l\u00e9galit\u00e9 internationale. Il a en outre rappel\u00e9 l\u2019attachement de l\u2019Alg\u00e9rie au principe de non-alignement, comme une des constantes de la politique \u00e9trang\u00e8re alg\u00e9rienne, et au r\u00e8glement pacifique des conflits.<\/p>\n\n\n\n<p><strong>Chokri Hafed<\/strong><\/p>\n","protected":false},"excerpt":{"rendered":"<p>L\u2019Alg\u00e9rie met en avant la n\u00e9cessit\u00e9 de respecter les principes de droit devant r\u00e9gir ses relations avec ses partenaires, notamment<\/p>\n","protected":false},"author":3,"featured_media":22574,"comment_status":"open","ping_status":"closed","sticky":false,"template":"","format":"standard","meta":{"colormag_page_container_layout":"default_layout","colormag_page_sidebar_layout":"default_layout","om_disable_all_campaigns":false,"_monsterinsights_skip_tracking":false,"_monsterinsights_sitenote_active":false,"_monsterinsights_sitenote_note":"","_monsterinsights_sitenote_category":0,"footnotes":"","_wpscppro_dont_share_socialmedia":false,"_wpscppro_custom_social_share_image":0,"_facebook_share_type":"","_twitter_share_type":"","_linkedin_share_type":"","_pinterest_share_type":"","_linkedin_share_type_page":"","_instagram_share_type":"","_medium_share_type":"","_threads_share_type":"","_google_business_share_type":"","_selected_social_profile":[],"_wpsp_enable_custom_social_template":false,"_wpsp_social_scheduling":{"enabled":false,"datetime":null,"platforms":[],"status":"template_only","dateOption":"today","timeOption":"now","customDays":"","customHours":"","customDate":"","customTime":"","schedulingType":"absolute"},"_wpsp_active_default_template":true},"categories":[52,27],"tags":[],"class_list":["post-22567","post","type-post","status-publish","format-standard","has-post-thumbnail","hentry","category-a-la-une","category-actualite"],"aioseo_notices":[],"yoast_head":"<!-- This site is optimized with the Yoast SEO plugin v27.5 - https:\/\/yoast.com\/product\/yoast-seo-wordpress\/ -->\n<title>Partenariat entre l\u2019Alg\u00e9rie et l\u2019Union europ\u00e9enne\u00a0: La mise au point\u00a0! - La Sentinelle<\/title>\n<meta name=\"robots\" content=\"index, follow, max-snippet:-1, max-image-preview:large, max-video-preview:-1\" \/>\n<link rel=\"canonical\" href=\"https:\/\/lasentinelle.dz\/index.php\/2022\/06\/15\/partenariat-entre-lalgerie-et-lunion-europeenne-la-mise-au-point\/\" \/>\n<meta property=\"og:locale\" content=\"fr_FR\" \/>\n<meta property=\"og:type\" content=\"article\" \/>\n<meta property=\"og:title\" content=\"Partenariat entre l\u2019Alg\u00e9rie et l\u2019Union europ\u00e9enne\u00a0: La mise au point\u00a0! - La Sentinelle\" \/>\n<meta property=\"og:description\" content=\"L\u2019Alg\u00e9rie met en avant la n\u00e9cessit\u00e9 de respecter les principes de droit devant r\u00e9gir ses relations avec ses partenaires, notamment\" \/>\n<meta property=\"og:url\" content=\"https:\/\/lasentinelle.dz\/index.php\/2022\/06\/15\/partenariat-entre-lalgerie-et-lunion-europeenne-la-mise-au-point\/\" \/>\n<meta property=\"og:site_name\" content=\"La Sentinelle\" \/>\n<meta property=\"article:publisher\" content=\"https:\/\/www.facebook.com\/La-Sentinelle-104059864394773\" \/>\n<meta property=\"article:published_time\" content=\"2022-06-14T23:05:00+00:00\" \/>\n<meta property=\"og:image\" content=\"https:\/\/lasentinelle.dz\/wp-content\/uploads\/2022\/06\/Lamamra-2.png\" \/>\n\t<meta property=\"og:image:width\" content=\"912\" \/>\n\t<meta property=\"og:image:height\" content=\"900\" \/>\n\t<meta property=\"og:image:type\" content=\"image\/png\" \/>\n<meta name=\"author\" content=\"La Sentinelle\" \/>\n<meta name=\"twitter:card\" content=\"summary_large_image\" \/>\n<meta name=\"twitter:label1\" content=\"\u00c9crit par\" \/>\n\t<meta name=\"twitter:data1\" content=\"La Sentinelle\" \/>\n\t<meta name=\"twitter:label2\" content=\"Dur\u00e9e de lecture estim\u00e9e\" \/>\n\t<meta name=\"twitter:data2\" content=\"4 minutes\" \/>\n<script type=\"application\/ld+json\" class=\"yoast-schema-graph\">{\"@context\":\"https:\\\/\\\/schema.org\",\"@graph\":[{\"@type\":\"Article\",\"@id\":\"https:\\\/\\\/lasentinelle.dz\\\/index.php\\\/2022\\\/06\\\/15\\\/partenariat-entre-lalgerie-et-lunion-europeenne-la-mise-au-point\\\/#article\",\"isPartOf\":{\"@id\":\"https:\\\/\\\/lasentinelle.dz\\\/index.php\\\/2022\\\/06\\\/15\\\/partenariat-entre-lalgerie-et-lunion-europeenne-la-mise-au-point\\\/\"},\"author\":{\"name\":\"La Sentinelle\",\"@id\":\"https:\\\/\\\/lasentinelle.dz\\\/#\\\/schema\\\/person\\\/d865044e22e70a75174ce8bcad3acfb3\"},\"headline\":\"Partenariat entre l\u2019Alg\u00e9rie et l\u2019Union europ\u00e9enne\u00a0: La mise au point\u00a0!\",\"datePublished\":\"2022-06-14T23:05:00+00:00\",\"mainEntityOfPage\":{\"@id\":\"https:\\\/\\\/lasentinelle.dz\\\/index.php\\\/2022\\\/06\\\/15\\\/partenariat-entre-lalgerie-et-lunion-europeenne-la-mise-au-point\\\/\"},\"wordCount\":834,\"commentCount\":0,\"publisher\":{\"@id\":\"https:\\\/\\\/lasentinelle.dz\\\/#organization\"},\"image\":{\"@id\":\"https:\\\/\\\/lasentinelle.dz\\\/index.php\\\/2022\\\/06\\\/15\\\/partenariat-entre-lalgerie-et-lunion-europeenne-la-mise-au-point\\\/#primaryimage\"},\"thumbnailUrl\":\"https:\\\/\\\/lasentinelle.dz\\\/wp-content\\\/uploads\\\/2022\\\/06\\\/Lamamra-2.png\",\"articleSection\":[\"\u00c0 la Une\",\"Actualit\u00e9\"],\"inLanguage\":\"fr-FR\",\"potentialAction\":[{\"@type\":\"CommentAction\",\"name\":\"Comment\",\"target\":[\"https:\\\/\\\/lasentinelle.dz\\\/index.php\\\/2022\\\/06\\\/15\\\/partenariat-entre-lalgerie-et-lunion-europeenne-la-mise-au-point\\\/#respond\"]}]},{\"@type\":\"WebPage\",\"@id\":\"https:\\\/\\\/lasentinelle.dz\\\/index.php\\\/2022\\\/06\\\/15\\\/partenariat-entre-lalgerie-et-lunion-europeenne-la-mise-au-point\\\/\",\"url\":\"https:\\\/\\\/lasentinelle.dz\\\/index.php\\\/2022\\\/06\\\/15\\\/partenariat-entre-lalgerie-et-lunion-europeenne-la-mise-au-point\\\/\",\"name\":\"Partenariat entre l\u2019Alg\u00e9rie et l\u2019Union europ\u00e9enne\u00a0: La mise au point\u00a0! - La Sentinelle\",\"isPartOf\":{\"@id\":\"https:\\\/\\\/lasentinelle.dz\\\/#website\"},\"primaryImageOfPage\":{\"@id\":\"https:\\\/\\\/lasentinelle.dz\\\/index.php\\\/2022\\\/06\\\/15\\\/partenariat-entre-lalgerie-et-lunion-europeenne-la-mise-au-point\\\/#primaryimage\"},\"image\":{\"@id\":\"https:\\\/\\\/lasentinelle.dz\\\/index.php\\\/2022\\\/06\\\/15\\\/partenariat-entre-lalgerie-et-lunion-europeenne-la-mise-au-point\\\/#primaryimage\"},\"thumbnailUrl\":\"https:\\\/\\\/lasentinelle.dz\\\/wp-content\\\/uploads\\\/2022\\\/06\\\/Lamamra-2.png\",\"datePublished\":\"2022-06-14T23:05:00+00:00\",\"breadcrumb\":{\"@id\":\"https:\\\/\\\/lasentinelle.dz\\\/index.php\\\/2022\\\/06\\\/15\\\/partenariat-entre-lalgerie-et-lunion-europeenne-la-mise-au-point\\\/#breadcrumb\"},\"inLanguage\":\"fr-FR\",\"potentialAction\":[{\"@type\":\"ReadAction\",\"target\":[\"https:\\\/\\\/lasentinelle.dz\\\/index.php\\\/2022\\\/06\\\/15\\\/partenariat-entre-lalgerie-et-lunion-europeenne-la-mise-au-point\\\/\"]}]},{\"@type\":\"ImageObject\",\"inLanguage\":\"fr-FR\",\"@id\":\"https:\\\/\\\/lasentinelle.dz\\\/index.php\\\/2022\\\/06\\\/15\\\/partenariat-entre-lalgerie-et-lunion-europeenne-la-mise-au-point\\\/#primaryimage\",\"url\":\"https:\\\/\\\/lasentinelle.dz\\\/wp-content\\\/uploads\\\/2022\\\/06\\\/Lamamra-2.png\",\"contentUrl\":\"https:\\\/\\\/lasentinelle.dz\\\/wp-content\\\/uploads\\\/2022\\\/06\\\/Lamamra-2.png\",\"width\":912,\"height\":900},{\"@type\":\"BreadcrumbList\",\"@id\":\"https:\\\/\\\/lasentinelle.dz\\\/index.php\\\/2022\\\/06\\\/15\\\/partenariat-entre-lalgerie-et-lunion-europeenne-la-mise-au-point\\\/#breadcrumb\",\"itemListElement\":[{\"@type\":\"ListItem\",\"position\":1,\"name\":\"Accueil\",\"item\":\"https:\\\/\\\/lasentinelle.dz\\\/\"},{\"@type\":\"ListItem\",\"position\":2,\"name\":\"Partenariat entre l\u2019Alg\u00e9rie et l\u2019Union europ\u00e9enne\u00a0: La mise au point\u00a0!\"}]},{\"@type\":\"WebSite\",\"@id\":\"https:\\\/\\\/lasentinelle.dz\\\/#website\",\"url\":\"https:\\\/\\\/lasentinelle.dz\\\/\",\"name\":\"La Sentinelle\",\"description\":\"Quotidien national d&#039;information\",\"publisher\":{\"@id\":\"https:\\\/\\\/lasentinelle.dz\\\/#organization\"},\"potentialAction\":[{\"@type\":\"SearchAction\",\"target\":{\"@type\":\"EntryPoint\",\"urlTemplate\":\"https:\\\/\\\/lasentinelle.dz\\\/?s={search_term_string}\"},\"query-input\":{\"@type\":\"PropertyValueSpecification\",\"valueRequired\":true,\"valueName\":\"search_term_string\"}}],\"inLanguage\":\"fr-FR\"},{\"@type\":\"Organization\",\"@id\":\"https:\\\/\\\/lasentinelle.dz\\\/#organization\",\"name\":\"Quotidien La Sentinelle\",\"url\":\"https:\\\/\\\/lasentinelle.dz\\\/\",\"logo\":{\"@type\":\"ImageObject\",\"inLanguage\":\"fr-FR\",\"@id\":\"https:\\\/\\\/lasentinelle.dz\\\/#\\\/schema\\\/logo\\\/image\\\/\",\"url\":\"https:\\\/\\\/lasentinelle.dz\\\/wp-content\\\/uploads\\\/2021\\\/09\\\/logo-sentinelleSLOGAN-1.png\",\"contentUrl\":\"https:\\\/\\\/lasentinelle.dz\\\/wp-content\\\/uploads\\\/2021\\\/09\\\/logo-sentinelleSLOGAN-1.png\",\"width\":615,\"height\":142,\"caption\":\"Quotidien La Sentinelle\"},\"image\":{\"@id\":\"https:\\\/\\\/lasentinelle.dz\\\/#\\\/schema\\\/logo\\\/image\\\/\"},\"sameAs\":[\"https:\\\/\\\/www.facebook.com\\\/La-Sentinelle-104059864394773\"]},{\"@type\":\"Person\",\"@id\":\"https:\\\/\\\/lasentinelle.dz\\\/#\\\/schema\\\/person\\\/d865044e22e70a75174ce8bcad3acfb3\",\"name\":\"La Sentinelle\",\"image\":{\"@type\":\"ImageObject\",\"inLanguage\":\"fr-FR\",\"@id\":\"https:\\\/\\\/secure.gravatar.com\\\/avatar\\\/57de8e5d4b15d43fb361a71fbb36338450fe67865b528a43dd10ef7c51a20392?s=96&d=mm&r=g\",\"url\":\"https:\\\/\\\/secure.gravatar.com\\\/avatar\\\/57de8e5d4b15d43fb361a71fbb36338450fe67865b528a43dd10ef7c51a20392?s=96&d=mm&r=g\",\"contentUrl\":\"https:\\\/\\\/secure.gravatar.com\\\/avatar\\\/57de8e5d4b15d43fb361a71fbb36338450fe67865b528a43dd10ef7c51a20392?s=96&d=mm&r=g\",\"caption\":\"La Sentinelle\"},\"sameAs\":[\"http:\\\/\\\/www.lasentinelle.dz\"],\"url\":\"https:\\\/\\\/lasentinelle.dz\\\/author\\\/redaction\\\/\"}]}<\/script>\n<!-- \/ Yoast SEO plugin. -->","yoast_head_json":{"title":"Partenariat entre l\u2019Alg\u00e9rie et l\u2019Union europ\u00e9enne\u00a0: La mise au point\u00a0! - La Sentinelle","robots":{"index":"index","follow":"follow","max-snippet":"max-snippet:-1","max-image-preview":"max-image-preview:large","max-video-preview":"max-video-preview:-1"},"canonical":"https:\/\/lasentinelle.dz\/index.php\/2022\/06\/15\/partenariat-entre-lalgerie-et-lunion-europeenne-la-mise-au-point\/","og_locale":"fr_FR","og_type":"article","og_title":"Partenariat entre l\u2019Alg\u00e9rie et l\u2019Union europ\u00e9enne\u00a0: La mise au point\u00a0! - La Sentinelle","og_description":"L\u2019Alg\u00e9rie met en avant la n\u00e9cessit\u00e9 de respecter les principes de droit devant r\u00e9gir ses relations avec ses partenaires, notamment","og_url":"https:\/\/lasentinelle.dz\/index.php\/2022\/06\/15\/partenariat-entre-lalgerie-et-lunion-europeenne-la-mise-au-point\/","og_site_name":"La Sentinelle","article_publisher":"https:\/\/www.facebook.com\/La-Sentinelle-104059864394773","article_published_time":"2022-06-14T23:05:00+00:00","og_image":[{"width":912,"height":900,"url":"https:\/\/lasentinelle.dz\/wp-content\/uploads\/2022\/06\/Lamamra-2.png","type":"image\/png"}],"author":"La Sentinelle","twitter_card":"summary_large_image","twitter_misc":{"\u00c9crit par":"La Sentinelle","Dur\u00e9e de lecture estim\u00e9e":"4 minutes"},"schema":{"@context":"https:\/\/schema.org","@graph":[{"@type":"Article","@id":"https:\/\/lasentinelle.dz\/index.php\/2022\/06\/15\/partenariat-entre-lalgerie-et-lunion-europeenne-la-mise-au-point\/#article","isPartOf":{"@id":"https:\/\/lasentinelle.dz\/index.php\/2022\/06\/15\/partenariat-entre-lalgerie-et-lunion-europeenne-la-mise-au-point\/"},"author":{"name":"La Sentinelle","@id":"https:\/\/lasentinelle.dz\/#\/schema\/person\/d865044e22e70a75174ce8bcad3acfb3"},"headline":"Partenariat entre l\u2019Alg\u00e9rie et l\u2019Union europ\u00e9enne\u00a0: La mise au point\u00a0!","datePublished":"2022-06-14T23:05:00+00:00","mainEntityOfPage":{"@id":"https:\/\/lasentinelle.dz\/index.php\/2022\/06\/15\/partenariat-entre-lalgerie-et-lunion-europeenne-la-mise-au-point\/"},"wordCount":834,"commentCount":0,"publisher":{"@id":"https:\/\/lasentinelle.dz\/#organization"},"image":{"@id":"https:\/\/lasentinelle.dz\/index.php\/2022\/06\/15\/partenariat-entre-lalgerie-et-lunion-europeenne-la-mise-au-point\/#primaryimage"},"thumbnailUrl":"https:\/\/lasentinelle.dz\/wp-content\/uploads\/2022\/06\/Lamamra-2.png","articleSection":["\u00c0 la Une","Actualit\u00e9"],"inLanguage":"fr-FR","potentialAction":[{"@type":"CommentAction","name":"Comment","target":["https:\/\/lasentinelle.dz\/index.php\/2022\/06\/15\/partenariat-entre-lalgerie-et-lunion-europeenne-la-mise-au-point\/#respond"]}]},{"@type":"WebPage","@id":"https:\/\/lasentinelle.dz\/index.php\/2022\/06\/15\/partenariat-entre-lalgerie-et-lunion-europeenne-la-mise-au-point\/","url":"https:\/\/lasentinelle.dz\/index.php\/2022\/06\/15\/partenariat-entre-lalgerie-et-lunion-europeenne-la-mise-au-point\/","name":"Partenariat entre l\u2019Alg\u00e9rie et l\u2019Union europ\u00e9enne\u00a0: La mise au point\u00a0! - La Sentinelle","isPartOf":{"@id":"https:\/\/lasentinelle.dz\/#website"},"primaryImageOfPage":{"@id":"https:\/\/lasentinelle.dz\/index.php\/2022\/06\/15\/partenariat-entre-lalgerie-et-lunion-europeenne-la-mise-au-point\/#primaryimage"},"image":{"@id":"https:\/\/lasentinelle.dz\/index.php\/2022\/06\/15\/partenariat-entre-lalgerie-et-lunion-europeenne-la-mise-au-point\/#primaryimage"},"thumbnailUrl":"https:\/\/lasentinelle.dz\/wp-content\/uploads\/2022\/06\/Lamamra-2.png","datePublished":"2022-06-14T23:05:00+00:00","breadcrumb":{"@id":"https:\/\/lasentinelle.dz\/index.php\/2022\/06\/15\/partenariat-entre-lalgerie-et-lunion-europeenne-la-mise-au-point\/#breadcrumb"},"inLanguage":"fr-FR","potentialAction":[{"@type":"ReadAction","target":["https:\/\/lasentinelle.dz\/index.php\/2022\/06\/15\/partenariat-entre-lalgerie-et-lunion-europeenne-la-mise-au-point\/"]}]},{"@type":"ImageObject","inLanguage":"fr-FR","@id":"https:\/\/lasentinelle.dz\/index.php\/2022\/06\/15\/partenariat-entre-lalgerie-et-lunion-europeenne-la-mise-au-point\/#primaryimage","url":"https:\/\/lasentinelle.dz\/wp-content\/uploads\/2022\/06\/Lamamra-2.png","contentUrl":"https:\/\/lasentinelle.dz\/wp-content\/uploads\/2022\/06\/Lamamra-2.png","width":912,"height":900},{"@type":"BreadcrumbList","@id":"https:\/\/lasentinelle.dz\/index.php\/2022\/06\/15\/partenariat-entre-lalgerie-et-lunion-europeenne-la-mise-au-point\/#breadcrumb","itemListElement":[{"@type":"ListItem","position":1,"name":"Accueil","item":"https:\/\/lasentinelle.dz\/"},{"@type":"ListItem","position":2,"name":"Partenariat entre l\u2019Alg\u00e9rie et l\u2019Union europ\u00e9enne\u00a0: La mise au point\u00a0!"}]},{"@type":"WebSite","@id":"https:\/\/lasentinelle.dz\/#website","url":"https:\/\/lasentinelle.dz\/","name":"La Sentinelle","description":"Quotidien national d&#039;information","publisher":{"@id":"https:\/\/lasentinelle.dz\/#organization"},"potentialAction":[{"@type":"SearchAction","target":{"@type":"EntryPoint","urlTemplate":"https:\/\/lasentinelle.dz\/?s={search_term_string}"},"query-input":{"@type":"PropertyValueSpecification","valueRequired":true,"valueName":"search_term_string"}}],"inLanguage":"fr-FR"},{"@type":"Organization","@id":"https:\/\/lasentinelle.dz\/#organization","name":"Quotidien La Sentinelle","url":"https:\/\/lasentinelle.dz\/","logo":{"@type":"ImageObject","inLanguage":"fr-FR","@id":"https:\/\/lasentinelle.dz\/#\/schema\/logo\/image\/","url":"https:\/\/lasentinelle.dz\/wp-content\/uploads\/2021\/09\/logo-sentinelleSLOGAN-1.png","contentUrl":"https:\/\/lasentinelle.dz\/wp-content\/uploads\/2021\/09\/logo-sentinelleSLOGAN-1.png","width":615,"height":142,"caption":"Quotidien La Sentinelle"},"image":{"@id":"https:\/\/lasentinelle.dz\/#\/schema\/logo\/image\/"},"sameAs":["https:\/\/www.facebook.com\/La-Sentinelle-104059864394773"]},{"@type":"Person","@id":"https:\/\/lasentinelle.dz\/#\/schema\/person\/d865044e22e70a75174ce8bcad3acfb3","name":"La Sentinelle","image":{"@type":"ImageObject","inLanguage":"fr-FR","@id":"https:\/\/secure.gravatar.com\/avatar\/57de8e5d4b15d43fb361a71fbb36338450fe67865b528a43dd10ef7c51a20392?s=96&d=mm&r=g","url":"https:\/\/secure.gravatar.com\/avatar\/57de8e5d4b15d43fb361a71fbb36338450fe67865b528a43dd10ef7c51a20392?s=96&d=mm&r=g","contentUrl":"https:\/\/secure.gravatar.com\/avatar\/57de8e5d4b15d43fb361a71fbb36338450fe67865b528a43dd10ef7c51a20392?s=96&d=mm&r=g","caption":"La Sentinelle"},"sameAs":["http:\/\/www.lasentinelle.dz"],"url":"https:\/\/lasentinelle.dz\/author\/redaction\/"}]}},"_links":{"self":[{"href":"https:\/\/lasentinelle.dz\/index.php\/wp-json\/wp\/v2\/posts\/22567","targetHints":{"allow":["GET"]}}],"collection":[{"href":"https:\/\/lasentinelle.dz\/index.php\/wp-json\/wp\/v2\/posts"}],"about":[{"href":"https:\/\/lasentinelle.dz\/index.php\/wp-json\/wp\/v2\/types\/post"}],"author":[{"embeddable":true,"href":"https:\/\/lasentinelle.dz\/index.php\/wp-json\/wp\/v2\/users\/3"}],"replies":[{"embeddable":true,"href":"https:\/\/lasentinelle.dz\/index.php\/wp-json\/wp\/v2\/comments?post=22567"}],"version-history":[{"count":1,"href":"https:\/\/lasentinelle.dz\/index.php\/wp-json\/wp\/v2\/posts\/22567\/revisions"}],"predecessor-version":[{"id":22576,"href":"https:\/\/lasentinelle.dz\/index.php\/wp-json\/wp\/v2\/posts\/22567\/revisions\/22576"}],"wp:featuredmedia":[{"embeddable":true,"href":"https:\/\/lasentinelle.dz\/index.php\/wp-json\/wp\/v2\/media\/22574"}],"wp:attachment":[{"href":"https:\/\/lasentinelle.dz\/index.php\/wp-json\/wp\/v2\/media?parent=22567"}],"wp:term":[{"taxonomy":"category","embeddable":true,"href":"https:\/\/lasentinelle.dz\/index.php\/wp-json\/wp\/v2\/categories?post=22567"},{"taxonomy":"post_tag","embeddable":true,"href":"https:\/\/lasentinelle.dz\/index.php\/wp-json\/wp\/v2\/tags?post=22567"}],"curies":[{"name":"wp","href":"https:\/\/api.w.org\/{rel}","templated":true}]}}