{"id":22568,"date":"2022-06-15T00:01:00","date_gmt":"2022-06-14T23:01:00","guid":{"rendered":"https:\/\/lasentinelle.dz\/?p=22568"},"modified":"2022-06-14T21:21:05","modified_gmt":"2022-06-14T20:21:05","slug":"19e-reunion-des-ministres-des-ae-africains-et-des-pays-nordiques-lamamra-plaide-pour-un-partenariat-strategique","status":"publish","type":"post","link":"https:\/\/lasentinelle.dz\/index.php\/2022\/06\/15\/19e-reunion-des-ministres-des-ae-africains-et-des-pays-nordiques-lamamra-plaide-pour-un-partenariat-strategique\/","title":{"rendered":"19e\u00a0r\u00e9union des ministres des AE africains et des pays nordiques\u00a0: Lamamra plaide pour un partenariat strat\u00e9gique"},"content":{"rendered":"\n<p>Le ministre&nbsp;des Affaires \u00e9trang\u00e8res et de la Communaut\u00e9 nationale \u00e0 l\u2019\u00e9tranger, Ramtane Lamamra, a soulign\u00e9 hier \u00ab&nbsp;les efforts d\u00e9ploy\u00e9s par le continent en mati\u00e8re de pr\u00e9vention et de r\u00e9solution des conflits et plaid\u00e9 en faveur d\u2019un soutien plus cons\u00e9quent de la communaut\u00e9 internationale&nbsp;\u00bb. Le chef de la diplomatie alg\u00e9rienne qui a&nbsp;co-pr\u00e9sid\u00e9 hier&nbsp;avec son homologue finlandais, Pekka Haavisto, les travaux de la premi\u00e8re s\u00e9ance de la 19e r\u00e9union des chefs de la diplomatie africains et nordiques, consacr\u00e9e aux questions de paix et de s\u00e9curit\u00e9 dans le monde,&nbsp;a notamment soulign\u00e9 que&nbsp;\u00ab&nbsp;les menaces s\u00e9curitaires qui s\u00e9vissent actuellement en Afrique, \u00e0 l\u2019image du terrorisme, de l\u2019extr\u00e9misme violent, de la criminalit\u00e9 transnationale, et des diff\u00e9rents types de conflits, y compris ceux induits par les changements climatiques, sont toutes de port\u00e9e et d\u2019impact globaux et, par cons\u00e9quent, appellent des r\u00e9ponses plus concert\u00e9es dans le cadre d\u2019approches inclusives bas\u00e9es sur le respect mutuel et la coop\u00e9ration (&#8230;)&nbsp;\u00bb.&nbsp;\u00ab&nbsp;Dans cette perspective, M. Lamamra a indiqu\u00e9 que les partenariats \u00e9tablis avec l&rsquo;Afrique ne doivent pas \u00eatre r\u00e9duits \u00e0 de simples rapports entre donateurs et r\u00e9cipiendaires, mais plut\u00f4t doivent \u00eatre con\u00e7us et per\u00e7us comme un effort strat\u00e9gique profond\u00e9ment ancr\u00e9 dans les principes d&rsquo;\u00e9galit\u00e9, d&rsquo;appropriation, de coop\u00e9ration et de solidarit\u00e9 entre divers acteurs dont la s\u00e9curit\u00e9 collective est tributaire de la stabilit\u00e9 et de la prosp\u00e9rit\u00e9 de chacun d\u2019entre eux&nbsp;\u00bb,&nbsp;a indiqu\u00e9 le minist\u00e8re des affaires \u00e9trang\u00e8res dans un communiqu\u00e9.&nbsp;Partant de ce constat, Ramtane Lamamra a invit\u00e9 les pays nordiques \u00e0 soutenir davantage les m\u00e9canismes de l&rsquo;Union africaine en mati\u00e8re de pr\u00e9vention, de gestion et de r\u00e9solution des conflits, ainsi que la concr\u00e9tisation des projets structurants identifi\u00e9s dans le cadre du NEPAD et de l&rsquo;Agenda 2063 tendant \u00e0 acc\u00e9l\u00e9rer l&rsquo;int\u00e9gration et le d\u00e9veloppement de l&rsquo;Afrique.&nbsp;\u00ab\u00a0Enfin, M. Lamamra a abord\u00e9 la n\u00e9cessit\u00e9 de renforcer les institutions multilat\u00e9rales, \u00e0 leur t\u00eate l\u2019Organisation des Nations unies, pour promouvoir un multilat\u00e9ralisme plus \u00e9galitaire fond\u00e9 sur les normes et les principes du droit international, tout en soulignant l\u2019imp\u00e9ratif de mettre un terme \u00e0 l\u2019injustice historique de la marginalisation de l\u2019Afrique sur la sc\u00e8ne internationale et dans les cadres de la gouvernance mondiale\u00a0\u00bb.<\/p>\n\n\n\n<p><strong>Une 20<sup>e<\/sup>&nbsp;r\u00e9union pr\u00e9vue en Alg\u00e9rie<\/strong><\/p>\n\n\n\n<p>Notons que l&rsquo;Alg\u00e9rie abritera en mai 2023 la 20e r\u00e9union des ministres des Affaires \u00e9trang\u00e8res africains et leurs homologues des pays nordiques.&nbsp;&nbsp;\u00ab\u00a0La d\u00e9cision a \u00e9t\u00e9 prise au terme d\u2019une s\u00e9ance \u00e0 huis clos durant laquelle plusieurs ministres africains, notamment du Niger, de l\u2019Afrique du Sud, du Nigeria et de la Tanzanie ont propos\u00e9, dans le cadre de la pratique de rotation gouvernant le fonctionnement de ce Groupe, que l\u2019Alg\u00e9rie abrite et dirige les travaux de la 20e \u00e9dition pr\u00e9vue l\u2019an prochain\u00a0\u00bb, indique&nbsp;le&nbsp;communiqu\u00e9 du minist\u00e8re.&nbsp;Selon la m\u00eame source, cette proposition, \u00ab\u00a0qui a suscit\u00e9 le d\u00e9sistement de trois pays africains ayant envisag\u00e9 de soumettre leurs candidatures pour accueillir cet \u00e9v\u00e8nement, a \u00e9t\u00e9 vite appuy\u00e9e par la Finlande et applaudie par les participants qui se sont f\u00e9licit\u00e9s de l\u2019\u00e9mergence d\u2019un consensus aussi rapidement et aussi facilement sur un sujet qui n\u00e9cessite d\u2019habitude de larges et longues consultations\u00a0\u00bb.&nbsp;A cette occasion, le chef de la diplomatie alg\u00e9rienne a exprim\u00e9 ses \u00ab\u00a0vifs remerciements\u00a0\u00bb \u00e0 ses homologues des pays africains et nordiques pour cette marque de confiance \u00ab\u00a0qui t\u00e9moigne de la cr\u00e9dibilit\u00e9 dont jouit l\u2019Alg\u00e9rie aux niveaux continental et global au regard de ses contributions dans la promotion de la paix et ses efforts visant \u00e0 porter la voix de l\u2019Afrique au sein de toutes les instances internationales\u00a0\u00bb.&nbsp;Pour rappel, ce forum, regroupant un nombre croissant de ministres africains avec leurs homologues nordiques, a \u00e9t\u00e9 mis en place en 2001 et tient depuis des r\u00e9unions annuelles consacr\u00e9es aux questions d\u2019actualit\u00e9 dans la perspective de renforcer le dialogue et la coop\u00e9ration face aux d\u00e9fis contemporains.<\/p>\n\n\n\n<p><strong>Chokri Hafed<\/strong><\/p>\n","protected":false},"excerpt":{"rendered":"<p>Le ministre&nbsp;des Affaires \u00e9trang\u00e8res et de la Communaut\u00e9 nationale \u00e0 l\u2019\u00e9tranger, Ramtane Lamamra, a soulign\u00e9 hier \u00ab&nbsp;les efforts d\u00e9ploy\u00e9s par<\/p>\n","protected":false},"author":3,"featured_media":14295,"comment_status":"open","ping_status":"closed","sticky":false,"template":"","format":"standard","meta":{"colormag_page_container_layout":"default_layout","colormag_page_sidebar_layout":"default_layout","om_disable_all_campaigns":false,"_monsterinsights_skip_tracking":false,"_monsterinsights_sitenote_active":false,"_monsterinsights_sitenote_note":"","_monsterinsights_sitenote_category":0,"footnotes":"","_wpscppro_dont_share_socialmedia":false,"_wpscppro_custom_social_share_image":0,"_facebook_share_type":"","_twitter_share_type":"","_linkedin_share_type":"","_pinterest_share_type":"","_linkedin_share_type_page":"","_instagram_share_type":"","_medium_share_type":"","_threads_share_type":"","_google_business_share_type":"","_selected_social_profile":[],"_wpsp_enable_custom_social_template":false,"_wpsp_social_scheduling":{"enabled":false,"datetime":null,"platforms":[],"status":"template_only","dateOption":"today","timeOption":"now","customDays":"","customHours":"","customDate":"","customTime":"","schedulingType":"absolute"},"_wpsp_active_default_template":true},"categories":[27],"tags":[],"class_list":["post-22568","post","type-post","status-publish","format-standard","has-post-thumbnail","hentry","category-actualite"],"aioseo_notices":[],"yoast_head":"<!-- This site is optimized with the Yoast SEO plugin v27.5 - https:\/\/yoast.com\/product\/yoast-seo-wordpress\/ -->\n<title>19e\u00a0r\u00e9union des ministres des AE africains et des pays nordiques\u00a0: Lamamra plaide pour un partenariat strat\u00e9gique - La Sentinelle<\/title>\n<meta name=\"robots\" content=\"index, follow, max-snippet:-1, max-image-preview:large, max-video-preview:-1\" \/>\n<link rel=\"canonical\" href=\"https:\/\/lasentinelle.dz\/index.php\/2022\/06\/15\/19e-reunion-des-ministres-des-ae-africains-et-des-pays-nordiques-lamamra-plaide-pour-un-partenariat-strategique\/\" \/>\n<meta property=\"og:locale\" content=\"fr_FR\" \/>\n<meta property=\"og:type\" content=\"article\" \/>\n<meta property=\"og:title\" content=\"19e\u00a0r\u00e9union des ministres des AE africains et des pays nordiques\u00a0: Lamamra plaide pour un partenariat strat\u00e9gique - La Sentinelle\" \/>\n<meta property=\"og:description\" content=\"Le ministre&nbsp;des Affaires \u00e9trang\u00e8res et de la Communaut\u00e9 nationale \u00e0 l\u2019\u00e9tranger, Ramtane Lamamra, a soulign\u00e9 hier \u00ab&nbsp;les efforts d\u00e9ploy\u00e9s par\" \/>\n<meta property=\"og:url\" content=\"https:\/\/lasentinelle.dz\/index.php\/2022\/06\/15\/19e-reunion-des-ministres-des-ae-africains-et-des-pays-nordiques-lamamra-plaide-pour-un-partenariat-strategique\/\" \/>\n<meta property=\"og:site_name\" content=\"La Sentinelle\" \/>\n<meta property=\"article:publisher\" content=\"https:\/\/www.facebook.com\/La-Sentinelle-104059864394773\" \/>\n<meta property=\"article:published_time\" content=\"2022-06-14T23:01:00+00:00\" \/>\n<meta property=\"og:image\" content=\"https:\/\/lasentinelle.dz\/wp-content\/uploads\/2021\/11\/lammara.jpg\" \/>\n\t<meta property=\"og:image:width\" content=\"745\" \/>\n\t<meta property=\"og:image:height\" content=\"470\" \/>\n\t<meta property=\"og:image:type\" content=\"image\/jpeg\" \/>\n<meta name=\"author\" content=\"La Sentinelle\" \/>\n<meta name=\"twitter:card\" content=\"summary_large_image\" \/>\n<meta name=\"twitter:label1\" content=\"\u00c9crit par\" \/>\n\t<meta name=\"twitter:data1\" content=\"La Sentinelle\" \/>\n\t<meta name=\"twitter:label2\" content=\"Dur\u00e9e de lecture estim\u00e9e\" \/>\n\t<meta name=\"twitter:data2\" content=\"4 minutes\" \/>\n<script type=\"application\/ld+json\" class=\"yoast-schema-graph\">{\"@context\":\"https:\\\/\\\/schema.org\",\"@graph\":[{\"@type\":\"Article\",\"@id\":\"https:\\\/\\\/lasentinelle.dz\\\/index.php\\\/2022\\\/06\\\/15\\\/19e-reunion-des-ministres-des-ae-africains-et-des-pays-nordiques-lamamra-plaide-pour-un-partenariat-strategique\\\/#article\",\"isPartOf\":{\"@id\":\"https:\\\/\\\/lasentinelle.dz\\\/index.php\\\/2022\\\/06\\\/15\\\/19e-reunion-des-ministres-des-ae-africains-et-des-pays-nordiques-lamamra-plaide-pour-un-partenariat-strategique\\\/\"},\"author\":{\"name\":\"La Sentinelle\",\"@id\":\"https:\\\/\\\/lasentinelle.dz\\\/#\\\/schema\\\/person\\\/d865044e22e70a75174ce8bcad3acfb3\"},\"headline\":\"19e\u00a0r\u00e9union des ministres des AE africains et des pays nordiques\u00a0: Lamamra plaide pour un partenariat strat\u00e9gique\",\"datePublished\":\"2022-06-14T23:01:00+00:00\",\"mainEntityOfPage\":{\"@id\":\"https:\\\/\\\/lasentinelle.dz\\\/index.php\\\/2022\\\/06\\\/15\\\/19e-reunion-des-ministres-des-ae-africains-et-des-pays-nordiques-lamamra-plaide-pour-un-partenariat-strategique\\\/\"},\"wordCount\":758,\"commentCount\":0,\"publisher\":{\"@id\":\"https:\\\/\\\/lasentinelle.dz\\\/#organization\"},\"image\":{\"@id\":\"https:\\\/\\\/lasentinelle.dz\\\/index.php\\\/2022\\\/06\\\/15\\\/19e-reunion-des-ministres-des-ae-africains-et-des-pays-nordiques-lamamra-plaide-pour-un-partenariat-strategique\\\/#primaryimage\"},\"thumbnailUrl\":\"https:\\\/\\\/lasentinelle.dz\\\/wp-content\\\/uploads\\\/2021\\\/11\\\/lammara.jpg\",\"articleSection\":[\"Actualit\u00e9\"],\"inLanguage\":\"fr-FR\",\"potentialAction\":[{\"@type\":\"CommentAction\",\"name\":\"Comment\",\"target\":[\"https:\\\/\\\/lasentinelle.dz\\\/index.php\\\/2022\\\/06\\\/15\\\/19e-reunion-des-ministres-des-ae-africains-et-des-pays-nordiques-lamamra-plaide-pour-un-partenariat-strategique\\\/#respond\"]}]},{\"@type\":\"WebPage\",\"@id\":\"https:\\\/\\\/lasentinelle.dz\\\/index.php\\\/2022\\\/06\\\/15\\\/19e-reunion-des-ministres-des-ae-africains-et-des-pays-nordiques-lamamra-plaide-pour-un-partenariat-strategique\\\/\",\"url\":\"https:\\\/\\\/lasentinelle.dz\\\/index.php\\\/2022\\\/06\\\/15\\\/19e-reunion-des-ministres-des-ae-africains-et-des-pays-nordiques-lamamra-plaide-pour-un-partenariat-strategique\\\/\",\"name\":\"19e\u00a0r\u00e9union des ministres des AE africains et des pays nordiques\u00a0: Lamamra plaide pour un partenariat strat\u00e9gique - La Sentinelle\",\"isPartOf\":{\"@id\":\"https:\\\/\\\/lasentinelle.dz\\\/#website\"},\"primaryImageOfPage\":{\"@id\":\"https:\\\/\\\/lasentinelle.dz\\\/index.php\\\/2022\\\/06\\\/15\\\/19e-reunion-des-ministres-des-ae-africains-et-des-pays-nordiques-lamamra-plaide-pour-un-partenariat-strategique\\\/#primaryimage\"},\"image\":{\"@id\":\"https:\\\/\\\/lasentinelle.dz\\\/index.php\\\/2022\\\/06\\\/15\\\/19e-reunion-des-ministres-des-ae-africains-et-des-pays-nordiques-lamamra-plaide-pour-un-partenariat-strategique\\\/#primaryimage\"},\"thumbnailUrl\":\"https:\\\/\\\/lasentinelle.dz\\\/wp-content\\\/uploads\\\/2021\\\/11\\\/lammara.jpg\",\"datePublished\":\"2022-06-14T23:01:00+00:00\",\"breadcrumb\":{\"@id\":\"https:\\\/\\\/lasentinelle.dz\\\/index.php\\\/2022\\\/06\\\/15\\\/19e-reunion-des-ministres-des-ae-africains-et-des-pays-nordiques-lamamra-plaide-pour-un-partenariat-strategique\\\/#breadcrumb\"},\"inLanguage\":\"fr-FR\",\"potentialAction\":[{\"@type\":\"ReadAction\",\"target\":[\"https:\\\/\\\/lasentinelle.dz\\\/index.php\\\/2022\\\/06\\\/15\\\/19e-reunion-des-ministres-des-ae-africains-et-des-pays-nordiques-lamamra-plaide-pour-un-partenariat-strategique\\\/\"]}]},{\"@type\":\"ImageObject\",\"inLanguage\":\"fr-FR\",\"@id\":\"https:\\\/\\\/lasentinelle.dz\\\/index.php\\\/2022\\\/06\\\/15\\\/19e-reunion-des-ministres-des-ae-africains-et-des-pays-nordiques-lamamra-plaide-pour-un-partenariat-strategique\\\/#primaryimage\",\"url\":\"https:\\\/\\\/lasentinelle.dz\\\/wp-content\\\/uploads\\\/2021\\\/11\\\/lammara.jpg\",\"contentUrl\":\"https:\\\/\\\/lasentinelle.dz\\\/wp-content\\\/uploads\\\/2021\\\/11\\\/lammara.jpg\",\"width\":745,\"height\":470},{\"@type\":\"BreadcrumbList\",\"@id\":\"https:\\\/\\\/lasentinelle.dz\\\/index.php\\\/2022\\\/06\\\/15\\\/19e-reunion-des-ministres-des-ae-africains-et-des-pays-nordiques-lamamra-plaide-pour-un-partenariat-strategique\\\/#breadcrumb\",\"itemListElement\":[{\"@type\":\"ListItem\",\"position\":1,\"name\":\"Accueil\",\"item\":\"https:\\\/\\\/lasentinelle.dz\\\/\"},{\"@type\":\"ListItem\",\"position\":2,\"name\":\"19e\u00a0r\u00e9union des ministres des AE africains et des pays nordiques\u00a0: Lamamra plaide pour un partenariat strat\u00e9gique\"}]},{\"@type\":\"WebSite\",\"@id\":\"https:\\\/\\\/lasentinelle.dz\\\/#website\",\"url\":\"https:\\\/\\\/lasentinelle.dz\\\/\",\"name\":\"La Sentinelle\",\"description\":\"Quotidien national d&#039;information\",\"publisher\":{\"@id\":\"https:\\\/\\\/lasentinelle.dz\\\/#organization\"},\"potentialAction\":[{\"@type\":\"SearchAction\",\"target\":{\"@type\":\"EntryPoint\",\"urlTemplate\":\"https:\\\/\\\/lasentinelle.dz\\\/?s={search_term_string}\"},\"query-input\":{\"@type\":\"PropertyValueSpecification\",\"valueRequired\":true,\"valueName\":\"search_term_string\"}}],\"inLanguage\":\"fr-FR\"},{\"@type\":\"Organization\",\"@id\":\"https:\\\/\\\/lasentinelle.dz\\\/#organization\",\"name\":\"Quotidien La Sentinelle\",\"url\":\"https:\\\/\\\/lasentinelle.dz\\\/\",\"logo\":{\"@type\":\"ImageObject\",\"inLanguage\":\"fr-FR\",\"@id\":\"https:\\\/\\\/lasentinelle.dz\\\/#\\\/schema\\\/logo\\\/image\\\/\",\"url\":\"https:\\\/\\\/lasentinelle.dz\\\/wp-content\\\/uploads\\\/2021\\\/09\\\/logo-sentinelleSLOGAN-1.png\",\"contentUrl\":\"https:\\\/\\\/lasentinelle.dz\\\/wp-content\\\/uploads\\\/2021\\\/09\\\/logo-sentinelleSLOGAN-1.png\",\"width\":615,\"height\":142,\"caption\":\"Quotidien La Sentinelle\"},\"image\":{\"@id\":\"https:\\\/\\\/lasentinelle.dz\\\/#\\\/schema\\\/logo\\\/image\\\/\"},\"sameAs\":[\"https:\\\/\\\/www.facebook.com\\\/La-Sentinelle-104059864394773\"]},{\"@type\":\"Person\",\"@id\":\"https:\\\/\\\/lasentinelle.dz\\\/#\\\/schema\\\/person\\\/d865044e22e70a75174ce8bcad3acfb3\",\"name\":\"La Sentinelle\",\"image\":{\"@type\":\"ImageObject\",\"inLanguage\":\"fr-FR\",\"@id\":\"https:\\\/\\\/secure.gravatar.com\\\/avatar\\\/57de8e5d4b15d43fb361a71fbb36338450fe67865b528a43dd10ef7c51a20392?s=96&d=mm&r=g\",\"url\":\"https:\\\/\\\/secure.gravatar.com\\\/avatar\\\/57de8e5d4b15d43fb361a71fbb36338450fe67865b528a43dd10ef7c51a20392?s=96&d=mm&r=g\",\"contentUrl\":\"https:\\\/\\\/secure.gravatar.com\\\/avatar\\\/57de8e5d4b15d43fb361a71fbb36338450fe67865b528a43dd10ef7c51a20392?s=96&d=mm&r=g\",\"caption\":\"La Sentinelle\"},\"sameAs\":[\"http:\\\/\\\/www.lasentinelle.dz\"],\"url\":\"https:\\\/\\\/lasentinelle.dz\\\/author\\\/redaction\\\/\"}]}<\/script>\n<!-- \/ Yoast SEO plugin. -->","yoast_head_json":{"title":"19e\u00a0r\u00e9union des ministres des AE africains et des pays nordiques\u00a0: Lamamra plaide pour un partenariat strat\u00e9gique - La Sentinelle","robots":{"index":"index","follow":"follow","max-snippet":"max-snippet:-1","max-image-preview":"max-image-preview:large","max-video-preview":"max-video-preview:-1"},"canonical":"https:\/\/lasentinelle.dz\/index.php\/2022\/06\/15\/19e-reunion-des-ministres-des-ae-africains-et-des-pays-nordiques-lamamra-plaide-pour-un-partenariat-strategique\/","og_locale":"fr_FR","og_type":"article","og_title":"19e\u00a0r\u00e9union des ministres des AE africains et des pays nordiques\u00a0: Lamamra plaide pour un partenariat strat\u00e9gique - La Sentinelle","og_description":"Le ministre&nbsp;des Affaires \u00e9trang\u00e8res et de la Communaut\u00e9 nationale \u00e0 l\u2019\u00e9tranger, Ramtane Lamamra, a soulign\u00e9 hier \u00ab&nbsp;les efforts d\u00e9ploy\u00e9s par","og_url":"https:\/\/lasentinelle.dz\/index.php\/2022\/06\/15\/19e-reunion-des-ministres-des-ae-africains-et-des-pays-nordiques-lamamra-plaide-pour-un-partenariat-strategique\/","og_site_name":"La Sentinelle","article_publisher":"https:\/\/www.facebook.com\/La-Sentinelle-104059864394773","article_published_time":"2022-06-14T23:01:00+00:00","og_image":[{"width":745,"height":470,"url":"https:\/\/lasentinelle.dz\/wp-content\/uploads\/2021\/11\/lammara.jpg","type":"image\/jpeg"}],"author":"La Sentinelle","twitter_card":"summary_large_image","twitter_misc":{"\u00c9crit par":"La Sentinelle","Dur\u00e9e de lecture estim\u00e9e":"4 minutes"},"schema":{"@context":"https:\/\/schema.org","@graph":[{"@type":"Article","@id":"https:\/\/lasentinelle.dz\/index.php\/2022\/06\/15\/19e-reunion-des-ministres-des-ae-africains-et-des-pays-nordiques-lamamra-plaide-pour-un-partenariat-strategique\/#article","isPartOf":{"@id":"https:\/\/lasentinelle.dz\/index.php\/2022\/06\/15\/19e-reunion-des-ministres-des-ae-africains-et-des-pays-nordiques-lamamra-plaide-pour-un-partenariat-strategique\/"},"author":{"name":"La Sentinelle","@id":"https:\/\/lasentinelle.dz\/#\/schema\/person\/d865044e22e70a75174ce8bcad3acfb3"},"headline":"19e\u00a0r\u00e9union des ministres des AE africains et des pays nordiques\u00a0: Lamamra plaide pour un partenariat strat\u00e9gique","datePublished":"2022-06-14T23:01:00+00:00","mainEntityOfPage":{"@id":"https:\/\/lasentinelle.dz\/index.php\/2022\/06\/15\/19e-reunion-des-ministres-des-ae-africains-et-des-pays-nordiques-lamamra-plaide-pour-un-partenariat-strategique\/"},"wordCount":758,"commentCount":0,"publisher":{"@id":"https:\/\/lasentinelle.dz\/#organization"},"image":{"@id":"https:\/\/lasentinelle.dz\/index.php\/2022\/06\/15\/19e-reunion-des-ministres-des-ae-africains-et-des-pays-nordiques-lamamra-plaide-pour-un-partenariat-strategique\/#primaryimage"},"thumbnailUrl":"https:\/\/lasentinelle.dz\/wp-content\/uploads\/2021\/11\/lammara.jpg","articleSection":["Actualit\u00e9"],"inLanguage":"fr-FR","potentialAction":[{"@type":"CommentAction","name":"Comment","target":["https:\/\/lasentinelle.dz\/index.php\/2022\/06\/15\/19e-reunion-des-ministres-des-ae-africains-et-des-pays-nordiques-lamamra-plaide-pour-un-partenariat-strategique\/#respond"]}]},{"@type":"WebPage","@id":"https:\/\/lasentinelle.dz\/index.php\/2022\/06\/15\/19e-reunion-des-ministres-des-ae-africains-et-des-pays-nordiques-lamamra-plaide-pour-un-partenariat-strategique\/","url":"https:\/\/lasentinelle.dz\/index.php\/2022\/06\/15\/19e-reunion-des-ministres-des-ae-africains-et-des-pays-nordiques-lamamra-plaide-pour-un-partenariat-strategique\/","name":"19e\u00a0r\u00e9union des ministres des AE africains et des pays nordiques\u00a0: Lamamra plaide pour un partenariat strat\u00e9gique - La Sentinelle","isPartOf":{"@id":"https:\/\/lasentinelle.dz\/#website"},"primaryImageOfPage":{"@id":"https:\/\/lasentinelle.dz\/index.php\/2022\/06\/15\/19e-reunion-des-ministres-des-ae-africains-et-des-pays-nordiques-lamamra-plaide-pour-un-partenariat-strategique\/#primaryimage"},"image":{"@id":"https:\/\/lasentinelle.dz\/index.php\/2022\/06\/15\/19e-reunion-des-ministres-des-ae-africains-et-des-pays-nordiques-lamamra-plaide-pour-un-partenariat-strategique\/#primaryimage"},"thumbnailUrl":"https:\/\/lasentinelle.dz\/wp-content\/uploads\/2021\/11\/lammara.jpg","datePublished":"2022-06-14T23:01:00+00:00","breadcrumb":{"@id":"https:\/\/lasentinelle.dz\/index.php\/2022\/06\/15\/19e-reunion-des-ministres-des-ae-africains-et-des-pays-nordiques-lamamra-plaide-pour-un-partenariat-strategique\/#breadcrumb"},"inLanguage":"fr-FR","potentialAction":[{"@type":"ReadAction","target":["https:\/\/lasentinelle.dz\/index.php\/2022\/06\/15\/19e-reunion-des-ministres-des-ae-africains-et-des-pays-nordiques-lamamra-plaide-pour-un-partenariat-strategique\/"]}]},{"@type":"ImageObject","inLanguage":"fr-FR","@id":"https:\/\/lasentinelle.dz\/index.php\/2022\/06\/15\/19e-reunion-des-ministres-des-ae-africains-et-des-pays-nordiques-lamamra-plaide-pour-un-partenariat-strategique\/#primaryimage","url":"https:\/\/lasentinelle.dz\/wp-content\/uploads\/2021\/11\/lammara.jpg","contentUrl":"https:\/\/lasentinelle.dz\/wp-content\/uploads\/2021\/11\/lammara.jpg","width":745,"height":470},{"@type":"BreadcrumbList","@id":"https:\/\/lasentinelle.dz\/index.php\/2022\/06\/15\/19e-reunion-des-ministres-des-ae-africains-et-des-pays-nordiques-lamamra-plaide-pour-un-partenariat-strategique\/#breadcrumb","itemListElement":[{"@type":"ListItem","position":1,"name":"Accueil","item":"https:\/\/lasentinelle.dz\/"},{"@type":"ListItem","position":2,"name":"19e\u00a0r\u00e9union des ministres des AE africains et des pays nordiques\u00a0: Lamamra plaide pour un partenariat strat\u00e9gique"}]},{"@type":"WebSite","@id":"https:\/\/lasentinelle.dz\/#website","url":"https:\/\/lasentinelle.dz\/","name":"La Sentinelle","description":"Quotidien national d&#039;information","publisher":{"@id":"https:\/\/lasentinelle.dz\/#organization"},"potentialAction":[{"@type":"SearchAction","target":{"@type":"EntryPoint","urlTemplate":"https:\/\/lasentinelle.dz\/?s={search_term_string}"},"query-input":{"@type":"PropertyValueSpecification","valueRequired":true,"valueName":"search_term_string"}}],"inLanguage":"fr-FR"},{"@type":"Organization","@id":"https:\/\/lasentinelle.dz\/#organization","name":"Quotidien La Sentinelle","url":"https:\/\/lasentinelle.dz\/","logo":{"@type":"ImageObject","inLanguage":"fr-FR","@id":"https:\/\/lasentinelle.dz\/#\/schema\/logo\/image\/","url":"https:\/\/lasentinelle.dz\/wp-content\/uploads\/2021\/09\/logo-sentinelleSLOGAN-1.png","contentUrl":"https:\/\/lasentinelle.dz\/wp-content\/uploads\/2021\/09\/logo-sentinelleSLOGAN-1.png","width":615,"height":142,"caption":"Quotidien La Sentinelle"},"image":{"@id":"https:\/\/lasentinelle.dz\/#\/schema\/logo\/image\/"},"sameAs":["https:\/\/www.facebook.com\/La-Sentinelle-104059864394773"]},{"@type":"Person","@id":"https:\/\/lasentinelle.dz\/#\/schema\/person\/d865044e22e70a75174ce8bcad3acfb3","name":"La Sentinelle","image":{"@type":"ImageObject","inLanguage":"fr-FR","@id":"https:\/\/secure.gravatar.com\/avatar\/57de8e5d4b15d43fb361a71fbb36338450fe67865b528a43dd10ef7c51a20392?s=96&d=mm&r=g","url":"https:\/\/secure.gravatar.com\/avatar\/57de8e5d4b15d43fb361a71fbb36338450fe67865b528a43dd10ef7c51a20392?s=96&d=mm&r=g","contentUrl":"https:\/\/secure.gravatar.com\/avatar\/57de8e5d4b15d43fb361a71fbb36338450fe67865b528a43dd10ef7c51a20392?s=96&d=mm&r=g","caption":"La Sentinelle"},"sameAs":["http:\/\/www.lasentinelle.dz"],"url":"https:\/\/lasentinelle.dz\/author\/redaction\/"}]}},"_links":{"self":[{"href":"https:\/\/lasentinelle.dz\/index.php\/wp-json\/wp\/v2\/posts\/22568","targetHints":{"allow":["GET"]}}],"collection":[{"href":"https:\/\/lasentinelle.dz\/index.php\/wp-json\/wp\/v2\/posts"}],"about":[{"href":"https:\/\/lasentinelle.dz\/index.php\/wp-json\/wp\/v2\/types\/post"}],"author":[{"embeddable":true,"href":"https:\/\/lasentinelle.dz\/index.php\/wp-json\/wp\/v2\/users\/3"}],"replies":[{"embeddable":true,"href":"https:\/\/lasentinelle.dz\/index.php\/wp-json\/wp\/v2\/comments?post=22568"}],"version-history":[{"count":1,"href":"https:\/\/lasentinelle.dz\/index.php\/wp-json\/wp\/v2\/posts\/22568\/revisions"}],"predecessor-version":[{"id":22573,"href":"https:\/\/lasentinelle.dz\/index.php\/wp-json\/wp\/v2\/posts\/22568\/revisions\/22573"}],"wp:featuredmedia":[{"embeddable":true,"href":"https:\/\/lasentinelle.dz\/index.php\/wp-json\/wp\/v2\/media\/14295"}],"wp:attachment":[{"href":"https:\/\/lasentinelle.dz\/index.php\/wp-json\/wp\/v2\/media?parent=22568"}],"wp:term":[{"taxonomy":"category","embeddable":true,"href":"https:\/\/lasentinelle.dz\/index.php\/wp-json\/wp\/v2\/categories?post=22568"},{"taxonomy":"post_tag","embeddable":true,"href":"https:\/\/lasentinelle.dz\/index.php\/wp-json\/wp\/v2\/tags?post=22568"}],"curies":[{"name":"wp","href":"https:\/\/api.w.org\/{rel}","templated":true}]}}