{"id":22578,"date":"2022-06-16T00:01:00","date_gmt":"2022-06-15T23:01:00","guid":{"rendered":"https:\/\/lasentinelle.dz\/?p=22578"},"modified":"2022-06-15T17:26:49","modified_gmt":"2022-06-15T16:26:49","slug":"mourad-slatni-entraineur-de-len-u18-de-football-on-vise-les-demi-finales-des-jm","status":"publish","type":"post","link":"https:\/\/lasentinelle.dz\/index.php\/2022\/06\/16\/mourad-slatni-entraineur-de-len-u18-de-football-on-vise-les-demi-finales-des-jm\/","title":{"rendered":"Mourad Slatni, entra\u00eeneur de l\u2019EN U18 de football\u00a0:\u00a0\u00ab On vise les demi-finales des JM\u00bb"},"content":{"rendered":"\n<p>Vers\u00e9s dans le groupe A, les Alg\u00e9riens d\u00e9buteront le tournoi d&rsquo;Oran face \u00e0 l&rsquo;Espagne (tenant du titre), avant de d\u00e9fier le Maroc, puis la France.<\/p>\n\n\n\n<p>Le s\u00e9lectionneur de l&rsquo;\u00e9quipe nationale de football des moins de 18 ans (U18) Mourad Slatni, a fix\u00e9 comme demi-finale, l&rsquo;objectif de son \u00e9quipe au tournoi des Jeux m\u00e9diterran\u00e9ens JM-2022 d&rsquo;Oran (25 juin &#8211; 6 juillet), tout en relevant la difficult\u00e9 de la mission face \u00e0 des adversaires de haut niveau, qui constitue le groupe de l&rsquo;Alg\u00e9rie. \u00a0\u00bb Nous avons h\u00e9rit\u00e9 d&rsquo;un groupe relev\u00e9. On ne peut pas choisir nos adversaires, \u00e0 nous de bien se pr\u00e9parer en cons\u00e9quence et \u00e9tudier comme il se doit, les points forts et faibles de l&rsquo;Espagne, la France, et du Maroc. Notre objectif est de se qualifier pour les demi-finales, mais pour y parvenir, il faudra r\u00e9aliser de grosses prestations face \u00e0 de tr\u00e8s bonnes et fortes s\u00e9lections. Si on parviendra \u00e0 gagner nos matchs tout en d\u00e9veloppant du beau jeu, ce serait l&rsquo;id\u00e9al pour nous\u00a0\u00bb, a indiqu\u00e9 \u00e0 l&rsquo;APS, le coach des U18. Vers\u00e9s dans le groupe A, les Alg\u00e9riens d\u00e9buteront le tournoi d&rsquo;Oran face \u00e0 l&rsquo;Espagne (tenant du titre), avant de d\u00e9fier le Maroc, puis la France. Le groupe B est compos\u00e9 quant \u00e0 lui de l&rsquo;Italie, de la Gr\u00e8ce, de la Turquie, et du Portugal. Les deux premiers de chaque groupe se qualifient pour les demi-finales. Slatni a relev\u00e9 l&rsquo;importance de r\u00e9ussir le premier match: \u00ab\u00a0Face \u00e0 l&rsquo;Espagne, dont le style de jeu n&rsquo;est plus \u00e0 pr\u00e9senter, nous devons \u00eatre forts physiquement et proc\u00e9der par bloc m\u00e9dian. Nous devons \u00eatre bien concentr\u00e9s et \u00e9vacuer tout stress qui peut nous faire jouer un mauvais tour. Perdre la confiance est l&rsquo;ennemi du joueur\u00a0\u00bb. Appel\u00e9 \u00e0 \u00e9voquer la pr\u00e9paration pour ces JM, Slatni ne semble pas satisfait. \u00a0\u00bb La pr\u00e9paration a \u00e9t\u00e9 quelque peu perturb\u00e9e d&rsquo;autant que nous n&rsquo;avons pas b\u00e9n\u00e9fici\u00e9 de l&rsquo;ensemble de nos joueurs. Nous avons jou\u00e9 peu de matchs amicaux, mais cela peut \u00eatre \u00e0 notre faveur. Nous sommes excit\u00e9s \u00e0 l&rsquo;id\u00e9e d&rsquo;aborder ce tournoi m\u00e9diterran\u00e9en, j&rsquo;esp\u00e8re que nous serons \u00e9pargn\u00e9s par les blessures\u00a0\u00bb, a-t-il expliqu\u00e9. Sur le plan de l&rsquo;effectif, l&rsquo;ancien d\u00e9fenseur international a regrett\u00e9 le fait que chaque s\u00e9lection participante ne peut pr\u00e9senter qu&rsquo;une liste de 18 joueurs, selon le r\u00e8glement du tournoi, \u00ab\u00a0ce qui reste insuffisant eu \u00e9gard au calendrier du tournoi\u00a0\u00bb, a-t-il estim\u00e9. \u00a0\u00bb La liste d\u00e9finitive des 18 joueurs sera arr\u00eat\u00e9e cinq jours avant la r\u00e9union technique. Nous serons soumis \u00e0 un rythme \u00e9lev\u00e9 durant la comp\u00e9tition, avec un seul jour de r\u00e9cup\u00e9ration entre nos matchs, ce qui est tr\u00e8s insuffisant. J&rsquo;aurais aim\u00e9 b\u00e9n\u00e9ficier de plus de 18 joueurs pour pouvoir g\u00e9rer la situation, car ce sera vraiment difficile de jouer trois matchs en six jours\u00a0\u00bb, a-t-il d\u00e9plor\u00e9. Et d&rsquo;encha\u00eener : \u00a0\u00bb La liste sera compos\u00e9e de 11 joueurs \u00e9voluant en Alg\u00e9rie et 7 \u00e0 l&rsquo;\u00e9tranger. Nous avons l&rsquo;ambition de faire bonne figure chez nous et devant notre public\u00a0\u00bb. Pour le tournoi, la s\u00e9lection alg\u00e9rienne des U18 sera amoindrie par l&rsquo;absence de trois joueurs: \u00a0\u00bb Malek Mohamed Abdelaziz (Paradou AC) et Anis Ouchouache (Amiens\/ France), touch\u00e9s au ligament crois\u00e9 et qui ont d\u00e9clar\u00e9 forfait. Nous avons appel\u00e9 l&rsquo;avant-centre Yannis Lagha (Olympique Lyon\/ France), mais il ne peut pas venir, car il est en plein pourparlers avec son club pour signer son premier contrat professionnel\u00a0\u00bb, a soulign\u00e9 Mourad Slatni.&nbsp;<\/p>\n\n\n\n<p><strong>R. S.&nbsp;<\/strong><\/p>\n","protected":false},"excerpt":{"rendered":"<p>Vers\u00e9s dans le groupe A, les Alg\u00e9riens d\u00e9buteront le tournoi d&rsquo;Oran face \u00e0 l&rsquo;Espagne (tenant du titre), avant de d\u00e9fier<\/p>\n","protected":false},"author":3,"featured_media":22586,"comment_status":"open","ping_status":"closed","sticky":false,"template":"","format":"standard","meta":{"colormag_page_container_layout":"default_layout","colormag_page_sidebar_layout":"default_layout","om_disable_all_campaigns":false,"_monsterinsights_skip_tracking":false,"_monsterinsights_sitenote_active":false,"_monsterinsights_sitenote_note":"","_monsterinsights_sitenote_category":0,"footnotes":"","_wpscppro_dont_share_socialmedia":false,"_wpscppro_custom_social_share_image":0,"_facebook_share_type":"","_twitter_share_type":"","_linkedin_share_type":"","_pinterest_share_type":"","_linkedin_share_type_page":"","_instagram_share_type":"","_medium_share_type":"","_threads_share_type":"","_google_business_share_type":"","_selected_social_profile":[],"_wpsp_enable_custom_social_template":false,"_wpsp_social_scheduling":{"enabled":false,"datetime":null,"platforms":[],"status":"template_only","dateOption":"today","timeOption":"now","customDays":"","customHours":"","customDate":"","customTime":"","schedulingType":"absolute"},"_wpsp_active_default_template":true},"categories":[33],"tags":[],"class_list":["post-22578","post","type-post","status-publish","format-standard","has-post-thumbnail","hentry","category-sports"],"aioseo_notices":[],"yoast_head":"<!-- This site is optimized with the Yoast SEO plugin v27.5 - https:\/\/yoast.com\/product\/yoast-seo-wordpress\/ -->\n<title>Mourad Slatni, entra\u00eeneur de l\u2019EN U18 de football\u00a0:\u00a0\u00ab On vise les demi-finales des JM\u00bb - La Sentinelle<\/title>\n<meta name=\"robots\" content=\"index, follow, max-snippet:-1, max-image-preview:large, max-video-preview:-1\" \/>\n<link rel=\"canonical\" href=\"https:\/\/lasentinelle.dz\/index.php\/2022\/06\/16\/mourad-slatni-entraineur-de-len-u18-de-football-on-vise-les-demi-finales-des-jm\/\" \/>\n<meta property=\"og:locale\" content=\"fr_FR\" \/>\n<meta property=\"og:type\" content=\"article\" \/>\n<meta property=\"og:title\" content=\"Mourad Slatni, entra\u00eeneur de l\u2019EN U18 de football\u00a0:\u00a0\u00ab On vise les demi-finales des JM\u00bb - La Sentinelle\" \/>\n<meta property=\"og:description\" content=\"Vers\u00e9s dans le groupe A, les Alg\u00e9riens d\u00e9buteront le tournoi d&rsquo;Oran face \u00e0 l&rsquo;Espagne (tenant du titre), avant de d\u00e9fier\" \/>\n<meta property=\"og:url\" content=\"https:\/\/lasentinelle.dz\/index.php\/2022\/06\/16\/mourad-slatni-entraineur-de-len-u18-de-football-on-vise-les-demi-finales-des-jm\/\" \/>\n<meta property=\"og:site_name\" content=\"La Sentinelle\" \/>\n<meta property=\"article:publisher\" content=\"https:\/\/www.facebook.com\/La-Sentinelle-104059864394773\" \/>\n<meta property=\"article:published_time\" content=\"2022-06-15T23:01:00+00:00\" \/>\n<meta property=\"og:image\" content=\"https:\/\/lasentinelle.dz\/wp-content\/uploads\/2022\/06\/SLATNI.jpg\" \/>\n\t<meta property=\"og:image:width\" content=\"1800\" \/>\n\t<meta property=\"og:image:height\" content=\"1199\" \/>\n\t<meta property=\"og:image:type\" content=\"image\/jpeg\" \/>\n<meta name=\"author\" content=\"La Sentinelle\" \/>\n<meta name=\"twitter:card\" content=\"summary_large_image\" \/>\n<meta name=\"twitter:label1\" content=\"\u00c9crit par\" \/>\n\t<meta name=\"twitter:data1\" content=\"La Sentinelle\" \/>\n\t<meta name=\"twitter:label2\" content=\"Dur\u00e9e de lecture estim\u00e9e\" \/>\n\t<meta name=\"twitter:data2\" content=\"3 minutes\" \/>\n<script type=\"application\/ld+json\" class=\"yoast-schema-graph\">{\"@context\":\"https:\\\/\\\/schema.org\",\"@graph\":[{\"@type\":\"Article\",\"@id\":\"https:\\\/\\\/lasentinelle.dz\\\/index.php\\\/2022\\\/06\\\/16\\\/mourad-slatni-entraineur-de-len-u18-de-football-on-vise-les-demi-finales-des-jm\\\/#article\",\"isPartOf\":{\"@id\":\"https:\\\/\\\/lasentinelle.dz\\\/index.php\\\/2022\\\/06\\\/16\\\/mourad-slatni-entraineur-de-len-u18-de-football-on-vise-les-demi-finales-des-jm\\\/\"},\"author\":{\"name\":\"La Sentinelle\",\"@id\":\"https:\\\/\\\/lasentinelle.dz\\\/#\\\/schema\\\/person\\\/d865044e22e70a75174ce8bcad3acfb3\"},\"headline\":\"Mourad Slatni, entra\u00eeneur de l\u2019EN U18 de football\u00a0:\u00a0\u00ab On vise les demi-finales des JM\u00bb\",\"datePublished\":\"2022-06-15T23:01:00+00:00\",\"mainEntityOfPage\":{\"@id\":\"https:\\\/\\\/lasentinelle.dz\\\/index.php\\\/2022\\\/06\\\/16\\\/mourad-slatni-entraineur-de-len-u18-de-football-on-vise-les-demi-finales-des-jm\\\/\"},\"wordCount\":639,\"commentCount\":0,\"publisher\":{\"@id\":\"https:\\\/\\\/lasentinelle.dz\\\/#organization\"},\"image\":{\"@id\":\"https:\\\/\\\/lasentinelle.dz\\\/index.php\\\/2022\\\/06\\\/16\\\/mourad-slatni-entraineur-de-len-u18-de-football-on-vise-les-demi-finales-des-jm\\\/#primaryimage\"},\"thumbnailUrl\":\"https:\\\/\\\/lasentinelle.dz\\\/wp-content\\\/uploads\\\/2022\\\/06\\\/SLATNI.jpg\",\"articleSection\":[\"Sports\"],\"inLanguage\":\"fr-FR\",\"potentialAction\":[{\"@type\":\"CommentAction\",\"name\":\"Comment\",\"target\":[\"https:\\\/\\\/lasentinelle.dz\\\/index.php\\\/2022\\\/06\\\/16\\\/mourad-slatni-entraineur-de-len-u18-de-football-on-vise-les-demi-finales-des-jm\\\/#respond\"]}]},{\"@type\":\"WebPage\",\"@id\":\"https:\\\/\\\/lasentinelle.dz\\\/index.php\\\/2022\\\/06\\\/16\\\/mourad-slatni-entraineur-de-len-u18-de-football-on-vise-les-demi-finales-des-jm\\\/\",\"url\":\"https:\\\/\\\/lasentinelle.dz\\\/index.php\\\/2022\\\/06\\\/16\\\/mourad-slatni-entraineur-de-len-u18-de-football-on-vise-les-demi-finales-des-jm\\\/\",\"name\":\"Mourad Slatni, entra\u00eeneur de l\u2019EN U18 de football\u00a0:\u00a0\u00ab On vise les demi-finales des JM\u00bb - La Sentinelle\",\"isPartOf\":{\"@id\":\"https:\\\/\\\/lasentinelle.dz\\\/#website\"},\"primaryImageOfPage\":{\"@id\":\"https:\\\/\\\/lasentinelle.dz\\\/index.php\\\/2022\\\/06\\\/16\\\/mourad-slatni-entraineur-de-len-u18-de-football-on-vise-les-demi-finales-des-jm\\\/#primaryimage\"},\"image\":{\"@id\":\"https:\\\/\\\/lasentinelle.dz\\\/index.php\\\/2022\\\/06\\\/16\\\/mourad-slatni-entraineur-de-len-u18-de-football-on-vise-les-demi-finales-des-jm\\\/#primaryimage\"},\"thumbnailUrl\":\"https:\\\/\\\/lasentinelle.dz\\\/wp-content\\\/uploads\\\/2022\\\/06\\\/SLATNI.jpg\",\"datePublished\":\"2022-06-15T23:01:00+00:00\",\"breadcrumb\":{\"@id\":\"https:\\\/\\\/lasentinelle.dz\\\/index.php\\\/2022\\\/06\\\/16\\\/mourad-slatni-entraineur-de-len-u18-de-football-on-vise-les-demi-finales-des-jm\\\/#breadcrumb\"},\"inLanguage\":\"fr-FR\",\"potentialAction\":[{\"@type\":\"ReadAction\",\"target\":[\"https:\\\/\\\/lasentinelle.dz\\\/index.php\\\/2022\\\/06\\\/16\\\/mourad-slatni-entraineur-de-len-u18-de-football-on-vise-les-demi-finales-des-jm\\\/\"]}]},{\"@type\":\"ImageObject\",\"inLanguage\":\"fr-FR\",\"@id\":\"https:\\\/\\\/lasentinelle.dz\\\/index.php\\\/2022\\\/06\\\/16\\\/mourad-slatni-entraineur-de-len-u18-de-football-on-vise-les-demi-finales-des-jm\\\/#primaryimage\",\"url\":\"https:\\\/\\\/lasentinelle.dz\\\/wp-content\\\/uploads\\\/2022\\\/06\\\/SLATNI.jpg\",\"contentUrl\":\"https:\\\/\\\/lasentinelle.dz\\\/wp-content\\\/uploads\\\/2022\\\/06\\\/SLATNI.jpg\",\"width\":1800,\"height\":1199},{\"@type\":\"BreadcrumbList\",\"@id\":\"https:\\\/\\\/lasentinelle.dz\\\/index.php\\\/2022\\\/06\\\/16\\\/mourad-slatni-entraineur-de-len-u18-de-football-on-vise-les-demi-finales-des-jm\\\/#breadcrumb\",\"itemListElement\":[{\"@type\":\"ListItem\",\"position\":1,\"name\":\"Accueil\",\"item\":\"https:\\\/\\\/lasentinelle.dz\\\/\"},{\"@type\":\"ListItem\",\"position\":2,\"name\":\"Mourad Slatni, entra\u00eeneur de l\u2019EN U18 de football\u00a0:\u00a0\u00ab On vise les demi-finales des JM\u00bb\"}]},{\"@type\":\"WebSite\",\"@id\":\"https:\\\/\\\/lasentinelle.dz\\\/#website\",\"url\":\"https:\\\/\\\/lasentinelle.dz\\\/\",\"name\":\"La Sentinelle\",\"description\":\"Quotidien national d&#039;information\",\"publisher\":{\"@id\":\"https:\\\/\\\/lasentinelle.dz\\\/#organization\"},\"potentialAction\":[{\"@type\":\"SearchAction\",\"target\":{\"@type\":\"EntryPoint\",\"urlTemplate\":\"https:\\\/\\\/lasentinelle.dz\\\/?s={search_term_string}\"},\"query-input\":{\"@type\":\"PropertyValueSpecification\",\"valueRequired\":true,\"valueName\":\"search_term_string\"}}],\"inLanguage\":\"fr-FR\"},{\"@type\":\"Organization\",\"@id\":\"https:\\\/\\\/lasentinelle.dz\\\/#organization\",\"name\":\"Quotidien La Sentinelle\",\"url\":\"https:\\\/\\\/lasentinelle.dz\\\/\",\"logo\":{\"@type\":\"ImageObject\",\"inLanguage\":\"fr-FR\",\"@id\":\"https:\\\/\\\/lasentinelle.dz\\\/#\\\/schema\\\/logo\\\/image\\\/\",\"url\":\"https:\\\/\\\/lasentinelle.dz\\\/wp-content\\\/uploads\\\/2021\\\/09\\\/logo-sentinelleSLOGAN-1.png\",\"contentUrl\":\"https:\\\/\\\/lasentinelle.dz\\\/wp-content\\\/uploads\\\/2021\\\/09\\\/logo-sentinelleSLOGAN-1.png\",\"width\":615,\"height\":142,\"caption\":\"Quotidien La Sentinelle\"},\"image\":{\"@id\":\"https:\\\/\\\/lasentinelle.dz\\\/#\\\/schema\\\/logo\\\/image\\\/\"},\"sameAs\":[\"https:\\\/\\\/www.facebook.com\\\/La-Sentinelle-104059864394773\"]},{\"@type\":\"Person\",\"@id\":\"https:\\\/\\\/lasentinelle.dz\\\/#\\\/schema\\\/person\\\/d865044e22e70a75174ce8bcad3acfb3\",\"name\":\"La Sentinelle\",\"image\":{\"@type\":\"ImageObject\",\"inLanguage\":\"fr-FR\",\"@id\":\"https:\\\/\\\/secure.gravatar.com\\\/avatar\\\/57de8e5d4b15d43fb361a71fbb36338450fe67865b528a43dd10ef7c51a20392?s=96&d=mm&r=g\",\"url\":\"https:\\\/\\\/secure.gravatar.com\\\/avatar\\\/57de8e5d4b15d43fb361a71fbb36338450fe67865b528a43dd10ef7c51a20392?s=96&d=mm&r=g\",\"contentUrl\":\"https:\\\/\\\/secure.gravatar.com\\\/avatar\\\/57de8e5d4b15d43fb361a71fbb36338450fe67865b528a43dd10ef7c51a20392?s=96&d=mm&r=g\",\"caption\":\"La Sentinelle\"},\"sameAs\":[\"http:\\\/\\\/www.lasentinelle.dz\"],\"url\":\"https:\\\/\\\/lasentinelle.dz\\\/author\\\/redaction\\\/\"}]}<\/script>\n<!-- \/ Yoast SEO plugin. -->","yoast_head_json":{"title":"Mourad Slatni, entra\u00eeneur de l\u2019EN U18 de football\u00a0:\u00a0\u00ab On vise les demi-finales des JM\u00bb - La Sentinelle","robots":{"index":"index","follow":"follow","max-snippet":"max-snippet:-1","max-image-preview":"max-image-preview:large","max-video-preview":"max-video-preview:-1"},"canonical":"https:\/\/lasentinelle.dz\/index.php\/2022\/06\/16\/mourad-slatni-entraineur-de-len-u18-de-football-on-vise-les-demi-finales-des-jm\/","og_locale":"fr_FR","og_type":"article","og_title":"Mourad Slatni, entra\u00eeneur de l\u2019EN U18 de football\u00a0:\u00a0\u00ab On vise les demi-finales des JM\u00bb - La Sentinelle","og_description":"Vers\u00e9s dans le groupe A, les Alg\u00e9riens d\u00e9buteront le tournoi d&rsquo;Oran face \u00e0 l&rsquo;Espagne (tenant du titre), avant de d\u00e9fier","og_url":"https:\/\/lasentinelle.dz\/index.php\/2022\/06\/16\/mourad-slatni-entraineur-de-len-u18-de-football-on-vise-les-demi-finales-des-jm\/","og_site_name":"La Sentinelle","article_publisher":"https:\/\/www.facebook.com\/La-Sentinelle-104059864394773","article_published_time":"2022-06-15T23:01:00+00:00","og_image":[{"width":1800,"height":1199,"url":"https:\/\/lasentinelle.dz\/wp-content\/uploads\/2022\/06\/SLATNI.jpg","type":"image\/jpeg"}],"author":"La Sentinelle","twitter_card":"summary_large_image","twitter_misc":{"\u00c9crit par":"La Sentinelle","Dur\u00e9e de lecture estim\u00e9e":"3 minutes"},"schema":{"@context":"https:\/\/schema.org","@graph":[{"@type":"Article","@id":"https:\/\/lasentinelle.dz\/index.php\/2022\/06\/16\/mourad-slatni-entraineur-de-len-u18-de-football-on-vise-les-demi-finales-des-jm\/#article","isPartOf":{"@id":"https:\/\/lasentinelle.dz\/index.php\/2022\/06\/16\/mourad-slatni-entraineur-de-len-u18-de-football-on-vise-les-demi-finales-des-jm\/"},"author":{"name":"La Sentinelle","@id":"https:\/\/lasentinelle.dz\/#\/schema\/person\/d865044e22e70a75174ce8bcad3acfb3"},"headline":"Mourad Slatni, entra\u00eeneur de l\u2019EN U18 de football\u00a0:\u00a0\u00ab On vise les demi-finales des JM\u00bb","datePublished":"2022-06-15T23:01:00+00:00","mainEntityOfPage":{"@id":"https:\/\/lasentinelle.dz\/index.php\/2022\/06\/16\/mourad-slatni-entraineur-de-len-u18-de-football-on-vise-les-demi-finales-des-jm\/"},"wordCount":639,"commentCount":0,"publisher":{"@id":"https:\/\/lasentinelle.dz\/#organization"},"image":{"@id":"https:\/\/lasentinelle.dz\/index.php\/2022\/06\/16\/mourad-slatni-entraineur-de-len-u18-de-football-on-vise-les-demi-finales-des-jm\/#primaryimage"},"thumbnailUrl":"https:\/\/lasentinelle.dz\/wp-content\/uploads\/2022\/06\/SLATNI.jpg","articleSection":["Sports"],"inLanguage":"fr-FR","potentialAction":[{"@type":"CommentAction","name":"Comment","target":["https:\/\/lasentinelle.dz\/index.php\/2022\/06\/16\/mourad-slatni-entraineur-de-len-u18-de-football-on-vise-les-demi-finales-des-jm\/#respond"]}]},{"@type":"WebPage","@id":"https:\/\/lasentinelle.dz\/index.php\/2022\/06\/16\/mourad-slatni-entraineur-de-len-u18-de-football-on-vise-les-demi-finales-des-jm\/","url":"https:\/\/lasentinelle.dz\/index.php\/2022\/06\/16\/mourad-slatni-entraineur-de-len-u18-de-football-on-vise-les-demi-finales-des-jm\/","name":"Mourad Slatni, entra\u00eeneur de l\u2019EN U18 de football\u00a0:\u00a0\u00ab On vise les demi-finales des JM\u00bb - La Sentinelle","isPartOf":{"@id":"https:\/\/lasentinelle.dz\/#website"},"primaryImageOfPage":{"@id":"https:\/\/lasentinelle.dz\/index.php\/2022\/06\/16\/mourad-slatni-entraineur-de-len-u18-de-football-on-vise-les-demi-finales-des-jm\/#primaryimage"},"image":{"@id":"https:\/\/lasentinelle.dz\/index.php\/2022\/06\/16\/mourad-slatni-entraineur-de-len-u18-de-football-on-vise-les-demi-finales-des-jm\/#primaryimage"},"thumbnailUrl":"https:\/\/lasentinelle.dz\/wp-content\/uploads\/2022\/06\/SLATNI.jpg","datePublished":"2022-06-15T23:01:00+00:00","breadcrumb":{"@id":"https:\/\/lasentinelle.dz\/index.php\/2022\/06\/16\/mourad-slatni-entraineur-de-len-u18-de-football-on-vise-les-demi-finales-des-jm\/#breadcrumb"},"inLanguage":"fr-FR","potentialAction":[{"@type":"ReadAction","target":["https:\/\/lasentinelle.dz\/index.php\/2022\/06\/16\/mourad-slatni-entraineur-de-len-u18-de-football-on-vise-les-demi-finales-des-jm\/"]}]},{"@type":"ImageObject","inLanguage":"fr-FR","@id":"https:\/\/lasentinelle.dz\/index.php\/2022\/06\/16\/mourad-slatni-entraineur-de-len-u18-de-football-on-vise-les-demi-finales-des-jm\/#primaryimage","url":"https:\/\/lasentinelle.dz\/wp-content\/uploads\/2022\/06\/SLATNI.jpg","contentUrl":"https:\/\/lasentinelle.dz\/wp-content\/uploads\/2022\/06\/SLATNI.jpg","width":1800,"height":1199},{"@type":"BreadcrumbList","@id":"https:\/\/lasentinelle.dz\/index.php\/2022\/06\/16\/mourad-slatni-entraineur-de-len-u18-de-football-on-vise-les-demi-finales-des-jm\/#breadcrumb","itemListElement":[{"@type":"ListItem","position":1,"name":"Accueil","item":"https:\/\/lasentinelle.dz\/"},{"@type":"ListItem","position":2,"name":"Mourad Slatni, entra\u00eeneur de l\u2019EN U18 de football\u00a0:\u00a0\u00ab On vise les demi-finales des JM\u00bb"}]},{"@type":"WebSite","@id":"https:\/\/lasentinelle.dz\/#website","url":"https:\/\/lasentinelle.dz\/","name":"La Sentinelle","description":"Quotidien national d&#039;information","publisher":{"@id":"https:\/\/lasentinelle.dz\/#organization"},"potentialAction":[{"@type":"SearchAction","target":{"@type":"EntryPoint","urlTemplate":"https:\/\/lasentinelle.dz\/?s={search_term_string}"},"query-input":{"@type":"PropertyValueSpecification","valueRequired":true,"valueName":"search_term_string"}}],"inLanguage":"fr-FR"},{"@type":"Organization","@id":"https:\/\/lasentinelle.dz\/#organization","name":"Quotidien La Sentinelle","url":"https:\/\/lasentinelle.dz\/","logo":{"@type":"ImageObject","inLanguage":"fr-FR","@id":"https:\/\/lasentinelle.dz\/#\/schema\/logo\/image\/","url":"https:\/\/lasentinelle.dz\/wp-content\/uploads\/2021\/09\/logo-sentinelleSLOGAN-1.png","contentUrl":"https:\/\/lasentinelle.dz\/wp-content\/uploads\/2021\/09\/logo-sentinelleSLOGAN-1.png","width":615,"height":142,"caption":"Quotidien La Sentinelle"},"image":{"@id":"https:\/\/lasentinelle.dz\/#\/schema\/logo\/image\/"},"sameAs":["https:\/\/www.facebook.com\/La-Sentinelle-104059864394773"]},{"@type":"Person","@id":"https:\/\/lasentinelle.dz\/#\/schema\/person\/d865044e22e70a75174ce8bcad3acfb3","name":"La Sentinelle","image":{"@type":"ImageObject","inLanguage":"fr-FR","@id":"https:\/\/secure.gravatar.com\/avatar\/57de8e5d4b15d43fb361a71fbb36338450fe67865b528a43dd10ef7c51a20392?s=96&d=mm&r=g","url":"https:\/\/secure.gravatar.com\/avatar\/57de8e5d4b15d43fb361a71fbb36338450fe67865b528a43dd10ef7c51a20392?s=96&d=mm&r=g","contentUrl":"https:\/\/secure.gravatar.com\/avatar\/57de8e5d4b15d43fb361a71fbb36338450fe67865b528a43dd10ef7c51a20392?s=96&d=mm&r=g","caption":"La Sentinelle"},"sameAs":["http:\/\/www.lasentinelle.dz"],"url":"https:\/\/lasentinelle.dz\/author\/redaction\/"}]}},"_links":{"self":[{"href":"https:\/\/lasentinelle.dz\/index.php\/wp-json\/wp\/v2\/posts\/22578","targetHints":{"allow":["GET"]}}],"collection":[{"href":"https:\/\/lasentinelle.dz\/index.php\/wp-json\/wp\/v2\/posts"}],"about":[{"href":"https:\/\/lasentinelle.dz\/index.php\/wp-json\/wp\/v2\/types\/post"}],"author":[{"embeddable":true,"href":"https:\/\/lasentinelle.dz\/index.php\/wp-json\/wp\/v2\/users\/3"}],"replies":[{"embeddable":true,"href":"https:\/\/lasentinelle.dz\/index.php\/wp-json\/wp\/v2\/comments?post=22578"}],"version-history":[{"count":1,"href":"https:\/\/lasentinelle.dz\/index.php\/wp-json\/wp\/v2\/posts\/22578\/revisions"}],"predecessor-version":[{"id":22589,"href":"https:\/\/lasentinelle.dz\/index.php\/wp-json\/wp\/v2\/posts\/22578\/revisions\/22589"}],"wp:featuredmedia":[{"embeddable":true,"href":"https:\/\/lasentinelle.dz\/index.php\/wp-json\/wp\/v2\/media\/22586"}],"wp:attachment":[{"href":"https:\/\/lasentinelle.dz\/index.php\/wp-json\/wp\/v2\/media?parent=22578"}],"wp:term":[{"taxonomy":"category","embeddable":true,"href":"https:\/\/lasentinelle.dz\/index.php\/wp-json\/wp\/v2\/categories?post=22578"},{"taxonomy":"post_tag","embeddable":true,"href":"https:\/\/lasentinelle.dz\/index.php\/wp-json\/wp\/v2\/tags?post=22578"}],"curies":[{"name":"wp","href":"https:\/\/api.w.org\/{rel}","templated":true}]}}