{"id":22580,"date":"2022-06-16T00:01:00","date_gmt":"2022-06-15T23:01:00","guid":{"rendered":"https:\/\/lasentinelle.dz\/?p=22580"},"modified":"2022-06-15T17:26:43","modified_gmt":"2022-06-15T16:26:43","slug":"ligue-1-mise-a-jour-ess-usma-en-hommage-a-benhamouda","status":"publish","type":"post","link":"https:\/\/lasentinelle.dz\/index.php\/2022\/06\/16\/ligue-1-mise-a-jour-ess-usma-en-hommage-a-benhamouda\/","title":{"rendered":"Ligue 1 (mise \u00e0 jour)\u00a0:\u00a0ESS \u2013 USMA en hommage \u00e0 Benhamouda\u00a0"},"content":{"rendered":"\n<p>Quelques jours apr\u00e8s le d\u00e9c\u00e8s du joueur usmiste, Billel Benhamouda, ses co\u00e9quipiers \u00e9volueront \u00e0 S\u00e9tif avec un moral au plus bas.<\/p>\n\n\n\n<p>Initialement programm\u00e9 samedi dernier, l\u2019opposition entre l\u2019ES S\u00e9tif et l\u2019USM Alger n\u2019a finalement pas eu lieu, apr\u00e8s le d\u00e9c\u00e8s tragique du milieu de terrain usmiste, Billel Benhamouda. La Ligue de football professionnel (LFP) a fini par reprogrammer cette rencontre pour ce vendredi au stade du 8-Mai 1945 de S\u00e9tif. Mais les joueurs des Rouge et Noir n\u2019ont plus le moral pour prendre part \u00e0 cette rencontre, malgr\u00e9 les tentatives du coach marocain, Djamil Ben Ouahi, qui leur a demand\u00e9 de jouer et gagner pour offrir la victoire \u00e0 la m\u00e9moire de leur co\u00e9quipier.&nbsp;&nbsp;L\u2019USMA finira, donc, la saison avec un effectif compos\u00e9 essentiellement de joueurs de l\u2019\u00e9quipe de la r\u00e9serve, sachant que cette rencontre n\u2019aura aucune incidence sur le classement final, et l\u2019USMA finira bel et bien \u00e0 la 4e position en disputant la Coupe de la CAF la saison prochaine. Comprenant parfaitement la r\u00e9action des joueurs, Ben Ouahi a d\u00e9cid\u00e9 de disputer le dernier match contre l\u2019ESS avec les joueurs de la r\u00e9serve. Ce sera l\u2019occasion pour le technicien belgo-marocain de conna\u00eetre un peu mieux certains jeunes dans la perspective de promouvoir les meilleurs la saison prochaine en \u00e9quipe fanion, dans le cas o\u00f9 il sera reconduit pour diriger les Rouge et Noir pour une autre saison. Et m\u00eame si le match n\u2019a aucun enjeu, il n\u2019en demeure pas moins que les supporters usmiste comptent effectuer un d\u00e9placement massif dans la ville des Hauts-Plateau. L\u2019occasion pour eux de rendre un hommage \u00e0 Benhamouda, dont la disparition tragique n\u2019est encore pas aval\u00e9e. Ils comptent aussi r\u00e9server un accueil chaleureux au membres du staff technique, \u00e0 leur t\u00eate l\u2019entra\u00eeneur Ben Ouahi qui a su renverser la vapeur en permettant \u00e0 l\u2019\u00e9quipe de remonter au classement et arracher une place qualificative pour la Coupe de la CAF la saison prochaine. Les joueurs retenus pour ce match ont, pour leur part, \u00e0 c\u0153ur de gagner dans l\u2019optique se joindre \u00e0 toute cette campagne.<\/p>\n\n\n\n<p><strong>Abderrahim Mahious&nbsp;<\/strong><\/p>\n","protected":false},"excerpt":{"rendered":"<p>Quelques jours apr\u00e8s le d\u00e9c\u00e8s du joueur usmiste, Billel Benhamouda, ses co\u00e9quipiers \u00e9volueront \u00e0 S\u00e9tif avec un moral au plus<\/p>\n","protected":false},"author":3,"featured_media":22587,"comment_status":"open","ping_status":"closed","sticky":false,"template":"","format":"standard","meta":{"colormag_page_container_layout":"default_layout","colormag_page_sidebar_layout":"default_layout","om_disable_all_campaigns":false,"_monsterinsights_skip_tracking":false,"_monsterinsights_sitenote_active":false,"_monsterinsights_sitenote_note":"","_monsterinsights_sitenote_category":0,"footnotes":"","_wpscppro_dont_share_socialmedia":false,"_wpscppro_custom_social_share_image":0,"_facebook_share_type":"","_twitter_share_type":"","_linkedin_share_type":"","_pinterest_share_type":"","_linkedin_share_type_page":"","_instagram_share_type":"","_medium_share_type":"","_threads_share_type":"","_google_business_share_type":"","_selected_social_profile":[],"_wpsp_enable_custom_social_template":false,"_wpsp_social_scheduling":{"enabled":false,"datetime":null,"platforms":[],"status":"template_only","dateOption":"today","timeOption":"now","customDays":"","customHours":"","customDate":"","customTime":"","schedulingType":"absolute"},"_wpsp_active_default_template":true},"categories":[33],"tags":[],"class_list":["post-22580","post","type-post","status-publish","format-standard","has-post-thumbnail","hentry","category-sports"],"aioseo_notices":[],"yoast_head":"<!-- This site is optimized with the Yoast SEO plugin v27.5 - https:\/\/yoast.com\/product\/yoast-seo-wordpress\/ -->\n<title>Ligue 1 (mise \u00e0 jour)\u00a0:\u00a0ESS \u2013 USMA en hommage \u00e0 Benhamouda\u00a0 - La Sentinelle<\/title>\n<meta name=\"robots\" content=\"index, follow, max-snippet:-1, max-image-preview:large, max-video-preview:-1\" \/>\n<link rel=\"canonical\" href=\"https:\/\/lasentinelle.dz\/index.php\/2022\/06\/16\/ligue-1-mise-a-jour-ess-usma-en-hommage-a-benhamouda\/\" \/>\n<meta property=\"og:locale\" content=\"fr_FR\" \/>\n<meta property=\"og:type\" content=\"article\" \/>\n<meta property=\"og:title\" content=\"Ligue 1 (mise \u00e0 jour)\u00a0:\u00a0ESS \u2013 USMA en hommage \u00e0 Benhamouda\u00a0 - La Sentinelle\" \/>\n<meta property=\"og:description\" content=\"Quelques jours apr\u00e8s le d\u00e9c\u00e8s du joueur usmiste, Billel Benhamouda, ses co\u00e9quipiers \u00e9volueront \u00e0 S\u00e9tif avec un moral au plus\" \/>\n<meta property=\"og:url\" content=\"https:\/\/lasentinelle.dz\/index.php\/2022\/06\/16\/ligue-1-mise-a-jour-ess-usma-en-hommage-a-benhamouda\/\" \/>\n<meta property=\"og:site_name\" content=\"La Sentinelle\" \/>\n<meta property=\"article:publisher\" content=\"https:\/\/www.facebook.com\/La-Sentinelle-104059864394773\" \/>\n<meta property=\"article:published_time\" content=\"2022-06-15T23:01:00+00:00\" \/>\n<meta property=\"og:image\" content=\"https:\/\/lasentinelle.dz\/wp-content\/uploads\/2022\/06\/benhamouda.jpg\" \/>\n\t<meta property=\"og:image:width\" content=\"1600\" \/>\n\t<meta property=\"og:image:height\" content=\"1067\" \/>\n\t<meta property=\"og:image:type\" content=\"image\/jpeg\" \/>\n<meta name=\"author\" content=\"La Sentinelle\" \/>\n<meta name=\"twitter:card\" content=\"summary_large_image\" \/>\n<meta name=\"twitter:label1\" content=\"\u00c9crit par\" \/>\n\t<meta name=\"twitter:data1\" content=\"La Sentinelle\" \/>\n\t<meta name=\"twitter:label2\" content=\"Dur\u00e9e de lecture estim\u00e9e\" \/>\n\t<meta name=\"twitter:data2\" content=\"2 minutes\" \/>\n<script type=\"application\/ld+json\" class=\"yoast-schema-graph\">{\"@context\":\"https:\\\/\\\/schema.org\",\"@graph\":[{\"@type\":\"Article\",\"@id\":\"https:\\\/\\\/lasentinelle.dz\\\/index.php\\\/2022\\\/06\\\/16\\\/ligue-1-mise-a-jour-ess-usma-en-hommage-a-benhamouda\\\/#article\",\"isPartOf\":{\"@id\":\"https:\\\/\\\/lasentinelle.dz\\\/index.php\\\/2022\\\/06\\\/16\\\/ligue-1-mise-a-jour-ess-usma-en-hommage-a-benhamouda\\\/\"},\"author\":{\"name\":\"La Sentinelle\",\"@id\":\"https:\\\/\\\/lasentinelle.dz\\\/#\\\/schema\\\/person\\\/d865044e22e70a75174ce8bcad3acfb3\"},\"headline\":\"Ligue 1 (mise \u00e0 jour)\u00a0:\u00a0ESS \u2013 USMA en hommage \u00e0 Benhamouda\u00a0\",\"datePublished\":\"2022-06-15T23:01:00+00:00\",\"mainEntityOfPage\":{\"@id\":\"https:\\\/\\\/lasentinelle.dz\\\/index.php\\\/2022\\\/06\\\/16\\\/ligue-1-mise-a-jour-ess-usma-en-hommage-a-benhamouda\\\/\"},\"wordCount\":386,\"commentCount\":0,\"publisher\":{\"@id\":\"https:\\\/\\\/lasentinelle.dz\\\/#organization\"},\"image\":{\"@id\":\"https:\\\/\\\/lasentinelle.dz\\\/index.php\\\/2022\\\/06\\\/16\\\/ligue-1-mise-a-jour-ess-usma-en-hommage-a-benhamouda\\\/#primaryimage\"},\"thumbnailUrl\":\"https:\\\/\\\/lasentinelle.dz\\\/wp-content\\\/uploads\\\/2022\\\/06\\\/benhamouda.jpg\",\"articleSection\":[\"Sports\"],\"inLanguage\":\"fr-FR\",\"potentialAction\":[{\"@type\":\"CommentAction\",\"name\":\"Comment\",\"target\":[\"https:\\\/\\\/lasentinelle.dz\\\/index.php\\\/2022\\\/06\\\/16\\\/ligue-1-mise-a-jour-ess-usma-en-hommage-a-benhamouda\\\/#respond\"]}]},{\"@type\":\"WebPage\",\"@id\":\"https:\\\/\\\/lasentinelle.dz\\\/index.php\\\/2022\\\/06\\\/16\\\/ligue-1-mise-a-jour-ess-usma-en-hommage-a-benhamouda\\\/\",\"url\":\"https:\\\/\\\/lasentinelle.dz\\\/index.php\\\/2022\\\/06\\\/16\\\/ligue-1-mise-a-jour-ess-usma-en-hommage-a-benhamouda\\\/\",\"name\":\"Ligue 1 (mise \u00e0 jour)\u00a0:\u00a0ESS \u2013 USMA en hommage \u00e0 Benhamouda\u00a0 - La Sentinelle\",\"isPartOf\":{\"@id\":\"https:\\\/\\\/lasentinelle.dz\\\/#website\"},\"primaryImageOfPage\":{\"@id\":\"https:\\\/\\\/lasentinelle.dz\\\/index.php\\\/2022\\\/06\\\/16\\\/ligue-1-mise-a-jour-ess-usma-en-hommage-a-benhamouda\\\/#primaryimage\"},\"image\":{\"@id\":\"https:\\\/\\\/lasentinelle.dz\\\/index.php\\\/2022\\\/06\\\/16\\\/ligue-1-mise-a-jour-ess-usma-en-hommage-a-benhamouda\\\/#primaryimage\"},\"thumbnailUrl\":\"https:\\\/\\\/lasentinelle.dz\\\/wp-content\\\/uploads\\\/2022\\\/06\\\/benhamouda.jpg\",\"datePublished\":\"2022-06-15T23:01:00+00:00\",\"breadcrumb\":{\"@id\":\"https:\\\/\\\/lasentinelle.dz\\\/index.php\\\/2022\\\/06\\\/16\\\/ligue-1-mise-a-jour-ess-usma-en-hommage-a-benhamouda\\\/#breadcrumb\"},\"inLanguage\":\"fr-FR\",\"potentialAction\":[{\"@type\":\"ReadAction\",\"target\":[\"https:\\\/\\\/lasentinelle.dz\\\/index.php\\\/2022\\\/06\\\/16\\\/ligue-1-mise-a-jour-ess-usma-en-hommage-a-benhamouda\\\/\"]}]},{\"@type\":\"ImageObject\",\"inLanguage\":\"fr-FR\",\"@id\":\"https:\\\/\\\/lasentinelle.dz\\\/index.php\\\/2022\\\/06\\\/16\\\/ligue-1-mise-a-jour-ess-usma-en-hommage-a-benhamouda\\\/#primaryimage\",\"url\":\"https:\\\/\\\/lasentinelle.dz\\\/wp-content\\\/uploads\\\/2022\\\/06\\\/benhamouda.jpg\",\"contentUrl\":\"https:\\\/\\\/lasentinelle.dz\\\/wp-content\\\/uploads\\\/2022\\\/06\\\/benhamouda.jpg\",\"width\":1600,\"height\":1067},{\"@type\":\"BreadcrumbList\",\"@id\":\"https:\\\/\\\/lasentinelle.dz\\\/index.php\\\/2022\\\/06\\\/16\\\/ligue-1-mise-a-jour-ess-usma-en-hommage-a-benhamouda\\\/#breadcrumb\",\"itemListElement\":[{\"@type\":\"ListItem\",\"position\":1,\"name\":\"Accueil\",\"item\":\"https:\\\/\\\/lasentinelle.dz\\\/\"},{\"@type\":\"ListItem\",\"position\":2,\"name\":\"Ligue 1 (mise \u00e0 jour)\u00a0:\u00a0ESS \u2013 USMA en hommage \u00e0 Benhamouda\u00a0\"}]},{\"@type\":\"WebSite\",\"@id\":\"https:\\\/\\\/lasentinelle.dz\\\/#website\",\"url\":\"https:\\\/\\\/lasentinelle.dz\\\/\",\"name\":\"La Sentinelle\",\"description\":\"Quotidien national d&#039;information\",\"publisher\":{\"@id\":\"https:\\\/\\\/lasentinelle.dz\\\/#organization\"},\"potentialAction\":[{\"@type\":\"SearchAction\",\"target\":{\"@type\":\"EntryPoint\",\"urlTemplate\":\"https:\\\/\\\/lasentinelle.dz\\\/?s={search_term_string}\"},\"query-input\":{\"@type\":\"PropertyValueSpecification\",\"valueRequired\":true,\"valueName\":\"search_term_string\"}}],\"inLanguage\":\"fr-FR\"},{\"@type\":\"Organization\",\"@id\":\"https:\\\/\\\/lasentinelle.dz\\\/#organization\",\"name\":\"Quotidien La Sentinelle\",\"url\":\"https:\\\/\\\/lasentinelle.dz\\\/\",\"logo\":{\"@type\":\"ImageObject\",\"inLanguage\":\"fr-FR\",\"@id\":\"https:\\\/\\\/lasentinelle.dz\\\/#\\\/schema\\\/logo\\\/image\\\/\",\"url\":\"https:\\\/\\\/lasentinelle.dz\\\/wp-content\\\/uploads\\\/2021\\\/09\\\/logo-sentinelleSLOGAN-1.png\",\"contentUrl\":\"https:\\\/\\\/lasentinelle.dz\\\/wp-content\\\/uploads\\\/2021\\\/09\\\/logo-sentinelleSLOGAN-1.png\",\"width\":615,\"height\":142,\"caption\":\"Quotidien La Sentinelle\"},\"image\":{\"@id\":\"https:\\\/\\\/lasentinelle.dz\\\/#\\\/schema\\\/logo\\\/image\\\/\"},\"sameAs\":[\"https:\\\/\\\/www.facebook.com\\\/La-Sentinelle-104059864394773\"]},{\"@type\":\"Person\",\"@id\":\"https:\\\/\\\/lasentinelle.dz\\\/#\\\/schema\\\/person\\\/d865044e22e70a75174ce8bcad3acfb3\",\"name\":\"La Sentinelle\",\"image\":{\"@type\":\"ImageObject\",\"inLanguage\":\"fr-FR\",\"@id\":\"https:\\\/\\\/secure.gravatar.com\\\/avatar\\\/57de8e5d4b15d43fb361a71fbb36338450fe67865b528a43dd10ef7c51a20392?s=96&d=mm&r=g\",\"url\":\"https:\\\/\\\/secure.gravatar.com\\\/avatar\\\/57de8e5d4b15d43fb361a71fbb36338450fe67865b528a43dd10ef7c51a20392?s=96&d=mm&r=g\",\"contentUrl\":\"https:\\\/\\\/secure.gravatar.com\\\/avatar\\\/57de8e5d4b15d43fb361a71fbb36338450fe67865b528a43dd10ef7c51a20392?s=96&d=mm&r=g\",\"caption\":\"La Sentinelle\"},\"sameAs\":[\"http:\\\/\\\/www.lasentinelle.dz\"],\"url\":\"https:\\\/\\\/lasentinelle.dz\\\/author\\\/redaction\\\/\"}]}<\/script>\n<!-- \/ Yoast SEO plugin. -->","yoast_head_json":{"title":"Ligue 1 (mise \u00e0 jour)\u00a0:\u00a0ESS \u2013 USMA en hommage \u00e0 Benhamouda\u00a0 - La Sentinelle","robots":{"index":"index","follow":"follow","max-snippet":"max-snippet:-1","max-image-preview":"max-image-preview:large","max-video-preview":"max-video-preview:-1"},"canonical":"https:\/\/lasentinelle.dz\/index.php\/2022\/06\/16\/ligue-1-mise-a-jour-ess-usma-en-hommage-a-benhamouda\/","og_locale":"fr_FR","og_type":"article","og_title":"Ligue 1 (mise \u00e0 jour)\u00a0:\u00a0ESS \u2013 USMA en hommage \u00e0 Benhamouda\u00a0 - La Sentinelle","og_description":"Quelques jours apr\u00e8s le d\u00e9c\u00e8s du joueur usmiste, Billel Benhamouda, ses co\u00e9quipiers \u00e9volueront \u00e0 S\u00e9tif avec un moral au plus","og_url":"https:\/\/lasentinelle.dz\/index.php\/2022\/06\/16\/ligue-1-mise-a-jour-ess-usma-en-hommage-a-benhamouda\/","og_site_name":"La Sentinelle","article_publisher":"https:\/\/www.facebook.com\/La-Sentinelle-104059864394773","article_published_time":"2022-06-15T23:01:00+00:00","og_image":[{"width":1600,"height":1067,"url":"https:\/\/lasentinelle.dz\/wp-content\/uploads\/2022\/06\/benhamouda.jpg","type":"image\/jpeg"}],"author":"La Sentinelle","twitter_card":"summary_large_image","twitter_misc":{"\u00c9crit par":"La Sentinelle","Dur\u00e9e de lecture estim\u00e9e":"2 minutes"},"schema":{"@context":"https:\/\/schema.org","@graph":[{"@type":"Article","@id":"https:\/\/lasentinelle.dz\/index.php\/2022\/06\/16\/ligue-1-mise-a-jour-ess-usma-en-hommage-a-benhamouda\/#article","isPartOf":{"@id":"https:\/\/lasentinelle.dz\/index.php\/2022\/06\/16\/ligue-1-mise-a-jour-ess-usma-en-hommage-a-benhamouda\/"},"author":{"name":"La Sentinelle","@id":"https:\/\/lasentinelle.dz\/#\/schema\/person\/d865044e22e70a75174ce8bcad3acfb3"},"headline":"Ligue 1 (mise \u00e0 jour)\u00a0:\u00a0ESS \u2013 USMA en hommage \u00e0 Benhamouda\u00a0","datePublished":"2022-06-15T23:01:00+00:00","mainEntityOfPage":{"@id":"https:\/\/lasentinelle.dz\/index.php\/2022\/06\/16\/ligue-1-mise-a-jour-ess-usma-en-hommage-a-benhamouda\/"},"wordCount":386,"commentCount":0,"publisher":{"@id":"https:\/\/lasentinelle.dz\/#organization"},"image":{"@id":"https:\/\/lasentinelle.dz\/index.php\/2022\/06\/16\/ligue-1-mise-a-jour-ess-usma-en-hommage-a-benhamouda\/#primaryimage"},"thumbnailUrl":"https:\/\/lasentinelle.dz\/wp-content\/uploads\/2022\/06\/benhamouda.jpg","articleSection":["Sports"],"inLanguage":"fr-FR","potentialAction":[{"@type":"CommentAction","name":"Comment","target":["https:\/\/lasentinelle.dz\/index.php\/2022\/06\/16\/ligue-1-mise-a-jour-ess-usma-en-hommage-a-benhamouda\/#respond"]}]},{"@type":"WebPage","@id":"https:\/\/lasentinelle.dz\/index.php\/2022\/06\/16\/ligue-1-mise-a-jour-ess-usma-en-hommage-a-benhamouda\/","url":"https:\/\/lasentinelle.dz\/index.php\/2022\/06\/16\/ligue-1-mise-a-jour-ess-usma-en-hommage-a-benhamouda\/","name":"Ligue 1 (mise \u00e0 jour)\u00a0:\u00a0ESS \u2013 USMA en hommage \u00e0 Benhamouda\u00a0 - La Sentinelle","isPartOf":{"@id":"https:\/\/lasentinelle.dz\/#website"},"primaryImageOfPage":{"@id":"https:\/\/lasentinelle.dz\/index.php\/2022\/06\/16\/ligue-1-mise-a-jour-ess-usma-en-hommage-a-benhamouda\/#primaryimage"},"image":{"@id":"https:\/\/lasentinelle.dz\/index.php\/2022\/06\/16\/ligue-1-mise-a-jour-ess-usma-en-hommage-a-benhamouda\/#primaryimage"},"thumbnailUrl":"https:\/\/lasentinelle.dz\/wp-content\/uploads\/2022\/06\/benhamouda.jpg","datePublished":"2022-06-15T23:01:00+00:00","breadcrumb":{"@id":"https:\/\/lasentinelle.dz\/index.php\/2022\/06\/16\/ligue-1-mise-a-jour-ess-usma-en-hommage-a-benhamouda\/#breadcrumb"},"inLanguage":"fr-FR","potentialAction":[{"@type":"ReadAction","target":["https:\/\/lasentinelle.dz\/index.php\/2022\/06\/16\/ligue-1-mise-a-jour-ess-usma-en-hommage-a-benhamouda\/"]}]},{"@type":"ImageObject","inLanguage":"fr-FR","@id":"https:\/\/lasentinelle.dz\/index.php\/2022\/06\/16\/ligue-1-mise-a-jour-ess-usma-en-hommage-a-benhamouda\/#primaryimage","url":"https:\/\/lasentinelle.dz\/wp-content\/uploads\/2022\/06\/benhamouda.jpg","contentUrl":"https:\/\/lasentinelle.dz\/wp-content\/uploads\/2022\/06\/benhamouda.jpg","width":1600,"height":1067},{"@type":"BreadcrumbList","@id":"https:\/\/lasentinelle.dz\/index.php\/2022\/06\/16\/ligue-1-mise-a-jour-ess-usma-en-hommage-a-benhamouda\/#breadcrumb","itemListElement":[{"@type":"ListItem","position":1,"name":"Accueil","item":"https:\/\/lasentinelle.dz\/"},{"@type":"ListItem","position":2,"name":"Ligue 1 (mise \u00e0 jour)\u00a0:\u00a0ESS \u2013 USMA en hommage \u00e0 Benhamouda\u00a0"}]},{"@type":"WebSite","@id":"https:\/\/lasentinelle.dz\/#website","url":"https:\/\/lasentinelle.dz\/","name":"La Sentinelle","description":"Quotidien national d&#039;information","publisher":{"@id":"https:\/\/lasentinelle.dz\/#organization"},"potentialAction":[{"@type":"SearchAction","target":{"@type":"EntryPoint","urlTemplate":"https:\/\/lasentinelle.dz\/?s={search_term_string}"},"query-input":{"@type":"PropertyValueSpecification","valueRequired":true,"valueName":"search_term_string"}}],"inLanguage":"fr-FR"},{"@type":"Organization","@id":"https:\/\/lasentinelle.dz\/#organization","name":"Quotidien La Sentinelle","url":"https:\/\/lasentinelle.dz\/","logo":{"@type":"ImageObject","inLanguage":"fr-FR","@id":"https:\/\/lasentinelle.dz\/#\/schema\/logo\/image\/","url":"https:\/\/lasentinelle.dz\/wp-content\/uploads\/2021\/09\/logo-sentinelleSLOGAN-1.png","contentUrl":"https:\/\/lasentinelle.dz\/wp-content\/uploads\/2021\/09\/logo-sentinelleSLOGAN-1.png","width":615,"height":142,"caption":"Quotidien La Sentinelle"},"image":{"@id":"https:\/\/lasentinelle.dz\/#\/schema\/logo\/image\/"},"sameAs":["https:\/\/www.facebook.com\/La-Sentinelle-104059864394773"]},{"@type":"Person","@id":"https:\/\/lasentinelle.dz\/#\/schema\/person\/d865044e22e70a75174ce8bcad3acfb3","name":"La Sentinelle","image":{"@type":"ImageObject","inLanguage":"fr-FR","@id":"https:\/\/secure.gravatar.com\/avatar\/57de8e5d4b15d43fb361a71fbb36338450fe67865b528a43dd10ef7c51a20392?s=96&d=mm&r=g","url":"https:\/\/secure.gravatar.com\/avatar\/57de8e5d4b15d43fb361a71fbb36338450fe67865b528a43dd10ef7c51a20392?s=96&d=mm&r=g","contentUrl":"https:\/\/secure.gravatar.com\/avatar\/57de8e5d4b15d43fb361a71fbb36338450fe67865b528a43dd10ef7c51a20392?s=96&d=mm&r=g","caption":"La Sentinelle"},"sameAs":["http:\/\/www.lasentinelle.dz"],"url":"https:\/\/lasentinelle.dz\/author\/redaction\/"}]}},"_links":{"self":[{"href":"https:\/\/lasentinelle.dz\/index.php\/wp-json\/wp\/v2\/posts\/22580","targetHints":{"allow":["GET"]}}],"collection":[{"href":"https:\/\/lasentinelle.dz\/index.php\/wp-json\/wp\/v2\/posts"}],"about":[{"href":"https:\/\/lasentinelle.dz\/index.php\/wp-json\/wp\/v2\/types\/post"}],"author":[{"embeddable":true,"href":"https:\/\/lasentinelle.dz\/index.php\/wp-json\/wp\/v2\/users\/3"}],"replies":[{"embeddable":true,"href":"https:\/\/lasentinelle.dz\/index.php\/wp-json\/wp\/v2\/comments?post=22580"}],"version-history":[{"count":1,"href":"https:\/\/lasentinelle.dz\/index.php\/wp-json\/wp\/v2\/posts\/22580\/revisions"}],"predecessor-version":[{"id":22588,"href":"https:\/\/lasentinelle.dz\/index.php\/wp-json\/wp\/v2\/posts\/22580\/revisions\/22588"}],"wp:featuredmedia":[{"embeddable":true,"href":"https:\/\/lasentinelle.dz\/index.php\/wp-json\/wp\/v2\/media\/22587"}],"wp:attachment":[{"href":"https:\/\/lasentinelle.dz\/index.php\/wp-json\/wp\/v2\/media?parent=22580"}],"wp:term":[{"taxonomy":"category","embeddable":true,"href":"https:\/\/lasentinelle.dz\/index.php\/wp-json\/wp\/v2\/categories?post=22580"},{"taxonomy":"post_tag","embeddable":true,"href":"https:\/\/lasentinelle.dz\/index.php\/wp-json\/wp\/v2\/tags?post=22580"}],"curies":[{"name":"wp","href":"https:\/\/api.w.org\/{rel}","templated":true}]}}