{"id":22626,"date":"2022-06-16T00:01:00","date_gmt":"2022-06-15T23:01:00","guid":{"rendered":"https:\/\/lasentinelle.dz\/?p=22626"},"modified":"2022-06-15T20:14:43","modified_gmt":"2022-06-15T19:14:43","slug":"lalgerie-dement-les-allegations-emanant-du-makhzen-sur-une-pretendue-reunion-extraordinaire-de-la-ligue-arabe","status":"publish","type":"post","link":"https:\/\/lasentinelle.dz\/index.php\/2022\/06\/16\/lalgerie-dement-les-allegations-emanant-du-makhzen-sur-une-pretendue-reunion-extraordinaire-de-la-ligue-arabe\/","title":{"rendered":"L&rsquo;Alg\u00e9rie d\u00e9ment les all\u00e9gations \u00e9manant du Makhzen sur une pr\u00e9tendue r\u00e9union extraordinaire de la Ligue arabe"},"content":{"rendered":"\n<p>R\u00e9agissant \u00e0 des informations circulant sur les r\u00e9seaux sociaux et relatives \u00e0 la crise politique qui oppose l\u2019Alg\u00e9rie \u00e0 l\u2019actuel gouvernement espagnol, le minist\u00e8re des Affaires \u00e9trang\u00e8res et de la Communaut\u00e9 nationale \u00e0 l\u2019\u00e9tranger a rendu public un communiqu\u00e9 dont voici le texte int\u00e9gral :&nbsp;\u00ab Certains sites sur les r\u00e9seaux sociaux ont rapport\u00e9 des informations fabriqu\u00e9es dans les&nbsp;&nbsp;laboratoires de propagande du Makhzen sur une pr\u00e9tendue incapacit\u00e9 de l&rsquo;Alg\u00e9rie \u00e0 mobiliser le soutien n\u00e9cessaire pour organiser une r\u00e9union extraordinaire de la Ligue des \u00c9tats arabes en vue de d\u2019en sortir avec une d\u00e9claration de solidarit\u00e9 avec l\u2019Alg\u00e9rie \u00bb.&nbsp;Le minist\u00e8re qui d\u00e9ment formellement ces all\u00e9gations, en contradiction totale avec les valeurs de la diplomatie alg\u00e9rienne qui exerce ses fonctions en toute transparence et souverainet\u00e9, souligne une nouvelle fois le caract\u00e8re strictement bilat\u00e9ral et politique de la crise actuelle avec le gouvernement espagnol actuel en raison du manquement de ce dernier \u00e0 ses devoirs envers la d\u00e9colonisation du Sahara Occidental selon le droit international.&nbsp;De ce point de vue, l&rsquo;Alg\u00e9rie, qui est convaincue du bien-fond\u00e9 de sa position et de la justesse des d\u00e9cisions politiques souveraines qu&rsquo;elle a prises \u00e0 cet \u00e9gard, se passe de l\u2019obtention des positions de soutien, que ce soit des pays fr\u00e8res ou amis ou des organisations internationales \u00bb, conclut le communiqu\u00e9.<\/p>\n\n\n\n<p>APS<\/p>\n","protected":false},"excerpt":{"rendered":"<p>R\u00e9agissant \u00e0 des informations circulant sur les r\u00e9seaux sociaux et relatives \u00e0 la crise politique qui oppose l\u2019Alg\u00e9rie \u00e0 l\u2019actuel<\/p>\n","protected":false},"author":3,"featured_media":22630,"comment_status":"open","ping_status":"closed","sticky":false,"template":"","format":"standard","meta":{"colormag_page_container_layout":"default_layout","colormag_page_sidebar_layout":"default_layout","om_disable_all_campaigns":false,"_monsterinsights_skip_tracking":false,"_monsterinsights_sitenote_active":false,"_monsterinsights_sitenote_note":"","_monsterinsights_sitenote_category":0,"footnotes":"","_wpscppro_dont_share_socialmedia":false,"_wpscppro_custom_social_share_image":0,"_facebook_share_type":"","_twitter_share_type":"","_linkedin_share_type":"","_pinterest_share_type":"","_linkedin_share_type_page":"","_instagram_share_type":"","_medium_share_type":"","_threads_share_type":"","_google_business_share_type":"","_selected_social_profile":[],"_wpsp_enable_custom_social_template":false,"_wpsp_social_scheduling":{"enabled":false,"datetime":null,"platforms":[],"status":"template_only","dateOption":"today","timeOption":"now","customDays":"","customHours":"","customDate":"","customTime":"","schedulingType":"absolute"},"_wpsp_active_default_template":true},"categories":[27],"tags":[],"class_list":["post-22626","post","type-post","status-publish","format-standard","has-post-thumbnail","hentry","category-actualite"],"aioseo_notices":[],"yoast_head":"<!-- This site is optimized with the Yoast SEO plugin v27.5 - https:\/\/yoast.com\/product\/yoast-seo-wordpress\/ -->\n<title>L&#039;Alg\u00e9rie d\u00e9ment les all\u00e9gations \u00e9manant du Makhzen sur une pr\u00e9tendue r\u00e9union extraordinaire de la Ligue arabe - La Sentinelle<\/title>\n<meta name=\"robots\" content=\"index, follow, max-snippet:-1, max-image-preview:large, max-video-preview:-1\" \/>\n<link rel=\"canonical\" href=\"https:\/\/lasentinelle.dz\/index.php\/2022\/06\/16\/lalgerie-dement-les-allegations-emanant-du-makhzen-sur-une-pretendue-reunion-extraordinaire-de-la-ligue-arabe\/\" \/>\n<meta property=\"og:locale\" content=\"fr_FR\" \/>\n<meta property=\"og:type\" content=\"article\" \/>\n<meta property=\"og:title\" content=\"L&#039;Alg\u00e9rie d\u00e9ment les all\u00e9gations \u00e9manant du Makhzen sur une pr\u00e9tendue r\u00e9union extraordinaire de la Ligue arabe - La Sentinelle\" \/>\n<meta property=\"og:description\" content=\"R\u00e9agissant \u00e0 des informations circulant sur les r\u00e9seaux sociaux et relatives \u00e0 la crise politique qui oppose l\u2019Alg\u00e9rie \u00e0 l\u2019actuel\" \/>\n<meta property=\"og:url\" content=\"https:\/\/lasentinelle.dz\/index.php\/2022\/06\/16\/lalgerie-dement-les-allegations-emanant-du-makhzen-sur-une-pretendue-reunion-extraordinaire-de-la-ligue-arabe\/\" \/>\n<meta property=\"og:site_name\" content=\"La Sentinelle\" \/>\n<meta property=\"article:publisher\" content=\"https:\/\/www.facebook.com\/La-Sentinelle-104059864394773\" \/>\n<meta property=\"article:published_time\" content=\"2022-06-15T23:01:00+00:00\" \/>\n<meta property=\"og:image\" content=\"https:\/\/lasentinelle.dz\/wp-content\/uploads\/2022\/06\/maeeeeeeee_692339545.jpg\" \/>\n\t<meta property=\"og:image:width\" content=\"600\" \/>\n\t<meta property=\"og:image:height\" content=\"399\" \/>\n\t<meta property=\"og:image:type\" content=\"image\/jpeg\" \/>\n<meta name=\"author\" content=\"La Sentinelle\" \/>\n<meta name=\"twitter:card\" content=\"summary_large_image\" \/>\n<meta name=\"twitter:label1\" content=\"\u00c9crit par\" \/>\n\t<meta name=\"twitter:data1\" content=\"La Sentinelle\" \/>\n\t<meta name=\"twitter:label2\" content=\"Dur\u00e9e de lecture estim\u00e9e\" \/>\n\t<meta name=\"twitter:data2\" content=\"2 minutes\" \/>\n<script type=\"application\/ld+json\" class=\"yoast-schema-graph\">{\"@context\":\"https:\\\/\\\/schema.org\",\"@graph\":[{\"@type\":\"Article\",\"@id\":\"https:\\\/\\\/lasentinelle.dz\\\/index.php\\\/2022\\\/06\\\/16\\\/lalgerie-dement-les-allegations-emanant-du-makhzen-sur-une-pretendue-reunion-extraordinaire-de-la-ligue-arabe\\\/#article\",\"isPartOf\":{\"@id\":\"https:\\\/\\\/lasentinelle.dz\\\/index.php\\\/2022\\\/06\\\/16\\\/lalgerie-dement-les-allegations-emanant-du-makhzen-sur-une-pretendue-reunion-extraordinaire-de-la-ligue-arabe\\\/\"},\"author\":{\"name\":\"La Sentinelle\",\"@id\":\"https:\\\/\\\/lasentinelle.dz\\\/#\\\/schema\\\/person\\\/d865044e22e70a75174ce8bcad3acfb3\"},\"headline\":\"L&rsquo;Alg\u00e9rie d\u00e9ment les all\u00e9gations \u00e9manant du Makhzen sur une pr\u00e9tendue r\u00e9union extraordinaire de la Ligue arabe\",\"datePublished\":\"2022-06-15T23:01:00+00:00\",\"mainEntityOfPage\":{\"@id\":\"https:\\\/\\\/lasentinelle.dz\\\/index.php\\\/2022\\\/06\\\/16\\\/lalgerie-dement-les-allegations-emanant-du-makhzen-sur-une-pretendue-reunion-extraordinaire-de-la-ligue-arabe\\\/\"},\"wordCount\":266,\"commentCount\":0,\"publisher\":{\"@id\":\"https:\\\/\\\/lasentinelle.dz\\\/#organization\"},\"image\":{\"@id\":\"https:\\\/\\\/lasentinelle.dz\\\/index.php\\\/2022\\\/06\\\/16\\\/lalgerie-dement-les-allegations-emanant-du-makhzen-sur-une-pretendue-reunion-extraordinaire-de-la-ligue-arabe\\\/#primaryimage\"},\"thumbnailUrl\":\"https:\\\/\\\/lasentinelle.dz\\\/wp-content\\\/uploads\\\/2022\\\/06\\\/maeeeeeeee_692339545.jpg\",\"articleSection\":[\"Actualit\u00e9\"],\"inLanguage\":\"fr-FR\",\"potentialAction\":[{\"@type\":\"CommentAction\",\"name\":\"Comment\",\"target\":[\"https:\\\/\\\/lasentinelle.dz\\\/index.php\\\/2022\\\/06\\\/16\\\/lalgerie-dement-les-allegations-emanant-du-makhzen-sur-une-pretendue-reunion-extraordinaire-de-la-ligue-arabe\\\/#respond\"]}]},{\"@type\":\"WebPage\",\"@id\":\"https:\\\/\\\/lasentinelle.dz\\\/index.php\\\/2022\\\/06\\\/16\\\/lalgerie-dement-les-allegations-emanant-du-makhzen-sur-une-pretendue-reunion-extraordinaire-de-la-ligue-arabe\\\/\",\"url\":\"https:\\\/\\\/lasentinelle.dz\\\/index.php\\\/2022\\\/06\\\/16\\\/lalgerie-dement-les-allegations-emanant-du-makhzen-sur-une-pretendue-reunion-extraordinaire-de-la-ligue-arabe\\\/\",\"name\":\"L'Alg\u00e9rie d\u00e9ment les all\u00e9gations \u00e9manant du Makhzen sur une pr\u00e9tendue r\u00e9union extraordinaire de la Ligue arabe - La Sentinelle\",\"isPartOf\":{\"@id\":\"https:\\\/\\\/lasentinelle.dz\\\/#website\"},\"primaryImageOfPage\":{\"@id\":\"https:\\\/\\\/lasentinelle.dz\\\/index.php\\\/2022\\\/06\\\/16\\\/lalgerie-dement-les-allegations-emanant-du-makhzen-sur-une-pretendue-reunion-extraordinaire-de-la-ligue-arabe\\\/#primaryimage\"},\"image\":{\"@id\":\"https:\\\/\\\/lasentinelle.dz\\\/index.php\\\/2022\\\/06\\\/16\\\/lalgerie-dement-les-allegations-emanant-du-makhzen-sur-une-pretendue-reunion-extraordinaire-de-la-ligue-arabe\\\/#primaryimage\"},\"thumbnailUrl\":\"https:\\\/\\\/lasentinelle.dz\\\/wp-content\\\/uploads\\\/2022\\\/06\\\/maeeeeeeee_692339545.jpg\",\"datePublished\":\"2022-06-15T23:01:00+00:00\",\"breadcrumb\":{\"@id\":\"https:\\\/\\\/lasentinelle.dz\\\/index.php\\\/2022\\\/06\\\/16\\\/lalgerie-dement-les-allegations-emanant-du-makhzen-sur-une-pretendue-reunion-extraordinaire-de-la-ligue-arabe\\\/#breadcrumb\"},\"inLanguage\":\"fr-FR\",\"potentialAction\":[{\"@type\":\"ReadAction\",\"target\":[\"https:\\\/\\\/lasentinelle.dz\\\/index.php\\\/2022\\\/06\\\/16\\\/lalgerie-dement-les-allegations-emanant-du-makhzen-sur-une-pretendue-reunion-extraordinaire-de-la-ligue-arabe\\\/\"]}]},{\"@type\":\"ImageObject\",\"inLanguage\":\"fr-FR\",\"@id\":\"https:\\\/\\\/lasentinelle.dz\\\/index.php\\\/2022\\\/06\\\/16\\\/lalgerie-dement-les-allegations-emanant-du-makhzen-sur-une-pretendue-reunion-extraordinaire-de-la-ligue-arabe\\\/#primaryimage\",\"url\":\"https:\\\/\\\/lasentinelle.dz\\\/wp-content\\\/uploads\\\/2022\\\/06\\\/maeeeeeeee_692339545.jpg\",\"contentUrl\":\"https:\\\/\\\/lasentinelle.dz\\\/wp-content\\\/uploads\\\/2022\\\/06\\\/maeeeeeeee_692339545.jpg\",\"width\":600,\"height\":399},{\"@type\":\"BreadcrumbList\",\"@id\":\"https:\\\/\\\/lasentinelle.dz\\\/index.php\\\/2022\\\/06\\\/16\\\/lalgerie-dement-les-allegations-emanant-du-makhzen-sur-une-pretendue-reunion-extraordinaire-de-la-ligue-arabe\\\/#breadcrumb\",\"itemListElement\":[{\"@type\":\"ListItem\",\"position\":1,\"name\":\"Accueil\",\"item\":\"https:\\\/\\\/lasentinelle.dz\\\/\"},{\"@type\":\"ListItem\",\"position\":2,\"name\":\"L&rsquo;Alg\u00e9rie d\u00e9ment les all\u00e9gations \u00e9manant du Makhzen sur une pr\u00e9tendue r\u00e9union extraordinaire de la Ligue arabe\"}]},{\"@type\":\"WebSite\",\"@id\":\"https:\\\/\\\/lasentinelle.dz\\\/#website\",\"url\":\"https:\\\/\\\/lasentinelle.dz\\\/\",\"name\":\"La Sentinelle\",\"description\":\"Quotidien national d&#039;information\",\"publisher\":{\"@id\":\"https:\\\/\\\/lasentinelle.dz\\\/#organization\"},\"potentialAction\":[{\"@type\":\"SearchAction\",\"target\":{\"@type\":\"EntryPoint\",\"urlTemplate\":\"https:\\\/\\\/lasentinelle.dz\\\/?s={search_term_string}\"},\"query-input\":{\"@type\":\"PropertyValueSpecification\",\"valueRequired\":true,\"valueName\":\"search_term_string\"}}],\"inLanguage\":\"fr-FR\"},{\"@type\":\"Organization\",\"@id\":\"https:\\\/\\\/lasentinelle.dz\\\/#organization\",\"name\":\"Quotidien La Sentinelle\",\"url\":\"https:\\\/\\\/lasentinelle.dz\\\/\",\"logo\":{\"@type\":\"ImageObject\",\"inLanguage\":\"fr-FR\",\"@id\":\"https:\\\/\\\/lasentinelle.dz\\\/#\\\/schema\\\/logo\\\/image\\\/\",\"url\":\"https:\\\/\\\/lasentinelle.dz\\\/wp-content\\\/uploads\\\/2021\\\/09\\\/logo-sentinelleSLOGAN-1.png\",\"contentUrl\":\"https:\\\/\\\/lasentinelle.dz\\\/wp-content\\\/uploads\\\/2021\\\/09\\\/logo-sentinelleSLOGAN-1.png\",\"width\":615,\"height\":142,\"caption\":\"Quotidien La Sentinelle\"},\"image\":{\"@id\":\"https:\\\/\\\/lasentinelle.dz\\\/#\\\/schema\\\/logo\\\/image\\\/\"},\"sameAs\":[\"https:\\\/\\\/www.facebook.com\\\/La-Sentinelle-104059864394773\"]},{\"@type\":\"Person\",\"@id\":\"https:\\\/\\\/lasentinelle.dz\\\/#\\\/schema\\\/person\\\/d865044e22e70a75174ce8bcad3acfb3\",\"name\":\"La Sentinelle\",\"image\":{\"@type\":\"ImageObject\",\"inLanguage\":\"fr-FR\",\"@id\":\"https:\\\/\\\/secure.gravatar.com\\\/avatar\\\/57de8e5d4b15d43fb361a71fbb36338450fe67865b528a43dd10ef7c51a20392?s=96&d=mm&r=g\",\"url\":\"https:\\\/\\\/secure.gravatar.com\\\/avatar\\\/57de8e5d4b15d43fb361a71fbb36338450fe67865b528a43dd10ef7c51a20392?s=96&d=mm&r=g\",\"contentUrl\":\"https:\\\/\\\/secure.gravatar.com\\\/avatar\\\/57de8e5d4b15d43fb361a71fbb36338450fe67865b528a43dd10ef7c51a20392?s=96&d=mm&r=g\",\"caption\":\"La Sentinelle\"},\"sameAs\":[\"http:\\\/\\\/www.lasentinelle.dz\"],\"url\":\"https:\\\/\\\/lasentinelle.dz\\\/author\\\/redaction\\\/\"}]}<\/script>\n<!-- \/ Yoast SEO plugin. -->","yoast_head_json":{"title":"L'Alg\u00e9rie d\u00e9ment les all\u00e9gations \u00e9manant du Makhzen sur une pr\u00e9tendue r\u00e9union extraordinaire de la Ligue arabe - La Sentinelle","robots":{"index":"index","follow":"follow","max-snippet":"max-snippet:-1","max-image-preview":"max-image-preview:large","max-video-preview":"max-video-preview:-1"},"canonical":"https:\/\/lasentinelle.dz\/index.php\/2022\/06\/16\/lalgerie-dement-les-allegations-emanant-du-makhzen-sur-une-pretendue-reunion-extraordinaire-de-la-ligue-arabe\/","og_locale":"fr_FR","og_type":"article","og_title":"L'Alg\u00e9rie d\u00e9ment les all\u00e9gations \u00e9manant du Makhzen sur une pr\u00e9tendue r\u00e9union extraordinaire de la Ligue arabe - La Sentinelle","og_description":"R\u00e9agissant \u00e0 des informations circulant sur les r\u00e9seaux sociaux et relatives \u00e0 la crise politique qui oppose l\u2019Alg\u00e9rie \u00e0 l\u2019actuel","og_url":"https:\/\/lasentinelle.dz\/index.php\/2022\/06\/16\/lalgerie-dement-les-allegations-emanant-du-makhzen-sur-une-pretendue-reunion-extraordinaire-de-la-ligue-arabe\/","og_site_name":"La Sentinelle","article_publisher":"https:\/\/www.facebook.com\/La-Sentinelle-104059864394773","article_published_time":"2022-06-15T23:01:00+00:00","og_image":[{"width":600,"height":399,"url":"https:\/\/lasentinelle.dz\/wp-content\/uploads\/2022\/06\/maeeeeeeee_692339545.jpg","type":"image\/jpeg"}],"author":"La Sentinelle","twitter_card":"summary_large_image","twitter_misc":{"\u00c9crit par":"La Sentinelle","Dur\u00e9e de lecture estim\u00e9e":"2 minutes"},"schema":{"@context":"https:\/\/schema.org","@graph":[{"@type":"Article","@id":"https:\/\/lasentinelle.dz\/index.php\/2022\/06\/16\/lalgerie-dement-les-allegations-emanant-du-makhzen-sur-une-pretendue-reunion-extraordinaire-de-la-ligue-arabe\/#article","isPartOf":{"@id":"https:\/\/lasentinelle.dz\/index.php\/2022\/06\/16\/lalgerie-dement-les-allegations-emanant-du-makhzen-sur-une-pretendue-reunion-extraordinaire-de-la-ligue-arabe\/"},"author":{"name":"La Sentinelle","@id":"https:\/\/lasentinelle.dz\/#\/schema\/person\/d865044e22e70a75174ce8bcad3acfb3"},"headline":"L&rsquo;Alg\u00e9rie d\u00e9ment les all\u00e9gations \u00e9manant du Makhzen sur une pr\u00e9tendue r\u00e9union extraordinaire de la Ligue arabe","datePublished":"2022-06-15T23:01:00+00:00","mainEntityOfPage":{"@id":"https:\/\/lasentinelle.dz\/index.php\/2022\/06\/16\/lalgerie-dement-les-allegations-emanant-du-makhzen-sur-une-pretendue-reunion-extraordinaire-de-la-ligue-arabe\/"},"wordCount":266,"commentCount":0,"publisher":{"@id":"https:\/\/lasentinelle.dz\/#organization"},"image":{"@id":"https:\/\/lasentinelle.dz\/index.php\/2022\/06\/16\/lalgerie-dement-les-allegations-emanant-du-makhzen-sur-une-pretendue-reunion-extraordinaire-de-la-ligue-arabe\/#primaryimage"},"thumbnailUrl":"https:\/\/lasentinelle.dz\/wp-content\/uploads\/2022\/06\/maeeeeeeee_692339545.jpg","articleSection":["Actualit\u00e9"],"inLanguage":"fr-FR","potentialAction":[{"@type":"CommentAction","name":"Comment","target":["https:\/\/lasentinelle.dz\/index.php\/2022\/06\/16\/lalgerie-dement-les-allegations-emanant-du-makhzen-sur-une-pretendue-reunion-extraordinaire-de-la-ligue-arabe\/#respond"]}]},{"@type":"WebPage","@id":"https:\/\/lasentinelle.dz\/index.php\/2022\/06\/16\/lalgerie-dement-les-allegations-emanant-du-makhzen-sur-une-pretendue-reunion-extraordinaire-de-la-ligue-arabe\/","url":"https:\/\/lasentinelle.dz\/index.php\/2022\/06\/16\/lalgerie-dement-les-allegations-emanant-du-makhzen-sur-une-pretendue-reunion-extraordinaire-de-la-ligue-arabe\/","name":"L'Alg\u00e9rie d\u00e9ment les all\u00e9gations \u00e9manant du Makhzen sur une pr\u00e9tendue r\u00e9union extraordinaire de la Ligue arabe - La Sentinelle","isPartOf":{"@id":"https:\/\/lasentinelle.dz\/#website"},"primaryImageOfPage":{"@id":"https:\/\/lasentinelle.dz\/index.php\/2022\/06\/16\/lalgerie-dement-les-allegations-emanant-du-makhzen-sur-une-pretendue-reunion-extraordinaire-de-la-ligue-arabe\/#primaryimage"},"image":{"@id":"https:\/\/lasentinelle.dz\/index.php\/2022\/06\/16\/lalgerie-dement-les-allegations-emanant-du-makhzen-sur-une-pretendue-reunion-extraordinaire-de-la-ligue-arabe\/#primaryimage"},"thumbnailUrl":"https:\/\/lasentinelle.dz\/wp-content\/uploads\/2022\/06\/maeeeeeeee_692339545.jpg","datePublished":"2022-06-15T23:01:00+00:00","breadcrumb":{"@id":"https:\/\/lasentinelle.dz\/index.php\/2022\/06\/16\/lalgerie-dement-les-allegations-emanant-du-makhzen-sur-une-pretendue-reunion-extraordinaire-de-la-ligue-arabe\/#breadcrumb"},"inLanguage":"fr-FR","potentialAction":[{"@type":"ReadAction","target":["https:\/\/lasentinelle.dz\/index.php\/2022\/06\/16\/lalgerie-dement-les-allegations-emanant-du-makhzen-sur-une-pretendue-reunion-extraordinaire-de-la-ligue-arabe\/"]}]},{"@type":"ImageObject","inLanguage":"fr-FR","@id":"https:\/\/lasentinelle.dz\/index.php\/2022\/06\/16\/lalgerie-dement-les-allegations-emanant-du-makhzen-sur-une-pretendue-reunion-extraordinaire-de-la-ligue-arabe\/#primaryimage","url":"https:\/\/lasentinelle.dz\/wp-content\/uploads\/2022\/06\/maeeeeeeee_692339545.jpg","contentUrl":"https:\/\/lasentinelle.dz\/wp-content\/uploads\/2022\/06\/maeeeeeeee_692339545.jpg","width":600,"height":399},{"@type":"BreadcrumbList","@id":"https:\/\/lasentinelle.dz\/index.php\/2022\/06\/16\/lalgerie-dement-les-allegations-emanant-du-makhzen-sur-une-pretendue-reunion-extraordinaire-de-la-ligue-arabe\/#breadcrumb","itemListElement":[{"@type":"ListItem","position":1,"name":"Accueil","item":"https:\/\/lasentinelle.dz\/"},{"@type":"ListItem","position":2,"name":"L&rsquo;Alg\u00e9rie d\u00e9ment les all\u00e9gations \u00e9manant du Makhzen sur une pr\u00e9tendue r\u00e9union extraordinaire de la Ligue arabe"}]},{"@type":"WebSite","@id":"https:\/\/lasentinelle.dz\/#website","url":"https:\/\/lasentinelle.dz\/","name":"La Sentinelle","description":"Quotidien national d&#039;information","publisher":{"@id":"https:\/\/lasentinelle.dz\/#organization"},"potentialAction":[{"@type":"SearchAction","target":{"@type":"EntryPoint","urlTemplate":"https:\/\/lasentinelle.dz\/?s={search_term_string}"},"query-input":{"@type":"PropertyValueSpecification","valueRequired":true,"valueName":"search_term_string"}}],"inLanguage":"fr-FR"},{"@type":"Organization","@id":"https:\/\/lasentinelle.dz\/#organization","name":"Quotidien La Sentinelle","url":"https:\/\/lasentinelle.dz\/","logo":{"@type":"ImageObject","inLanguage":"fr-FR","@id":"https:\/\/lasentinelle.dz\/#\/schema\/logo\/image\/","url":"https:\/\/lasentinelle.dz\/wp-content\/uploads\/2021\/09\/logo-sentinelleSLOGAN-1.png","contentUrl":"https:\/\/lasentinelle.dz\/wp-content\/uploads\/2021\/09\/logo-sentinelleSLOGAN-1.png","width":615,"height":142,"caption":"Quotidien La Sentinelle"},"image":{"@id":"https:\/\/lasentinelle.dz\/#\/schema\/logo\/image\/"},"sameAs":["https:\/\/www.facebook.com\/La-Sentinelle-104059864394773"]},{"@type":"Person","@id":"https:\/\/lasentinelle.dz\/#\/schema\/person\/d865044e22e70a75174ce8bcad3acfb3","name":"La Sentinelle","image":{"@type":"ImageObject","inLanguage":"fr-FR","@id":"https:\/\/secure.gravatar.com\/avatar\/57de8e5d4b15d43fb361a71fbb36338450fe67865b528a43dd10ef7c51a20392?s=96&d=mm&r=g","url":"https:\/\/secure.gravatar.com\/avatar\/57de8e5d4b15d43fb361a71fbb36338450fe67865b528a43dd10ef7c51a20392?s=96&d=mm&r=g","contentUrl":"https:\/\/secure.gravatar.com\/avatar\/57de8e5d4b15d43fb361a71fbb36338450fe67865b528a43dd10ef7c51a20392?s=96&d=mm&r=g","caption":"La Sentinelle"},"sameAs":["http:\/\/www.lasentinelle.dz"],"url":"https:\/\/lasentinelle.dz\/author\/redaction\/"}]}},"_links":{"self":[{"href":"https:\/\/lasentinelle.dz\/index.php\/wp-json\/wp\/v2\/posts\/22626","targetHints":{"allow":["GET"]}}],"collection":[{"href":"https:\/\/lasentinelle.dz\/index.php\/wp-json\/wp\/v2\/posts"}],"about":[{"href":"https:\/\/lasentinelle.dz\/index.php\/wp-json\/wp\/v2\/types\/post"}],"author":[{"embeddable":true,"href":"https:\/\/lasentinelle.dz\/index.php\/wp-json\/wp\/v2\/users\/3"}],"replies":[{"embeddable":true,"href":"https:\/\/lasentinelle.dz\/index.php\/wp-json\/wp\/v2\/comments?post=22626"}],"version-history":[{"count":1,"href":"https:\/\/lasentinelle.dz\/index.php\/wp-json\/wp\/v2\/posts\/22626\/revisions"}],"predecessor-version":[{"id":22631,"href":"https:\/\/lasentinelle.dz\/index.php\/wp-json\/wp\/v2\/posts\/22626\/revisions\/22631"}],"wp:featuredmedia":[{"embeddable":true,"href":"https:\/\/lasentinelle.dz\/index.php\/wp-json\/wp\/v2\/media\/22630"}],"wp:attachment":[{"href":"https:\/\/lasentinelle.dz\/index.php\/wp-json\/wp\/v2\/media?parent=22626"}],"wp:term":[{"taxonomy":"category","embeddable":true,"href":"https:\/\/lasentinelle.dz\/index.php\/wp-json\/wp\/v2\/categories?post=22626"},{"taxonomy":"post_tag","embeddable":true,"href":"https:\/\/lasentinelle.dz\/index.php\/wp-json\/wp\/v2\/tags?post=22626"}],"curies":[{"name":"wp","href":"https:\/\/api.w.org\/{rel}","templated":true}]}}