{"id":22661,"date":"2022-06-19T00:01:00","date_gmt":"2022-06-18T23:01:00","guid":{"rendered":"https:\/\/lasentinelle.dz\/?p=22661"},"modified":"2022-06-18T16:41:14","modified_gmt":"2022-06-18T15:41:14","slug":"algerie-belgique-en-amical-le-deal-enterine","status":"publish","type":"post","link":"https:\/\/lasentinelle.dz\/index.php\/2022\/06\/19\/algerie-belgique-en-amical-le-deal-enterine\/","title":{"rendered":"Alg\u00e9rie \u2013 Belgique en amical\u00a0:\u00a0Le deal ent\u00e9rin\u00e9 ?\u00a0"},"content":{"rendered":"\n<p>Le coach belge, Roberto Martinez, souhaite que le profil de l\u2019adversaire de ce match amical unique se rapproche de celui du Maroc, que les Diables affronteront lors du mondial-2022.&nbsp;<\/p>\n\n\n\n<p>La possibilit\u00e9 d&rsquo;un match amical entre l&rsquo;Alg\u00e9rie et la Belgique se confirme de jour en jour. Si l&rsquo;on sait d\u00e9j\u00e0 par le biais de Djamel Belmadi que la F\u00e9d\u00e9ration belge de football a fait une proposition officielle \u00e0 son homologue alg\u00e9rienne, la presse belge \u00e9voque carr\u00e9ment un accord. Ainsi selon Sudinfo, l&rsquo;opposition entre les Fennecs&nbsp;&nbsp;et les Diables Rouges pourrait avoir lieu le 16 ou 17 novembre 2022 \u00e0 Manama (Bahre\u00efn) ou Kuwait City. C&rsquo;est \u00e0 dire \u00e0 une semaine des phases finales du Mondial-2022 au Qatar. La m\u00eame source a fait savoir que le mardi 15 marquera, pour les Diables rouges, l\u2019envol vers le Golfe persique dans un charter sp\u00e9cialement affr\u00e9t\u00e9 pour la d\u00e9l\u00e9gation belge. \u00ab Mais l\u2019avion effectuera une halte en cours de route pour s\u2019arr\u00eater au Kowe\u00eft ou au Bahre\u00efn afin d\u2019y disputer un match amical \u00bb, dit-on, ajoutant que le coach Roberto Martinez souhaite que le profil de l\u2019adversaire de ce match amical unique se rapproche de celui du Maroc, que les Diables affronteront lors du match 2, le 27 novembre au stade Al Thumama, \u00e0 douze kilom\u00e8tres de Doha. \u00ab Raison pour laquelle le s\u00e9lectionneur belge entend privil\u00e9gier la candidature de l\u2019Alg\u00e9rie ou de l\u2019\u00c9gypte, au d\u00e9triment du Cameroun, qualifi\u00e9 quant \u00e0 lui et d\u00e9sireux de disputer une rencontre avant de p\u00e9n\u00e9trer sur le territoire qatari \u00bb, est-il mentionn\u00e9. Sur le principe, la perspective int\u00e9resse naturellement Djamel Belmadi, mais ce dernier conditionne l&rsquo;organisation de matches amicaux internationaux par la possibilit\u00e9 de r\u00e9unir son groupe durant cette p\u00e9riode. Ce qui n&rsquo;est pas \u00e0 vrai dire garanti. Le coach national a \u00e9voqu\u00e9 \u00e9galement la possibilit\u00e9 d&rsquo;affronter l&rsquo;Italie \u00e0 la m\u00eame p\u00e9riode. \u00ab En accord avec les clubs, il y aura une possibilit\u00e9 de jouer un ou deux matches amicaux en novembre prochain, comme l&rsquo;Italie par exemple, qui ne va pas disputer le mondial. On a eu une demande de la part des Italiens il n&rsquo;y a pas si longtemps. L&rsquo;Italie pourrait \u00eatre une possibilit\u00e9 qu&rsquo;on a eu r\u00e9cemment parmi tant d&rsquo;autres. Il y a aussi la Su\u00e8de, la Croatie et la Belgique, qui nous ont sollicit\u00e9 derni\u00e8rement \u00bb, avait-il d\u00e9clar\u00e9 \u00e0 FAF TV. Si du c\u00f4t\u00e9 belge, l&rsquo;accord serait d\u00e9j\u00e0 scell\u00e9, du c\u00f4t\u00e9 alg\u00e9rien rien n&rsquo;est moins s\u00fbr, d&rsquo;autant que les Verts pr\u00e9pareront \u00e0 cette p\u00e9riode la CAN-2023. D&rsquo;o\u00f9 l&rsquo;interrogation sur l&rsquo;utilit\u00e9 d&rsquo;affronter des \u00e9quipes comme la Belgique et l&rsquo;Italie.&nbsp;<\/p>\n\n\n\n<p><strong>R. S. \/ A. Mahious&nbsp;<\/strong><\/p>\n","protected":false},"excerpt":{"rendered":"<p>Le coach belge, Roberto Martinez, souhaite que le profil de l\u2019adversaire de ce match amical unique se rapproche de celui<\/p>\n","protected":false},"author":3,"featured_media":22667,"comment_status":"open","ping_status":"closed","sticky":false,"template":"","format":"standard","meta":{"colormag_page_container_layout":"default_layout","colormag_page_sidebar_layout":"default_layout","om_disable_all_campaigns":false,"_monsterinsights_skip_tracking":false,"_monsterinsights_sitenote_active":false,"_monsterinsights_sitenote_note":"","_monsterinsights_sitenote_category":0,"footnotes":"","_wpscppro_dont_share_socialmedia":false,"_wpscppro_custom_social_share_image":0,"_facebook_share_type":"","_twitter_share_type":"","_linkedin_share_type":"","_pinterest_share_type":"","_linkedin_share_type_page":"","_instagram_share_type":"","_medium_share_type":"","_threads_share_type":"","_google_business_share_type":"","_selected_social_profile":[],"_wpsp_enable_custom_social_template":false,"_wpsp_social_scheduling":{"enabled":false,"datetime":null,"platforms":[],"status":"template_only","dateOption":"today","timeOption":"now","customDays":"","customHours":"","customDate":"","customTime":"","schedulingType":"absolute"},"_wpsp_active_default_template":true},"categories":[33],"tags":[],"class_list":["post-22661","post","type-post","status-publish","format-standard","has-post-thumbnail","hentry","category-sports"],"aioseo_notices":[],"yoast_head":"<!-- This site is optimized with the Yoast SEO plugin v27.5 - https:\/\/yoast.com\/product\/yoast-seo-wordpress\/ -->\n<title>Alg\u00e9rie \u2013 Belgique en amical\u00a0:\u00a0Le deal ent\u00e9rin\u00e9 ?\u00a0 - La Sentinelle<\/title>\n<meta name=\"robots\" content=\"index, follow, max-snippet:-1, max-image-preview:large, max-video-preview:-1\" \/>\n<link rel=\"canonical\" href=\"https:\/\/lasentinelle.dz\/index.php\/2022\/06\/19\/algerie-belgique-en-amical-le-deal-enterine\/\" \/>\n<meta property=\"og:locale\" content=\"fr_FR\" \/>\n<meta property=\"og:type\" content=\"article\" \/>\n<meta property=\"og:title\" content=\"Alg\u00e9rie \u2013 Belgique en amical\u00a0:\u00a0Le deal ent\u00e9rin\u00e9 ?\u00a0 - La Sentinelle\" \/>\n<meta property=\"og:description\" content=\"Le coach belge, Roberto Martinez, souhaite que le profil de l\u2019adversaire de ce match amical unique se rapproche de celui\" \/>\n<meta property=\"og:url\" content=\"https:\/\/lasentinelle.dz\/index.php\/2022\/06\/19\/algerie-belgique-en-amical-le-deal-enterine\/\" \/>\n<meta property=\"og:site_name\" content=\"La Sentinelle\" \/>\n<meta property=\"article:publisher\" content=\"https:\/\/www.facebook.com\/La-Sentinelle-104059864394773\" \/>\n<meta property=\"article:published_time\" content=\"2022-06-18T23:01:00+00:00\" \/>\n<meta property=\"og:image\" content=\"https:\/\/lasentinelle.dz\/wp-content\/uploads\/2022\/06\/Algerie.jpg\" \/>\n\t<meta property=\"og:image:width\" content=\"2000\" \/>\n\t<meta property=\"og:image:height\" content=\"1330\" \/>\n\t<meta property=\"og:image:type\" content=\"image\/jpeg\" \/>\n<meta name=\"author\" content=\"La Sentinelle\" \/>\n<meta name=\"twitter:card\" content=\"summary_large_image\" \/>\n<meta name=\"twitter:label1\" content=\"\u00c9crit par\" \/>\n\t<meta name=\"twitter:data1\" content=\"La Sentinelle\" \/>\n\t<meta name=\"twitter:label2\" content=\"Dur\u00e9e de lecture estim\u00e9e\" \/>\n\t<meta name=\"twitter:data2\" content=\"3 minutes\" \/>\n<script type=\"application\/ld+json\" class=\"yoast-schema-graph\">{\"@context\":\"https:\\\/\\\/schema.org\",\"@graph\":[{\"@type\":\"Article\",\"@id\":\"https:\\\/\\\/lasentinelle.dz\\\/index.php\\\/2022\\\/06\\\/19\\\/algerie-belgique-en-amical-le-deal-enterine\\\/#article\",\"isPartOf\":{\"@id\":\"https:\\\/\\\/lasentinelle.dz\\\/index.php\\\/2022\\\/06\\\/19\\\/algerie-belgique-en-amical-le-deal-enterine\\\/\"},\"author\":{\"name\":\"La Sentinelle\",\"@id\":\"https:\\\/\\\/lasentinelle.dz\\\/#\\\/schema\\\/person\\\/d865044e22e70a75174ce8bcad3acfb3\"},\"headline\":\"Alg\u00e9rie \u2013 Belgique en amical\u00a0:\u00a0Le deal ent\u00e9rin\u00e9 ?\u00a0\",\"datePublished\":\"2022-06-18T23:01:00+00:00\",\"mainEntityOfPage\":{\"@id\":\"https:\\\/\\\/lasentinelle.dz\\\/index.php\\\/2022\\\/06\\\/19\\\/algerie-belgique-en-amical-le-deal-enterine\\\/\"},\"wordCount\":487,\"commentCount\":0,\"publisher\":{\"@id\":\"https:\\\/\\\/lasentinelle.dz\\\/#organization\"},\"image\":{\"@id\":\"https:\\\/\\\/lasentinelle.dz\\\/index.php\\\/2022\\\/06\\\/19\\\/algerie-belgique-en-amical-le-deal-enterine\\\/#primaryimage\"},\"thumbnailUrl\":\"https:\\\/\\\/lasentinelle.dz\\\/wp-content\\\/uploads\\\/2022\\\/06\\\/Algerie.jpg\",\"articleSection\":[\"Sports\"],\"inLanguage\":\"fr-FR\",\"potentialAction\":[{\"@type\":\"CommentAction\",\"name\":\"Comment\",\"target\":[\"https:\\\/\\\/lasentinelle.dz\\\/index.php\\\/2022\\\/06\\\/19\\\/algerie-belgique-en-amical-le-deal-enterine\\\/#respond\"]}]},{\"@type\":\"WebPage\",\"@id\":\"https:\\\/\\\/lasentinelle.dz\\\/index.php\\\/2022\\\/06\\\/19\\\/algerie-belgique-en-amical-le-deal-enterine\\\/\",\"url\":\"https:\\\/\\\/lasentinelle.dz\\\/index.php\\\/2022\\\/06\\\/19\\\/algerie-belgique-en-amical-le-deal-enterine\\\/\",\"name\":\"Alg\u00e9rie \u2013 Belgique en amical\u00a0:\u00a0Le deal ent\u00e9rin\u00e9 ?\u00a0 - La Sentinelle\",\"isPartOf\":{\"@id\":\"https:\\\/\\\/lasentinelle.dz\\\/#website\"},\"primaryImageOfPage\":{\"@id\":\"https:\\\/\\\/lasentinelle.dz\\\/index.php\\\/2022\\\/06\\\/19\\\/algerie-belgique-en-amical-le-deal-enterine\\\/#primaryimage\"},\"image\":{\"@id\":\"https:\\\/\\\/lasentinelle.dz\\\/index.php\\\/2022\\\/06\\\/19\\\/algerie-belgique-en-amical-le-deal-enterine\\\/#primaryimage\"},\"thumbnailUrl\":\"https:\\\/\\\/lasentinelle.dz\\\/wp-content\\\/uploads\\\/2022\\\/06\\\/Algerie.jpg\",\"datePublished\":\"2022-06-18T23:01:00+00:00\",\"breadcrumb\":{\"@id\":\"https:\\\/\\\/lasentinelle.dz\\\/index.php\\\/2022\\\/06\\\/19\\\/algerie-belgique-en-amical-le-deal-enterine\\\/#breadcrumb\"},\"inLanguage\":\"fr-FR\",\"potentialAction\":[{\"@type\":\"ReadAction\",\"target\":[\"https:\\\/\\\/lasentinelle.dz\\\/index.php\\\/2022\\\/06\\\/19\\\/algerie-belgique-en-amical-le-deal-enterine\\\/\"]}]},{\"@type\":\"ImageObject\",\"inLanguage\":\"fr-FR\",\"@id\":\"https:\\\/\\\/lasentinelle.dz\\\/index.php\\\/2022\\\/06\\\/19\\\/algerie-belgique-en-amical-le-deal-enterine\\\/#primaryimage\",\"url\":\"https:\\\/\\\/lasentinelle.dz\\\/wp-content\\\/uploads\\\/2022\\\/06\\\/Algerie.jpg\",\"contentUrl\":\"https:\\\/\\\/lasentinelle.dz\\\/wp-content\\\/uploads\\\/2022\\\/06\\\/Algerie.jpg\",\"width\":2000,\"height\":1330},{\"@type\":\"BreadcrumbList\",\"@id\":\"https:\\\/\\\/lasentinelle.dz\\\/index.php\\\/2022\\\/06\\\/19\\\/algerie-belgique-en-amical-le-deal-enterine\\\/#breadcrumb\",\"itemListElement\":[{\"@type\":\"ListItem\",\"position\":1,\"name\":\"Accueil\",\"item\":\"https:\\\/\\\/lasentinelle.dz\\\/\"},{\"@type\":\"ListItem\",\"position\":2,\"name\":\"Alg\u00e9rie \u2013 Belgique en amical\u00a0:\u00a0Le deal ent\u00e9rin\u00e9 ?\u00a0\"}]},{\"@type\":\"WebSite\",\"@id\":\"https:\\\/\\\/lasentinelle.dz\\\/#website\",\"url\":\"https:\\\/\\\/lasentinelle.dz\\\/\",\"name\":\"La Sentinelle\",\"description\":\"Quotidien national d&#039;information\",\"publisher\":{\"@id\":\"https:\\\/\\\/lasentinelle.dz\\\/#organization\"},\"potentialAction\":[{\"@type\":\"SearchAction\",\"target\":{\"@type\":\"EntryPoint\",\"urlTemplate\":\"https:\\\/\\\/lasentinelle.dz\\\/?s={search_term_string}\"},\"query-input\":{\"@type\":\"PropertyValueSpecification\",\"valueRequired\":true,\"valueName\":\"search_term_string\"}}],\"inLanguage\":\"fr-FR\"},{\"@type\":\"Organization\",\"@id\":\"https:\\\/\\\/lasentinelle.dz\\\/#organization\",\"name\":\"Quotidien La Sentinelle\",\"url\":\"https:\\\/\\\/lasentinelle.dz\\\/\",\"logo\":{\"@type\":\"ImageObject\",\"inLanguage\":\"fr-FR\",\"@id\":\"https:\\\/\\\/lasentinelle.dz\\\/#\\\/schema\\\/logo\\\/image\\\/\",\"url\":\"https:\\\/\\\/lasentinelle.dz\\\/wp-content\\\/uploads\\\/2021\\\/09\\\/logo-sentinelleSLOGAN-1.png\",\"contentUrl\":\"https:\\\/\\\/lasentinelle.dz\\\/wp-content\\\/uploads\\\/2021\\\/09\\\/logo-sentinelleSLOGAN-1.png\",\"width\":615,\"height\":142,\"caption\":\"Quotidien La Sentinelle\"},\"image\":{\"@id\":\"https:\\\/\\\/lasentinelle.dz\\\/#\\\/schema\\\/logo\\\/image\\\/\"},\"sameAs\":[\"https:\\\/\\\/www.facebook.com\\\/La-Sentinelle-104059864394773\"]},{\"@type\":\"Person\",\"@id\":\"https:\\\/\\\/lasentinelle.dz\\\/#\\\/schema\\\/person\\\/d865044e22e70a75174ce8bcad3acfb3\",\"name\":\"La Sentinelle\",\"image\":{\"@type\":\"ImageObject\",\"inLanguage\":\"fr-FR\",\"@id\":\"https:\\\/\\\/secure.gravatar.com\\\/avatar\\\/57de8e5d4b15d43fb361a71fbb36338450fe67865b528a43dd10ef7c51a20392?s=96&d=mm&r=g\",\"url\":\"https:\\\/\\\/secure.gravatar.com\\\/avatar\\\/57de8e5d4b15d43fb361a71fbb36338450fe67865b528a43dd10ef7c51a20392?s=96&d=mm&r=g\",\"contentUrl\":\"https:\\\/\\\/secure.gravatar.com\\\/avatar\\\/57de8e5d4b15d43fb361a71fbb36338450fe67865b528a43dd10ef7c51a20392?s=96&d=mm&r=g\",\"caption\":\"La Sentinelle\"},\"sameAs\":[\"http:\\\/\\\/www.lasentinelle.dz\"],\"url\":\"https:\\\/\\\/lasentinelle.dz\\\/author\\\/redaction\\\/\"}]}<\/script>\n<!-- \/ Yoast SEO plugin. -->","yoast_head_json":{"title":"Alg\u00e9rie \u2013 Belgique en amical\u00a0:\u00a0Le deal ent\u00e9rin\u00e9 ?\u00a0 - La Sentinelle","robots":{"index":"index","follow":"follow","max-snippet":"max-snippet:-1","max-image-preview":"max-image-preview:large","max-video-preview":"max-video-preview:-1"},"canonical":"https:\/\/lasentinelle.dz\/index.php\/2022\/06\/19\/algerie-belgique-en-amical-le-deal-enterine\/","og_locale":"fr_FR","og_type":"article","og_title":"Alg\u00e9rie \u2013 Belgique en amical\u00a0:\u00a0Le deal ent\u00e9rin\u00e9 ?\u00a0 - La Sentinelle","og_description":"Le coach belge, Roberto Martinez, souhaite que le profil de l\u2019adversaire de ce match amical unique se rapproche de celui","og_url":"https:\/\/lasentinelle.dz\/index.php\/2022\/06\/19\/algerie-belgique-en-amical-le-deal-enterine\/","og_site_name":"La Sentinelle","article_publisher":"https:\/\/www.facebook.com\/La-Sentinelle-104059864394773","article_published_time":"2022-06-18T23:01:00+00:00","og_image":[{"width":2000,"height":1330,"url":"https:\/\/lasentinelle.dz\/wp-content\/uploads\/2022\/06\/Algerie.jpg","type":"image\/jpeg"}],"author":"La Sentinelle","twitter_card":"summary_large_image","twitter_misc":{"\u00c9crit par":"La Sentinelle","Dur\u00e9e de lecture estim\u00e9e":"3 minutes"},"schema":{"@context":"https:\/\/schema.org","@graph":[{"@type":"Article","@id":"https:\/\/lasentinelle.dz\/index.php\/2022\/06\/19\/algerie-belgique-en-amical-le-deal-enterine\/#article","isPartOf":{"@id":"https:\/\/lasentinelle.dz\/index.php\/2022\/06\/19\/algerie-belgique-en-amical-le-deal-enterine\/"},"author":{"name":"La Sentinelle","@id":"https:\/\/lasentinelle.dz\/#\/schema\/person\/d865044e22e70a75174ce8bcad3acfb3"},"headline":"Alg\u00e9rie \u2013 Belgique en amical\u00a0:\u00a0Le deal ent\u00e9rin\u00e9 ?\u00a0","datePublished":"2022-06-18T23:01:00+00:00","mainEntityOfPage":{"@id":"https:\/\/lasentinelle.dz\/index.php\/2022\/06\/19\/algerie-belgique-en-amical-le-deal-enterine\/"},"wordCount":487,"commentCount":0,"publisher":{"@id":"https:\/\/lasentinelle.dz\/#organization"},"image":{"@id":"https:\/\/lasentinelle.dz\/index.php\/2022\/06\/19\/algerie-belgique-en-amical-le-deal-enterine\/#primaryimage"},"thumbnailUrl":"https:\/\/lasentinelle.dz\/wp-content\/uploads\/2022\/06\/Algerie.jpg","articleSection":["Sports"],"inLanguage":"fr-FR","potentialAction":[{"@type":"CommentAction","name":"Comment","target":["https:\/\/lasentinelle.dz\/index.php\/2022\/06\/19\/algerie-belgique-en-amical-le-deal-enterine\/#respond"]}]},{"@type":"WebPage","@id":"https:\/\/lasentinelle.dz\/index.php\/2022\/06\/19\/algerie-belgique-en-amical-le-deal-enterine\/","url":"https:\/\/lasentinelle.dz\/index.php\/2022\/06\/19\/algerie-belgique-en-amical-le-deal-enterine\/","name":"Alg\u00e9rie \u2013 Belgique en amical\u00a0:\u00a0Le deal ent\u00e9rin\u00e9 ?\u00a0 - La Sentinelle","isPartOf":{"@id":"https:\/\/lasentinelle.dz\/#website"},"primaryImageOfPage":{"@id":"https:\/\/lasentinelle.dz\/index.php\/2022\/06\/19\/algerie-belgique-en-amical-le-deal-enterine\/#primaryimage"},"image":{"@id":"https:\/\/lasentinelle.dz\/index.php\/2022\/06\/19\/algerie-belgique-en-amical-le-deal-enterine\/#primaryimage"},"thumbnailUrl":"https:\/\/lasentinelle.dz\/wp-content\/uploads\/2022\/06\/Algerie.jpg","datePublished":"2022-06-18T23:01:00+00:00","breadcrumb":{"@id":"https:\/\/lasentinelle.dz\/index.php\/2022\/06\/19\/algerie-belgique-en-amical-le-deal-enterine\/#breadcrumb"},"inLanguage":"fr-FR","potentialAction":[{"@type":"ReadAction","target":["https:\/\/lasentinelle.dz\/index.php\/2022\/06\/19\/algerie-belgique-en-amical-le-deal-enterine\/"]}]},{"@type":"ImageObject","inLanguage":"fr-FR","@id":"https:\/\/lasentinelle.dz\/index.php\/2022\/06\/19\/algerie-belgique-en-amical-le-deal-enterine\/#primaryimage","url":"https:\/\/lasentinelle.dz\/wp-content\/uploads\/2022\/06\/Algerie.jpg","contentUrl":"https:\/\/lasentinelle.dz\/wp-content\/uploads\/2022\/06\/Algerie.jpg","width":2000,"height":1330},{"@type":"BreadcrumbList","@id":"https:\/\/lasentinelle.dz\/index.php\/2022\/06\/19\/algerie-belgique-en-amical-le-deal-enterine\/#breadcrumb","itemListElement":[{"@type":"ListItem","position":1,"name":"Accueil","item":"https:\/\/lasentinelle.dz\/"},{"@type":"ListItem","position":2,"name":"Alg\u00e9rie \u2013 Belgique en amical\u00a0:\u00a0Le deal ent\u00e9rin\u00e9 ?\u00a0"}]},{"@type":"WebSite","@id":"https:\/\/lasentinelle.dz\/#website","url":"https:\/\/lasentinelle.dz\/","name":"La Sentinelle","description":"Quotidien national d&#039;information","publisher":{"@id":"https:\/\/lasentinelle.dz\/#organization"},"potentialAction":[{"@type":"SearchAction","target":{"@type":"EntryPoint","urlTemplate":"https:\/\/lasentinelle.dz\/?s={search_term_string}"},"query-input":{"@type":"PropertyValueSpecification","valueRequired":true,"valueName":"search_term_string"}}],"inLanguage":"fr-FR"},{"@type":"Organization","@id":"https:\/\/lasentinelle.dz\/#organization","name":"Quotidien La Sentinelle","url":"https:\/\/lasentinelle.dz\/","logo":{"@type":"ImageObject","inLanguage":"fr-FR","@id":"https:\/\/lasentinelle.dz\/#\/schema\/logo\/image\/","url":"https:\/\/lasentinelle.dz\/wp-content\/uploads\/2021\/09\/logo-sentinelleSLOGAN-1.png","contentUrl":"https:\/\/lasentinelle.dz\/wp-content\/uploads\/2021\/09\/logo-sentinelleSLOGAN-1.png","width":615,"height":142,"caption":"Quotidien La Sentinelle"},"image":{"@id":"https:\/\/lasentinelle.dz\/#\/schema\/logo\/image\/"},"sameAs":["https:\/\/www.facebook.com\/La-Sentinelle-104059864394773"]},{"@type":"Person","@id":"https:\/\/lasentinelle.dz\/#\/schema\/person\/d865044e22e70a75174ce8bcad3acfb3","name":"La Sentinelle","image":{"@type":"ImageObject","inLanguage":"fr-FR","@id":"https:\/\/secure.gravatar.com\/avatar\/57de8e5d4b15d43fb361a71fbb36338450fe67865b528a43dd10ef7c51a20392?s=96&d=mm&r=g","url":"https:\/\/secure.gravatar.com\/avatar\/57de8e5d4b15d43fb361a71fbb36338450fe67865b528a43dd10ef7c51a20392?s=96&d=mm&r=g","contentUrl":"https:\/\/secure.gravatar.com\/avatar\/57de8e5d4b15d43fb361a71fbb36338450fe67865b528a43dd10ef7c51a20392?s=96&d=mm&r=g","caption":"La Sentinelle"},"sameAs":["http:\/\/www.lasentinelle.dz"],"url":"https:\/\/lasentinelle.dz\/author\/redaction\/"}]}},"_links":{"self":[{"href":"https:\/\/lasentinelle.dz\/index.php\/wp-json\/wp\/v2\/posts\/22661","targetHints":{"allow":["GET"]}}],"collection":[{"href":"https:\/\/lasentinelle.dz\/index.php\/wp-json\/wp\/v2\/posts"}],"about":[{"href":"https:\/\/lasentinelle.dz\/index.php\/wp-json\/wp\/v2\/types\/post"}],"author":[{"embeddable":true,"href":"https:\/\/lasentinelle.dz\/index.php\/wp-json\/wp\/v2\/users\/3"}],"replies":[{"embeddable":true,"href":"https:\/\/lasentinelle.dz\/index.php\/wp-json\/wp\/v2\/comments?post=22661"}],"version-history":[{"count":1,"href":"https:\/\/lasentinelle.dz\/index.php\/wp-json\/wp\/v2\/posts\/22661\/revisions"}],"predecessor-version":[{"id":22670,"href":"https:\/\/lasentinelle.dz\/index.php\/wp-json\/wp\/v2\/posts\/22661\/revisions\/22670"}],"wp:featuredmedia":[{"embeddable":true,"href":"https:\/\/lasentinelle.dz\/index.php\/wp-json\/wp\/v2\/media\/22667"}],"wp:attachment":[{"href":"https:\/\/lasentinelle.dz\/index.php\/wp-json\/wp\/v2\/media?parent=22661"}],"wp:term":[{"taxonomy":"category","embeddable":true,"href":"https:\/\/lasentinelle.dz\/index.php\/wp-json\/wp\/v2\/categories?post=22661"},{"taxonomy":"post_tag","embeddable":true,"href":"https:\/\/lasentinelle.dz\/index.php\/wp-json\/wp\/v2\/tags?post=22661"}],"curies":[{"name":"wp","href":"https:\/\/api.w.org\/{rel}","templated":true}]}}