{"id":22663,"date":"2022-06-19T00:01:00","date_gmt":"2022-06-18T23:01:00","guid":{"rendered":"https:\/\/lasentinelle.dz\/?p=22663"},"modified":"2022-06-18T17:50:07","modified_gmt":"2022-06-18T16:50:07","slug":"sahara-occidental-le-conseil-de-securite-exhorte-dappuyer-de-mistura","status":"publish","type":"post","link":"https:\/\/lasentinelle.dz\/index.php\/2022\/06\/19\/sahara-occidental-le-conseil-de-securite-exhorte-dappuyer-de-mistura\/","title":{"rendered":"Sahara occidental\u00a0: Le Conseil de s\u00e9curit\u00e9 exhort\u00e9 d\u2019appuyer De Mistura"},"content":{"rendered":"\n<p>Les Nations unies ont \u00e9t\u00e9 press\u00e9es de lever les blocages qui entraves dans le processus de d\u00e9colonisation du Sahara occident, notamment le Conseil de s\u00e9curit\u00e9 exhort\u00e9 d\u2019appuyer l&rsquo;envoy\u00e9 de l&rsquo;ONU pour le Sahara Occidental, Staffan de Mistura.&nbsp;<\/p>\n\n\n\n<p>En effet, les participants au Forum diplomatique de solidarit\u00e9 avec le peuple sahraoui ont soulign\u00e9, vendredi \u00e0 Alger, que la sortie de l&rsquo;impasse actuelle exige un v\u00e9ritable appui du Conseil de s\u00e9curit\u00e9 aux d\u00e9marches de l&rsquo;envoy\u00e9 de l&rsquo;ONU pour le Sahara Occidental, Staffan de Mistura. Au terme des travaux de la 3e \u00e9dition du Forum qui co\u00efncide avec le 52e anniversaire de l&rsquo;Intifada de Zemla, les participants ont mis l&rsquo;accent sur la n\u00e9cessit\u00e9 de mettre en application les d\u00e9cisions internationales prises concernant le conflit au Sahara Occidental et de faire face aux obstacles qui entravent leur mise en \u0153uvre.<\/p>\n\n\n\n<p>Dans leurs recommandations, les diplomates ont soulign\u00e9 la n\u00e9cessit\u00e9 d&rsquo;exercer des pressions pour aboutir rapidement \u00e0 une solution bas\u00e9e sur la l\u00e9galit\u00e9 internationale, d&#8217;emp\u00eacher le pillage par l&rsquo;occupation marocaine des ressources naturelles dans les territoires sahraouis occup\u00e9s, de respecter les droits de l&rsquo;Homme et de lib\u00e9rer les d\u00e9tenus politiques sahraouis. Dans ce contexte, ils ont appel\u00e9 \u00e0 \u00e9largir les pr\u00e9rogatives de la MINURSO aux droits de l&rsquo;Homme, \u00e0 l&rsquo;instar des autres missions onusiennes de maintien de la paix. Pour sa part, l&rsquo;ambassadeur sahraoui, Abdelkader Taleb Omar a consid\u00e9r\u00e9 que le forum se veut une contribution appr\u00e9ciable en vue de partager avec le peuple sahraoui la c\u00e9l\u00e9bration de cet anniversaire et de r\u00e9affirmer la solidarit\u00e9 et le soutien \u00e0 sa lutte pour le recouvrement de ses droits l\u00e9gitimes \u00e0 la libert\u00e9 et \u00e0 l&rsquo;ind\u00e9pendance. Il<\/p>\n\n\n\n<p>Le diplomate sahraoui a estim\u00e9 que l&rsquo;escalade et les obstacles dress\u00e9s par le Makhzen, ainsi que le silence et l&rsquo;inaction des Nations unies sont les principales raisons de la reprise de la lutte arm\u00e9e et de toutes les tensions que conna\u00eet la r\u00e9gion, suite \u00e0 l&rsquo;assassinat de civils sahraouis par drones, du resserrement du si\u00e8ge, de la r\u00e9pression et du black-out m\u00e9diatique impos\u00e9s dans les territoires occup\u00e9s, outre du pillage des ressources sahraouies et de l&rsquo;entrave des efforts onusiens. Dans ce sillage, l&rsquo;ambassadeur sahraoui a accus\u00e9 des parties actives au sein du Conseil de s\u00e9curit\u00e9 de l&rsquo;ONU d&rsquo;assurer une protection \u00e0 l&rsquo;occupant marocain, soulignant que ce dernier n&rsquo;a pas r\u00e9ussi \u00e0 faire sortir le conflit du cadre onusien et reste sans l\u00e9gitimit\u00e9 en demeurant au Sahara Occidental, et ce, gr\u00e2ce \u00e0 la lutte des Sahraouis et au soutien apport\u00e9 \u00e0 leur cause par les forces de lib\u00e9ration et de justice en particulier en Afrique et en Am\u00e9rique latine ainsi que par les forces progressistes europ\u00e9ennes. Taleb Omar a \u00e9galement \u00e9voqu\u00e9 la position du peuple espagnol et de ses forces politiques qui rejettent, dans leur majorit\u00e9, la position du Premier ministre espagnol Pedro Sanchez, qui a d\u00e9vi\u00e9 de la position consensuelle adopt\u00e9e par les diff\u00e9rents partis depuis le retrait de l&rsquo;Espagne, en faveur du droit \u00e0 l&rsquo;autod\u00e9termination du peuple sahraoui dans le cadre des Nations unies, soulignant que Sanchez se retrouve isol\u00e9 dans son pays, en raison de ses positions, non reconnues ni par l&rsquo;Union europ\u00e9enne, ni m\u00eame par l&rsquo;OTAN.<\/p>\n\n\n\n<p>De son c\u00f4t\u00e9, la Commission nationale sahraouie des droits de l&rsquo;homme a appel\u00e9 l&rsquo;Espagne \u00e0 lever pleinement le voile sur ce qui s&rsquo;est pass\u00e9 lors des \u00e9v\u00e9nements du soul\u00e8vement de \u00ab\u00a0Zamla\u00a0\u00bb, la tenant pleinement responsable d&rsquo;avoir commis des crimes contre l&rsquo;humanit\u00e9 et d&rsquo;avoir \u00e9lud\u00e9 ses devoirs et obligations internationaux.<\/p>\n\n\n\n<p>Le comit\u00e9 a d\u00e9clar\u00e9 dans un communiqu\u00e9 \u00e0 l&rsquo;occasion du double anniversaire (le soul\u00e8vement de Zamla en 1970 contre le colonialisme espagnol et la Journ\u00e9e nationale des disparus, qui incarne la perte du leader du mouvement d&rsquo;avant-garde, Mohamed Sayed Ibrahim Basiri), que \u00ab\u00a0la responsabilit\u00e9 l\u00e9gale et morale de l&rsquo;Etat espagnol envers la d\u00e9colonisation du Sahara Occidental reste enti\u00e8re. Elle a appel\u00e9 \u00e0 tenir pour responsables les responsables et les institutions espagnoles \u00ab\u00a0qui ont commis ces crimes contre l&rsquo;humanit\u00e9 et les crimes contre les victimes sahraouies qui ont \u00e9t\u00e9 martyris\u00e9es dans ces \u00e9v\u00e9nements \u00ab\u00a0.<\/p>\n\n\n\n<p>Elle a soulign\u00e9 que \u00ab\u00a0le gouvernement espagnol est appel\u00e9 aujourd&rsquo;hui \u00e0 \u00eatre en harmonie avec les id\u00e9aux et les valeurs de la d\u00e9mocratie, de la justice et des droits de l&rsquo;homme, et \u00e0 rendre compte du crime odieux commis contre le peuple sahraoui, \u00e0 la suite du manquement de l&rsquo;\u00c9tat \u00e0 ses devoirs et obligations internationaux en 1975. Et elle a estim\u00e9 que \u00ab\u00a0l&rsquo;abandon par l&rsquo;Espagne de ses responsabilit\u00e9s a encourag\u00e9 l&rsquo;\u00c9tat marocain d&rsquo;occupation \u00e0 perp\u00e9trer plus tard le crime d&rsquo;enl\u00e8vement, car le sort de centaines de militants sahraouis restait inconnu.<\/p>\n\n\n\n<p>Le Comit\u00e9 a appel\u00e9 les Nations Unies, le Comit\u00e9 international de la Croix-Rouge et tous les organes et organisations des droits de l&rsquo;homme \u00e0 \u00ab faire pression sur les autorit\u00e9s d&rsquo;occupation marocaines pour emp\u00eacher les cas de disparition forc\u00e9e, r\u00e9v\u00e9ler le sort de tous les Sahraouis port\u00e9s disparus.<\/p>\n\n\n\n<p>R.I. avec APS<\/p>\n","protected":false},"excerpt":{"rendered":"<p>Les Nations unies ont \u00e9t\u00e9 press\u00e9es de lever les blocages qui entraves dans le processus de d\u00e9colonisation du Sahara occident,<\/p>\n","protected":false},"author":3,"featured_media":22672,"comment_status":"open","ping_status":"closed","sticky":false,"template":"","format":"standard","meta":{"colormag_page_container_layout":"default_layout","colormag_page_sidebar_layout":"default_layout","om_disable_all_campaigns":false,"_monsterinsights_skip_tracking":false,"_monsterinsights_sitenote_active":false,"_monsterinsights_sitenote_note":"","_monsterinsights_sitenote_category":0,"footnotes":"","_wpscppro_dont_share_socialmedia":false,"_wpscppro_custom_social_share_image":0,"_facebook_share_type":"","_twitter_share_type":"","_linkedin_share_type":"","_pinterest_share_type":"","_linkedin_share_type_page":"","_instagram_share_type":"","_medium_share_type":"","_threads_share_type":"","_google_business_share_type":"","_selected_social_profile":[],"_wpsp_enable_custom_social_template":false,"_wpsp_social_scheduling":{"enabled":false,"datetime":null,"platforms":[],"status":"template_only","dateOption":"today","timeOption":"now","customDays":"","customHours":"","customDate":"","customTime":"","schedulingType":"absolute"},"_wpsp_active_default_template":true},"categories":[37],"tags":[],"class_list":["post-22663","post","type-post","status-publish","format-standard","has-post-thumbnail","hentry","category-monde"],"aioseo_notices":[],"yoast_head":"<!-- This site is optimized with the Yoast SEO plugin v27.5 - https:\/\/yoast.com\/product\/yoast-seo-wordpress\/ -->\n<title>Sahara occidental\u00a0: Le Conseil de s\u00e9curit\u00e9 exhort\u00e9 d\u2019appuyer De Mistura - La Sentinelle<\/title>\n<meta name=\"robots\" content=\"index, follow, max-snippet:-1, max-image-preview:large, max-video-preview:-1\" \/>\n<link rel=\"canonical\" href=\"https:\/\/lasentinelle.dz\/index.php\/2022\/06\/19\/sahara-occidental-le-conseil-de-securite-exhorte-dappuyer-de-mistura\/\" \/>\n<meta property=\"og:locale\" content=\"fr_FR\" \/>\n<meta property=\"og:type\" content=\"article\" \/>\n<meta property=\"og:title\" content=\"Sahara occidental\u00a0: Le Conseil de s\u00e9curit\u00e9 exhort\u00e9 d\u2019appuyer De Mistura - La Sentinelle\" \/>\n<meta property=\"og:description\" content=\"Les Nations unies ont \u00e9t\u00e9 press\u00e9es de lever les blocages qui entraves dans le processus de d\u00e9colonisation du Sahara occident,\" \/>\n<meta property=\"og:url\" content=\"https:\/\/lasentinelle.dz\/index.php\/2022\/06\/19\/sahara-occidental-le-conseil-de-securite-exhorte-dappuyer-de-mistura\/\" \/>\n<meta property=\"og:site_name\" content=\"La Sentinelle\" \/>\n<meta property=\"article:publisher\" content=\"https:\/\/www.facebook.com\/La-Sentinelle-104059864394773\" \/>\n<meta property=\"article:published_time\" content=\"2022-06-18T23:01:00+00:00\" \/>\n<meta property=\"og:image\" content=\"https:\/\/lasentinelle.dz\/wp-content\/uploads\/2022\/06\/de-mistura.png\" \/>\n\t<meta property=\"og:image:width\" content=\"1311\" \/>\n\t<meta property=\"og:image:height\" content=\"900\" \/>\n\t<meta property=\"og:image:type\" content=\"image\/png\" \/>\n<meta name=\"author\" content=\"La Sentinelle\" \/>\n<meta name=\"twitter:card\" content=\"summary_large_image\" \/>\n<meta name=\"twitter:label1\" content=\"\u00c9crit par\" \/>\n\t<meta name=\"twitter:data1\" content=\"La Sentinelle\" \/>\n\t<meta name=\"twitter:label2\" content=\"Dur\u00e9e de lecture estim\u00e9e\" \/>\n\t<meta name=\"twitter:data2\" content=\"5 minutes\" \/>\n<script type=\"application\/ld+json\" class=\"yoast-schema-graph\">{\"@context\":\"https:\\\/\\\/schema.org\",\"@graph\":[{\"@type\":\"Article\",\"@id\":\"https:\\\/\\\/lasentinelle.dz\\\/index.php\\\/2022\\\/06\\\/19\\\/sahara-occidental-le-conseil-de-securite-exhorte-dappuyer-de-mistura\\\/#article\",\"isPartOf\":{\"@id\":\"https:\\\/\\\/lasentinelle.dz\\\/index.php\\\/2022\\\/06\\\/19\\\/sahara-occidental-le-conseil-de-securite-exhorte-dappuyer-de-mistura\\\/\"},\"author\":{\"name\":\"La Sentinelle\",\"@id\":\"https:\\\/\\\/lasentinelle.dz\\\/#\\\/schema\\\/person\\\/d865044e22e70a75174ce8bcad3acfb3\"},\"headline\":\"Sahara occidental\u00a0: Le Conseil de s\u00e9curit\u00e9 exhort\u00e9 d\u2019appuyer De Mistura\",\"datePublished\":\"2022-06-18T23:01:00+00:00\",\"mainEntityOfPage\":{\"@id\":\"https:\\\/\\\/lasentinelle.dz\\\/index.php\\\/2022\\\/06\\\/19\\\/sahara-occidental-le-conseil-de-securite-exhorte-dappuyer-de-mistura\\\/\"},\"wordCount\":908,\"commentCount\":0,\"publisher\":{\"@id\":\"https:\\\/\\\/lasentinelle.dz\\\/#organization\"},\"image\":{\"@id\":\"https:\\\/\\\/lasentinelle.dz\\\/index.php\\\/2022\\\/06\\\/19\\\/sahara-occidental-le-conseil-de-securite-exhorte-dappuyer-de-mistura\\\/#primaryimage\"},\"thumbnailUrl\":\"https:\\\/\\\/lasentinelle.dz\\\/wp-content\\\/uploads\\\/2022\\\/06\\\/de-mistura.png\",\"articleSection\":[\"Monde\"],\"inLanguage\":\"fr-FR\",\"potentialAction\":[{\"@type\":\"CommentAction\",\"name\":\"Comment\",\"target\":[\"https:\\\/\\\/lasentinelle.dz\\\/index.php\\\/2022\\\/06\\\/19\\\/sahara-occidental-le-conseil-de-securite-exhorte-dappuyer-de-mistura\\\/#respond\"]}]},{\"@type\":\"WebPage\",\"@id\":\"https:\\\/\\\/lasentinelle.dz\\\/index.php\\\/2022\\\/06\\\/19\\\/sahara-occidental-le-conseil-de-securite-exhorte-dappuyer-de-mistura\\\/\",\"url\":\"https:\\\/\\\/lasentinelle.dz\\\/index.php\\\/2022\\\/06\\\/19\\\/sahara-occidental-le-conseil-de-securite-exhorte-dappuyer-de-mistura\\\/\",\"name\":\"Sahara occidental\u00a0: Le Conseil de s\u00e9curit\u00e9 exhort\u00e9 d\u2019appuyer De Mistura - La Sentinelle\",\"isPartOf\":{\"@id\":\"https:\\\/\\\/lasentinelle.dz\\\/#website\"},\"primaryImageOfPage\":{\"@id\":\"https:\\\/\\\/lasentinelle.dz\\\/index.php\\\/2022\\\/06\\\/19\\\/sahara-occidental-le-conseil-de-securite-exhorte-dappuyer-de-mistura\\\/#primaryimage\"},\"image\":{\"@id\":\"https:\\\/\\\/lasentinelle.dz\\\/index.php\\\/2022\\\/06\\\/19\\\/sahara-occidental-le-conseil-de-securite-exhorte-dappuyer-de-mistura\\\/#primaryimage\"},\"thumbnailUrl\":\"https:\\\/\\\/lasentinelle.dz\\\/wp-content\\\/uploads\\\/2022\\\/06\\\/de-mistura.png\",\"datePublished\":\"2022-06-18T23:01:00+00:00\",\"breadcrumb\":{\"@id\":\"https:\\\/\\\/lasentinelle.dz\\\/index.php\\\/2022\\\/06\\\/19\\\/sahara-occidental-le-conseil-de-securite-exhorte-dappuyer-de-mistura\\\/#breadcrumb\"},\"inLanguage\":\"fr-FR\",\"potentialAction\":[{\"@type\":\"ReadAction\",\"target\":[\"https:\\\/\\\/lasentinelle.dz\\\/index.php\\\/2022\\\/06\\\/19\\\/sahara-occidental-le-conseil-de-securite-exhorte-dappuyer-de-mistura\\\/\"]}]},{\"@type\":\"ImageObject\",\"inLanguage\":\"fr-FR\",\"@id\":\"https:\\\/\\\/lasentinelle.dz\\\/index.php\\\/2022\\\/06\\\/19\\\/sahara-occidental-le-conseil-de-securite-exhorte-dappuyer-de-mistura\\\/#primaryimage\",\"url\":\"https:\\\/\\\/lasentinelle.dz\\\/wp-content\\\/uploads\\\/2022\\\/06\\\/de-mistura.png\",\"contentUrl\":\"https:\\\/\\\/lasentinelle.dz\\\/wp-content\\\/uploads\\\/2022\\\/06\\\/de-mistura.png\",\"width\":1311,\"height\":900},{\"@type\":\"BreadcrumbList\",\"@id\":\"https:\\\/\\\/lasentinelle.dz\\\/index.php\\\/2022\\\/06\\\/19\\\/sahara-occidental-le-conseil-de-securite-exhorte-dappuyer-de-mistura\\\/#breadcrumb\",\"itemListElement\":[{\"@type\":\"ListItem\",\"position\":1,\"name\":\"Accueil\",\"item\":\"https:\\\/\\\/lasentinelle.dz\\\/\"},{\"@type\":\"ListItem\",\"position\":2,\"name\":\"Sahara occidental\u00a0: Le Conseil de s\u00e9curit\u00e9 exhort\u00e9 d\u2019appuyer De Mistura\"}]},{\"@type\":\"WebSite\",\"@id\":\"https:\\\/\\\/lasentinelle.dz\\\/#website\",\"url\":\"https:\\\/\\\/lasentinelle.dz\\\/\",\"name\":\"La Sentinelle\",\"description\":\"Quotidien national d&#039;information\",\"publisher\":{\"@id\":\"https:\\\/\\\/lasentinelle.dz\\\/#organization\"},\"potentialAction\":[{\"@type\":\"SearchAction\",\"target\":{\"@type\":\"EntryPoint\",\"urlTemplate\":\"https:\\\/\\\/lasentinelle.dz\\\/?s={search_term_string}\"},\"query-input\":{\"@type\":\"PropertyValueSpecification\",\"valueRequired\":true,\"valueName\":\"search_term_string\"}}],\"inLanguage\":\"fr-FR\"},{\"@type\":\"Organization\",\"@id\":\"https:\\\/\\\/lasentinelle.dz\\\/#organization\",\"name\":\"Quotidien La Sentinelle\",\"url\":\"https:\\\/\\\/lasentinelle.dz\\\/\",\"logo\":{\"@type\":\"ImageObject\",\"inLanguage\":\"fr-FR\",\"@id\":\"https:\\\/\\\/lasentinelle.dz\\\/#\\\/schema\\\/logo\\\/image\\\/\",\"url\":\"https:\\\/\\\/lasentinelle.dz\\\/wp-content\\\/uploads\\\/2021\\\/09\\\/logo-sentinelleSLOGAN-1.png\",\"contentUrl\":\"https:\\\/\\\/lasentinelle.dz\\\/wp-content\\\/uploads\\\/2021\\\/09\\\/logo-sentinelleSLOGAN-1.png\",\"width\":615,\"height\":142,\"caption\":\"Quotidien La Sentinelle\"},\"image\":{\"@id\":\"https:\\\/\\\/lasentinelle.dz\\\/#\\\/schema\\\/logo\\\/image\\\/\"},\"sameAs\":[\"https:\\\/\\\/www.facebook.com\\\/La-Sentinelle-104059864394773\"]},{\"@type\":\"Person\",\"@id\":\"https:\\\/\\\/lasentinelle.dz\\\/#\\\/schema\\\/person\\\/d865044e22e70a75174ce8bcad3acfb3\",\"name\":\"La Sentinelle\",\"image\":{\"@type\":\"ImageObject\",\"inLanguage\":\"fr-FR\",\"@id\":\"https:\\\/\\\/secure.gravatar.com\\\/avatar\\\/57de8e5d4b15d43fb361a71fbb36338450fe67865b528a43dd10ef7c51a20392?s=96&d=mm&r=g\",\"url\":\"https:\\\/\\\/secure.gravatar.com\\\/avatar\\\/57de8e5d4b15d43fb361a71fbb36338450fe67865b528a43dd10ef7c51a20392?s=96&d=mm&r=g\",\"contentUrl\":\"https:\\\/\\\/secure.gravatar.com\\\/avatar\\\/57de8e5d4b15d43fb361a71fbb36338450fe67865b528a43dd10ef7c51a20392?s=96&d=mm&r=g\",\"caption\":\"La Sentinelle\"},\"sameAs\":[\"http:\\\/\\\/www.lasentinelle.dz\"],\"url\":\"https:\\\/\\\/lasentinelle.dz\\\/author\\\/redaction\\\/\"}]}<\/script>\n<!-- \/ Yoast SEO plugin. -->","yoast_head_json":{"title":"Sahara occidental\u00a0: Le Conseil de s\u00e9curit\u00e9 exhort\u00e9 d\u2019appuyer De Mistura - La Sentinelle","robots":{"index":"index","follow":"follow","max-snippet":"max-snippet:-1","max-image-preview":"max-image-preview:large","max-video-preview":"max-video-preview:-1"},"canonical":"https:\/\/lasentinelle.dz\/index.php\/2022\/06\/19\/sahara-occidental-le-conseil-de-securite-exhorte-dappuyer-de-mistura\/","og_locale":"fr_FR","og_type":"article","og_title":"Sahara occidental\u00a0: Le Conseil de s\u00e9curit\u00e9 exhort\u00e9 d\u2019appuyer De Mistura - La Sentinelle","og_description":"Les Nations unies ont \u00e9t\u00e9 press\u00e9es de lever les blocages qui entraves dans le processus de d\u00e9colonisation du Sahara occident,","og_url":"https:\/\/lasentinelle.dz\/index.php\/2022\/06\/19\/sahara-occidental-le-conseil-de-securite-exhorte-dappuyer-de-mistura\/","og_site_name":"La Sentinelle","article_publisher":"https:\/\/www.facebook.com\/La-Sentinelle-104059864394773","article_published_time":"2022-06-18T23:01:00+00:00","og_image":[{"width":1311,"height":900,"url":"https:\/\/lasentinelle.dz\/wp-content\/uploads\/2022\/06\/de-mistura.png","type":"image\/png"}],"author":"La Sentinelle","twitter_card":"summary_large_image","twitter_misc":{"\u00c9crit par":"La Sentinelle","Dur\u00e9e de lecture estim\u00e9e":"5 minutes"},"schema":{"@context":"https:\/\/schema.org","@graph":[{"@type":"Article","@id":"https:\/\/lasentinelle.dz\/index.php\/2022\/06\/19\/sahara-occidental-le-conseil-de-securite-exhorte-dappuyer-de-mistura\/#article","isPartOf":{"@id":"https:\/\/lasentinelle.dz\/index.php\/2022\/06\/19\/sahara-occidental-le-conseil-de-securite-exhorte-dappuyer-de-mistura\/"},"author":{"name":"La Sentinelle","@id":"https:\/\/lasentinelle.dz\/#\/schema\/person\/d865044e22e70a75174ce8bcad3acfb3"},"headline":"Sahara occidental\u00a0: Le Conseil de s\u00e9curit\u00e9 exhort\u00e9 d\u2019appuyer De Mistura","datePublished":"2022-06-18T23:01:00+00:00","mainEntityOfPage":{"@id":"https:\/\/lasentinelle.dz\/index.php\/2022\/06\/19\/sahara-occidental-le-conseil-de-securite-exhorte-dappuyer-de-mistura\/"},"wordCount":908,"commentCount":0,"publisher":{"@id":"https:\/\/lasentinelle.dz\/#organization"},"image":{"@id":"https:\/\/lasentinelle.dz\/index.php\/2022\/06\/19\/sahara-occidental-le-conseil-de-securite-exhorte-dappuyer-de-mistura\/#primaryimage"},"thumbnailUrl":"https:\/\/lasentinelle.dz\/wp-content\/uploads\/2022\/06\/de-mistura.png","articleSection":["Monde"],"inLanguage":"fr-FR","potentialAction":[{"@type":"CommentAction","name":"Comment","target":["https:\/\/lasentinelle.dz\/index.php\/2022\/06\/19\/sahara-occidental-le-conseil-de-securite-exhorte-dappuyer-de-mistura\/#respond"]}]},{"@type":"WebPage","@id":"https:\/\/lasentinelle.dz\/index.php\/2022\/06\/19\/sahara-occidental-le-conseil-de-securite-exhorte-dappuyer-de-mistura\/","url":"https:\/\/lasentinelle.dz\/index.php\/2022\/06\/19\/sahara-occidental-le-conseil-de-securite-exhorte-dappuyer-de-mistura\/","name":"Sahara occidental\u00a0: Le Conseil de s\u00e9curit\u00e9 exhort\u00e9 d\u2019appuyer De Mistura - La Sentinelle","isPartOf":{"@id":"https:\/\/lasentinelle.dz\/#website"},"primaryImageOfPage":{"@id":"https:\/\/lasentinelle.dz\/index.php\/2022\/06\/19\/sahara-occidental-le-conseil-de-securite-exhorte-dappuyer-de-mistura\/#primaryimage"},"image":{"@id":"https:\/\/lasentinelle.dz\/index.php\/2022\/06\/19\/sahara-occidental-le-conseil-de-securite-exhorte-dappuyer-de-mistura\/#primaryimage"},"thumbnailUrl":"https:\/\/lasentinelle.dz\/wp-content\/uploads\/2022\/06\/de-mistura.png","datePublished":"2022-06-18T23:01:00+00:00","breadcrumb":{"@id":"https:\/\/lasentinelle.dz\/index.php\/2022\/06\/19\/sahara-occidental-le-conseil-de-securite-exhorte-dappuyer-de-mistura\/#breadcrumb"},"inLanguage":"fr-FR","potentialAction":[{"@type":"ReadAction","target":["https:\/\/lasentinelle.dz\/index.php\/2022\/06\/19\/sahara-occidental-le-conseil-de-securite-exhorte-dappuyer-de-mistura\/"]}]},{"@type":"ImageObject","inLanguage":"fr-FR","@id":"https:\/\/lasentinelle.dz\/index.php\/2022\/06\/19\/sahara-occidental-le-conseil-de-securite-exhorte-dappuyer-de-mistura\/#primaryimage","url":"https:\/\/lasentinelle.dz\/wp-content\/uploads\/2022\/06\/de-mistura.png","contentUrl":"https:\/\/lasentinelle.dz\/wp-content\/uploads\/2022\/06\/de-mistura.png","width":1311,"height":900},{"@type":"BreadcrumbList","@id":"https:\/\/lasentinelle.dz\/index.php\/2022\/06\/19\/sahara-occidental-le-conseil-de-securite-exhorte-dappuyer-de-mistura\/#breadcrumb","itemListElement":[{"@type":"ListItem","position":1,"name":"Accueil","item":"https:\/\/lasentinelle.dz\/"},{"@type":"ListItem","position":2,"name":"Sahara occidental\u00a0: Le Conseil de s\u00e9curit\u00e9 exhort\u00e9 d\u2019appuyer De Mistura"}]},{"@type":"WebSite","@id":"https:\/\/lasentinelle.dz\/#website","url":"https:\/\/lasentinelle.dz\/","name":"La Sentinelle","description":"Quotidien national d&#039;information","publisher":{"@id":"https:\/\/lasentinelle.dz\/#organization"},"potentialAction":[{"@type":"SearchAction","target":{"@type":"EntryPoint","urlTemplate":"https:\/\/lasentinelle.dz\/?s={search_term_string}"},"query-input":{"@type":"PropertyValueSpecification","valueRequired":true,"valueName":"search_term_string"}}],"inLanguage":"fr-FR"},{"@type":"Organization","@id":"https:\/\/lasentinelle.dz\/#organization","name":"Quotidien La Sentinelle","url":"https:\/\/lasentinelle.dz\/","logo":{"@type":"ImageObject","inLanguage":"fr-FR","@id":"https:\/\/lasentinelle.dz\/#\/schema\/logo\/image\/","url":"https:\/\/lasentinelle.dz\/wp-content\/uploads\/2021\/09\/logo-sentinelleSLOGAN-1.png","contentUrl":"https:\/\/lasentinelle.dz\/wp-content\/uploads\/2021\/09\/logo-sentinelleSLOGAN-1.png","width":615,"height":142,"caption":"Quotidien La Sentinelle"},"image":{"@id":"https:\/\/lasentinelle.dz\/#\/schema\/logo\/image\/"},"sameAs":["https:\/\/www.facebook.com\/La-Sentinelle-104059864394773"]},{"@type":"Person","@id":"https:\/\/lasentinelle.dz\/#\/schema\/person\/d865044e22e70a75174ce8bcad3acfb3","name":"La Sentinelle","image":{"@type":"ImageObject","inLanguage":"fr-FR","@id":"https:\/\/secure.gravatar.com\/avatar\/57de8e5d4b15d43fb361a71fbb36338450fe67865b528a43dd10ef7c51a20392?s=96&d=mm&r=g","url":"https:\/\/secure.gravatar.com\/avatar\/57de8e5d4b15d43fb361a71fbb36338450fe67865b528a43dd10ef7c51a20392?s=96&d=mm&r=g","contentUrl":"https:\/\/secure.gravatar.com\/avatar\/57de8e5d4b15d43fb361a71fbb36338450fe67865b528a43dd10ef7c51a20392?s=96&d=mm&r=g","caption":"La Sentinelle"},"sameAs":["http:\/\/www.lasentinelle.dz"],"url":"https:\/\/lasentinelle.dz\/author\/redaction\/"}]}},"_links":{"self":[{"href":"https:\/\/lasentinelle.dz\/index.php\/wp-json\/wp\/v2\/posts\/22663","targetHints":{"allow":["GET"]}}],"collection":[{"href":"https:\/\/lasentinelle.dz\/index.php\/wp-json\/wp\/v2\/posts"}],"about":[{"href":"https:\/\/lasentinelle.dz\/index.php\/wp-json\/wp\/v2\/types\/post"}],"author":[{"embeddable":true,"href":"https:\/\/lasentinelle.dz\/index.php\/wp-json\/wp\/v2\/users\/3"}],"replies":[{"embeddable":true,"href":"https:\/\/lasentinelle.dz\/index.php\/wp-json\/wp\/v2\/comments?post=22663"}],"version-history":[{"count":1,"href":"https:\/\/lasentinelle.dz\/index.php\/wp-json\/wp\/v2\/posts\/22663\/revisions"}],"predecessor-version":[{"id":22673,"href":"https:\/\/lasentinelle.dz\/index.php\/wp-json\/wp\/v2\/posts\/22663\/revisions\/22673"}],"wp:featuredmedia":[{"embeddable":true,"href":"https:\/\/lasentinelle.dz\/index.php\/wp-json\/wp\/v2\/media\/22672"}],"wp:attachment":[{"href":"https:\/\/lasentinelle.dz\/index.php\/wp-json\/wp\/v2\/media?parent=22663"}],"wp:term":[{"taxonomy":"category","embeddable":true,"href":"https:\/\/lasentinelle.dz\/index.php\/wp-json\/wp\/v2\/categories?post=22663"},{"taxonomy":"post_tag","embeddable":true,"href":"https:\/\/lasentinelle.dz\/index.php\/wp-json\/wp\/v2\/tags?post=22663"}],"curies":[{"name":"wp","href":"https:\/\/api.w.org\/{rel}","templated":true}]}}